{"id":213932,"date":"2024-05-03T10:02:00","date_gmt":"2024-05-03T10:02:00","guid":{"rendered":"https:\/\/www.webdo.tn\/fr\/blog\/des-migrants-subsahariens-evacues-par-la-police-aux-berges-du-lac\/213932\/"},"modified":"2025-05-20T22:13:09","modified_gmt":"2025-05-20T22:13:09","slug":"des-migrants-subsahariens-evacues-par-la-police-aux-berges-du-lac","status":"publish","type":"post","link":"https:\/\/www.webdo.tn\/fr\/actualite\/national\/des-migrants-subsahariens-evacues-par-la-police-aux-berges-du-lac\/213932\/","title":{"rendered":"Des migrants subsahariens \u00e9vacu\u00e9s par la police aux Berges du Lac"},"content":{"rendered":"<p>Les forces de s\u00e9curit\u00e9 ont \u00e9vacu\u00e9, ce vendredi 3 mai 2024, un sit-in d&rsquo;un certain nombre de migrants subsahariens, qui campaient devant le si\u00e8ge du Haut-Commissariat des Nations Unies pour les r\u00e9fugi\u00e9s.<\/p>\n<p>\t\t\t\t\t\t\t\t\tCes migrants originaires d&rsquo;Afrique subsaharienne avaient install\u00e9 des tentes devant le si\u00e8ge du HCR aux Berges du lac de Tunis et campaient depuis des mois pour demander leur r\u00e9installation dans un autre pays tiers autre que la Tunisie.<\/p>\n<p>Ils ont \u00e9t\u00e9 \u00e9vacu\u00e9s, aujourd\u2019hui suite \u00e0 plusieurs plaintes de r\u00e9sidents du fait de la multiplication des troubles \u00e0 l&rsquo;ordre public dans ce quartier. Leurs tentes ont \u00e9t\u00e9 \u00e9galement d\u00e9mont\u00e9es et ces migrants devraient \u00eatre expuls\u00e9s vers leur pays d\u2019origine.<\/p>\n","protected":false},"excerpt":{"rendered":"<p>Ces migrants originaires d&rsquo;Afrique subsaharienne avaient install\u00e9 des tentes devant le si\u00e8ge du HCR aux Berges du lac de Tunis et campaient depuis des mois pour&#8230;<\/p>\n","protected":false},"author":3162,"featured_media":290554,"comment_status":"open","ping_status":"closed","sticky":false,"template":"","format":"standard","meta":{"footnotes":""},"categories":[44],"tags":[6585,4635,3219,5201,2894,2640,2608],"class_list":["post-213932","post","type-post","status-publish","format-standard","has-post-thumbnail","hentry","category-national","tag-berges-du-lac","tag-evacuation","tag-expulsion","tag-hcr","tag-migrants","tag-tunis","tag-tunisie"],"yoast_head":"<!-- This site is optimized with the Yoast SEO Premium plugin v27.4 (Yoast SEO v27.5) - https:\/\/yoast.com\/product\/yoast-seo-premium-wordpress\/ -->\n<title>Des migrants subsahariens \u00e9vacu\u00e9s par la police aux Berges du Lac<\/title>\n<meta name=\"description\" content=\"Ces migrants originaires d&#039;Afrique subsaharienne avaient install\u00e9 des tentes devant le si\u00e8ge du HCR aux Berges du lac de Tunis et campaient depuis des mois pour...\" \/>\n<link rel=\"canonical\" href=\"https:\/\/www.webdo.tn\/fr\/actualite\/national\/des-migrants-subsahariens-evacues-par-la-police-aux-berges-du-lac\/213932\/\" \/>\n<meta property=\"og:locale\" content=\"fr_FR\" \/>\n<meta property=\"og:type\" content=\"article\" \/>\n<meta property=\"og:title\" content=\"Des migrants subsahariens \u00e9vacu\u00e9s par la police aux Berges du Lac\" \/>\n<meta property=\"og:description\" content=\"Ces migrants originaires d&#039;Afrique subsaharienne avaient install\u00e9 des tentes devant le si\u00e8ge du HCR aux Berges du lac de Tunis et campaient depuis des mois pour...\" \/>\n<meta property=\"og:url\" content=\"https:\/\/www.webdo.tn\/fr\/actualite\/national\/des-migrants-subsahariens-evacues-par-la-police-aux-berges-du-lac\/213932\/\" \/>\n<meta property=\"og:site_name\" content=\"webdo\" \/>\n<meta property=\"article:publisher\" content=\"https:\/\/www.facebook.com\/webdotn\" \/>\n<meta property=\"article:published_time\" content=\"2024-05-03T10:02:00+00:00\" \/>\n<meta property=\"article:modified_time\" content=\"2025-05-20T22:13:09+00:00\" \/>\n<meta property=\"og:image\" content=\"https:\/\/www.webdo.tn\/fr\/wp-content\/uploads\/2024\/05\/cdfae0c9d3f787312b302f2646ce6bbd.webp\" \/>\n\t<meta property=\"og:image:width\" content=\"750\" \/>\n\t<meta property=\"og:image:height\" content=\"400\" \/>\n\t<meta property=\"og:image:type\" content=\"image\/webp\" \/>\n<meta name=\"author\" content=\"MC\" \/>\n<meta name=\"twitter:card\" content=\"summary_large_image\" \/>\n<meta name=\"twitter:creator\" content=\"@webdo_tn\" \/>\n<meta name=\"twitter:site\" content=\"@webdo_tn\" \/>\n<meta name=\"twitter:label1\" content=\"\u00c9crit par\" \/>\n\t<meta name=\"twitter:data1\" content=\"MC\" \/>\n\t<meta name=\"twitter:label2\" content=\"Dur\u00e9e de lecture estim\u00e9e\" \/>\n\t<meta name=\"twitter:data2\" content=\"1 minute\" \/>\n<script type=\"application\/ld+json\" class=\"yoast-schema-graph\">{\"@context\":\"https:\\\/\\\/schema.org\",\"@graph\":[{\"@type\":\"NewsArticle\",\"@id\":\"https:\\\/\\\/www.webdo.tn\\\/fr\\\/actualite\\\/national\\\/des-migrants-subsahariens-evacues-par-la-police-aux-berges-du-lac\\\/213932\\\/#article\",\"isPartOf\":{\"@id\":\"https:\\\/\\\/www.webdo.tn\\\/fr\\\/actualite\\\/national\\\/des-migrants-subsahariens-evacues-par-la-police-aux-berges-du-lac\\\/213932\\\/\"},\"author\":{\"name\":\"MC\",\"@id\":\"https:\\\/\\\/www.webdo.tn\\\/fr\\\/#\\\/schema\\\/person\\\/2c4929cbf5a809e3bd38617c6ce150f6\"},\"headline\":\"Des migrants subsahariens \u00e9vacu\u00e9s par la police aux Berges du Lac\",\"datePublished\":\"2024-05-03T10:02:00+00:00\",\"dateModified\":\"2025-05-20T22:13:09+00:00\",\"mainEntityOfPage\":{\"@id\":\"https:\\\/\\\/www.webdo.tn\\\/fr\\\/actualite\\\/national\\\/des-migrants-subsahariens-evacues-par-la-police-aux-berges-du-lac\\\/213932\\\/\"},\"wordCount\":134,\"commentCount\":0,\"publisher\":{\"@id\":\"https:\\\/\\\/www.webdo.tn\\\/fr\\\/#organization\"},\"image\":{\"@id\":\"https:\\\/\\\/www.webdo.tn\\\/fr\\\/actualite\\\/national\\\/des-migrants-subsahariens-evacues-par-la-police-aux-berges-du-lac\\\/213932\\\/#primaryimage\"},\"thumbnailUrl\":\"https:\\\/\\\/www.webdo.tn\\\/fr\\\/wp-content\\\/uploads\\\/2024\\\/05\\\/cdfae0c9d3f787312b302f2646ce6bbd.webp\",\"keywords\":[\"berges du lac\",\"\u00e9vacuation\",\"expulsion\",\"hcr\",\"migrants\",\"Tunis\",\"Tunisie\"],\"articleSection\":[\"National\"],\"inLanguage\":\"fr-FR\"},{\"@type\":\"WebPage\",\"@id\":\"https:\\\/\\\/www.webdo.tn\\\/fr\\\/actualite\\\/national\\\/des-migrants-subsahariens-evacues-par-la-police-aux-berges-du-lac\\\/213932\\\/\",\"url\":\"https:\\\/\\\/www.webdo.tn\\\/fr\\\/actualite\\\/national\\\/des-migrants-subsahariens-evacues-par-la-police-aux-berges-du-lac\\\/213932\\\/\",\"name\":\"Des migrants subsahariens \u00e9vacu\u00e9s par la police aux Berges du Lac\",\"isPartOf\":{\"@id\":\"https:\\\/\\\/www.webdo.tn\\\/fr\\\/#website\"},\"primaryImageOfPage\":{\"@id\":\"https:\\\/\\\/www.webdo.tn\\\/fr\\\/actualite\\\/national\\\/des-migrants-subsahariens-evacues-par-la-police-aux-berges-du-lac\\\/213932\\\/#primaryimage\"},\"image\":{\"@id\":\"https:\\\/\\\/www.webdo.tn\\\/fr\\\/actualite\\\/national\\\/des-migrants-subsahariens-evacues-par-la-police-aux-berges-du-lac\\\/213932\\\/#primaryimage\"},\"thumbnailUrl\":\"https:\\\/\\\/www.webdo.tn\\\/fr\\\/wp-content\\\/uploads\\\/2024\\\/05\\\/cdfae0c9d3f787312b302f2646ce6bbd.webp\",\"datePublished\":\"2024-05-03T10:02:00+00:00\",\"dateModified\":\"2025-05-20T22:13:09+00:00\",\"description\":\"Ces migrants originaires d'Afrique subsaharienne avaient install\u00e9 des tentes devant le si\u00e8ge du HCR aux Berges du lac de Tunis et campaient depuis des mois pour...\",\"breadcrumb\":{\"@id\":\"https:\\\/\\\/www.webdo.tn\\\/fr\\\/actualite\\\/national\\\/des-migrants-subsahariens-evacues-par-la-police-aux-berges-du-lac\\\/213932\\\/#breadcrumb\"},\"inLanguage\":\"fr-FR\",\"potentialAction\":[{\"@type\":\"ReadAction\",\"target\":[\"https:\\\/\\\/www.webdo.tn\\\/fr\\\/actualite\\\/national\\\/des-migrants-subsahariens-evacues-par-la-police-aux-berges-du-lac\\\/213932\\\/\"]}]},{\"@type\":\"ImageObject\",\"inLanguage\":\"fr-FR\",\"@id\":\"https:\\\/\\\/www.webdo.tn\\\/fr\\\/actualite\\\/national\\\/des-migrants-subsahariens-evacues-par-la-police-aux-berges-du-lac\\\/213932\\\/#primaryimage\",\"url\":\"https:\\\/\\\/www.webdo.tn\\\/fr\\\/wp-content\\\/uploads\\\/2024\\\/05\\\/cdfae0c9d3f787312b302f2646ce6bbd.webp\",\"contentUrl\":\"https:\\\/\\\/www.webdo.tn\\\/fr\\\/wp-content\\\/uploads\\\/2024\\\/05\\\/cdfae0c9d3f787312b302f2646ce6bbd.webp\",\"width\":750,\"height\":400,\"caption\":\"Des migrants subsahariens \u00e9vacu\u00e9s par la police aux Berges du Lac\"},{\"@type\":\"BreadcrumbList\",\"@id\":\"https:\\\/\\\/www.webdo.tn\\\/fr\\\/actualite\\\/national\\\/des-migrants-subsahariens-evacues-par-la-police-aux-berges-du-lac\\\/213932\\\/#breadcrumb\",\"itemListElement\":[{\"@type\":\"ListItem\",\"position\":1,\"name\":\"Accueil\",\"item\":\"https:\\\/\\\/www.webdo.tn\\\/fr\\\/\"},{\"@type\":\"ListItem\",\"position\":2,\"name\":\"Des migrants subsahariens \u00e9vacu\u00e9s par la police aux Berges du Lac\"}]},{\"@type\":\"WebSite\",\"@id\":\"https:\\\/\\\/www.webdo.tn\\\/fr\\\/#website\",\"url\":\"https:\\\/\\\/www.webdo.tn\\\/fr\\\/\",\"name\":\"webdo\",\"description\":\"Tunisie - News en Tunisie et \u00e0 l&#039;international sur Webdo.tn\",\"publisher\":{\"@id\":\"https:\\\/\\\/www.webdo.tn\\\/fr\\\/#organization\"},\"potentialAction\":[{\"@type\":\"SearchAction\",\"target\":{\"@type\":\"EntryPoint\",\"urlTemplate\":\"https:\\\/\\\/www.webdo.tn\\\/fr\\\/?s={search_term_string}\"},\"query-input\":{\"@type\":\"PropertyValueSpecification\",\"valueRequired\":true,\"valueName\":\"search_term_string\"}}],\"inLanguage\":\"fr-FR\"},{\"@type\":\"Organization\",\"@id\":\"https:\\\/\\\/www.webdo.tn\\\/fr\\\/#organization\",\"name\":\"Webdo\",\"alternateName\":\"Webdo.tn\",\"url\":\"https:\\\/\\\/www.webdo.tn\\\/fr\\\/\",\"logo\":{\"@type\":\"ImageObject\",\"inLanguage\":\"fr-FR\",\"@id\":\"https:\\\/\\\/www.webdo.tn\\\/fr\\\/#\\\/schema\\\/logo\\\/image\\\/\",\"url\":\"https:\\\/\\\/www.webdo.tn\\\/fr\\\/wp-content\\\/uploads\\\/2025\\\/06\\\/Webdo-Tunisie_168377.jpg\",\"contentUrl\":\"https:\\\/\\\/www.webdo.tn\\\/fr\\\/wp-content\\\/uploads\\\/2025\\\/06\\\/Webdo-Tunisie_168377.jpg\",\"width\":301,\"height\":301,\"caption\":\"Webdo\"},\"image\":{\"@id\":\"https:\\\/\\\/www.webdo.tn\\\/fr\\\/#\\\/schema\\\/logo\\\/image\\\/\"},\"sameAs\":[\"https:\\\/\\\/www.facebook.com\\\/webdotn\",\"https:\\\/\\\/x.com\\\/webdo_tn\"],\"description\":\"Webdo est un m\u00e9dia num\u00e9rique tunisien fond\u00e9 en 2010, sp\u00e9cialis\u00e9 dans l\u2019actualit\u00e9 nationale et internationale, l\u2019\u00e9conomie, la soci\u00e9t\u00e9 et les analyses politiques. Le site s\u2019adresse \u00e0 un large public francophone et couvre l\u2019information tunisienne en temps r\u00e9el.\",\"email\":\"redac@webdo.tn\",\"legalName\":\"YNJ SARL\",\"foundingDate\":\"2010-09-06\",\"numberOfEmployees\":{\"@type\":\"QuantitativeValue\",\"minValue\":\"11\",\"maxValue\":\"50\"}},{\"@type\":\"Person\",\"@id\":\"https:\\\/\\\/www.webdo.tn\\\/fr\\\/#\\\/schema\\\/person\\\/2c4929cbf5a809e3bd38617c6ce150f6\",\"name\":\"MC\",\"image\":{\"@type\":\"ImageObject\",\"inLanguage\":\"fr-FR\",\"@id\":\"https:\\\/\\\/secure.gravatar.com\\\/avatar\\\/a545bbb6f84efdd5553dbbc2895e3ca8f1d12c5215e00a041c9670b54aa9b18a?s=96&d=mm&r=g\",\"url\":\"https:\\\/\\\/secure.gravatar.com\\\/avatar\\\/a545bbb6f84efdd5553dbbc2895e3ca8f1d12c5215e00a041c9670b54aa9b18a?s=96&d=mm&r=g\",\"contentUrl\":\"https:\\\/\\\/secure.gravatar.com\\\/avatar\\\/a545bbb6f84efdd5553dbbc2895e3ca8f1d12c5215e00a041c9670b54aa9b18a?s=96&d=mm&r=g\",\"caption\":\"MC\"},\"url\":\"https:\\\/\\\/www.webdo.tn\\\/fr\\\/actualite\\\/author\\\/mc\\\/\"}]}<\/script>\n<!-- \/ Yoast SEO Premium plugin. -->","yoast_head_json":{"title":"Des migrants subsahariens \u00e9vacu\u00e9s par la police aux Berges du Lac","description":"Ces migrants originaires d'Afrique subsaharienne avaient install\u00e9 des tentes devant le si\u00e8ge du HCR aux Berges du lac de Tunis et campaient depuis des mois pour...","canonical":"https:\/\/www.webdo.tn\/fr\/actualite\/national\/des-migrants-subsahariens-evacues-par-la-police-aux-berges-du-lac\/213932\/","og_locale":"fr_FR","og_type":"article","og_title":"Des migrants subsahariens \u00e9vacu\u00e9s par la police aux Berges du Lac","og_description":"Ces migrants originaires d'Afrique subsaharienne avaient install\u00e9 des tentes devant le si\u00e8ge du HCR aux Berges du lac de Tunis et campaient depuis des mois pour...","og_url":"https:\/\/www.webdo.tn\/fr\/actualite\/national\/des-migrants-subsahariens-evacues-par-la-police-aux-berges-du-lac\/213932\/","og_site_name":"webdo","article_publisher":"https:\/\/www.facebook.com\/webdotn","article_published_time":"2024-05-03T10:02:00+00:00","article_modified_time":"2025-05-20T22:13:09+00:00","og_image":[{"width":750,"height":400,"url":"https:\/\/www.webdo.tn\/fr\/wp-content\/uploads\/2024\/05\/cdfae0c9d3f787312b302f2646ce6bbd.webp","type":"image\/webp"}],"author":"MC","twitter_card":"summary_large_image","twitter_creator":"@webdo_tn","twitter_site":"@webdo_tn","twitter_misc":{"\u00c9crit par":"MC","Dur\u00e9e de lecture estim\u00e9e":"1 minute"},"schema":{"@context":"https:\/\/schema.org","@graph":[{"@type":"NewsArticle","@id":"https:\/\/www.webdo.tn\/fr\/actualite\/national\/des-migrants-subsahariens-evacues-par-la-police-aux-berges-du-lac\/213932\/#article","isPartOf":{"@id":"https:\/\/www.webdo.tn\/fr\/actualite\/national\/des-migrants-subsahariens-evacues-par-la-police-aux-berges-du-lac\/213932\/"},"author":{"name":"MC","@id":"https:\/\/www.webdo.tn\/fr\/#\/schema\/person\/2c4929cbf5a809e3bd38617c6ce150f6"},"headline":"Des migrants subsahariens \u00e9vacu\u00e9s par la police aux Berges du Lac","datePublished":"2024-05-03T10:02:00+00:00","dateModified":"2025-05-20T22:13:09+00:00","mainEntityOfPage":{"@id":"https:\/\/www.webdo.tn\/fr\/actualite\/national\/des-migrants-subsahariens-evacues-par-la-police-aux-berges-du-lac\/213932\/"},"wordCount":134,"commentCount":0,"publisher":{"@id":"https:\/\/www.webdo.tn\/fr\/#organization"},"image":{"@id":"https:\/\/www.webdo.tn\/fr\/actualite\/national\/des-migrants-subsahariens-evacues-par-la-police-aux-berges-du-lac\/213932\/#primaryimage"},"thumbnailUrl":"https:\/\/www.webdo.tn\/fr\/wp-content\/uploads\/2024\/05\/cdfae0c9d3f787312b302f2646ce6bbd.webp","keywords":["berges du lac","\u00e9vacuation","expulsion","hcr","migrants","Tunis","Tunisie"],"articleSection":["National"],"inLanguage":"fr-FR"},{"@type":"WebPage","@id":"https:\/\/www.webdo.tn\/fr\/actualite\/national\/des-migrants-subsahariens-evacues-par-la-police-aux-berges-du-lac\/213932\/","url":"https:\/\/www.webdo.tn\/fr\/actualite\/national\/des-migrants-subsahariens-evacues-par-la-police-aux-berges-du-lac\/213932\/","name":"Des migrants subsahariens \u00e9vacu\u00e9s par la police aux Berges du Lac","isPartOf":{"@id":"https:\/\/www.webdo.tn\/fr\/#website"},"primaryImageOfPage":{"@id":"https:\/\/www.webdo.tn\/fr\/actualite\/national\/des-migrants-subsahariens-evacues-par-la-police-aux-berges-du-lac\/213932\/#primaryimage"},"image":{"@id":"https:\/\/www.webdo.tn\/fr\/actualite\/national\/des-migrants-subsahariens-evacues-par-la-police-aux-berges-du-lac\/213932\/#primaryimage"},"thumbnailUrl":"https:\/\/www.webdo.tn\/fr\/wp-content\/uploads\/2024\/05\/cdfae0c9d3f787312b302f2646ce6bbd.webp","datePublished":"2024-05-03T10:02:00+00:00","dateModified":"2025-05-20T22:13:09+00:00","description":"Ces migrants originaires d'Afrique subsaharienne avaient install\u00e9 des tentes devant le si\u00e8ge du HCR aux Berges du lac de Tunis et campaient depuis des mois pour...","breadcrumb":{"@id":"https:\/\/www.webdo.tn\/fr\/actualite\/national\/des-migrants-subsahariens-evacues-par-la-police-aux-berges-du-lac\/213932\/#breadcrumb"},"inLanguage":"fr-FR","potentialAction":[{"@type":"ReadAction","target":["https:\/\/www.webdo.tn\/fr\/actualite\/national\/des-migrants-subsahariens-evacues-par-la-police-aux-berges-du-lac\/213932\/"]}]},{"@type":"ImageObject","inLanguage":"fr-FR","@id":"https:\/\/www.webdo.tn\/fr\/actualite\/national\/des-migrants-subsahariens-evacues-par-la-police-aux-berges-du-lac\/213932\/#primaryimage","url":"https:\/\/www.webdo.tn\/fr\/wp-content\/uploads\/2024\/05\/cdfae0c9d3f787312b302f2646ce6bbd.webp","contentUrl":"https:\/\/www.webdo.tn\/fr\/wp-content\/uploads\/2024\/05\/cdfae0c9d3f787312b302f2646ce6bbd.webp","width":750,"height":400,"caption":"Des migrants subsahariens \u00e9vacu\u00e9s par la police aux Berges du Lac"},{"@type":"BreadcrumbList","@id":"https:\/\/www.webdo.tn\/fr\/actualite\/national\/des-migrants-subsahariens-evacues-par-la-police-aux-berges-du-lac\/213932\/#breadcrumb","itemListElement":[{"@type":"ListItem","position":1,"name":"Accueil","item":"https:\/\/www.webdo.tn\/fr\/"},{"@type":"ListItem","position":2,"name":"Des migrants subsahariens \u00e9vacu\u00e9s par la police aux Berges du Lac"}]},{"@type":"WebSite","@id":"https:\/\/www.webdo.tn\/fr\/#website","url":"https:\/\/www.webdo.tn\/fr\/","name":"webdo","description":"Tunisie - News en Tunisie et \u00e0 l&#039;international sur Webdo.tn","publisher":{"@id":"https:\/\/www.webdo.tn\/fr\/#organization"},"potentialAction":[{"@type":"SearchAction","target":{"@type":"EntryPoint","urlTemplate":"https:\/\/www.webdo.tn\/fr\/?s={search_term_string}"},"query-input":{"@type":"PropertyValueSpecification","valueRequired":true,"valueName":"search_term_string"}}],"inLanguage":"fr-FR"},{"@type":"Organization","@id":"https:\/\/www.webdo.tn\/fr\/#organization","name":"Webdo","alternateName":"Webdo.tn","url":"https:\/\/www.webdo.tn\/fr\/","logo":{"@type":"ImageObject","inLanguage":"fr-FR","@id":"https:\/\/www.webdo.tn\/fr\/#\/schema\/logo\/image\/","url":"https:\/\/www.webdo.tn\/fr\/wp-content\/uploads\/2025\/06\/Webdo-Tunisie_168377.jpg","contentUrl":"https:\/\/www.webdo.tn\/fr\/wp-content\/uploads\/2025\/06\/Webdo-Tunisie_168377.jpg","width":301,"height":301,"caption":"Webdo"},"image":{"@id":"https:\/\/www.webdo.tn\/fr\/#\/schema\/logo\/image\/"},"sameAs":["https:\/\/www.facebook.com\/webdotn","https:\/\/x.com\/webdo_tn"],"description":"Webdo est un m\u00e9dia num\u00e9rique tunisien fond\u00e9 en 2010, sp\u00e9cialis\u00e9 dans l\u2019actualit\u00e9 nationale et internationale, l\u2019\u00e9conomie, la soci\u00e9t\u00e9 et les analyses politiques. Le site s\u2019adresse \u00e0 un large public francophone et couvre l\u2019information tunisienne en temps r\u00e9el.","email":"redac@webdo.tn","legalName":"YNJ SARL","foundingDate":"2010-09-06","numberOfEmployees":{"@type":"QuantitativeValue","minValue":"11","maxValue":"50"}},{"@type":"Person","@id":"https:\/\/www.webdo.tn\/fr\/#\/schema\/person\/2c4929cbf5a809e3bd38617c6ce150f6","name":"MC","image":{"@type":"ImageObject","inLanguage":"fr-FR","@id":"https:\/\/secure.gravatar.com\/avatar\/a545bbb6f84efdd5553dbbc2895e3ca8f1d12c5215e00a041c9670b54aa9b18a?s=96&d=mm&r=g","url":"https:\/\/secure.gravatar.com\/avatar\/a545bbb6f84efdd5553dbbc2895e3ca8f1d12c5215e00a041c9670b54aa9b18a?s=96&d=mm&r=g","contentUrl":"https:\/\/secure.gravatar.com\/avatar\/a545bbb6f84efdd5553dbbc2895e3ca8f1d12c5215e00a041c9670b54aa9b18a?s=96&d=mm&r=g","caption":"MC"},"url":"https:\/\/www.webdo.tn\/fr\/actualite\/author\/mc\/"}]}},"_links":{"self":[{"href":"https:\/\/www.webdo.tn\/fr\/wp-json\/wp\/v2\/posts\/213932","targetHints":{"allow":["GET"]}}],"collection":[{"href":"https:\/\/www.webdo.tn\/fr\/wp-json\/wp\/v2\/posts"}],"about":[{"href":"https:\/\/www.webdo.tn\/fr\/wp-json\/wp\/v2\/types\/post"}],"author":[{"embeddable":true,"href":"https:\/\/www.webdo.tn\/fr\/wp-json\/wp\/v2\/users\/3162"}],"replies":[{"embeddable":true,"href":"https:\/\/www.webdo.tn\/fr\/wp-json\/wp\/v2\/comments?post=213932"}],"version-history":[{"count":0,"href":"https:\/\/www.webdo.tn\/fr\/wp-json\/wp\/v2\/posts\/213932\/revisions"}],"wp:featuredmedia":[{"embeddable":true,"href":"https:\/\/www.webdo.tn\/fr\/wp-json\/wp\/v2\/media\/290554"}],"wp:attachment":[{"href":"https:\/\/www.webdo.tn\/fr\/wp-json\/wp\/v2\/media?parent=213932"}],"wp:term":[{"taxonomy":"category","embeddable":true,"href":"https:\/\/www.webdo.tn\/fr\/wp-json\/wp\/v2\/categories?post=213932"},{"taxonomy":"post_tag","embeddable":true,"href":"https:\/\/www.webdo.tn\/fr\/wp-json\/wp\/v2\/tags?post=213932"}],"curies":[{"name":"wp","href":"https:\/\/api.w.org\/{rel}","templated":true}]}}