{"id":213931,"date":"2024-05-03T09:38:00","date_gmt":"2024-05-03T09:38:00","guid":{"rendered":"https:\/\/www.webdo.tn\/fr\/blog\/liberte-de-la-presse-2024-la-tunisie-au-118eme-rang-mondial\/213931\/"},"modified":"2025-05-20T22:13:08","modified_gmt":"2025-05-20T22:13:08","slug":"liberte-de-la-presse-2024-la-tunisie-au-118eme-rang-mondial","status":"publish","type":"post","link":"https:\/\/www.webdo.tn\/fr\/actualite\/national\/liberte-de-la-presse-2024-la-tunisie-au-118eme-rang-mondial\/213931\/","title":{"rendered":"Libert\u00e9 de la presse 2024 : La Tunisie au 118\u00e8me rang mondial"},"content":{"rendered":"<p>A l\u2019occasion de la c\u00e9l\u00e9bration, ce mercredi 3 mai 2024, de la Journ\u00e9e mondiale de la libert\u00e9 de la presse, l\u2019organisation Reporters sans fronti\u00e8res (RSF) a publi\u00e9 son classement mondial de la libert\u00e9 de la presse.<\/p>\n<p>\t\t\t\t\t\t\t\t\tL\u2019organisation RSF vient de publier son rapport de 2024 dans lequel la Tunisie se classe 118e sur les 180 pays \u00e9tudi\u00e9s. Elle gagne trois places depuis le classement de 2023 o\u00f9 elle occupait le 121\u00e8me rang.<\/p>\n<p>Dans son analyse, RSF \u00e9pingle la r\u00e9gion Maghreb &#8211; Moyen-Orient, consid\u00e9rant que celle-ci est celle o\u00f9 la situation est la plus grave dans le Classement de la libert\u00e9 de la presse 2024.<\/p>\n<p>Concernant la Tunisie, RSF souligne que \u00ab\u00a0depuis la r\u00e9volution de 2011, le paysage m\u00e9diatique s&rsquo;est consid\u00e9rablement diversifi\u00e9, mais la crise \u00e9conomique a fragilis\u00e9 l\u2019ind\u00e9pendance de nombreuses r\u00e9dactions, domin\u00e9es par des int\u00e9r\u00eats politiques ou \u00e9conomiques, et a mis \u00e0 mal ce pluralisme naissant\u00a0\u00bb.<\/p>\n<p>\u00ab\u00a0Dans ce contexte de d\u00e9t\u00e9rioration de l\u2019environnement politique, le d\u00e9cret-loi 54 de septembre 2022, cens\u00e9 lutter contre les \u201cfausses informations\u201d, repr\u00e9sente \u00e9galement une nouvelle menace pour la libert\u00e9 de la presse dans le pays\u00a0\u00bb, souligne, par ailleurs l\u2019ONG.<\/p>\n<p>La crise \u00e9conomique est \u00e9galement en cause dans la mesure o\u00f9 \u00ab\u00a0les m\u00e9dias sont tributaires des annonceurs priv\u00e9s, qui d\u00e9tiennent parfois des parts dans leur capital et peuvent \u00eatre proches du milieu politique\u00a0\u00bb.<\/p>\n<p>RSF met \u00e9galement en lumi\u00e8re les intimidations envers les journalistes, qui selon l\u2019ONG, se banalisent, soulignant que les reporters sont \u00e9galement confront\u00e9s \u00e0 la violence des manifestants tunisiens.<\/p>\n<p>\u00ab\u00a0Les journalistes font \u00e9galement l\u2019objet de d\u00e9tention, \u00e0 l\u2019instar du directeur de la radio Mosa\u00efque FM, Noureddine Boutar, et du journaliste Khalifa Guesmi, condamn\u00e9 \u00e0 5 ans de prison ferme pour avoir refus\u00e9 de livrer \u00e0 la police ses sources concernant une op\u00e9ration antiterroriste dans la r\u00e9gion de Kairouan ainsi que l\u2019incarc\u00e9ration de Mohamed Boughalleb, condamn\u00e9 \u00e0 six mois de prison.<\/p>\n","protected":false},"excerpt":{"rendered":"<p>L\u2019organisation RSF vient de publier son rapport de 2024 dans lequel la Tunisie se classe 118e sur les 180 pays \u00e9tudi\u00e9s. Elle gagne trois places depuis le classe&#8230;<\/p>\n","protected":false},"author":3162,"featured_media":290553,"comment_status":"open","ping_status":"closed","sticky":false,"template":"","format":"standard","meta":{"footnotes":""},"categories":[44],"tags":[3922,8786,2811,8484,2608],"class_list":["post-213931","post","type-post","status-publish","format-standard","has-post-thumbnail","hentry","category-national","tag-classement","tag-liberte-de-presse","tag-reporters-sans-frontieres","tag-rsf","tag-tunisie"],"yoast_head":"<!-- This site is optimized with the Yoast SEO Premium plugin v27.5 (Yoast SEO v27.5) - https:\/\/yoast.com\/product\/yoast-seo-premium-wordpress\/ -->\n<title>Libert\u00e9 de la presse 2024 : La Tunisie au 118\u00e8me rang mondial<\/title>\n<meta name=\"description\" content=\"L\u2019organisation RSF vient de publier son rapport de 2024 dans lequel la Tunisie se classe 118e sur les 180 pays \u00e9tudi\u00e9s. Elle gagne trois places depuis le classe...\" \/>\n<link rel=\"canonical\" href=\"https:\/\/www.webdo.tn\/fr\/actualite\/national\/liberte-de-la-presse-2024-la-tunisie-au-118eme-rang-mondial\/213931\/\" \/>\n<meta property=\"og:locale\" content=\"fr_FR\" \/>\n<meta property=\"og:type\" content=\"article\" \/>\n<meta property=\"og:title\" content=\"Libert\u00e9 de la presse 2024 : La Tunisie au 118\u00e8me rang mondial\" \/>\n<meta property=\"og:description\" content=\"L\u2019organisation RSF vient de publier son rapport de 2024 dans lequel la Tunisie se classe 118e sur les 180 pays \u00e9tudi\u00e9s. Elle gagne trois places depuis le classe...\" \/>\n<meta property=\"og:url\" content=\"https:\/\/www.webdo.tn\/fr\/actualite\/national\/liberte-de-la-presse-2024-la-tunisie-au-118eme-rang-mondial\/213931\/\" \/>\n<meta property=\"og:site_name\" content=\"webdo\" \/>\n<meta property=\"article:publisher\" content=\"https:\/\/www.facebook.com\/webdotn\" \/>\n<meta property=\"article:published_time\" content=\"2024-05-03T09:38:00+00:00\" \/>\n<meta property=\"article:modified_time\" content=\"2025-05-20T22:13:08+00:00\" \/>\n<meta property=\"og:image\" content=\"https:\/\/www.webdo.tn\/fr\/wp-content\/uploads\/2024\/05\/abaf22365fb117936de5b0b5a9268591.webp\" \/>\n\t<meta property=\"og:image:width\" content=\"750\" \/>\n\t<meta property=\"og:image:height\" content=\"400\" \/>\n\t<meta property=\"og:image:type\" content=\"image\/webp\" \/>\n<meta name=\"author\" content=\"MC\" \/>\n<meta name=\"twitter:card\" content=\"summary_large_image\" \/>\n<meta name=\"twitter:creator\" content=\"@webdo_tn\" \/>\n<meta name=\"twitter:site\" content=\"@webdo_tn\" \/>\n<meta name=\"twitter:label1\" content=\"\u00c9crit par\" \/>\n\t<meta name=\"twitter:data1\" content=\"MC\" \/>\n\t<meta name=\"twitter:label2\" content=\"Dur\u00e9e de lecture estim\u00e9e\" \/>\n\t<meta name=\"twitter:data2\" content=\"2 minutes\" \/>\n<script type=\"application\/ld+json\" class=\"yoast-schema-graph\">{\"@context\":\"https:\\\/\\\/schema.org\",\"@graph\":[{\"@type\":\"NewsArticle\",\"@id\":\"https:\\\/\\\/www.webdo.tn\\\/fr\\\/actualite\\\/national\\\/liberte-de-la-presse-2024-la-tunisie-au-118eme-rang-mondial\\\/213931\\\/#article\",\"isPartOf\":{\"@id\":\"https:\\\/\\\/www.webdo.tn\\\/fr\\\/actualite\\\/national\\\/liberte-de-la-presse-2024-la-tunisie-au-118eme-rang-mondial\\\/213931\\\/\"},\"author\":{\"name\":\"MC\",\"@id\":\"https:\\\/\\\/www.webdo.tn\\\/fr\\\/#\\\/schema\\\/person\\\/2c4929cbf5a809e3bd38617c6ce150f6\"},\"headline\":\"Libert\u00e9 de la presse 2024 : La Tunisie au 118\u00e8me rang mondial\",\"datePublished\":\"2024-05-03T09:38:00+00:00\",\"dateModified\":\"2025-05-20T22:13:08+00:00\",\"mainEntityOfPage\":{\"@id\":\"https:\\\/\\\/www.webdo.tn\\\/fr\\\/actualite\\\/national\\\/liberte-de-la-presse-2024-la-tunisie-au-118eme-rang-mondial\\\/213931\\\/\"},\"wordCount\":340,\"commentCount\":0,\"publisher\":{\"@id\":\"https:\\\/\\\/www.webdo.tn\\\/fr\\\/#organization\"},\"image\":{\"@id\":\"https:\\\/\\\/www.webdo.tn\\\/fr\\\/actualite\\\/national\\\/liberte-de-la-presse-2024-la-tunisie-au-118eme-rang-mondial\\\/213931\\\/#primaryimage\"},\"thumbnailUrl\":\"https:\\\/\\\/www.webdo.tn\\\/fr\\\/wp-content\\\/uploads\\\/2024\\\/05\\\/abaf22365fb117936de5b0b5a9268591.webp\",\"keywords\":[\"classement\",\"libert\u00e9 de presse\",\"reporters sans fronti\u00e8res\",\"rsf\",\"Tunisie\"],\"articleSection\":[\"National\"],\"inLanguage\":\"fr-FR\"},{\"@type\":\"WebPage\",\"@id\":\"https:\\\/\\\/www.webdo.tn\\\/fr\\\/actualite\\\/national\\\/liberte-de-la-presse-2024-la-tunisie-au-118eme-rang-mondial\\\/213931\\\/\",\"url\":\"https:\\\/\\\/www.webdo.tn\\\/fr\\\/actualite\\\/national\\\/liberte-de-la-presse-2024-la-tunisie-au-118eme-rang-mondial\\\/213931\\\/\",\"name\":\"Libert\u00e9 de la presse 2024 : La Tunisie au 118\u00e8me rang mondial\",\"isPartOf\":{\"@id\":\"https:\\\/\\\/www.webdo.tn\\\/fr\\\/#website\"},\"primaryImageOfPage\":{\"@id\":\"https:\\\/\\\/www.webdo.tn\\\/fr\\\/actualite\\\/national\\\/liberte-de-la-presse-2024-la-tunisie-au-118eme-rang-mondial\\\/213931\\\/#primaryimage\"},\"image\":{\"@id\":\"https:\\\/\\\/www.webdo.tn\\\/fr\\\/actualite\\\/national\\\/liberte-de-la-presse-2024-la-tunisie-au-118eme-rang-mondial\\\/213931\\\/#primaryimage\"},\"thumbnailUrl\":\"https:\\\/\\\/www.webdo.tn\\\/fr\\\/wp-content\\\/uploads\\\/2024\\\/05\\\/abaf22365fb117936de5b0b5a9268591.webp\",\"datePublished\":\"2024-05-03T09:38:00+00:00\",\"dateModified\":\"2025-05-20T22:13:08+00:00\",\"description\":\"L\u2019organisation RSF vient de publier son rapport de 2024 dans lequel la Tunisie se classe 118e sur les 180 pays \u00e9tudi\u00e9s. Elle gagne trois places depuis le classe...\",\"breadcrumb\":{\"@id\":\"https:\\\/\\\/www.webdo.tn\\\/fr\\\/actualite\\\/national\\\/liberte-de-la-presse-2024-la-tunisie-au-118eme-rang-mondial\\\/213931\\\/#breadcrumb\"},\"inLanguage\":\"fr-FR\",\"potentialAction\":[{\"@type\":\"ReadAction\",\"target\":[\"https:\\\/\\\/www.webdo.tn\\\/fr\\\/actualite\\\/national\\\/liberte-de-la-presse-2024-la-tunisie-au-118eme-rang-mondial\\\/213931\\\/\"]}]},{\"@type\":\"ImageObject\",\"inLanguage\":\"fr-FR\",\"@id\":\"https:\\\/\\\/www.webdo.tn\\\/fr\\\/actualite\\\/national\\\/liberte-de-la-presse-2024-la-tunisie-au-118eme-rang-mondial\\\/213931\\\/#primaryimage\",\"url\":\"https:\\\/\\\/www.webdo.tn\\\/fr\\\/wp-content\\\/uploads\\\/2024\\\/05\\\/abaf22365fb117936de5b0b5a9268591.webp\",\"contentUrl\":\"https:\\\/\\\/www.webdo.tn\\\/fr\\\/wp-content\\\/uploads\\\/2024\\\/05\\\/abaf22365fb117936de5b0b5a9268591.webp\",\"width\":750,\"height\":400,\"caption\":\"Libert\u00e9 de la presse 2024 : La Tunisie au 118\u00e8me rang mondial\"},{\"@type\":\"BreadcrumbList\",\"@id\":\"https:\\\/\\\/www.webdo.tn\\\/fr\\\/actualite\\\/national\\\/liberte-de-la-presse-2024-la-tunisie-au-118eme-rang-mondial\\\/213931\\\/#breadcrumb\",\"itemListElement\":[{\"@type\":\"ListItem\",\"position\":1,\"name\":\"Accueil\",\"item\":\"https:\\\/\\\/www.webdo.tn\\\/fr\\\/\"},{\"@type\":\"ListItem\",\"position\":2,\"name\":\"Libert\u00e9 de la presse 2024 : La Tunisie au 118\u00e8me rang mondial\"}]},{\"@type\":\"WebSite\",\"@id\":\"https:\\\/\\\/www.webdo.tn\\\/fr\\\/#website\",\"url\":\"https:\\\/\\\/www.webdo.tn\\\/fr\\\/\",\"name\":\"webdo\",\"description\":\"Tunisie - News en Tunisie et \u00e0 l&#039;international sur Webdo.tn\",\"publisher\":{\"@id\":\"https:\\\/\\\/www.webdo.tn\\\/fr\\\/#organization\"},\"potentialAction\":[{\"@type\":\"SearchAction\",\"target\":{\"@type\":\"EntryPoint\",\"urlTemplate\":\"https:\\\/\\\/www.webdo.tn\\\/fr\\\/?s={search_term_string}\"},\"query-input\":{\"@type\":\"PropertyValueSpecification\",\"valueRequired\":true,\"valueName\":\"search_term_string\"}}],\"inLanguage\":\"fr-FR\"},{\"@type\":\"Organization\",\"@id\":\"https:\\\/\\\/www.webdo.tn\\\/fr\\\/#organization\",\"name\":\"Webdo\",\"alternateName\":\"Webdo.tn\",\"url\":\"https:\\\/\\\/www.webdo.tn\\\/fr\\\/\",\"logo\":{\"@type\":\"ImageObject\",\"inLanguage\":\"fr-FR\",\"@id\":\"https:\\\/\\\/www.webdo.tn\\\/fr\\\/#\\\/schema\\\/logo\\\/image\\\/\",\"url\":\"https:\\\/\\\/www.webdo.tn\\\/fr\\\/wp-content\\\/uploads\\\/2025\\\/06\\\/Webdo-Tunisie_168377.jpg\",\"contentUrl\":\"https:\\\/\\\/www.webdo.tn\\\/fr\\\/wp-content\\\/uploads\\\/2025\\\/06\\\/Webdo-Tunisie_168377.jpg\",\"width\":301,\"height\":301,\"caption\":\"Webdo\"},\"image\":{\"@id\":\"https:\\\/\\\/www.webdo.tn\\\/fr\\\/#\\\/schema\\\/logo\\\/image\\\/\"},\"sameAs\":[\"https:\\\/\\\/www.facebook.com\\\/webdotn\",\"https:\\\/\\\/x.com\\\/webdo_tn\"],\"description\":\"Webdo est un m\u00e9dia num\u00e9rique tunisien fond\u00e9 en 2010, sp\u00e9cialis\u00e9 dans l\u2019actualit\u00e9 nationale et internationale, l\u2019\u00e9conomie, la soci\u00e9t\u00e9 et les analyses politiques. Le site s\u2019adresse \u00e0 un large public francophone et couvre l\u2019information tunisienne en temps r\u00e9el.\",\"email\":\"redac@webdo.tn\",\"legalName\":\"YNJ SARL\",\"foundingDate\":\"2010-09-06\",\"numberOfEmployees\":{\"@type\":\"QuantitativeValue\",\"minValue\":\"11\",\"maxValue\":\"50\"}},{\"@type\":\"Person\",\"@id\":\"https:\\\/\\\/www.webdo.tn\\\/fr\\\/#\\\/schema\\\/person\\\/2c4929cbf5a809e3bd38617c6ce150f6\",\"name\":\"MC\",\"image\":{\"@type\":\"ImageObject\",\"inLanguage\":\"fr-FR\",\"@id\":\"https:\\\/\\\/secure.gravatar.com\\\/avatar\\\/a545bbb6f84efdd5553dbbc2895e3ca8f1d12c5215e00a041c9670b54aa9b18a?s=96&d=mm&r=g\",\"url\":\"https:\\\/\\\/secure.gravatar.com\\\/avatar\\\/a545bbb6f84efdd5553dbbc2895e3ca8f1d12c5215e00a041c9670b54aa9b18a?s=96&d=mm&r=g\",\"contentUrl\":\"https:\\\/\\\/secure.gravatar.com\\\/avatar\\\/a545bbb6f84efdd5553dbbc2895e3ca8f1d12c5215e00a041c9670b54aa9b18a?s=96&d=mm&r=g\",\"caption\":\"MC\"},\"url\":\"https:\\\/\\\/www.webdo.tn\\\/fr\\\/actualite\\\/author\\\/mc\\\/\"}]}<\/script>\n<!-- \/ Yoast SEO Premium plugin. -->","yoast_head_json":{"title":"Libert\u00e9 de la presse 2024 : La Tunisie au 118\u00e8me rang mondial","description":"L\u2019organisation RSF vient de publier son rapport de 2024 dans lequel la Tunisie se classe 118e sur les 180 pays \u00e9tudi\u00e9s. Elle gagne trois places depuis le classe...","canonical":"https:\/\/www.webdo.tn\/fr\/actualite\/national\/liberte-de-la-presse-2024-la-tunisie-au-118eme-rang-mondial\/213931\/","og_locale":"fr_FR","og_type":"article","og_title":"Libert\u00e9 de la presse 2024 : La Tunisie au 118\u00e8me rang mondial","og_description":"L\u2019organisation RSF vient de publier son rapport de 2024 dans lequel la Tunisie se classe 118e sur les 180 pays \u00e9tudi\u00e9s. Elle gagne trois places depuis le classe...","og_url":"https:\/\/www.webdo.tn\/fr\/actualite\/national\/liberte-de-la-presse-2024-la-tunisie-au-118eme-rang-mondial\/213931\/","og_site_name":"webdo","article_publisher":"https:\/\/www.facebook.com\/webdotn","article_published_time":"2024-05-03T09:38:00+00:00","article_modified_time":"2025-05-20T22:13:08+00:00","og_image":[{"width":750,"height":400,"url":"https:\/\/www.webdo.tn\/fr\/wp-content\/uploads\/2024\/05\/abaf22365fb117936de5b0b5a9268591.webp","type":"image\/webp"}],"author":"MC","twitter_card":"summary_large_image","twitter_creator":"@webdo_tn","twitter_site":"@webdo_tn","twitter_misc":{"\u00c9crit par":"MC","Dur\u00e9e de lecture estim\u00e9e":"2 minutes"},"schema":{"@context":"https:\/\/schema.org","@graph":[{"@type":"NewsArticle","@id":"https:\/\/www.webdo.tn\/fr\/actualite\/national\/liberte-de-la-presse-2024-la-tunisie-au-118eme-rang-mondial\/213931\/#article","isPartOf":{"@id":"https:\/\/www.webdo.tn\/fr\/actualite\/national\/liberte-de-la-presse-2024-la-tunisie-au-118eme-rang-mondial\/213931\/"},"author":{"name":"MC","@id":"https:\/\/www.webdo.tn\/fr\/#\/schema\/person\/2c4929cbf5a809e3bd38617c6ce150f6"},"headline":"Libert\u00e9 de la presse 2024 : La Tunisie au 118\u00e8me rang mondial","datePublished":"2024-05-03T09:38:00+00:00","dateModified":"2025-05-20T22:13:08+00:00","mainEntityOfPage":{"@id":"https:\/\/www.webdo.tn\/fr\/actualite\/national\/liberte-de-la-presse-2024-la-tunisie-au-118eme-rang-mondial\/213931\/"},"wordCount":340,"commentCount":0,"publisher":{"@id":"https:\/\/www.webdo.tn\/fr\/#organization"},"image":{"@id":"https:\/\/www.webdo.tn\/fr\/actualite\/national\/liberte-de-la-presse-2024-la-tunisie-au-118eme-rang-mondial\/213931\/#primaryimage"},"thumbnailUrl":"https:\/\/www.webdo.tn\/fr\/wp-content\/uploads\/2024\/05\/abaf22365fb117936de5b0b5a9268591.webp","keywords":["classement","libert\u00e9 de presse","reporters sans fronti\u00e8res","rsf","Tunisie"],"articleSection":["National"],"inLanguage":"fr-FR"},{"@type":"WebPage","@id":"https:\/\/www.webdo.tn\/fr\/actualite\/national\/liberte-de-la-presse-2024-la-tunisie-au-118eme-rang-mondial\/213931\/","url":"https:\/\/www.webdo.tn\/fr\/actualite\/national\/liberte-de-la-presse-2024-la-tunisie-au-118eme-rang-mondial\/213931\/","name":"Libert\u00e9 de la presse 2024 : La Tunisie au 118\u00e8me rang mondial","isPartOf":{"@id":"https:\/\/www.webdo.tn\/fr\/#website"},"primaryImageOfPage":{"@id":"https:\/\/www.webdo.tn\/fr\/actualite\/national\/liberte-de-la-presse-2024-la-tunisie-au-118eme-rang-mondial\/213931\/#primaryimage"},"image":{"@id":"https:\/\/www.webdo.tn\/fr\/actualite\/national\/liberte-de-la-presse-2024-la-tunisie-au-118eme-rang-mondial\/213931\/#primaryimage"},"thumbnailUrl":"https:\/\/www.webdo.tn\/fr\/wp-content\/uploads\/2024\/05\/abaf22365fb117936de5b0b5a9268591.webp","datePublished":"2024-05-03T09:38:00+00:00","dateModified":"2025-05-20T22:13:08+00:00","description":"L\u2019organisation RSF vient de publier son rapport de 2024 dans lequel la Tunisie se classe 118e sur les 180 pays \u00e9tudi\u00e9s. Elle gagne trois places depuis le classe...","breadcrumb":{"@id":"https:\/\/www.webdo.tn\/fr\/actualite\/national\/liberte-de-la-presse-2024-la-tunisie-au-118eme-rang-mondial\/213931\/#breadcrumb"},"inLanguage":"fr-FR","potentialAction":[{"@type":"ReadAction","target":["https:\/\/www.webdo.tn\/fr\/actualite\/national\/liberte-de-la-presse-2024-la-tunisie-au-118eme-rang-mondial\/213931\/"]}]},{"@type":"ImageObject","inLanguage":"fr-FR","@id":"https:\/\/www.webdo.tn\/fr\/actualite\/national\/liberte-de-la-presse-2024-la-tunisie-au-118eme-rang-mondial\/213931\/#primaryimage","url":"https:\/\/www.webdo.tn\/fr\/wp-content\/uploads\/2024\/05\/abaf22365fb117936de5b0b5a9268591.webp","contentUrl":"https:\/\/www.webdo.tn\/fr\/wp-content\/uploads\/2024\/05\/abaf22365fb117936de5b0b5a9268591.webp","width":750,"height":400,"caption":"Libert\u00e9 de la presse 2024 : La Tunisie au 118\u00e8me rang mondial"},{"@type":"BreadcrumbList","@id":"https:\/\/www.webdo.tn\/fr\/actualite\/national\/liberte-de-la-presse-2024-la-tunisie-au-118eme-rang-mondial\/213931\/#breadcrumb","itemListElement":[{"@type":"ListItem","position":1,"name":"Accueil","item":"https:\/\/www.webdo.tn\/fr\/"},{"@type":"ListItem","position":2,"name":"Libert\u00e9 de la presse 2024 : La Tunisie au 118\u00e8me rang mondial"}]},{"@type":"WebSite","@id":"https:\/\/www.webdo.tn\/fr\/#website","url":"https:\/\/www.webdo.tn\/fr\/","name":"webdo","description":"Tunisie - News en Tunisie et \u00e0 l&#039;international sur Webdo.tn","publisher":{"@id":"https:\/\/www.webdo.tn\/fr\/#organization"},"potentialAction":[{"@type":"SearchAction","target":{"@type":"EntryPoint","urlTemplate":"https:\/\/www.webdo.tn\/fr\/?s={search_term_string}"},"query-input":{"@type":"PropertyValueSpecification","valueRequired":true,"valueName":"search_term_string"}}],"inLanguage":"fr-FR"},{"@type":"Organization","@id":"https:\/\/www.webdo.tn\/fr\/#organization","name":"Webdo","alternateName":"Webdo.tn","url":"https:\/\/www.webdo.tn\/fr\/","logo":{"@type":"ImageObject","inLanguage":"fr-FR","@id":"https:\/\/www.webdo.tn\/fr\/#\/schema\/logo\/image\/","url":"https:\/\/www.webdo.tn\/fr\/wp-content\/uploads\/2025\/06\/Webdo-Tunisie_168377.jpg","contentUrl":"https:\/\/www.webdo.tn\/fr\/wp-content\/uploads\/2025\/06\/Webdo-Tunisie_168377.jpg","width":301,"height":301,"caption":"Webdo"},"image":{"@id":"https:\/\/www.webdo.tn\/fr\/#\/schema\/logo\/image\/"},"sameAs":["https:\/\/www.facebook.com\/webdotn","https:\/\/x.com\/webdo_tn"],"description":"Webdo est un m\u00e9dia num\u00e9rique tunisien fond\u00e9 en 2010, sp\u00e9cialis\u00e9 dans l\u2019actualit\u00e9 nationale et internationale, l\u2019\u00e9conomie, la soci\u00e9t\u00e9 et les analyses politiques. Le site s\u2019adresse \u00e0 un large public francophone et couvre l\u2019information tunisienne en temps r\u00e9el.","email":"redac@webdo.tn","legalName":"YNJ SARL","foundingDate":"2010-09-06","numberOfEmployees":{"@type":"QuantitativeValue","minValue":"11","maxValue":"50"}},{"@type":"Person","@id":"https:\/\/www.webdo.tn\/fr\/#\/schema\/person\/2c4929cbf5a809e3bd38617c6ce150f6","name":"MC","image":{"@type":"ImageObject","inLanguage":"fr-FR","@id":"https:\/\/secure.gravatar.com\/avatar\/a545bbb6f84efdd5553dbbc2895e3ca8f1d12c5215e00a041c9670b54aa9b18a?s=96&d=mm&r=g","url":"https:\/\/secure.gravatar.com\/avatar\/a545bbb6f84efdd5553dbbc2895e3ca8f1d12c5215e00a041c9670b54aa9b18a?s=96&d=mm&r=g","contentUrl":"https:\/\/secure.gravatar.com\/avatar\/a545bbb6f84efdd5553dbbc2895e3ca8f1d12c5215e00a041c9670b54aa9b18a?s=96&d=mm&r=g","caption":"MC"},"url":"https:\/\/www.webdo.tn\/fr\/actualite\/author\/mc\/"}]}},"_links":{"self":[{"href":"https:\/\/www.webdo.tn\/fr\/wp-json\/wp\/v2\/posts\/213931","targetHints":{"allow":["GET"]}}],"collection":[{"href":"https:\/\/www.webdo.tn\/fr\/wp-json\/wp\/v2\/posts"}],"about":[{"href":"https:\/\/www.webdo.tn\/fr\/wp-json\/wp\/v2\/types\/post"}],"author":[{"embeddable":true,"href":"https:\/\/www.webdo.tn\/fr\/wp-json\/wp\/v2\/users\/3162"}],"replies":[{"embeddable":true,"href":"https:\/\/www.webdo.tn\/fr\/wp-json\/wp\/v2\/comments?post=213931"}],"version-history":[{"count":0,"href":"https:\/\/www.webdo.tn\/fr\/wp-json\/wp\/v2\/posts\/213931\/revisions"}],"wp:featuredmedia":[{"embeddable":true,"href":"https:\/\/www.webdo.tn\/fr\/wp-json\/wp\/v2\/media\/290553"}],"wp:attachment":[{"href":"https:\/\/www.webdo.tn\/fr\/wp-json\/wp\/v2\/media?parent=213931"}],"wp:term":[{"taxonomy":"category","embeddable":true,"href":"https:\/\/www.webdo.tn\/fr\/wp-json\/wp\/v2\/categories?post=213931"},{"taxonomy":"post_tag","embeddable":true,"href":"https:\/\/www.webdo.tn\/fr\/wp-json\/wp\/v2\/tags?post=213931"}],"curies":[{"name":"wp","href":"https:\/\/api.w.org\/{rel}","templated":true}]}}