{"id":213923,"date":"2024-05-02T19:31:00","date_gmt":"2024-05-02T19:31:00","guid":{"rendered":"https:\/\/www.webdo.tn\/fr\/blog\/affaire-de-complot-contre-l-etat-40-accuses-renvoyes-devant-la-justice-anti-terroriste-a-tunis\/213923\/"},"modified":"2025-05-20T22:33:43","modified_gmt":"2025-05-20T22:33:43","slug":"affaire-de-complot-contre-l-etat-40-accuses-renvoyes-devant-la-justice-anti-terroriste-a-tunis","status":"publish","type":"post","link":"https:\/\/www.webdo.tn\/fr\/actualite\/national\/affaire-de-complot-contre-l-etat-40-accuses-renvoyes-devant-la-justice-anti-terroriste-a-tunis\/213923\/","title":{"rendered":"Affaire de complot contre l&rsquo;\u00c9tat : 40 accus\u00e9s renvoy\u00e9s devant la justice anti-terroriste \u00e0 Tunis"},"content":{"rendered":"<p>La chambre d&rsquo;accusation anti-terroriste de Tunis a annonc\u00e9, jeudi 2 mai, sa d\u00e9cision de renvoyer 40 accus\u00e9s, dont neuf en d\u00e9tention pr\u00e9ventive, devant la chambre criminelle sp\u00e9cialis\u00e9e dans les affaires terroristes du tribunal de premi\u00e8re instance de Tunis<\/p>\n<p>\t\t\t\t\t\t\t\t\tCette d\u00e9cision fait suite \u00e0 l&rsquo;affaire de \u00ab\u00a0complot contre la s\u00fbret\u00e9 de l&rsquo;\u00c9tat\u00a0\u00bb et a \u00e9t\u00e9 prise malgr\u00e9 les demandes de lib\u00e9ration, selon le porte-parole du tribunal, Habib Torkhani, rapporte la TAP.<\/p>\n<p>En outre, la chambre a prononc\u00e9 un non-lieu pour 12 autres accus\u00e9s, tout en maintenant les restrictions de d\u00e9placement et d&rsquo;apparition publique pour deux d&rsquo;entre eux, ainsi que l&rsquo;interdiction m\u00e9diatique d&rsquo;\u00e9voquer les d\u00e9tails de cette affaire jusqu&rsquo;\u00e0 ce qu&rsquo;elle soit examin\u00e9e par un tribunal sp\u00e9cialis\u00e9.<\/p>\n<p>Le juge d&rsquo;instruction du p\u00f4le judiciaire de lutte contre le terrorisme avait cl\u00f4tur\u00e9 l&rsquo;instruction de cette affaire le 12 avril et avait renvoy\u00e9 le dossier devant la chambre d&rsquo;accusation anti-terroriste de la Cour d&rsquo;appel de Tunis.<\/p>\n<p>Le 4 avril, la chambre d&rsquo;accusation de la Cour d&rsquo;appel de Tunis avait confirm\u00e9 la d\u00e9cision du premier juge d&rsquo;instruction de rejeter la lib\u00e9ration des accus\u00e9s dans l&rsquo;affaire de \u00ab\u00a0formation d&rsquo;une entente terroriste et de complot contre la s\u00fbret\u00e9 de l&rsquo;\u00c9tat\u00a0\u00bb, \u00e9galement connue sous le nom d'\u00a0\u00bbaffaire de complot contre la s\u00fbret\u00e9 de l&rsquo;\u00c9tat\u00a0\u00bb.<\/p>\n","protected":false},"excerpt":{"rendered":"<p>40 accus\u00e9s renvoy\u00e9s devant la justice anti-terroriste en Tunisie dans une affaire de complot contre la s\u00fbret\u00e9 de l&rsquo;\u00c9tat.<\/p>\n","protected":false},"author":3169,"featured_media":290550,"comment_status":"open","ping_status":"closed","sticky":false,"template":"","format":"standard","meta":{"footnotes":""},"categories":[44],"tags":[5347,3784,2608],"class_list":["post-213923","post","type-post","status-publish","format-standard","has-post-thumbnail","hentry","category-national","tag-antiterroriste","tag-complot","tag-tunisie"],"yoast_head":"<!-- This site is optimized with the Yoast SEO Premium plugin v27.4 (Yoast SEO v27.5) - https:\/\/yoast.com\/product\/yoast-seo-premium-wordpress\/ -->\n<title>Affaire de complot contre l&#039;\u00c9tat : 40 accus\u00e9s renvoy\u00e9s devant la justice anti-terroriste \u00e0 Tunis<\/title>\n<meta name=\"description\" content=\"40 accus\u00e9s renvoy\u00e9s devant la justice anti-terroriste en Tunisie dans une affaire de complot contre la s\u00fbret\u00e9 de l&#039;\u00c9tat.\" \/>\n<link rel=\"canonical\" href=\"https:\/\/www.webdo.tn\/fr\/actualite\/national\/affaire-de-complot-contre-l-etat-40-accuses-renvoyes-devant-la-justice-anti-terroriste-a-tunis\/213923\/\" \/>\n<meta property=\"og:locale\" content=\"fr_FR\" \/>\n<meta property=\"og:type\" content=\"article\" \/>\n<meta property=\"og:title\" content=\"Affaire de complot contre l&#039;\u00c9tat : 40 accus\u00e9s renvoy\u00e9s devant la justice anti-terroriste \u00e0 Tunis\" \/>\n<meta property=\"og:description\" content=\"40 accus\u00e9s renvoy\u00e9s devant la justice anti-terroriste en Tunisie dans une affaire de complot contre la s\u00fbret\u00e9 de l&#039;\u00c9tat.\" \/>\n<meta property=\"og:url\" content=\"https:\/\/www.webdo.tn\/fr\/actualite\/national\/affaire-de-complot-contre-l-etat-40-accuses-renvoyes-devant-la-justice-anti-terroriste-a-tunis\/213923\/\" \/>\n<meta property=\"og:site_name\" content=\"webdo\" \/>\n<meta property=\"article:publisher\" content=\"https:\/\/www.facebook.com\/webdotn\" \/>\n<meta property=\"article:published_time\" content=\"2024-05-02T19:31:00+00:00\" \/>\n<meta property=\"article:modified_time\" content=\"2025-05-20T22:33:43+00:00\" \/>\n<meta property=\"og:image\" content=\"https:\/\/www.webdo.tn\/fr\/wp-content\/uploads\/2024\/05\/c0e413767929d462b05c0044f9b4ec4d.webp\" \/>\n\t<meta property=\"og:image:width\" content=\"750\" \/>\n\t<meta property=\"og:image:height\" content=\"400\" \/>\n\t<meta property=\"og:image:type\" content=\"image\/webp\" \/>\n<meta name=\"author\" content=\"Webdo\" \/>\n<meta name=\"twitter:card\" content=\"summary_large_image\" \/>\n<meta name=\"twitter:creator\" content=\"@webdo_tn\" \/>\n<meta name=\"twitter:site\" content=\"@webdo_tn\" \/>\n<meta name=\"twitter:label1\" content=\"\u00c9crit par\" \/>\n\t<meta name=\"twitter:data1\" content=\"Webdo\" \/>\n\t<meta name=\"twitter:label2\" content=\"Dur\u00e9e de lecture estim\u00e9e\" \/>\n\t<meta name=\"twitter:data2\" content=\"1 minute\" \/>\n<script type=\"application\/ld+json\" class=\"yoast-schema-graph\">{\"@context\":\"https:\\\/\\\/schema.org\",\"@graph\":[{\"@type\":\"NewsArticle\",\"@id\":\"https:\\\/\\\/www.webdo.tn\\\/fr\\\/actualite\\\/national\\\/affaire-de-complot-contre-l-etat-40-accuses-renvoyes-devant-la-justice-anti-terroriste-a-tunis\\\/213923\\\/#article\",\"isPartOf\":{\"@id\":\"https:\\\/\\\/www.webdo.tn\\\/fr\\\/actualite\\\/national\\\/affaire-de-complot-contre-l-etat-40-accuses-renvoyes-devant-la-justice-anti-terroriste-a-tunis\\\/213923\\\/\"},\"author\":{\"name\":\"Webdo\",\"@id\":\"https:\\\/\\\/www.webdo.tn\\\/fr\\\/#\\\/schema\\\/person\\\/1f4e491e0907b413d61089e8eb573acc\"},\"headline\":\"Affaire de complot contre l&rsquo;\u00c9tat : 40 accus\u00e9s renvoy\u00e9s devant la justice anti-terroriste \u00e0 Tunis\",\"datePublished\":\"2024-05-02T19:31:00+00:00\",\"dateModified\":\"2025-05-20T22:33:43+00:00\",\"mainEntityOfPage\":{\"@id\":\"https:\\\/\\\/www.webdo.tn\\\/fr\\\/actualite\\\/national\\\/affaire-de-complot-contre-l-etat-40-accuses-renvoyes-devant-la-justice-anti-terroriste-a-tunis\\\/213923\\\/\"},\"wordCount\":257,\"commentCount\":0,\"publisher\":{\"@id\":\"https:\\\/\\\/www.webdo.tn\\\/fr\\\/#organization\"},\"image\":{\"@id\":\"https:\\\/\\\/www.webdo.tn\\\/fr\\\/actualite\\\/national\\\/affaire-de-complot-contre-l-etat-40-accuses-renvoyes-devant-la-justice-anti-terroriste-a-tunis\\\/213923\\\/#primaryimage\"},\"thumbnailUrl\":\"https:\\\/\\\/www.webdo.tn\\\/fr\\\/wp-content\\\/uploads\\\/2024\\\/05\\\/c0e413767929d462b05c0044f9b4ec4d.webp\",\"keywords\":[\"antiterroriste\",\"complot\",\"Tunisie\"],\"articleSection\":[\"National\"],\"inLanguage\":\"fr-FR\"},{\"@type\":\"WebPage\",\"@id\":\"https:\\\/\\\/www.webdo.tn\\\/fr\\\/actualite\\\/national\\\/affaire-de-complot-contre-l-etat-40-accuses-renvoyes-devant-la-justice-anti-terroriste-a-tunis\\\/213923\\\/\",\"url\":\"https:\\\/\\\/www.webdo.tn\\\/fr\\\/actualite\\\/national\\\/affaire-de-complot-contre-l-etat-40-accuses-renvoyes-devant-la-justice-anti-terroriste-a-tunis\\\/213923\\\/\",\"name\":\"Affaire de complot contre l'\u00c9tat : 40 accus\u00e9s renvoy\u00e9s devant la justice anti-terroriste \u00e0 Tunis\",\"isPartOf\":{\"@id\":\"https:\\\/\\\/www.webdo.tn\\\/fr\\\/#website\"},\"primaryImageOfPage\":{\"@id\":\"https:\\\/\\\/www.webdo.tn\\\/fr\\\/actualite\\\/national\\\/affaire-de-complot-contre-l-etat-40-accuses-renvoyes-devant-la-justice-anti-terroriste-a-tunis\\\/213923\\\/#primaryimage\"},\"image\":{\"@id\":\"https:\\\/\\\/www.webdo.tn\\\/fr\\\/actualite\\\/national\\\/affaire-de-complot-contre-l-etat-40-accuses-renvoyes-devant-la-justice-anti-terroriste-a-tunis\\\/213923\\\/#primaryimage\"},\"thumbnailUrl\":\"https:\\\/\\\/www.webdo.tn\\\/fr\\\/wp-content\\\/uploads\\\/2024\\\/05\\\/c0e413767929d462b05c0044f9b4ec4d.webp\",\"datePublished\":\"2024-05-02T19:31:00+00:00\",\"dateModified\":\"2025-05-20T22:33:43+00:00\",\"description\":\"40 accus\u00e9s renvoy\u00e9s devant la justice anti-terroriste en Tunisie dans une affaire de complot contre la s\u00fbret\u00e9 de l'\u00c9tat.\",\"breadcrumb\":{\"@id\":\"https:\\\/\\\/www.webdo.tn\\\/fr\\\/actualite\\\/national\\\/affaire-de-complot-contre-l-etat-40-accuses-renvoyes-devant-la-justice-anti-terroriste-a-tunis\\\/213923\\\/#breadcrumb\"},\"inLanguage\":\"fr-FR\",\"potentialAction\":[{\"@type\":\"ReadAction\",\"target\":[\"https:\\\/\\\/www.webdo.tn\\\/fr\\\/actualite\\\/national\\\/affaire-de-complot-contre-l-etat-40-accuses-renvoyes-devant-la-justice-anti-terroriste-a-tunis\\\/213923\\\/\"]}]},{\"@type\":\"ImageObject\",\"inLanguage\":\"fr-FR\",\"@id\":\"https:\\\/\\\/www.webdo.tn\\\/fr\\\/actualite\\\/national\\\/affaire-de-complot-contre-l-etat-40-accuses-renvoyes-devant-la-justice-anti-terroriste-a-tunis\\\/213923\\\/#primaryimage\",\"url\":\"https:\\\/\\\/www.webdo.tn\\\/fr\\\/wp-content\\\/uploads\\\/2024\\\/05\\\/c0e413767929d462b05c0044f9b4ec4d.webp\",\"contentUrl\":\"https:\\\/\\\/www.webdo.tn\\\/fr\\\/wp-content\\\/uploads\\\/2024\\\/05\\\/c0e413767929d462b05c0044f9b4ec4d.webp\",\"width\":750,\"height\":400,\"caption\":\"Affaire de complot contre l'\u00c9tat : 40 accus\u00e9s renvoy\u00e9s devant la justice anti-terroriste \u00e0 Tunis\"},{\"@type\":\"BreadcrumbList\",\"@id\":\"https:\\\/\\\/www.webdo.tn\\\/fr\\\/actualite\\\/national\\\/affaire-de-complot-contre-l-etat-40-accuses-renvoyes-devant-la-justice-anti-terroriste-a-tunis\\\/213923\\\/#breadcrumb\",\"itemListElement\":[{\"@type\":\"ListItem\",\"position\":1,\"name\":\"Accueil\",\"item\":\"https:\\\/\\\/www.webdo.tn\\\/fr\\\/\"},{\"@type\":\"ListItem\",\"position\":2,\"name\":\"Affaire de complot contre l&rsquo;\u00c9tat : 40 accus\u00e9s renvoy\u00e9s devant la justice anti-terroriste \u00e0 Tunis\"}]},{\"@type\":\"WebSite\",\"@id\":\"https:\\\/\\\/www.webdo.tn\\\/fr\\\/#website\",\"url\":\"https:\\\/\\\/www.webdo.tn\\\/fr\\\/\",\"name\":\"webdo\",\"description\":\"Tunisie - News en Tunisie et \u00e0 l&#039;international sur Webdo.tn\",\"publisher\":{\"@id\":\"https:\\\/\\\/www.webdo.tn\\\/fr\\\/#organization\"},\"potentialAction\":[{\"@type\":\"SearchAction\",\"target\":{\"@type\":\"EntryPoint\",\"urlTemplate\":\"https:\\\/\\\/www.webdo.tn\\\/fr\\\/?s={search_term_string}\"},\"query-input\":{\"@type\":\"PropertyValueSpecification\",\"valueRequired\":true,\"valueName\":\"search_term_string\"}}],\"inLanguage\":\"fr-FR\"},{\"@type\":\"Organization\",\"@id\":\"https:\\\/\\\/www.webdo.tn\\\/fr\\\/#organization\",\"name\":\"Webdo\",\"alternateName\":\"Webdo.tn\",\"url\":\"https:\\\/\\\/www.webdo.tn\\\/fr\\\/\",\"logo\":{\"@type\":\"ImageObject\",\"inLanguage\":\"fr-FR\",\"@id\":\"https:\\\/\\\/www.webdo.tn\\\/fr\\\/#\\\/schema\\\/logo\\\/image\\\/\",\"url\":\"https:\\\/\\\/www.webdo.tn\\\/fr\\\/wp-content\\\/uploads\\\/2025\\\/06\\\/Webdo-Tunisie_168377.jpg\",\"contentUrl\":\"https:\\\/\\\/www.webdo.tn\\\/fr\\\/wp-content\\\/uploads\\\/2025\\\/06\\\/Webdo-Tunisie_168377.jpg\",\"width\":301,\"height\":301,\"caption\":\"Webdo\"},\"image\":{\"@id\":\"https:\\\/\\\/www.webdo.tn\\\/fr\\\/#\\\/schema\\\/logo\\\/image\\\/\"},\"sameAs\":[\"https:\\\/\\\/www.facebook.com\\\/webdotn\",\"https:\\\/\\\/x.com\\\/webdo_tn\"],\"description\":\"Webdo est un m\u00e9dia num\u00e9rique tunisien fond\u00e9 en 2010, sp\u00e9cialis\u00e9 dans l\u2019actualit\u00e9 nationale et internationale, l\u2019\u00e9conomie, la soci\u00e9t\u00e9 et les analyses politiques. Le site s\u2019adresse \u00e0 un large public francophone et couvre l\u2019information tunisienne en temps r\u00e9el.\",\"email\":\"redac@webdo.tn\",\"legalName\":\"YNJ SARL\",\"foundingDate\":\"2010-09-06\",\"numberOfEmployees\":{\"@type\":\"QuantitativeValue\",\"minValue\":\"11\",\"maxValue\":\"50\"}},{\"@type\":\"Person\",\"@id\":\"https:\\\/\\\/www.webdo.tn\\\/fr\\\/#\\\/schema\\\/person\\\/1f4e491e0907b413d61089e8eb573acc\",\"name\":\"Webdo\",\"image\":{\"@type\":\"ImageObject\",\"inLanguage\":\"fr-FR\",\"@id\":\"https:\\\/\\\/secure.gravatar.com\\\/avatar\\\/de97aeec1bb80978a9dbb127e47dfc88aaacb2f3c29aac907d8d3222e3495d49?s=96&d=mm&r=g\",\"url\":\"https:\\\/\\\/secure.gravatar.com\\\/avatar\\\/de97aeec1bb80978a9dbb127e47dfc88aaacb2f3c29aac907d8d3222e3495d49?s=96&d=mm&r=g\",\"contentUrl\":\"https:\\\/\\\/secure.gravatar.com\\\/avatar\\\/de97aeec1bb80978a9dbb127e47dfc88aaacb2f3c29aac907d8d3222e3495d49?s=96&d=mm&r=g\",\"caption\":\"Webdo\"},\"url\":\"https:\\\/\\\/www.webdo.tn\\\/fr\\\/actualite\\\/author\\\/webdo\\\/\"}]}<\/script>\n<!-- \/ Yoast SEO Premium plugin. -->","yoast_head_json":{"title":"Affaire de complot contre l'\u00c9tat : 40 accus\u00e9s renvoy\u00e9s devant la justice anti-terroriste \u00e0 Tunis","description":"40 accus\u00e9s renvoy\u00e9s devant la justice anti-terroriste en Tunisie dans une affaire de complot contre la s\u00fbret\u00e9 de l'\u00c9tat.","canonical":"https:\/\/www.webdo.tn\/fr\/actualite\/national\/affaire-de-complot-contre-l-etat-40-accuses-renvoyes-devant-la-justice-anti-terroriste-a-tunis\/213923\/","og_locale":"fr_FR","og_type":"article","og_title":"Affaire de complot contre l'\u00c9tat : 40 accus\u00e9s renvoy\u00e9s devant la justice anti-terroriste \u00e0 Tunis","og_description":"40 accus\u00e9s renvoy\u00e9s devant la justice anti-terroriste en Tunisie dans une affaire de complot contre la s\u00fbret\u00e9 de l'\u00c9tat.","og_url":"https:\/\/www.webdo.tn\/fr\/actualite\/national\/affaire-de-complot-contre-l-etat-40-accuses-renvoyes-devant-la-justice-anti-terroriste-a-tunis\/213923\/","og_site_name":"webdo","article_publisher":"https:\/\/www.facebook.com\/webdotn","article_published_time":"2024-05-02T19:31:00+00:00","article_modified_time":"2025-05-20T22:33:43+00:00","og_image":[{"width":750,"height":400,"url":"https:\/\/www.webdo.tn\/fr\/wp-content\/uploads\/2024\/05\/c0e413767929d462b05c0044f9b4ec4d.webp","type":"image\/webp"}],"author":"Webdo","twitter_card":"summary_large_image","twitter_creator":"@webdo_tn","twitter_site":"@webdo_tn","twitter_misc":{"\u00c9crit par":"Webdo","Dur\u00e9e de lecture estim\u00e9e":"1 minute"},"schema":{"@context":"https:\/\/schema.org","@graph":[{"@type":"NewsArticle","@id":"https:\/\/www.webdo.tn\/fr\/actualite\/national\/affaire-de-complot-contre-l-etat-40-accuses-renvoyes-devant-la-justice-anti-terroriste-a-tunis\/213923\/#article","isPartOf":{"@id":"https:\/\/www.webdo.tn\/fr\/actualite\/national\/affaire-de-complot-contre-l-etat-40-accuses-renvoyes-devant-la-justice-anti-terroriste-a-tunis\/213923\/"},"author":{"name":"Webdo","@id":"https:\/\/www.webdo.tn\/fr\/#\/schema\/person\/1f4e491e0907b413d61089e8eb573acc"},"headline":"Affaire de complot contre l&rsquo;\u00c9tat : 40 accus\u00e9s renvoy\u00e9s devant la justice anti-terroriste \u00e0 Tunis","datePublished":"2024-05-02T19:31:00+00:00","dateModified":"2025-05-20T22:33:43+00:00","mainEntityOfPage":{"@id":"https:\/\/www.webdo.tn\/fr\/actualite\/national\/affaire-de-complot-contre-l-etat-40-accuses-renvoyes-devant-la-justice-anti-terroriste-a-tunis\/213923\/"},"wordCount":257,"commentCount":0,"publisher":{"@id":"https:\/\/www.webdo.tn\/fr\/#organization"},"image":{"@id":"https:\/\/www.webdo.tn\/fr\/actualite\/national\/affaire-de-complot-contre-l-etat-40-accuses-renvoyes-devant-la-justice-anti-terroriste-a-tunis\/213923\/#primaryimage"},"thumbnailUrl":"https:\/\/www.webdo.tn\/fr\/wp-content\/uploads\/2024\/05\/c0e413767929d462b05c0044f9b4ec4d.webp","keywords":["antiterroriste","complot","Tunisie"],"articleSection":["National"],"inLanguage":"fr-FR"},{"@type":"WebPage","@id":"https:\/\/www.webdo.tn\/fr\/actualite\/national\/affaire-de-complot-contre-l-etat-40-accuses-renvoyes-devant-la-justice-anti-terroriste-a-tunis\/213923\/","url":"https:\/\/www.webdo.tn\/fr\/actualite\/national\/affaire-de-complot-contre-l-etat-40-accuses-renvoyes-devant-la-justice-anti-terroriste-a-tunis\/213923\/","name":"Affaire de complot contre l'\u00c9tat : 40 accus\u00e9s renvoy\u00e9s devant la justice anti-terroriste \u00e0 Tunis","isPartOf":{"@id":"https:\/\/www.webdo.tn\/fr\/#website"},"primaryImageOfPage":{"@id":"https:\/\/www.webdo.tn\/fr\/actualite\/national\/affaire-de-complot-contre-l-etat-40-accuses-renvoyes-devant-la-justice-anti-terroriste-a-tunis\/213923\/#primaryimage"},"image":{"@id":"https:\/\/www.webdo.tn\/fr\/actualite\/national\/affaire-de-complot-contre-l-etat-40-accuses-renvoyes-devant-la-justice-anti-terroriste-a-tunis\/213923\/#primaryimage"},"thumbnailUrl":"https:\/\/www.webdo.tn\/fr\/wp-content\/uploads\/2024\/05\/c0e413767929d462b05c0044f9b4ec4d.webp","datePublished":"2024-05-02T19:31:00+00:00","dateModified":"2025-05-20T22:33:43+00:00","description":"40 accus\u00e9s renvoy\u00e9s devant la justice anti-terroriste en Tunisie dans une affaire de complot contre la s\u00fbret\u00e9 de l'\u00c9tat.","breadcrumb":{"@id":"https:\/\/www.webdo.tn\/fr\/actualite\/national\/affaire-de-complot-contre-l-etat-40-accuses-renvoyes-devant-la-justice-anti-terroriste-a-tunis\/213923\/#breadcrumb"},"inLanguage":"fr-FR","potentialAction":[{"@type":"ReadAction","target":["https:\/\/www.webdo.tn\/fr\/actualite\/national\/affaire-de-complot-contre-l-etat-40-accuses-renvoyes-devant-la-justice-anti-terroriste-a-tunis\/213923\/"]}]},{"@type":"ImageObject","inLanguage":"fr-FR","@id":"https:\/\/www.webdo.tn\/fr\/actualite\/national\/affaire-de-complot-contre-l-etat-40-accuses-renvoyes-devant-la-justice-anti-terroriste-a-tunis\/213923\/#primaryimage","url":"https:\/\/www.webdo.tn\/fr\/wp-content\/uploads\/2024\/05\/c0e413767929d462b05c0044f9b4ec4d.webp","contentUrl":"https:\/\/www.webdo.tn\/fr\/wp-content\/uploads\/2024\/05\/c0e413767929d462b05c0044f9b4ec4d.webp","width":750,"height":400,"caption":"Affaire de complot contre l'\u00c9tat : 40 accus\u00e9s renvoy\u00e9s devant la justice anti-terroriste \u00e0 Tunis"},{"@type":"BreadcrumbList","@id":"https:\/\/www.webdo.tn\/fr\/actualite\/national\/affaire-de-complot-contre-l-etat-40-accuses-renvoyes-devant-la-justice-anti-terroriste-a-tunis\/213923\/#breadcrumb","itemListElement":[{"@type":"ListItem","position":1,"name":"Accueil","item":"https:\/\/www.webdo.tn\/fr\/"},{"@type":"ListItem","position":2,"name":"Affaire de complot contre l&rsquo;\u00c9tat : 40 accus\u00e9s renvoy\u00e9s devant la justice anti-terroriste \u00e0 Tunis"}]},{"@type":"WebSite","@id":"https:\/\/www.webdo.tn\/fr\/#website","url":"https:\/\/www.webdo.tn\/fr\/","name":"webdo","description":"Tunisie - News en Tunisie et \u00e0 l&#039;international sur Webdo.tn","publisher":{"@id":"https:\/\/www.webdo.tn\/fr\/#organization"},"potentialAction":[{"@type":"SearchAction","target":{"@type":"EntryPoint","urlTemplate":"https:\/\/www.webdo.tn\/fr\/?s={search_term_string}"},"query-input":{"@type":"PropertyValueSpecification","valueRequired":true,"valueName":"search_term_string"}}],"inLanguage":"fr-FR"},{"@type":"Organization","@id":"https:\/\/www.webdo.tn\/fr\/#organization","name":"Webdo","alternateName":"Webdo.tn","url":"https:\/\/www.webdo.tn\/fr\/","logo":{"@type":"ImageObject","inLanguage":"fr-FR","@id":"https:\/\/www.webdo.tn\/fr\/#\/schema\/logo\/image\/","url":"https:\/\/www.webdo.tn\/fr\/wp-content\/uploads\/2025\/06\/Webdo-Tunisie_168377.jpg","contentUrl":"https:\/\/www.webdo.tn\/fr\/wp-content\/uploads\/2025\/06\/Webdo-Tunisie_168377.jpg","width":301,"height":301,"caption":"Webdo"},"image":{"@id":"https:\/\/www.webdo.tn\/fr\/#\/schema\/logo\/image\/"},"sameAs":["https:\/\/www.facebook.com\/webdotn","https:\/\/x.com\/webdo_tn"],"description":"Webdo est un m\u00e9dia num\u00e9rique tunisien fond\u00e9 en 2010, sp\u00e9cialis\u00e9 dans l\u2019actualit\u00e9 nationale et internationale, l\u2019\u00e9conomie, la soci\u00e9t\u00e9 et les analyses politiques. Le site s\u2019adresse \u00e0 un large public francophone et couvre l\u2019information tunisienne en temps r\u00e9el.","email":"redac@webdo.tn","legalName":"YNJ SARL","foundingDate":"2010-09-06","numberOfEmployees":{"@type":"QuantitativeValue","minValue":"11","maxValue":"50"}},{"@type":"Person","@id":"https:\/\/www.webdo.tn\/fr\/#\/schema\/person\/1f4e491e0907b413d61089e8eb573acc","name":"Webdo","image":{"@type":"ImageObject","inLanguage":"fr-FR","@id":"https:\/\/secure.gravatar.com\/avatar\/de97aeec1bb80978a9dbb127e47dfc88aaacb2f3c29aac907d8d3222e3495d49?s=96&d=mm&r=g","url":"https:\/\/secure.gravatar.com\/avatar\/de97aeec1bb80978a9dbb127e47dfc88aaacb2f3c29aac907d8d3222e3495d49?s=96&d=mm&r=g","contentUrl":"https:\/\/secure.gravatar.com\/avatar\/de97aeec1bb80978a9dbb127e47dfc88aaacb2f3c29aac907d8d3222e3495d49?s=96&d=mm&r=g","caption":"Webdo"},"url":"https:\/\/www.webdo.tn\/fr\/actualite\/author\/webdo\/"}]}},"_links":{"self":[{"href":"https:\/\/www.webdo.tn\/fr\/wp-json\/wp\/v2\/posts\/213923","targetHints":{"allow":["GET"]}}],"collection":[{"href":"https:\/\/www.webdo.tn\/fr\/wp-json\/wp\/v2\/posts"}],"about":[{"href":"https:\/\/www.webdo.tn\/fr\/wp-json\/wp\/v2\/types\/post"}],"author":[{"embeddable":true,"href":"https:\/\/www.webdo.tn\/fr\/wp-json\/wp\/v2\/users\/3169"}],"replies":[{"embeddable":true,"href":"https:\/\/www.webdo.tn\/fr\/wp-json\/wp\/v2\/comments?post=213923"}],"version-history":[{"count":0,"href":"https:\/\/www.webdo.tn\/fr\/wp-json\/wp\/v2\/posts\/213923\/revisions"}],"wp:featuredmedia":[{"embeddable":true,"href":"https:\/\/www.webdo.tn\/fr\/wp-json\/wp\/v2\/media\/290550"}],"wp:attachment":[{"href":"https:\/\/www.webdo.tn\/fr\/wp-json\/wp\/v2\/media?parent=213923"}],"wp:term":[{"taxonomy":"category","embeddable":true,"href":"https:\/\/www.webdo.tn\/fr\/wp-json\/wp\/v2\/categories?post=213923"},{"taxonomy":"post_tag","embeddable":true,"href":"https:\/\/www.webdo.tn\/fr\/wp-json\/wp\/v2\/tags?post=213923"}],"curies":[{"name":"wp","href":"https:\/\/api.w.org\/{rel}","templated":true}]}}