{"id":213913,"date":"2024-05-02T11:37:00","date_gmt":"2024-05-02T11:37:00","guid":{"rendered":"https:\/\/www.webdo.tn\/fr\/blog\/tunisie-la-retraite-a-62-ans-dans-le-secteur-prive-un-decret-bientot-publie\/213913\/"},"modified":"2025-05-20T22:13:04","modified_gmt":"2025-05-20T22:13:04","slug":"tunisie-la-retraite-a-62-ans-dans-le-secteur-prive-un-decret-bientot-publie","status":"publish","type":"post","link":"https:\/\/www.webdo.tn\/fr\/actualite\/national\/tunisie-la-retraite-a-62-ans-dans-le-secteur-prive-un-decret-bientot-publie\/213913\/","title":{"rendered":"Tunisie : La retraite \u00e0 62 ans dans le secteur priv\u00e9, un d\u00e9cret bient\u00f4t publi\u00e9"},"content":{"rendered":"<p>La question de la retraite \u00e0 62 ans dans le secteur priv\u00e9 a \u00e9t\u00e9 souvent \u00e9voqu\u00e9e ces derniers mois et elle ne cesse de revenir sur le devant de la sc\u00e8ne. Un d\u00e9cret portant prolongement de l\u2019\u00e2ge de la retraite dans le secteur priv\u00e9, doit para\u00eetre au JORT, dans les tous prochains jours.<\/p>\n<p>\t\t\t\t\t\t\t\t\tSi la question de la retraite \u00e0 62 ans est souvent \u00e9voqu\u00e9e, elle est rest\u00e9e suspendue \u00e0 une d\u00e9cision officielle. Mais, selon le ministre des Affaires sociales, Malek Zahi, ce dossier devrait \u00eatre clos dans les prochains jours.<\/p>\n<p>Le ministre a, en effet, annonc\u00e9, ce jeudi 2 mai 2024 sur les ondes de Jawhara fm, qu\u2019un d\u00e9cret portant prolongement de l\u2019\u00e2ge de la retraite dans le secteur priv\u00e9, avec un effet r\u00e9troactif, \u00e0 compter de janvier 2024, doit para\u00eetre au Journal Officiel de la R\u00e9publique Tunisienne (JORT), dans les tous prochains jours<\/p>\n<p>Il faut rappeler que le d\u00e9partement des Affaires sociales avait d\u00e9j\u00e0 soumis un projet de d\u00e9cret \u00e0 la pr\u00e9sidence du gouvernement pour l\u2019examiner en conseil minist\u00e9riel et l\u2019approuver. Ce texte permet aux employ\u00e9s de prolonger leur p\u00e9riode d\u2019exercice \u00e0 65 ans, mais cela reste conditionn\u00e9 par un accord officiel de la part de l\u2019employeur.<\/p>\n<p>Malek Zahi a rappel\u00e9 aujourd\u2019hui que ce prolongement de l\u2019\u00e2ge de la retraite sera optionnel, et assorti de la condition de l\u2019approbation de l\u2019employeur, soulignant que l\u2019objectif d\u2019une telle d\u00e9cision est la n\u00e9cessit\u00e9 d\u2019unifier les r\u00e9gimes de retraite dans les secteurs public et priv\u00e9, l\u2019\u00e2ge de la retraite dans le public \u00e9tant d\u00e9sormais compris entre 62 et 65 ans.<\/p>\n<p>Selon le ministre, il est imp\u00e9ratif\u00a0 d\u2019unifier les deux r\u00e9gimes dans la mesure o\u00f9 l\u2019\u00e9cart des pensions dans les secteurs public et priv\u00e9 reste important, rappelant que la moyenne des\u00a0 pensions dans le public est de 1700 dinars alors que dans le priv\u00e9, cette moyenne est de 600 dinars.<\/p>\n<p>Dans ce contexte, il a d\u2019ailleurs \u00e9voqu\u00e9 une r\u00e9vision des lois allant dans le sens d\u2019une revalorisation automatique des pensions.<\/p>\n","protected":false},"excerpt":{"rendered":"<p>Si la question de la retraite \u00e0 62 ans est souvent \u00e9voqu\u00e9e, elle est rest\u00e9e suspendue \u00e0 une d\u00e9cision officielle. Mais, selon le ministre des Affaires sociales,&#8230;<\/p>\n","protected":false},"author":3162,"featured_media":290544,"comment_status":"open","ping_status":"closed","sticky":false,"template":"","format":"standard","meta":{"footnotes":""},"categories":[44],"tags":[7103,6245,2650,2608],"class_list":["post-213913","post","type-post","status-publish","format-standard","has-post-thumbnail","hentry","category-national","tag-62-ans","tag-retraite","tag-secteur-prive","tag-tunisie"],"yoast_head":"<!-- This site is optimized with the Yoast SEO Premium plugin v27.5 (Yoast SEO v27.5) - https:\/\/yoast.com\/product\/yoast-seo-premium-wordpress\/ -->\n<title>Tunisie : La retraite \u00e0 62 ans dans le secteur priv\u00e9, un d\u00e9cret bient\u00f4t publi\u00e9<\/title>\n<meta name=\"description\" content=\"Si la question de la retraite \u00e0 62 ans est souvent \u00e9voqu\u00e9e, elle est rest\u00e9e suspendue \u00e0 une d\u00e9cision officielle. Mais, selon le ministre des Affaires sociales,...\" \/>\n<link rel=\"canonical\" href=\"https:\/\/www.webdo.tn\/fr\/actualite\/national\/tunisie-la-retraite-a-62-ans-dans-le-secteur-prive-un-decret-bientot-publie\/213913\/\" \/>\n<meta property=\"og:locale\" content=\"fr_FR\" \/>\n<meta property=\"og:type\" content=\"article\" \/>\n<meta property=\"og:title\" content=\"Tunisie : La retraite \u00e0 62 ans dans le secteur priv\u00e9, un d\u00e9cret bient\u00f4t publi\u00e9\" \/>\n<meta property=\"og:description\" content=\"Si la question de la retraite \u00e0 62 ans est souvent \u00e9voqu\u00e9e, elle est rest\u00e9e suspendue \u00e0 une d\u00e9cision officielle. Mais, selon le ministre des Affaires sociales,...\" \/>\n<meta property=\"og:url\" content=\"https:\/\/www.webdo.tn\/fr\/actualite\/national\/tunisie-la-retraite-a-62-ans-dans-le-secteur-prive-un-decret-bientot-publie\/213913\/\" \/>\n<meta property=\"og:site_name\" content=\"webdo\" \/>\n<meta property=\"article:publisher\" content=\"https:\/\/www.facebook.com\/webdotn\" \/>\n<meta property=\"article:published_time\" content=\"2024-05-02T11:37:00+00:00\" \/>\n<meta property=\"article:modified_time\" content=\"2025-05-20T22:13:04+00:00\" \/>\n<meta property=\"og:image\" content=\"https:\/\/www.webdo.tn\/fr\/wp-content\/uploads\/2024\/05\/ca706a9ac5f81836b86507d0b05448b2.webp\" \/>\n\t<meta property=\"og:image:width\" content=\"750\" \/>\n\t<meta property=\"og:image:height\" content=\"400\" \/>\n\t<meta property=\"og:image:type\" content=\"image\/webp\" \/>\n<meta name=\"author\" content=\"MC\" \/>\n<meta name=\"twitter:card\" content=\"summary_large_image\" \/>\n<meta name=\"twitter:creator\" content=\"@webdo_tn\" \/>\n<meta name=\"twitter:site\" content=\"@webdo_tn\" \/>\n<meta name=\"twitter:label1\" content=\"\u00c9crit par\" \/>\n\t<meta name=\"twitter:data1\" content=\"MC\" \/>\n\t<meta name=\"twitter:label2\" content=\"Dur\u00e9e de lecture estim\u00e9e\" \/>\n\t<meta name=\"twitter:data2\" content=\"2 minutes\" \/>\n<script type=\"application\/ld+json\" class=\"yoast-schema-graph\">{\"@context\":\"https:\\\/\\\/schema.org\",\"@graph\":[{\"@type\":\"NewsArticle\",\"@id\":\"https:\\\/\\\/www.webdo.tn\\\/fr\\\/actualite\\\/national\\\/tunisie-la-retraite-a-62-ans-dans-le-secteur-prive-un-decret-bientot-publie\\\/213913\\\/#article\",\"isPartOf\":{\"@id\":\"https:\\\/\\\/www.webdo.tn\\\/fr\\\/actualite\\\/national\\\/tunisie-la-retraite-a-62-ans-dans-le-secteur-prive-un-decret-bientot-publie\\\/213913\\\/\"},\"author\":{\"name\":\"MC\",\"@id\":\"https:\\\/\\\/www.webdo.tn\\\/fr\\\/#\\\/schema\\\/person\\\/2c4929cbf5a809e3bd38617c6ce150f6\"},\"headline\":\"Tunisie : La retraite \u00e0 62 ans dans le secteur priv\u00e9, un d\u00e9cret bient\u00f4t publi\u00e9\",\"datePublished\":\"2024-05-02T11:37:00+00:00\",\"dateModified\":\"2025-05-20T22:13:04+00:00\",\"mainEntityOfPage\":{\"@id\":\"https:\\\/\\\/www.webdo.tn\\\/fr\\\/actualite\\\/national\\\/tunisie-la-retraite-a-62-ans-dans-le-secteur-prive-un-decret-bientot-publie\\\/213913\\\/\"},\"wordCount\":369,\"commentCount\":0,\"publisher\":{\"@id\":\"https:\\\/\\\/www.webdo.tn\\\/fr\\\/#organization\"},\"image\":{\"@id\":\"https:\\\/\\\/www.webdo.tn\\\/fr\\\/actualite\\\/national\\\/tunisie-la-retraite-a-62-ans-dans-le-secteur-prive-un-decret-bientot-publie\\\/213913\\\/#primaryimage\"},\"thumbnailUrl\":\"https:\\\/\\\/www.webdo.tn\\\/fr\\\/wp-content\\\/uploads\\\/2024\\\/05\\\/ca706a9ac5f81836b86507d0b05448b2.webp\",\"keywords\":[\"62 ans\",\"retraite\",\"Secteur priv\u00e9\",\"Tunisie\"],\"articleSection\":[\"National\"],\"inLanguage\":\"fr-FR\"},{\"@type\":\"WebPage\",\"@id\":\"https:\\\/\\\/www.webdo.tn\\\/fr\\\/actualite\\\/national\\\/tunisie-la-retraite-a-62-ans-dans-le-secteur-prive-un-decret-bientot-publie\\\/213913\\\/\",\"url\":\"https:\\\/\\\/www.webdo.tn\\\/fr\\\/actualite\\\/national\\\/tunisie-la-retraite-a-62-ans-dans-le-secteur-prive-un-decret-bientot-publie\\\/213913\\\/\",\"name\":\"Tunisie : La retraite \u00e0 62 ans dans le secteur priv\u00e9, un d\u00e9cret bient\u00f4t publi\u00e9\",\"isPartOf\":{\"@id\":\"https:\\\/\\\/www.webdo.tn\\\/fr\\\/#website\"},\"primaryImageOfPage\":{\"@id\":\"https:\\\/\\\/www.webdo.tn\\\/fr\\\/actualite\\\/national\\\/tunisie-la-retraite-a-62-ans-dans-le-secteur-prive-un-decret-bientot-publie\\\/213913\\\/#primaryimage\"},\"image\":{\"@id\":\"https:\\\/\\\/www.webdo.tn\\\/fr\\\/actualite\\\/national\\\/tunisie-la-retraite-a-62-ans-dans-le-secteur-prive-un-decret-bientot-publie\\\/213913\\\/#primaryimage\"},\"thumbnailUrl\":\"https:\\\/\\\/www.webdo.tn\\\/fr\\\/wp-content\\\/uploads\\\/2024\\\/05\\\/ca706a9ac5f81836b86507d0b05448b2.webp\",\"datePublished\":\"2024-05-02T11:37:00+00:00\",\"dateModified\":\"2025-05-20T22:13:04+00:00\",\"description\":\"Si la question de la retraite \u00e0 62 ans est souvent \u00e9voqu\u00e9e, elle est rest\u00e9e suspendue \u00e0 une d\u00e9cision officielle. Mais, selon le ministre des Affaires sociales,...\",\"breadcrumb\":{\"@id\":\"https:\\\/\\\/www.webdo.tn\\\/fr\\\/actualite\\\/national\\\/tunisie-la-retraite-a-62-ans-dans-le-secteur-prive-un-decret-bientot-publie\\\/213913\\\/#breadcrumb\"},\"inLanguage\":\"fr-FR\",\"potentialAction\":[{\"@type\":\"ReadAction\",\"target\":[\"https:\\\/\\\/www.webdo.tn\\\/fr\\\/actualite\\\/national\\\/tunisie-la-retraite-a-62-ans-dans-le-secteur-prive-un-decret-bientot-publie\\\/213913\\\/\"]}]},{\"@type\":\"ImageObject\",\"inLanguage\":\"fr-FR\",\"@id\":\"https:\\\/\\\/www.webdo.tn\\\/fr\\\/actualite\\\/national\\\/tunisie-la-retraite-a-62-ans-dans-le-secteur-prive-un-decret-bientot-publie\\\/213913\\\/#primaryimage\",\"url\":\"https:\\\/\\\/www.webdo.tn\\\/fr\\\/wp-content\\\/uploads\\\/2024\\\/05\\\/ca706a9ac5f81836b86507d0b05448b2.webp\",\"contentUrl\":\"https:\\\/\\\/www.webdo.tn\\\/fr\\\/wp-content\\\/uploads\\\/2024\\\/05\\\/ca706a9ac5f81836b86507d0b05448b2.webp\",\"width\":750,\"height\":400,\"caption\":\"Tunisie : La retraite \u00e0 62 ans dans le secteur priv\u00e9, un d\u00e9cret bient\u00f4t publi\u00e9\"},{\"@type\":\"BreadcrumbList\",\"@id\":\"https:\\\/\\\/www.webdo.tn\\\/fr\\\/actualite\\\/national\\\/tunisie-la-retraite-a-62-ans-dans-le-secteur-prive-un-decret-bientot-publie\\\/213913\\\/#breadcrumb\",\"itemListElement\":[{\"@type\":\"ListItem\",\"position\":1,\"name\":\"Accueil\",\"item\":\"https:\\\/\\\/www.webdo.tn\\\/fr\\\/\"},{\"@type\":\"ListItem\",\"position\":2,\"name\":\"Tunisie : La retraite \u00e0 62 ans dans le secteur priv\u00e9, un d\u00e9cret bient\u00f4t publi\u00e9\"}]},{\"@type\":\"WebSite\",\"@id\":\"https:\\\/\\\/www.webdo.tn\\\/fr\\\/#website\",\"url\":\"https:\\\/\\\/www.webdo.tn\\\/fr\\\/\",\"name\":\"webdo\",\"description\":\"Tunisie - News en Tunisie et \u00e0 l&#039;international sur Webdo.tn\",\"publisher\":{\"@id\":\"https:\\\/\\\/www.webdo.tn\\\/fr\\\/#organization\"},\"potentialAction\":[{\"@type\":\"SearchAction\",\"target\":{\"@type\":\"EntryPoint\",\"urlTemplate\":\"https:\\\/\\\/www.webdo.tn\\\/fr\\\/?s={search_term_string}\"},\"query-input\":{\"@type\":\"PropertyValueSpecification\",\"valueRequired\":true,\"valueName\":\"search_term_string\"}}],\"inLanguage\":\"fr-FR\"},{\"@type\":\"Organization\",\"@id\":\"https:\\\/\\\/www.webdo.tn\\\/fr\\\/#organization\",\"name\":\"Webdo\",\"alternateName\":\"Webdo.tn\",\"url\":\"https:\\\/\\\/www.webdo.tn\\\/fr\\\/\",\"logo\":{\"@type\":\"ImageObject\",\"inLanguage\":\"fr-FR\",\"@id\":\"https:\\\/\\\/www.webdo.tn\\\/fr\\\/#\\\/schema\\\/logo\\\/image\\\/\",\"url\":\"https:\\\/\\\/www.webdo.tn\\\/fr\\\/wp-content\\\/uploads\\\/2025\\\/06\\\/Webdo-Tunisie_168377.jpg\",\"contentUrl\":\"https:\\\/\\\/www.webdo.tn\\\/fr\\\/wp-content\\\/uploads\\\/2025\\\/06\\\/Webdo-Tunisie_168377.jpg\",\"width\":301,\"height\":301,\"caption\":\"Webdo\"},\"image\":{\"@id\":\"https:\\\/\\\/www.webdo.tn\\\/fr\\\/#\\\/schema\\\/logo\\\/image\\\/\"},\"sameAs\":[\"https:\\\/\\\/www.facebook.com\\\/webdotn\",\"https:\\\/\\\/x.com\\\/webdo_tn\"],\"description\":\"Webdo est un m\u00e9dia num\u00e9rique tunisien fond\u00e9 en 2010, sp\u00e9cialis\u00e9 dans l\u2019actualit\u00e9 nationale et internationale, l\u2019\u00e9conomie, la soci\u00e9t\u00e9 et les analyses politiques. Le site s\u2019adresse \u00e0 un large public francophone et couvre l\u2019information tunisienne en temps r\u00e9el.\",\"email\":\"redac@webdo.tn\",\"legalName\":\"YNJ SARL\",\"foundingDate\":\"2010-09-06\",\"numberOfEmployees\":{\"@type\":\"QuantitativeValue\",\"minValue\":\"11\",\"maxValue\":\"50\"}},{\"@type\":\"Person\",\"@id\":\"https:\\\/\\\/www.webdo.tn\\\/fr\\\/#\\\/schema\\\/person\\\/2c4929cbf5a809e3bd38617c6ce150f6\",\"name\":\"MC\",\"image\":{\"@type\":\"ImageObject\",\"inLanguage\":\"fr-FR\",\"@id\":\"https:\\\/\\\/secure.gravatar.com\\\/avatar\\\/a545bbb6f84efdd5553dbbc2895e3ca8f1d12c5215e00a041c9670b54aa9b18a?s=96&d=mm&r=g\",\"url\":\"https:\\\/\\\/secure.gravatar.com\\\/avatar\\\/a545bbb6f84efdd5553dbbc2895e3ca8f1d12c5215e00a041c9670b54aa9b18a?s=96&d=mm&r=g\",\"contentUrl\":\"https:\\\/\\\/secure.gravatar.com\\\/avatar\\\/a545bbb6f84efdd5553dbbc2895e3ca8f1d12c5215e00a041c9670b54aa9b18a?s=96&d=mm&r=g\",\"caption\":\"MC\"},\"url\":\"https:\\\/\\\/www.webdo.tn\\\/fr\\\/actualite\\\/author\\\/mc\\\/\"}]}<\/script>\n<!-- \/ Yoast SEO Premium plugin. -->","yoast_head_json":{"title":"Tunisie : La retraite \u00e0 62 ans dans le secteur priv\u00e9, un d\u00e9cret bient\u00f4t publi\u00e9","description":"Si la question de la retraite \u00e0 62 ans est souvent \u00e9voqu\u00e9e, elle est rest\u00e9e suspendue \u00e0 une d\u00e9cision officielle. Mais, selon le ministre des Affaires sociales,...","canonical":"https:\/\/www.webdo.tn\/fr\/actualite\/national\/tunisie-la-retraite-a-62-ans-dans-le-secteur-prive-un-decret-bientot-publie\/213913\/","og_locale":"fr_FR","og_type":"article","og_title":"Tunisie : La retraite \u00e0 62 ans dans le secteur priv\u00e9, un d\u00e9cret bient\u00f4t publi\u00e9","og_description":"Si la question de la retraite \u00e0 62 ans est souvent \u00e9voqu\u00e9e, elle est rest\u00e9e suspendue \u00e0 une d\u00e9cision officielle. Mais, selon le ministre des Affaires sociales,...","og_url":"https:\/\/www.webdo.tn\/fr\/actualite\/national\/tunisie-la-retraite-a-62-ans-dans-le-secteur-prive-un-decret-bientot-publie\/213913\/","og_site_name":"webdo","article_publisher":"https:\/\/www.facebook.com\/webdotn","article_published_time":"2024-05-02T11:37:00+00:00","article_modified_time":"2025-05-20T22:13:04+00:00","og_image":[{"width":750,"height":400,"url":"https:\/\/www.webdo.tn\/fr\/wp-content\/uploads\/2024\/05\/ca706a9ac5f81836b86507d0b05448b2.webp","type":"image\/webp"}],"author":"MC","twitter_card":"summary_large_image","twitter_creator":"@webdo_tn","twitter_site":"@webdo_tn","twitter_misc":{"\u00c9crit par":"MC","Dur\u00e9e de lecture estim\u00e9e":"2 minutes"},"schema":{"@context":"https:\/\/schema.org","@graph":[{"@type":"NewsArticle","@id":"https:\/\/www.webdo.tn\/fr\/actualite\/national\/tunisie-la-retraite-a-62-ans-dans-le-secteur-prive-un-decret-bientot-publie\/213913\/#article","isPartOf":{"@id":"https:\/\/www.webdo.tn\/fr\/actualite\/national\/tunisie-la-retraite-a-62-ans-dans-le-secteur-prive-un-decret-bientot-publie\/213913\/"},"author":{"name":"MC","@id":"https:\/\/www.webdo.tn\/fr\/#\/schema\/person\/2c4929cbf5a809e3bd38617c6ce150f6"},"headline":"Tunisie : La retraite \u00e0 62 ans dans le secteur priv\u00e9, un d\u00e9cret bient\u00f4t publi\u00e9","datePublished":"2024-05-02T11:37:00+00:00","dateModified":"2025-05-20T22:13:04+00:00","mainEntityOfPage":{"@id":"https:\/\/www.webdo.tn\/fr\/actualite\/national\/tunisie-la-retraite-a-62-ans-dans-le-secteur-prive-un-decret-bientot-publie\/213913\/"},"wordCount":369,"commentCount":0,"publisher":{"@id":"https:\/\/www.webdo.tn\/fr\/#organization"},"image":{"@id":"https:\/\/www.webdo.tn\/fr\/actualite\/national\/tunisie-la-retraite-a-62-ans-dans-le-secteur-prive-un-decret-bientot-publie\/213913\/#primaryimage"},"thumbnailUrl":"https:\/\/www.webdo.tn\/fr\/wp-content\/uploads\/2024\/05\/ca706a9ac5f81836b86507d0b05448b2.webp","keywords":["62 ans","retraite","Secteur priv\u00e9","Tunisie"],"articleSection":["National"],"inLanguage":"fr-FR"},{"@type":"WebPage","@id":"https:\/\/www.webdo.tn\/fr\/actualite\/national\/tunisie-la-retraite-a-62-ans-dans-le-secteur-prive-un-decret-bientot-publie\/213913\/","url":"https:\/\/www.webdo.tn\/fr\/actualite\/national\/tunisie-la-retraite-a-62-ans-dans-le-secteur-prive-un-decret-bientot-publie\/213913\/","name":"Tunisie : La retraite \u00e0 62 ans dans le secteur priv\u00e9, un d\u00e9cret bient\u00f4t publi\u00e9","isPartOf":{"@id":"https:\/\/www.webdo.tn\/fr\/#website"},"primaryImageOfPage":{"@id":"https:\/\/www.webdo.tn\/fr\/actualite\/national\/tunisie-la-retraite-a-62-ans-dans-le-secteur-prive-un-decret-bientot-publie\/213913\/#primaryimage"},"image":{"@id":"https:\/\/www.webdo.tn\/fr\/actualite\/national\/tunisie-la-retraite-a-62-ans-dans-le-secteur-prive-un-decret-bientot-publie\/213913\/#primaryimage"},"thumbnailUrl":"https:\/\/www.webdo.tn\/fr\/wp-content\/uploads\/2024\/05\/ca706a9ac5f81836b86507d0b05448b2.webp","datePublished":"2024-05-02T11:37:00+00:00","dateModified":"2025-05-20T22:13:04+00:00","description":"Si la question de la retraite \u00e0 62 ans est souvent \u00e9voqu\u00e9e, elle est rest\u00e9e suspendue \u00e0 une d\u00e9cision officielle. Mais, selon le ministre des Affaires sociales,...","breadcrumb":{"@id":"https:\/\/www.webdo.tn\/fr\/actualite\/national\/tunisie-la-retraite-a-62-ans-dans-le-secteur-prive-un-decret-bientot-publie\/213913\/#breadcrumb"},"inLanguage":"fr-FR","potentialAction":[{"@type":"ReadAction","target":["https:\/\/www.webdo.tn\/fr\/actualite\/national\/tunisie-la-retraite-a-62-ans-dans-le-secteur-prive-un-decret-bientot-publie\/213913\/"]}]},{"@type":"ImageObject","inLanguage":"fr-FR","@id":"https:\/\/www.webdo.tn\/fr\/actualite\/national\/tunisie-la-retraite-a-62-ans-dans-le-secteur-prive-un-decret-bientot-publie\/213913\/#primaryimage","url":"https:\/\/www.webdo.tn\/fr\/wp-content\/uploads\/2024\/05\/ca706a9ac5f81836b86507d0b05448b2.webp","contentUrl":"https:\/\/www.webdo.tn\/fr\/wp-content\/uploads\/2024\/05\/ca706a9ac5f81836b86507d0b05448b2.webp","width":750,"height":400,"caption":"Tunisie : La retraite \u00e0 62 ans dans le secteur priv\u00e9, un d\u00e9cret bient\u00f4t publi\u00e9"},{"@type":"BreadcrumbList","@id":"https:\/\/www.webdo.tn\/fr\/actualite\/national\/tunisie-la-retraite-a-62-ans-dans-le-secteur-prive-un-decret-bientot-publie\/213913\/#breadcrumb","itemListElement":[{"@type":"ListItem","position":1,"name":"Accueil","item":"https:\/\/www.webdo.tn\/fr\/"},{"@type":"ListItem","position":2,"name":"Tunisie : La retraite \u00e0 62 ans dans le secteur priv\u00e9, un d\u00e9cret bient\u00f4t publi\u00e9"}]},{"@type":"WebSite","@id":"https:\/\/www.webdo.tn\/fr\/#website","url":"https:\/\/www.webdo.tn\/fr\/","name":"webdo","description":"Tunisie - News en Tunisie et \u00e0 l&#039;international sur Webdo.tn","publisher":{"@id":"https:\/\/www.webdo.tn\/fr\/#organization"},"potentialAction":[{"@type":"SearchAction","target":{"@type":"EntryPoint","urlTemplate":"https:\/\/www.webdo.tn\/fr\/?s={search_term_string}"},"query-input":{"@type":"PropertyValueSpecification","valueRequired":true,"valueName":"search_term_string"}}],"inLanguage":"fr-FR"},{"@type":"Organization","@id":"https:\/\/www.webdo.tn\/fr\/#organization","name":"Webdo","alternateName":"Webdo.tn","url":"https:\/\/www.webdo.tn\/fr\/","logo":{"@type":"ImageObject","inLanguage":"fr-FR","@id":"https:\/\/www.webdo.tn\/fr\/#\/schema\/logo\/image\/","url":"https:\/\/www.webdo.tn\/fr\/wp-content\/uploads\/2025\/06\/Webdo-Tunisie_168377.jpg","contentUrl":"https:\/\/www.webdo.tn\/fr\/wp-content\/uploads\/2025\/06\/Webdo-Tunisie_168377.jpg","width":301,"height":301,"caption":"Webdo"},"image":{"@id":"https:\/\/www.webdo.tn\/fr\/#\/schema\/logo\/image\/"},"sameAs":["https:\/\/www.facebook.com\/webdotn","https:\/\/x.com\/webdo_tn"],"description":"Webdo est un m\u00e9dia num\u00e9rique tunisien fond\u00e9 en 2010, sp\u00e9cialis\u00e9 dans l\u2019actualit\u00e9 nationale et internationale, l\u2019\u00e9conomie, la soci\u00e9t\u00e9 et les analyses politiques. Le site s\u2019adresse \u00e0 un large public francophone et couvre l\u2019information tunisienne en temps r\u00e9el.","email":"redac@webdo.tn","legalName":"YNJ SARL","foundingDate":"2010-09-06","numberOfEmployees":{"@type":"QuantitativeValue","minValue":"11","maxValue":"50"}},{"@type":"Person","@id":"https:\/\/www.webdo.tn\/fr\/#\/schema\/person\/2c4929cbf5a809e3bd38617c6ce150f6","name":"MC","image":{"@type":"ImageObject","inLanguage":"fr-FR","@id":"https:\/\/secure.gravatar.com\/avatar\/a545bbb6f84efdd5553dbbc2895e3ca8f1d12c5215e00a041c9670b54aa9b18a?s=96&d=mm&r=g","url":"https:\/\/secure.gravatar.com\/avatar\/a545bbb6f84efdd5553dbbc2895e3ca8f1d12c5215e00a041c9670b54aa9b18a?s=96&d=mm&r=g","contentUrl":"https:\/\/secure.gravatar.com\/avatar\/a545bbb6f84efdd5553dbbc2895e3ca8f1d12c5215e00a041c9670b54aa9b18a?s=96&d=mm&r=g","caption":"MC"},"url":"https:\/\/www.webdo.tn\/fr\/actualite\/author\/mc\/"}]}},"_links":{"self":[{"href":"https:\/\/www.webdo.tn\/fr\/wp-json\/wp\/v2\/posts\/213913","targetHints":{"allow":["GET"]}}],"collection":[{"href":"https:\/\/www.webdo.tn\/fr\/wp-json\/wp\/v2\/posts"}],"about":[{"href":"https:\/\/www.webdo.tn\/fr\/wp-json\/wp\/v2\/types\/post"}],"author":[{"embeddable":true,"href":"https:\/\/www.webdo.tn\/fr\/wp-json\/wp\/v2\/users\/3162"}],"replies":[{"embeddable":true,"href":"https:\/\/www.webdo.tn\/fr\/wp-json\/wp\/v2\/comments?post=213913"}],"version-history":[{"count":0,"href":"https:\/\/www.webdo.tn\/fr\/wp-json\/wp\/v2\/posts\/213913\/revisions"}],"wp:featuredmedia":[{"embeddable":true,"href":"https:\/\/www.webdo.tn\/fr\/wp-json\/wp\/v2\/media\/290544"}],"wp:attachment":[{"href":"https:\/\/www.webdo.tn\/fr\/wp-json\/wp\/v2\/media?parent=213913"}],"wp:term":[{"taxonomy":"category","embeddable":true,"href":"https:\/\/www.webdo.tn\/fr\/wp-json\/wp\/v2\/categories?post=213913"},{"taxonomy":"post_tag","embeddable":true,"href":"https:\/\/www.webdo.tn\/fr\/wp-json\/wp\/v2\/tags?post=213913"}],"curies":[{"name":"wp","href":"https:\/\/api.w.org\/{rel}","templated":true}]}}