{"id":213908,"date":"2024-05-01T14:43:00","date_gmt":"2024-05-01T14:43:00","guid":{"rendered":"https:\/\/www.webdo.tn\/fr\/blog\/la-renovation-du-siege-de-l-ugtt-a-coute-27-md\/213908\/"},"modified":"2024-05-01T14:43:00","modified_gmt":"2024-05-01T14:43:00","slug":"la-renovation-du-siege-de-l-ugtt-a-coute-27-md","status":"publish","type":"post","link":"https:\/\/www.webdo.tn\/fr\/actualite\/national\/la-renovation-du-siege-de-l-ugtt-a-coute-27-md\/213908\/","title":{"rendered":"La r\u00e9novation du si\u00e8ge de l&rsquo;UGTT a co\u00fbt\u00e9 27 MD"},"content":{"rendered":"<p>Le secr\u00e9taire g\u00e9n\u00e9ral de l&rsquo;Union g\u00e9n\u00e9rale tunisienne du travail (UGTT) Noureddine Taboubi a inaugur\u00e9, en ce jour  de la f\u00eate du travail, le si\u00e8ge, tout fraichement r\u00e9nov\u00e9, de la centrale syndicale, \u00e0 la place Mohamed Ali.<\/p>\n<p>\t\t\t\t\t\t\t\t\tL&rsquo;inauguration du si\u00e8ge r\u00e9nov\u00e9 s&rsquo;est d\u00e9roul\u00e9 devant un nombre important de sympathisants de l&rsquo;UGTT. L&rsquo;\u00e9v\u00e9nement a vu \u00e9galement la pr\u00e9sence de Houcine Abasssi, le pr\u00e9d\u00e9cesseur de Noureddine Tabboubi, et les membres du bureau ex\u00e9cutif national. de la centrale syndicale.<\/p>\n<p>D&rsquo;apr\u00e8s Mosaique FM, les co\u00fbts globaux de la r\u00e9novation su si\u00e8ge historique de l&rsquo;UGTT ont atteint 27 millions de dinars.<\/p>\n","protected":false},"excerpt":{"rendered":"<p>Le secr\u00e9taire g\u00e9n\u00e9ral de l&rsquo;Union g\u00e9n\u00e9rale tunisienne du travail (UGTT) Noureddine Taboubi a inaugur\u00e9, en ce jour  de la f\u00eate du travail, le si\u00e8ge, tout fraichem&#8230;<\/p>\n","protected":false},"author":3169,"featured_media":247464,"comment_status":"open","ping_status":"closed","sticky":false,"template":"","format":"standard","meta":{"footnotes":""},"categories":[44],"tags":[5272,6587,3150,6586,2608,2649],"class_list":["post-213908","post","type-post","status-publish","format-standard","has-post-thumbnail","hentry","category-national","tag-cout","tag-mohamed-ali","tag-renovation","tag-siege","tag-tunisie","tag-ugtt"],"yoast_head":"<!-- This site is optimized with the Yoast SEO Premium plugin v27.5 (Yoast SEO v27.5) - https:\/\/yoast.com\/product\/yoast-seo-premium-wordpress\/ -->\n<title>La r\u00e9novation du si\u00e8ge de l&#039;UGTT a co\u00fbt\u00e9 27 MD<\/title>\n<meta name=\"description\" content=\"Le secr\u00e9taire g\u00e9n\u00e9ral de l&#039;Union g\u00e9n\u00e9rale tunisienne du travail (UGTT) Noureddine Taboubi a inaugur\u00e9, en ce jour de la f\u00eate du travail, le si\u00e8ge, tout fraichem...\" \/>\n<link rel=\"canonical\" href=\"https:\/\/www.webdo.tn\/fr\/actualite\/national\/la-renovation-du-siege-de-l-ugtt-a-coute-27-md\/213908\/\" \/>\n<meta property=\"og:locale\" content=\"fr_FR\" \/>\n<meta property=\"og:type\" content=\"article\" \/>\n<meta property=\"og:title\" content=\"La r\u00e9novation du si\u00e8ge de l&#039;UGTT a co\u00fbt\u00e9 27 MD\" \/>\n<meta property=\"og:description\" content=\"Le secr\u00e9taire g\u00e9n\u00e9ral de l&#039;Union g\u00e9n\u00e9rale tunisienne du travail (UGTT) Noureddine Taboubi a inaugur\u00e9, en ce jour de la f\u00eate du travail, le si\u00e8ge, tout fraichem...\" \/>\n<meta property=\"og:url\" content=\"https:\/\/www.webdo.tn\/fr\/actualite\/national\/la-renovation-du-siege-de-l-ugtt-a-coute-27-md\/213908\/\" \/>\n<meta property=\"og:site_name\" content=\"webdo\" \/>\n<meta property=\"article:publisher\" content=\"https:\/\/www.facebook.com\/webdotn\" \/>\n<meta property=\"article:published_time\" content=\"2024-05-01T14:43:00+00:00\" \/>\n<meta property=\"og:image\" content=\"https:\/\/www.webdo.tn\/fr\/wp-content\/uploads\/2024\/05\/24bde57b65996d84d1e6aef59bb67227.webp\" \/>\n\t<meta property=\"og:image:width\" content=\"750\" \/>\n\t<meta property=\"og:image:height\" content=\"400\" \/>\n\t<meta property=\"og:image:type\" content=\"image\/webp\" \/>\n<meta name=\"author\" content=\"Webdo\" \/>\n<meta name=\"twitter:card\" content=\"summary_large_image\" \/>\n<meta name=\"twitter:creator\" content=\"@webdo_tn\" \/>\n<meta name=\"twitter:site\" content=\"@webdo_tn\" \/>\n<meta name=\"twitter:label1\" content=\"\u00c9crit par\" \/>\n\t<meta name=\"twitter:data1\" content=\"Webdo\" \/>\n\t<meta name=\"twitter:label2\" content=\"Dur\u00e9e de lecture estim\u00e9e\" \/>\n\t<meta name=\"twitter:data2\" content=\"1 minute\" \/>\n<script type=\"application\/ld+json\" class=\"yoast-schema-graph\">{\"@context\":\"https:\\\/\\\/schema.org\",\"@graph\":[{\"@type\":\"NewsArticle\",\"@id\":\"https:\\\/\\\/www.webdo.tn\\\/fr\\\/actualite\\\/national\\\/la-renovation-du-siege-de-l-ugtt-a-coute-27-md\\\/213908\\\/#article\",\"isPartOf\":{\"@id\":\"https:\\\/\\\/www.webdo.tn\\\/fr\\\/actualite\\\/national\\\/la-renovation-du-siege-de-l-ugtt-a-coute-27-md\\\/213908\\\/\"},\"author\":{\"name\":\"Webdo\",\"@id\":\"https:\\\/\\\/www.webdo.tn\\\/fr\\\/#\\\/schema\\\/person\\\/1f4e491e0907b413d61089e8eb573acc\"},\"headline\":\"La r\u00e9novation du si\u00e8ge de l&rsquo;UGTT a co\u00fbt\u00e9 27 MD\",\"datePublished\":\"2024-05-01T14:43:00+00:00\",\"mainEntityOfPage\":{\"@id\":\"https:\\\/\\\/www.webdo.tn\\\/fr\\\/actualite\\\/national\\\/la-renovation-du-siege-de-l-ugtt-a-coute-27-md\\\/213908\\\/\"},\"wordCount\":133,\"commentCount\":0,\"publisher\":{\"@id\":\"https:\\\/\\\/www.webdo.tn\\\/fr\\\/#organization\"},\"image\":{\"@id\":\"https:\\\/\\\/www.webdo.tn\\\/fr\\\/actualite\\\/national\\\/la-renovation-du-siege-de-l-ugtt-a-coute-27-md\\\/213908\\\/#primaryimage\"},\"thumbnailUrl\":\"https:\\\/\\\/www.webdo.tn\\\/fr\\\/wp-content\\\/uploads\\\/2024\\\/05\\\/24bde57b65996d84d1e6aef59bb67227.webp\",\"keywords\":[\"co\u00fbt\",\"mohamed ali\",\"r\u00e9novation\",\"Si\u00e8ge\",\"Tunisie\",\"UGTT\"],\"articleSection\":[\"National\"],\"inLanguage\":\"fr-FR\"},{\"@type\":\"WebPage\",\"@id\":\"https:\\\/\\\/www.webdo.tn\\\/fr\\\/actualite\\\/national\\\/la-renovation-du-siege-de-l-ugtt-a-coute-27-md\\\/213908\\\/\",\"url\":\"https:\\\/\\\/www.webdo.tn\\\/fr\\\/actualite\\\/national\\\/la-renovation-du-siege-de-l-ugtt-a-coute-27-md\\\/213908\\\/\",\"name\":\"La r\u00e9novation du si\u00e8ge de l'UGTT a co\u00fbt\u00e9 27 MD\",\"isPartOf\":{\"@id\":\"https:\\\/\\\/www.webdo.tn\\\/fr\\\/#website\"},\"primaryImageOfPage\":{\"@id\":\"https:\\\/\\\/www.webdo.tn\\\/fr\\\/actualite\\\/national\\\/la-renovation-du-siege-de-l-ugtt-a-coute-27-md\\\/213908\\\/#primaryimage\"},\"image\":{\"@id\":\"https:\\\/\\\/www.webdo.tn\\\/fr\\\/actualite\\\/national\\\/la-renovation-du-siege-de-l-ugtt-a-coute-27-md\\\/213908\\\/#primaryimage\"},\"thumbnailUrl\":\"https:\\\/\\\/www.webdo.tn\\\/fr\\\/wp-content\\\/uploads\\\/2024\\\/05\\\/24bde57b65996d84d1e6aef59bb67227.webp\",\"datePublished\":\"2024-05-01T14:43:00+00:00\",\"description\":\"Le secr\u00e9taire g\u00e9n\u00e9ral de l'Union g\u00e9n\u00e9rale tunisienne du travail (UGTT) Noureddine Taboubi a inaugur\u00e9, en ce jour de la f\u00eate du travail, le si\u00e8ge, tout fraichem...\",\"breadcrumb\":{\"@id\":\"https:\\\/\\\/www.webdo.tn\\\/fr\\\/actualite\\\/national\\\/la-renovation-du-siege-de-l-ugtt-a-coute-27-md\\\/213908\\\/#breadcrumb\"},\"inLanguage\":\"fr-FR\",\"potentialAction\":[{\"@type\":\"ReadAction\",\"target\":[\"https:\\\/\\\/www.webdo.tn\\\/fr\\\/actualite\\\/national\\\/la-renovation-du-siege-de-l-ugtt-a-coute-27-md\\\/213908\\\/\"]}]},{\"@type\":\"ImageObject\",\"inLanguage\":\"fr-FR\",\"@id\":\"https:\\\/\\\/www.webdo.tn\\\/fr\\\/actualite\\\/national\\\/la-renovation-du-siege-de-l-ugtt-a-coute-27-md\\\/213908\\\/#primaryimage\",\"url\":\"https:\\\/\\\/www.webdo.tn\\\/fr\\\/wp-content\\\/uploads\\\/2024\\\/05\\\/24bde57b65996d84d1e6aef59bb67227.webp\",\"contentUrl\":\"https:\\\/\\\/www.webdo.tn\\\/fr\\\/wp-content\\\/uploads\\\/2024\\\/05\\\/24bde57b65996d84d1e6aef59bb67227.webp\",\"width\":750,\"height\":400,\"caption\":\"La r\u00e9novation du si\u00e8ge de l'UGTT a co\u00fbt\u00e9 27 MD\"},{\"@type\":\"BreadcrumbList\",\"@id\":\"https:\\\/\\\/www.webdo.tn\\\/fr\\\/actualite\\\/national\\\/la-renovation-du-siege-de-l-ugtt-a-coute-27-md\\\/213908\\\/#breadcrumb\",\"itemListElement\":[{\"@type\":\"ListItem\",\"position\":1,\"name\":\"Accueil\",\"item\":\"https:\\\/\\\/www.webdo.tn\\\/fr\\\/\"},{\"@type\":\"ListItem\",\"position\":2,\"name\":\"La r\u00e9novation du si\u00e8ge de l&#8217;UGTT a co\u00fbt\u00e9 27 MD\"}]},{\"@type\":\"WebSite\",\"@id\":\"https:\\\/\\\/www.webdo.tn\\\/fr\\\/#website\",\"url\":\"https:\\\/\\\/www.webdo.tn\\\/fr\\\/\",\"name\":\"webdo\",\"description\":\"Tunisie - News en Tunisie et \u00e0 l&#039;international sur Webdo.tn\",\"publisher\":{\"@id\":\"https:\\\/\\\/www.webdo.tn\\\/fr\\\/#organization\"},\"potentialAction\":[{\"@type\":\"SearchAction\",\"target\":{\"@type\":\"EntryPoint\",\"urlTemplate\":\"https:\\\/\\\/www.webdo.tn\\\/fr\\\/?s={search_term_string}\"},\"query-input\":{\"@type\":\"PropertyValueSpecification\",\"valueRequired\":true,\"valueName\":\"search_term_string\"}}],\"inLanguage\":\"fr-FR\"},{\"@type\":\"Organization\",\"@id\":\"https:\\\/\\\/www.webdo.tn\\\/fr\\\/#organization\",\"name\":\"Webdo\",\"alternateName\":\"Webdo.tn\",\"url\":\"https:\\\/\\\/www.webdo.tn\\\/fr\\\/\",\"logo\":{\"@type\":\"ImageObject\",\"inLanguage\":\"fr-FR\",\"@id\":\"https:\\\/\\\/www.webdo.tn\\\/fr\\\/#\\\/schema\\\/logo\\\/image\\\/\",\"url\":\"https:\\\/\\\/www.webdo.tn\\\/fr\\\/wp-content\\\/uploads\\\/2025\\\/06\\\/Webdo-Tunisie_168377.jpg\",\"contentUrl\":\"https:\\\/\\\/www.webdo.tn\\\/fr\\\/wp-content\\\/uploads\\\/2025\\\/06\\\/Webdo-Tunisie_168377.jpg\",\"width\":301,\"height\":301,\"caption\":\"Webdo\"},\"image\":{\"@id\":\"https:\\\/\\\/www.webdo.tn\\\/fr\\\/#\\\/schema\\\/logo\\\/image\\\/\"},\"sameAs\":[\"https:\\\/\\\/www.facebook.com\\\/webdotn\",\"https:\\\/\\\/x.com\\\/webdo_tn\"],\"description\":\"Webdo est un m\u00e9dia num\u00e9rique tunisien fond\u00e9 en 2010, sp\u00e9cialis\u00e9 dans l\u2019actualit\u00e9 nationale et internationale, l\u2019\u00e9conomie, la soci\u00e9t\u00e9 et les analyses politiques. Le site s\u2019adresse \u00e0 un large public francophone et couvre l\u2019information tunisienne en temps r\u00e9el.\",\"email\":\"redac@webdo.tn\",\"legalName\":\"YNJ SARL\",\"foundingDate\":\"2010-09-06\",\"numberOfEmployees\":{\"@type\":\"QuantitativeValue\",\"minValue\":\"11\",\"maxValue\":\"50\"}},{\"@type\":\"Person\",\"@id\":\"https:\\\/\\\/www.webdo.tn\\\/fr\\\/#\\\/schema\\\/person\\\/1f4e491e0907b413d61089e8eb573acc\",\"name\":\"Webdo\",\"image\":{\"@type\":\"ImageObject\",\"inLanguage\":\"fr-FR\",\"@id\":\"https:\\\/\\\/secure.gravatar.com\\\/avatar\\\/de97aeec1bb80978a9dbb127e47dfc88aaacb2f3c29aac907d8d3222e3495d49?s=96&d=mm&r=g\",\"url\":\"https:\\\/\\\/secure.gravatar.com\\\/avatar\\\/de97aeec1bb80978a9dbb127e47dfc88aaacb2f3c29aac907d8d3222e3495d49?s=96&d=mm&r=g\",\"contentUrl\":\"https:\\\/\\\/secure.gravatar.com\\\/avatar\\\/de97aeec1bb80978a9dbb127e47dfc88aaacb2f3c29aac907d8d3222e3495d49?s=96&d=mm&r=g\",\"caption\":\"Webdo\"},\"url\":\"https:\\\/\\\/www.webdo.tn\\\/fr\\\/actualite\\\/author\\\/webdo\\\/\"}]}<\/script>\n<!-- \/ Yoast SEO Premium plugin. -->","yoast_head_json":{"title":"La r\u00e9novation du si\u00e8ge de l'UGTT a co\u00fbt\u00e9 27 MD","description":"Le secr\u00e9taire g\u00e9n\u00e9ral de l'Union g\u00e9n\u00e9rale tunisienne du travail (UGTT) Noureddine Taboubi a inaugur\u00e9, en ce jour de la f\u00eate du travail, le si\u00e8ge, tout fraichem...","canonical":"https:\/\/www.webdo.tn\/fr\/actualite\/national\/la-renovation-du-siege-de-l-ugtt-a-coute-27-md\/213908\/","og_locale":"fr_FR","og_type":"article","og_title":"La r\u00e9novation du si\u00e8ge de l'UGTT a co\u00fbt\u00e9 27 MD","og_description":"Le secr\u00e9taire g\u00e9n\u00e9ral de l'Union g\u00e9n\u00e9rale tunisienne du travail (UGTT) Noureddine Taboubi a inaugur\u00e9, en ce jour de la f\u00eate du travail, le si\u00e8ge, tout fraichem...","og_url":"https:\/\/www.webdo.tn\/fr\/actualite\/national\/la-renovation-du-siege-de-l-ugtt-a-coute-27-md\/213908\/","og_site_name":"webdo","article_publisher":"https:\/\/www.facebook.com\/webdotn","article_published_time":"2024-05-01T14:43:00+00:00","og_image":[{"width":750,"height":400,"url":"https:\/\/www.webdo.tn\/fr\/wp-content\/uploads\/2024\/05\/24bde57b65996d84d1e6aef59bb67227.webp","type":"image\/webp"}],"author":"Webdo","twitter_card":"summary_large_image","twitter_creator":"@webdo_tn","twitter_site":"@webdo_tn","twitter_misc":{"\u00c9crit par":"Webdo","Dur\u00e9e de lecture estim\u00e9e":"1 minute"},"schema":{"@context":"https:\/\/schema.org","@graph":[{"@type":"NewsArticle","@id":"https:\/\/www.webdo.tn\/fr\/actualite\/national\/la-renovation-du-siege-de-l-ugtt-a-coute-27-md\/213908\/#article","isPartOf":{"@id":"https:\/\/www.webdo.tn\/fr\/actualite\/national\/la-renovation-du-siege-de-l-ugtt-a-coute-27-md\/213908\/"},"author":{"name":"Webdo","@id":"https:\/\/www.webdo.tn\/fr\/#\/schema\/person\/1f4e491e0907b413d61089e8eb573acc"},"headline":"La r\u00e9novation du si\u00e8ge de l&rsquo;UGTT a co\u00fbt\u00e9 27 MD","datePublished":"2024-05-01T14:43:00+00:00","mainEntityOfPage":{"@id":"https:\/\/www.webdo.tn\/fr\/actualite\/national\/la-renovation-du-siege-de-l-ugtt-a-coute-27-md\/213908\/"},"wordCount":133,"commentCount":0,"publisher":{"@id":"https:\/\/www.webdo.tn\/fr\/#organization"},"image":{"@id":"https:\/\/www.webdo.tn\/fr\/actualite\/national\/la-renovation-du-siege-de-l-ugtt-a-coute-27-md\/213908\/#primaryimage"},"thumbnailUrl":"https:\/\/www.webdo.tn\/fr\/wp-content\/uploads\/2024\/05\/24bde57b65996d84d1e6aef59bb67227.webp","keywords":["co\u00fbt","mohamed ali","r\u00e9novation","Si\u00e8ge","Tunisie","UGTT"],"articleSection":["National"],"inLanguage":"fr-FR"},{"@type":"WebPage","@id":"https:\/\/www.webdo.tn\/fr\/actualite\/national\/la-renovation-du-siege-de-l-ugtt-a-coute-27-md\/213908\/","url":"https:\/\/www.webdo.tn\/fr\/actualite\/national\/la-renovation-du-siege-de-l-ugtt-a-coute-27-md\/213908\/","name":"La r\u00e9novation du si\u00e8ge de l'UGTT a co\u00fbt\u00e9 27 MD","isPartOf":{"@id":"https:\/\/www.webdo.tn\/fr\/#website"},"primaryImageOfPage":{"@id":"https:\/\/www.webdo.tn\/fr\/actualite\/national\/la-renovation-du-siege-de-l-ugtt-a-coute-27-md\/213908\/#primaryimage"},"image":{"@id":"https:\/\/www.webdo.tn\/fr\/actualite\/national\/la-renovation-du-siege-de-l-ugtt-a-coute-27-md\/213908\/#primaryimage"},"thumbnailUrl":"https:\/\/www.webdo.tn\/fr\/wp-content\/uploads\/2024\/05\/24bde57b65996d84d1e6aef59bb67227.webp","datePublished":"2024-05-01T14:43:00+00:00","description":"Le secr\u00e9taire g\u00e9n\u00e9ral de l'Union g\u00e9n\u00e9rale tunisienne du travail (UGTT) Noureddine Taboubi a inaugur\u00e9, en ce jour de la f\u00eate du travail, le si\u00e8ge, tout fraichem...","breadcrumb":{"@id":"https:\/\/www.webdo.tn\/fr\/actualite\/national\/la-renovation-du-siege-de-l-ugtt-a-coute-27-md\/213908\/#breadcrumb"},"inLanguage":"fr-FR","potentialAction":[{"@type":"ReadAction","target":["https:\/\/www.webdo.tn\/fr\/actualite\/national\/la-renovation-du-siege-de-l-ugtt-a-coute-27-md\/213908\/"]}]},{"@type":"ImageObject","inLanguage":"fr-FR","@id":"https:\/\/www.webdo.tn\/fr\/actualite\/national\/la-renovation-du-siege-de-l-ugtt-a-coute-27-md\/213908\/#primaryimage","url":"https:\/\/www.webdo.tn\/fr\/wp-content\/uploads\/2024\/05\/24bde57b65996d84d1e6aef59bb67227.webp","contentUrl":"https:\/\/www.webdo.tn\/fr\/wp-content\/uploads\/2024\/05\/24bde57b65996d84d1e6aef59bb67227.webp","width":750,"height":400,"caption":"La r\u00e9novation du si\u00e8ge de l'UGTT a co\u00fbt\u00e9 27 MD"},{"@type":"BreadcrumbList","@id":"https:\/\/www.webdo.tn\/fr\/actualite\/national\/la-renovation-du-siege-de-l-ugtt-a-coute-27-md\/213908\/#breadcrumb","itemListElement":[{"@type":"ListItem","position":1,"name":"Accueil","item":"https:\/\/www.webdo.tn\/fr\/"},{"@type":"ListItem","position":2,"name":"La r\u00e9novation du si\u00e8ge de l&#8217;UGTT a co\u00fbt\u00e9 27 MD"}]},{"@type":"WebSite","@id":"https:\/\/www.webdo.tn\/fr\/#website","url":"https:\/\/www.webdo.tn\/fr\/","name":"webdo","description":"Tunisie - News en Tunisie et \u00e0 l&#039;international sur Webdo.tn","publisher":{"@id":"https:\/\/www.webdo.tn\/fr\/#organization"},"potentialAction":[{"@type":"SearchAction","target":{"@type":"EntryPoint","urlTemplate":"https:\/\/www.webdo.tn\/fr\/?s={search_term_string}"},"query-input":{"@type":"PropertyValueSpecification","valueRequired":true,"valueName":"search_term_string"}}],"inLanguage":"fr-FR"},{"@type":"Organization","@id":"https:\/\/www.webdo.tn\/fr\/#organization","name":"Webdo","alternateName":"Webdo.tn","url":"https:\/\/www.webdo.tn\/fr\/","logo":{"@type":"ImageObject","inLanguage":"fr-FR","@id":"https:\/\/www.webdo.tn\/fr\/#\/schema\/logo\/image\/","url":"https:\/\/www.webdo.tn\/fr\/wp-content\/uploads\/2025\/06\/Webdo-Tunisie_168377.jpg","contentUrl":"https:\/\/www.webdo.tn\/fr\/wp-content\/uploads\/2025\/06\/Webdo-Tunisie_168377.jpg","width":301,"height":301,"caption":"Webdo"},"image":{"@id":"https:\/\/www.webdo.tn\/fr\/#\/schema\/logo\/image\/"},"sameAs":["https:\/\/www.facebook.com\/webdotn","https:\/\/x.com\/webdo_tn"],"description":"Webdo est un m\u00e9dia num\u00e9rique tunisien fond\u00e9 en 2010, sp\u00e9cialis\u00e9 dans l\u2019actualit\u00e9 nationale et internationale, l\u2019\u00e9conomie, la soci\u00e9t\u00e9 et les analyses politiques. Le site s\u2019adresse \u00e0 un large public francophone et couvre l\u2019information tunisienne en temps r\u00e9el.","email":"redac@webdo.tn","legalName":"YNJ SARL","foundingDate":"2010-09-06","numberOfEmployees":{"@type":"QuantitativeValue","minValue":"11","maxValue":"50"}},{"@type":"Person","@id":"https:\/\/www.webdo.tn\/fr\/#\/schema\/person\/1f4e491e0907b413d61089e8eb573acc","name":"Webdo","image":{"@type":"ImageObject","inLanguage":"fr-FR","@id":"https:\/\/secure.gravatar.com\/avatar\/de97aeec1bb80978a9dbb127e47dfc88aaacb2f3c29aac907d8d3222e3495d49?s=96&d=mm&r=g","url":"https:\/\/secure.gravatar.com\/avatar\/de97aeec1bb80978a9dbb127e47dfc88aaacb2f3c29aac907d8d3222e3495d49?s=96&d=mm&r=g","contentUrl":"https:\/\/secure.gravatar.com\/avatar\/de97aeec1bb80978a9dbb127e47dfc88aaacb2f3c29aac907d8d3222e3495d49?s=96&d=mm&r=g","caption":"Webdo"},"url":"https:\/\/www.webdo.tn\/fr\/actualite\/author\/webdo\/"}]}},"_links":{"self":[{"href":"https:\/\/www.webdo.tn\/fr\/wp-json\/wp\/v2\/posts\/213908","targetHints":{"allow":["GET"]}}],"collection":[{"href":"https:\/\/www.webdo.tn\/fr\/wp-json\/wp\/v2\/posts"}],"about":[{"href":"https:\/\/www.webdo.tn\/fr\/wp-json\/wp\/v2\/types\/post"}],"author":[{"embeddable":true,"href":"https:\/\/www.webdo.tn\/fr\/wp-json\/wp\/v2\/users\/3169"}],"replies":[{"embeddable":true,"href":"https:\/\/www.webdo.tn\/fr\/wp-json\/wp\/v2\/comments?post=213908"}],"version-history":[{"count":0,"href":"https:\/\/www.webdo.tn\/fr\/wp-json\/wp\/v2\/posts\/213908\/revisions"}],"wp:featuredmedia":[{"embeddable":true,"href":"https:\/\/www.webdo.tn\/fr\/wp-json\/wp\/v2\/media\/247464"}],"wp:attachment":[{"href":"https:\/\/www.webdo.tn\/fr\/wp-json\/wp\/v2\/media?parent=213908"}],"wp:term":[{"taxonomy":"category","embeddable":true,"href":"https:\/\/www.webdo.tn\/fr\/wp-json\/wp\/v2\/categories?post=213908"},{"taxonomy":"post_tag","embeddable":true,"href":"https:\/\/www.webdo.tn\/fr\/wp-json\/wp\/v2\/tags?post=213908"}],"curies":[{"name":"wp","href":"https:\/\/api.w.org\/{rel}","templated":true}]}}