{"id":213906,"date":"2024-05-01T10:52:00","date_gmt":"2024-05-01T10:52:00","guid":{"rendered":"https:\/\/www.webdo.tn\/fr\/blog\/sport-la-tunisie-sanctionnee-par-l-agence-mondiale-antidopage-pour-non-conformite\/213906\/"},"modified":"2024-05-01T10:52:00","modified_gmt":"2024-05-01T10:52:00","slug":"sport-la-tunisie-sanctionnee-par-l-agence-mondiale-antidopage-pour-non-conformite","status":"publish","type":"post","link":"https:\/\/www.webdo.tn\/fr\/actualite\/sport\/sport-la-tunisie-sanctionnee-par-l-agence-mondiale-antidopage-pour-non-conformite\/213906\/","title":{"rendered":"La Tunisie sanctionn\u00e9e par l\u2019Agence mondiale antidopage pour non-conformit\u00e9"},"content":{"rendered":"<p>La Tunisie ne sera plus en mesure d&rsquo;organiser de comp\u00e9titions, r\u00e9gionales, continentales ou m\u00eame mondiales, suite aux sanctions d\u00e9cid\u00e9es par l\u2019Agence mondiale antidopage (AMA), cette semaine.<\/p>\n<p>\t\t\t\t\t\t\t\t\tDe plus, la Tunisie verra son drapeau rester en berne aux prochaines Jeux olympiques et paralympiques et ses repr\u00e9sentants ne seront pas non plus \u00e9ligibles pour occuper des postes au sein des comit\u00e9s ou conseils d\u2019administration de l&rsquo;Agence.<\/p>\n<p>Cette s\u00e9rie de sanction intervient est d\u00e9finitive et avec \u00ab\u00a0effet imm\u00e9diat\u00a0\u00bb, selon le communiqu\u00e9 publi\u00e9 par l&rsquo;AMA, qui reproche \u00e0 la Tunisie \u00ab\u00a0son incapacit\u00e9 \u00e0 mettre pleinement en \u0153uvre la version 2021 du code mondial antidopage au sein de son syst\u00e8me juridique\u00a0\u00bb.<\/p>\n<p>En effet, la Tunisie avait quatre mois, \u00e0 partir de novembre dernier, pour adopter \u00abun certain nombre de modifications aux textes l\u00e9gislatifs et r\u00e8glementaires\u00bb pour se conformer au code du cadre juridique tunisien. Chose qui n&rsquo;a \u00e9vidememnt pas\u00a0\u00e9t\u00e9 faite.<\/p>\n<p>D\u00e9cid\u00e9mment, le sport tunisien va de mal en pis&#8230;<\/p>\n","protected":false},"excerpt":{"rendered":"<p>La Tunisie ne sera plus en mesure d&rsquo;organiser de comp\u00e9titions, r\u00e9gionales, continentales ou m\u00eame mondiales, suite aux sanctions d\u00e9cid\u00e9es par l\u2019Agence mondiale a&#8230;<\/p>\n","protected":false},"author":3169,"featured_media":247462,"comment_status":"open","ping_status":"closed","sticky":false,"template":"","format":"standard","meta":{"footnotes":""},"categories":[2593],"tags":[5792,6070,6106,4416,2608],"class_list":["post-213906","post","type-post","status-publish","format-standard","has-post-thumbnail","hentry","category-sport","tag-ama","tag-dopage","tag-jo","tag-sport","tag-tunisie"],"yoast_head":"<!-- This site is optimized with the Yoast SEO Premium plugin v27.5 (Yoast SEO v27.5) - https:\/\/yoast.com\/product\/yoast-seo-premium-wordpress\/ -->\n<title>La Tunisie sanctionn\u00e9e par l\u2019Agence mondiale antidopage pour non-conformit\u00e9<\/title>\n<meta name=\"description\" content=\"La Tunisie ne sera plus en mesure d&#039;organiser de comp\u00e9titions, r\u00e9gionales, continentales ou m\u00eame mondiales, suite aux sanctions d\u00e9cid\u00e9es par l\u2019Agence mondiale a...\" \/>\n<link rel=\"canonical\" href=\"https:\/\/www.webdo.tn\/fr\/actualite\/sport\/sport-la-tunisie-sanctionnee-par-l-agence-mondiale-antidopage-pour-non-conformite\/213906\/\" \/>\n<meta property=\"og:locale\" content=\"fr_FR\" \/>\n<meta property=\"og:type\" content=\"article\" \/>\n<meta property=\"og:title\" content=\"La Tunisie sanctionn\u00e9e par l\u2019Agence mondiale antidopage pour non-conformit\u00e9\" \/>\n<meta property=\"og:description\" content=\"La Tunisie ne sera plus en mesure d&#039;organiser de comp\u00e9titions, r\u00e9gionales, continentales ou m\u00eame mondiales, suite aux sanctions d\u00e9cid\u00e9es par l\u2019Agence mondiale a...\" \/>\n<meta property=\"og:url\" content=\"https:\/\/www.webdo.tn\/fr\/actualite\/sport\/sport-la-tunisie-sanctionnee-par-l-agence-mondiale-antidopage-pour-non-conformite\/213906\/\" \/>\n<meta property=\"og:site_name\" content=\"webdo\" \/>\n<meta property=\"article:publisher\" content=\"https:\/\/www.facebook.com\/webdotn\" \/>\n<meta property=\"article:published_time\" content=\"2024-05-01T10:52:00+00:00\" \/>\n<meta property=\"og:image\" content=\"https:\/\/www.webdo.tn\/fr\/wp-content\/uploads\/2024\/05\/c3b59cfcae3f605ac2644008898a1099.webp\" \/>\n\t<meta property=\"og:image:width\" content=\"724\" \/>\n\t<meta property=\"og:image:height\" content=\"386\" \/>\n\t<meta property=\"og:image:type\" content=\"image\/webp\" \/>\n<meta name=\"author\" content=\"Webdo\" \/>\n<meta name=\"twitter:card\" content=\"summary_large_image\" \/>\n<meta name=\"twitter:creator\" content=\"@webdo_tn\" \/>\n<meta name=\"twitter:site\" content=\"@webdo_tn\" \/>\n<meta name=\"twitter:label1\" content=\"\u00c9crit par\" \/>\n\t<meta name=\"twitter:data1\" content=\"Webdo\" \/>\n\t<meta name=\"twitter:label2\" content=\"Dur\u00e9e de lecture estim\u00e9e\" \/>\n\t<meta name=\"twitter:data2\" content=\"1 minute\" \/>\n<script type=\"application\/ld+json\" class=\"yoast-schema-graph\">{\"@context\":\"https:\\\/\\\/schema.org\",\"@graph\":[{\"@type\":\"NewsArticle\",\"@id\":\"https:\\\/\\\/www.webdo.tn\\\/fr\\\/actualite\\\/sport\\\/sport-la-tunisie-sanctionnee-par-l-agence-mondiale-antidopage-pour-non-conformite\\\/213906\\\/#article\",\"isPartOf\":{\"@id\":\"https:\\\/\\\/www.webdo.tn\\\/fr\\\/actualite\\\/sport\\\/sport-la-tunisie-sanctionnee-par-l-agence-mondiale-antidopage-pour-non-conformite\\\/213906\\\/\"},\"author\":{\"name\":\"Webdo\",\"@id\":\"https:\\\/\\\/www.webdo.tn\\\/fr\\\/#\\\/schema\\\/person\\\/1f4e491e0907b413d61089e8eb573acc\"},\"headline\":\"La Tunisie sanctionn\u00e9e par l\u2019Agence mondiale antidopage pour non-conformit\u00e9\",\"datePublished\":\"2024-05-01T10:52:00+00:00\",\"mainEntityOfPage\":{\"@id\":\"https:\\\/\\\/www.webdo.tn\\\/fr\\\/actualite\\\/sport\\\/sport-la-tunisie-sanctionnee-par-l-agence-mondiale-antidopage-pour-non-conformite\\\/213906\\\/\"},\"wordCount\":183,\"commentCount\":0,\"publisher\":{\"@id\":\"https:\\\/\\\/www.webdo.tn\\\/fr\\\/#organization\"},\"image\":{\"@id\":\"https:\\\/\\\/www.webdo.tn\\\/fr\\\/actualite\\\/sport\\\/sport-la-tunisie-sanctionnee-par-l-agence-mondiale-antidopage-pour-non-conformite\\\/213906\\\/#primaryimage\"},\"thumbnailUrl\":\"https:\\\/\\\/www.webdo.tn\\\/fr\\\/wp-content\\\/uploads\\\/2024\\\/05\\\/c3b59cfcae3f605ac2644008898a1099.webp\",\"keywords\":[\"AMA\",\"dopage\",\"JO\",\"Sport\",\"Tunisie\"],\"articleSection\":[\"Sport\"],\"inLanguage\":\"fr-FR\"},{\"@type\":\"WebPage\",\"@id\":\"https:\\\/\\\/www.webdo.tn\\\/fr\\\/actualite\\\/sport\\\/sport-la-tunisie-sanctionnee-par-l-agence-mondiale-antidopage-pour-non-conformite\\\/213906\\\/\",\"url\":\"https:\\\/\\\/www.webdo.tn\\\/fr\\\/actualite\\\/sport\\\/sport-la-tunisie-sanctionnee-par-l-agence-mondiale-antidopage-pour-non-conformite\\\/213906\\\/\",\"name\":\"La Tunisie sanctionn\u00e9e par l\u2019Agence mondiale antidopage pour non-conformit\u00e9\",\"isPartOf\":{\"@id\":\"https:\\\/\\\/www.webdo.tn\\\/fr\\\/#website\"},\"primaryImageOfPage\":{\"@id\":\"https:\\\/\\\/www.webdo.tn\\\/fr\\\/actualite\\\/sport\\\/sport-la-tunisie-sanctionnee-par-l-agence-mondiale-antidopage-pour-non-conformite\\\/213906\\\/#primaryimage\"},\"image\":{\"@id\":\"https:\\\/\\\/www.webdo.tn\\\/fr\\\/actualite\\\/sport\\\/sport-la-tunisie-sanctionnee-par-l-agence-mondiale-antidopage-pour-non-conformite\\\/213906\\\/#primaryimage\"},\"thumbnailUrl\":\"https:\\\/\\\/www.webdo.tn\\\/fr\\\/wp-content\\\/uploads\\\/2024\\\/05\\\/c3b59cfcae3f605ac2644008898a1099.webp\",\"datePublished\":\"2024-05-01T10:52:00+00:00\",\"description\":\"La Tunisie ne sera plus en mesure d'organiser de comp\u00e9titions, r\u00e9gionales, continentales ou m\u00eame mondiales, suite aux sanctions d\u00e9cid\u00e9es par l\u2019Agence mondiale a...\",\"breadcrumb\":{\"@id\":\"https:\\\/\\\/www.webdo.tn\\\/fr\\\/actualite\\\/sport\\\/sport-la-tunisie-sanctionnee-par-l-agence-mondiale-antidopage-pour-non-conformite\\\/213906\\\/#breadcrumb\"},\"inLanguage\":\"fr-FR\",\"potentialAction\":[{\"@type\":\"ReadAction\",\"target\":[\"https:\\\/\\\/www.webdo.tn\\\/fr\\\/actualite\\\/sport\\\/sport-la-tunisie-sanctionnee-par-l-agence-mondiale-antidopage-pour-non-conformite\\\/213906\\\/\"]}]},{\"@type\":\"ImageObject\",\"inLanguage\":\"fr-FR\",\"@id\":\"https:\\\/\\\/www.webdo.tn\\\/fr\\\/actualite\\\/sport\\\/sport-la-tunisie-sanctionnee-par-l-agence-mondiale-antidopage-pour-non-conformite\\\/213906\\\/#primaryimage\",\"url\":\"https:\\\/\\\/www.webdo.tn\\\/fr\\\/wp-content\\\/uploads\\\/2024\\\/05\\\/c3b59cfcae3f605ac2644008898a1099.webp\",\"contentUrl\":\"https:\\\/\\\/www.webdo.tn\\\/fr\\\/wp-content\\\/uploads\\\/2024\\\/05\\\/c3b59cfcae3f605ac2644008898a1099.webp\",\"width\":724,\"height\":386,\"caption\":\"La Tunisie sanctionn\u00e9e par l\u2019Agence mondiale antidopage pour non-conformit\u00e9\"},{\"@type\":\"BreadcrumbList\",\"@id\":\"https:\\\/\\\/www.webdo.tn\\\/fr\\\/actualite\\\/sport\\\/sport-la-tunisie-sanctionnee-par-l-agence-mondiale-antidopage-pour-non-conformite\\\/213906\\\/#breadcrumb\",\"itemListElement\":[{\"@type\":\"ListItem\",\"position\":1,\"name\":\"Accueil\",\"item\":\"https:\\\/\\\/www.webdo.tn\\\/fr\\\/\"},{\"@type\":\"ListItem\",\"position\":2,\"name\":\"La Tunisie sanctionn\u00e9e par l\u2019Agence mondiale antidopage pour non-conformit\u00e9\"}]},{\"@type\":\"WebSite\",\"@id\":\"https:\\\/\\\/www.webdo.tn\\\/fr\\\/#website\",\"url\":\"https:\\\/\\\/www.webdo.tn\\\/fr\\\/\",\"name\":\"webdo\",\"description\":\"Tunisie - News en Tunisie et \u00e0 l&#039;international sur Webdo.tn\",\"publisher\":{\"@id\":\"https:\\\/\\\/www.webdo.tn\\\/fr\\\/#organization\"},\"potentialAction\":[{\"@type\":\"SearchAction\",\"target\":{\"@type\":\"EntryPoint\",\"urlTemplate\":\"https:\\\/\\\/www.webdo.tn\\\/fr\\\/?s={search_term_string}\"},\"query-input\":{\"@type\":\"PropertyValueSpecification\",\"valueRequired\":true,\"valueName\":\"search_term_string\"}}],\"inLanguage\":\"fr-FR\"},{\"@type\":\"Organization\",\"@id\":\"https:\\\/\\\/www.webdo.tn\\\/fr\\\/#organization\",\"name\":\"Webdo\",\"alternateName\":\"Webdo.tn\",\"url\":\"https:\\\/\\\/www.webdo.tn\\\/fr\\\/\",\"logo\":{\"@type\":\"ImageObject\",\"inLanguage\":\"fr-FR\",\"@id\":\"https:\\\/\\\/www.webdo.tn\\\/fr\\\/#\\\/schema\\\/logo\\\/image\\\/\",\"url\":\"https:\\\/\\\/www.webdo.tn\\\/fr\\\/wp-content\\\/uploads\\\/2025\\\/06\\\/Webdo-Tunisie_168377.jpg\",\"contentUrl\":\"https:\\\/\\\/www.webdo.tn\\\/fr\\\/wp-content\\\/uploads\\\/2025\\\/06\\\/Webdo-Tunisie_168377.jpg\",\"width\":301,\"height\":301,\"caption\":\"Webdo\"},\"image\":{\"@id\":\"https:\\\/\\\/www.webdo.tn\\\/fr\\\/#\\\/schema\\\/logo\\\/image\\\/\"},\"sameAs\":[\"https:\\\/\\\/www.facebook.com\\\/webdotn\",\"https:\\\/\\\/x.com\\\/webdo_tn\"],\"description\":\"Webdo est un m\u00e9dia num\u00e9rique tunisien fond\u00e9 en 2010, sp\u00e9cialis\u00e9 dans l\u2019actualit\u00e9 nationale et internationale, l\u2019\u00e9conomie, la soci\u00e9t\u00e9 et les analyses politiques. Le site s\u2019adresse \u00e0 un large public francophone et couvre l\u2019information tunisienne en temps r\u00e9el.\",\"email\":\"redac@webdo.tn\",\"legalName\":\"YNJ SARL\",\"foundingDate\":\"2010-09-06\",\"numberOfEmployees\":{\"@type\":\"QuantitativeValue\",\"minValue\":\"11\",\"maxValue\":\"50\"}},{\"@type\":\"Person\",\"@id\":\"https:\\\/\\\/www.webdo.tn\\\/fr\\\/#\\\/schema\\\/person\\\/1f4e491e0907b413d61089e8eb573acc\",\"name\":\"Webdo\",\"image\":{\"@type\":\"ImageObject\",\"inLanguage\":\"fr-FR\",\"@id\":\"https:\\\/\\\/secure.gravatar.com\\\/avatar\\\/de97aeec1bb80978a9dbb127e47dfc88aaacb2f3c29aac907d8d3222e3495d49?s=96&d=mm&r=g\",\"url\":\"https:\\\/\\\/secure.gravatar.com\\\/avatar\\\/de97aeec1bb80978a9dbb127e47dfc88aaacb2f3c29aac907d8d3222e3495d49?s=96&d=mm&r=g\",\"contentUrl\":\"https:\\\/\\\/secure.gravatar.com\\\/avatar\\\/de97aeec1bb80978a9dbb127e47dfc88aaacb2f3c29aac907d8d3222e3495d49?s=96&d=mm&r=g\",\"caption\":\"Webdo\"},\"url\":\"https:\\\/\\\/www.webdo.tn\\\/fr\\\/actualite\\\/author\\\/webdo\\\/\"}]}<\/script>\n<!-- \/ Yoast SEO Premium plugin. -->","yoast_head_json":{"title":"La Tunisie sanctionn\u00e9e par l\u2019Agence mondiale antidopage pour non-conformit\u00e9","description":"La Tunisie ne sera plus en mesure d'organiser de comp\u00e9titions, r\u00e9gionales, continentales ou m\u00eame mondiales, suite aux sanctions d\u00e9cid\u00e9es par l\u2019Agence mondiale a...","canonical":"https:\/\/www.webdo.tn\/fr\/actualite\/sport\/sport-la-tunisie-sanctionnee-par-l-agence-mondiale-antidopage-pour-non-conformite\/213906\/","og_locale":"fr_FR","og_type":"article","og_title":"La Tunisie sanctionn\u00e9e par l\u2019Agence mondiale antidopage pour non-conformit\u00e9","og_description":"La Tunisie ne sera plus en mesure d'organiser de comp\u00e9titions, r\u00e9gionales, continentales ou m\u00eame mondiales, suite aux sanctions d\u00e9cid\u00e9es par l\u2019Agence mondiale a...","og_url":"https:\/\/www.webdo.tn\/fr\/actualite\/sport\/sport-la-tunisie-sanctionnee-par-l-agence-mondiale-antidopage-pour-non-conformite\/213906\/","og_site_name":"webdo","article_publisher":"https:\/\/www.facebook.com\/webdotn","article_published_time":"2024-05-01T10:52:00+00:00","og_image":[{"width":724,"height":386,"url":"https:\/\/www.webdo.tn\/fr\/wp-content\/uploads\/2024\/05\/c3b59cfcae3f605ac2644008898a1099.webp","type":"image\/webp"}],"author":"Webdo","twitter_card":"summary_large_image","twitter_creator":"@webdo_tn","twitter_site":"@webdo_tn","twitter_misc":{"\u00c9crit par":"Webdo","Dur\u00e9e de lecture estim\u00e9e":"1 minute"},"schema":{"@context":"https:\/\/schema.org","@graph":[{"@type":"NewsArticle","@id":"https:\/\/www.webdo.tn\/fr\/actualite\/sport\/sport-la-tunisie-sanctionnee-par-l-agence-mondiale-antidopage-pour-non-conformite\/213906\/#article","isPartOf":{"@id":"https:\/\/www.webdo.tn\/fr\/actualite\/sport\/sport-la-tunisie-sanctionnee-par-l-agence-mondiale-antidopage-pour-non-conformite\/213906\/"},"author":{"name":"Webdo","@id":"https:\/\/www.webdo.tn\/fr\/#\/schema\/person\/1f4e491e0907b413d61089e8eb573acc"},"headline":"La Tunisie sanctionn\u00e9e par l\u2019Agence mondiale antidopage pour non-conformit\u00e9","datePublished":"2024-05-01T10:52:00+00:00","mainEntityOfPage":{"@id":"https:\/\/www.webdo.tn\/fr\/actualite\/sport\/sport-la-tunisie-sanctionnee-par-l-agence-mondiale-antidopage-pour-non-conformite\/213906\/"},"wordCount":183,"commentCount":0,"publisher":{"@id":"https:\/\/www.webdo.tn\/fr\/#organization"},"image":{"@id":"https:\/\/www.webdo.tn\/fr\/actualite\/sport\/sport-la-tunisie-sanctionnee-par-l-agence-mondiale-antidopage-pour-non-conformite\/213906\/#primaryimage"},"thumbnailUrl":"https:\/\/www.webdo.tn\/fr\/wp-content\/uploads\/2024\/05\/c3b59cfcae3f605ac2644008898a1099.webp","keywords":["AMA","dopage","JO","Sport","Tunisie"],"articleSection":["Sport"],"inLanguage":"fr-FR"},{"@type":"WebPage","@id":"https:\/\/www.webdo.tn\/fr\/actualite\/sport\/sport-la-tunisie-sanctionnee-par-l-agence-mondiale-antidopage-pour-non-conformite\/213906\/","url":"https:\/\/www.webdo.tn\/fr\/actualite\/sport\/sport-la-tunisie-sanctionnee-par-l-agence-mondiale-antidopage-pour-non-conformite\/213906\/","name":"La Tunisie sanctionn\u00e9e par l\u2019Agence mondiale antidopage pour non-conformit\u00e9","isPartOf":{"@id":"https:\/\/www.webdo.tn\/fr\/#website"},"primaryImageOfPage":{"@id":"https:\/\/www.webdo.tn\/fr\/actualite\/sport\/sport-la-tunisie-sanctionnee-par-l-agence-mondiale-antidopage-pour-non-conformite\/213906\/#primaryimage"},"image":{"@id":"https:\/\/www.webdo.tn\/fr\/actualite\/sport\/sport-la-tunisie-sanctionnee-par-l-agence-mondiale-antidopage-pour-non-conformite\/213906\/#primaryimage"},"thumbnailUrl":"https:\/\/www.webdo.tn\/fr\/wp-content\/uploads\/2024\/05\/c3b59cfcae3f605ac2644008898a1099.webp","datePublished":"2024-05-01T10:52:00+00:00","description":"La Tunisie ne sera plus en mesure d'organiser de comp\u00e9titions, r\u00e9gionales, continentales ou m\u00eame mondiales, suite aux sanctions d\u00e9cid\u00e9es par l\u2019Agence mondiale a...","breadcrumb":{"@id":"https:\/\/www.webdo.tn\/fr\/actualite\/sport\/sport-la-tunisie-sanctionnee-par-l-agence-mondiale-antidopage-pour-non-conformite\/213906\/#breadcrumb"},"inLanguage":"fr-FR","potentialAction":[{"@type":"ReadAction","target":["https:\/\/www.webdo.tn\/fr\/actualite\/sport\/sport-la-tunisie-sanctionnee-par-l-agence-mondiale-antidopage-pour-non-conformite\/213906\/"]}]},{"@type":"ImageObject","inLanguage":"fr-FR","@id":"https:\/\/www.webdo.tn\/fr\/actualite\/sport\/sport-la-tunisie-sanctionnee-par-l-agence-mondiale-antidopage-pour-non-conformite\/213906\/#primaryimage","url":"https:\/\/www.webdo.tn\/fr\/wp-content\/uploads\/2024\/05\/c3b59cfcae3f605ac2644008898a1099.webp","contentUrl":"https:\/\/www.webdo.tn\/fr\/wp-content\/uploads\/2024\/05\/c3b59cfcae3f605ac2644008898a1099.webp","width":724,"height":386,"caption":"La Tunisie sanctionn\u00e9e par l\u2019Agence mondiale antidopage pour non-conformit\u00e9"},{"@type":"BreadcrumbList","@id":"https:\/\/www.webdo.tn\/fr\/actualite\/sport\/sport-la-tunisie-sanctionnee-par-l-agence-mondiale-antidopage-pour-non-conformite\/213906\/#breadcrumb","itemListElement":[{"@type":"ListItem","position":1,"name":"Accueil","item":"https:\/\/www.webdo.tn\/fr\/"},{"@type":"ListItem","position":2,"name":"La Tunisie sanctionn\u00e9e par l\u2019Agence mondiale antidopage pour non-conformit\u00e9"}]},{"@type":"WebSite","@id":"https:\/\/www.webdo.tn\/fr\/#website","url":"https:\/\/www.webdo.tn\/fr\/","name":"webdo","description":"Tunisie - News en Tunisie et \u00e0 l&#039;international sur Webdo.tn","publisher":{"@id":"https:\/\/www.webdo.tn\/fr\/#organization"},"potentialAction":[{"@type":"SearchAction","target":{"@type":"EntryPoint","urlTemplate":"https:\/\/www.webdo.tn\/fr\/?s={search_term_string}"},"query-input":{"@type":"PropertyValueSpecification","valueRequired":true,"valueName":"search_term_string"}}],"inLanguage":"fr-FR"},{"@type":"Organization","@id":"https:\/\/www.webdo.tn\/fr\/#organization","name":"Webdo","alternateName":"Webdo.tn","url":"https:\/\/www.webdo.tn\/fr\/","logo":{"@type":"ImageObject","inLanguage":"fr-FR","@id":"https:\/\/www.webdo.tn\/fr\/#\/schema\/logo\/image\/","url":"https:\/\/www.webdo.tn\/fr\/wp-content\/uploads\/2025\/06\/Webdo-Tunisie_168377.jpg","contentUrl":"https:\/\/www.webdo.tn\/fr\/wp-content\/uploads\/2025\/06\/Webdo-Tunisie_168377.jpg","width":301,"height":301,"caption":"Webdo"},"image":{"@id":"https:\/\/www.webdo.tn\/fr\/#\/schema\/logo\/image\/"},"sameAs":["https:\/\/www.facebook.com\/webdotn","https:\/\/x.com\/webdo_tn"],"description":"Webdo est un m\u00e9dia num\u00e9rique tunisien fond\u00e9 en 2010, sp\u00e9cialis\u00e9 dans l\u2019actualit\u00e9 nationale et internationale, l\u2019\u00e9conomie, la soci\u00e9t\u00e9 et les analyses politiques. Le site s\u2019adresse \u00e0 un large public francophone et couvre l\u2019information tunisienne en temps r\u00e9el.","email":"redac@webdo.tn","legalName":"YNJ SARL","foundingDate":"2010-09-06","numberOfEmployees":{"@type":"QuantitativeValue","minValue":"11","maxValue":"50"}},{"@type":"Person","@id":"https:\/\/www.webdo.tn\/fr\/#\/schema\/person\/1f4e491e0907b413d61089e8eb573acc","name":"Webdo","image":{"@type":"ImageObject","inLanguage":"fr-FR","@id":"https:\/\/secure.gravatar.com\/avatar\/de97aeec1bb80978a9dbb127e47dfc88aaacb2f3c29aac907d8d3222e3495d49?s=96&d=mm&r=g","url":"https:\/\/secure.gravatar.com\/avatar\/de97aeec1bb80978a9dbb127e47dfc88aaacb2f3c29aac907d8d3222e3495d49?s=96&d=mm&r=g","contentUrl":"https:\/\/secure.gravatar.com\/avatar\/de97aeec1bb80978a9dbb127e47dfc88aaacb2f3c29aac907d8d3222e3495d49?s=96&d=mm&r=g","caption":"Webdo"},"url":"https:\/\/www.webdo.tn\/fr\/actualite\/author\/webdo\/"}]}},"_links":{"self":[{"href":"https:\/\/www.webdo.tn\/fr\/wp-json\/wp\/v2\/posts\/213906","targetHints":{"allow":["GET"]}}],"collection":[{"href":"https:\/\/www.webdo.tn\/fr\/wp-json\/wp\/v2\/posts"}],"about":[{"href":"https:\/\/www.webdo.tn\/fr\/wp-json\/wp\/v2\/types\/post"}],"author":[{"embeddable":true,"href":"https:\/\/www.webdo.tn\/fr\/wp-json\/wp\/v2\/users\/3169"}],"replies":[{"embeddable":true,"href":"https:\/\/www.webdo.tn\/fr\/wp-json\/wp\/v2\/comments?post=213906"}],"version-history":[{"count":0,"href":"https:\/\/www.webdo.tn\/fr\/wp-json\/wp\/v2\/posts\/213906\/revisions"}],"wp:featuredmedia":[{"embeddable":true,"href":"https:\/\/www.webdo.tn\/fr\/wp-json\/wp\/v2\/media\/247462"}],"wp:attachment":[{"href":"https:\/\/www.webdo.tn\/fr\/wp-json\/wp\/v2\/media?parent=213906"}],"wp:term":[{"taxonomy":"category","embeddable":true,"href":"https:\/\/www.webdo.tn\/fr\/wp-json\/wp\/v2\/categories?post=213906"},{"taxonomy":"post_tag","embeddable":true,"href":"https:\/\/www.webdo.tn\/fr\/wp-json\/wp\/v2\/tags?post=213906"}],"curies":[{"name":"wp","href":"https:\/\/api.w.org\/{rel}","templated":true}]}}