{"id":213875,"date":"2024-04-29T14:34:00","date_gmt":"2024-04-29T14:34:00","guid":{"rendered":"https:\/\/www.webdo.tn\/fr\/blog\/un-pret-de-1-2-milliard-de-dollars-accorde-par-l-itfc-a-la-tunisie\/213875\/"},"modified":"2025-05-20T21:51:06","modified_gmt":"2025-05-20T21:51:06","slug":"un-pret-de-1-2-milliard-de-dollars-accorde-par-l-itfc-a-la-tunisie","status":"publish","type":"post","link":"https:\/\/www.webdo.tn\/fr\/actualite\/national\/un-pret-de-1-2-milliard-de-dollars-accorde-par-l-itfc-a-la-tunisie\/213875\/","title":{"rendered":"Un accord-cadre d&rsquo;une valeur de 1,2 milliard de dollars sign\u00e9 entre la Tunisie et l&rsquo;ITFC"},"content":{"rendered":"<p>En marge de sa participation aux r\u00e9unions annuelles de la Banque islamique de d\u00e9veloppement qui se d\u00e9roulent du 27 au 30 avril \u00e0 Riyad en Arabie Saoudite, la ministre de l&rsquo;Economie et de la Planification, Feriel Ouerghi Seba\u00ef, a sign\u00e9 hier, avec Heni Salem Sombol, directeur ex\u00e9cutif  de la Soci\u00e9t\u00e9 internationale islamique de financement du commerce, un accord-cadre de coop\u00e9ration d&rsquo;une valeur de 1,2 milliard de dollars.<\/p>\n<p>\t\t\t\t\t\t\t\t\tParticipant aux r\u00e9unions annuelles de la Banque islamique de d\u00e9veloppement qui se d\u00e9roulent actuellement \u00e0 Riyad en Arabie Saoudite, la ministre de l&rsquo;Economie et de la Planification, Feriel Ouerghi Seba\u00ef, a sign\u00e9 dimanche 28 avril, avec Heni Salem Sombol, directeur ex\u00e9cutif\u00a0 de la Soci\u00e9t\u00e9 internationale islamique de financement du commerce, un accord-cadre de coop\u00e9ration d&rsquo;une valeur de 1,2 milliard de dollars.<\/p>\n<p>Cet accord-cadre de coop\u00e9ration court sur les trois prochaines ann\u00e9es, et l\u2019enveloppe financi\u00e8re de 1,2 milliard de dollars, soit environ 3,78 milliards de dinars, sera allou\u00e9e au financement des importations de mati\u00e8res premi\u00e8res telles que le p\u00e9trole brut et les produits d\u00e9riv\u00e9s, effectu\u00e9es par certaines entreprises publiques.<\/p>\n<p>Au cours de ces r\u00e9unions, la ministre a \u00e9galement rencontr\u00e9 Saad bin Abdulaziz Al-Khalab, PDG de la Banque saoudienne d&rsquo;import-export et Abdul Hamid Al-Khalifa, directeur g\u00e9n\u00e9ral du Fonds OPEP pour le d\u00e9veloppement international.<\/p>\n","protected":false},"excerpt":{"rendered":"<p>Participant aux r\u00e9unions annuelles de la Banque islamique de d\u00e9veloppement qui se d\u00e9roulent actuellement \u00e0 Riyad en Arabie Saoudite, la ministre de l&rsquo;Economie e&#8230;<\/p>\n","protected":false},"author":3162,"featured_media":247477,"comment_status":"open","ping_status":"closed","sticky":false,"template":"","format":"standard","meta":{"footnotes":""},"categories":[44],"tags":[6601,3002,4158,2608],"class_list":["post-213875","post","type-post","status-publish","format-standard","has-post-thumbnail","hentry","category-national","tag-accord-cadre","tag-arabie-saoudite","tag-credit","tag-tunisie"],"yoast_head":"<!-- This site is optimized with the Yoast SEO Premium plugin v27.5 (Yoast SEO v27.5) - https:\/\/yoast.com\/product\/yoast-seo-premium-wordpress\/ -->\n<title>Un accord-cadre d&#039;une valeur de 1,2 milliard de dollars sign\u00e9 entre la Tunisie et l&#039;ITFC<\/title>\n<meta name=\"description\" content=\"Participant aux r\u00e9unions annuelles de la Banque islamique de d\u00e9veloppement qui se d\u00e9roulent actuellement \u00e0 Riyad en Arabie Saoudite, la ministre de l&#039;Economie e...\" \/>\n<link rel=\"canonical\" href=\"https:\/\/www.webdo.tn\/fr\/actualite\/national\/un-pret-de-1-2-milliard-de-dollars-accorde-par-l-itfc-a-la-tunisie\/213875\/\" \/>\n<meta property=\"og:locale\" content=\"fr_FR\" \/>\n<meta property=\"og:type\" content=\"article\" \/>\n<meta property=\"og:title\" content=\"Un accord-cadre d&#039;une valeur de 1,2 milliard de dollars sign\u00e9 entre la Tunisie et l&#039;ITFC\" \/>\n<meta property=\"og:description\" content=\"Participant aux r\u00e9unions annuelles de la Banque islamique de d\u00e9veloppement qui se d\u00e9roulent actuellement \u00e0 Riyad en Arabie Saoudite, la ministre de l&#039;Economie e...\" \/>\n<meta property=\"og:url\" content=\"https:\/\/www.webdo.tn\/fr\/actualite\/national\/un-pret-de-1-2-milliard-de-dollars-accorde-par-l-itfc-a-la-tunisie\/213875\/\" \/>\n<meta property=\"og:site_name\" content=\"webdo\" \/>\n<meta property=\"article:publisher\" content=\"https:\/\/www.facebook.com\/webdotn\" \/>\n<meta property=\"article:published_time\" content=\"2024-04-29T14:34:00+00:00\" \/>\n<meta property=\"article:modified_time\" content=\"2025-05-20T21:51:06+00:00\" \/>\n<meta property=\"og:image\" content=\"https:\/\/www.webdo.tn\/fr\/wp-content\/uploads\/2024\/04\/6e9ad7a1b0802fabb6b9e1978bbbe632.webp\" \/>\n\t<meta property=\"og:image:width\" content=\"750\" \/>\n\t<meta property=\"og:image:height\" content=\"400\" \/>\n\t<meta property=\"og:image:type\" content=\"image\/webp\" \/>\n<meta name=\"author\" content=\"MC\" \/>\n<meta name=\"twitter:card\" content=\"summary_large_image\" \/>\n<meta name=\"twitter:creator\" content=\"@webdo_tn\" \/>\n<meta name=\"twitter:site\" content=\"@webdo_tn\" \/>\n<meta name=\"twitter:label1\" content=\"\u00c9crit par\" \/>\n\t<meta name=\"twitter:data1\" content=\"MC\" \/>\n\t<meta name=\"twitter:label2\" content=\"Dur\u00e9e de lecture estim\u00e9e\" \/>\n\t<meta name=\"twitter:data2\" content=\"1 minute\" \/>\n<script type=\"application\/ld+json\" class=\"yoast-schema-graph\">{\"@context\":\"https:\\\/\\\/schema.org\",\"@graph\":[{\"@type\":\"NewsArticle\",\"@id\":\"https:\\\/\\\/www.webdo.tn\\\/fr\\\/actualite\\\/national\\\/un-pret-de-1-2-milliard-de-dollars-accorde-par-l-itfc-a-la-tunisie\\\/213875\\\/#article\",\"isPartOf\":{\"@id\":\"https:\\\/\\\/www.webdo.tn\\\/fr\\\/actualite\\\/national\\\/un-pret-de-1-2-milliard-de-dollars-accorde-par-l-itfc-a-la-tunisie\\\/213875\\\/\"},\"author\":{\"name\":\"MC\",\"@id\":\"https:\\\/\\\/www.webdo.tn\\\/fr\\\/#\\\/schema\\\/person\\\/2c4929cbf5a809e3bd38617c6ce150f6\"},\"headline\":\"Un accord-cadre d&rsquo;une valeur de 1,2 milliard de dollars sign\u00e9 entre la Tunisie et l&rsquo;ITFC\",\"datePublished\":\"2024-04-29T14:34:00+00:00\",\"dateModified\":\"2025-05-20T21:51:06+00:00\",\"mainEntityOfPage\":{\"@id\":\"https:\\\/\\\/www.webdo.tn\\\/fr\\\/actualite\\\/national\\\/un-pret-de-1-2-milliard-de-dollars-accorde-par-l-itfc-a-la-tunisie\\\/213875\\\/\"},\"wordCount\":247,\"commentCount\":0,\"publisher\":{\"@id\":\"https:\\\/\\\/www.webdo.tn\\\/fr\\\/#organization\"},\"image\":{\"@id\":\"https:\\\/\\\/www.webdo.tn\\\/fr\\\/actualite\\\/national\\\/un-pret-de-1-2-milliard-de-dollars-accorde-par-l-itfc-a-la-tunisie\\\/213875\\\/#primaryimage\"},\"thumbnailUrl\":\"https:\\\/\\\/www.webdo.tn\\\/fr\\\/wp-content\\\/uploads\\\/2024\\\/04\\\/6e9ad7a1b0802fabb6b9e1978bbbe632.webp\",\"keywords\":[\"accord-cadre\",\"Arabie Saoudite\",\"Cr\u00e9dit\",\"Tunisie\"],\"articleSection\":[\"National\"],\"inLanguage\":\"fr-FR\"},{\"@type\":\"WebPage\",\"@id\":\"https:\\\/\\\/www.webdo.tn\\\/fr\\\/actualite\\\/national\\\/un-pret-de-1-2-milliard-de-dollars-accorde-par-l-itfc-a-la-tunisie\\\/213875\\\/\",\"url\":\"https:\\\/\\\/www.webdo.tn\\\/fr\\\/actualite\\\/national\\\/un-pret-de-1-2-milliard-de-dollars-accorde-par-l-itfc-a-la-tunisie\\\/213875\\\/\",\"name\":\"Un accord-cadre d'une valeur de 1,2 milliard de dollars sign\u00e9 entre la Tunisie et l'ITFC\",\"isPartOf\":{\"@id\":\"https:\\\/\\\/www.webdo.tn\\\/fr\\\/#website\"},\"primaryImageOfPage\":{\"@id\":\"https:\\\/\\\/www.webdo.tn\\\/fr\\\/actualite\\\/national\\\/un-pret-de-1-2-milliard-de-dollars-accorde-par-l-itfc-a-la-tunisie\\\/213875\\\/#primaryimage\"},\"image\":{\"@id\":\"https:\\\/\\\/www.webdo.tn\\\/fr\\\/actualite\\\/national\\\/un-pret-de-1-2-milliard-de-dollars-accorde-par-l-itfc-a-la-tunisie\\\/213875\\\/#primaryimage\"},\"thumbnailUrl\":\"https:\\\/\\\/www.webdo.tn\\\/fr\\\/wp-content\\\/uploads\\\/2024\\\/04\\\/6e9ad7a1b0802fabb6b9e1978bbbe632.webp\",\"datePublished\":\"2024-04-29T14:34:00+00:00\",\"dateModified\":\"2025-05-20T21:51:06+00:00\",\"description\":\"Participant aux r\u00e9unions annuelles de la Banque islamique de d\u00e9veloppement qui se d\u00e9roulent actuellement \u00e0 Riyad en Arabie Saoudite, la ministre de l'Economie e...\",\"breadcrumb\":{\"@id\":\"https:\\\/\\\/www.webdo.tn\\\/fr\\\/actualite\\\/national\\\/un-pret-de-1-2-milliard-de-dollars-accorde-par-l-itfc-a-la-tunisie\\\/213875\\\/#breadcrumb\"},\"inLanguage\":\"fr-FR\",\"potentialAction\":[{\"@type\":\"ReadAction\",\"target\":[\"https:\\\/\\\/www.webdo.tn\\\/fr\\\/actualite\\\/national\\\/un-pret-de-1-2-milliard-de-dollars-accorde-par-l-itfc-a-la-tunisie\\\/213875\\\/\"]}]},{\"@type\":\"ImageObject\",\"inLanguage\":\"fr-FR\",\"@id\":\"https:\\\/\\\/www.webdo.tn\\\/fr\\\/actualite\\\/national\\\/un-pret-de-1-2-milliard-de-dollars-accorde-par-l-itfc-a-la-tunisie\\\/213875\\\/#primaryimage\",\"url\":\"https:\\\/\\\/www.webdo.tn\\\/fr\\\/wp-content\\\/uploads\\\/2024\\\/04\\\/6e9ad7a1b0802fabb6b9e1978bbbe632.webp\",\"contentUrl\":\"https:\\\/\\\/www.webdo.tn\\\/fr\\\/wp-content\\\/uploads\\\/2024\\\/04\\\/6e9ad7a1b0802fabb6b9e1978bbbe632.webp\",\"width\":750,\"height\":400,\"caption\":\"Un accord-cadre d'une valeur de 1,2 milliard de dollars sign\u00e9 entre la Tunisie et l'ITFC\"},{\"@type\":\"BreadcrumbList\",\"@id\":\"https:\\\/\\\/www.webdo.tn\\\/fr\\\/actualite\\\/national\\\/un-pret-de-1-2-milliard-de-dollars-accorde-par-l-itfc-a-la-tunisie\\\/213875\\\/#breadcrumb\",\"itemListElement\":[{\"@type\":\"ListItem\",\"position\":1,\"name\":\"Accueil\",\"item\":\"https:\\\/\\\/www.webdo.tn\\\/fr\\\/\"},{\"@type\":\"ListItem\",\"position\":2,\"name\":\"Un accord-cadre d&#8217;une valeur de 1,2 milliard de dollars sign\u00e9 entre la Tunisie et l&#8217;ITFC\"}]},{\"@type\":\"WebSite\",\"@id\":\"https:\\\/\\\/www.webdo.tn\\\/fr\\\/#website\",\"url\":\"https:\\\/\\\/www.webdo.tn\\\/fr\\\/\",\"name\":\"webdo\",\"description\":\"Tunisie - News en Tunisie et \u00e0 l&#039;international sur Webdo.tn\",\"publisher\":{\"@id\":\"https:\\\/\\\/www.webdo.tn\\\/fr\\\/#organization\"},\"potentialAction\":[{\"@type\":\"SearchAction\",\"target\":{\"@type\":\"EntryPoint\",\"urlTemplate\":\"https:\\\/\\\/www.webdo.tn\\\/fr\\\/?s={search_term_string}\"},\"query-input\":{\"@type\":\"PropertyValueSpecification\",\"valueRequired\":true,\"valueName\":\"search_term_string\"}}],\"inLanguage\":\"fr-FR\"},{\"@type\":\"Organization\",\"@id\":\"https:\\\/\\\/www.webdo.tn\\\/fr\\\/#organization\",\"name\":\"Webdo\",\"alternateName\":\"Webdo.tn\",\"url\":\"https:\\\/\\\/www.webdo.tn\\\/fr\\\/\",\"logo\":{\"@type\":\"ImageObject\",\"inLanguage\":\"fr-FR\",\"@id\":\"https:\\\/\\\/www.webdo.tn\\\/fr\\\/#\\\/schema\\\/logo\\\/image\\\/\",\"url\":\"https:\\\/\\\/www.webdo.tn\\\/fr\\\/wp-content\\\/uploads\\\/2025\\\/06\\\/Webdo-Tunisie_168377.jpg\",\"contentUrl\":\"https:\\\/\\\/www.webdo.tn\\\/fr\\\/wp-content\\\/uploads\\\/2025\\\/06\\\/Webdo-Tunisie_168377.jpg\",\"width\":301,\"height\":301,\"caption\":\"Webdo\"},\"image\":{\"@id\":\"https:\\\/\\\/www.webdo.tn\\\/fr\\\/#\\\/schema\\\/logo\\\/image\\\/\"},\"sameAs\":[\"https:\\\/\\\/www.facebook.com\\\/webdotn\",\"https:\\\/\\\/x.com\\\/webdo_tn\"],\"description\":\"Webdo est un m\u00e9dia num\u00e9rique tunisien fond\u00e9 en 2010, sp\u00e9cialis\u00e9 dans l\u2019actualit\u00e9 nationale et internationale, l\u2019\u00e9conomie, la soci\u00e9t\u00e9 et les analyses politiques. Le site s\u2019adresse \u00e0 un large public francophone et couvre l\u2019information tunisienne en temps r\u00e9el.\",\"email\":\"redac@webdo.tn\",\"legalName\":\"YNJ SARL\",\"foundingDate\":\"2010-09-06\",\"numberOfEmployees\":{\"@type\":\"QuantitativeValue\",\"minValue\":\"11\",\"maxValue\":\"50\"}},{\"@type\":\"Person\",\"@id\":\"https:\\\/\\\/www.webdo.tn\\\/fr\\\/#\\\/schema\\\/person\\\/2c4929cbf5a809e3bd38617c6ce150f6\",\"name\":\"MC\",\"image\":{\"@type\":\"ImageObject\",\"inLanguage\":\"fr-FR\",\"@id\":\"https:\\\/\\\/secure.gravatar.com\\\/avatar\\\/a545bbb6f84efdd5553dbbc2895e3ca8f1d12c5215e00a041c9670b54aa9b18a?s=96&d=mm&r=g\",\"url\":\"https:\\\/\\\/secure.gravatar.com\\\/avatar\\\/a545bbb6f84efdd5553dbbc2895e3ca8f1d12c5215e00a041c9670b54aa9b18a?s=96&d=mm&r=g\",\"contentUrl\":\"https:\\\/\\\/secure.gravatar.com\\\/avatar\\\/a545bbb6f84efdd5553dbbc2895e3ca8f1d12c5215e00a041c9670b54aa9b18a?s=96&d=mm&r=g\",\"caption\":\"MC\"},\"url\":\"https:\\\/\\\/www.webdo.tn\\\/fr\\\/actualite\\\/author\\\/mc\\\/\"}]}<\/script>\n<!-- \/ Yoast SEO Premium plugin. -->","yoast_head_json":{"title":"Un accord-cadre d'une valeur de 1,2 milliard de dollars sign\u00e9 entre la Tunisie et l'ITFC","description":"Participant aux r\u00e9unions annuelles de la Banque islamique de d\u00e9veloppement qui se d\u00e9roulent actuellement \u00e0 Riyad en Arabie Saoudite, la ministre de l'Economie e...","canonical":"https:\/\/www.webdo.tn\/fr\/actualite\/national\/un-pret-de-1-2-milliard-de-dollars-accorde-par-l-itfc-a-la-tunisie\/213875\/","og_locale":"fr_FR","og_type":"article","og_title":"Un accord-cadre d'une valeur de 1,2 milliard de dollars sign\u00e9 entre la Tunisie et l'ITFC","og_description":"Participant aux r\u00e9unions annuelles de la Banque islamique de d\u00e9veloppement qui se d\u00e9roulent actuellement \u00e0 Riyad en Arabie Saoudite, la ministre de l'Economie e...","og_url":"https:\/\/www.webdo.tn\/fr\/actualite\/national\/un-pret-de-1-2-milliard-de-dollars-accorde-par-l-itfc-a-la-tunisie\/213875\/","og_site_name":"webdo","article_publisher":"https:\/\/www.facebook.com\/webdotn","article_published_time":"2024-04-29T14:34:00+00:00","article_modified_time":"2025-05-20T21:51:06+00:00","og_image":[{"width":750,"height":400,"url":"https:\/\/www.webdo.tn\/fr\/wp-content\/uploads\/2024\/04\/6e9ad7a1b0802fabb6b9e1978bbbe632.webp","type":"image\/webp"}],"author":"MC","twitter_card":"summary_large_image","twitter_creator":"@webdo_tn","twitter_site":"@webdo_tn","twitter_misc":{"\u00c9crit par":"MC","Dur\u00e9e de lecture estim\u00e9e":"1 minute"},"schema":{"@context":"https:\/\/schema.org","@graph":[{"@type":"NewsArticle","@id":"https:\/\/www.webdo.tn\/fr\/actualite\/national\/un-pret-de-1-2-milliard-de-dollars-accorde-par-l-itfc-a-la-tunisie\/213875\/#article","isPartOf":{"@id":"https:\/\/www.webdo.tn\/fr\/actualite\/national\/un-pret-de-1-2-milliard-de-dollars-accorde-par-l-itfc-a-la-tunisie\/213875\/"},"author":{"name":"MC","@id":"https:\/\/www.webdo.tn\/fr\/#\/schema\/person\/2c4929cbf5a809e3bd38617c6ce150f6"},"headline":"Un accord-cadre d&rsquo;une valeur de 1,2 milliard de dollars sign\u00e9 entre la Tunisie et l&rsquo;ITFC","datePublished":"2024-04-29T14:34:00+00:00","dateModified":"2025-05-20T21:51:06+00:00","mainEntityOfPage":{"@id":"https:\/\/www.webdo.tn\/fr\/actualite\/national\/un-pret-de-1-2-milliard-de-dollars-accorde-par-l-itfc-a-la-tunisie\/213875\/"},"wordCount":247,"commentCount":0,"publisher":{"@id":"https:\/\/www.webdo.tn\/fr\/#organization"},"image":{"@id":"https:\/\/www.webdo.tn\/fr\/actualite\/national\/un-pret-de-1-2-milliard-de-dollars-accorde-par-l-itfc-a-la-tunisie\/213875\/#primaryimage"},"thumbnailUrl":"https:\/\/www.webdo.tn\/fr\/wp-content\/uploads\/2024\/04\/6e9ad7a1b0802fabb6b9e1978bbbe632.webp","keywords":["accord-cadre","Arabie Saoudite","Cr\u00e9dit","Tunisie"],"articleSection":["National"],"inLanguage":"fr-FR"},{"@type":"WebPage","@id":"https:\/\/www.webdo.tn\/fr\/actualite\/national\/un-pret-de-1-2-milliard-de-dollars-accorde-par-l-itfc-a-la-tunisie\/213875\/","url":"https:\/\/www.webdo.tn\/fr\/actualite\/national\/un-pret-de-1-2-milliard-de-dollars-accorde-par-l-itfc-a-la-tunisie\/213875\/","name":"Un accord-cadre d'une valeur de 1,2 milliard de dollars sign\u00e9 entre la Tunisie et l'ITFC","isPartOf":{"@id":"https:\/\/www.webdo.tn\/fr\/#website"},"primaryImageOfPage":{"@id":"https:\/\/www.webdo.tn\/fr\/actualite\/national\/un-pret-de-1-2-milliard-de-dollars-accorde-par-l-itfc-a-la-tunisie\/213875\/#primaryimage"},"image":{"@id":"https:\/\/www.webdo.tn\/fr\/actualite\/national\/un-pret-de-1-2-milliard-de-dollars-accorde-par-l-itfc-a-la-tunisie\/213875\/#primaryimage"},"thumbnailUrl":"https:\/\/www.webdo.tn\/fr\/wp-content\/uploads\/2024\/04\/6e9ad7a1b0802fabb6b9e1978bbbe632.webp","datePublished":"2024-04-29T14:34:00+00:00","dateModified":"2025-05-20T21:51:06+00:00","description":"Participant aux r\u00e9unions annuelles de la Banque islamique de d\u00e9veloppement qui se d\u00e9roulent actuellement \u00e0 Riyad en Arabie Saoudite, la ministre de l'Economie e...","breadcrumb":{"@id":"https:\/\/www.webdo.tn\/fr\/actualite\/national\/un-pret-de-1-2-milliard-de-dollars-accorde-par-l-itfc-a-la-tunisie\/213875\/#breadcrumb"},"inLanguage":"fr-FR","potentialAction":[{"@type":"ReadAction","target":["https:\/\/www.webdo.tn\/fr\/actualite\/national\/un-pret-de-1-2-milliard-de-dollars-accorde-par-l-itfc-a-la-tunisie\/213875\/"]}]},{"@type":"ImageObject","inLanguage":"fr-FR","@id":"https:\/\/www.webdo.tn\/fr\/actualite\/national\/un-pret-de-1-2-milliard-de-dollars-accorde-par-l-itfc-a-la-tunisie\/213875\/#primaryimage","url":"https:\/\/www.webdo.tn\/fr\/wp-content\/uploads\/2024\/04\/6e9ad7a1b0802fabb6b9e1978bbbe632.webp","contentUrl":"https:\/\/www.webdo.tn\/fr\/wp-content\/uploads\/2024\/04\/6e9ad7a1b0802fabb6b9e1978bbbe632.webp","width":750,"height":400,"caption":"Un accord-cadre d'une valeur de 1,2 milliard de dollars sign\u00e9 entre la Tunisie et l'ITFC"},{"@type":"BreadcrumbList","@id":"https:\/\/www.webdo.tn\/fr\/actualite\/national\/un-pret-de-1-2-milliard-de-dollars-accorde-par-l-itfc-a-la-tunisie\/213875\/#breadcrumb","itemListElement":[{"@type":"ListItem","position":1,"name":"Accueil","item":"https:\/\/www.webdo.tn\/fr\/"},{"@type":"ListItem","position":2,"name":"Un accord-cadre d&#8217;une valeur de 1,2 milliard de dollars sign\u00e9 entre la Tunisie et l&#8217;ITFC"}]},{"@type":"WebSite","@id":"https:\/\/www.webdo.tn\/fr\/#website","url":"https:\/\/www.webdo.tn\/fr\/","name":"webdo","description":"Tunisie - News en Tunisie et \u00e0 l&#039;international sur Webdo.tn","publisher":{"@id":"https:\/\/www.webdo.tn\/fr\/#organization"},"potentialAction":[{"@type":"SearchAction","target":{"@type":"EntryPoint","urlTemplate":"https:\/\/www.webdo.tn\/fr\/?s={search_term_string}"},"query-input":{"@type":"PropertyValueSpecification","valueRequired":true,"valueName":"search_term_string"}}],"inLanguage":"fr-FR"},{"@type":"Organization","@id":"https:\/\/www.webdo.tn\/fr\/#organization","name":"Webdo","alternateName":"Webdo.tn","url":"https:\/\/www.webdo.tn\/fr\/","logo":{"@type":"ImageObject","inLanguage":"fr-FR","@id":"https:\/\/www.webdo.tn\/fr\/#\/schema\/logo\/image\/","url":"https:\/\/www.webdo.tn\/fr\/wp-content\/uploads\/2025\/06\/Webdo-Tunisie_168377.jpg","contentUrl":"https:\/\/www.webdo.tn\/fr\/wp-content\/uploads\/2025\/06\/Webdo-Tunisie_168377.jpg","width":301,"height":301,"caption":"Webdo"},"image":{"@id":"https:\/\/www.webdo.tn\/fr\/#\/schema\/logo\/image\/"},"sameAs":["https:\/\/www.facebook.com\/webdotn","https:\/\/x.com\/webdo_tn"],"description":"Webdo est un m\u00e9dia num\u00e9rique tunisien fond\u00e9 en 2010, sp\u00e9cialis\u00e9 dans l\u2019actualit\u00e9 nationale et internationale, l\u2019\u00e9conomie, la soci\u00e9t\u00e9 et les analyses politiques. Le site s\u2019adresse \u00e0 un large public francophone et couvre l\u2019information tunisienne en temps r\u00e9el.","email":"redac@webdo.tn","legalName":"YNJ SARL","foundingDate":"2010-09-06","numberOfEmployees":{"@type":"QuantitativeValue","minValue":"11","maxValue":"50"}},{"@type":"Person","@id":"https:\/\/www.webdo.tn\/fr\/#\/schema\/person\/2c4929cbf5a809e3bd38617c6ce150f6","name":"MC","image":{"@type":"ImageObject","inLanguage":"fr-FR","@id":"https:\/\/secure.gravatar.com\/avatar\/a545bbb6f84efdd5553dbbc2895e3ca8f1d12c5215e00a041c9670b54aa9b18a?s=96&d=mm&r=g","url":"https:\/\/secure.gravatar.com\/avatar\/a545bbb6f84efdd5553dbbc2895e3ca8f1d12c5215e00a041c9670b54aa9b18a?s=96&d=mm&r=g","contentUrl":"https:\/\/secure.gravatar.com\/avatar\/a545bbb6f84efdd5553dbbc2895e3ca8f1d12c5215e00a041c9670b54aa9b18a?s=96&d=mm&r=g","caption":"MC"},"url":"https:\/\/www.webdo.tn\/fr\/actualite\/author\/mc\/"}]}},"_links":{"self":[{"href":"https:\/\/www.webdo.tn\/fr\/wp-json\/wp\/v2\/posts\/213875","targetHints":{"allow":["GET"]}}],"collection":[{"href":"https:\/\/www.webdo.tn\/fr\/wp-json\/wp\/v2\/posts"}],"about":[{"href":"https:\/\/www.webdo.tn\/fr\/wp-json\/wp\/v2\/types\/post"}],"author":[{"embeddable":true,"href":"https:\/\/www.webdo.tn\/fr\/wp-json\/wp\/v2\/users\/3162"}],"replies":[{"embeddable":true,"href":"https:\/\/www.webdo.tn\/fr\/wp-json\/wp\/v2\/comments?post=213875"}],"version-history":[{"count":0,"href":"https:\/\/www.webdo.tn\/fr\/wp-json\/wp\/v2\/posts\/213875\/revisions"}],"wp:featuredmedia":[{"embeddable":true,"href":"https:\/\/www.webdo.tn\/fr\/wp-json\/wp\/v2\/media\/247477"}],"wp:attachment":[{"href":"https:\/\/www.webdo.tn\/fr\/wp-json\/wp\/v2\/media?parent=213875"}],"wp:term":[{"taxonomy":"category","embeddable":true,"href":"https:\/\/www.webdo.tn\/fr\/wp-json\/wp\/v2\/categories?post=213875"},{"taxonomy":"post_tag","embeddable":true,"href":"https:\/\/www.webdo.tn\/fr\/wp-json\/wp\/v2\/tags?post=213875"}],"curies":[{"name":"wp","href":"https:\/\/api.w.org\/{rel}","templated":true}]}}