{"id":213855,"date":"2024-04-28T11:01:00","date_gmt":"2024-04-28T11:01:00","guid":{"rendered":"https:\/\/www.webdo.tn\/fr\/blog\/la-foire-international-du-livre-de-tunis-tres-faible-affluence\/213855\/"},"modified":"2025-05-20T22:36:36","modified_gmt":"2025-05-20T22:36:36","slug":"la-foire-international-du-livre-de-tunis-tres-faible-affluence","status":"publish","type":"post","link":"https:\/\/www.webdo.tn\/fr\/actualite\/culture\/la-foire-international-du-livre-de-tunis-tres-faible-affluence\/213855\/","title":{"rendered":"Foire internationale du Livre de Tunis : Tr\u00e8s faible affluence !"},"content":{"rendered":"<p>Selon l&rsquo;Union des \u00c9diteurs Tunisiens, la 38\u00e8me \u00e9dition du Salon International du Livre de Tunis connait une faible affluence.<\/p>\n<p>\t\t\t\t\t\t\t\t\tSon tr\u00e9sorier, Bechir Marzouk, estime dans ce sens que cette \u00e9dition exceptionnelle a marqu\u00e9 une r\u00e9ussite sur le plan organisationnel, mais a \u00e9t\u00e9 entach\u00e9e de quelques irr\u00e9gularit\u00e9s, notamment au niveau de la publicit\u00e9 et de la promotion.\u00a0<\/p>\n<p>S\u2019exprimant dans des d\u00e9clarations m\u00e9diatiques, Marzouk a soulign\u00e9 que la Foire a connu une tr\u00e8s faible affluence compar\u00e9 aux ann\u00e9es pr\u00e9c\u00e9dentes, ce qui a affect\u00e9 le taux de vente.<\/p>\n<p>Le tr\u00e9sorier de l&rsquo;Union des \u00c9diteurs Tunisiens a pr\u00e9cis\u00e9 qu&rsquo;ils ont demand\u00e9 une prolongation de trois jours pour la Foire, une demande qui a \u00e9t\u00e9 refus\u00e9e.\u00a0<br \/>\nIl a \u00e9galement appel\u00e9 \u00e0 la n\u00e9cessit\u00e9 d&rsquo;examiner toutes les irr\u00e9gularit\u00e9s de cette \u00e9dition et de travailler \u00e0 les surmonter au cours des ann\u00e9es \u00e0 venir.<\/p>\n","protected":false},"excerpt":{"rendered":"<p>Son tr\u00e9sorier, Bechir Marzouk, estime dans ce sens que cette \u00e9dition exceptionnelle a marqu\u00e9 une r\u00e9ussite sur le plan organisationnel, mais a \u00e9t\u00e9 entach\u00e9e de qu&#8230;<\/p>\n","protected":false},"author":3175,"featured_media":247470,"comment_status":"open","ping_status":"closed","sticky":false,"template":"","format":"standard","meta":{"footnotes":""},"categories":[2594],"tags":[6589,6588,2608],"class_list":["post-213855","post","type-post","status-publish","format-standard","has-post-thumbnail","hentry","category-culture","tag-affluence","tag-foire-du-livre","tag-tunisie"],"yoast_head":"<!-- This site is optimized with the Yoast SEO Premium plugin v27.5 (Yoast SEO v27.5) - https:\/\/yoast.com\/product\/yoast-seo-premium-wordpress\/ -->\n<title>Foire internationale du Livre de Tunis : Tr\u00e8s faible affluence !<\/title>\n<meta name=\"description\" content=\"Son tr\u00e9sorier, Bechir Marzouk, estime dans ce sens que cette \u00e9dition exceptionnelle a marqu\u00e9 une r\u00e9ussite sur le plan organisationnel, mais a \u00e9t\u00e9 entach\u00e9e de qu...\" \/>\n<link rel=\"canonical\" href=\"https:\/\/www.webdo.tn\/fr\/actualite\/culture\/la-foire-international-du-livre-de-tunis-tres-faible-affluence\/213855\/\" \/>\n<meta property=\"og:locale\" content=\"fr_FR\" \/>\n<meta property=\"og:type\" content=\"article\" \/>\n<meta property=\"og:title\" content=\"Foire internationale du Livre de Tunis : Tr\u00e8s faible affluence !\" \/>\n<meta property=\"og:description\" content=\"Son tr\u00e9sorier, Bechir Marzouk, estime dans ce sens que cette \u00e9dition exceptionnelle a marqu\u00e9 une r\u00e9ussite sur le plan organisationnel, mais a \u00e9t\u00e9 entach\u00e9e de qu...\" \/>\n<meta property=\"og:url\" content=\"https:\/\/www.webdo.tn\/fr\/actualite\/culture\/la-foire-international-du-livre-de-tunis-tres-faible-affluence\/213855\/\" \/>\n<meta property=\"og:site_name\" content=\"webdo\" \/>\n<meta property=\"article:publisher\" content=\"https:\/\/www.facebook.com\/webdotn\" \/>\n<meta property=\"article:published_time\" content=\"2024-04-28T11:01:00+00:00\" \/>\n<meta property=\"article:modified_time\" content=\"2025-05-20T22:36:36+00:00\" \/>\n<meta property=\"og:image\" content=\"https:\/\/www.webdo.tn\/fr\/wp-content\/uploads\/2024\/04\/0d8a743b6e3f1d579d63264c49ae7f5e.webp\" \/>\n\t<meta property=\"og:image:width\" content=\"750\" \/>\n\t<meta property=\"og:image:height\" content=\"400\" \/>\n\t<meta property=\"og:image:type\" content=\"image\/webp\" \/>\n<meta name=\"author\" content=\"CL\" \/>\n<meta name=\"twitter:card\" content=\"summary_large_image\" \/>\n<meta name=\"twitter:creator\" content=\"@webdo_tn\" \/>\n<meta name=\"twitter:site\" content=\"@webdo_tn\" \/>\n<meta name=\"twitter:label1\" content=\"\u00c9crit par\" \/>\n\t<meta name=\"twitter:data1\" content=\"CL\" \/>\n\t<meta name=\"twitter:label2\" content=\"Dur\u00e9e de lecture estim\u00e9e\" \/>\n\t<meta name=\"twitter:data2\" content=\"1 minute\" \/>\n<script type=\"application\/ld+json\" class=\"yoast-schema-graph\">{\"@context\":\"https:\\\/\\\/schema.org\",\"@graph\":[{\"@type\":\"NewsArticle\",\"@id\":\"https:\\\/\\\/www.webdo.tn\\\/fr\\\/actualite\\\/culture\\\/la-foire-international-du-livre-de-tunis-tres-faible-affluence\\\/213855\\\/#article\",\"isPartOf\":{\"@id\":\"https:\\\/\\\/www.webdo.tn\\\/fr\\\/actualite\\\/culture\\\/la-foire-international-du-livre-de-tunis-tres-faible-affluence\\\/213855\\\/\"},\"author\":{\"name\":\"CL\",\"@id\":\"https:\\\/\\\/www.webdo.tn\\\/fr\\\/#\\\/schema\\\/person\\\/f35b42a42c5e2511bbd282959d6385cc\"},\"headline\":\"Foire internationale du Livre de Tunis : Tr\u00e8s faible affluence !\",\"datePublished\":\"2024-04-28T11:01:00+00:00\",\"dateModified\":\"2025-05-20T22:36:36+00:00\",\"mainEntityOfPage\":{\"@id\":\"https:\\\/\\\/www.webdo.tn\\\/fr\\\/actualite\\\/culture\\\/la-foire-international-du-livre-de-tunis-tres-faible-affluence\\\/213855\\\/\"},\"wordCount\":167,\"commentCount\":0,\"publisher\":{\"@id\":\"https:\\\/\\\/www.webdo.tn\\\/fr\\\/#organization\"},\"image\":{\"@id\":\"https:\\\/\\\/www.webdo.tn\\\/fr\\\/actualite\\\/culture\\\/la-foire-international-du-livre-de-tunis-tres-faible-affluence\\\/213855\\\/#primaryimage\"},\"thumbnailUrl\":\"https:\\\/\\\/www.webdo.tn\\\/fr\\\/wp-content\\\/uploads\\\/2024\\\/04\\\/0d8a743b6e3f1d579d63264c49ae7f5e.webp\",\"keywords\":[\"Affluence\",\"foire du livre\",\"Tunisie\"],\"articleSection\":[\"Culture\"],\"inLanguage\":\"fr-FR\"},{\"@type\":\"WebPage\",\"@id\":\"https:\\\/\\\/www.webdo.tn\\\/fr\\\/actualite\\\/culture\\\/la-foire-international-du-livre-de-tunis-tres-faible-affluence\\\/213855\\\/\",\"url\":\"https:\\\/\\\/www.webdo.tn\\\/fr\\\/actualite\\\/culture\\\/la-foire-international-du-livre-de-tunis-tres-faible-affluence\\\/213855\\\/\",\"name\":\"Foire internationale du Livre de Tunis : Tr\u00e8s faible affluence !\",\"isPartOf\":{\"@id\":\"https:\\\/\\\/www.webdo.tn\\\/fr\\\/#website\"},\"primaryImageOfPage\":{\"@id\":\"https:\\\/\\\/www.webdo.tn\\\/fr\\\/actualite\\\/culture\\\/la-foire-international-du-livre-de-tunis-tres-faible-affluence\\\/213855\\\/#primaryimage\"},\"image\":{\"@id\":\"https:\\\/\\\/www.webdo.tn\\\/fr\\\/actualite\\\/culture\\\/la-foire-international-du-livre-de-tunis-tres-faible-affluence\\\/213855\\\/#primaryimage\"},\"thumbnailUrl\":\"https:\\\/\\\/www.webdo.tn\\\/fr\\\/wp-content\\\/uploads\\\/2024\\\/04\\\/0d8a743b6e3f1d579d63264c49ae7f5e.webp\",\"datePublished\":\"2024-04-28T11:01:00+00:00\",\"dateModified\":\"2025-05-20T22:36:36+00:00\",\"description\":\"Son tr\u00e9sorier, Bechir Marzouk, estime dans ce sens que cette \u00e9dition exceptionnelle a marqu\u00e9 une r\u00e9ussite sur le plan organisationnel, mais a \u00e9t\u00e9 entach\u00e9e de qu...\",\"breadcrumb\":{\"@id\":\"https:\\\/\\\/www.webdo.tn\\\/fr\\\/actualite\\\/culture\\\/la-foire-international-du-livre-de-tunis-tres-faible-affluence\\\/213855\\\/#breadcrumb\"},\"inLanguage\":\"fr-FR\",\"potentialAction\":[{\"@type\":\"ReadAction\",\"target\":[\"https:\\\/\\\/www.webdo.tn\\\/fr\\\/actualite\\\/culture\\\/la-foire-international-du-livre-de-tunis-tres-faible-affluence\\\/213855\\\/\"]}]},{\"@type\":\"ImageObject\",\"inLanguage\":\"fr-FR\",\"@id\":\"https:\\\/\\\/www.webdo.tn\\\/fr\\\/actualite\\\/culture\\\/la-foire-international-du-livre-de-tunis-tres-faible-affluence\\\/213855\\\/#primaryimage\",\"url\":\"https:\\\/\\\/www.webdo.tn\\\/fr\\\/wp-content\\\/uploads\\\/2024\\\/04\\\/0d8a743b6e3f1d579d63264c49ae7f5e.webp\",\"contentUrl\":\"https:\\\/\\\/www.webdo.tn\\\/fr\\\/wp-content\\\/uploads\\\/2024\\\/04\\\/0d8a743b6e3f1d579d63264c49ae7f5e.webp\",\"width\":750,\"height\":400,\"caption\":\"Foire internationale du Livre de Tunis : Tr\u00e8s faible affluence !\"},{\"@type\":\"BreadcrumbList\",\"@id\":\"https:\\\/\\\/www.webdo.tn\\\/fr\\\/actualite\\\/culture\\\/la-foire-international-du-livre-de-tunis-tres-faible-affluence\\\/213855\\\/#breadcrumb\",\"itemListElement\":[{\"@type\":\"ListItem\",\"position\":1,\"name\":\"Accueil\",\"item\":\"https:\\\/\\\/www.webdo.tn\\\/fr\\\/\"},{\"@type\":\"ListItem\",\"position\":2,\"name\":\"Foire internationale du Livre de Tunis : Tr\u00e8s faible affluence !\"}]},{\"@type\":\"WebSite\",\"@id\":\"https:\\\/\\\/www.webdo.tn\\\/fr\\\/#website\",\"url\":\"https:\\\/\\\/www.webdo.tn\\\/fr\\\/\",\"name\":\"webdo\",\"description\":\"Tunisie - News en Tunisie et \u00e0 l&#039;international sur Webdo.tn\",\"publisher\":{\"@id\":\"https:\\\/\\\/www.webdo.tn\\\/fr\\\/#organization\"},\"potentialAction\":[{\"@type\":\"SearchAction\",\"target\":{\"@type\":\"EntryPoint\",\"urlTemplate\":\"https:\\\/\\\/www.webdo.tn\\\/fr\\\/?s={search_term_string}\"},\"query-input\":{\"@type\":\"PropertyValueSpecification\",\"valueRequired\":true,\"valueName\":\"search_term_string\"}}],\"inLanguage\":\"fr-FR\"},{\"@type\":\"Organization\",\"@id\":\"https:\\\/\\\/www.webdo.tn\\\/fr\\\/#organization\",\"name\":\"Webdo\",\"alternateName\":\"Webdo.tn\",\"url\":\"https:\\\/\\\/www.webdo.tn\\\/fr\\\/\",\"logo\":{\"@type\":\"ImageObject\",\"inLanguage\":\"fr-FR\",\"@id\":\"https:\\\/\\\/www.webdo.tn\\\/fr\\\/#\\\/schema\\\/logo\\\/image\\\/\",\"url\":\"https:\\\/\\\/www.webdo.tn\\\/fr\\\/wp-content\\\/uploads\\\/2025\\\/06\\\/Webdo-Tunisie_168377.jpg\",\"contentUrl\":\"https:\\\/\\\/www.webdo.tn\\\/fr\\\/wp-content\\\/uploads\\\/2025\\\/06\\\/Webdo-Tunisie_168377.jpg\",\"width\":301,\"height\":301,\"caption\":\"Webdo\"},\"image\":{\"@id\":\"https:\\\/\\\/www.webdo.tn\\\/fr\\\/#\\\/schema\\\/logo\\\/image\\\/\"},\"sameAs\":[\"https:\\\/\\\/www.facebook.com\\\/webdotn\",\"https:\\\/\\\/x.com\\\/webdo_tn\"],\"description\":\"Webdo est un m\u00e9dia num\u00e9rique tunisien fond\u00e9 en 2010, sp\u00e9cialis\u00e9 dans l\u2019actualit\u00e9 nationale et internationale, l\u2019\u00e9conomie, la soci\u00e9t\u00e9 et les analyses politiques. Le site s\u2019adresse \u00e0 un large public francophone et couvre l\u2019information tunisienne en temps r\u00e9el.\",\"email\":\"redac@webdo.tn\",\"legalName\":\"YNJ SARL\",\"foundingDate\":\"2010-09-06\",\"numberOfEmployees\":{\"@type\":\"QuantitativeValue\",\"minValue\":\"11\",\"maxValue\":\"50\"}},{\"@type\":\"Person\",\"@id\":\"https:\\\/\\\/www.webdo.tn\\\/fr\\\/#\\\/schema\\\/person\\\/f35b42a42c5e2511bbd282959d6385cc\",\"name\":\"CL\",\"image\":{\"@type\":\"ImageObject\",\"inLanguage\":\"fr-FR\",\"@id\":\"https:\\\/\\\/secure.gravatar.com\\\/avatar\\\/1447a49909b67aa657c488aec6512e1dd6143a480c1ecfee9b5b5cd74eb3b59e?s=96&d=mm&r=g\",\"url\":\"https:\\\/\\\/secure.gravatar.com\\\/avatar\\\/1447a49909b67aa657c488aec6512e1dd6143a480c1ecfee9b5b5cd74eb3b59e?s=96&d=mm&r=g\",\"contentUrl\":\"https:\\\/\\\/secure.gravatar.com\\\/avatar\\\/1447a49909b67aa657c488aec6512e1dd6143a480c1ecfee9b5b5cd74eb3b59e?s=96&d=mm&r=g\",\"caption\":\"CL\"},\"url\":\"https:\\\/\\\/www.webdo.tn\\\/fr\\\/actualite\\\/author\\\/cl\\\/\"}]}<\/script>\n<!-- \/ Yoast SEO Premium plugin. -->","yoast_head_json":{"title":"Foire internationale du Livre de Tunis : Tr\u00e8s faible affluence !","description":"Son tr\u00e9sorier, Bechir Marzouk, estime dans ce sens que cette \u00e9dition exceptionnelle a marqu\u00e9 une r\u00e9ussite sur le plan organisationnel, mais a \u00e9t\u00e9 entach\u00e9e de qu...","canonical":"https:\/\/www.webdo.tn\/fr\/actualite\/culture\/la-foire-international-du-livre-de-tunis-tres-faible-affluence\/213855\/","og_locale":"fr_FR","og_type":"article","og_title":"Foire internationale du Livre de Tunis : Tr\u00e8s faible affluence !","og_description":"Son tr\u00e9sorier, Bechir Marzouk, estime dans ce sens que cette \u00e9dition exceptionnelle a marqu\u00e9 une r\u00e9ussite sur le plan organisationnel, mais a \u00e9t\u00e9 entach\u00e9e de qu...","og_url":"https:\/\/www.webdo.tn\/fr\/actualite\/culture\/la-foire-international-du-livre-de-tunis-tres-faible-affluence\/213855\/","og_site_name":"webdo","article_publisher":"https:\/\/www.facebook.com\/webdotn","article_published_time":"2024-04-28T11:01:00+00:00","article_modified_time":"2025-05-20T22:36:36+00:00","og_image":[{"width":750,"height":400,"url":"https:\/\/www.webdo.tn\/fr\/wp-content\/uploads\/2024\/04\/0d8a743b6e3f1d579d63264c49ae7f5e.webp","type":"image\/webp"}],"author":"CL","twitter_card":"summary_large_image","twitter_creator":"@webdo_tn","twitter_site":"@webdo_tn","twitter_misc":{"\u00c9crit par":"CL","Dur\u00e9e de lecture estim\u00e9e":"1 minute"},"schema":{"@context":"https:\/\/schema.org","@graph":[{"@type":"NewsArticle","@id":"https:\/\/www.webdo.tn\/fr\/actualite\/culture\/la-foire-international-du-livre-de-tunis-tres-faible-affluence\/213855\/#article","isPartOf":{"@id":"https:\/\/www.webdo.tn\/fr\/actualite\/culture\/la-foire-international-du-livre-de-tunis-tres-faible-affluence\/213855\/"},"author":{"name":"CL","@id":"https:\/\/www.webdo.tn\/fr\/#\/schema\/person\/f35b42a42c5e2511bbd282959d6385cc"},"headline":"Foire internationale du Livre de Tunis : Tr\u00e8s faible affluence !","datePublished":"2024-04-28T11:01:00+00:00","dateModified":"2025-05-20T22:36:36+00:00","mainEntityOfPage":{"@id":"https:\/\/www.webdo.tn\/fr\/actualite\/culture\/la-foire-international-du-livre-de-tunis-tres-faible-affluence\/213855\/"},"wordCount":167,"commentCount":0,"publisher":{"@id":"https:\/\/www.webdo.tn\/fr\/#organization"},"image":{"@id":"https:\/\/www.webdo.tn\/fr\/actualite\/culture\/la-foire-international-du-livre-de-tunis-tres-faible-affluence\/213855\/#primaryimage"},"thumbnailUrl":"https:\/\/www.webdo.tn\/fr\/wp-content\/uploads\/2024\/04\/0d8a743b6e3f1d579d63264c49ae7f5e.webp","keywords":["Affluence","foire du livre","Tunisie"],"articleSection":["Culture"],"inLanguage":"fr-FR"},{"@type":"WebPage","@id":"https:\/\/www.webdo.tn\/fr\/actualite\/culture\/la-foire-international-du-livre-de-tunis-tres-faible-affluence\/213855\/","url":"https:\/\/www.webdo.tn\/fr\/actualite\/culture\/la-foire-international-du-livre-de-tunis-tres-faible-affluence\/213855\/","name":"Foire internationale du Livre de Tunis : Tr\u00e8s faible affluence !","isPartOf":{"@id":"https:\/\/www.webdo.tn\/fr\/#website"},"primaryImageOfPage":{"@id":"https:\/\/www.webdo.tn\/fr\/actualite\/culture\/la-foire-international-du-livre-de-tunis-tres-faible-affluence\/213855\/#primaryimage"},"image":{"@id":"https:\/\/www.webdo.tn\/fr\/actualite\/culture\/la-foire-international-du-livre-de-tunis-tres-faible-affluence\/213855\/#primaryimage"},"thumbnailUrl":"https:\/\/www.webdo.tn\/fr\/wp-content\/uploads\/2024\/04\/0d8a743b6e3f1d579d63264c49ae7f5e.webp","datePublished":"2024-04-28T11:01:00+00:00","dateModified":"2025-05-20T22:36:36+00:00","description":"Son tr\u00e9sorier, Bechir Marzouk, estime dans ce sens que cette \u00e9dition exceptionnelle a marqu\u00e9 une r\u00e9ussite sur le plan organisationnel, mais a \u00e9t\u00e9 entach\u00e9e de qu...","breadcrumb":{"@id":"https:\/\/www.webdo.tn\/fr\/actualite\/culture\/la-foire-international-du-livre-de-tunis-tres-faible-affluence\/213855\/#breadcrumb"},"inLanguage":"fr-FR","potentialAction":[{"@type":"ReadAction","target":["https:\/\/www.webdo.tn\/fr\/actualite\/culture\/la-foire-international-du-livre-de-tunis-tres-faible-affluence\/213855\/"]}]},{"@type":"ImageObject","inLanguage":"fr-FR","@id":"https:\/\/www.webdo.tn\/fr\/actualite\/culture\/la-foire-international-du-livre-de-tunis-tres-faible-affluence\/213855\/#primaryimage","url":"https:\/\/www.webdo.tn\/fr\/wp-content\/uploads\/2024\/04\/0d8a743b6e3f1d579d63264c49ae7f5e.webp","contentUrl":"https:\/\/www.webdo.tn\/fr\/wp-content\/uploads\/2024\/04\/0d8a743b6e3f1d579d63264c49ae7f5e.webp","width":750,"height":400,"caption":"Foire internationale du Livre de Tunis : Tr\u00e8s faible affluence !"},{"@type":"BreadcrumbList","@id":"https:\/\/www.webdo.tn\/fr\/actualite\/culture\/la-foire-international-du-livre-de-tunis-tres-faible-affluence\/213855\/#breadcrumb","itemListElement":[{"@type":"ListItem","position":1,"name":"Accueil","item":"https:\/\/www.webdo.tn\/fr\/"},{"@type":"ListItem","position":2,"name":"Foire internationale du Livre de Tunis : Tr\u00e8s faible affluence !"}]},{"@type":"WebSite","@id":"https:\/\/www.webdo.tn\/fr\/#website","url":"https:\/\/www.webdo.tn\/fr\/","name":"webdo","description":"Tunisie - News en Tunisie et \u00e0 l&#039;international sur Webdo.tn","publisher":{"@id":"https:\/\/www.webdo.tn\/fr\/#organization"},"potentialAction":[{"@type":"SearchAction","target":{"@type":"EntryPoint","urlTemplate":"https:\/\/www.webdo.tn\/fr\/?s={search_term_string}"},"query-input":{"@type":"PropertyValueSpecification","valueRequired":true,"valueName":"search_term_string"}}],"inLanguage":"fr-FR"},{"@type":"Organization","@id":"https:\/\/www.webdo.tn\/fr\/#organization","name":"Webdo","alternateName":"Webdo.tn","url":"https:\/\/www.webdo.tn\/fr\/","logo":{"@type":"ImageObject","inLanguage":"fr-FR","@id":"https:\/\/www.webdo.tn\/fr\/#\/schema\/logo\/image\/","url":"https:\/\/www.webdo.tn\/fr\/wp-content\/uploads\/2025\/06\/Webdo-Tunisie_168377.jpg","contentUrl":"https:\/\/www.webdo.tn\/fr\/wp-content\/uploads\/2025\/06\/Webdo-Tunisie_168377.jpg","width":301,"height":301,"caption":"Webdo"},"image":{"@id":"https:\/\/www.webdo.tn\/fr\/#\/schema\/logo\/image\/"},"sameAs":["https:\/\/www.facebook.com\/webdotn","https:\/\/x.com\/webdo_tn"],"description":"Webdo est un m\u00e9dia num\u00e9rique tunisien fond\u00e9 en 2010, sp\u00e9cialis\u00e9 dans l\u2019actualit\u00e9 nationale et internationale, l\u2019\u00e9conomie, la soci\u00e9t\u00e9 et les analyses politiques. Le site s\u2019adresse \u00e0 un large public francophone et couvre l\u2019information tunisienne en temps r\u00e9el.","email":"redac@webdo.tn","legalName":"YNJ SARL","foundingDate":"2010-09-06","numberOfEmployees":{"@type":"QuantitativeValue","minValue":"11","maxValue":"50"}},{"@type":"Person","@id":"https:\/\/www.webdo.tn\/fr\/#\/schema\/person\/f35b42a42c5e2511bbd282959d6385cc","name":"CL","image":{"@type":"ImageObject","inLanguage":"fr-FR","@id":"https:\/\/secure.gravatar.com\/avatar\/1447a49909b67aa657c488aec6512e1dd6143a480c1ecfee9b5b5cd74eb3b59e?s=96&d=mm&r=g","url":"https:\/\/secure.gravatar.com\/avatar\/1447a49909b67aa657c488aec6512e1dd6143a480c1ecfee9b5b5cd74eb3b59e?s=96&d=mm&r=g","contentUrl":"https:\/\/secure.gravatar.com\/avatar\/1447a49909b67aa657c488aec6512e1dd6143a480c1ecfee9b5b5cd74eb3b59e?s=96&d=mm&r=g","caption":"CL"},"url":"https:\/\/www.webdo.tn\/fr\/actualite\/author\/cl\/"}]}},"_links":{"self":[{"href":"https:\/\/www.webdo.tn\/fr\/wp-json\/wp\/v2\/posts\/213855","targetHints":{"allow":["GET"]}}],"collection":[{"href":"https:\/\/www.webdo.tn\/fr\/wp-json\/wp\/v2\/posts"}],"about":[{"href":"https:\/\/www.webdo.tn\/fr\/wp-json\/wp\/v2\/types\/post"}],"author":[{"embeddable":true,"href":"https:\/\/www.webdo.tn\/fr\/wp-json\/wp\/v2\/users\/3175"}],"replies":[{"embeddable":true,"href":"https:\/\/www.webdo.tn\/fr\/wp-json\/wp\/v2\/comments?post=213855"}],"version-history":[{"count":0,"href":"https:\/\/www.webdo.tn\/fr\/wp-json\/wp\/v2\/posts\/213855\/revisions"}],"wp:featuredmedia":[{"embeddable":true,"href":"https:\/\/www.webdo.tn\/fr\/wp-json\/wp\/v2\/media\/247470"}],"wp:attachment":[{"href":"https:\/\/www.webdo.tn\/fr\/wp-json\/wp\/v2\/media?parent=213855"}],"wp:term":[{"taxonomy":"category","embeddable":true,"href":"https:\/\/www.webdo.tn\/fr\/wp-json\/wp\/v2\/categories?post=213855"},{"taxonomy":"post_tag","embeddable":true,"href":"https:\/\/www.webdo.tn\/fr\/wp-json\/wp\/v2\/tags?post=213855"}],"curies":[{"name":"wp","href":"https:\/\/api.w.org\/{rel}","templated":true}]}}