{"id":213853,"date":"2024-04-28T10:00:00","date_gmt":"2024-04-28T10:00:00","guid":{"rendered":"https:\/\/www.webdo.tn\/fr\/blog\/le-colisee-de-rome-et-l-amphitheatre-el-jem-jumeles\/213853\/"},"modified":"2025-05-20T22:53:45","modified_gmt":"2025-05-20T22:53:45","slug":"le-colisee-de-rome-et-l-amphitheatre-el-jem-jumeles","status":"publish","type":"post","link":"https:\/\/www.webdo.tn\/fr\/actualite\/culture\/le-colisee-de-rome-et-l-amphitheatre-el-jem-jumeles\/213853\/","title":{"rendered":"Le Colis\u00e9e de Rome et l\u2019amphith\u00e9\u00e2tre El Jem jumel\u00e9s"},"content":{"rendered":"<p>Le parc arch\u00e9ologique du Colis\u00e9e a sign\u00e9 un accord-cadre avec l\u2019Institut National du Patrimoine et l\u2019Agence de Mise en Valeur du Patrimoine et de la Promotion Culturelle visant \u00e0 \u00e9tablir un jumelage entre le Colis\u00e9e de Rome et l\u2019amphith\u00e9\u00e2tre El Jem, l\u2019ancien Tysdrus.<\/p>\n<p>Cet accord intervient en marge de la visite du ministre italien des Affaires culturelles Gennaro Sangiuliano.\u00a0<\/p>\n<p>Dans un communiqu\u00e9 publi\u00e9, hier, le minist\u00e8re des Affaires culturelles a annonc\u00e9 que le texte de la Convention a \u00e9t\u00e9 sign\u00e9 par Tarek Baccouche, directeur g\u00e9n\u00e9ral de l\u2019INP, et Alfonsina Russo, directrice du Parc arch\u00e9ologique du Colis\u00e9e.<\/p>\n<p>Cette convention stipule notamment la valorisation du Colis\u00e9e d\u2019El Jem, \u00e0 Mahdia, et du Parc arch\u00e9ologique du Colis\u00e9e \u00e0 travers la promotion de ces deux sites arch\u00e9ologiques romains.<\/p>\n<p>L\u2019accord pr\u00e9voit \u00e9galement l\u2019organisation de fouilles, de recherches et de travaux de restauration pour une meilleure connaissance et une mise en valeur du site. Des activit\u00e9s de recherches en commun impliquant l\u2019\u00e9change de personnel, l\u2019organisation des ateliers et des r\u00e9unions de chercheurs et de conservateurs sp\u00e9cialis\u00e9s, la conservation et la restauration des monuments d\u2019El Jem sont \u00e9galement inclues.<\/p>\n<p>Il faut rappeler que ce projet a \u00e9t\u00e9 \u00e9voqu\u00e9 depuis 2019, lorsque la directrice du parc arch\u00e9ologique du Colis\u00e9e de Rome, Alfonsina Russo a rencontr\u00e9 le Pr\u00e9sident de la R\u00e9publique par int\u00e9rim, Mohamed Ennaceur, et l\u2019ancien Ministre des Affaires culturelles, Mohammed Zine el Abidine.<\/p>\n","protected":false},"excerpt":{"rendered":"<p>Cet accord intervient en marge de la visite du ministre italien des Affaires culturelles Gennaro Sangiuliano.<\/p>\n","protected":false},"author":3175,"featured_media":290537,"comment_status":"open","ping_status":"closed","sticky":false,"template":"","format":"standard","meta":{"footnotes":""},"categories":[2594],"tags":[10131,7048,2660,2606,2608],"class_list":["post-213853","post","type-post","status-publish","format-standard","has-post-thumbnail","hentry","category-culture","tag-jumelage","tag-el-jam","tag-italie","tag-rome","tag-tunisie"],"yoast_head":"<!-- This site is optimized with the Yoast SEO Premium plugin v27.4 (Yoast SEO v27.5) - https:\/\/yoast.com\/product\/yoast-seo-premium-wordpress\/ -->\n<title>Le Colis\u00e9e de Rome et l\u2019amphith\u00e9\u00e2tre El Jem jumel\u00e9s<\/title>\n<meta name=\"description\" content=\"Cet accord intervient en marge de la visite du ministre italien des Affaires culturelles Gennaro Sangiuliano.\" \/>\n<link rel=\"canonical\" href=\"https:\/\/www.webdo.tn\/fr\/actualite\/culture\/le-colisee-de-rome-et-l-amphitheatre-el-jem-jumeles\/213853\/\" \/>\n<meta property=\"og:locale\" content=\"fr_FR\" \/>\n<meta property=\"og:type\" content=\"article\" \/>\n<meta property=\"og:title\" content=\"Le Colis\u00e9e de Rome et l\u2019amphith\u00e9\u00e2tre El Jem jumel\u00e9s\" \/>\n<meta property=\"og:description\" content=\"Cet accord intervient en marge de la visite du ministre italien des Affaires culturelles Gennaro Sangiuliano.\" \/>\n<meta property=\"og:url\" content=\"https:\/\/www.webdo.tn\/fr\/actualite\/culture\/le-colisee-de-rome-et-l-amphitheatre-el-jem-jumeles\/213853\/\" \/>\n<meta property=\"og:site_name\" content=\"webdo\" \/>\n<meta property=\"article:publisher\" content=\"https:\/\/www.facebook.com\/webdotn\" \/>\n<meta property=\"article:published_time\" content=\"2024-04-28T10:00:00+00:00\" \/>\n<meta property=\"article:modified_time\" content=\"2025-05-20T22:53:45+00:00\" \/>\n<meta property=\"og:image\" content=\"https:\/\/www.webdo.tn\/fr\/wp-content\/uploads\/2024\/04\/6239617495c1162611176d1581c50508.webp\" \/>\n\t<meta property=\"og:image:width\" content=\"750\" \/>\n\t<meta property=\"og:image:height\" content=\"400\" \/>\n\t<meta property=\"og:image:type\" content=\"image\/webp\" \/>\n<meta name=\"author\" content=\"CL\" \/>\n<meta name=\"twitter:card\" content=\"summary_large_image\" \/>\n<meta name=\"twitter:creator\" content=\"@webdo_tn\" \/>\n<meta name=\"twitter:site\" content=\"@webdo_tn\" \/>\n<meta name=\"twitter:label1\" content=\"\u00c9crit par\" \/>\n\t<meta name=\"twitter:data1\" content=\"CL\" \/>\n\t<meta name=\"twitter:label2\" content=\"Dur\u00e9e de lecture estim\u00e9e\" \/>\n\t<meta name=\"twitter:data2\" content=\"1 minute\" \/>\n<script type=\"application\/ld+json\" class=\"yoast-schema-graph\">{\"@context\":\"https:\\\/\\\/schema.org\",\"@graph\":[{\"@type\":\"NewsArticle\",\"@id\":\"https:\\\/\\\/www.webdo.tn\\\/fr\\\/actualite\\\/culture\\\/le-colisee-de-rome-et-l-amphitheatre-el-jem-jumeles\\\/213853\\\/#article\",\"isPartOf\":{\"@id\":\"https:\\\/\\\/www.webdo.tn\\\/fr\\\/actualite\\\/culture\\\/le-colisee-de-rome-et-l-amphitheatre-el-jem-jumeles\\\/213853\\\/\"},\"author\":{\"name\":\"CL\",\"@id\":\"https:\\\/\\\/www.webdo.tn\\\/fr\\\/#\\\/schema\\\/person\\\/f35b42a42c5e2511bbd282959d6385cc\"},\"headline\":\"Le Colis\u00e9e de Rome et l\u2019amphith\u00e9\u00e2tre El Jem jumel\u00e9s\",\"datePublished\":\"2024-04-28T10:00:00+00:00\",\"dateModified\":\"2025-05-20T22:53:45+00:00\",\"mainEntityOfPage\":{\"@id\":\"https:\\\/\\\/www.webdo.tn\\\/fr\\\/actualite\\\/culture\\\/le-colisee-de-rome-et-l-amphitheatre-el-jem-jumeles\\\/213853\\\/\"},\"wordCount\":270,\"commentCount\":0,\"publisher\":{\"@id\":\"https:\\\/\\\/www.webdo.tn\\\/fr\\\/#organization\"},\"image\":{\"@id\":\"https:\\\/\\\/www.webdo.tn\\\/fr\\\/actualite\\\/culture\\\/le-colisee-de-rome-et-l-amphitheatre-el-jem-jumeles\\\/213853\\\/#primaryimage\"},\"thumbnailUrl\":\"https:\\\/\\\/www.webdo.tn\\\/fr\\\/wp-content\\\/uploads\\\/2024\\\/04\\\/6239617495c1162611176d1581c50508.webp\",\"keywords\":[\"'jumelage'\",\"EL JAM\",\"Italie\",\"rome\",\"Tunisie\"],\"articleSection\":[\"Culture\"],\"inLanguage\":\"fr-FR\"},{\"@type\":\"WebPage\",\"@id\":\"https:\\\/\\\/www.webdo.tn\\\/fr\\\/actualite\\\/culture\\\/le-colisee-de-rome-et-l-amphitheatre-el-jem-jumeles\\\/213853\\\/\",\"url\":\"https:\\\/\\\/www.webdo.tn\\\/fr\\\/actualite\\\/culture\\\/le-colisee-de-rome-et-l-amphitheatre-el-jem-jumeles\\\/213853\\\/\",\"name\":\"Le Colis\u00e9e de Rome et l\u2019amphith\u00e9\u00e2tre El Jem jumel\u00e9s\",\"isPartOf\":{\"@id\":\"https:\\\/\\\/www.webdo.tn\\\/fr\\\/#website\"},\"primaryImageOfPage\":{\"@id\":\"https:\\\/\\\/www.webdo.tn\\\/fr\\\/actualite\\\/culture\\\/le-colisee-de-rome-et-l-amphitheatre-el-jem-jumeles\\\/213853\\\/#primaryimage\"},\"image\":{\"@id\":\"https:\\\/\\\/www.webdo.tn\\\/fr\\\/actualite\\\/culture\\\/le-colisee-de-rome-et-l-amphitheatre-el-jem-jumeles\\\/213853\\\/#primaryimage\"},\"thumbnailUrl\":\"https:\\\/\\\/www.webdo.tn\\\/fr\\\/wp-content\\\/uploads\\\/2024\\\/04\\\/6239617495c1162611176d1581c50508.webp\",\"datePublished\":\"2024-04-28T10:00:00+00:00\",\"dateModified\":\"2025-05-20T22:53:45+00:00\",\"description\":\"Cet accord intervient en marge de la visite du ministre italien des Affaires culturelles Gennaro Sangiuliano.\",\"breadcrumb\":{\"@id\":\"https:\\\/\\\/www.webdo.tn\\\/fr\\\/actualite\\\/culture\\\/le-colisee-de-rome-et-l-amphitheatre-el-jem-jumeles\\\/213853\\\/#breadcrumb\"},\"inLanguage\":\"fr-FR\",\"potentialAction\":[{\"@type\":\"ReadAction\",\"target\":[\"https:\\\/\\\/www.webdo.tn\\\/fr\\\/actualite\\\/culture\\\/le-colisee-de-rome-et-l-amphitheatre-el-jem-jumeles\\\/213853\\\/\"]}]},{\"@type\":\"ImageObject\",\"inLanguage\":\"fr-FR\",\"@id\":\"https:\\\/\\\/www.webdo.tn\\\/fr\\\/actualite\\\/culture\\\/le-colisee-de-rome-et-l-amphitheatre-el-jem-jumeles\\\/213853\\\/#primaryimage\",\"url\":\"https:\\\/\\\/www.webdo.tn\\\/fr\\\/wp-content\\\/uploads\\\/2024\\\/04\\\/6239617495c1162611176d1581c50508.webp\",\"contentUrl\":\"https:\\\/\\\/www.webdo.tn\\\/fr\\\/wp-content\\\/uploads\\\/2024\\\/04\\\/6239617495c1162611176d1581c50508.webp\",\"width\":750,\"height\":400,\"caption\":\"Le Colis\u00e9e de Rome et l\u2019amphith\u00e9\u00e2tre El Jem jumel\u00e9s\"},{\"@type\":\"BreadcrumbList\",\"@id\":\"https:\\\/\\\/www.webdo.tn\\\/fr\\\/actualite\\\/culture\\\/le-colisee-de-rome-et-l-amphitheatre-el-jem-jumeles\\\/213853\\\/#breadcrumb\",\"itemListElement\":[{\"@type\":\"ListItem\",\"position\":1,\"name\":\"Accueil\",\"item\":\"https:\\\/\\\/www.webdo.tn\\\/fr\\\/\"},{\"@type\":\"ListItem\",\"position\":2,\"name\":\"Le Colis\u00e9e de Rome et l\u2019amphith\u00e9\u00e2tre El Jem jumel\u00e9s\"}]},{\"@type\":\"WebSite\",\"@id\":\"https:\\\/\\\/www.webdo.tn\\\/fr\\\/#website\",\"url\":\"https:\\\/\\\/www.webdo.tn\\\/fr\\\/\",\"name\":\"webdo\",\"description\":\"Tunisie - News en Tunisie et \u00e0 l&#039;international sur Webdo.tn\",\"publisher\":{\"@id\":\"https:\\\/\\\/www.webdo.tn\\\/fr\\\/#organization\"},\"potentialAction\":[{\"@type\":\"SearchAction\",\"target\":{\"@type\":\"EntryPoint\",\"urlTemplate\":\"https:\\\/\\\/www.webdo.tn\\\/fr\\\/?s={search_term_string}\"},\"query-input\":{\"@type\":\"PropertyValueSpecification\",\"valueRequired\":true,\"valueName\":\"search_term_string\"}}],\"inLanguage\":\"fr-FR\"},{\"@type\":\"Organization\",\"@id\":\"https:\\\/\\\/www.webdo.tn\\\/fr\\\/#organization\",\"name\":\"Webdo\",\"alternateName\":\"Webdo.tn\",\"url\":\"https:\\\/\\\/www.webdo.tn\\\/fr\\\/\",\"logo\":{\"@type\":\"ImageObject\",\"inLanguage\":\"fr-FR\",\"@id\":\"https:\\\/\\\/www.webdo.tn\\\/fr\\\/#\\\/schema\\\/logo\\\/image\\\/\",\"url\":\"https:\\\/\\\/www.webdo.tn\\\/fr\\\/wp-content\\\/uploads\\\/2025\\\/06\\\/Webdo-Tunisie_168377.jpg\",\"contentUrl\":\"https:\\\/\\\/www.webdo.tn\\\/fr\\\/wp-content\\\/uploads\\\/2025\\\/06\\\/Webdo-Tunisie_168377.jpg\",\"width\":301,\"height\":301,\"caption\":\"Webdo\"},\"image\":{\"@id\":\"https:\\\/\\\/www.webdo.tn\\\/fr\\\/#\\\/schema\\\/logo\\\/image\\\/\"},\"sameAs\":[\"https:\\\/\\\/www.facebook.com\\\/webdotn\",\"https:\\\/\\\/x.com\\\/webdo_tn\"],\"description\":\"Webdo est un m\u00e9dia num\u00e9rique tunisien fond\u00e9 en 2010, sp\u00e9cialis\u00e9 dans l\u2019actualit\u00e9 nationale et internationale, l\u2019\u00e9conomie, la soci\u00e9t\u00e9 et les analyses politiques. Le site s\u2019adresse \u00e0 un large public francophone et couvre l\u2019information tunisienne en temps r\u00e9el.\",\"email\":\"redac@webdo.tn\",\"legalName\":\"YNJ SARL\",\"foundingDate\":\"2010-09-06\",\"numberOfEmployees\":{\"@type\":\"QuantitativeValue\",\"minValue\":\"11\",\"maxValue\":\"50\"}},{\"@type\":\"Person\",\"@id\":\"https:\\\/\\\/www.webdo.tn\\\/fr\\\/#\\\/schema\\\/person\\\/f35b42a42c5e2511bbd282959d6385cc\",\"name\":\"CL\",\"image\":{\"@type\":\"ImageObject\",\"inLanguage\":\"fr-FR\",\"@id\":\"https:\\\/\\\/secure.gravatar.com\\\/avatar\\\/1447a49909b67aa657c488aec6512e1dd6143a480c1ecfee9b5b5cd74eb3b59e?s=96&d=mm&r=g\",\"url\":\"https:\\\/\\\/secure.gravatar.com\\\/avatar\\\/1447a49909b67aa657c488aec6512e1dd6143a480c1ecfee9b5b5cd74eb3b59e?s=96&d=mm&r=g\",\"contentUrl\":\"https:\\\/\\\/secure.gravatar.com\\\/avatar\\\/1447a49909b67aa657c488aec6512e1dd6143a480c1ecfee9b5b5cd74eb3b59e?s=96&d=mm&r=g\",\"caption\":\"CL\"},\"url\":\"https:\\\/\\\/www.webdo.tn\\\/fr\\\/actualite\\\/author\\\/cl\\\/\"}]}<\/script>\n<!-- \/ Yoast SEO Premium plugin. -->","yoast_head_json":{"title":"Le Colis\u00e9e de Rome et l\u2019amphith\u00e9\u00e2tre El Jem jumel\u00e9s","description":"Cet accord intervient en marge de la visite du ministre italien des Affaires culturelles Gennaro Sangiuliano.","canonical":"https:\/\/www.webdo.tn\/fr\/actualite\/culture\/le-colisee-de-rome-et-l-amphitheatre-el-jem-jumeles\/213853\/","og_locale":"fr_FR","og_type":"article","og_title":"Le Colis\u00e9e de Rome et l\u2019amphith\u00e9\u00e2tre El Jem jumel\u00e9s","og_description":"Cet accord intervient en marge de la visite du ministre italien des Affaires culturelles Gennaro Sangiuliano.","og_url":"https:\/\/www.webdo.tn\/fr\/actualite\/culture\/le-colisee-de-rome-et-l-amphitheatre-el-jem-jumeles\/213853\/","og_site_name":"webdo","article_publisher":"https:\/\/www.facebook.com\/webdotn","article_published_time":"2024-04-28T10:00:00+00:00","article_modified_time":"2025-05-20T22:53:45+00:00","og_image":[{"width":750,"height":400,"url":"https:\/\/www.webdo.tn\/fr\/wp-content\/uploads\/2024\/04\/6239617495c1162611176d1581c50508.webp","type":"image\/webp"}],"author":"CL","twitter_card":"summary_large_image","twitter_creator":"@webdo_tn","twitter_site":"@webdo_tn","twitter_misc":{"\u00c9crit par":"CL","Dur\u00e9e de lecture estim\u00e9e":"1 minute"},"schema":{"@context":"https:\/\/schema.org","@graph":[{"@type":"NewsArticle","@id":"https:\/\/www.webdo.tn\/fr\/actualite\/culture\/le-colisee-de-rome-et-l-amphitheatre-el-jem-jumeles\/213853\/#article","isPartOf":{"@id":"https:\/\/www.webdo.tn\/fr\/actualite\/culture\/le-colisee-de-rome-et-l-amphitheatre-el-jem-jumeles\/213853\/"},"author":{"name":"CL","@id":"https:\/\/www.webdo.tn\/fr\/#\/schema\/person\/f35b42a42c5e2511bbd282959d6385cc"},"headline":"Le Colis\u00e9e de Rome et l\u2019amphith\u00e9\u00e2tre El Jem jumel\u00e9s","datePublished":"2024-04-28T10:00:00+00:00","dateModified":"2025-05-20T22:53:45+00:00","mainEntityOfPage":{"@id":"https:\/\/www.webdo.tn\/fr\/actualite\/culture\/le-colisee-de-rome-et-l-amphitheatre-el-jem-jumeles\/213853\/"},"wordCount":270,"commentCount":0,"publisher":{"@id":"https:\/\/www.webdo.tn\/fr\/#organization"},"image":{"@id":"https:\/\/www.webdo.tn\/fr\/actualite\/culture\/le-colisee-de-rome-et-l-amphitheatre-el-jem-jumeles\/213853\/#primaryimage"},"thumbnailUrl":"https:\/\/www.webdo.tn\/fr\/wp-content\/uploads\/2024\/04\/6239617495c1162611176d1581c50508.webp","keywords":["'jumelage'","EL JAM","Italie","rome","Tunisie"],"articleSection":["Culture"],"inLanguage":"fr-FR"},{"@type":"WebPage","@id":"https:\/\/www.webdo.tn\/fr\/actualite\/culture\/le-colisee-de-rome-et-l-amphitheatre-el-jem-jumeles\/213853\/","url":"https:\/\/www.webdo.tn\/fr\/actualite\/culture\/le-colisee-de-rome-et-l-amphitheatre-el-jem-jumeles\/213853\/","name":"Le Colis\u00e9e de Rome et l\u2019amphith\u00e9\u00e2tre El Jem jumel\u00e9s","isPartOf":{"@id":"https:\/\/www.webdo.tn\/fr\/#website"},"primaryImageOfPage":{"@id":"https:\/\/www.webdo.tn\/fr\/actualite\/culture\/le-colisee-de-rome-et-l-amphitheatre-el-jem-jumeles\/213853\/#primaryimage"},"image":{"@id":"https:\/\/www.webdo.tn\/fr\/actualite\/culture\/le-colisee-de-rome-et-l-amphitheatre-el-jem-jumeles\/213853\/#primaryimage"},"thumbnailUrl":"https:\/\/www.webdo.tn\/fr\/wp-content\/uploads\/2024\/04\/6239617495c1162611176d1581c50508.webp","datePublished":"2024-04-28T10:00:00+00:00","dateModified":"2025-05-20T22:53:45+00:00","description":"Cet accord intervient en marge de la visite du ministre italien des Affaires culturelles Gennaro Sangiuliano.","breadcrumb":{"@id":"https:\/\/www.webdo.tn\/fr\/actualite\/culture\/le-colisee-de-rome-et-l-amphitheatre-el-jem-jumeles\/213853\/#breadcrumb"},"inLanguage":"fr-FR","potentialAction":[{"@type":"ReadAction","target":["https:\/\/www.webdo.tn\/fr\/actualite\/culture\/le-colisee-de-rome-et-l-amphitheatre-el-jem-jumeles\/213853\/"]}]},{"@type":"ImageObject","inLanguage":"fr-FR","@id":"https:\/\/www.webdo.tn\/fr\/actualite\/culture\/le-colisee-de-rome-et-l-amphitheatre-el-jem-jumeles\/213853\/#primaryimage","url":"https:\/\/www.webdo.tn\/fr\/wp-content\/uploads\/2024\/04\/6239617495c1162611176d1581c50508.webp","contentUrl":"https:\/\/www.webdo.tn\/fr\/wp-content\/uploads\/2024\/04\/6239617495c1162611176d1581c50508.webp","width":750,"height":400,"caption":"Le Colis\u00e9e de Rome et l\u2019amphith\u00e9\u00e2tre El Jem jumel\u00e9s"},{"@type":"BreadcrumbList","@id":"https:\/\/www.webdo.tn\/fr\/actualite\/culture\/le-colisee-de-rome-et-l-amphitheatre-el-jem-jumeles\/213853\/#breadcrumb","itemListElement":[{"@type":"ListItem","position":1,"name":"Accueil","item":"https:\/\/www.webdo.tn\/fr\/"},{"@type":"ListItem","position":2,"name":"Le Colis\u00e9e de Rome et l\u2019amphith\u00e9\u00e2tre El Jem jumel\u00e9s"}]},{"@type":"WebSite","@id":"https:\/\/www.webdo.tn\/fr\/#website","url":"https:\/\/www.webdo.tn\/fr\/","name":"webdo","description":"Tunisie - News en Tunisie et \u00e0 l&#039;international sur Webdo.tn","publisher":{"@id":"https:\/\/www.webdo.tn\/fr\/#organization"},"potentialAction":[{"@type":"SearchAction","target":{"@type":"EntryPoint","urlTemplate":"https:\/\/www.webdo.tn\/fr\/?s={search_term_string}"},"query-input":{"@type":"PropertyValueSpecification","valueRequired":true,"valueName":"search_term_string"}}],"inLanguage":"fr-FR"},{"@type":"Organization","@id":"https:\/\/www.webdo.tn\/fr\/#organization","name":"Webdo","alternateName":"Webdo.tn","url":"https:\/\/www.webdo.tn\/fr\/","logo":{"@type":"ImageObject","inLanguage":"fr-FR","@id":"https:\/\/www.webdo.tn\/fr\/#\/schema\/logo\/image\/","url":"https:\/\/www.webdo.tn\/fr\/wp-content\/uploads\/2025\/06\/Webdo-Tunisie_168377.jpg","contentUrl":"https:\/\/www.webdo.tn\/fr\/wp-content\/uploads\/2025\/06\/Webdo-Tunisie_168377.jpg","width":301,"height":301,"caption":"Webdo"},"image":{"@id":"https:\/\/www.webdo.tn\/fr\/#\/schema\/logo\/image\/"},"sameAs":["https:\/\/www.facebook.com\/webdotn","https:\/\/x.com\/webdo_tn"],"description":"Webdo est un m\u00e9dia num\u00e9rique tunisien fond\u00e9 en 2010, sp\u00e9cialis\u00e9 dans l\u2019actualit\u00e9 nationale et internationale, l\u2019\u00e9conomie, la soci\u00e9t\u00e9 et les analyses politiques. Le site s\u2019adresse \u00e0 un large public francophone et couvre l\u2019information tunisienne en temps r\u00e9el.","email":"redac@webdo.tn","legalName":"YNJ SARL","foundingDate":"2010-09-06","numberOfEmployees":{"@type":"QuantitativeValue","minValue":"11","maxValue":"50"}},{"@type":"Person","@id":"https:\/\/www.webdo.tn\/fr\/#\/schema\/person\/f35b42a42c5e2511bbd282959d6385cc","name":"CL","image":{"@type":"ImageObject","inLanguage":"fr-FR","@id":"https:\/\/secure.gravatar.com\/avatar\/1447a49909b67aa657c488aec6512e1dd6143a480c1ecfee9b5b5cd74eb3b59e?s=96&d=mm&r=g","url":"https:\/\/secure.gravatar.com\/avatar\/1447a49909b67aa657c488aec6512e1dd6143a480c1ecfee9b5b5cd74eb3b59e?s=96&d=mm&r=g","contentUrl":"https:\/\/secure.gravatar.com\/avatar\/1447a49909b67aa657c488aec6512e1dd6143a480c1ecfee9b5b5cd74eb3b59e?s=96&d=mm&r=g","caption":"CL"},"url":"https:\/\/www.webdo.tn\/fr\/actualite\/author\/cl\/"}]}},"_links":{"self":[{"href":"https:\/\/www.webdo.tn\/fr\/wp-json\/wp\/v2\/posts\/213853","targetHints":{"allow":["GET"]}}],"collection":[{"href":"https:\/\/www.webdo.tn\/fr\/wp-json\/wp\/v2\/posts"}],"about":[{"href":"https:\/\/www.webdo.tn\/fr\/wp-json\/wp\/v2\/types\/post"}],"author":[{"embeddable":true,"href":"https:\/\/www.webdo.tn\/fr\/wp-json\/wp\/v2\/users\/3175"}],"replies":[{"embeddable":true,"href":"https:\/\/www.webdo.tn\/fr\/wp-json\/wp\/v2\/comments?post=213853"}],"version-history":[{"count":0,"href":"https:\/\/www.webdo.tn\/fr\/wp-json\/wp\/v2\/posts\/213853\/revisions"}],"wp:featuredmedia":[{"embeddable":true,"href":"https:\/\/www.webdo.tn\/fr\/wp-json\/wp\/v2\/media\/290537"}],"wp:attachment":[{"href":"https:\/\/www.webdo.tn\/fr\/wp-json\/wp\/v2\/media?parent=213853"}],"wp:term":[{"taxonomy":"category","embeddable":true,"href":"https:\/\/www.webdo.tn\/fr\/wp-json\/wp\/v2\/categories?post=213853"},{"taxonomy":"post_tag","embeddable":true,"href":"https:\/\/www.webdo.tn\/fr\/wp-json\/wp\/v2\/tags?post=213853"}],"curies":[{"name":"wp","href":"https:\/\/api.w.org\/{rel}","templated":true}]}}