{"id":213828,"date":"2024-04-26T14:36:00","date_gmt":"2024-04-26T14:36:00","guid":{"rendered":"https:\/\/www.webdo.tn\/fr\/blog\/tunisie-mille-enseignants-suppleants-seront-recrutes\/213828\/"},"modified":"2025-05-20T22:36:38","modified_gmt":"2025-05-20T22:36:38","slug":"tunisie-mille-enseignants-suppleants-seront-recrutes","status":"publish","type":"post","link":"https:\/\/www.webdo.tn\/fr\/actualite\/national\/tunisie-mille-enseignants-suppleants-seront-recrutes\/213828\/","title":{"rendered":"Tunisie : Mille enseignants suppl\u00e9ants seront recrut\u00e9s"},"content":{"rendered":"<p>Le minist\u00e8re de l&rsquo;\u00c9ducation s&rsquo;est engag\u00e9 \u00e0 recruter 1000 enseignants suppl\u00e9ants dans le cadre de la quatri\u00e8me partie de recrutement dans les \u00e9coles secondaires et les lyc\u00e9es, selon ce qui a \u00e9t\u00e9 rapport\u00e9 dans le proc\u00e8s-verbal d&rsquo;une r\u00e9union tenue avec le syndicat g\u00e9n\u00e9ral de l&rsquo;enseignement secondaire.\u00a0<\/p>\n<p>Ce recrutement s&rsquo;inscrit dans le cadre de la rentr\u00e9e scolaire pour la saison 2025\/2024, conform\u00e9ment aux r\u00e9sultats de cette.\u00a0<\/p>\n<p>Cette mesure s&rsquo;inscrit dans le cadre du recrutement des contractuels pour les \u00e9coles secondaires et les lyc\u00e9es conform\u00e9ment au proc\u00e8s-verbal de la r\u00e9union du 12 ao\u00fbt 2020 sign\u00e9 entre le minist\u00e8re et le syndicat, affili\u00e9 \u00e0 l&rsquo;Union g\u00e9n\u00e9rale tunisienne du travail (UGTT).<\/p>\n<p>Concernant les demandes du syndicat relatives \u00e0 la mise \u00e0 jour des bases de donn\u00e9es 2008-2016 et 2016-2023, le minist\u00e8re s&rsquo;est engag\u00e9 \u00e0 r\u00e9gulariser cette situation \u00ab\u00a0dans un d\u00e9lai n&rsquo;exc\u00e9dant pas deux semaines\u00a0\u00bb.<\/p>\n<p>Le minist\u00e8re de l&rsquo;\u00c9ducation a indiqu\u00e9 que les donn\u00e9es concernant les enseignants suppl\u00e9ants seront mises \u00e0 jour selon un ensemble de crit\u00e8res convenus entre les parties administrative et syndicale. Selon le minist\u00e8re, le comit\u00e9 technique mixte commencera ses travaux pour finaliser les proc\u00e9dures de recrutement des enseignants restants de 2022.<\/p>\n<p>Rappelons que l\u2019ancien ministre de l\u2019Education Mohamed Ali Boughdiri s\u2019est prononc\u00e9 sur la situation des enseignants suppl\u00e9ants. \u00a0Il a reconnu que leurs salaires sont faibles et a annonc\u00e9 qu\u2019ils seront augment\u00e9s pour atteindre 1500 dinars\/mois \u00e0 partir de septembre 2024.<\/p>\n","protected":false},"excerpt":{"rendered":"<p>Ce recrutement s&rsquo;inscrit dans le cadre de la rentr\u00e9e scolaire pour la saison 2025\/2024, conform\u00e9ment aux r\u00e9sultats de cette.\u00a0<\/p>\n","protected":false},"author":3175,"featured_media":247487,"comment_status":"open","ping_status":"closed","sticky":false,"template":"","format":"standard","meta":{"footnotes":""},"categories":[44],"tags":[3911,3872,2608],"class_list":["post-213828","post","type-post","status-publish","format-standard","has-post-thumbnail","hentry","category-national","tag-enseignants","tag-recrutement","tag-tunisie"],"yoast_head":"<!-- This site is optimized with the Yoast SEO Premium plugin v27.4 (Yoast SEO v27.5) - https:\/\/yoast.com\/product\/yoast-seo-premium-wordpress\/ -->\n<title>Tunisie : Mille enseignants suppl\u00e9ants seront recrut\u00e9s<\/title>\n<meta name=\"description\" content=\"Ce recrutement s&#039;inscrit dans le cadre de la rentr\u00e9e scolaire pour la saison 2025\/2024, conform\u00e9ment aux r\u00e9sultats de cette.\u00a0\" \/>\n<link rel=\"canonical\" href=\"https:\/\/www.webdo.tn\/fr\/actualite\/national\/tunisie-mille-enseignants-suppleants-seront-recrutes\/213828\/\" \/>\n<meta property=\"og:locale\" content=\"fr_FR\" \/>\n<meta property=\"og:type\" content=\"article\" \/>\n<meta property=\"og:title\" content=\"Tunisie : Mille enseignants suppl\u00e9ants seront recrut\u00e9s\" \/>\n<meta property=\"og:description\" content=\"Ce recrutement s&#039;inscrit dans le cadre de la rentr\u00e9e scolaire pour la saison 2025\/2024, conform\u00e9ment aux r\u00e9sultats de cette.\u00a0\" \/>\n<meta property=\"og:url\" content=\"https:\/\/www.webdo.tn\/fr\/actualite\/national\/tunisie-mille-enseignants-suppleants-seront-recrutes\/213828\/\" \/>\n<meta property=\"og:site_name\" content=\"webdo\" \/>\n<meta property=\"article:publisher\" content=\"https:\/\/www.facebook.com\/webdotn\" \/>\n<meta property=\"article:published_time\" content=\"2024-04-26T14:36:00+00:00\" \/>\n<meta property=\"article:modified_time\" content=\"2025-05-20T22:36:38+00:00\" \/>\n<meta property=\"og:image\" content=\"https:\/\/www.webdo.tn\/fr\/wp-content\/uploads\/2024\/04\/31cc9ea80db9d0a8c787c2da8afc84ec.webp\" \/>\n\t<meta property=\"og:image:width\" content=\"750\" \/>\n\t<meta property=\"og:image:height\" content=\"400\" \/>\n\t<meta property=\"og:image:type\" content=\"image\/webp\" \/>\n<meta name=\"author\" content=\"CL\" \/>\n<meta name=\"twitter:card\" content=\"summary_large_image\" \/>\n<meta name=\"twitter:creator\" content=\"@webdo_tn\" \/>\n<meta name=\"twitter:site\" content=\"@webdo_tn\" \/>\n<meta name=\"twitter:label1\" content=\"\u00c9crit par\" \/>\n\t<meta name=\"twitter:data1\" content=\"CL\" \/>\n\t<meta name=\"twitter:label2\" content=\"Dur\u00e9e de lecture estim\u00e9e\" \/>\n\t<meta name=\"twitter:data2\" content=\"1 minute\" \/>\n<script type=\"application\/ld+json\" class=\"yoast-schema-graph\">{\"@context\":\"https:\\\/\\\/schema.org\",\"@graph\":[{\"@type\":\"NewsArticle\",\"@id\":\"https:\\\/\\\/www.webdo.tn\\\/fr\\\/actualite\\\/national\\\/tunisie-mille-enseignants-suppleants-seront-recrutes\\\/213828\\\/#article\",\"isPartOf\":{\"@id\":\"https:\\\/\\\/www.webdo.tn\\\/fr\\\/actualite\\\/national\\\/tunisie-mille-enseignants-suppleants-seront-recrutes\\\/213828\\\/\"},\"author\":{\"name\":\"CL\",\"@id\":\"https:\\\/\\\/www.webdo.tn\\\/fr\\\/#\\\/schema\\\/person\\\/f35b42a42c5e2511bbd282959d6385cc\"},\"headline\":\"Tunisie : Mille enseignants suppl\u00e9ants seront recrut\u00e9s\",\"datePublished\":\"2024-04-26T14:36:00+00:00\",\"dateModified\":\"2025-05-20T22:36:38+00:00\",\"mainEntityOfPage\":{\"@id\":\"https:\\\/\\\/www.webdo.tn\\\/fr\\\/actualite\\\/national\\\/tunisie-mille-enseignants-suppleants-seront-recrutes\\\/213828\\\/\"},\"wordCount\":271,\"commentCount\":0,\"publisher\":{\"@id\":\"https:\\\/\\\/www.webdo.tn\\\/fr\\\/#organization\"},\"image\":{\"@id\":\"https:\\\/\\\/www.webdo.tn\\\/fr\\\/actualite\\\/national\\\/tunisie-mille-enseignants-suppleants-seront-recrutes\\\/213828\\\/#primaryimage\"},\"thumbnailUrl\":\"https:\\\/\\\/www.webdo.tn\\\/fr\\\/wp-content\\\/uploads\\\/2024\\\/04\\\/31cc9ea80db9d0a8c787c2da8afc84ec.webp\",\"keywords\":[\"enseignants\",\"recrutement\",\"Tunisie\"],\"articleSection\":[\"National\"],\"inLanguage\":\"fr-FR\"},{\"@type\":\"WebPage\",\"@id\":\"https:\\\/\\\/www.webdo.tn\\\/fr\\\/actualite\\\/national\\\/tunisie-mille-enseignants-suppleants-seront-recrutes\\\/213828\\\/\",\"url\":\"https:\\\/\\\/www.webdo.tn\\\/fr\\\/actualite\\\/national\\\/tunisie-mille-enseignants-suppleants-seront-recrutes\\\/213828\\\/\",\"name\":\"Tunisie : Mille enseignants suppl\u00e9ants seront recrut\u00e9s\",\"isPartOf\":{\"@id\":\"https:\\\/\\\/www.webdo.tn\\\/fr\\\/#website\"},\"primaryImageOfPage\":{\"@id\":\"https:\\\/\\\/www.webdo.tn\\\/fr\\\/actualite\\\/national\\\/tunisie-mille-enseignants-suppleants-seront-recrutes\\\/213828\\\/#primaryimage\"},\"image\":{\"@id\":\"https:\\\/\\\/www.webdo.tn\\\/fr\\\/actualite\\\/national\\\/tunisie-mille-enseignants-suppleants-seront-recrutes\\\/213828\\\/#primaryimage\"},\"thumbnailUrl\":\"https:\\\/\\\/www.webdo.tn\\\/fr\\\/wp-content\\\/uploads\\\/2024\\\/04\\\/31cc9ea80db9d0a8c787c2da8afc84ec.webp\",\"datePublished\":\"2024-04-26T14:36:00+00:00\",\"dateModified\":\"2025-05-20T22:36:38+00:00\",\"description\":\"Ce recrutement s'inscrit dans le cadre de la rentr\u00e9e scolaire pour la saison 2025\\\/2024, conform\u00e9ment aux r\u00e9sultats de cette.\u00a0\",\"breadcrumb\":{\"@id\":\"https:\\\/\\\/www.webdo.tn\\\/fr\\\/actualite\\\/national\\\/tunisie-mille-enseignants-suppleants-seront-recrutes\\\/213828\\\/#breadcrumb\"},\"inLanguage\":\"fr-FR\",\"potentialAction\":[{\"@type\":\"ReadAction\",\"target\":[\"https:\\\/\\\/www.webdo.tn\\\/fr\\\/actualite\\\/national\\\/tunisie-mille-enseignants-suppleants-seront-recrutes\\\/213828\\\/\"]}]},{\"@type\":\"ImageObject\",\"inLanguage\":\"fr-FR\",\"@id\":\"https:\\\/\\\/www.webdo.tn\\\/fr\\\/actualite\\\/national\\\/tunisie-mille-enseignants-suppleants-seront-recrutes\\\/213828\\\/#primaryimage\",\"url\":\"https:\\\/\\\/www.webdo.tn\\\/fr\\\/wp-content\\\/uploads\\\/2024\\\/04\\\/31cc9ea80db9d0a8c787c2da8afc84ec.webp\",\"contentUrl\":\"https:\\\/\\\/www.webdo.tn\\\/fr\\\/wp-content\\\/uploads\\\/2024\\\/04\\\/31cc9ea80db9d0a8c787c2da8afc84ec.webp\",\"width\":750,\"height\":400,\"caption\":\"Tunisie : Mille enseignants suppl\u00e9ants seront recrut\u00e9s\"},{\"@type\":\"BreadcrumbList\",\"@id\":\"https:\\\/\\\/www.webdo.tn\\\/fr\\\/actualite\\\/national\\\/tunisie-mille-enseignants-suppleants-seront-recrutes\\\/213828\\\/#breadcrumb\",\"itemListElement\":[{\"@type\":\"ListItem\",\"position\":1,\"name\":\"Accueil\",\"item\":\"https:\\\/\\\/www.webdo.tn\\\/fr\\\/\"},{\"@type\":\"ListItem\",\"position\":2,\"name\":\"Tunisie : Mille enseignants suppl\u00e9ants seront recrut\u00e9s\"}]},{\"@type\":\"WebSite\",\"@id\":\"https:\\\/\\\/www.webdo.tn\\\/fr\\\/#website\",\"url\":\"https:\\\/\\\/www.webdo.tn\\\/fr\\\/\",\"name\":\"webdo\",\"description\":\"Tunisie - News en Tunisie et \u00e0 l&#039;international sur Webdo.tn\",\"publisher\":{\"@id\":\"https:\\\/\\\/www.webdo.tn\\\/fr\\\/#organization\"},\"potentialAction\":[{\"@type\":\"SearchAction\",\"target\":{\"@type\":\"EntryPoint\",\"urlTemplate\":\"https:\\\/\\\/www.webdo.tn\\\/fr\\\/?s={search_term_string}\"},\"query-input\":{\"@type\":\"PropertyValueSpecification\",\"valueRequired\":true,\"valueName\":\"search_term_string\"}}],\"inLanguage\":\"fr-FR\"},{\"@type\":\"Organization\",\"@id\":\"https:\\\/\\\/www.webdo.tn\\\/fr\\\/#organization\",\"name\":\"Webdo\",\"alternateName\":\"Webdo.tn\",\"url\":\"https:\\\/\\\/www.webdo.tn\\\/fr\\\/\",\"logo\":{\"@type\":\"ImageObject\",\"inLanguage\":\"fr-FR\",\"@id\":\"https:\\\/\\\/www.webdo.tn\\\/fr\\\/#\\\/schema\\\/logo\\\/image\\\/\",\"url\":\"https:\\\/\\\/www.webdo.tn\\\/fr\\\/wp-content\\\/uploads\\\/2025\\\/06\\\/Webdo-Tunisie_168377.jpg\",\"contentUrl\":\"https:\\\/\\\/www.webdo.tn\\\/fr\\\/wp-content\\\/uploads\\\/2025\\\/06\\\/Webdo-Tunisie_168377.jpg\",\"width\":301,\"height\":301,\"caption\":\"Webdo\"},\"image\":{\"@id\":\"https:\\\/\\\/www.webdo.tn\\\/fr\\\/#\\\/schema\\\/logo\\\/image\\\/\"},\"sameAs\":[\"https:\\\/\\\/www.facebook.com\\\/webdotn\",\"https:\\\/\\\/x.com\\\/webdo_tn\"],\"description\":\"Webdo est un m\u00e9dia num\u00e9rique tunisien fond\u00e9 en 2010, sp\u00e9cialis\u00e9 dans l\u2019actualit\u00e9 nationale et internationale, l\u2019\u00e9conomie, la soci\u00e9t\u00e9 et les analyses politiques. Le site s\u2019adresse \u00e0 un large public francophone et couvre l\u2019information tunisienne en temps r\u00e9el.\",\"email\":\"redac@webdo.tn\",\"legalName\":\"YNJ SARL\",\"foundingDate\":\"2010-09-06\",\"numberOfEmployees\":{\"@type\":\"QuantitativeValue\",\"minValue\":\"11\",\"maxValue\":\"50\"}},{\"@type\":\"Person\",\"@id\":\"https:\\\/\\\/www.webdo.tn\\\/fr\\\/#\\\/schema\\\/person\\\/f35b42a42c5e2511bbd282959d6385cc\",\"name\":\"CL\",\"image\":{\"@type\":\"ImageObject\",\"inLanguage\":\"fr-FR\",\"@id\":\"https:\\\/\\\/secure.gravatar.com\\\/avatar\\\/1447a49909b67aa657c488aec6512e1dd6143a480c1ecfee9b5b5cd74eb3b59e?s=96&d=mm&r=g\",\"url\":\"https:\\\/\\\/secure.gravatar.com\\\/avatar\\\/1447a49909b67aa657c488aec6512e1dd6143a480c1ecfee9b5b5cd74eb3b59e?s=96&d=mm&r=g\",\"contentUrl\":\"https:\\\/\\\/secure.gravatar.com\\\/avatar\\\/1447a49909b67aa657c488aec6512e1dd6143a480c1ecfee9b5b5cd74eb3b59e?s=96&d=mm&r=g\",\"caption\":\"CL\"},\"url\":\"https:\\\/\\\/www.webdo.tn\\\/fr\\\/actualite\\\/author\\\/cl\\\/\"}]}<\/script>\n<!-- \/ Yoast SEO Premium plugin. -->","yoast_head_json":{"title":"Tunisie : Mille enseignants suppl\u00e9ants seront recrut\u00e9s","description":"Ce recrutement s'inscrit dans le cadre de la rentr\u00e9e scolaire pour la saison 2025\/2024, conform\u00e9ment aux r\u00e9sultats de cette.\u00a0","canonical":"https:\/\/www.webdo.tn\/fr\/actualite\/national\/tunisie-mille-enseignants-suppleants-seront-recrutes\/213828\/","og_locale":"fr_FR","og_type":"article","og_title":"Tunisie : Mille enseignants suppl\u00e9ants seront recrut\u00e9s","og_description":"Ce recrutement s'inscrit dans le cadre de la rentr\u00e9e scolaire pour la saison 2025\/2024, conform\u00e9ment aux r\u00e9sultats de cette.\u00a0","og_url":"https:\/\/www.webdo.tn\/fr\/actualite\/national\/tunisie-mille-enseignants-suppleants-seront-recrutes\/213828\/","og_site_name":"webdo","article_publisher":"https:\/\/www.facebook.com\/webdotn","article_published_time":"2024-04-26T14:36:00+00:00","article_modified_time":"2025-05-20T22:36:38+00:00","og_image":[{"width":750,"height":400,"url":"https:\/\/www.webdo.tn\/fr\/wp-content\/uploads\/2024\/04\/31cc9ea80db9d0a8c787c2da8afc84ec.webp","type":"image\/webp"}],"author":"CL","twitter_card":"summary_large_image","twitter_creator":"@webdo_tn","twitter_site":"@webdo_tn","twitter_misc":{"\u00c9crit par":"CL","Dur\u00e9e de lecture estim\u00e9e":"1 minute"},"schema":{"@context":"https:\/\/schema.org","@graph":[{"@type":"NewsArticle","@id":"https:\/\/www.webdo.tn\/fr\/actualite\/national\/tunisie-mille-enseignants-suppleants-seront-recrutes\/213828\/#article","isPartOf":{"@id":"https:\/\/www.webdo.tn\/fr\/actualite\/national\/tunisie-mille-enseignants-suppleants-seront-recrutes\/213828\/"},"author":{"name":"CL","@id":"https:\/\/www.webdo.tn\/fr\/#\/schema\/person\/f35b42a42c5e2511bbd282959d6385cc"},"headline":"Tunisie : Mille enseignants suppl\u00e9ants seront recrut\u00e9s","datePublished":"2024-04-26T14:36:00+00:00","dateModified":"2025-05-20T22:36:38+00:00","mainEntityOfPage":{"@id":"https:\/\/www.webdo.tn\/fr\/actualite\/national\/tunisie-mille-enseignants-suppleants-seront-recrutes\/213828\/"},"wordCount":271,"commentCount":0,"publisher":{"@id":"https:\/\/www.webdo.tn\/fr\/#organization"},"image":{"@id":"https:\/\/www.webdo.tn\/fr\/actualite\/national\/tunisie-mille-enseignants-suppleants-seront-recrutes\/213828\/#primaryimage"},"thumbnailUrl":"https:\/\/www.webdo.tn\/fr\/wp-content\/uploads\/2024\/04\/31cc9ea80db9d0a8c787c2da8afc84ec.webp","keywords":["enseignants","recrutement","Tunisie"],"articleSection":["National"],"inLanguage":"fr-FR"},{"@type":"WebPage","@id":"https:\/\/www.webdo.tn\/fr\/actualite\/national\/tunisie-mille-enseignants-suppleants-seront-recrutes\/213828\/","url":"https:\/\/www.webdo.tn\/fr\/actualite\/national\/tunisie-mille-enseignants-suppleants-seront-recrutes\/213828\/","name":"Tunisie : Mille enseignants suppl\u00e9ants seront recrut\u00e9s","isPartOf":{"@id":"https:\/\/www.webdo.tn\/fr\/#website"},"primaryImageOfPage":{"@id":"https:\/\/www.webdo.tn\/fr\/actualite\/national\/tunisie-mille-enseignants-suppleants-seront-recrutes\/213828\/#primaryimage"},"image":{"@id":"https:\/\/www.webdo.tn\/fr\/actualite\/national\/tunisie-mille-enseignants-suppleants-seront-recrutes\/213828\/#primaryimage"},"thumbnailUrl":"https:\/\/www.webdo.tn\/fr\/wp-content\/uploads\/2024\/04\/31cc9ea80db9d0a8c787c2da8afc84ec.webp","datePublished":"2024-04-26T14:36:00+00:00","dateModified":"2025-05-20T22:36:38+00:00","description":"Ce recrutement s'inscrit dans le cadre de la rentr\u00e9e scolaire pour la saison 2025\/2024, conform\u00e9ment aux r\u00e9sultats de cette.\u00a0","breadcrumb":{"@id":"https:\/\/www.webdo.tn\/fr\/actualite\/national\/tunisie-mille-enseignants-suppleants-seront-recrutes\/213828\/#breadcrumb"},"inLanguage":"fr-FR","potentialAction":[{"@type":"ReadAction","target":["https:\/\/www.webdo.tn\/fr\/actualite\/national\/tunisie-mille-enseignants-suppleants-seront-recrutes\/213828\/"]}]},{"@type":"ImageObject","inLanguage":"fr-FR","@id":"https:\/\/www.webdo.tn\/fr\/actualite\/national\/tunisie-mille-enseignants-suppleants-seront-recrutes\/213828\/#primaryimage","url":"https:\/\/www.webdo.tn\/fr\/wp-content\/uploads\/2024\/04\/31cc9ea80db9d0a8c787c2da8afc84ec.webp","contentUrl":"https:\/\/www.webdo.tn\/fr\/wp-content\/uploads\/2024\/04\/31cc9ea80db9d0a8c787c2da8afc84ec.webp","width":750,"height":400,"caption":"Tunisie : Mille enseignants suppl\u00e9ants seront recrut\u00e9s"},{"@type":"BreadcrumbList","@id":"https:\/\/www.webdo.tn\/fr\/actualite\/national\/tunisie-mille-enseignants-suppleants-seront-recrutes\/213828\/#breadcrumb","itemListElement":[{"@type":"ListItem","position":1,"name":"Accueil","item":"https:\/\/www.webdo.tn\/fr\/"},{"@type":"ListItem","position":2,"name":"Tunisie : Mille enseignants suppl\u00e9ants seront recrut\u00e9s"}]},{"@type":"WebSite","@id":"https:\/\/www.webdo.tn\/fr\/#website","url":"https:\/\/www.webdo.tn\/fr\/","name":"webdo","description":"Tunisie - News en Tunisie et \u00e0 l&#039;international sur Webdo.tn","publisher":{"@id":"https:\/\/www.webdo.tn\/fr\/#organization"},"potentialAction":[{"@type":"SearchAction","target":{"@type":"EntryPoint","urlTemplate":"https:\/\/www.webdo.tn\/fr\/?s={search_term_string}"},"query-input":{"@type":"PropertyValueSpecification","valueRequired":true,"valueName":"search_term_string"}}],"inLanguage":"fr-FR"},{"@type":"Organization","@id":"https:\/\/www.webdo.tn\/fr\/#organization","name":"Webdo","alternateName":"Webdo.tn","url":"https:\/\/www.webdo.tn\/fr\/","logo":{"@type":"ImageObject","inLanguage":"fr-FR","@id":"https:\/\/www.webdo.tn\/fr\/#\/schema\/logo\/image\/","url":"https:\/\/www.webdo.tn\/fr\/wp-content\/uploads\/2025\/06\/Webdo-Tunisie_168377.jpg","contentUrl":"https:\/\/www.webdo.tn\/fr\/wp-content\/uploads\/2025\/06\/Webdo-Tunisie_168377.jpg","width":301,"height":301,"caption":"Webdo"},"image":{"@id":"https:\/\/www.webdo.tn\/fr\/#\/schema\/logo\/image\/"},"sameAs":["https:\/\/www.facebook.com\/webdotn","https:\/\/x.com\/webdo_tn"],"description":"Webdo est un m\u00e9dia num\u00e9rique tunisien fond\u00e9 en 2010, sp\u00e9cialis\u00e9 dans l\u2019actualit\u00e9 nationale et internationale, l\u2019\u00e9conomie, la soci\u00e9t\u00e9 et les analyses politiques. Le site s\u2019adresse \u00e0 un large public francophone et couvre l\u2019information tunisienne en temps r\u00e9el.","email":"redac@webdo.tn","legalName":"YNJ SARL","foundingDate":"2010-09-06","numberOfEmployees":{"@type":"QuantitativeValue","minValue":"11","maxValue":"50"}},{"@type":"Person","@id":"https:\/\/www.webdo.tn\/fr\/#\/schema\/person\/f35b42a42c5e2511bbd282959d6385cc","name":"CL","image":{"@type":"ImageObject","inLanguage":"fr-FR","@id":"https:\/\/secure.gravatar.com\/avatar\/1447a49909b67aa657c488aec6512e1dd6143a480c1ecfee9b5b5cd74eb3b59e?s=96&d=mm&r=g","url":"https:\/\/secure.gravatar.com\/avatar\/1447a49909b67aa657c488aec6512e1dd6143a480c1ecfee9b5b5cd74eb3b59e?s=96&d=mm&r=g","contentUrl":"https:\/\/secure.gravatar.com\/avatar\/1447a49909b67aa657c488aec6512e1dd6143a480c1ecfee9b5b5cd74eb3b59e?s=96&d=mm&r=g","caption":"CL"},"url":"https:\/\/www.webdo.tn\/fr\/actualite\/author\/cl\/"}]}},"_links":{"self":[{"href":"https:\/\/www.webdo.tn\/fr\/wp-json\/wp\/v2\/posts\/213828","targetHints":{"allow":["GET"]}}],"collection":[{"href":"https:\/\/www.webdo.tn\/fr\/wp-json\/wp\/v2\/posts"}],"about":[{"href":"https:\/\/www.webdo.tn\/fr\/wp-json\/wp\/v2\/types\/post"}],"author":[{"embeddable":true,"href":"https:\/\/www.webdo.tn\/fr\/wp-json\/wp\/v2\/users\/3175"}],"replies":[{"embeddable":true,"href":"https:\/\/www.webdo.tn\/fr\/wp-json\/wp\/v2\/comments?post=213828"}],"version-history":[{"count":0,"href":"https:\/\/www.webdo.tn\/fr\/wp-json\/wp\/v2\/posts\/213828\/revisions"}],"wp:featuredmedia":[{"embeddable":true,"href":"https:\/\/www.webdo.tn\/fr\/wp-json\/wp\/v2\/media\/247487"}],"wp:attachment":[{"href":"https:\/\/www.webdo.tn\/fr\/wp-json\/wp\/v2\/media?parent=213828"}],"wp:term":[{"taxonomy":"category","embeddable":true,"href":"https:\/\/www.webdo.tn\/fr\/wp-json\/wp\/v2\/categories?post=213828"},{"taxonomy":"post_tag","embeddable":true,"href":"https:\/\/www.webdo.tn\/fr\/wp-json\/wp\/v2\/tags?post=213828"}],"curies":[{"name":"wp","href":"https:\/\/api.w.org\/{rel}","templated":true}]}}