{"id":213819,"date":"2024-04-26T10:41:00","date_gmt":"2024-04-26T10:41:00","guid":{"rendered":"https:\/\/www.webdo.tn\/fr\/blog\/tunisie-des-brochures-sur-l-homosexualite-retirees-de-la-foire-internationale-du-livre\/213819\/"},"modified":"2025-05-20T22:53:44","modified_gmt":"2025-05-20T22:53:44","slug":"tunisie-des-brochures-sur-l-homosexualite-retirees-de-la-foire-internationale-du-livre","status":"publish","type":"post","link":"https:\/\/www.webdo.tn\/fr\/actualite\/national\/tunisie-des-brochures-sur-l-homosexualite-retirees-de-la-foire-internationale-du-livre\/213819\/","title":{"rendered":"Tunisie : Des brochures sur l\u2019homosexualit\u00e9 retir\u00e9es de la Foire internationale du livre"},"content":{"rendered":"<p>L\u2019affaire fait actuellement pol\u00e9mique. Des brochures \u00e9voquant l\u2019homosexualit\u00e9 ont \u00e9t\u00e9 retir\u00e9es de la Foire internationale du livre.\u00a0<\/p>\n<p>\t\t\t\t\t\t\t\t\tC\u2019est l&rsquo;UNFPA, agence directrice des Nations Unies en charge des questions de sant\u00e9 sexuelle et reproductive, dont une antenne est install\u00e9e \u00e0 Tunis, qui a \u00e9dit\u00e9 ces plaquettes dans le cadre d\u2019une campagne de sensibilisation.\u00a0<\/p>\n<p>\u00ab Nous avons exprim\u00e9 notre embarras sur le contenu de ces brochures et des repr\u00e9sentants de l\u2019Unfpa ont \u00e9t\u00e9 compr\u00e9hensifs et les ont retir\u00e9es de leur stand \u00bb, a d\u00e9clar\u00e9 \u00e0 l\u2019AFP Mohamed Salah Kadri, directeur technique de la 38e \u00e9dition de la Foire internationale du livre de Tunis.\u00a0<\/p>\n<p>Toujours selon l\u2019AFP, \u00ab ces brochures, r\u00e9alis\u00e9es en collaboration avec l\u2019Association tunisienne de la sant\u00e9 et de la reproduction, expliquent aux parents comment r\u00e9pondre aux questions de leurs enfants sur la sexualit\u00e9 \u00bb.\u00a0<\/p>\n<p>Notons que cette agence onusienne n&rsquo;a rien communiqu\u00e9 \u00e0 cet effet.\u00a0<\/p>\n<p>Il faut rappeler que l\u2019article 230 du code p\u00e9nal condamne \u00ab la sodomie \u00bb et \u00ab l\u2019homosexualit\u00e9 masculine et f\u00e9minine \u00bb.<\/p>\n","protected":false},"excerpt":{"rendered":"<p>C\u2019est l&rsquo;UNFPA, agence directrice des Nations Unies en charge des questions de sant\u00e9 sexuelle et reproductive, dont une antenne est install\u00e9e \u00e0 Tunis, qui a \u00e9dit&#8230;<\/p>\n","protected":false},"author":3175,"featured_media":290529,"comment_status":"open","ping_status":"closed","sticky":false,"template":"","format":"standard","meta":{"footnotes":""},"categories":[44],"tags":[10145,6588,2608],"class_list":["post-213819","post","type-post","status-publish","format-standard","has-post-thumbnail","hentry","category-national","tag-brochures","tag-foire-du-livre","tag-tunisie"],"yoast_head":"<!-- This site is optimized with the Yoast SEO Premium plugin v27.5 (Yoast SEO v27.5) - https:\/\/yoast.com\/product\/yoast-seo-premium-wordpress\/ -->\n<title>Tunisie : Des brochures sur l\u2019homosexualit\u00e9 retir\u00e9es de la Foire internationale du livre<\/title>\n<meta name=\"description\" content=\"C\u2019est l&#039;UNFPA, agence directrice des Nations Unies en charge des questions de sant\u00e9 sexuelle et reproductive, dont une antenne est install\u00e9e \u00e0 Tunis, qui a \u00e9dit...\" \/>\n<link rel=\"canonical\" href=\"https:\/\/www.webdo.tn\/fr\/actualite\/national\/tunisie-des-brochures-sur-l-homosexualite-retirees-de-la-foire-internationale-du-livre\/213819\/\" \/>\n<meta property=\"og:locale\" content=\"fr_FR\" \/>\n<meta property=\"og:type\" content=\"article\" \/>\n<meta property=\"og:title\" content=\"Tunisie : Des brochures sur l\u2019homosexualit\u00e9 retir\u00e9es de la Foire internationale du livre\" \/>\n<meta property=\"og:description\" content=\"C\u2019est l&#039;UNFPA, agence directrice des Nations Unies en charge des questions de sant\u00e9 sexuelle et reproductive, dont une antenne est install\u00e9e \u00e0 Tunis, qui a \u00e9dit...\" \/>\n<meta property=\"og:url\" content=\"https:\/\/www.webdo.tn\/fr\/actualite\/national\/tunisie-des-brochures-sur-l-homosexualite-retirees-de-la-foire-internationale-du-livre\/213819\/\" \/>\n<meta property=\"og:site_name\" content=\"webdo\" \/>\n<meta property=\"article:publisher\" content=\"https:\/\/www.facebook.com\/webdotn\" \/>\n<meta property=\"article:published_time\" content=\"2024-04-26T10:41:00+00:00\" \/>\n<meta property=\"article:modified_time\" content=\"2025-05-20T22:53:44+00:00\" \/>\n<meta property=\"og:image\" content=\"https:\/\/www.webdo.tn\/fr\/wp-content\/uploads\/2024\/04\/f9835067a711dd4f7287d97858e8a03c.webp\" \/>\n\t<meta property=\"og:image:width\" content=\"750\" \/>\n\t<meta property=\"og:image:height\" content=\"400\" \/>\n\t<meta property=\"og:image:type\" content=\"image\/webp\" \/>\n<meta name=\"author\" content=\"CL\" \/>\n<meta name=\"twitter:card\" content=\"summary_large_image\" \/>\n<meta name=\"twitter:creator\" content=\"@webdo_tn\" \/>\n<meta name=\"twitter:site\" content=\"@webdo_tn\" \/>\n<meta name=\"twitter:label1\" content=\"\u00c9crit par\" \/>\n\t<meta name=\"twitter:data1\" content=\"CL\" \/>\n\t<meta name=\"twitter:label2\" content=\"Dur\u00e9e de lecture estim\u00e9e\" \/>\n\t<meta name=\"twitter:data2\" content=\"1 minute\" \/>\n<script type=\"application\/ld+json\" class=\"yoast-schema-graph\">{\"@context\":\"https:\\\/\\\/schema.org\",\"@graph\":[{\"@type\":\"NewsArticle\",\"@id\":\"https:\\\/\\\/www.webdo.tn\\\/fr\\\/actualite\\\/national\\\/tunisie-des-brochures-sur-l-homosexualite-retirees-de-la-foire-internationale-du-livre\\\/213819\\\/#article\",\"isPartOf\":{\"@id\":\"https:\\\/\\\/www.webdo.tn\\\/fr\\\/actualite\\\/national\\\/tunisie-des-brochures-sur-l-homosexualite-retirees-de-la-foire-internationale-du-livre\\\/213819\\\/\"},\"author\":{\"name\":\"CL\",\"@id\":\"https:\\\/\\\/www.webdo.tn\\\/fr\\\/#\\\/schema\\\/person\\\/f35b42a42c5e2511bbd282959d6385cc\"},\"headline\":\"Tunisie : Des brochures sur l\u2019homosexualit\u00e9 retir\u00e9es de la Foire internationale du livre\",\"datePublished\":\"2024-04-26T10:41:00+00:00\",\"dateModified\":\"2025-05-20T22:53:44+00:00\",\"mainEntityOfPage\":{\"@id\":\"https:\\\/\\\/www.webdo.tn\\\/fr\\\/actualite\\\/national\\\/tunisie-des-brochures-sur-l-homosexualite-retirees-de-la-foire-internationale-du-livre\\\/213819\\\/\"},\"wordCount\":192,\"commentCount\":0,\"publisher\":{\"@id\":\"https:\\\/\\\/www.webdo.tn\\\/fr\\\/#organization\"},\"image\":{\"@id\":\"https:\\\/\\\/www.webdo.tn\\\/fr\\\/actualite\\\/national\\\/tunisie-des-brochures-sur-l-homosexualite-retirees-de-la-foire-internationale-du-livre\\\/213819\\\/#primaryimage\"},\"thumbnailUrl\":\"https:\\\/\\\/www.webdo.tn\\\/fr\\\/wp-content\\\/uploads\\\/2024\\\/04\\\/f9835067a711dd4f7287d97858e8a03c.webp\",\"keywords\":[\"'brochures']\",\"foire du livre\",\"Tunisie\"],\"articleSection\":[\"National\"],\"inLanguage\":\"fr-FR\"},{\"@type\":\"WebPage\",\"@id\":\"https:\\\/\\\/www.webdo.tn\\\/fr\\\/actualite\\\/national\\\/tunisie-des-brochures-sur-l-homosexualite-retirees-de-la-foire-internationale-du-livre\\\/213819\\\/\",\"url\":\"https:\\\/\\\/www.webdo.tn\\\/fr\\\/actualite\\\/national\\\/tunisie-des-brochures-sur-l-homosexualite-retirees-de-la-foire-internationale-du-livre\\\/213819\\\/\",\"name\":\"Tunisie : Des brochures sur l\u2019homosexualit\u00e9 retir\u00e9es de la Foire internationale du livre\",\"isPartOf\":{\"@id\":\"https:\\\/\\\/www.webdo.tn\\\/fr\\\/#website\"},\"primaryImageOfPage\":{\"@id\":\"https:\\\/\\\/www.webdo.tn\\\/fr\\\/actualite\\\/national\\\/tunisie-des-brochures-sur-l-homosexualite-retirees-de-la-foire-internationale-du-livre\\\/213819\\\/#primaryimage\"},\"image\":{\"@id\":\"https:\\\/\\\/www.webdo.tn\\\/fr\\\/actualite\\\/national\\\/tunisie-des-brochures-sur-l-homosexualite-retirees-de-la-foire-internationale-du-livre\\\/213819\\\/#primaryimage\"},\"thumbnailUrl\":\"https:\\\/\\\/www.webdo.tn\\\/fr\\\/wp-content\\\/uploads\\\/2024\\\/04\\\/f9835067a711dd4f7287d97858e8a03c.webp\",\"datePublished\":\"2024-04-26T10:41:00+00:00\",\"dateModified\":\"2025-05-20T22:53:44+00:00\",\"description\":\"C\u2019est l'UNFPA, agence directrice des Nations Unies en charge des questions de sant\u00e9 sexuelle et reproductive, dont une antenne est install\u00e9e \u00e0 Tunis, qui a \u00e9dit...\",\"breadcrumb\":{\"@id\":\"https:\\\/\\\/www.webdo.tn\\\/fr\\\/actualite\\\/national\\\/tunisie-des-brochures-sur-l-homosexualite-retirees-de-la-foire-internationale-du-livre\\\/213819\\\/#breadcrumb\"},\"inLanguage\":\"fr-FR\",\"potentialAction\":[{\"@type\":\"ReadAction\",\"target\":[\"https:\\\/\\\/www.webdo.tn\\\/fr\\\/actualite\\\/national\\\/tunisie-des-brochures-sur-l-homosexualite-retirees-de-la-foire-internationale-du-livre\\\/213819\\\/\"]}]},{\"@type\":\"ImageObject\",\"inLanguage\":\"fr-FR\",\"@id\":\"https:\\\/\\\/www.webdo.tn\\\/fr\\\/actualite\\\/national\\\/tunisie-des-brochures-sur-l-homosexualite-retirees-de-la-foire-internationale-du-livre\\\/213819\\\/#primaryimage\",\"url\":\"https:\\\/\\\/www.webdo.tn\\\/fr\\\/wp-content\\\/uploads\\\/2024\\\/04\\\/f9835067a711dd4f7287d97858e8a03c.webp\",\"contentUrl\":\"https:\\\/\\\/www.webdo.tn\\\/fr\\\/wp-content\\\/uploads\\\/2024\\\/04\\\/f9835067a711dd4f7287d97858e8a03c.webp\",\"width\":750,\"height\":400,\"caption\":\"Tunisie : Des brochures sur l\u2019homosexualit\u00e9 retir\u00e9es de la Foire internationale du livre\"},{\"@type\":\"BreadcrumbList\",\"@id\":\"https:\\\/\\\/www.webdo.tn\\\/fr\\\/actualite\\\/national\\\/tunisie-des-brochures-sur-l-homosexualite-retirees-de-la-foire-internationale-du-livre\\\/213819\\\/#breadcrumb\",\"itemListElement\":[{\"@type\":\"ListItem\",\"position\":1,\"name\":\"Accueil\",\"item\":\"https:\\\/\\\/www.webdo.tn\\\/fr\\\/\"},{\"@type\":\"ListItem\",\"position\":2,\"name\":\"Tunisie : Des brochures sur l\u2019homosexualit\u00e9 retir\u00e9es de la Foire internationale du livre\"}]},{\"@type\":\"WebSite\",\"@id\":\"https:\\\/\\\/www.webdo.tn\\\/fr\\\/#website\",\"url\":\"https:\\\/\\\/www.webdo.tn\\\/fr\\\/\",\"name\":\"webdo\",\"description\":\"Tunisie - News en Tunisie et \u00e0 l&#039;international sur Webdo.tn\",\"publisher\":{\"@id\":\"https:\\\/\\\/www.webdo.tn\\\/fr\\\/#organization\"},\"potentialAction\":[{\"@type\":\"SearchAction\",\"target\":{\"@type\":\"EntryPoint\",\"urlTemplate\":\"https:\\\/\\\/www.webdo.tn\\\/fr\\\/?s={search_term_string}\"},\"query-input\":{\"@type\":\"PropertyValueSpecification\",\"valueRequired\":true,\"valueName\":\"search_term_string\"}}],\"inLanguage\":\"fr-FR\"},{\"@type\":\"Organization\",\"@id\":\"https:\\\/\\\/www.webdo.tn\\\/fr\\\/#organization\",\"name\":\"Webdo\",\"alternateName\":\"Webdo.tn\",\"url\":\"https:\\\/\\\/www.webdo.tn\\\/fr\\\/\",\"logo\":{\"@type\":\"ImageObject\",\"inLanguage\":\"fr-FR\",\"@id\":\"https:\\\/\\\/www.webdo.tn\\\/fr\\\/#\\\/schema\\\/logo\\\/image\\\/\",\"url\":\"https:\\\/\\\/www.webdo.tn\\\/fr\\\/wp-content\\\/uploads\\\/2025\\\/06\\\/Webdo-Tunisie_168377.jpg\",\"contentUrl\":\"https:\\\/\\\/www.webdo.tn\\\/fr\\\/wp-content\\\/uploads\\\/2025\\\/06\\\/Webdo-Tunisie_168377.jpg\",\"width\":301,\"height\":301,\"caption\":\"Webdo\"},\"image\":{\"@id\":\"https:\\\/\\\/www.webdo.tn\\\/fr\\\/#\\\/schema\\\/logo\\\/image\\\/\"},\"sameAs\":[\"https:\\\/\\\/www.facebook.com\\\/webdotn\",\"https:\\\/\\\/x.com\\\/webdo_tn\"],\"description\":\"Webdo est un m\u00e9dia num\u00e9rique tunisien fond\u00e9 en 2010, sp\u00e9cialis\u00e9 dans l\u2019actualit\u00e9 nationale et internationale, l\u2019\u00e9conomie, la soci\u00e9t\u00e9 et les analyses politiques. Le site s\u2019adresse \u00e0 un large public francophone et couvre l\u2019information tunisienne en temps r\u00e9el.\",\"email\":\"redac@webdo.tn\",\"legalName\":\"YNJ SARL\",\"foundingDate\":\"2010-09-06\",\"numberOfEmployees\":{\"@type\":\"QuantitativeValue\",\"minValue\":\"11\",\"maxValue\":\"50\"}},{\"@type\":\"Person\",\"@id\":\"https:\\\/\\\/www.webdo.tn\\\/fr\\\/#\\\/schema\\\/person\\\/f35b42a42c5e2511bbd282959d6385cc\",\"name\":\"CL\",\"image\":{\"@type\":\"ImageObject\",\"inLanguage\":\"fr-FR\",\"@id\":\"https:\\\/\\\/secure.gravatar.com\\\/avatar\\\/1447a49909b67aa657c488aec6512e1dd6143a480c1ecfee9b5b5cd74eb3b59e?s=96&d=mm&r=g\",\"url\":\"https:\\\/\\\/secure.gravatar.com\\\/avatar\\\/1447a49909b67aa657c488aec6512e1dd6143a480c1ecfee9b5b5cd74eb3b59e?s=96&d=mm&r=g\",\"contentUrl\":\"https:\\\/\\\/secure.gravatar.com\\\/avatar\\\/1447a49909b67aa657c488aec6512e1dd6143a480c1ecfee9b5b5cd74eb3b59e?s=96&d=mm&r=g\",\"caption\":\"CL\"},\"url\":\"https:\\\/\\\/www.webdo.tn\\\/fr\\\/actualite\\\/author\\\/cl\\\/\"}]}<\/script>\n<!-- \/ Yoast SEO Premium plugin. -->","yoast_head_json":{"title":"Tunisie : Des brochures sur l\u2019homosexualit\u00e9 retir\u00e9es de la Foire internationale du livre","description":"C\u2019est l'UNFPA, agence directrice des Nations Unies en charge des questions de sant\u00e9 sexuelle et reproductive, dont une antenne est install\u00e9e \u00e0 Tunis, qui a \u00e9dit...","canonical":"https:\/\/www.webdo.tn\/fr\/actualite\/national\/tunisie-des-brochures-sur-l-homosexualite-retirees-de-la-foire-internationale-du-livre\/213819\/","og_locale":"fr_FR","og_type":"article","og_title":"Tunisie : Des brochures sur l\u2019homosexualit\u00e9 retir\u00e9es de la Foire internationale du livre","og_description":"C\u2019est l'UNFPA, agence directrice des Nations Unies en charge des questions de sant\u00e9 sexuelle et reproductive, dont une antenne est install\u00e9e \u00e0 Tunis, qui a \u00e9dit...","og_url":"https:\/\/www.webdo.tn\/fr\/actualite\/national\/tunisie-des-brochures-sur-l-homosexualite-retirees-de-la-foire-internationale-du-livre\/213819\/","og_site_name":"webdo","article_publisher":"https:\/\/www.facebook.com\/webdotn","article_published_time":"2024-04-26T10:41:00+00:00","article_modified_time":"2025-05-20T22:53:44+00:00","og_image":[{"width":750,"height":400,"url":"https:\/\/www.webdo.tn\/fr\/wp-content\/uploads\/2024\/04\/f9835067a711dd4f7287d97858e8a03c.webp","type":"image\/webp"}],"author":"CL","twitter_card":"summary_large_image","twitter_creator":"@webdo_tn","twitter_site":"@webdo_tn","twitter_misc":{"\u00c9crit par":"CL","Dur\u00e9e de lecture estim\u00e9e":"1 minute"},"schema":{"@context":"https:\/\/schema.org","@graph":[{"@type":"NewsArticle","@id":"https:\/\/www.webdo.tn\/fr\/actualite\/national\/tunisie-des-brochures-sur-l-homosexualite-retirees-de-la-foire-internationale-du-livre\/213819\/#article","isPartOf":{"@id":"https:\/\/www.webdo.tn\/fr\/actualite\/national\/tunisie-des-brochures-sur-l-homosexualite-retirees-de-la-foire-internationale-du-livre\/213819\/"},"author":{"name":"CL","@id":"https:\/\/www.webdo.tn\/fr\/#\/schema\/person\/f35b42a42c5e2511bbd282959d6385cc"},"headline":"Tunisie : Des brochures sur l\u2019homosexualit\u00e9 retir\u00e9es de la Foire internationale du livre","datePublished":"2024-04-26T10:41:00+00:00","dateModified":"2025-05-20T22:53:44+00:00","mainEntityOfPage":{"@id":"https:\/\/www.webdo.tn\/fr\/actualite\/national\/tunisie-des-brochures-sur-l-homosexualite-retirees-de-la-foire-internationale-du-livre\/213819\/"},"wordCount":192,"commentCount":0,"publisher":{"@id":"https:\/\/www.webdo.tn\/fr\/#organization"},"image":{"@id":"https:\/\/www.webdo.tn\/fr\/actualite\/national\/tunisie-des-brochures-sur-l-homosexualite-retirees-de-la-foire-internationale-du-livre\/213819\/#primaryimage"},"thumbnailUrl":"https:\/\/www.webdo.tn\/fr\/wp-content\/uploads\/2024\/04\/f9835067a711dd4f7287d97858e8a03c.webp","keywords":["'brochures']","foire du livre","Tunisie"],"articleSection":["National"],"inLanguage":"fr-FR"},{"@type":"WebPage","@id":"https:\/\/www.webdo.tn\/fr\/actualite\/national\/tunisie-des-brochures-sur-l-homosexualite-retirees-de-la-foire-internationale-du-livre\/213819\/","url":"https:\/\/www.webdo.tn\/fr\/actualite\/national\/tunisie-des-brochures-sur-l-homosexualite-retirees-de-la-foire-internationale-du-livre\/213819\/","name":"Tunisie : Des brochures sur l\u2019homosexualit\u00e9 retir\u00e9es de la Foire internationale du livre","isPartOf":{"@id":"https:\/\/www.webdo.tn\/fr\/#website"},"primaryImageOfPage":{"@id":"https:\/\/www.webdo.tn\/fr\/actualite\/national\/tunisie-des-brochures-sur-l-homosexualite-retirees-de-la-foire-internationale-du-livre\/213819\/#primaryimage"},"image":{"@id":"https:\/\/www.webdo.tn\/fr\/actualite\/national\/tunisie-des-brochures-sur-l-homosexualite-retirees-de-la-foire-internationale-du-livre\/213819\/#primaryimage"},"thumbnailUrl":"https:\/\/www.webdo.tn\/fr\/wp-content\/uploads\/2024\/04\/f9835067a711dd4f7287d97858e8a03c.webp","datePublished":"2024-04-26T10:41:00+00:00","dateModified":"2025-05-20T22:53:44+00:00","description":"C\u2019est l'UNFPA, agence directrice des Nations Unies en charge des questions de sant\u00e9 sexuelle et reproductive, dont une antenne est install\u00e9e \u00e0 Tunis, qui a \u00e9dit...","breadcrumb":{"@id":"https:\/\/www.webdo.tn\/fr\/actualite\/national\/tunisie-des-brochures-sur-l-homosexualite-retirees-de-la-foire-internationale-du-livre\/213819\/#breadcrumb"},"inLanguage":"fr-FR","potentialAction":[{"@type":"ReadAction","target":["https:\/\/www.webdo.tn\/fr\/actualite\/national\/tunisie-des-brochures-sur-l-homosexualite-retirees-de-la-foire-internationale-du-livre\/213819\/"]}]},{"@type":"ImageObject","inLanguage":"fr-FR","@id":"https:\/\/www.webdo.tn\/fr\/actualite\/national\/tunisie-des-brochures-sur-l-homosexualite-retirees-de-la-foire-internationale-du-livre\/213819\/#primaryimage","url":"https:\/\/www.webdo.tn\/fr\/wp-content\/uploads\/2024\/04\/f9835067a711dd4f7287d97858e8a03c.webp","contentUrl":"https:\/\/www.webdo.tn\/fr\/wp-content\/uploads\/2024\/04\/f9835067a711dd4f7287d97858e8a03c.webp","width":750,"height":400,"caption":"Tunisie : Des brochures sur l\u2019homosexualit\u00e9 retir\u00e9es de la Foire internationale du livre"},{"@type":"BreadcrumbList","@id":"https:\/\/www.webdo.tn\/fr\/actualite\/national\/tunisie-des-brochures-sur-l-homosexualite-retirees-de-la-foire-internationale-du-livre\/213819\/#breadcrumb","itemListElement":[{"@type":"ListItem","position":1,"name":"Accueil","item":"https:\/\/www.webdo.tn\/fr\/"},{"@type":"ListItem","position":2,"name":"Tunisie : Des brochures sur l\u2019homosexualit\u00e9 retir\u00e9es de la Foire internationale du livre"}]},{"@type":"WebSite","@id":"https:\/\/www.webdo.tn\/fr\/#website","url":"https:\/\/www.webdo.tn\/fr\/","name":"webdo","description":"Tunisie - News en Tunisie et \u00e0 l&#039;international sur Webdo.tn","publisher":{"@id":"https:\/\/www.webdo.tn\/fr\/#organization"},"potentialAction":[{"@type":"SearchAction","target":{"@type":"EntryPoint","urlTemplate":"https:\/\/www.webdo.tn\/fr\/?s={search_term_string}"},"query-input":{"@type":"PropertyValueSpecification","valueRequired":true,"valueName":"search_term_string"}}],"inLanguage":"fr-FR"},{"@type":"Organization","@id":"https:\/\/www.webdo.tn\/fr\/#organization","name":"Webdo","alternateName":"Webdo.tn","url":"https:\/\/www.webdo.tn\/fr\/","logo":{"@type":"ImageObject","inLanguage":"fr-FR","@id":"https:\/\/www.webdo.tn\/fr\/#\/schema\/logo\/image\/","url":"https:\/\/www.webdo.tn\/fr\/wp-content\/uploads\/2025\/06\/Webdo-Tunisie_168377.jpg","contentUrl":"https:\/\/www.webdo.tn\/fr\/wp-content\/uploads\/2025\/06\/Webdo-Tunisie_168377.jpg","width":301,"height":301,"caption":"Webdo"},"image":{"@id":"https:\/\/www.webdo.tn\/fr\/#\/schema\/logo\/image\/"},"sameAs":["https:\/\/www.facebook.com\/webdotn","https:\/\/x.com\/webdo_tn"],"description":"Webdo est un m\u00e9dia num\u00e9rique tunisien fond\u00e9 en 2010, sp\u00e9cialis\u00e9 dans l\u2019actualit\u00e9 nationale et internationale, l\u2019\u00e9conomie, la soci\u00e9t\u00e9 et les analyses politiques. Le site s\u2019adresse \u00e0 un large public francophone et couvre l\u2019information tunisienne en temps r\u00e9el.","email":"redac@webdo.tn","legalName":"YNJ SARL","foundingDate":"2010-09-06","numberOfEmployees":{"@type":"QuantitativeValue","minValue":"11","maxValue":"50"}},{"@type":"Person","@id":"https:\/\/www.webdo.tn\/fr\/#\/schema\/person\/f35b42a42c5e2511bbd282959d6385cc","name":"CL","image":{"@type":"ImageObject","inLanguage":"fr-FR","@id":"https:\/\/secure.gravatar.com\/avatar\/1447a49909b67aa657c488aec6512e1dd6143a480c1ecfee9b5b5cd74eb3b59e?s=96&d=mm&r=g","url":"https:\/\/secure.gravatar.com\/avatar\/1447a49909b67aa657c488aec6512e1dd6143a480c1ecfee9b5b5cd74eb3b59e?s=96&d=mm&r=g","contentUrl":"https:\/\/secure.gravatar.com\/avatar\/1447a49909b67aa657c488aec6512e1dd6143a480c1ecfee9b5b5cd74eb3b59e?s=96&d=mm&r=g","caption":"CL"},"url":"https:\/\/www.webdo.tn\/fr\/actualite\/author\/cl\/"}]}},"_links":{"self":[{"href":"https:\/\/www.webdo.tn\/fr\/wp-json\/wp\/v2\/posts\/213819","targetHints":{"allow":["GET"]}}],"collection":[{"href":"https:\/\/www.webdo.tn\/fr\/wp-json\/wp\/v2\/posts"}],"about":[{"href":"https:\/\/www.webdo.tn\/fr\/wp-json\/wp\/v2\/types\/post"}],"author":[{"embeddable":true,"href":"https:\/\/www.webdo.tn\/fr\/wp-json\/wp\/v2\/users\/3175"}],"replies":[{"embeddable":true,"href":"https:\/\/www.webdo.tn\/fr\/wp-json\/wp\/v2\/comments?post=213819"}],"version-history":[{"count":0,"href":"https:\/\/www.webdo.tn\/fr\/wp-json\/wp\/v2\/posts\/213819\/revisions"}],"wp:featuredmedia":[{"embeddable":true,"href":"https:\/\/www.webdo.tn\/fr\/wp-json\/wp\/v2\/media\/290529"}],"wp:attachment":[{"href":"https:\/\/www.webdo.tn\/fr\/wp-json\/wp\/v2\/media?parent=213819"}],"wp:term":[{"taxonomy":"category","embeddable":true,"href":"https:\/\/www.webdo.tn\/fr\/wp-json\/wp\/v2\/categories?post=213819"},{"taxonomy":"post_tag","embeddable":true,"href":"https:\/\/www.webdo.tn\/fr\/wp-json\/wp\/v2\/tags?post=213819"}],"curies":[{"name":"wp","href":"https:\/\/api.w.org\/{rel}","templated":true}]}}