{"id":213813,"date":"2024-04-26T08:54:00","date_gmt":"2024-04-26T08:54:00","guid":{"rendered":"https:\/\/www.webdo.tn\/fr\/blog\/la-france-soutient-la-tunisie-dans-ses-reformes-economiques-selon-macron\/213813\/"},"modified":"2025-05-20T22:36:41","modified_gmt":"2025-05-20T22:36:41","slug":"la-france-soutient-la-tunisie-dans-ses-reformes-economiques-selon-macron","status":"publish","type":"post","link":"https:\/\/www.webdo.tn\/fr\/actualite\/national\/la-france-soutient-la-tunisie-dans-ses-reformes-economiques-selon-macron\/213813\/","title":{"rendered":"Emmanuel Macron : \u00ab\u00a0La France soutient la Tunisie dans ses r\u00e9formes \u00e9conomiques\u00a0\u00bb"},"content":{"rendered":"<p>L\u2019Elys\u00e9e a publi\u00e9 un communiqu\u00e9 pour revenir sur l\u2019entretien entre Emmanuel Macron et Kais Saied. Si le communiqu\u00e9 de Carthage sur cet \u00e9change \u00e9voquait la situation \u00e0 Gaza et la question migratoire, la version de la pr\u00e9sidence fran\u00e7aise porte notamment sur la coop\u00e9ration et les r\u00e9formes \u00e9conomiques et la participation du pr\u00e9sident de la R\u00e9publique Kais Saied au Sommet de la Francophonie pr\u00e9vue octobre prochain \u00e0 Paris.\u00a0<\/p>\n<p>\t\t\t\t\t\t\t\t\tEn effet dans un communiqu\u00e9 rendu public, l\u2019Elys\u00e9e rapporte que les deux pr\u00e9sidents dans ont \u00e9voqu\u00e9 \u00ab les sujets de coop\u00e9ration dans les domaines de la transition \u00e9nerg\u00e9tique, de l\u2019\u00e9ducation, de l\u2019agriculture et de la s\u00e9curit\u00e9 alimentaire \u00bb.<\/p>\n<p>Macron a \u00e9galement \u00ab r\u00e9affirm\u00e9 que la France soutiendrait la Tunisie dans la mise en \u0153uvre de ses r\u00e9formes \u00e9conomiques \u00bb.<\/p>\n<p>\u00ab La France \u00e9tait dispos\u00e9e \u00e0 renforcer sa coop\u00e9ration avec la Tunisie pour lutter contre les r\u00e9seaux de trafiquants d\u2019\u00eatres humains dans le cadre de la l\u00e9galit\u00e9 internationale et en lien avec les efforts d\u00e9ploy\u00e9s par l\u2019Union europ\u00e9enne \u00bb, a \u00e9galement communiqu\u00e9 l\u2019Elys\u00e9e.\u00a0<\/p>\n<p>D\u2019autre part, la pr\u00e9sidence fran\u00e7aise ajoute qu\u2019Emmanuel Macron s\u2019est \u00ab r\u00e9joui de la participation du pr\u00e9sident tunisien au Sommet de la Francophonie qui aura lieu en France en octobre et qui prendra la suite du Sommet organis\u00e9 par la Tunisie, \u00e0 Djerba, le 19 novembre 2022 \u00bb, chose qui n\u2019a pas \u00e9t\u00e9 cit\u00e9e dans le communiqu\u00e9 de Carthage.\u00a0<\/p>\n<p>Rappelons que selon la version de la pr\u00e9sidence de la R\u00e9publique tunisienne, au cours de cet \u00e9change, plusieurs sujets ont \u00e9t\u00e9 abord\u00e9s, notamment les relations bilat\u00e9rales entre les deux pays, la relation de la Tunisie avec l&rsquo;Union europ\u00e9enne, et les \u00ab bouleversements rapides que conna\u00eet le monde aujourd&rsquo;hui \u00bb.\u00a0<\/p>\n<p>Toujours selon le communiqu\u00e9 de la pr\u00e9sidence de la R\u00e9publique, parmi les sujets les plus importants abord\u00e9s longuement, il y a eu la guerre d&rsquo;extermination \u00e0 laquelle le peuple palestinien est confront\u00e9 et la n\u00e9cessit\u00e9 d&rsquo;y mettre fin imm\u00e9diatement.<\/p>\n","protected":false},"excerpt":{"rendered":"<p>En effet dans un communiqu\u00e9 rendu public, l\u2019Elys\u00e9e rapporte que les deux pr\u00e9sidents dans ont \u00e9voqu\u00e9 \u00ab les sujets de coop\u00e9ration dans les domaines de la transiti&#8230;<\/p>\n","protected":false},"author":3175,"featured_media":247507,"comment_status":"open","ping_status":"closed","sticky":false,"template":"","format":"standard","meta":{"footnotes":""},"categories":[44],"tags":[2998,3535,2608],"class_list":["post-213813","post","type-post","status-publish","format-standard","has-post-thumbnail","hentry","category-national","tag-france","tag-macron","tag-tunisie"],"yoast_head":"<!-- This site is optimized with the Yoast SEO Premium plugin v27.5 (Yoast SEO v27.5) - https:\/\/yoast.com\/product\/yoast-seo-premium-wordpress\/ -->\n<title>Emmanuel Macron : La France soutient la Tunisie dans ses r\u00e9formes \u00e9conomiques<\/title>\n<meta name=\"description\" content=\"En effet dans un communiqu\u00e9 rendu public, l\u2019Elys\u00e9e rapporte que les deux pr\u00e9sidents dans ont \u00e9voqu\u00e9 \u00ab les sujets de coop\u00e9ration dans les domaines de la transiti...\" \/>\n<link rel=\"canonical\" href=\"https:\/\/www.webdo.tn\/fr\/actualite\/national\/la-france-soutient-la-tunisie-dans-ses-reformes-economiques-selon-macron\/213813\/\" \/>\n<meta property=\"og:locale\" content=\"fr_FR\" \/>\n<meta property=\"og:type\" content=\"article\" \/>\n<meta property=\"og:title\" content=\"Emmanuel Macron : &quot;La France soutient la Tunisie dans ses r\u00e9formes \u00e9conomiques&quot;\" \/>\n<meta property=\"og:description\" content=\"En effet dans un communiqu\u00e9 rendu public, l\u2019Elys\u00e9e rapporte que les deux pr\u00e9sidents dans ont \u00e9voqu\u00e9 \u00ab les sujets de coop\u00e9ration dans les domaines de la transiti...\" \/>\n<meta property=\"og:url\" content=\"https:\/\/www.webdo.tn\/fr\/actualite\/national\/la-france-soutient-la-tunisie-dans-ses-reformes-economiques-selon-macron\/213813\/\" \/>\n<meta property=\"og:site_name\" content=\"webdo\" \/>\n<meta property=\"article:publisher\" content=\"https:\/\/www.facebook.com\/webdotn\" \/>\n<meta property=\"article:published_time\" content=\"2024-04-26T08:54:00+00:00\" \/>\n<meta property=\"article:modified_time\" content=\"2025-05-20T22:36:41+00:00\" \/>\n<meta property=\"og:image\" content=\"https:\/\/www.webdo.tn\/fr\/wp-content\/uploads\/2024\/04\/2c29dae613c2aa2baa363b33126be528.webp\" \/>\n\t<meta property=\"og:image:width\" content=\"734\" \/>\n\t<meta property=\"og:image:height\" content=\"391\" \/>\n\t<meta property=\"og:image:type\" content=\"image\/webp\" \/>\n<meta name=\"author\" content=\"CL\" \/>\n<meta name=\"twitter:card\" content=\"summary_large_image\" \/>\n<meta name=\"twitter:creator\" content=\"@webdo_tn\" \/>\n<meta name=\"twitter:site\" content=\"@webdo_tn\" \/>\n<meta name=\"twitter:label1\" content=\"\u00c9crit par\" \/>\n\t<meta name=\"twitter:data1\" content=\"CL\" \/>\n\t<meta name=\"twitter:label2\" content=\"Dur\u00e9e de lecture estim\u00e9e\" \/>\n\t<meta name=\"twitter:data2\" content=\"2 minutes\" \/>\n<script type=\"application\/ld+json\" class=\"yoast-schema-graph\">{\"@context\":\"https:\\\/\\\/schema.org\",\"@graph\":[{\"@type\":\"NewsArticle\",\"@id\":\"https:\\\/\\\/www.webdo.tn\\\/fr\\\/actualite\\\/national\\\/la-france-soutient-la-tunisie-dans-ses-reformes-economiques-selon-macron\\\/213813\\\/#article\",\"isPartOf\":{\"@id\":\"https:\\\/\\\/www.webdo.tn\\\/fr\\\/actualite\\\/national\\\/la-france-soutient-la-tunisie-dans-ses-reformes-economiques-selon-macron\\\/213813\\\/\"},\"author\":{\"name\":\"CL\",\"@id\":\"https:\\\/\\\/www.webdo.tn\\\/fr\\\/#\\\/schema\\\/person\\\/f35b42a42c5e2511bbd282959d6385cc\"},\"headline\":\"Emmanuel Macron : \u00ab\u00a0La France soutient la Tunisie dans ses r\u00e9formes \u00e9conomiques\u00a0\u00bb\",\"datePublished\":\"2024-04-26T08:54:00+00:00\",\"dateModified\":\"2025-05-20T22:36:41+00:00\",\"mainEntityOfPage\":{\"@id\":\"https:\\\/\\\/www.webdo.tn\\\/fr\\\/actualite\\\/national\\\/la-france-soutient-la-tunisie-dans-ses-reformes-economiques-selon-macron\\\/213813\\\/\"},\"wordCount\":365,\"commentCount\":0,\"publisher\":{\"@id\":\"https:\\\/\\\/www.webdo.tn\\\/fr\\\/#organization\"},\"image\":{\"@id\":\"https:\\\/\\\/www.webdo.tn\\\/fr\\\/actualite\\\/national\\\/la-france-soutient-la-tunisie-dans-ses-reformes-economiques-selon-macron\\\/213813\\\/#primaryimage\"},\"thumbnailUrl\":\"https:\\\/\\\/www.webdo.tn\\\/fr\\\/wp-content\\\/uploads\\\/2024\\\/04\\\/2c29dae613c2aa2baa363b33126be528.webp\",\"keywords\":[\"france\",\"macron\",\"Tunisie\"],\"articleSection\":[\"National\"],\"inLanguage\":\"fr-FR\"},{\"@type\":\"WebPage\",\"@id\":\"https:\\\/\\\/www.webdo.tn\\\/fr\\\/actualite\\\/national\\\/la-france-soutient-la-tunisie-dans-ses-reformes-economiques-selon-macron\\\/213813\\\/\",\"url\":\"https:\\\/\\\/www.webdo.tn\\\/fr\\\/actualite\\\/national\\\/la-france-soutient-la-tunisie-dans-ses-reformes-economiques-selon-macron\\\/213813\\\/\",\"name\":\"Emmanuel Macron : La France soutient la Tunisie dans ses r\u00e9formes \u00e9conomiques\",\"isPartOf\":{\"@id\":\"https:\\\/\\\/www.webdo.tn\\\/fr\\\/#website\"},\"primaryImageOfPage\":{\"@id\":\"https:\\\/\\\/www.webdo.tn\\\/fr\\\/actualite\\\/national\\\/la-france-soutient-la-tunisie-dans-ses-reformes-economiques-selon-macron\\\/213813\\\/#primaryimage\"},\"image\":{\"@id\":\"https:\\\/\\\/www.webdo.tn\\\/fr\\\/actualite\\\/national\\\/la-france-soutient-la-tunisie-dans-ses-reformes-economiques-selon-macron\\\/213813\\\/#primaryimage\"},\"thumbnailUrl\":\"https:\\\/\\\/www.webdo.tn\\\/fr\\\/wp-content\\\/uploads\\\/2024\\\/04\\\/2c29dae613c2aa2baa363b33126be528.webp\",\"datePublished\":\"2024-04-26T08:54:00+00:00\",\"dateModified\":\"2025-05-20T22:36:41+00:00\",\"description\":\"En effet dans un communiqu\u00e9 rendu public, l\u2019Elys\u00e9e rapporte que les deux pr\u00e9sidents dans ont \u00e9voqu\u00e9 \u00ab les sujets de coop\u00e9ration dans les domaines de la transiti...\",\"breadcrumb\":{\"@id\":\"https:\\\/\\\/www.webdo.tn\\\/fr\\\/actualite\\\/national\\\/la-france-soutient-la-tunisie-dans-ses-reformes-economiques-selon-macron\\\/213813\\\/#breadcrumb\"},\"inLanguage\":\"fr-FR\",\"potentialAction\":[{\"@type\":\"ReadAction\",\"target\":[\"https:\\\/\\\/www.webdo.tn\\\/fr\\\/actualite\\\/national\\\/la-france-soutient-la-tunisie-dans-ses-reformes-economiques-selon-macron\\\/213813\\\/\"]}]},{\"@type\":\"ImageObject\",\"inLanguage\":\"fr-FR\",\"@id\":\"https:\\\/\\\/www.webdo.tn\\\/fr\\\/actualite\\\/national\\\/la-france-soutient-la-tunisie-dans-ses-reformes-economiques-selon-macron\\\/213813\\\/#primaryimage\",\"url\":\"https:\\\/\\\/www.webdo.tn\\\/fr\\\/wp-content\\\/uploads\\\/2024\\\/04\\\/2c29dae613c2aa2baa363b33126be528.webp\",\"contentUrl\":\"https:\\\/\\\/www.webdo.tn\\\/fr\\\/wp-content\\\/uploads\\\/2024\\\/04\\\/2c29dae613c2aa2baa363b33126be528.webp\",\"width\":734,\"height\":391,\"caption\":\"Emmanuel Macron : \\\"La France soutient la Tunisie dans ses r\u00e9formes \u00e9conomiques\\\"\"},{\"@type\":\"BreadcrumbList\",\"@id\":\"https:\\\/\\\/www.webdo.tn\\\/fr\\\/actualite\\\/national\\\/la-france-soutient-la-tunisie-dans-ses-reformes-economiques-selon-macron\\\/213813\\\/#breadcrumb\",\"itemListElement\":[{\"@type\":\"ListItem\",\"position\":1,\"name\":\"Accueil\",\"item\":\"https:\\\/\\\/www.webdo.tn\\\/fr\\\/\"},{\"@type\":\"ListItem\",\"position\":2,\"name\":\"Emmanuel Macron : &#8220;La France soutient la Tunisie dans ses r\u00e9formes \u00e9conomiques&#8221;\"}]},{\"@type\":\"WebSite\",\"@id\":\"https:\\\/\\\/www.webdo.tn\\\/fr\\\/#website\",\"url\":\"https:\\\/\\\/www.webdo.tn\\\/fr\\\/\",\"name\":\"webdo\",\"description\":\"Tunisie - News en Tunisie et \u00e0 l&#039;international sur Webdo.tn\",\"publisher\":{\"@id\":\"https:\\\/\\\/www.webdo.tn\\\/fr\\\/#organization\"},\"potentialAction\":[{\"@type\":\"SearchAction\",\"target\":{\"@type\":\"EntryPoint\",\"urlTemplate\":\"https:\\\/\\\/www.webdo.tn\\\/fr\\\/?s={search_term_string}\"},\"query-input\":{\"@type\":\"PropertyValueSpecification\",\"valueRequired\":true,\"valueName\":\"search_term_string\"}}],\"inLanguage\":\"fr-FR\"},{\"@type\":\"Organization\",\"@id\":\"https:\\\/\\\/www.webdo.tn\\\/fr\\\/#organization\",\"name\":\"Webdo\",\"alternateName\":\"Webdo.tn\",\"url\":\"https:\\\/\\\/www.webdo.tn\\\/fr\\\/\",\"logo\":{\"@type\":\"ImageObject\",\"inLanguage\":\"fr-FR\",\"@id\":\"https:\\\/\\\/www.webdo.tn\\\/fr\\\/#\\\/schema\\\/logo\\\/image\\\/\",\"url\":\"https:\\\/\\\/www.webdo.tn\\\/fr\\\/wp-content\\\/uploads\\\/2025\\\/06\\\/Webdo-Tunisie_168377.jpg\",\"contentUrl\":\"https:\\\/\\\/www.webdo.tn\\\/fr\\\/wp-content\\\/uploads\\\/2025\\\/06\\\/Webdo-Tunisie_168377.jpg\",\"width\":301,\"height\":301,\"caption\":\"Webdo\"},\"image\":{\"@id\":\"https:\\\/\\\/www.webdo.tn\\\/fr\\\/#\\\/schema\\\/logo\\\/image\\\/\"},\"sameAs\":[\"https:\\\/\\\/www.facebook.com\\\/webdotn\",\"https:\\\/\\\/x.com\\\/webdo_tn\"],\"description\":\"Webdo est un m\u00e9dia num\u00e9rique tunisien fond\u00e9 en 2010, sp\u00e9cialis\u00e9 dans l\u2019actualit\u00e9 nationale et internationale, l\u2019\u00e9conomie, la soci\u00e9t\u00e9 et les analyses politiques. Le site s\u2019adresse \u00e0 un large public francophone et couvre l\u2019information tunisienne en temps r\u00e9el.\",\"email\":\"redac@webdo.tn\",\"legalName\":\"YNJ SARL\",\"foundingDate\":\"2010-09-06\",\"numberOfEmployees\":{\"@type\":\"QuantitativeValue\",\"minValue\":\"11\",\"maxValue\":\"50\"}},{\"@type\":\"Person\",\"@id\":\"https:\\\/\\\/www.webdo.tn\\\/fr\\\/#\\\/schema\\\/person\\\/f35b42a42c5e2511bbd282959d6385cc\",\"name\":\"CL\",\"image\":{\"@type\":\"ImageObject\",\"inLanguage\":\"fr-FR\",\"@id\":\"https:\\\/\\\/secure.gravatar.com\\\/avatar\\\/1447a49909b67aa657c488aec6512e1dd6143a480c1ecfee9b5b5cd74eb3b59e?s=96&d=mm&r=g\",\"url\":\"https:\\\/\\\/secure.gravatar.com\\\/avatar\\\/1447a49909b67aa657c488aec6512e1dd6143a480c1ecfee9b5b5cd74eb3b59e?s=96&d=mm&r=g\",\"contentUrl\":\"https:\\\/\\\/secure.gravatar.com\\\/avatar\\\/1447a49909b67aa657c488aec6512e1dd6143a480c1ecfee9b5b5cd74eb3b59e?s=96&d=mm&r=g\",\"caption\":\"CL\"},\"url\":\"https:\\\/\\\/www.webdo.tn\\\/fr\\\/actualite\\\/author\\\/cl\\\/\"}]}<\/script>\n<!-- \/ Yoast SEO Premium plugin. -->","yoast_head_json":{"title":"Emmanuel Macron : La France soutient la Tunisie dans ses r\u00e9formes \u00e9conomiques","description":"En effet dans un communiqu\u00e9 rendu public, l\u2019Elys\u00e9e rapporte que les deux pr\u00e9sidents dans ont \u00e9voqu\u00e9 \u00ab les sujets de coop\u00e9ration dans les domaines de la transiti...","canonical":"https:\/\/www.webdo.tn\/fr\/actualite\/national\/la-france-soutient-la-tunisie-dans-ses-reformes-economiques-selon-macron\/213813\/","og_locale":"fr_FR","og_type":"article","og_title":"Emmanuel Macron : \"La France soutient la Tunisie dans ses r\u00e9formes \u00e9conomiques\"","og_description":"En effet dans un communiqu\u00e9 rendu public, l\u2019Elys\u00e9e rapporte que les deux pr\u00e9sidents dans ont \u00e9voqu\u00e9 \u00ab les sujets de coop\u00e9ration dans les domaines de la transiti...","og_url":"https:\/\/www.webdo.tn\/fr\/actualite\/national\/la-france-soutient-la-tunisie-dans-ses-reformes-economiques-selon-macron\/213813\/","og_site_name":"webdo","article_publisher":"https:\/\/www.facebook.com\/webdotn","article_published_time":"2024-04-26T08:54:00+00:00","article_modified_time":"2025-05-20T22:36:41+00:00","og_image":[{"width":734,"height":391,"url":"https:\/\/www.webdo.tn\/fr\/wp-content\/uploads\/2024\/04\/2c29dae613c2aa2baa363b33126be528.webp","type":"image\/webp"}],"author":"CL","twitter_card":"summary_large_image","twitter_creator":"@webdo_tn","twitter_site":"@webdo_tn","twitter_misc":{"\u00c9crit par":"CL","Dur\u00e9e de lecture estim\u00e9e":"2 minutes"},"schema":{"@context":"https:\/\/schema.org","@graph":[{"@type":"NewsArticle","@id":"https:\/\/www.webdo.tn\/fr\/actualite\/national\/la-france-soutient-la-tunisie-dans-ses-reformes-economiques-selon-macron\/213813\/#article","isPartOf":{"@id":"https:\/\/www.webdo.tn\/fr\/actualite\/national\/la-france-soutient-la-tunisie-dans-ses-reformes-economiques-selon-macron\/213813\/"},"author":{"name":"CL","@id":"https:\/\/www.webdo.tn\/fr\/#\/schema\/person\/f35b42a42c5e2511bbd282959d6385cc"},"headline":"Emmanuel Macron : \u00ab\u00a0La France soutient la Tunisie dans ses r\u00e9formes \u00e9conomiques\u00a0\u00bb","datePublished":"2024-04-26T08:54:00+00:00","dateModified":"2025-05-20T22:36:41+00:00","mainEntityOfPage":{"@id":"https:\/\/www.webdo.tn\/fr\/actualite\/national\/la-france-soutient-la-tunisie-dans-ses-reformes-economiques-selon-macron\/213813\/"},"wordCount":365,"commentCount":0,"publisher":{"@id":"https:\/\/www.webdo.tn\/fr\/#organization"},"image":{"@id":"https:\/\/www.webdo.tn\/fr\/actualite\/national\/la-france-soutient-la-tunisie-dans-ses-reformes-economiques-selon-macron\/213813\/#primaryimage"},"thumbnailUrl":"https:\/\/www.webdo.tn\/fr\/wp-content\/uploads\/2024\/04\/2c29dae613c2aa2baa363b33126be528.webp","keywords":["france","macron","Tunisie"],"articleSection":["National"],"inLanguage":"fr-FR"},{"@type":"WebPage","@id":"https:\/\/www.webdo.tn\/fr\/actualite\/national\/la-france-soutient-la-tunisie-dans-ses-reformes-economiques-selon-macron\/213813\/","url":"https:\/\/www.webdo.tn\/fr\/actualite\/national\/la-france-soutient-la-tunisie-dans-ses-reformes-economiques-selon-macron\/213813\/","name":"Emmanuel Macron : La France soutient la Tunisie dans ses r\u00e9formes \u00e9conomiques","isPartOf":{"@id":"https:\/\/www.webdo.tn\/fr\/#website"},"primaryImageOfPage":{"@id":"https:\/\/www.webdo.tn\/fr\/actualite\/national\/la-france-soutient-la-tunisie-dans-ses-reformes-economiques-selon-macron\/213813\/#primaryimage"},"image":{"@id":"https:\/\/www.webdo.tn\/fr\/actualite\/national\/la-france-soutient-la-tunisie-dans-ses-reformes-economiques-selon-macron\/213813\/#primaryimage"},"thumbnailUrl":"https:\/\/www.webdo.tn\/fr\/wp-content\/uploads\/2024\/04\/2c29dae613c2aa2baa363b33126be528.webp","datePublished":"2024-04-26T08:54:00+00:00","dateModified":"2025-05-20T22:36:41+00:00","description":"En effet dans un communiqu\u00e9 rendu public, l\u2019Elys\u00e9e rapporte que les deux pr\u00e9sidents dans ont \u00e9voqu\u00e9 \u00ab les sujets de coop\u00e9ration dans les domaines de la transiti...","breadcrumb":{"@id":"https:\/\/www.webdo.tn\/fr\/actualite\/national\/la-france-soutient-la-tunisie-dans-ses-reformes-economiques-selon-macron\/213813\/#breadcrumb"},"inLanguage":"fr-FR","potentialAction":[{"@type":"ReadAction","target":["https:\/\/www.webdo.tn\/fr\/actualite\/national\/la-france-soutient-la-tunisie-dans-ses-reformes-economiques-selon-macron\/213813\/"]}]},{"@type":"ImageObject","inLanguage":"fr-FR","@id":"https:\/\/www.webdo.tn\/fr\/actualite\/national\/la-france-soutient-la-tunisie-dans-ses-reformes-economiques-selon-macron\/213813\/#primaryimage","url":"https:\/\/www.webdo.tn\/fr\/wp-content\/uploads\/2024\/04\/2c29dae613c2aa2baa363b33126be528.webp","contentUrl":"https:\/\/www.webdo.tn\/fr\/wp-content\/uploads\/2024\/04\/2c29dae613c2aa2baa363b33126be528.webp","width":734,"height":391,"caption":"Emmanuel Macron : \"La France soutient la Tunisie dans ses r\u00e9formes \u00e9conomiques\""},{"@type":"BreadcrumbList","@id":"https:\/\/www.webdo.tn\/fr\/actualite\/national\/la-france-soutient-la-tunisie-dans-ses-reformes-economiques-selon-macron\/213813\/#breadcrumb","itemListElement":[{"@type":"ListItem","position":1,"name":"Accueil","item":"https:\/\/www.webdo.tn\/fr\/"},{"@type":"ListItem","position":2,"name":"Emmanuel Macron : &#8220;La France soutient la Tunisie dans ses r\u00e9formes \u00e9conomiques&#8221;"}]},{"@type":"WebSite","@id":"https:\/\/www.webdo.tn\/fr\/#website","url":"https:\/\/www.webdo.tn\/fr\/","name":"webdo","description":"Tunisie - News en Tunisie et \u00e0 l&#039;international sur Webdo.tn","publisher":{"@id":"https:\/\/www.webdo.tn\/fr\/#organization"},"potentialAction":[{"@type":"SearchAction","target":{"@type":"EntryPoint","urlTemplate":"https:\/\/www.webdo.tn\/fr\/?s={search_term_string}"},"query-input":{"@type":"PropertyValueSpecification","valueRequired":true,"valueName":"search_term_string"}}],"inLanguage":"fr-FR"},{"@type":"Organization","@id":"https:\/\/www.webdo.tn\/fr\/#organization","name":"Webdo","alternateName":"Webdo.tn","url":"https:\/\/www.webdo.tn\/fr\/","logo":{"@type":"ImageObject","inLanguage":"fr-FR","@id":"https:\/\/www.webdo.tn\/fr\/#\/schema\/logo\/image\/","url":"https:\/\/www.webdo.tn\/fr\/wp-content\/uploads\/2025\/06\/Webdo-Tunisie_168377.jpg","contentUrl":"https:\/\/www.webdo.tn\/fr\/wp-content\/uploads\/2025\/06\/Webdo-Tunisie_168377.jpg","width":301,"height":301,"caption":"Webdo"},"image":{"@id":"https:\/\/www.webdo.tn\/fr\/#\/schema\/logo\/image\/"},"sameAs":["https:\/\/www.facebook.com\/webdotn","https:\/\/x.com\/webdo_tn"],"description":"Webdo est un m\u00e9dia num\u00e9rique tunisien fond\u00e9 en 2010, sp\u00e9cialis\u00e9 dans l\u2019actualit\u00e9 nationale et internationale, l\u2019\u00e9conomie, la soci\u00e9t\u00e9 et les analyses politiques. Le site s\u2019adresse \u00e0 un large public francophone et couvre l\u2019information tunisienne en temps r\u00e9el.","email":"redac@webdo.tn","legalName":"YNJ SARL","foundingDate":"2010-09-06","numberOfEmployees":{"@type":"QuantitativeValue","minValue":"11","maxValue":"50"}},{"@type":"Person","@id":"https:\/\/www.webdo.tn\/fr\/#\/schema\/person\/f35b42a42c5e2511bbd282959d6385cc","name":"CL","image":{"@type":"ImageObject","inLanguage":"fr-FR","@id":"https:\/\/secure.gravatar.com\/avatar\/1447a49909b67aa657c488aec6512e1dd6143a480c1ecfee9b5b5cd74eb3b59e?s=96&d=mm&r=g","url":"https:\/\/secure.gravatar.com\/avatar\/1447a49909b67aa657c488aec6512e1dd6143a480c1ecfee9b5b5cd74eb3b59e?s=96&d=mm&r=g","contentUrl":"https:\/\/secure.gravatar.com\/avatar\/1447a49909b67aa657c488aec6512e1dd6143a480c1ecfee9b5b5cd74eb3b59e?s=96&d=mm&r=g","caption":"CL"},"url":"https:\/\/www.webdo.tn\/fr\/actualite\/author\/cl\/"}]}},"_links":{"self":[{"href":"https:\/\/www.webdo.tn\/fr\/wp-json\/wp\/v2\/posts\/213813","targetHints":{"allow":["GET"]}}],"collection":[{"href":"https:\/\/www.webdo.tn\/fr\/wp-json\/wp\/v2\/posts"}],"about":[{"href":"https:\/\/www.webdo.tn\/fr\/wp-json\/wp\/v2\/types\/post"}],"author":[{"embeddable":true,"href":"https:\/\/www.webdo.tn\/fr\/wp-json\/wp\/v2\/users\/3175"}],"replies":[{"embeddable":true,"href":"https:\/\/www.webdo.tn\/fr\/wp-json\/wp\/v2\/comments?post=213813"}],"version-history":[{"count":0,"href":"https:\/\/www.webdo.tn\/fr\/wp-json\/wp\/v2\/posts\/213813\/revisions"}],"wp:featuredmedia":[{"embeddable":true,"href":"https:\/\/www.webdo.tn\/fr\/wp-json\/wp\/v2\/media\/247507"}],"wp:attachment":[{"href":"https:\/\/www.webdo.tn\/fr\/wp-json\/wp\/v2\/media?parent=213813"}],"wp:term":[{"taxonomy":"category","embeddable":true,"href":"https:\/\/www.webdo.tn\/fr\/wp-json\/wp\/v2\/categories?post=213813"},{"taxonomy":"post_tag","embeddable":true,"href":"https:\/\/www.webdo.tn\/fr\/wp-json\/wp\/v2\/tags?post=213813"}],"curies":[{"name":"wp","href":"https:\/\/api.w.org\/{rel}","templated":true}]}}