{"id":213782,"date":"2024-04-25T08:57:00","date_gmt":"2024-04-25T08:57:00","guid":{"rendered":"https:\/\/www.webdo.tn\/fr\/blog\/greve-des-controleurs-aeriens-en-france-16-vols-de-tunisair-annules\/213782\/"},"modified":"2025-05-20T22:13:00","modified_gmt":"2025-05-20T22:13:00","slug":"greve-des-controleurs-aeriens-en-france-16-vols-de-tunisair-annules","status":"publish","type":"post","link":"https:\/\/www.webdo.tn\/fr\/actualite\/national\/greve-des-controleurs-aeriens-en-france-16-vols-de-tunisair-annules\/213782\/","title":{"rendered":"Gr\u00e8ve des contr\u00f4leurs a\u00e9riens en France : 16 vols de Tunisair annul\u00e9s"},"content":{"rendered":"<p>Seize vols de Tunisair en provenance ou \u00e0 destination de la France et pr\u00e9vus aujourd\u2019hui, jeudi 25 avril ont \u00e9t\u00e9 annul\u00e9s, annonce la compagnie a\u00e9rienne.<\/p>\n<p>\t\t\t\t\t\t\t\t\tSuite \u00e0 la gr\u00e8ve des contr\u00f4leurs a\u00e9riens dans les a\u00e9roports fran\u00e7ais Tunisiair informe ses passagers que le programme de ses vols en provenance et a\u0300 destination de la France sera impacte\u0301 pour 24 heures \u00e0 partir de 6h00 du matin pour les vols suivants :<\/p>\n<p>\tVol TU250 Monastir &#8211; Nice le 25 avril 2024 \u00e0 12h30 au d\u00e9part de Monastir<br \/>\n\tVol TU682 Djerba &#8211; Nice le 25 avril 2024 \u00e0 12h50 au d\u00e9part de Djerba<br \/>\n\tLes passagers du vol TU996 Tunis -N ice du 25 avril seront prot\u00e9g\u00e9s sur les vols TU996 et TU998 Tunis &#8211; Nice du 26 avril 2024 au d\u00e9part de Tunis<br \/>\n\tVol n\u00b0TU462 pr\u00e9vu le 25 avril 2024 au d\u00e9part de l\u2019A\u00e9roport International de Monastir en direction de Lyon \u00e0 14h00<br \/>\n\tVol n\u00b0TU750 pr\u00e9vu le 25 avril 2024 au d\u00e9part de l\u2019a\u00e9roport de Tunis vers Lyon \u00e0 07h15<br \/>\n\tLe vol n\u00b0TU463 Lyon &#8211; Djerba &#8211; Monastir, pr\u00e9vu le 25 avril 2024, transportera les passagers du vol n\u00b0TU589 le m\u00eame jour \u00e0 10h30 depuis l\u2019a\u00e9roport de Lyon<br \/>\n\tTransport des passagers du vol n\u00b0TU850 pr\u00e9vu le 25 avril 2024 en provenance de Tunisie \u00e0 bord du vol n\u00b0TU2850 le 26 avril 2024 de l\u2019a\u00e9roport de Tunis vers l\u2019a\u00e9roport de Lyon \u00e0 12h30<br \/>\n\tTransport des passagers du vol n\u00b0851TU pr\u00e9vu le 25 avril 2024 \u00e0 bord du vol n\u00b0TU751 le m\u00eame jour \u00e0 11h35 au d\u00e9part de l\u2019A\u00e9roport de Lyon<br \/>\n\tTransport des passagers du vol n\u00b0TU654, pr\u00e9vu le 25 avril 2024, \u00e0 bord du vol n\u00b0TU2654 le m\u00eame jour \u00e0 21h20, au d\u00e9part de l\u2019a\u00e9roport de Djerba en direction de l\u2019a\u00e9roport Paris &#8211; Charles de Gaulle<br \/>\n\tTransport des passagers du vol n\u00b0TU634, pr\u00e9vu le 25 avril 2024, \u00e0 bord du vol n\u00b0TU2634, pr\u00e9vu le 26 avril 2024, \u00e0 21h20, au d\u00e9part de l\u2019a\u00e9roport de Djerba en direction de l\u2019a\u00e9roport Paris &#8211; Charles de Gaulle<br \/>\n\tTransport des passagers du vol n\u00b0TU716, pr\u00e9vu le 25 avril 2024, \u00e0 bord du vol n\u00b0TU716, pr\u00e9vu le 26 avril 2024, \u00e0 06h20, au d\u00e9part de l\u2019a\u00e9roport de Tunis en direction de l\u2019a\u00e9roport d\u2019Orly<br \/>\n\tVol n\u00b0TU718 pr\u00e9vu le 25 avril 2024 au d\u00e9part de l\u2019a\u00e9roport de Tunis vers l\u2019a\u00e9roport d\u2019Orly \u00e0 10h05<br \/>\n\tTransport des passagers du vol n\u00b0TU722, pr\u00e9vu le 25 avril 2024, \u00e0 bord du vol n\u00b0TU724 le m\u00eame jour \u00e0 17h40, au d\u00e9part de l\u2019a\u00e9roport de Tunis en direction de l\u2019a\u00e9roport de Paris &#8211; Charles de Gaulle<br \/>\n\tVol n\u00b0TU680 pr\u00e9vu le 25 avril 2024 au d\u00e9part de l\u2019a\u00e9roport de Monastir vers l\u2019a\u00e9roport de Marseille \u00e0 22h00<br \/>\n\tVol n\u00b0TU694 pr\u00e9vu le 25 avril 2024 au d\u00e9part de l\u2019a\u00e9roport de Djerba vers l\u2019a\u00e9roport de Marseille \u00e0 22h00<br \/>\n\tTransport des passagers du vol n\u00b0TU930 pr\u00e9vu le 25 avril 2024 \u00e0 bord du vol n\u00b0TU902 le m\u00eame jour \u00e0 13h00 depuis l\u2019a\u00e9roport de Tunis vers l\u2019a\u00e9roport de Marseille<\/p>\n<p>Par ailleurs, Tunisair appelle les passagers \u00e0 se renseigner via le num\u00e9ro 81107777 (depuis la Tunisie) et +21670019161 (depuis l\u2019\u00e9tranger) ou par email : [email\u00a0protected] pour plus d&rsquo;informations.<\/p>\n","protected":false},"excerpt":{"rendered":"<p>Suite \u00e0 la gr\u00e8ve des contr\u00f4leurs a\u00e9riens dans les a\u00e9roports fran\u00e7ais Tunisiair informe ses passagers que le programme de ses vols en provenance et a\u0300 destinatio&#8230;<\/p>\n","protected":false},"author":3162,"featured_media":290525,"comment_status":"open","ping_status":"closed","sticky":false,"template":"","format":"standard","meta":{"footnotes":""},"categories":[44],"tags":[10142,10143,2998,2647,3451,2608],"class_list":["post-213782","post","type-post","status-publish","format-standard","has-post-thumbnail","hentry","category-national","tag-controleurs-aeriens","tag-vols-annules","tag-france","tag-greve","tag-tunisair","tag-tunisie"],"yoast_head":"<!-- This site is optimized with the Yoast SEO Premium plugin v27.5 (Yoast SEO v27.5) - https:\/\/yoast.com\/product\/yoast-seo-premium-wordpress\/ -->\n<title>Gr\u00e8ve des contr\u00f4leurs a\u00e9riens en France : 16 vols de Tunisair annul\u00e9s<\/title>\n<meta name=\"description\" content=\"Suite \u00e0 la gr\u00e8ve des contr\u00f4leurs a\u00e9riens dans les a\u00e9roports fran\u00e7ais Tunisiair informe ses passagers que le programme de ses vols en provenance et a\u0300 destinatio...\" \/>\n<link rel=\"canonical\" href=\"https:\/\/www.webdo.tn\/fr\/actualite\/national\/greve-des-controleurs-aeriens-en-france-16-vols-de-tunisair-annules\/213782\/\" \/>\n<meta property=\"og:locale\" content=\"fr_FR\" \/>\n<meta property=\"og:type\" content=\"article\" \/>\n<meta property=\"og:title\" content=\"Gr\u00e8ve des contr\u00f4leurs a\u00e9riens en France : 16 vols de Tunisair annul\u00e9s\" \/>\n<meta property=\"og:description\" content=\"Suite \u00e0 la gr\u00e8ve des contr\u00f4leurs a\u00e9riens dans les a\u00e9roports fran\u00e7ais Tunisiair informe ses passagers que le programme de ses vols en provenance et a\u0300 destinatio...\" \/>\n<meta property=\"og:url\" content=\"https:\/\/www.webdo.tn\/fr\/actualite\/national\/greve-des-controleurs-aeriens-en-france-16-vols-de-tunisair-annules\/213782\/\" \/>\n<meta property=\"og:site_name\" content=\"webdo\" \/>\n<meta property=\"article:publisher\" content=\"https:\/\/www.facebook.com\/webdotn\" \/>\n<meta property=\"article:published_time\" content=\"2024-04-25T08:57:00+00:00\" \/>\n<meta property=\"article:modified_time\" content=\"2025-05-20T22:13:00+00:00\" \/>\n<meta property=\"og:image\" content=\"https:\/\/www.webdo.tn\/fr\/wp-content\/uploads\/2024\/04\/83025378423121c03d1852ae31400f26.webp\" \/>\n\t<meta property=\"og:image:width\" content=\"750\" \/>\n\t<meta property=\"og:image:height\" content=\"400\" \/>\n\t<meta property=\"og:image:type\" content=\"image\/webp\" \/>\n<meta name=\"author\" content=\"MC\" \/>\n<meta name=\"twitter:card\" content=\"summary_large_image\" \/>\n<meta name=\"twitter:creator\" content=\"@webdo_tn\" \/>\n<meta name=\"twitter:site\" content=\"@webdo_tn\" \/>\n<meta name=\"twitter:label1\" content=\"\u00c9crit par\" \/>\n\t<meta name=\"twitter:data1\" content=\"MC\" \/>\n\t<meta name=\"twitter:label2\" content=\"Dur\u00e9e de lecture estim\u00e9e\" \/>\n\t<meta name=\"twitter:data2\" content=\"3 minutes\" \/>\n<script type=\"application\/ld+json\" class=\"yoast-schema-graph\">{\"@context\":\"https:\\\/\\\/schema.org\",\"@graph\":[{\"@type\":\"NewsArticle\",\"@id\":\"https:\\\/\\\/www.webdo.tn\\\/fr\\\/actualite\\\/national\\\/greve-des-controleurs-aeriens-en-france-16-vols-de-tunisair-annules\\\/213782\\\/#article\",\"isPartOf\":{\"@id\":\"https:\\\/\\\/www.webdo.tn\\\/fr\\\/actualite\\\/national\\\/greve-des-controleurs-aeriens-en-france-16-vols-de-tunisair-annules\\\/213782\\\/\"},\"author\":{\"name\":\"MC\",\"@id\":\"https:\\\/\\\/www.webdo.tn\\\/fr\\\/#\\\/schema\\\/person\\\/2c4929cbf5a809e3bd38617c6ce150f6\"},\"headline\":\"Gr\u00e8ve des contr\u00f4leurs a\u00e9riens en France : 16 vols de Tunisair annul\u00e9s\",\"datePublished\":\"2024-04-25T08:57:00+00:00\",\"dateModified\":\"2025-05-20T22:13:00+00:00\",\"mainEntityOfPage\":{\"@id\":\"https:\\\/\\\/www.webdo.tn\\\/fr\\\/actualite\\\/national\\\/greve-des-controleurs-aeriens-en-france-16-vols-de-tunisair-annules\\\/213782\\\/\"},\"wordCount\":572,\"commentCount\":0,\"publisher\":{\"@id\":\"https:\\\/\\\/www.webdo.tn\\\/fr\\\/#organization\"},\"image\":{\"@id\":\"https:\\\/\\\/www.webdo.tn\\\/fr\\\/actualite\\\/national\\\/greve-des-controleurs-aeriens-en-france-16-vols-de-tunisair-annules\\\/213782\\\/#primaryimage\"},\"thumbnailUrl\":\"https:\\\/\\\/www.webdo.tn\\\/fr\\\/wp-content\\\/uploads\\\/2024\\\/04\\\/83025378423121c03d1852ae31400f26.webp\",\"keywords\":[\"'contr\u00f4leurs a\u00e9riens'\",\"'vols annul\u00e9s']\",\"france\",\"Gr\u00e8ve\",\"Tunisair\",\"Tunisie\"],\"articleSection\":[\"National\"],\"inLanguage\":\"fr-FR\"},{\"@type\":\"WebPage\",\"@id\":\"https:\\\/\\\/www.webdo.tn\\\/fr\\\/actualite\\\/national\\\/greve-des-controleurs-aeriens-en-france-16-vols-de-tunisair-annules\\\/213782\\\/\",\"url\":\"https:\\\/\\\/www.webdo.tn\\\/fr\\\/actualite\\\/national\\\/greve-des-controleurs-aeriens-en-france-16-vols-de-tunisair-annules\\\/213782\\\/\",\"name\":\"Gr\u00e8ve des contr\u00f4leurs a\u00e9riens en France : 16 vols de Tunisair annul\u00e9s\",\"isPartOf\":{\"@id\":\"https:\\\/\\\/www.webdo.tn\\\/fr\\\/#website\"},\"primaryImageOfPage\":{\"@id\":\"https:\\\/\\\/www.webdo.tn\\\/fr\\\/actualite\\\/national\\\/greve-des-controleurs-aeriens-en-france-16-vols-de-tunisair-annules\\\/213782\\\/#primaryimage\"},\"image\":{\"@id\":\"https:\\\/\\\/www.webdo.tn\\\/fr\\\/actualite\\\/national\\\/greve-des-controleurs-aeriens-en-france-16-vols-de-tunisair-annules\\\/213782\\\/#primaryimage\"},\"thumbnailUrl\":\"https:\\\/\\\/www.webdo.tn\\\/fr\\\/wp-content\\\/uploads\\\/2024\\\/04\\\/83025378423121c03d1852ae31400f26.webp\",\"datePublished\":\"2024-04-25T08:57:00+00:00\",\"dateModified\":\"2025-05-20T22:13:00+00:00\",\"description\":\"Suite \u00e0 la gr\u00e8ve des contr\u00f4leurs a\u00e9riens dans les a\u00e9roports fran\u00e7ais Tunisiair informe ses passagers que le programme de ses vols en provenance et a\u0300 destinatio...\",\"breadcrumb\":{\"@id\":\"https:\\\/\\\/www.webdo.tn\\\/fr\\\/actualite\\\/national\\\/greve-des-controleurs-aeriens-en-france-16-vols-de-tunisair-annules\\\/213782\\\/#breadcrumb\"},\"inLanguage\":\"fr-FR\",\"potentialAction\":[{\"@type\":\"ReadAction\",\"target\":[\"https:\\\/\\\/www.webdo.tn\\\/fr\\\/actualite\\\/national\\\/greve-des-controleurs-aeriens-en-france-16-vols-de-tunisair-annules\\\/213782\\\/\"]}]},{\"@type\":\"ImageObject\",\"inLanguage\":\"fr-FR\",\"@id\":\"https:\\\/\\\/www.webdo.tn\\\/fr\\\/actualite\\\/national\\\/greve-des-controleurs-aeriens-en-france-16-vols-de-tunisair-annules\\\/213782\\\/#primaryimage\",\"url\":\"https:\\\/\\\/www.webdo.tn\\\/fr\\\/wp-content\\\/uploads\\\/2024\\\/04\\\/83025378423121c03d1852ae31400f26.webp\",\"contentUrl\":\"https:\\\/\\\/www.webdo.tn\\\/fr\\\/wp-content\\\/uploads\\\/2024\\\/04\\\/83025378423121c03d1852ae31400f26.webp\",\"width\":750,\"height\":400,\"caption\":\"Gr\u00e8ve des contr\u00f4leurs a\u00e9riens en France : 16 vols de Tunisair annul\u00e9s\"},{\"@type\":\"BreadcrumbList\",\"@id\":\"https:\\\/\\\/www.webdo.tn\\\/fr\\\/actualite\\\/national\\\/greve-des-controleurs-aeriens-en-france-16-vols-de-tunisair-annules\\\/213782\\\/#breadcrumb\",\"itemListElement\":[{\"@type\":\"ListItem\",\"position\":1,\"name\":\"Accueil\",\"item\":\"https:\\\/\\\/www.webdo.tn\\\/fr\\\/\"},{\"@type\":\"ListItem\",\"position\":2,\"name\":\"Gr\u00e8ve des contr\u00f4leurs a\u00e9riens en France : 16 vols de Tunisair annul\u00e9s\"}]},{\"@type\":\"WebSite\",\"@id\":\"https:\\\/\\\/www.webdo.tn\\\/fr\\\/#website\",\"url\":\"https:\\\/\\\/www.webdo.tn\\\/fr\\\/\",\"name\":\"webdo\",\"description\":\"Tunisie - News en Tunisie et \u00e0 l&#039;international sur Webdo.tn\",\"publisher\":{\"@id\":\"https:\\\/\\\/www.webdo.tn\\\/fr\\\/#organization\"},\"potentialAction\":[{\"@type\":\"SearchAction\",\"target\":{\"@type\":\"EntryPoint\",\"urlTemplate\":\"https:\\\/\\\/www.webdo.tn\\\/fr\\\/?s={search_term_string}\"},\"query-input\":{\"@type\":\"PropertyValueSpecification\",\"valueRequired\":true,\"valueName\":\"search_term_string\"}}],\"inLanguage\":\"fr-FR\"},{\"@type\":\"Organization\",\"@id\":\"https:\\\/\\\/www.webdo.tn\\\/fr\\\/#organization\",\"name\":\"Webdo\",\"alternateName\":\"Webdo.tn\",\"url\":\"https:\\\/\\\/www.webdo.tn\\\/fr\\\/\",\"logo\":{\"@type\":\"ImageObject\",\"inLanguage\":\"fr-FR\",\"@id\":\"https:\\\/\\\/www.webdo.tn\\\/fr\\\/#\\\/schema\\\/logo\\\/image\\\/\",\"url\":\"https:\\\/\\\/www.webdo.tn\\\/fr\\\/wp-content\\\/uploads\\\/2025\\\/06\\\/Webdo-Tunisie_168377.jpg\",\"contentUrl\":\"https:\\\/\\\/www.webdo.tn\\\/fr\\\/wp-content\\\/uploads\\\/2025\\\/06\\\/Webdo-Tunisie_168377.jpg\",\"width\":301,\"height\":301,\"caption\":\"Webdo\"},\"image\":{\"@id\":\"https:\\\/\\\/www.webdo.tn\\\/fr\\\/#\\\/schema\\\/logo\\\/image\\\/\"},\"sameAs\":[\"https:\\\/\\\/www.facebook.com\\\/webdotn\",\"https:\\\/\\\/x.com\\\/webdo_tn\"],\"description\":\"Webdo est un m\u00e9dia num\u00e9rique tunisien fond\u00e9 en 2010, sp\u00e9cialis\u00e9 dans l\u2019actualit\u00e9 nationale et internationale, l\u2019\u00e9conomie, la soci\u00e9t\u00e9 et les analyses politiques. Le site s\u2019adresse \u00e0 un large public francophone et couvre l\u2019information tunisienne en temps r\u00e9el.\",\"email\":\"redac@webdo.tn\",\"legalName\":\"YNJ SARL\",\"foundingDate\":\"2010-09-06\",\"numberOfEmployees\":{\"@type\":\"QuantitativeValue\",\"minValue\":\"11\",\"maxValue\":\"50\"}},{\"@type\":\"Person\",\"@id\":\"https:\\\/\\\/www.webdo.tn\\\/fr\\\/#\\\/schema\\\/person\\\/2c4929cbf5a809e3bd38617c6ce150f6\",\"name\":\"MC\",\"image\":{\"@type\":\"ImageObject\",\"inLanguage\":\"fr-FR\",\"@id\":\"https:\\\/\\\/secure.gravatar.com\\\/avatar\\\/a545bbb6f84efdd5553dbbc2895e3ca8f1d12c5215e00a041c9670b54aa9b18a?s=96&d=mm&r=g\",\"url\":\"https:\\\/\\\/secure.gravatar.com\\\/avatar\\\/a545bbb6f84efdd5553dbbc2895e3ca8f1d12c5215e00a041c9670b54aa9b18a?s=96&d=mm&r=g\",\"contentUrl\":\"https:\\\/\\\/secure.gravatar.com\\\/avatar\\\/a545bbb6f84efdd5553dbbc2895e3ca8f1d12c5215e00a041c9670b54aa9b18a?s=96&d=mm&r=g\",\"caption\":\"MC\"},\"url\":\"https:\\\/\\\/www.webdo.tn\\\/fr\\\/actualite\\\/author\\\/mc\\\/\"}]}<\/script>\n<!-- \/ Yoast SEO Premium plugin. -->","yoast_head_json":{"title":"Gr\u00e8ve des contr\u00f4leurs a\u00e9riens en France : 16 vols de Tunisair annul\u00e9s","description":"Suite \u00e0 la gr\u00e8ve des contr\u00f4leurs a\u00e9riens dans les a\u00e9roports fran\u00e7ais Tunisiair informe ses passagers que le programme de ses vols en provenance et a\u0300 destinatio...","canonical":"https:\/\/www.webdo.tn\/fr\/actualite\/national\/greve-des-controleurs-aeriens-en-france-16-vols-de-tunisair-annules\/213782\/","og_locale":"fr_FR","og_type":"article","og_title":"Gr\u00e8ve des contr\u00f4leurs a\u00e9riens en France : 16 vols de Tunisair annul\u00e9s","og_description":"Suite \u00e0 la gr\u00e8ve des contr\u00f4leurs a\u00e9riens dans les a\u00e9roports fran\u00e7ais Tunisiair informe ses passagers que le programme de ses vols en provenance et a\u0300 destinatio...","og_url":"https:\/\/www.webdo.tn\/fr\/actualite\/national\/greve-des-controleurs-aeriens-en-france-16-vols-de-tunisair-annules\/213782\/","og_site_name":"webdo","article_publisher":"https:\/\/www.facebook.com\/webdotn","article_published_time":"2024-04-25T08:57:00+00:00","article_modified_time":"2025-05-20T22:13:00+00:00","og_image":[{"width":750,"height":400,"url":"https:\/\/www.webdo.tn\/fr\/wp-content\/uploads\/2024\/04\/83025378423121c03d1852ae31400f26.webp","type":"image\/webp"}],"author":"MC","twitter_card":"summary_large_image","twitter_creator":"@webdo_tn","twitter_site":"@webdo_tn","twitter_misc":{"\u00c9crit par":"MC","Dur\u00e9e de lecture estim\u00e9e":"3 minutes"},"schema":{"@context":"https:\/\/schema.org","@graph":[{"@type":"NewsArticle","@id":"https:\/\/www.webdo.tn\/fr\/actualite\/national\/greve-des-controleurs-aeriens-en-france-16-vols-de-tunisair-annules\/213782\/#article","isPartOf":{"@id":"https:\/\/www.webdo.tn\/fr\/actualite\/national\/greve-des-controleurs-aeriens-en-france-16-vols-de-tunisair-annules\/213782\/"},"author":{"name":"MC","@id":"https:\/\/www.webdo.tn\/fr\/#\/schema\/person\/2c4929cbf5a809e3bd38617c6ce150f6"},"headline":"Gr\u00e8ve des contr\u00f4leurs a\u00e9riens en France : 16 vols de Tunisair annul\u00e9s","datePublished":"2024-04-25T08:57:00+00:00","dateModified":"2025-05-20T22:13:00+00:00","mainEntityOfPage":{"@id":"https:\/\/www.webdo.tn\/fr\/actualite\/national\/greve-des-controleurs-aeriens-en-france-16-vols-de-tunisair-annules\/213782\/"},"wordCount":572,"commentCount":0,"publisher":{"@id":"https:\/\/www.webdo.tn\/fr\/#organization"},"image":{"@id":"https:\/\/www.webdo.tn\/fr\/actualite\/national\/greve-des-controleurs-aeriens-en-france-16-vols-de-tunisair-annules\/213782\/#primaryimage"},"thumbnailUrl":"https:\/\/www.webdo.tn\/fr\/wp-content\/uploads\/2024\/04\/83025378423121c03d1852ae31400f26.webp","keywords":["'contr\u00f4leurs a\u00e9riens'","'vols annul\u00e9s']","france","Gr\u00e8ve","Tunisair","Tunisie"],"articleSection":["National"],"inLanguage":"fr-FR"},{"@type":"WebPage","@id":"https:\/\/www.webdo.tn\/fr\/actualite\/national\/greve-des-controleurs-aeriens-en-france-16-vols-de-tunisair-annules\/213782\/","url":"https:\/\/www.webdo.tn\/fr\/actualite\/national\/greve-des-controleurs-aeriens-en-france-16-vols-de-tunisair-annules\/213782\/","name":"Gr\u00e8ve des contr\u00f4leurs a\u00e9riens en France : 16 vols de Tunisair annul\u00e9s","isPartOf":{"@id":"https:\/\/www.webdo.tn\/fr\/#website"},"primaryImageOfPage":{"@id":"https:\/\/www.webdo.tn\/fr\/actualite\/national\/greve-des-controleurs-aeriens-en-france-16-vols-de-tunisair-annules\/213782\/#primaryimage"},"image":{"@id":"https:\/\/www.webdo.tn\/fr\/actualite\/national\/greve-des-controleurs-aeriens-en-france-16-vols-de-tunisair-annules\/213782\/#primaryimage"},"thumbnailUrl":"https:\/\/www.webdo.tn\/fr\/wp-content\/uploads\/2024\/04\/83025378423121c03d1852ae31400f26.webp","datePublished":"2024-04-25T08:57:00+00:00","dateModified":"2025-05-20T22:13:00+00:00","description":"Suite \u00e0 la gr\u00e8ve des contr\u00f4leurs a\u00e9riens dans les a\u00e9roports fran\u00e7ais Tunisiair informe ses passagers que le programme de ses vols en provenance et a\u0300 destinatio...","breadcrumb":{"@id":"https:\/\/www.webdo.tn\/fr\/actualite\/national\/greve-des-controleurs-aeriens-en-france-16-vols-de-tunisair-annules\/213782\/#breadcrumb"},"inLanguage":"fr-FR","potentialAction":[{"@type":"ReadAction","target":["https:\/\/www.webdo.tn\/fr\/actualite\/national\/greve-des-controleurs-aeriens-en-france-16-vols-de-tunisair-annules\/213782\/"]}]},{"@type":"ImageObject","inLanguage":"fr-FR","@id":"https:\/\/www.webdo.tn\/fr\/actualite\/national\/greve-des-controleurs-aeriens-en-france-16-vols-de-tunisair-annules\/213782\/#primaryimage","url":"https:\/\/www.webdo.tn\/fr\/wp-content\/uploads\/2024\/04\/83025378423121c03d1852ae31400f26.webp","contentUrl":"https:\/\/www.webdo.tn\/fr\/wp-content\/uploads\/2024\/04\/83025378423121c03d1852ae31400f26.webp","width":750,"height":400,"caption":"Gr\u00e8ve des contr\u00f4leurs a\u00e9riens en France : 16 vols de Tunisair annul\u00e9s"},{"@type":"BreadcrumbList","@id":"https:\/\/www.webdo.tn\/fr\/actualite\/national\/greve-des-controleurs-aeriens-en-france-16-vols-de-tunisair-annules\/213782\/#breadcrumb","itemListElement":[{"@type":"ListItem","position":1,"name":"Accueil","item":"https:\/\/www.webdo.tn\/fr\/"},{"@type":"ListItem","position":2,"name":"Gr\u00e8ve des contr\u00f4leurs a\u00e9riens en France : 16 vols de Tunisair annul\u00e9s"}]},{"@type":"WebSite","@id":"https:\/\/www.webdo.tn\/fr\/#website","url":"https:\/\/www.webdo.tn\/fr\/","name":"webdo","description":"Tunisie - News en Tunisie et \u00e0 l&#039;international sur Webdo.tn","publisher":{"@id":"https:\/\/www.webdo.tn\/fr\/#organization"},"potentialAction":[{"@type":"SearchAction","target":{"@type":"EntryPoint","urlTemplate":"https:\/\/www.webdo.tn\/fr\/?s={search_term_string}"},"query-input":{"@type":"PropertyValueSpecification","valueRequired":true,"valueName":"search_term_string"}}],"inLanguage":"fr-FR"},{"@type":"Organization","@id":"https:\/\/www.webdo.tn\/fr\/#organization","name":"Webdo","alternateName":"Webdo.tn","url":"https:\/\/www.webdo.tn\/fr\/","logo":{"@type":"ImageObject","inLanguage":"fr-FR","@id":"https:\/\/www.webdo.tn\/fr\/#\/schema\/logo\/image\/","url":"https:\/\/www.webdo.tn\/fr\/wp-content\/uploads\/2025\/06\/Webdo-Tunisie_168377.jpg","contentUrl":"https:\/\/www.webdo.tn\/fr\/wp-content\/uploads\/2025\/06\/Webdo-Tunisie_168377.jpg","width":301,"height":301,"caption":"Webdo"},"image":{"@id":"https:\/\/www.webdo.tn\/fr\/#\/schema\/logo\/image\/"},"sameAs":["https:\/\/www.facebook.com\/webdotn","https:\/\/x.com\/webdo_tn"],"description":"Webdo est un m\u00e9dia num\u00e9rique tunisien fond\u00e9 en 2010, sp\u00e9cialis\u00e9 dans l\u2019actualit\u00e9 nationale et internationale, l\u2019\u00e9conomie, la soci\u00e9t\u00e9 et les analyses politiques. Le site s\u2019adresse \u00e0 un large public francophone et couvre l\u2019information tunisienne en temps r\u00e9el.","email":"redac@webdo.tn","legalName":"YNJ SARL","foundingDate":"2010-09-06","numberOfEmployees":{"@type":"QuantitativeValue","minValue":"11","maxValue":"50"}},{"@type":"Person","@id":"https:\/\/www.webdo.tn\/fr\/#\/schema\/person\/2c4929cbf5a809e3bd38617c6ce150f6","name":"MC","image":{"@type":"ImageObject","inLanguage":"fr-FR","@id":"https:\/\/secure.gravatar.com\/avatar\/a545bbb6f84efdd5553dbbc2895e3ca8f1d12c5215e00a041c9670b54aa9b18a?s=96&d=mm&r=g","url":"https:\/\/secure.gravatar.com\/avatar\/a545bbb6f84efdd5553dbbc2895e3ca8f1d12c5215e00a041c9670b54aa9b18a?s=96&d=mm&r=g","contentUrl":"https:\/\/secure.gravatar.com\/avatar\/a545bbb6f84efdd5553dbbc2895e3ca8f1d12c5215e00a041c9670b54aa9b18a?s=96&d=mm&r=g","caption":"MC"},"url":"https:\/\/www.webdo.tn\/fr\/actualite\/author\/mc\/"}]}},"_links":{"self":[{"href":"https:\/\/www.webdo.tn\/fr\/wp-json\/wp\/v2\/posts\/213782","targetHints":{"allow":["GET"]}}],"collection":[{"href":"https:\/\/www.webdo.tn\/fr\/wp-json\/wp\/v2\/posts"}],"about":[{"href":"https:\/\/www.webdo.tn\/fr\/wp-json\/wp\/v2\/types\/post"}],"author":[{"embeddable":true,"href":"https:\/\/www.webdo.tn\/fr\/wp-json\/wp\/v2\/users\/3162"}],"replies":[{"embeddable":true,"href":"https:\/\/www.webdo.tn\/fr\/wp-json\/wp\/v2\/comments?post=213782"}],"version-history":[{"count":0,"href":"https:\/\/www.webdo.tn\/fr\/wp-json\/wp\/v2\/posts\/213782\/revisions"}],"wp:featuredmedia":[{"embeddable":true,"href":"https:\/\/www.webdo.tn\/fr\/wp-json\/wp\/v2\/media\/290525"}],"wp:attachment":[{"href":"https:\/\/www.webdo.tn\/fr\/wp-json\/wp\/v2\/media?parent=213782"}],"wp:term":[{"taxonomy":"category","embeddable":true,"href":"https:\/\/www.webdo.tn\/fr\/wp-json\/wp\/v2\/categories?post=213782"},{"taxonomy":"post_tag","embeddable":true,"href":"https:\/\/www.webdo.tn\/fr\/wp-json\/wp\/v2\/tags?post=213782"}],"curies":[{"name":"wp","href":"https:\/\/api.w.org\/{rel}","templated":true}]}}