{"id":213749,"date":"2024-04-23T14:51:00","date_gmt":"2024-04-23T14:51:00","guid":{"rendered":"https:\/\/www.webdo.tn\/fr\/blog\/migration-irreguliere-dix-neuf-corps-repeches-au-large-des-cotes-tunisiennes\/213749\/"},"modified":"2025-05-20T21:51:13","modified_gmt":"2025-05-20T21:51:13","slug":"migration-irreguliere-dix-neuf-corps-repeches-au-large-des-cotes-tunisiennes","status":"publish","type":"post","link":"https:\/\/www.webdo.tn\/fr\/actualite\/national\/migration-irreguliere-dix-neuf-corps-repeches-au-large-des-cotes-tunisiennes\/213749\/","title":{"rendered":"Migration irr\u00e9guli\u00e8re : Dix-neuf corps rep\u00each\u00e9s au large des c\u00f4tes tunisiennes"},"content":{"rendered":"<p>La Garde nationale a annonc\u00e9, ce mardi 23 avril 2024, avoir rep\u00each\u00e9 en mer les corps de 19 migrants irr\u00e9guliers qui tentaient de rejoindre l&rsquo;\u00eele italienne de Lampedusa.<\/p>\n<p>\t\t\t\t\t\t\t\t\tDans un communiqu\u00e9 publi\u00e9 aujourd\u2019hui, la Garde nationale a annonc\u00e9 que la Garde maritime de Sfax a rep\u00each\u00e9 au cours des derni\u00e8res 24 heures les corps de 19 migrants irr\u00e9guliers qui tentaient de rejoindre l&rsquo;\u00eele italienne de Lampedusa.<\/p>\n<p>Ce chiffre porte \u00e0 pr\u00e8s de 200 le nombre de migrants ayant p\u00e9ri au large des c\u00f4tes tunisiennes depuis le d\u00e9but de l&rsquo;ann\u00e9e.<\/p>\n<p>Par ailleurs, la Garde maritime a \u00e9galement annonc\u00e9 avoir arr\u00eat\u00e9 cinq passeurs, qui \u00e9taient recherch\u00e9s.<\/p>\n","protected":false},"excerpt":{"rendered":"<p>Dans un communiqu\u00e9 publi\u00e9 aujourd\u2019hui, la Garde nationale a annonc\u00e9 que la Garde maritime de Sfax a rep\u00each\u00e9 au cours des derni\u00e8res 24 heures les corps de 19 mig&#8230;<\/p>\n","protected":false},"author":3162,"featured_media":247511,"comment_status":"open","ping_status":"closed","sticky":false,"template":"","format":"standard","meta":{"footnotes":""},"categories":[44],"tags":[4687,2767,2615,2675],"class_list":["post-213749","post","type-post","status-publish","format-standard","has-post-thumbnail","hentry","category-national","tag-corps","tag-garde-nationale","tag-migration","tag-sfax"],"yoast_head":"<!-- This site is optimized with the Yoast SEO Premium plugin v27.4 (Yoast SEO v27.4) - https:\/\/yoast.com\/product\/yoast-seo-premium-wordpress\/ -->\n<title>Migration irr\u00e9guli\u00e8re : Dix-neuf corps rep\u00each\u00e9s au large des c\u00f4tes tunisiennes<\/title>\n<meta name=\"description\" content=\"Dans un communiqu\u00e9 publi\u00e9 aujourd\u2019hui, la Garde nationale a annonc\u00e9 que la Garde maritime de Sfax a rep\u00each\u00e9 au cours des derni\u00e8res 24 heures les corps de 19 mig...\" \/>\n<link rel=\"canonical\" href=\"https:\/\/www.webdo.tn\/fr\/actualite\/national\/migration-irreguliere-dix-neuf-corps-repeches-au-large-des-cotes-tunisiennes\/213749\/\" \/>\n<meta property=\"og:locale\" content=\"fr_FR\" \/>\n<meta property=\"og:type\" content=\"article\" \/>\n<meta property=\"og:title\" content=\"Migration irr\u00e9guli\u00e8re : Dix-neuf corps rep\u00each\u00e9s au large des c\u00f4tes tunisiennes\" \/>\n<meta property=\"og:description\" content=\"Dans un communiqu\u00e9 publi\u00e9 aujourd\u2019hui, la Garde nationale a annonc\u00e9 que la Garde maritime de Sfax a rep\u00each\u00e9 au cours des derni\u00e8res 24 heures les corps de 19 mig...\" \/>\n<meta property=\"og:url\" content=\"https:\/\/www.webdo.tn\/fr\/actualite\/national\/migration-irreguliere-dix-neuf-corps-repeches-au-large-des-cotes-tunisiennes\/213749\/\" \/>\n<meta property=\"og:site_name\" content=\"webdo\" \/>\n<meta property=\"article:publisher\" content=\"https:\/\/www.facebook.com\/webdotn\" \/>\n<meta property=\"article:published_time\" content=\"2024-04-23T14:51:00+00:00\" \/>\n<meta property=\"article:modified_time\" content=\"2025-05-20T21:51:13+00:00\" \/>\n<meta property=\"og:image\" content=\"https:\/\/www.webdo.tn\/fr\/wp-content\/uploads\/2024\/04\/4a9ebeba77c91a1990eb71668a51b044.webp\" \/>\n\t<meta property=\"og:image:width\" content=\"680\" \/>\n\t<meta property=\"og:image:height\" content=\"363\" \/>\n\t<meta property=\"og:image:type\" content=\"image\/webp\" \/>\n<meta name=\"author\" content=\"MC\" \/>\n<meta name=\"twitter:card\" content=\"summary_large_image\" \/>\n<meta name=\"twitter:creator\" content=\"@webdo_tn\" \/>\n<meta name=\"twitter:site\" content=\"@webdo_tn\" \/>\n<meta name=\"twitter:label1\" content=\"\u00c9crit par\" \/>\n\t<meta name=\"twitter:data1\" content=\"MC\" \/>\n\t<meta name=\"twitter:label2\" content=\"Dur\u00e9e de lecture estim\u00e9e\" \/>\n\t<meta name=\"twitter:data2\" content=\"1 minute\" \/>\n<script type=\"application\/ld+json\" class=\"yoast-schema-graph\">{\"@context\":\"https:\\\/\\\/schema.org\",\"@graph\":[{\"@type\":\"NewsArticle\",\"@id\":\"https:\\\/\\\/www.webdo.tn\\\/fr\\\/actualite\\\/national\\\/migration-irreguliere-dix-neuf-corps-repeches-au-large-des-cotes-tunisiennes\\\/213749\\\/#article\",\"isPartOf\":{\"@id\":\"https:\\\/\\\/www.webdo.tn\\\/fr\\\/actualite\\\/national\\\/migration-irreguliere-dix-neuf-corps-repeches-au-large-des-cotes-tunisiennes\\\/213749\\\/\"},\"author\":{\"name\":\"MC\",\"@id\":\"https:\\\/\\\/www.webdo.tn\\\/fr\\\/#\\\/schema\\\/person\\\/2c4929cbf5a809e3bd38617c6ce150f6\"},\"headline\":\"Migration irr\u00e9guli\u00e8re : Dix-neuf corps rep\u00each\u00e9s au large des c\u00f4tes tunisiennes\",\"datePublished\":\"2024-04-23T14:51:00+00:00\",\"dateModified\":\"2025-05-20T21:51:13+00:00\",\"mainEntityOfPage\":{\"@id\":\"https:\\\/\\\/www.webdo.tn\\\/fr\\\/actualite\\\/national\\\/migration-irreguliere-dix-neuf-corps-repeches-au-large-des-cotes-tunisiennes\\\/213749\\\/\"},\"wordCount\":128,\"commentCount\":0,\"publisher\":{\"@id\":\"https:\\\/\\\/www.webdo.tn\\\/fr\\\/#organization\"},\"image\":{\"@id\":\"https:\\\/\\\/www.webdo.tn\\\/fr\\\/actualite\\\/national\\\/migration-irreguliere-dix-neuf-corps-repeches-au-large-des-cotes-tunisiennes\\\/213749\\\/#primaryimage\"},\"thumbnailUrl\":\"https:\\\/\\\/www.webdo.tn\\\/fr\\\/wp-content\\\/uploads\\\/2024\\\/04\\\/4a9ebeba77c91a1990eb71668a51b044.webp\",\"keywords\":[\"corps\",\"Garde nationale\",\"Migration\",\"Sfax\"],\"articleSection\":[\"National\"],\"inLanguage\":\"fr-FR\"},{\"@type\":\"WebPage\",\"@id\":\"https:\\\/\\\/www.webdo.tn\\\/fr\\\/actualite\\\/national\\\/migration-irreguliere-dix-neuf-corps-repeches-au-large-des-cotes-tunisiennes\\\/213749\\\/\",\"url\":\"https:\\\/\\\/www.webdo.tn\\\/fr\\\/actualite\\\/national\\\/migration-irreguliere-dix-neuf-corps-repeches-au-large-des-cotes-tunisiennes\\\/213749\\\/\",\"name\":\"Migration irr\u00e9guli\u00e8re : Dix-neuf corps rep\u00each\u00e9s au large des c\u00f4tes tunisiennes\",\"isPartOf\":{\"@id\":\"https:\\\/\\\/www.webdo.tn\\\/fr\\\/#website\"},\"primaryImageOfPage\":{\"@id\":\"https:\\\/\\\/www.webdo.tn\\\/fr\\\/actualite\\\/national\\\/migration-irreguliere-dix-neuf-corps-repeches-au-large-des-cotes-tunisiennes\\\/213749\\\/#primaryimage\"},\"image\":{\"@id\":\"https:\\\/\\\/www.webdo.tn\\\/fr\\\/actualite\\\/national\\\/migration-irreguliere-dix-neuf-corps-repeches-au-large-des-cotes-tunisiennes\\\/213749\\\/#primaryimage\"},\"thumbnailUrl\":\"https:\\\/\\\/www.webdo.tn\\\/fr\\\/wp-content\\\/uploads\\\/2024\\\/04\\\/4a9ebeba77c91a1990eb71668a51b044.webp\",\"datePublished\":\"2024-04-23T14:51:00+00:00\",\"dateModified\":\"2025-05-20T21:51:13+00:00\",\"description\":\"Dans un communiqu\u00e9 publi\u00e9 aujourd\u2019hui, la Garde nationale a annonc\u00e9 que la Garde maritime de Sfax a rep\u00each\u00e9 au cours des derni\u00e8res 24 heures les corps de 19 mig...\",\"breadcrumb\":{\"@id\":\"https:\\\/\\\/www.webdo.tn\\\/fr\\\/actualite\\\/national\\\/migration-irreguliere-dix-neuf-corps-repeches-au-large-des-cotes-tunisiennes\\\/213749\\\/#breadcrumb\"},\"inLanguage\":\"fr-FR\",\"potentialAction\":[{\"@type\":\"ReadAction\",\"target\":[\"https:\\\/\\\/www.webdo.tn\\\/fr\\\/actualite\\\/national\\\/migration-irreguliere-dix-neuf-corps-repeches-au-large-des-cotes-tunisiennes\\\/213749\\\/\"]}]},{\"@type\":\"ImageObject\",\"inLanguage\":\"fr-FR\",\"@id\":\"https:\\\/\\\/www.webdo.tn\\\/fr\\\/actualite\\\/national\\\/migration-irreguliere-dix-neuf-corps-repeches-au-large-des-cotes-tunisiennes\\\/213749\\\/#primaryimage\",\"url\":\"https:\\\/\\\/www.webdo.tn\\\/fr\\\/wp-content\\\/uploads\\\/2024\\\/04\\\/4a9ebeba77c91a1990eb71668a51b044.webp\",\"contentUrl\":\"https:\\\/\\\/www.webdo.tn\\\/fr\\\/wp-content\\\/uploads\\\/2024\\\/04\\\/4a9ebeba77c91a1990eb71668a51b044.webp\",\"width\":680,\"height\":363,\"caption\":\"Migration irr\u00e9guli\u00e8re : Dix-neuf corps rep\u00each\u00e9s au large des c\u00f4tes tunisiennes\"},{\"@type\":\"BreadcrumbList\",\"@id\":\"https:\\\/\\\/www.webdo.tn\\\/fr\\\/actualite\\\/national\\\/migration-irreguliere-dix-neuf-corps-repeches-au-large-des-cotes-tunisiennes\\\/213749\\\/#breadcrumb\",\"itemListElement\":[{\"@type\":\"ListItem\",\"position\":1,\"name\":\"Accueil\",\"item\":\"https:\\\/\\\/www.webdo.tn\\\/fr\\\/\"},{\"@type\":\"ListItem\",\"position\":2,\"name\":\"Migration irr\u00e9guli\u00e8re : Dix-neuf corps rep\u00each\u00e9s au large des c\u00f4tes tunisiennes\"}]},{\"@type\":\"WebSite\",\"@id\":\"https:\\\/\\\/www.webdo.tn\\\/fr\\\/#website\",\"url\":\"https:\\\/\\\/www.webdo.tn\\\/fr\\\/\",\"name\":\"webdo\",\"description\":\"Tunisie - News en Tunisie et \u00e0 l&#039;international sur Webdo.tn\",\"publisher\":{\"@id\":\"https:\\\/\\\/www.webdo.tn\\\/fr\\\/#organization\"},\"potentialAction\":[{\"@type\":\"SearchAction\",\"target\":{\"@type\":\"EntryPoint\",\"urlTemplate\":\"https:\\\/\\\/www.webdo.tn\\\/fr\\\/?s={search_term_string}\"},\"query-input\":{\"@type\":\"PropertyValueSpecification\",\"valueRequired\":true,\"valueName\":\"search_term_string\"}}],\"inLanguage\":\"fr-FR\"},{\"@type\":\"Organization\",\"@id\":\"https:\\\/\\\/www.webdo.tn\\\/fr\\\/#organization\",\"name\":\"Webdo\",\"alternateName\":\"Webdo.tn\",\"url\":\"https:\\\/\\\/www.webdo.tn\\\/fr\\\/\",\"logo\":{\"@type\":\"ImageObject\",\"inLanguage\":\"fr-FR\",\"@id\":\"https:\\\/\\\/www.webdo.tn\\\/fr\\\/#\\\/schema\\\/logo\\\/image\\\/\",\"url\":\"https:\\\/\\\/www.webdo.tn\\\/fr\\\/wp-content\\\/uploads\\\/2025\\\/06\\\/Webdo-Tunisie_168377.jpg\",\"contentUrl\":\"https:\\\/\\\/www.webdo.tn\\\/fr\\\/wp-content\\\/uploads\\\/2025\\\/06\\\/Webdo-Tunisie_168377.jpg\",\"width\":301,\"height\":301,\"caption\":\"Webdo\"},\"image\":{\"@id\":\"https:\\\/\\\/www.webdo.tn\\\/fr\\\/#\\\/schema\\\/logo\\\/image\\\/\"},\"sameAs\":[\"https:\\\/\\\/www.facebook.com\\\/webdotn\",\"https:\\\/\\\/x.com\\\/webdo_tn\"],\"description\":\"Webdo est un m\u00e9dia num\u00e9rique tunisien fond\u00e9 en 2010, sp\u00e9cialis\u00e9 dans l\u2019actualit\u00e9 nationale et internationale, l\u2019\u00e9conomie, la soci\u00e9t\u00e9 et les analyses politiques. Le site s\u2019adresse \u00e0 un large public francophone et couvre l\u2019information tunisienne en temps r\u00e9el.\",\"email\":\"redac@webdo.tn\",\"legalName\":\"YNJ SARL\",\"foundingDate\":\"2010-09-06\",\"numberOfEmployees\":{\"@type\":\"QuantitativeValue\",\"minValue\":\"11\",\"maxValue\":\"50\"}},{\"@type\":\"Person\",\"@id\":\"https:\\\/\\\/www.webdo.tn\\\/fr\\\/#\\\/schema\\\/person\\\/2c4929cbf5a809e3bd38617c6ce150f6\",\"name\":\"MC\",\"image\":{\"@type\":\"ImageObject\",\"inLanguage\":\"fr-FR\",\"@id\":\"https:\\\/\\\/secure.gravatar.com\\\/avatar\\\/a545bbb6f84efdd5553dbbc2895e3ca8f1d12c5215e00a041c9670b54aa9b18a?s=96&d=mm&r=g\",\"url\":\"https:\\\/\\\/secure.gravatar.com\\\/avatar\\\/a545bbb6f84efdd5553dbbc2895e3ca8f1d12c5215e00a041c9670b54aa9b18a?s=96&d=mm&r=g\",\"contentUrl\":\"https:\\\/\\\/secure.gravatar.com\\\/avatar\\\/a545bbb6f84efdd5553dbbc2895e3ca8f1d12c5215e00a041c9670b54aa9b18a?s=96&d=mm&r=g\",\"caption\":\"MC\"},\"url\":\"https:\\\/\\\/www.webdo.tn\\\/fr\\\/actualite\\\/author\\\/mc\\\/\"}]}<\/script>\n<!-- \/ Yoast SEO Premium plugin. -->","yoast_head_json":{"title":"Migration irr\u00e9guli\u00e8re : Dix-neuf corps rep\u00each\u00e9s au large des c\u00f4tes tunisiennes","description":"Dans un communiqu\u00e9 publi\u00e9 aujourd\u2019hui, la Garde nationale a annonc\u00e9 que la Garde maritime de Sfax a rep\u00each\u00e9 au cours des derni\u00e8res 24 heures les corps de 19 mig...","canonical":"https:\/\/www.webdo.tn\/fr\/actualite\/national\/migration-irreguliere-dix-neuf-corps-repeches-au-large-des-cotes-tunisiennes\/213749\/","og_locale":"fr_FR","og_type":"article","og_title":"Migration irr\u00e9guli\u00e8re : Dix-neuf corps rep\u00each\u00e9s au large des c\u00f4tes tunisiennes","og_description":"Dans un communiqu\u00e9 publi\u00e9 aujourd\u2019hui, la Garde nationale a annonc\u00e9 que la Garde maritime de Sfax a rep\u00each\u00e9 au cours des derni\u00e8res 24 heures les corps de 19 mig...","og_url":"https:\/\/www.webdo.tn\/fr\/actualite\/national\/migration-irreguliere-dix-neuf-corps-repeches-au-large-des-cotes-tunisiennes\/213749\/","og_site_name":"webdo","article_publisher":"https:\/\/www.facebook.com\/webdotn","article_published_time":"2024-04-23T14:51:00+00:00","article_modified_time":"2025-05-20T21:51:13+00:00","og_image":[{"width":680,"height":363,"url":"https:\/\/www.webdo.tn\/fr\/wp-content\/uploads\/2024\/04\/4a9ebeba77c91a1990eb71668a51b044.webp","type":"image\/webp"}],"author":"MC","twitter_card":"summary_large_image","twitter_creator":"@webdo_tn","twitter_site":"@webdo_tn","twitter_misc":{"\u00c9crit par":"MC","Dur\u00e9e de lecture estim\u00e9e":"1 minute"},"schema":{"@context":"https:\/\/schema.org","@graph":[{"@type":"NewsArticle","@id":"https:\/\/www.webdo.tn\/fr\/actualite\/national\/migration-irreguliere-dix-neuf-corps-repeches-au-large-des-cotes-tunisiennes\/213749\/#article","isPartOf":{"@id":"https:\/\/www.webdo.tn\/fr\/actualite\/national\/migration-irreguliere-dix-neuf-corps-repeches-au-large-des-cotes-tunisiennes\/213749\/"},"author":{"name":"MC","@id":"https:\/\/www.webdo.tn\/fr\/#\/schema\/person\/2c4929cbf5a809e3bd38617c6ce150f6"},"headline":"Migration irr\u00e9guli\u00e8re : Dix-neuf corps rep\u00each\u00e9s au large des c\u00f4tes tunisiennes","datePublished":"2024-04-23T14:51:00+00:00","dateModified":"2025-05-20T21:51:13+00:00","mainEntityOfPage":{"@id":"https:\/\/www.webdo.tn\/fr\/actualite\/national\/migration-irreguliere-dix-neuf-corps-repeches-au-large-des-cotes-tunisiennes\/213749\/"},"wordCount":128,"commentCount":0,"publisher":{"@id":"https:\/\/www.webdo.tn\/fr\/#organization"},"image":{"@id":"https:\/\/www.webdo.tn\/fr\/actualite\/national\/migration-irreguliere-dix-neuf-corps-repeches-au-large-des-cotes-tunisiennes\/213749\/#primaryimage"},"thumbnailUrl":"https:\/\/www.webdo.tn\/fr\/wp-content\/uploads\/2024\/04\/4a9ebeba77c91a1990eb71668a51b044.webp","keywords":["corps","Garde nationale","Migration","Sfax"],"articleSection":["National"],"inLanguage":"fr-FR"},{"@type":"WebPage","@id":"https:\/\/www.webdo.tn\/fr\/actualite\/national\/migration-irreguliere-dix-neuf-corps-repeches-au-large-des-cotes-tunisiennes\/213749\/","url":"https:\/\/www.webdo.tn\/fr\/actualite\/national\/migration-irreguliere-dix-neuf-corps-repeches-au-large-des-cotes-tunisiennes\/213749\/","name":"Migration irr\u00e9guli\u00e8re : Dix-neuf corps rep\u00each\u00e9s au large des c\u00f4tes tunisiennes","isPartOf":{"@id":"https:\/\/www.webdo.tn\/fr\/#website"},"primaryImageOfPage":{"@id":"https:\/\/www.webdo.tn\/fr\/actualite\/national\/migration-irreguliere-dix-neuf-corps-repeches-au-large-des-cotes-tunisiennes\/213749\/#primaryimage"},"image":{"@id":"https:\/\/www.webdo.tn\/fr\/actualite\/national\/migration-irreguliere-dix-neuf-corps-repeches-au-large-des-cotes-tunisiennes\/213749\/#primaryimage"},"thumbnailUrl":"https:\/\/www.webdo.tn\/fr\/wp-content\/uploads\/2024\/04\/4a9ebeba77c91a1990eb71668a51b044.webp","datePublished":"2024-04-23T14:51:00+00:00","dateModified":"2025-05-20T21:51:13+00:00","description":"Dans un communiqu\u00e9 publi\u00e9 aujourd\u2019hui, la Garde nationale a annonc\u00e9 que la Garde maritime de Sfax a rep\u00each\u00e9 au cours des derni\u00e8res 24 heures les corps de 19 mig...","breadcrumb":{"@id":"https:\/\/www.webdo.tn\/fr\/actualite\/national\/migration-irreguliere-dix-neuf-corps-repeches-au-large-des-cotes-tunisiennes\/213749\/#breadcrumb"},"inLanguage":"fr-FR","potentialAction":[{"@type":"ReadAction","target":["https:\/\/www.webdo.tn\/fr\/actualite\/national\/migration-irreguliere-dix-neuf-corps-repeches-au-large-des-cotes-tunisiennes\/213749\/"]}]},{"@type":"ImageObject","inLanguage":"fr-FR","@id":"https:\/\/www.webdo.tn\/fr\/actualite\/national\/migration-irreguliere-dix-neuf-corps-repeches-au-large-des-cotes-tunisiennes\/213749\/#primaryimage","url":"https:\/\/www.webdo.tn\/fr\/wp-content\/uploads\/2024\/04\/4a9ebeba77c91a1990eb71668a51b044.webp","contentUrl":"https:\/\/www.webdo.tn\/fr\/wp-content\/uploads\/2024\/04\/4a9ebeba77c91a1990eb71668a51b044.webp","width":680,"height":363,"caption":"Migration irr\u00e9guli\u00e8re : Dix-neuf corps rep\u00each\u00e9s au large des c\u00f4tes tunisiennes"},{"@type":"BreadcrumbList","@id":"https:\/\/www.webdo.tn\/fr\/actualite\/national\/migration-irreguliere-dix-neuf-corps-repeches-au-large-des-cotes-tunisiennes\/213749\/#breadcrumb","itemListElement":[{"@type":"ListItem","position":1,"name":"Accueil","item":"https:\/\/www.webdo.tn\/fr\/"},{"@type":"ListItem","position":2,"name":"Migration irr\u00e9guli\u00e8re : Dix-neuf corps rep\u00each\u00e9s au large des c\u00f4tes tunisiennes"}]},{"@type":"WebSite","@id":"https:\/\/www.webdo.tn\/fr\/#website","url":"https:\/\/www.webdo.tn\/fr\/","name":"webdo","description":"Tunisie - News en Tunisie et \u00e0 l&#039;international sur Webdo.tn","publisher":{"@id":"https:\/\/www.webdo.tn\/fr\/#organization"},"potentialAction":[{"@type":"SearchAction","target":{"@type":"EntryPoint","urlTemplate":"https:\/\/www.webdo.tn\/fr\/?s={search_term_string}"},"query-input":{"@type":"PropertyValueSpecification","valueRequired":true,"valueName":"search_term_string"}}],"inLanguage":"fr-FR"},{"@type":"Organization","@id":"https:\/\/www.webdo.tn\/fr\/#organization","name":"Webdo","alternateName":"Webdo.tn","url":"https:\/\/www.webdo.tn\/fr\/","logo":{"@type":"ImageObject","inLanguage":"fr-FR","@id":"https:\/\/www.webdo.tn\/fr\/#\/schema\/logo\/image\/","url":"https:\/\/www.webdo.tn\/fr\/wp-content\/uploads\/2025\/06\/Webdo-Tunisie_168377.jpg","contentUrl":"https:\/\/www.webdo.tn\/fr\/wp-content\/uploads\/2025\/06\/Webdo-Tunisie_168377.jpg","width":301,"height":301,"caption":"Webdo"},"image":{"@id":"https:\/\/www.webdo.tn\/fr\/#\/schema\/logo\/image\/"},"sameAs":["https:\/\/www.facebook.com\/webdotn","https:\/\/x.com\/webdo_tn"],"description":"Webdo est un m\u00e9dia num\u00e9rique tunisien fond\u00e9 en 2010, sp\u00e9cialis\u00e9 dans l\u2019actualit\u00e9 nationale et internationale, l\u2019\u00e9conomie, la soci\u00e9t\u00e9 et les analyses politiques. Le site s\u2019adresse \u00e0 un large public francophone et couvre l\u2019information tunisienne en temps r\u00e9el.","email":"redac@webdo.tn","legalName":"YNJ SARL","foundingDate":"2010-09-06","numberOfEmployees":{"@type":"QuantitativeValue","minValue":"11","maxValue":"50"}},{"@type":"Person","@id":"https:\/\/www.webdo.tn\/fr\/#\/schema\/person\/2c4929cbf5a809e3bd38617c6ce150f6","name":"MC","image":{"@type":"ImageObject","inLanguage":"fr-FR","@id":"https:\/\/secure.gravatar.com\/avatar\/a545bbb6f84efdd5553dbbc2895e3ca8f1d12c5215e00a041c9670b54aa9b18a?s=96&d=mm&r=g","url":"https:\/\/secure.gravatar.com\/avatar\/a545bbb6f84efdd5553dbbc2895e3ca8f1d12c5215e00a041c9670b54aa9b18a?s=96&d=mm&r=g","contentUrl":"https:\/\/secure.gravatar.com\/avatar\/a545bbb6f84efdd5553dbbc2895e3ca8f1d12c5215e00a041c9670b54aa9b18a?s=96&d=mm&r=g","caption":"MC"},"url":"https:\/\/www.webdo.tn\/fr\/actualite\/author\/mc\/"}]}},"_links":{"self":[{"href":"https:\/\/www.webdo.tn\/fr\/wp-json\/wp\/v2\/posts\/213749","targetHints":{"allow":["GET"]}}],"collection":[{"href":"https:\/\/www.webdo.tn\/fr\/wp-json\/wp\/v2\/posts"}],"about":[{"href":"https:\/\/www.webdo.tn\/fr\/wp-json\/wp\/v2\/types\/post"}],"author":[{"embeddable":true,"href":"https:\/\/www.webdo.tn\/fr\/wp-json\/wp\/v2\/users\/3162"}],"replies":[{"embeddable":true,"href":"https:\/\/www.webdo.tn\/fr\/wp-json\/wp\/v2\/comments?post=213749"}],"version-history":[{"count":0,"href":"https:\/\/www.webdo.tn\/fr\/wp-json\/wp\/v2\/posts\/213749\/revisions"}],"wp:featuredmedia":[{"embeddable":true,"href":"https:\/\/www.webdo.tn\/fr\/wp-json\/wp\/v2\/media\/247511"}],"wp:attachment":[{"href":"https:\/\/www.webdo.tn\/fr\/wp-json\/wp\/v2\/media?parent=213749"}],"wp:term":[{"taxonomy":"category","embeddable":true,"href":"https:\/\/www.webdo.tn\/fr\/wp-json\/wp\/v2\/categories?post=213749"},{"taxonomy":"post_tag","embeddable":true,"href":"https:\/\/www.webdo.tn\/fr\/wp-json\/wp\/v2\/tags?post=213749"}],"curies":[{"name":"wp","href":"https:\/\/api.w.org\/{rel}","templated":true}]}}