{"id":213737,"date":"2024-04-23T09:25:00","date_gmt":"2024-04-23T09:25:00","guid":{"rendered":"https:\/\/www.webdo.tn\/fr\/blog\/tunisie-six-gouvernorats-concernes-par-des-pluies-abondantes\/213737\/"},"modified":"2025-05-20T22:53:43","modified_gmt":"2025-05-20T22:53:43","slug":"tunisie-six-gouvernorats-concernes-par-des-pluies-abondantes","status":"publish","type":"post","link":"https:\/\/www.webdo.tn\/fr\/actualite\/national\/tunisie-six-gouvernorats-concernes-par-des-pluies-abondantes\/213737\/","title":{"rendered":"Tunisie : Six gouvernorats concern\u00e9s par des pluies abondantes"},"content":{"rendered":"<p>L&rsquo;ing\u00e9nieur de l&rsquo;Institut National de la M\u00e9t\u00e9orologie, Abderrazek Rahal, a confirm\u00e9 aujourd\u2019hui mardi 23 avril 2024 que le temps demain, mercredi, sera hivernal avec des pluies torrentielles dans 6 wilayas.<\/p>\n<p>\t\t\t\t\t\t\t\t\tRahal a pr\u00e9cis\u00e9 que les pluies continueront dans le nord, le centre et localement dans le sud, avec des cumuls variant entre 30 et 50 mm.<\/p>\n<p>Il a \u00e9galement ajout\u00e9 que ces pluies seront temporairement orageuses et localement abondantes, en particulier dans les wilayas de Sidi Bouzid, Kairouan, Sfax, Sousse, Monastir et Mahdia, indiquant que les pr\u00e9cipitations toucheront \u00e9galement les autres r\u00e9gions.<\/p>\n<p>Il a soulign\u00e9 que les temp\u00e9ratures maximales oscilleront entre 13 et 17 degr\u00e9s dans le nord et le centre, ne d\u00e9passant pas 10 degr\u00e9s dans les hauteurs, et entre 18 et 24 degr\u00e9s dans le sud.<\/p>\n<p>Errahal a \u00e9galement not\u00e9 que les vents continueront de souffler du secteur nord, pr\u00e8s des c\u00f4tes nordiques, avec une mer agit\u00e9e et tr\u00e8s agit\u00e9e sur le reste des c\u00f4tes.<\/p>\n","protected":false},"excerpt":{"rendered":"<p>Rahal a pr\u00e9cis\u00e9 que les pluies continueront dans le nord, le centre et localement dans le sud, avec des cumuls variant entre 30 et 50 mm.<\/p>\n","protected":false},"author":3175,"featured_media":290520,"comment_status":"open","ping_status":"closed","sticky":false,"template":"","format":"standard","meta":{"footnotes":""},"categories":[44],"tags":[2670,3163,2608],"class_list":["post-213737","post","type-post","status-publish","format-standard","has-post-thumbnail","hentry","category-national","tag-meteo","tag-pluies","tag-tunisie"],"yoast_head":"<!-- This site is optimized with the Yoast SEO Premium plugin v27.5 (Yoast SEO v27.5) - https:\/\/yoast.com\/product\/yoast-seo-premium-wordpress\/ -->\n<title>Tunisie : Six gouvernorats concern\u00e9s par des pluies abondantes<\/title>\n<meta name=\"description\" content=\"Rahal a pr\u00e9cis\u00e9 que les pluies continueront dans le nord, le centre et localement dans le sud, avec des cumuls variant entre 30 et 50 mm.\" \/>\n<link rel=\"canonical\" href=\"https:\/\/www.webdo.tn\/fr\/actualite\/national\/tunisie-six-gouvernorats-concernes-par-des-pluies-abondantes\/213737\/\" \/>\n<meta property=\"og:locale\" content=\"fr_FR\" \/>\n<meta property=\"og:type\" content=\"article\" \/>\n<meta property=\"og:title\" content=\"Tunisie : Six gouvernorats concern\u00e9s par des pluies abondantes\" \/>\n<meta property=\"og:description\" content=\"Rahal a pr\u00e9cis\u00e9 que les pluies continueront dans le nord, le centre et localement dans le sud, avec des cumuls variant entre 30 et 50 mm.\" \/>\n<meta property=\"og:url\" content=\"https:\/\/www.webdo.tn\/fr\/actualite\/national\/tunisie-six-gouvernorats-concernes-par-des-pluies-abondantes\/213737\/\" \/>\n<meta property=\"og:site_name\" content=\"webdo\" \/>\n<meta property=\"article:publisher\" content=\"https:\/\/www.facebook.com\/webdotn\" \/>\n<meta property=\"article:published_time\" content=\"2024-04-23T09:25:00+00:00\" \/>\n<meta property=\"article:modified_time\" content=\"2025-05-20T22:53:43+00:00\" \/>\n<meta property=\"og:image\" content=\"https:\/\/www.webdo.tn\/fr\/wp-content\/uploads\/2024\/04\/4e1622708cfdad2e74359b72751f29ef.webp\" \/>\n\t<meta property=\"og:image:width\" content=\"724\" \/>\n\t<meta property=\"og:image:height\" content=\"386\" \/>\n\t<meta property=\"og:image:type\" content=\"image\/webp\" \/>\n<meta name=\"author\" content=\"CL\" \/>\n<meta name=\"twitter:card\" content=\"summary_large_image\" \/>\n<meta name=\"twitter:creator\" content=\"@webdo_tn\" \/>\n<meta name=\"twitter:site\" content=\"@webdo_tn\" \/>\n<meta name=\"twitter:label1\" content=\"\u00c9crit par\" \/>\n\t<meta name=\"twitter:data1\" content=\"CL\" \/>\n\t<meta name=\"twitter:label2\" content=\"Dur\u00e9e de lecture estim\u00e9e\" \/>\n\t<meta name=\"twitter:data2\" content=\"1 minute\" \/>\n<script type=\"application\/ld+json\" class=\"yoast-schema-graph\">{\"@context\":\"https:\\\/\\\/schema.org\",\"@graph\":[{\"@type\":\"NewsArticle\",\"@id\":\"https:\\\/\\\/www.webdo.tn\\\/fr\\\/actualite\\\/national\\\/tunisie-six-gouvernorats-concernes-par-des-pluies-abondantes\\\/213737\\\/#article\",\"isPartOf\":{\"@id\":\"https:\\\/\\\/www.webdo.tn\\\/fr\\\/actualite\\\/national\\\/tunisie-six-gouvernorats-concernes-par-des-pluies-abondantes\\\/213737\\\/\"},\"author\":{\"name\":\"CL\",\"@id\":\"https:\\\/\\\/www.webdo.tn\\\/fr\\\/#\\\/schema\\\/person\\\/f35b42a42c5e2511bbd282959d6385cc\"},\"headline\":\"Tunisie : Six gouvernorats concern\u00e9s par des pluies abondantes\",\"datePublished\":\"2024-04-23T09:25:00+00:00\",\"dateModified\":\"2025-05-20T22:53:43+00:00\",\"mainEntityOfPage\":{\"@id\":\"https:\\\/\\\/www.webdo.tn\\\/fr\\\/actualite\\\/national\\\/tunisie-six-gouvernorats-concernes-par-des-pluies-abondantes\\\/213737\\\/\"},\"wordCount\":176,\"commentCount\":0,\"publisher\":{\"@id\":\"https:\\\/\\\/www.webdo.tn\\\/fr\\\/#organization\"},\"image\":{\"@id\":\"https:\\\/\\\/www.webdo.tn\\\/fr\\\/actualite\\\/national\\\/tunisie-six-gouvernorats-concernes-par-des-pluies-abondantes\\\/213737\\\/#primaryimage\"},\"thumbnailUrl\":\"https:\\\/\\\/www.webdo.tn\\\/fr\\\/wp-content\\\/uploads\\\/2024\\\/04\\\/4e1622708cfdad2e74359b72751f29ef.webp\",\"keywords\":[\"m\u00e9t\u00e9o\",\"pluies\",\"Tunisie\"],\"articleSection\":[\"National\"],\"inLanguage\":\"fr-FR\"},{\"@type\":\"WebPage\",\"@id\":\"https:\\\/\\\/www.webdo.tn\\\/fr\\\/actualite\\\/national\\\/tunisie-six-gouvernorats-concernes-par-des-pluies-abondantes\\\/213737\\\/\",\"url\":\"https:\\\/\\\/www.webdo.tn\\\/fr\\\/actualite\\\/national\\\/tunisie-six-gouvernorats-concernes-par-des-pluies-abondantes\\\/213737\\\/\",\"name\":\"Tunisie : Six gouvernorats concern\u00e9s par des pluies abondantes\",\"isPartOf\":{\"@id\":\"https:\\\/\\\/www.webdo.tn\\\/fr\\\/#website\"},\"primaryImageOfPage\":{\"@id\":\"https:\\\/\\\/www.webdo.tn\\\/fr\\\/actualite\\\/national\\\/tunisie-six-gouvernorats-concernes-par-des-pluies-abondantes\\\/213737\\\/#primaryimage\"},\"image\":{\"@id\":\"https:\\\/\\\/www.webdo.tn\\\/fr\\\/actualite\\\/national\\\/tunisie-six-gouvernorats-concernes-par-des-pluies-abondantes\\\/213737\\\/#primaryimage\"},\"thumbnailUrl\":\"https:\\\/\\\/www.webdo.tn\\\/fr\\\/wp-content\\\/uploads\\\/2024\\\/04\\\/4e1622708cfdad2e74359b72751f29ef.webp\",\"datePublished\":\"2024-04-23T09:25:00+00:00\",\"dateModified\":\"2025-05-20T22:53:43+00:00\",\"description\":\"Rahal a pr\u00e9cis\u00e9 que les pluies continueront dans le nord, le centre et localement dans le sud, avec des cumuls variant entre 30 et 50 mm.\",\"breadcrumb\":{\"@id\":\"https:\\\/\\\/www.webdo.tn\\\/fr\\\/actualite\\\/national\\\/tunisie-six-gouvernorats-concernes-par-des-pluies-abondantes\\\/213737\\\/#breadcrumb\"},\"inLanguage\":\"fr-FR\",\"potentialAction\":[{\"@type\":\"ReadAction\",\"target\":[\"https:\\\/\\\/www.webdo.tn\\\/fr\\\/actualite\\\/national\\\/tunisie-six-gouvernorats-concernes-par-des-pluies-abondantes\\\/213737\\\/\"]}]},{\"@type\":\"ImageObject\",\"inLanguage\":\"fr-FR\",\"@id\":\"https:\\\/\\\/www.webdo.tn\\\/fr\\\/actualite\\\/national\\\/tunisie-six-gouvernorats-concernes-par-des-pluies-abondantes\\\/213737\\\/#primaryimage\",\"url\":\"https:\\\/\\\/www.webdo.tn\\\/fr\\\/wp-content\\\/uploads\\\/2024\\\/04\\\/4e1622708cfdad2e74359b72751f29ef.webp\",\"contentUrl\":\"https:\\\/\\\/www.webdo.tn\\\/fr\\\/wp-content\\\/uploads\\\/2024\\\/04\\\/4e1622708cfdad2e74359b72751f29ef.webp\",\"width\":724,\"height\":386,\"caption\":\"Tunisie : Six gouvernorats concern\u00e9s par des pluies abondantes\"},{\"@type\":\"BreadcrumbList\",\"@id\":\"https:\\\/\\\/www.webdo.tn\\\/fr\\\/actualite\\\/national\\\/tunisie-six-gouvernorats-concernes-par-des-pluies-abondantes\\\/213737\\\/#breadcrumb\",\"itemListElement\":[{\"@type\":\"ListItem\",\"position\":1,\"name\":\"Accueil\",\"item\":\"https:\\\/\\\/www.webdo.tn\\\/fr\\\/\"},{\"@type\":\"ListItem\",\"position\":2,\"name\":\"Tunisie : Six gouvernorats concern\u00e9s par des pluies abondantes\"}]},{\"@type\":\"WebSite\",\"@id\":\"https:\\\/\\\/www.webdo.tn\\\/fr\\\/#website\",\"url\":\"https:\\\/\\\/www.webdo.tn\\\/fr\\\/\",\"name\":\"webdo\",\"description\":\"Tunisie - News en Tunisie et \u00e0 l&#039;international sur Webdo.tn\",\"publisher\":{\"@id\":\"https:\\\/\\\/www.webdo.tn\\\/fr\\\/#organization\"},\"potentialAction\":[{\"@type\":\"SearchAction\",\"target\":{\"@type\":\"EntryPoint\",\"urlTemplate\":\"https:\\\/\\\/www.webdo.tn\\\/fr\\\/?s={search_term_string}\"},\"query-input\":{\"@type\":\"PropertyValueSpecification\",\"valueRequired\":true,\"valueName\":\"search_term_string\"}}],\"inLanguage\":\"fr-FR\"},{\"@type\":\"Organization\",\"@id\":\"https:\\\/\\\/www.webdo.tn\\\/fr\\\/#organization\",\"name\":\"Webdo\",\"alternateName\":\"Webdo.tn\",\"url\":\"https:\\\/\\\/www.webdo.tn\\\/fr\\\/\",\"logo\":{\"@type\":\"ImageObject\",\"inLanguage\":\"fr-FR\",\"@id\":\"https:\\\/\\\/www.webdo.tn\\\/fr\\\/#\\\/schema\\\/logo\\\/image\\\/\",\"url\":\"https:\\\/\\\/www.webdo.tn\\\/fr\\\/wp-content\\\/uploads\\\/2025\\\/06\\\/Webdo-Tunisie_168377.jpg\",\"contentUrl\":\"https:\\\/\\\/www.webdo.tn\\\/fr\\\/wp-content\\\/uploads\\\/2025\\\/06\\\/Webdo-Tunisie_168377.jpg\",\"width\":301,\"height\":301,\"caption\":\"Webdo\"},\"image\":{\"@id\":\"https:\\\/\\\/www.webdo.tn\\\/fr\\\/#\\\/schema\\\/logo\\\/image\\\/\"},\"sameAs\":[\"https:\\\/\\\/www.facebook.com\\\/webdotn\",\"https:\\\/\\\/x.com\\\/webdo_tn\"],\"description\":\"Webdo est un m\u00e9dia num\u00e9rique tunisien fond\u00e9 en 2010, sp\u00e9cialis\u00e9 dans l\u2019actualit\u00e9 nationale et internationale, l\u2019\u00e9conomie, la soci\u00e9t\u00e9 et les analyses politiques. Le site s\u2019adresse \u00e0 un large public francophone et couvre l\u2019information tunisienne en temps r\u00e9el.\",\"email\":\"redac@webdo.tn\",\"legalName\":\"YNJ SARL\",\"foundingDate\":\"2010-09-06\",\"numberOfEmployees\":{\"@type\":\"QuantitativeValue\",\"minValue\":\"11\",\"maxValue\":\"50\"}},{\"@type\":\"Person\",\"@id\":\"https:\\\/\\\/www.webdo.tn\\\/fr\\\/#\\\/schema\\\/person\\\/f35b42a42c5e2511bbd282959d6385cc\",\"name\":\"CL\",\"image\":{\"@type\":\"ImageObject\",\"inLanguage\":\"fr-FR\",\"@id\":\"https:\\\/\\\/secure.gravatar.com\\\/avatar\\\/1447a49909b67aa657c488aec6512e1dd6143a480c1ecfee9b5b5cd74eb3b59e?s=96&d=mm&r=g\",\"url\":\"https:\\\/\\\/secure.gravatar.com\\\/avatar\\\/1447a49909b67aa657c488aec6512e1dd6143a480c1ecfee9b5b5cd74eb3b59e?s=96&d=mm&r=g\",\"contentUrl\":\"https:\\\/\\\/secure.gravatar.com\\\/avatar\\\/1447a49909b67aa657c488aec6512e1dd6143a480c1ecfee9b5b5cd74eb3b59e?s=96&d=mm&r=g\",\"caption\":\"CL\"},\"url\":\"https:\\\/\\\/www.webdo.tn\\\/fr\\\/actualite\\\/author\\\/cl\\\/\"}]}<\/script>\n<!-- \/ Yoast SEO Premium plugin. -->","yoast_head_json":{"title":"Tunisie : Six gouvernorats concern\u00e9s par des pluies abondantes","description":"Rahal a pr\u00e9cis\u00e9 que les pluies continueront dans le nord, le centre et localement dans le sud, avec des cumuls variant entre 30 et 50 mm.","canonical":"https:\/\/www.webdo.tn\/fr\/actualite\/national\/tunisie-six-gouvernorats-concernes-par-des-pluies-abondantes\/213737\/","og_locale":"fr_FR","og_type":"article","og_title":"Tunisie : Six gouvernorats concern\u00e9s par des pluies abondantes","og_description":"Rahal a pr\u00e9cis\u00e9 que les pluies continueront dans le nord, le centre et localement dans le sud, avec des cumuls variant entre 30 et 50 mm.","og_url":"https:\/\/www.webdo.tn\/fr\/actualite\/national\/tunisie-six-gouvernorats-concernes-par-des-pluies-abondantes\/213737\/","og_site_name":"webdo","article_publisher":"https:\/\/www.facebook.com\/webdotn","article_published_time":"2024-04-23T09:25:00+00:00","article_modified_time":"2025-05-20T22:53:43+00:00","og_image":[{"width":724,"height":386,"url":"https:\/\/www.webdo.tn\/fr\/wp-content\/uploads\/2024\/04\/4e1622708cfdad2e74359b72751f29ef.webp","type":"image\/webp"}],"author":"CL","twitter_card":"summary_large_image","twitter_creator":"@webdo_tn","twitter_site":"@webdo_tn","twitter_misc":{"\u00c9crit par":"CL","Dur\u00e9e de lecture estim\u00e9e":"1 minute"},"schema":{"@context":"https:\/\/schema.org","@graph":[{"@type":"NewsArticle","@id":"https:\/\/www.webdo.tn\/fr\/actualite\/national\/tunisie-six-gouvernorats-concernes-par-des-pluies-abondantes\/213737\/#article","isPartOf":{"@id":"https:\/\/www.webdo.tn\/fr\/actualite\/national\/tunisie-six-gouvernorats-concernes-par-des-pluies-abondantes\/213737\/"},"author":{"name":"CL","@id":"https:\/\/www.webdo.tn\/fr\/#\/schema\/person\/f35b42a42c5e2511bbd282959d6385cc"},"headline":"Tunisie : Six gouvernorats concern\u00e9s par des pluies abondantes","datePublished":"2024-04-23T09:25:00+00:00","dateModified":"2025-05-20T22:53:43+00:00","mainEntityOfPage":{"@id":"https:\/\/www.webdo.tn\/fr\/actualite\/national\/tunisie-six-gouvernorats-concernes-par-des-pluies-abondantes\/213737\/"},"wordCount":176,"commentCount":0,"publisher":{"@id":"https:\/\/www.webdo.tn\/fr\/#organization"},"image":{"@id":"https:\/\/www.webdo.tn\/fr\/actualite\/national\/tunisie-six-gouvernorats-concernes-par-des-pluies-abondantes\/213737\/#primaryimage"},"thumbnailUrl":"https:\/\/www.webdo.tn\/fr\/wp-content\/uploads\/2024\/04\/4e1622708cfdad2e74359b72751f29ef.webp","keywords":["m\u00e9t\u00e9o","pluies","Tunisie"],"articleSection":["National"],"inLanguage":"fr-FR"},{"@type":"WebPage","@id":"https:\/\/www.webdo.tn\/fr\/actualite\/national\/tunisie-six-gouvernorats-concernes-par-des-pluies-abondantes\/213737\/","url":"https:\/\/www.webdo.tn\/fr\/actualite\/national\/tunisie-six-gouvernorats-concernes-par-des-pluies-abondantes\/213737\/","name":"Tunisie : Six gouvernorats concern\u00e9s par des pluies abondantes","isPartOf":{"@id":"https:\/\/www.webdo.tn\/fr\/#website"},"primaryImageOfPage":{"@id":"https:\/\/www.webdo.tn\/fr\/actualite\/national\/tunisie-six-gouvernorats-concernes-par-des-pluies-abondantes\/213737\/#primaryimage"},"image":{"@id":"https:\/\/www.webdo.tn\/fr\/actualite\/national\/tunisie-six-gouvernorats-concernes-par-des-pluies-abondantes\/213737\/#primaryimage"},"thumbnailUrl":"https:\/\/www.webdo.tn\/fr\/wp-content\/uploads\/2024\/04\/4e1622708cfdad2e74359b72751f29ef.webp","datePublished":"2024-04-23T09:25:00+00:00","dateModified":"2025-05-20T22:53:43+00:00","description":"Rahal a pr\u00e9cis\u00e9 que les pluies continueront dans le nord, le centre et localement dans le sud, avec des cumuls variant entre 30 et 50 mm.","breadcrumb":{"@id":"https:\/\/www.webdo.tn\/fr\/actualite\/national\/tunisie-six-gouvernorats-concernes-par-des-pluies-abondantes\/213737\/#breadcrumb"},"inLanguage":"fr-FR","potentialAction":[{"@type":"ReadAction","target":["https:\/\/www.webdo.tn\/fr\/actualite\/national\/tunisie-six-gouvernorats-concernes-par-des-pluies-abondantes\/213737\/"]}]},{"@type":"ImageObject","inLanguage":"fr-FR","@id":"https:\/\/www.webdo.tn\/fr\/actualite\/national\/tunisie-six-gouvernorats-concernes-par-des-pluies-abondantes\/213737\/#primaryimage","url":"https:\/\/www.webdo.tn\/fr\/wp-content\/uploads\/2024\/04\/4e1622708cfdad2e74359b72751f29ef.webp","contentUrl":"https:\/\/www.webdo.tn\/fr\/wp-content\/uploads\/2024\/04\/4e1622708cfdad2e74359b72751f29ef.webp","width":724,"height":386,"caption":"Tunisie : Six gouvernorats concern\u00e9s par des pluies abondantes"},{"@type":"BreadcrumbList","@id":"https:\/\/www.webdo.tn\/fr\/actualite\/national\/tunisie-six-gouvernorats-concernes-par-des-pluies-abondantes\/213737\/#breadcrumb","itemListElement":[{"@type":"ListItem","position":1,"name":"Accueil","item":"https:\/\/www.webdo.tn\/fr\/"},{"@type":"ListItem","position":2,"name":"Tunisie : Six gouvernorats concern\u00e9s par des pluies abondantes"}]},{"@type":"WebSite","@id":"https:\/\/www.webdo.tn\/fr\/#website","url":"https:\/\/www.webdo.tn\/fr\/","name":"webdo","description":"Tunisie - News en Tunisie et \u00e0 l&#039;international sur Webdo.tn","publisher":{"@id":"https:\/\/www.webdo.tn\/fr\/#organization"},"potentialAction":[{"@type":"SearchAction","target":{"@type":"EntryPoint","urlTemplate":"https:\/\/www.webdo.tn\/fr\/?s={search_term_string}"},"query-input":{"@type":"PropertyValueSpecification","valueRequired":true,"valueName":"search_term_string"}}],"inLanguage":"fr-FR"},{"@type":"Organization","@id":"https:\/\/www.webdo.tn\/fr\/#organization","name":"Webdo","alternateName":"Webdo.tn","url":"https:\/\/www.webdo.tn\/fr\/","logo":{"@type":"ImageObject","inLanguage":"fr-FR","@id":"https:\/\/www.webdo.tn\/fr\/#\/schema\/logo\/image\/","url":"https:\/\/www.webdo.tn\/fr\/wp-content\/uploads\/2025\/06\/Webdo-Tunisie_168377.jpg","contentUrl":"https:\/\/www.webdo.tn\/fr\/wp-content\/uploads\/2025\/06\/Webdo-Tunisie_168377.jpg","width":301,"height":301,"caption":"Webdo"},"image":{"@id":"https:\/\/www.webdo.tn\/fr\/#\/schema\/logo\/image\/"},"sameAs":["https:\/\/www.facebook.com\/webdotn","https:\/\/x.com\/webdo_tn"],"description":"Webdo est un m\u00e9dia num\u00e9rique tunisien fond\u00e9 en 2010, sp\u00e9cialis\u00e9 dans l\u2019actualit\u00e9 nationale et internationale, l\u2019\u00e9conomie, la soci\u00e9t\u00e9 et les analyses politiques. Le site s\u2019adresse \u00e0 un large public francophone et couvre l\u2019information tunisienne en temps r\u00e9el.","email":"redac@webdo.tn","legalName":"YNJ SARL","foundingDate":"2010-09-06","numberOfEmployees":{"@type":"QuantitativeValue","minValue":"11","maxValue":"50"}},{"@type":"Person","@id":"https:\/\/www.webdo.tn\/fr\/#\/schema\/person\/f35b42a42c5e2511bbd282959d6385cc","name":"CL","image":{"@type":"ImageObject","inLanguage":"fr-FR","@id":"https:\/\/secure.gravatar.com\/avatar\/1447a49909b67aa657c488aec6512e1dd6143a480c1ecfee9b5b5cd74eb3b59e?s=96&d=mm&r=g","url":"https:\/\/secure.gravatar.com\/avatar\/1447a49909b67aa657c488aec6512e1dd6143a480c1ecfee9b5b5cd74eb3b59e?s=96&d=mm&r=g","contentUrl":"https:\/\/secure.gravatar.com\/avatar\/1447a49909b67aa657c488aec6512e1dd6143a480c1ecfee9b5b5cd74eb3b59e?s=96&d=mm&r=g","caption":"CL"},"url":"https:\/\/www.webdo.tn\/fr\/actualite\/author\/cl\/"}]}},"_links":{"self":[{"href":"https:\/\/www.webdo.tn\/fr\/wp-json\/wp\/v2\/posts\/213737","targetHints":{"allow":["GET"]}}],"collection":[{"href":"https:\/\/www.webdo.tn\/fr\/wp-json\/wp\/v2\/posts"}],"about":[{"href":"https:\/\/www.webdo.tn\/fr\/wp-json\/wp\/v2\/types\/post"}],"author":[{"embeddable":true,"href":"https:\/\/www.webdo.tn\/fr\/wp-json\/wp\/v2\/users\/3175"}],"replies":[{"embeddable":true,"href":"https:\/\/www.webdo.tn\/fr\/wp-json\/wp\/v2\/comments?post=213737"}],"version-history":[{"count":0,"href":"https:\/\/www.webdo.tn\/fr\/wp-json\/wp\/v2\/posts\/213737\/revisions"}],"wp:featuredmedia":[{"embeddable":true,"href":"https:\/\/www.webdo.tn\/fr\/wp-json\/wp\/v2\/media\/290520"}],"wp:attachment":[{"href":"https:\/\/www.webdo.tn\/fr\/wp-json\/wp\/v2\/media?parent=213737"}],"wp:term":[{"taxonomy":"category","embeddable":true,"href":"https:\/\/www.webdo.tn\/fr\/wp-json\/wp\/v2\/categories?post=213737"},{"taxonomy":"post_tag","embeddable":true,"href":"https:\/\/www.webdo.tn\/fr\/wp-json\/wp\/v2\/tags?post=213737"}],"curies":[{"name":"wp","href":"https:\/\/api.w.org\/{rel}","templated":true}]}}