{"id":213731,"date":"2024-04-23T08:07:00","date_gmt":"2024-04-23T08:07:00","guid":{"rendered":"https:\/\/www.webdo.tn\/fr\/blog\/visite-du-ministre-italien-de-la-defense-en-tunisie\/213731\/"},"modified":"2025-05-20T22:32:01","modified_gmt":"2025-05-20T22:32:01","slug":"visite-du-ministre-italien-de-la-defense-en-tunisie","status":"publish","type":"post","link":"https:\/\/www.webdo.tn\/fr\/actualite\/national\/visite-du-ministre-italien-de-la-defense-en-tunisie\/213731\/","title":{"rendered":"Visite du ministre italien de la D\u00e9fense en Tunisie"},"content":{"rendered":"<p>Le ministre italien de la D\u00e9fense, Guido Crosetto, est en visite officielle en Tunisie aujourd&rsquo;hui, accompagn\u00e9 d&rsquo;une d\u00e9l\u00e9gation militaire, pour discuter de la coop\u00e9ration bilat\u00e9rale, en particulier dans la lutte contre la migration ill\u00e9gale et le trafic d&rsquo;\u00eatres humains.<\/p>\n<p>\t\t\t\t\t\t\t\t\tD&rsquo;apr\u00e8s l&rsquo;agence Nova, une visite officielle du ministre de la D\u00e9fense, Guido Crosetto, est pr\u00e9vue en Tunisie aujourd&rsquo;hui, le 23 avril. Il sera accompagn\u00e9 d&rsquo;une d\u00e9l\u00e9gation militaire de haut rang. Cette visite s&rsquo;inscrit dans le cadre de la 25\u00e8me r\u00e9union de la Commission militaire mixte Tuniso-italienne. Lors de cette visite, le ministre Crosetto rencontrera son homologue, Imed Memmich, pour discuter des besoins en mati\u00e8re de coop\u00e9ration bilat\u00e9rale, en particulier dans la lutte contre la migration ill\u00e9gale et le trafic d&rsquo;\u00eatres humains. L&rsquo;Italie apporte d\u00e9j\u00e0 son soutien \u00e0 la Tunisie dans ces domaines par le biais de formations, d&rsquo;\u00e9changes de comp\u00e9tences, d&rsquo;assistance technique et de fourniture d&rsquo;\u00e9quipements dans divers secteurs op\u00e9rationnels.<\/p>\n<p>Cette visite fait suite \u00e0 la venue \u00e0 Tunis le 17 avril dernier du Premier ministre Giorgia Meloni, accompagn\u00e9e des ministres de l&rsquo;Int\u00e9rieur, Matteo Piantedosi, et de l&rsquo;Enseignement sup\u00e9rieur et de la Recherche scientifique, Anna Maria Bernini. Lors de cette visite, un accord a \u00e9t\u00e9 sign\u00e9 pour soutenir directement le budget de l&rsquo;\u00c9tat tunisien, avec une enveloppe de 50 millions d&rsquo;euros allou\u00e9e \u00e0 l&rsquo;efficacit\u00e9 \u00e9nerg\u00e9tique et aux \u00e9nergies renouvelables, ainsi qu&rsquo;une ligne de cr\u00e9dit de 55 millions d&rsquo;euros destin\u00e9e aux petites et moyennes entreprises tunisiennes. De plus, un m\u00e9morandum d&rsquo;entente a \u00e9t\u00e9 sign\u00e9 entre les minist\u00e8res italien et tunisien de l&rsquo;Enseignement sup\u00e9rieur et de la Recherche, ouvrant ainsi la voie \u00e0 une coop\u00e9ration renforc\u00e9e dans ce domaine entre les deux pays.<\/p>\n","protected":false},"excerpt":{"rendered":"<p>Le ministre italien de la D\u00e9fense, Guido Crosetto, est en visite officielle en Tunisie pour renforcer la coop\u00e9ration bilat\u00e9rale dans la lutte contre la migratio&#8230;<\/p>\n","protected":false},"author":3169,"featured_media":247539,"comment_status":"open","ping_status":"closed","sticky":false,"template":"","format":"standard","meta":{"footnotes":""},"categories":[44],"tags":[6645,6644,2660,2615,2608],"class_list":["post-213731","post","type-post","status-publish","format-standard","has-post-thumbnail","hentry","category-national","tag-guido-crosetto","tag-imed-memmich","tag-italie","tag-migration","tag-tunisie"],"yoast_head":"<!-- This site is optimized with the Yoast SEO Premium plugin v27.4 (Yoast SEO v27.4) - https:\/\/yoast.com\/product\/yoast-seo-premium-wordpress\/ -->\n<title>Visite du ministre italien de la D\u00e9fense en Tunisie<\/title>\n<meta name=\"description\" content=\"Le ministre italien de la D\u00e9fense, Guido Crosetto, est en visite officielle en Tunisie pour renforcer la coop\u00e9ration bilat\u00e9rale dans la lutte contre la migratio...\" \/>\n<link rel=\"canonical\" href=\"https:\/\/www.webdo.tn\/fr\/actualite\/national\/visite-du-ministre-italien-de-la-defense-en-tunisie\/213731\/\" \/>\n<meta property=\"og:locale\" content=\"fr_FR\" \/>\n<meta property=\"og:type\" content=\"article\" \/>\n<meta property=\"og:title\" content=\"Visite du ministre italien de la D\u00e9fense en Tunisie\" \/>\n<meta property=\"og:description\" content=\"Le ministre italien de la D\u00e9fense, Guido Crosetto, est en visite officielle en Tunisie pour renforcer la coop\u00e9ration bilat\u00e9rale dans la lutte contre la migratio...\" \/>\n<meta property=\"og:url\" content=\"https:\/\/www.webdo.tn\/fr\/actualite\/national\/visite-du-ministre-italien-de-la-defense-en-tunisie\/213731\/\" \/>\n<meta property=\"og:site_name\" content=\"webdo\" \/>\n<meta property=\"article:publisher\" content=\"https:\/\/www.facebook.com\/webdotn\" \/>\n<meta property=\"article:published_time\" content=\"2024-04-23T08:07:00+00:00\" \/>\n<meta property=\"article:modified_time\" content=\"2025-05-20T22:32:01+00:00\" \/>\n<meta property=\"og:image\" content=\"https:\/\/www.webdo.tn\/fr\/wp-content\/uploads\/2024\/04\/bec5d152f88e72f95ce1bf2fc1ecd319.webp\" \/>\n\t<meta property=\"og:image:width\" content=\"750\" \/>\n\t<meta property=\"og:image:height\" content=\"400\" \/>\n\t<meta property=\"og:image:type\" content=\"image\/webp\" \/>\n<meta name=\"author\" content=\"Webdo\" \/>\n<meta name=\"twitter:card\" content=\"summary_large_image\" \/>\n<meta name=\"twitter:creator\" content=\"@webdo_tn\" \/>\n<meta name=\"twitter:site\" content=\"@webdo_tn\" \/>\n<meta name=\"twitter:label1\" content=\"\u00c9crit par\" \/>\n\t<meta name=\"twitter:data1\" content=\"Webdo\" \/>\n\t<meta name=\"twitter:label2\" content=\"Dur\u00e9e de lecture estim\u00e9e\" \/>\n\t<meta name=\"twitter:data2\" content=\"1 minute\" \/>\n<script type=\"application\/ld+json\" class=\"yoast-schema-graph\">{\"@context\":\"https:\\\/\\\/schema.org\",\"@graph\":[{\"@type\":\"NewsArticle\",\"@id\":\"https:\\\/\\\/www.webdo.tn\\\/fr\\\/actualite\\\/national\\\/visite-du-ministre-italien-de-la-defense-en-tunisie\\\/213731\\\/#article\",\"isPartOf\":{\"@id\":\"https:\\\/\\\/www.webdo.tn\\\/fr\\\/actualite\\\/national\\\/visite-du-ministre-italien-de-la-defense-en-tunisie\\\/213731\\\/\"},\"author\":{\"name\":\"Webdo\",\"@id\":\"https:\\\/\\\/www.webdo.tn\\\/fr\\\/#\\\/schema\\\/person\\\/1f4e491e0907b413d61089e8eb573acc\"},\"headline\":\"Visite du ministre italien de la D\u00e9fense en Tunisie\",\"datePublished\":\"2024-04-23T08:07:00+00:00\",\"dateModified\":\"2025-05-20T22:32:01+00:00\",\"mainEntityOfPage\":{\"@id\":\"https:\\\/\\\/www.webdo.tn\\\/fr\\\/actualite\\\/national\\\/visite-du-ministre-italien-de-la-defense-en-tunisie\\\/213731\\\/\"},\"wordCount\":324,\"commentCount\":0,\"publisher\":{\"@id\":\"https:\\\/\\\/www.webdo.tn\\\/fr\\\/#organization\"},\"image\":{\"@id\":\"https:\\\/\\\/www.webdo.tn\\\/fr\\\/actualite\\\/national\\\/visite-du-ministre-italien-de-la-defense-en-tunisie\\\/213731\\\/#primaryimage\"},\"thumbnailUrl\":\"https:\\\/\\\/www.webdo.tn\\\/fr\\\/wp-content\\\/uploads\\\/2024\\\/04\\\/bec5d152f88e72f95ce1bf2fc1ecd319.webp\",\"keywords\":[\"Guido Crosetto\",\"Imed Memmich\",\"Italie\",\"Migration\",\"Tunisie\"],\"articleSection\":[\"National\"],\"inLanguage\":\"fr-FR\"},{\"@type\":\"WebPage\",\"@id\":\"https:\\\/\\\/www.webdo.tn\\\/fr\\\/actualite\\\/national\\\/visite-du-ministre-italien-de-la-defense-en-tunisie\\\/213731\\\/\",\"url\":\"https:\\\/\\\/www.webdo.tn\\\/fr\\\/actualite\\\/national\\\/visite-du-ministre-italien-de-la-defense-en-tunisie\\\/213731\\\/\",\"name\":\"Visite du ministre italien de la D\u00e9fense en Tunisie\",\"isPartOf\":{\"@id\":\"https:\\\/\\\/www.webdo.tn\\\/fr\\\/#website\"},\"primaryImageOfPage\":{\"@id\":\"https:\\\/\\\/www.webdo.tn\\\/fr\\\/actualite\\\/national\\\/visite-du-ministre-italien-de-la-defense-en-tunisie\\\/213731\\\/#primaryimage\"},\"image\":{\"@id\":\"https:\\\/\\\/www.webdo.tn\\\/fr\\\/actualite\\\/national\\\/visite-du-ministre-italien-de-la-defense-en-tunisie\\\/213731\\\/#primaryimage\"},\"thumbnailUrl\":\"https:\\\/\\\/www.webdo.tn\\\/fr\\\/wp-content\\\/uploads\\\/2024\\\/04\\\/bec5d152f88e72f95ce1bf2fc1ecd319.webp\",\"datePublished\":\"2024-04-23T08:07:00+00:00\",\"dateModified\":\"2025-05-20T22:32:01+00:00\",\"description\":\"Le ministre italien de la D\u00e9fense, Guido Crosetto, est en visite officielle en Tunisie pour renforcer la coop\u00e9ration bilat\u00e9rale dans la lutte contre la migratio...\",\"breadcrumb\":{\"@id\":\"https:\\\/\\\/www.webdo.tn\\\/fr\\\/actualite\\\/national\\\/visite-du-ministre-italien-de-la-defense-en-tunisie\\\/213731\\\/#breadcrumb\"},\"inLanguage\":\"fr-FR\",\"potentialAction\":[{\"@type\":\"ReadAction\",\"target\":[\"https:\\\/\\\/www.webdo.tn\\\/fr\\\/actualite\\\/national\\\/visite-du-ministre-italien-de-la-defense-en-tunisie\\\/213731\\\/\"]}]},{\"@type\":\"ImageObject\",\"inLanguage\":\"fr-FR\",\"@id\":\"https:\\\/\\\/www.webdo.tn\\\/fr\\\/actualite\\\/national\\\/visite-du-ministre-italien-de-la-defense-en-tunisie\\\/213731\\\/#primaryimage\",\"url\":\"https:\\\/\\\/www.webdo.tn\\\/fr\\\/wp-content\\\/uploads\\\/2024\\\/04\\\/bec5d152f88e72f95ce1bf2fc1ecd319.webp\",\"contentUrl\":\"https:\\\/\\\/www.webdo.tn\\\/fr\\\/wp-content\\\/uploads\\\/2024\\\/04\\\/bec5d152f88e72f95ce1bf2fc1ecd319.webp\",\"width\":750,\"height\":400,\"caption\":\"Visite du ministre italien de la D\u00e9fense en Tunisie\"},{\"@type\":\"BreadcrumbList\",\"@id\":\"https:\\\/\\\/www.webdo.tn\\\/fr\\\/actualite\\\/national\\\/visite-du-ministre-italien-de-la-defense-en-tunisie\\\/213731\\\/#breadcrumb\",\"itemListElement\":[{\"@type\":\"ListItem\",\"position\":1,\"name\":\"Accueil\",\"item\":\"https:\\\/\\\/www.webdo.tn\\\/fr\\\/\"},{\"@type\":\"ListItem\",\"position\":2,\"name\":\"Visite du ministre italien de la D\u00e9fense en Tunisie\"}]},{\"@type\":\"WebSite\",\"@id\":\"https:\\\/\\\/www.webdo.tn\\\/fr\\\/#website\",\"url\":\"https:\\\/\\\/www.webdo.tn\\\/fr\\\/\",\"name\":\"webdo\",\"description\":\"Tunisie - News en Tunisie et \u00e0 l&#039;international sur Webdo.tn\",\"publisher\":{\"@id\":\"https:\\\/\\\/www.webdo.tn\\\/fr\\\/#organization\"},\"potentialAction\":[{\"@type\":\"SearchAction\",\"target\":{\"@type\":\"EntryPoint\",\"urlTemplate\":\"https:\\\/\\\/www.webdo.tn\\\/fr\\\/?s={search_term_string}\"},\"query-input\":{\"@type\":\"PropertyValueSpecification\",\"valueRequired\":true,\"valueName\":\"search_term_string\"}}],\"inLanguage\":\"fr-FR\"},{\"@type\":\"Organization\",\"@id\":\"https:\\\/\\\/www.webdo.tn\\\/fr\\\/#organization\",\"name\":\"Webdo\",\"alternateName\":\"Webdo.tn\",\"url\":\"https:\\\/\\\/www.webdo.tn\\\/fr\\\/\",\"logo\":{\"@type\":\"ImageObject\",\"inLanguage\":\"fr-FR\",\"@id\":\"https:\\\/\\\/www.webdo.tn\\\/fr\\\/#\\\/schema\\\/logo\\\/image\\\/\",\"url\":\"https:\\\/\\\/www.webdo.tn\\\/fr\\\/wp-content\\\/uploads\\\/2025\\\/06\\\/Webdo-Tunisie_168377.jpg\",\"contentUrl\":\"https:\\\/\\\/www.webdo.tn\\\/fr\\\/wp-content\\\/uploads\\\/2025\\\/06\\\/Webdo-Tunisie_168377.jpg\",\"width\":301,\"height\":301,\"caption\":\"Webdo\"},\"image\":{\"@id\":\"https:\\\/\\\/www.webdo.tn\\\/fr\\\/#\\\/schema\\\/logo\\\/image\\\/\"},\"sameAs\":[\"https:\\\/\\\/www.facebook.com\\\/webdotn\",\"https:\\\/\\\/x.com\\\/webdo_tn\"],\"description\":\"Webdo est un m\u00e9dia num\u00e9rique tunisien fond\u00e9 en 2010, sp\u00e9cialis\u00e9 dans l\u2019actualit\u00e9 nationale et internationale, l\u2019\u00e9conomie, la soci\u00e9t\u00e9 et les analyses politiques. Le site s\u2019adresse \u00e0 un large public francophone et couvre l\u2019information tunisienne en temps r\u00e9el.\",\"email\":\"redac@webdo.tn\",\"legalName\":\"YNJ SARL\",\"foundingDate\":\"2010-09-06\",\"numberOfEmployees\":{\"@type\":\"QuantitativeValue\",\"minValue\":\"11\",\"maxValue\":\"50\"}},{\"@type\":\"Person\",\"@id\":\"https:\\\/\\\/www.webdo.tn\\\/fr\\\/#\\\/schema\\\/person\\\/1f4e491e0907b413d61089e8eb573acc\",\"name\":\"Webdo\",\"image\":{\"@type\":\"ImageObject\",\"inLanguage\":\"fr-FR\",\"@id\":\"https:\\\/\\\/secure.gravatar.com\\\/avatar\\\/de97aeec1bb80978a9dbb127e47dfc88aaacb2f3c29aac907d8d3222e3495d49?s=96&d=mm&r=g\",\"url\":\"https:\\\/\\\/secure.gravatar.com\\\/avatar\\\/de97aeec1bb80978a9dbb127e47dfc88aaacb2f3c29aac907d8d3222e3495d49?s=96&d=mm&r=g\",\"contentUrl\":\"https:\\\/\\\/secure.gravatar.com\\\/avatar\\\/de97aeec1bb80978a9dbb127e47dfc88aaacb2f3c29aac907d8d3222e3495d49?s=96&d=mm&r=g\",\"caption\":\"Webdo\"},\"url\":\"https:\\\/\\\/www.webdo.tn\\\/fr\\\/actualite\\\/author\\\/webdo\\\/\"}]}<\/script>\n<!-- \/ Yoast SEO Premium plugin. -->","yoast_head_json":{"title":"Visite du ministre italien de la D\u00e9fense en Tunisie","description":"Le ministre italien de la D\u00e9fense, Guido Crosetto, est en visite officielle en Tunisie pour renforcer la coop\u00e9ration bilat\u00e9rale dans la lutte contre la migratio...","canonical":"https:\/\/www.webdo.tn\/fr\/actualite\/national\/visite-du-ministre-italien-de-la-defense-en-tunisie\/213731\/","og_locale":"fr_FR","og_type":"article","og_title":"Visite du ministre italien de la D\u00e9fense en Tunisie","og_description":"Le ministre italien de la D\u00e9fense, Guido Crosetto, est en visite officielle en Tunisie pour renforcer la coop\u00e9ration bilat\u00e9rale dans la lutte contre la migratio...","og_url":"https:\/\/www.webdo.tn\/fr\/actualite\/national\/visite-du-ministre-italien-de-la-defense-en-tunisie\/213731\/","og_site_name":"webdo","article_publisher":"https:\/\/www.facebook.com\/webdotn","article_published_time":"2024-04-23T08:07:00+00:00","article_modified_time":"2025-05-20T22:32:01+00:00","og_image":[{"width":750,"height":400,"url":"https:\/\/www.webdo.tn\/fr\/wp-content\/uploads\/2024\/04\/bec5d152f88e72f95ce1bf2fc1ecd319.webp","type":"image\/webp"}],"author":"Webdo","twitter_card":"summary_large_image","twitter_creator":"@webdo_tn","twitter_site":"@webdo_tn","twitter_misc":{"\u00c9crit par":"Webdo","Dur\u00e9e de lecture estim\u00e9e":"1 minute"},"schema":{"@context":"https:\/\/schema.org","@graph":[{"@type":"NewsArticle","@id":"https:\/\/www.webdo.tn\/fr\/actualite\/national\/visite-du-ministre-italien-de-la-defense-en-tunisie\/213731\/#article","isPartOf":{"@id":"https:\/\/www.webdo.tn\/fr\/actualite\/national\/visite-du-ministre-italien-de-la-defense-en-tunisie\/213731\/"},"author":{"name":"Webdo","@id":"https:\/\/www.webdo.tn\/fr\/#\/schema\/person\/1f4e491e0907b413d61089e8eb573acc"},"headline":"Visite du ministre italien de la D\u00e9fense en Tunisie","datePublished":"2024-04-23T08:07:00+00:00","dateModified":"2025-05-20T22:32:01+00:00","mainEntityOfPage":{"@id":"https:\/\/www.webdo.tn\/fr\/actualite\/national\/visite-du-ministre-italien-de-la-defense-en-tunisie\/213731\/"},"wordCount":324,"commentCount":0,"publisher":{"@id":"https:\/\/www.webdo.tn\/fr\/#organization"},"image":{"@id":"https:\/\/www.webdo.tn\/fr\/actualite\/national\/visite-du-ministre-italien-de-la-defense-en-tunisie\/213731\/#primaryimage"},"thumbnailUrl":"https:\/\/www.webdo.tn\/fr\/wp-content\/uploads\/2024\/04\/bec5d152f88e72f95ce1bf2fc1ecd319.webp","keywords":["Guido Crosetto","Imed Memmich","Italie","Migration","Tunisie"],"articleSection":["National"],"inLanguage":"fr-FR"},{"@type":"WebPage","@id":"https:\/\/www.webdo.tn\/fr\/actualite\/national\/visite-du-ministre-italien-de-la-defense-en-tunisie\/213731\/","url":"https:\/\/www.webdo.tn\/fr\/actualite\/national\/visite-du-ministre-italien-de-la-defense-en-tunisie\/213731\/","name":"Visite du ministre italien de la D\u00e9fense en Tunisie","isPartOf":{"@id":"https:\/\/www.webdo.tn\/fr\/#website"},"primaryImageOfPage":{"@id":"https:\/\/www.webdo.tn\/fr\/actualite\/national\/visite-du-ministre-italien-de-la-defense-en-tunisie\/213731\/#primaryimage"},"image":{"@id":"https:\/\/www.webdo.tn\/fr\/actualite\/national\/visite-du-ministre-italien-de-la-defense-en-tunisie\/213731\/#primaryimage"},"thumbnailUrl":"https:\/\/www.webdo.tn\/fr\/wp-content\/uploads\/2024\/04\/bec5d152f88e72f95ce1bf2fc1ecd319.webp","datePublished":"2024-04-23T08:07:00+00:00","dateModified":"2025-05-20T22:32:01+00:00","description":"Le ministre italien de la D\u00e9fense, Guido Crosetto, est en visite officielle en Tunisie pour renforcer la coop\u00e9ration bilat\u00e9rale dans la lutte contre la migratio...","breadcrumb":{"@id":"https:\/\/www.webdo.tn\/fr\/actualite\/national\/visite-du-ministre-italien-de-la-defense-en-tunisie\/213731\/#breadcrumb"},"inLanguage":"fr-FR","potentialAction":[{"@type":"ReadAction","target":["https:\/\/www.webdo.tn\/fr\/actualite\/national\/visite-du-ministre-italien-de-la-defense-en-tunisie\/213731\/"]}]},{"@type":"ImageObject","inLanguage":"fr-FR","@id":"https:\/\/www.webdo.tn\/fr\/actualite\/national\/visite-du-ministre-italien-de-la-defense-en-tunisie\/213731\/#primaryimage","url":"https:\/\/www.webdo.tn\/fr\/wp-content\/uploads\/2024\/04\/bec5d152f88e72f95ce1bf2fc1ecd319.webp","contentUrl":"https:\/\/www.webdo.tn\/fr\/wp-content\/uploads\/2024\/04\/bec5d152f88e72f95ce1bf2fc1ecd319.webp","width":750,"height":400,"caption":"Visite du ministre italien de la D\u00e9fense en Tunisie"},{"@type":"BreadcrumbList","@id":"https:\/\/www.webdo.tn\/fr\/actualite\/national\/visite-du-ministre-italien-de-la-defense-en-tunisie\/213731\/#breadcrumb","itemListElement":[{"@type":"ListItem","position":1,"name":"Accueil","item":"https:\/\/www.webdo.tn\/fr\/"},{"@type":"ListItem","position":2,"name":"Visite du ministre italien de la D\u00e9fense en Tunisie"}]},{"@type":"WebSite","@id":"https:\/\/www.webdo.tn\/fr\/#website","url":"https:\/\/www.webdo.tn\/fr\/","name":"webdo","description":"Tunisie - News en Tunisie et \u00e0 l&#039;international sur Webdo.tn","publisher":{"@id":"https:\/\/www.webdo.tn\/fr\/#organization"},"potentialAction":[{"@type":"SearchAction","target":{"@type":"EntryPoint","urlTemplate":"https:\/\/www.webdo.tn\/fr\/?s={search_term_string}"},"query-input":{"@type":"PropertyValueSpecification","valueRequired":true,"valueName":"search_term_string"}}],"inLanguage":"fr-FR"},{"@type":"Organization","@id":"https:\/\/www.webdo.tn\/fr\/#organization","name":"Webdo","alternateName":"Webdo.tn","url":"https:\/\/www.webdo.tn\/fr\/","logo":{"@type":"ImageObject","inLanguage":"fr-FR","@id":"https:\/\/www.webdo.tn\/fr\/#\/schema\/logo\/image\/","url":"https:\/\/www.webdo.tn\/fr\/wp-content\/uploads\/2025\/06\/Webdo-Tunisie_168377.jpg","contentUrl":"https:\/\/www.webdo.tn\/fr\/wp-content\/uploads\/2025\/06\/Webdo-Tunisie_168377.jpg","width":301,"height":301,"caption":"Webdo"},"image":{"@id":"https:\/\/www.webdo.tn\/fr\/#\/schema\/logo\/image\/"},"sameAs":["https:\/\/www.facebook.com\/webdotn","https:\/\/x.com\/webdo_tn"],"description":"Webdo est un m\u00e9dia num\u00e9rique tunisien fond\u00e9 en 2010, sp\u00e9cialis\u00e9 dans l\u2019actualit\u00e9 nationale et internationale, l\u2019\u00e9conomie, la soci\u00e9t\u00e9 et les analyses politiques. Le site s\u2019adresse \u00e0 un large public francophone et couvre l\u2019information tunisienne en temps r\u00e9el.","email":"redac@webdo.tn","legalName":"YNJ SARL","foundingDate":"2010-09-06","numberOfEmployees":{"@type":"QuantitativeValue","minValue":"11","maxValue":"50"}},{"@type":"Person","@id":"https:\/\/www.webdo.tn\/fr\/#\/schema\/person\/1f4e491e0907b413d61089e8eb573acc","name":"Webdo","image":{"@type":"ImageObject","inLanguage":"fr-FR","@id":"https:\/\/secure.gravatar.com\/avatar\/de97aeec1bb80978a9dbb127e47dfc88aaacb2f3c29aac907d8d3222e3495d49?s=96&d=mm&r=g","url":"https:\/\/secure.gravatar.com\/avatar\/de97aeec1bb80978a9dbb127e47dfc88aaacb2f3c29aac907d8d3222e3495d49?s=96&d=mm&r=g","contentUrl":"https:\/\/secure.gravatar.com\/avatar\/de97aeec1bb80978a9dbb127e47dfc88aaacb2f3c29aac907d8d3222e3495d49?s=96&d=mm&r=g","caption":"Webdo"},"url":"https:\/\/www.webdo.tn\/fr\/actualite\/author\/webdo\/"}]}},"_links":{"self":[{"href":"https:\/\/www.webdo.tn\/fr\/wp-json\/wp\/v2\/posts\/213731","targetHints":{"allow":["GET"]}}],"collection":[{"href":"https:\/\/www.webdo.tn\/fr\/wp-json\/wp\/v2\/posts"}],"about":[{"href":"https:\/\/www.webdo.tn\/fr\/wp-json\/wp\/v2\/types\/post"}],"author":[{"embeddable":true,"href":"https:\/\/www.webdo.tn\/fr\/wp-json\/wp\/v2\/users\/3169"}],"replies":[{"embeddable":true,"href":"https:\/\/www.webdo.tn\/fr\/wp-json\/wp\/v2\/comments?post=213731"}],"version-history":[{"count":0,"href":"https:\/\/www.webdo.tn\/fr\/wp-json\/wp\/v2\/posts\/213731\/revisions"}],"wp:featuredmedia":[{"embeddable":true,"href":"https:\/\/www.webdo.tn\/fr\/wp-json\/wp\/v2\/media\/247539"}],"wp:attachment":[{"href":"https:\/\/www.webdo.tn\/fr\/wp-json\/wp\/v2\/media?parent=213731"}],"wp:term":[{"taxonomy":"category","embeddable":true,"href":"https:\/\/www.webdo.tn\/fr\/wp-json\/wp\/v2\/categories?post=213731"},{"taxonomy":"post_tag","embeddable":true,"href":"https:\/\/www.webdo.tn\/fr\/wp-json\/wp\/v2\/tags?post=213731"}],"curies":[{"name":"wp","href":"https:\/\/api.w.org\/{rel}","templated":true}]}}