{"id":213717,"date":"2024-04-22T14:41:00","date_gmt":"2024-04-22T14:41:00","guid":{"rendered":"https:\/\/www.webdo.tn\/fr\/blog\/en-tunisie-la-situation-des-ecoles-est-alarmante\/213717\/"},"modified":"2025-05-20T21:51:19","modified_gmt":"2025-05-20T21:51:19","slug":"en-tunisie-la-situation-des-ecoles-est-alarmante","status":"publish","type":"post","link":"https:\/\/www.webdo.tn\/fr\/actualite\/national\/en-tunisie-la-situation-des-ecoles-est-alarmante\/213717\/","title":{"rendered":"En Tunisie, la situation des \u00e9coles est alarmante"},"content":{"rendered":"<p>C\u2019est le constat fait par le Forum Tunisien pour les Droits Economiques et Sociaux (FTDES) dans son rapport publi\u00e9 le 18 avril 2024. Un rapport qui \u00e9pingle notamment les in\u00e9galit\u00e9s dans les \u00e9coles publiques entre les diff\u00e9rentes r\u00e9gions.<\/p>\n<p>\t\t\t\t\t\t\t\t\tEn Tunisie, la situation des \u00e9coles est alarmante. Le constat est issu d\u2019un rapport du Forum Tunisien pour les Droits Economiques et Sociaux (FTDES) en marge duquel il appelle l\u2019Etat \u00e0 acc\u00e9l\u00e9rer leur r\u00e9habilitation.<\/p>\n<p>Ce rapport intitul\u00e9, \u00ab\u00a0Les r\u00e9percussions de l\u2019absence de justice environnementale et des effets du changement climatique sur les autres droits\u00a0\u00bb, \u00e9pingle notamment les in\u00e9galit\u00e9s dans les \u00e9coles publiques entre les diff\u00e9rentes r\u00e9gions et l\u2019absence d\u2019\u00e9quipements de base, en particulier dans les r\u00e9gions du centre-ouest.<\/p>\n<p>Selon le rapport, la plupart des \u00e9coles situ\u00e9es dans cette partie du pays souffrent de l\u2019absence d\u2019eau et de blocs sanitaires. Chiffres \u00e0 l\u2019appui, le rapport du FTDES indique que le nombre d\u2019\u00e9coles primaires d\u00e9pourvues de blocs sanitaires pour l\u2019ann\u00e9e scolaire 2022-2023 est estim\u00e9 \u00e0 128 soit un taux de 58% alors que les \u00e9coles primaires des r\u00e9gions du nord et du Sahel affichent des taux de couverture variant entre 90 et 100%.<\/p>\n<p>Cette absence en infrastructure menace la sant\u00e9 physique et mentale de l\u2019enfant, qui se trouve d\u00e8s lors confront\u00e9 \u00e0 des maladies li\u00e9es \u00e0 la p\u00e9nurie d\u2019eau, telles que les maladies respiratoires et la Shigellose<\/p>\n<p>Le rapport d\u00e9nonce \u00e9galement une \u00ab\u00a0injustice socio-environnementale\u00a0\u00bb subie par les \u00e9l\u00e8ves et \u00ab\u00a0la d\u00e9mission de l\u2019\u00c9tat de ses responsabilit\u00e9s dans les zones rurales et marginalis\u00e9es\u00a0\u00bb. Le FTDES appelle ainsi \u00e0 la mise en place de lois relatives \u00e0 l\u2019enfance, respectant pleinement leurs droits.<\/p>\n","protected":false},"excerpt":{"rendered":"<p>En Tunisie, la situation des \u00e9coles est alarmante. Le constat est issu d\u2019un rapport du Forum Tunisien pour les Droits Economiques et Sociaux (FTDES) en marge du&#8230;<\/p>\n","protected":false},"author":3162,"featured_media":247532,"comment_status":"open","ping_status":"closed","sticky":false,"template":"","format":"standard","meta":{"footnotes":""},"categories":[44],"tags":[2635,3228,2608],"class_list":["post-213717","post","type-post","status-publish","format-standard","has-post-thumbnail","hentry","category-national","tag-ecoles","tag-ftdes","tag-tunisie"],"yoast_head":"<!-- This site is optimized with the Yoast SEO Premium plugin v27.4 (Yoast SEO v27.5) - https:\/\/yoast.com\/product\/yoast-seo-premium-wordpress\/ -->\n<title>En Tunisie, la situation des \u00e9coles est alarmante<\/title>\n<meta name=\"description\" content=\"En Tunisie, la situation des \u00e9coles est alarmante. Le constat est issu d\u2019un rapport du Forum Tunisien pour les Droits Economiques et Sociaux (FTDES) en marge du...\" \/>\n<link rel=\"canonical\" href=\"https:\/\/www.webdo.tn\/fr\/actualite\/national\/en-tunisie-la-situation-des-ecoles-est-alarmante\/213717\/\" \/>\n<meta property=\"og:locale\" content=\"fr_FR\" \/>\n<meta property=\"og:type\" content=\"article\" \/>\n<meta property=\"og:title\" content=\"En Tunisie, la situation des \u00e9coles est alarmante\" \/>\n<meta property=\"og:description\" content=\"En Tunisie, la situation des \u00e9coles est alarmante. Le constat est issu d\u2019un rapport du Forum Tunisien pour les Droits Economiques et Sociaux (FTDES) en marge du...\" \/>\n<meta property=\"og:url\" content=\"https:\/\/www.webdo.tn\/fr\/actualite\/national\/en-tunisie-la-situation-des-ecoles-est-alarmante\/213717\/\" \/>\n<meta property=\"og:site_name\" content=\"webdo\" \/>\n<meta property=\"article:publisher\" content=\"https:\/\/www.facebook.com\/webdotn\" \/>\n<meta property=\"article:published_time\" content=\"2024-04-22T14:41:00+00:00\" \/>\n<meta property=\"article:modified_time\" content=\"2025-05-20T21:51:19+00:00\" \/>\n<meta property=\"og:image\" content=\"https:\/\/www.webdo.tn\/fr\/wp-content\/uploads\/2024\/04\/1e78c1e279fb9a0291efea29bc63077a.webp\" \/>\n\t<meta property=\"og:image:width\" content=\"680\" \/>\n\t<meta property=\"og:image:height\" content=\"363\" \/>\n\t<meta property=\"og:image:type\" content=\"image\/webp\" \/>\n<meta name=\"author\" content=\"MC\" \/>\n<meta name=\"twitter:card\" content=\"summary_large_image\" \/>\n<meta name=\"twitter:creator\" content=\"@webdo_tn\" \/>\n<meta name=\"twitter:site\" content=\"@webdo_tn\" \/>\n<meta name=\"twitter:label1\" content=\"\u00c9crit par\" \/>\n\t<meta name=\"twitter:data1\" content=\"MC\" \/>\n\t<meta name=\"twitter:label2\" content=\"Dur\u00e9e de lecture estim\u00e9e\" \/>\n\t<meta name=\"twitter:data2\" content=\"1 minute\" \/>\n<script type=\"application\/ld+json\" class=\"yoast-schema-graph\">{\"@context\":\"https:\\\/\\\/schema.org\",\"@graph\":[{\"@type\":\"NewsArticle\",\"@id\":\"https:\\\/\\\/www.webdo.tn\\\/fr\\\/actualite\\\/national\\\/en-tunisie-la-situation-des-ecoles-est-alarmante\\\/213717\\\/#article\",\"isPartOf\":{\"@id\":\"https:\\\/\\\/www.webdo.tn\\\/fr\\\/actualite\\\/national\\\/en-tunisie-la-situation-des-ecoles-est-alarmante\\\/213717\\\/\"},\"author\":{\"name\":\"MC\",\"@id\":\"https:\\\/\\\/www.webdo.tn\\\/fr\\\/#\\\/schema\\\/person\\\/2c4929cbf5a809e3bd38617c6ce150f6\"},\"headline\":\"En Tunisie, la situation des \u00e9coles est alarmante\",\"datePublished\":\"2024-04-22T14:41:00+00:00\",\"dateModified\":\"2025-05-20T21:51:19+00:00\",\"mainEntityOfPage\":{\"@id\":\"https:\\\/\\\/www.webdo.tn\\\/fr\\\/actualite\\\/national\\\/en-tunisie-la-situation-des-ecoles-est-alarmante\\\/213717\\\/\"},\"wordCount\":301,\"commentCount\":0,\"publisher\":{\"@id\":\"https:\\\/\\\/www.webdo.tn\\\/fr\\\/#organization\"},\"image\":{\"@id\":\"https:\\\/\\\/www.webdo.tn\\\/fr\\\/actualite\\\/national\\\/en-tunisie-la-situation-des-ecoles-est-alarmante\\\/213717\\\/#primaryimage\"},\"thumbnailUrl\":\"https:\\\/\\\/www.webdo.tn\\\/fr\\\/wp-content\\\/uploads\\\/2024\\\/04\\\/1e78c1e279fb9a0291efea29bc63077a.webp\",\"keywords\":[\"\u00e9coles\",\"ftdes\",\"Tunisie\"],\"articleSection\":[\"National\"],\"inLanguage\":\"fr-FR\"},{\"@type\":\"WebPage\",\"@id\":\"https:\\\/\\\/www.webdo.tn\\\/fr\\\/actualite\\\/national\\\/en-tunisie-la-situation-des-ecoles-est-alarmante\\\/213717\\\/\",\"url\":\"https:\\\/\\\/www.webdo.tn\\\/fr\\\/actualite\\\/national\\\/en-tunisie-la-situation-des-ecoles-est-alarmante\\\/213717\\\/\",\"name\":\"En Tunisie, la situation des \u00e9coles est alarmante\",\"isPartOf\":{\"@id\":\"https:\\\/\\\/www.webdo.tn\\\/fr\\\/#website\"},\"primaryImageOfPage\":{\"@id\":\"https:\\\/\\\/www.webdo.tn\\\/fr\\\/actualite\\\/national\\\/en-tunisie-la-situation-des-ecoles-est-alarmante\\\/213717\\\/#primaryimage\"},\"image\":{\"@id\":\"https:\\\/\\\/www.webdo.tn\\\/fr\\\/actualite\\\/national\\\/en-tunisie-la-situation-des-ecoles-est-alarmante\\\/213717\\\/#primaryimage\"},\"thumbnailUrl\":\"https:\\\/\\\/www.webdo.tn\\\/fr\\\/wp-content\\\/uploads\\\/2024\\\/04\\\/1e78c1e279fb9a0291efea29bc63077a.webp\",\"datePublished\":\"2024-04-22T14:41:00+00:00\",\"dateModified\":\"2025-05-20T21:51:19+00:00\",\"description\":\"En Tunisie, la situation des \u00e9coles est alarmante. Le constat est issu d\u2019un rapport du Forum Tunisien pour les Droits Economiques et Sociaux (FTDES) en marge du...\",\"breadcrumb\":{\"@id\":\"https:\\\/\\\/www.webdo.tn\\\/fr\\\/actualite\\\/national\\\/en-tunisie-la-situation-des-ecoles-est-alarmante\\\/213717\\\/#breadcrumb\"},\"inLanguage\":\"fr-FR\",\"potentialAction\":[{\"@type\":\"ReadAction\",\"target\":[\"https:\\\/\\\/www.webdo.tn\\\/fr\\\/actualite\\\/national\\\/en-tunisie-la-situation-des-ecoles-est-alarmante\\\/213717\\\/\"]}]},{\"@type\":\"ImageObject\",\"inLanguage\":\"fr-FR\",\"@id\":\"https:\\\/\\\/www.webdo.tn\\\/fr\\\/actualite\\\/national\\\/en-tunisie-la-situation-des-ecoles-est-alarmante\\\/213717\\\/#primaryimage\",\"url\":\"https:\\\/\\\/www.webdo.tn\\\/fr\\\/wp-content\\\/uploads\\\/2024\\\/04\\\/1e78c1e279fb9a0291efea29bc63077a.webp\",\"contentUrl\":\"https:\\\/\\\/www.webdo.tn\\\/fr\\\/wp-content\\\/uploads\\\/2024\\\/04\\\/1e78c1e279fb9a0291efea29bc63077a.webp\",\"width\":680,\"height\":363,\"caption\":\"En Tunisie, la situation des \u00e9coles est alarmante\"},{\"@type\":\"BreadcrumbList\",\"@id\":\"https:\\\/\\\/www.webdo.tn\\\/fr\\\/actualite\\\/national\\\/en-tunisie-la-situation-des-ecoles-est-alarmante\\\/213717\\\/#breadcrumb\",\"itemListElement\":[{\"@type\":\"ListItem\",\"position\":1,\"name\":\"Accueil\",\"item\":\"https:\\\/\\\/www.webdo.tn\\\/fr\\\/\"},{\"@type\":\"ListItem\",\"position\":2,\"name\":\"En Tunisie, la situation des \u00e9coles est alarmante\"}]},{\"@type\":\"WebSite\",\"@id\":\"https:\\\/\\\/www.webdo.tn\\\/fr\\\/#website\",\"url\":\"https:\\\/\\\/www.webdo.tn\\\/fr\\\/\",\"name\":\"webdo\",\"description\":\"Tunisie - News en Tunisie et \u00e0 l&#039;international sur Webdo.tn\",\"publisher\":{\"@id\":\"https:\\\/\\\/www.webdo.tn\\\/fr\\\/#organization\"},\"potentialAction\":[{\"@type\":\"SearchAction\",\"target\":{\"@type\":\"EntryPoint\",\"urlTemplate\":\"https:\\\/\\\/www.webdo.tn\\\/fr\\\/?s={search_term_string}\"},\"query-input\":{\"@type\":\"PropertyValueSpecification\",\"valueRequired\":true,\"valueName\":\"search_term_string\"}}],\"inLanguage\":\"fr-FR\"},{\"@type\":\"Organization\",\"@id\":\"https:\\\/\\\/www.webdo.tn\\\/fr\\\/#organization\",\"name\":\"Webdo\",\"alternateName\":\"Webdo.tn\",\"url\":\"https:\\\/\\\/www.webdo.tn\\\/fr\\\/\",\"logo\":{\"@type\":\"ImageObject\",\"inLanguage\":\"fr-FR\",\"@id\":\"https:\\\/\\\/www.webdo.tn\\\/fr\\\/#\\\/schema\\\/logo\\\/image\\\/\",\"url\":\"https:\\\/\\\/www.webdo.tn\\\/fr\\\/wp-content\\\/uploads\\\/2025\\\/06\\\/Webdo-Tunisie_168377.jpg\",\"contentUrl\":\"https:\\\/\\\/www.webdo.tn\\\/fr\\\/wp-content\\\/uploads\\\/2025\\\/06\\\/Webdo-Tunisie_168377.jpg\",\"width\":301,\"height\":301,\"caption\":\"Webdo\"},\"image\":{\"@id\":\"https:\\\/\\\/www.webdo.tn\\\/fr\\\/#\\\/schema\\\/logo\\\/image\\\/\"},\"sameAs\":[\"https:\\\/\\\/www.facebook.com\\\/webdotn\",\"https:\\\/\\\/x.com\\\/webdo_tn\"],\"description\":\"Webdo est un m\u00e9dia num\u00e9rique tunisien fond\u00e9 en 2010, sp\u00e9cialis\u00e9 dans l\u2019actualit\u00e9 nationale et internationale, l\u2019\u00e9conomie, la soci\u00e9t\u00e9 et les analyses politiques. Le site s\u2019adresse \u00e0 un large public francophone et couvre l\u2019information tunisienne en temps r\u00e9el.\",\"email\":\"redac@webdo.tn\",\"legalName\":\"YNJ SARL\",\"foundingDate\":\"2010-09-06\",\"numberOfEmployees\":{\"@type\":\"QuantitativeValue\",\"minValue\":\"11\",\"maxValue\":\"50\"}},{\"@type\":\"Person\",\"@id\":\"https:\\\/\\\/www.webdo.tn\\\/fr\\\/#\\\/schema\\\/person\\\/2c4929cbf5a809e3bd38617c6ce150f6\",\"name\":\"MC\",\"image\":{\"@type\":\"ImageObject\",\"inLanguage\":\"fr-FR\",\"@id\":\"https:\\\/\\\/secure.gravatar.com\\\/avatar\\\/a545bbb6f84efdd5553dbbc2895e3ca8f1d12c5215e00a041c9670b54aa9b18a?s=96&d=mm&r=g\",\"url\":\"https:\\\/\\\/secure.gravatar.com\\\/avatar\\\/a545bbb6f84efdd5553dbbc2895e3ca8f1d12c5215e00a041c9670b54aa9b18a?s=96&d=mm&r=g\",\"contentUrl\":\"https:\\\/\\\/secure.gravatar.com\\\/avatar\\\/a545bbb6f84efdd5553dbbc2895e3ca8f1d12c5215e00a041c9670b54aa9b18a?s=96&d=mm&r=g\",\"caption\":\"MC\"},\"url\":\"https:\\\/\\\/www.webdo.tn\\\/fr\\\/actualite\\\/author\\\/mc\\\/\"}]}<\/script>\n<!-- \/ Yoast SEO Premium plugin. -->","yoast_head_json":{"title":"En Tunisie, la situation des \u00e9coles est alarmante","description":"En Tunisie, la situation des \u00e9coles est alarmante. Le constat est issu d\u2019un rapport du Forum Tunisien pour les Droits Economiques et Sociaux (FTDES) en marge du...","canonical":"https:\/\/www.webdo.tn\/fr\/actualite\/national\/en-tunisie-la-situation-des-ecoles-est-alarmante\/213717\/","og_locale":"fr_FR","og_type":"article","og_title":"En Tunisie, la situation des \u00e9coles est alarmante","og_description":"En Tunisie, la situation des \u00e9coles est alarmante. Le constat est issu d\u2019un rapport du Forum Tunisien pour les Droits Economiques et Sociaux (FTDES) en marge du...","og_url":"https:\/\/www.webdo.tn\/fr\/actualite\/national\/en-tunisie-la-situation-des-ecoles-est-alarmante\/213717\/","og_site_name":"webdo","article_publisher":"https:\/\/www.facebook.com\/webdotn","article_published_time":"2024-04-22T14:41:00+00:00","article_modified_time":"2025-05-20T21:51:19+00:00","og_image":[{"width":680,"height":363,"url":"https:\/\/www.webdo.tn\/fr\/wp-content\/uploads\/2024\/04\/1e78c1e279fb9a0291efea29bc63077a.webp","type":"image\/webp"}],"author":"MC","twitter_card":"summary_large_image","twitter_creator":"@webdo_tn","twitter_site":"@webdo_tn","twitter_misc":{"\u00c9crit par":"MC","Dur\u00e9e de lecture estim\u00e9e":"1 minute"},"schema":{"@context":"https:\/\/schema.org","@graph":[{"@type":"NewsArticle","@id":"https:\/\/www.webdo.tn\/fr\/actualite\/national\/en-tunisie-la-situation-des-ecoles-est-alarmante\/213717\/#article","isPartOf":{"@id":"https:\/\/www.webdo.tn\/fr\/actualite\/national\/en-tunisie-la-situation-des-ecoles-est-alarmante\/213717\/"},"author":{"name":"MC","@id":"https:\/\/www.webdo.tn\/fr\/#\/schema\/person\/2c4929cbf5a809e3bd38617c6ce150f6"},"headline":"En Tunisie, la situation des \u00e9coles est alarmante","datePublished":"2024-04-22T14:41:00+00:00","dateModified":"2025-05-20T21:51:19+00:00","mainEntityOfPage":{"@id":"https:\/\/www.webdo.tn\/fr\/actualite\/national\/en-tunisie-la-situation-des-ecoles-est-alarmante\/213717\/"},"wordCount":301,"commentCount":0,"publisher":{"@id":"https:\/\/www.webdo.tn\/fr\/#organization"},"image":{"@id":"https:\/\/www.webdo.tn\/fr\/actualite\/national\/en-tunisie-la-situation-des-ecoles-est-alarmante\/213717\/#primaryimage"},"thumbnailUrl":"https:\/\/www.webdo.tn\/fr\/wp-content\/uploads\/2024\/04\/1e78c1e279fb9a0291efea29bc63077a.webp","keywords":["\u00e9coles","ftdes","Tunisie"],"articleSection":["National"],"inLanguage":"fr-FR"},{"@type":"WebPage","@id":"https:\/\/www.webdo.tn\/fr\/actualite\/national\/en-tunisie-la-situation-des-ecoles-est-alarmante\/213717\/","url":"https:\/\/www.webdo.tn\/fr\/actualite\/national\/en-tunisie-la-situation-des-ecoles-est-alarmante\/213717\/","name":"En Tunisie, la situation des \u00e9coles est alarmante","isPartOf":{"@id":"https:\/\/www.webdo.tn\/fr\/#website"},"primaryImageOfPage":{"@id":"https:\/\/www.webdo.tn\/fr\/actualite\/national\/en-tunisie-la-situation-des-ecoles-est-alarmante\/213717\/#primaryimage"},"image":{"@id":"https:\/\/www.webdo.tn\/fr\/actualite\/national\/en-tunisie-la-situation-des-ecoles-est-alarmante\/213717\/#primaryimage"},"thumbnailUrl":"https:\/\/www.webdo.tn\/fr\/wp-content\/uploads\/2024\/04\/1e78c1e279fb9a0291efea29bc63077a.webp","datePublished":"2024-04-22T14:41:00+00:00","dateModified":"2025-05-20T21:51:19+00:00","description":"En Tunisie, la situation des \u00e9coles est alarmante. Le constat est issu d\u2019un rapport du Forum Tunisien pour les Droits Economiques et Sociaux (FTDES) en marge du...","breadcrumb":{"@id":"https:\/\/www.webdo.tn\/fr\/actualite\/national\/en-tunisie-la-situation-des-ecoles-est-alarmante\/213717\/#breadcrumb"},"inLanguage":"fr-FR","potentialAction":[{"@type":"ReadAction","target":["https:\/\/www.webdo.tn\/fr\/actualite\/national\/en-tunisie-la-situation-des-ecoles-est-alarmante\/213717\/"]}]},{"@type":"ImageObject","inLanguage":"fr-FR","@id":"https:\/\/www.webdo.tn\/fr\/actualite\/national\/en-tunisie-la-situation-des-ecoles-est-alarmante\/213717\/#primaryimage","url":"https:\/\/www.webdo.tn\/fr\/wp-content\/uploads\/2024\/04\/1e78c1e279fb9a0291efea29bc63077a.webp","contentUrl":"https:\/\/www.webdo.tn\/fr\/wp-content\/uploads\/2024\/04\/1e78c1e279fb9a0291efea29bc63077a.webp","width":680,"height":363,"caption":"En Tunisie, la situation des \u00e9coles est alarmante"},{"@type":"BreadcrumbList","@id":"https:\/\/www.webdo.tn\/fr\/actualite\/national\/en-tunisie-la-situation-des-ecoles-est-alarmante\/213717\/#breadcrumb","itemListElement":[{"@type":"ListItem","position":1,"name":"Accueil","item":"https:\/\/www.webdo.tn\/fr\/"},{"@type":"ListItem","position":2,"name":"En Tunisie, la situation des \u00e9coles est alarmante"}]},{"@type":"WebSite","@id":"https:\/\/www.webdo.tn\/fr\/#website","url":"https:\/\/www.webdo.tn\/fr\/","name":"webdo","description":"Tunisie - News en Tunisie et \u00e0 l&#039;international sur Webdo.tn","publisher":{"@id":"https:\/\/www.webdo.tn\/fr\/#organization"},"potentialAction":[{"@type":"SearchAction","target":{"@type":"EntryPoint","urlTemplate":"https:\/\/www.webdo.tn\/fr\/?s={search_term_string}"},"query-input":{"@type":"PropertyValueSpecification","valueRequired":true,"valueName":"search_term_string"}}],"inLanguage":"fr-FR"},{"@type":"Organization","@id":"https:\/\/www.webdo.tn\/fr\/#organization","name":"Webdo","alternateName":"Webdo.tn","url":"https:\/\/www.webdo.tn\/fr\/","logo":{"@type":"ImageObject","inLanguage":"fr-FR","@id":"https:\/\/www.webdo.tn\/fr\/#\/schema\/logo\/image\/","url":"https:\/\/www.webdo.tn\/fr\/wp-content\/uploads\/2025\/06\/Webdo-Tunisie_168377.jpg","contentUrl":"https:\/\/www.webdo.tn\/fr\/wp-content\/uploads\/2025\/06\/Webdo-Tunisie_168377.jpg","width":301,"height":301,"caption":"Webdo"},"image":{"@id":"https:\/\/www.webdo.tn\/fr\/#\/schema\/logo\/image\/"},"sameAs":["https:\/\/www.facebook.com\/webdotn","https:\/\/x.com\/webdo_tn"],"description":"Webdo est un m\u00e9dia num\u00e9rique tunisien fond\u00e9 en 2010, sp\u00e9cialis\u00e9 dans l\u2019actualit\u00e9 nationale et internationale, l\u2019\u00e9conomie, la soci\u00e9t\u00e9 et les analyses politiques. Le site s\u2019adresse \u00e0 un large public francophone et couvre l\u2019information tunisienne en temps r\u00e9el.","email":"redac@webdo.tn","legalName":"YNJ SARL","foundingDate":"2010-09-06","numberOfEmployees":{"@type":"QuantitativeValue","minValue":"11","maxValue":"50"}},{"@type":"Person","@id":"https:\/\/www.webdo.tn\/fr\/#\/schema\/person\/2c4929cbf5a809e3bd38617c6ce150f6","name":"MC","image":{"@type":"ImageObject","inLanguage":"fr-FR","@id":"https:\/\/secure.gravatar.com\/avatar\/a545bbb6f84efdd5553dbbc2895e3ca8f1d12c5215e00a041c9670b54aa9b18a?s=96&d=mm&r=g","url":"https:\/\/secure.gravatar.com\/avatar\/a545bbb6f84efdd5553dbbc2895e3ca8f1d12c5215e00a041c9670b54aa9b18a?s=96&d=mm&r=g","contentUrl":"https:\/\/secure.gravatar.com\/avatar\/a545bbb6f84efdd5553dbbc2895e3ca8f1d12c5215e00a041c9670b54aa9b18a?s=96&d=mm&r=g","caption":"MC"},"url":"https:\/\/www.webdo.tn\/fr\/actualite\/author\/mc\/"}]}},"_links":{"self":[{"href":"https:\/\/www.webdo.tn\/fr\/wp-json\/wp\/v2\/posts\/213717","targetHints":{"allow":["GET"]}}],"collection":[{"href":"https:\/\/www.webdo.tn\/fr\/wp-json\/wp\/v2\/posts"}],"about":[{"href":"https:\/\/www.webdo.tn\/fr\/wp-json\/wp\/v2\/types\/post"}],"author":[{"embeddable":true,"href":"https:\/\/www.webdo.tn\/fr\/wp-json\/wp\/v2\/users\/3162"}],"replies":[{"embeddable":true,"href":"https:\/\/www.webdo.tn\/fr\/wp-json\/wp\/v2\/comments?post=213717"}],"version-history":[{"count":0,"href":"https:\/\/www.webdo.tn\/fr\/wp-json\/wp\/v2\/posts\/213717\/revisions"}],"wp:featuredmedia":[{"embeddable":true,"href":"https:\/\/www.webdo.tn\/fr\/wp-json\/wp\/v2\/media\/247532"}],"wp:attachment":[{"href":"https:\/\/www.webdo.tn\/fr\/wp-json\/wp\/v2\/media?parent=213717"}],"wp:term":[{"taxonomy":"category","embeddable":true,"href":"https:\/\/www.webdo.tn\/fr\/wp-json\/wp\/v2\/categories?post=213717"},{"taxonomy":"post_tag","embeddable":true,"href":"https:\/\/www.webdo.tn\/fr\/wp-json\/wp\/v2\/tags?post=213717"}],"curies":[{"name":"wp","href":"https:\/\/api.w.org\/{rel}","templated":true}]}}