{"id":213708,"date":"2024-04-22T09:00:00","date_gmt":"2024-04-22T09:00:00","guid":{"rendered":"https:\/\/www.webdo.tn\/fr\/blog\/les-etats-unis-envisagent-de-sanctionner-un-bataillon-de-l-armee-israelienne\/213708\/"},"modified":"2025-05-20T22:36:43","modified_gmt":"2025-05-20T22:36:43","slug":"les-etats-unis-envisagent-de-sanctionner-un-bataillon-de-l-armee-israelienne","status":"publish","type":"post","link":"https:\/\/www.webdo.tn\/fr\/actualite\/international\/les-etats-unis-envisagent-de-sanctionner-un-bataillon-de-l-armee-israelienne\/213708\/","title":{"rendered":"Les Etats-Unis envisagent de sanctionner un bataillon de l&rsquo;arm\u00e9e isra\u00e9lienne"},"content":{"rendered":"<p>Le site d&rsquo;information am\u00e9ricain Axios a rapport\u00e9 samedi 20 avril que Washington envisageait d&rsquo;imposer des sanctions au bataillon isra\u00e9lien Netzah Yehuda, qui op\u00e8re en Cisjordanie occup\u00e9e, bien que l&rsquo;arm\u00e9e isra\u00e9lienne ait d\u00e9clar\u00e9 qu&rsquo;elle n&rsquo;\u00e9tait pas au courant de telles mesures.<\/p>\n<p>\t\t\t\t\t\t\t\t\tLes m\u00e9dias isra\u00e9liens ont \u00e9galement identifi\u00e9 l\u2019unit\u00e9 qui devrait \u00eatre cibl\u00e9e comme \u00e9tant Netzah Yehuda &#8211; un bataillon d\u2019infanterie fond\u00e9 il y a environ un quart de si\u00e8cle pour incorporer des juifs ultra-orthodoxes dans l\u2019arm\u00e9e.<\/p>\n<p>Vendredi, les \u00c9tats-Unis ont annonc\u00e9 une nouvelle s\u00e9rie de sanctions li\u00e9es aux colons isra\u00e9liens en Cisjordanie occup\u00e9e, dernier signe de la frustration croissante des \u00c9tats-Unis \u00e0 l\u2019\u00e9gard de la politique de Netanyahu, dont le gouvernement de coalition s\u2019appuie sur les partis des colons.<\/p>\n<p>\u00ab Si quelqu\u2019un pense pouvoir imposer des sanctions \u00e0 une unit\u00e9 de [l\u2019arm\u00e9e isra\u00e9lienne], je le combattrai de toutes mes forces \u00bb, a d\u00e9clar\u00e9 le premier ministre isra\u00e9lien Netanyahu dans un communiqu\u00e9 dimanche.<\/p>\n<p>Le ministre isra\u00e9lien de la Guerre, Benny Gantz, a d\u00e9clar\u00e9 dimanche dans un communiqu\u00e9 qu&rsquo;il s&rsquo;\u00e9tait entretenu avec le secr\u00e9taire d&rsquo;\u00c9tat am\u00e9ricain Antony Blinken et lui avait demand\u00e9 de reconsid\u00e9rer la question.<\/p>\n<p>Gantz a d\u00e9clar\u00e9 que de telles sanctions seraient une erreur car elles nuiraient \u00e0 la l\u00e9gitimit\u00e9 d&rsquo;Isra\u00ebl en temps de guerre.<\/p>\n","protected":false},"excerpt":{"rendered":"<p>Vendredi, les \u00c9tats-Unis ont annonc\u00e9 une nouvelle s\u00e9rie de sanctions li\u00e9es aux colons isra\u00e9liens en Cisjordanie occup\u00e9e, dernier signe de la frustration croissa&#8230;<\/p>\n","protected":false},"author":3175,"featured_media":247525,"comment_status":"open","ping_status":"closed","sticky":false,"template":"","format":"standard","meta":{"footnotes":""},"categories":[2598],"tags":[4479,2636,4987,3061],"class_list":["post-213708","post","type-post","status-publish","format-standard","has-post-thumbnail","hentry","category-international","tag-armee","tag-israel","tag-sanctions","tag-usa"],"yoast_head":"<!-- This site is optimized with the Yoast SEO Premium plugin v27.5 (Yoast SEO v27.5) - https:\/\/yoast.com\/product\/yoast-seo-premium-wordpress\/ -->\n<title>Les Etats-Unis envisagent de sanctionner un bataillon de l&#039;arm\u00e9e isra\u00e9lienne<\/title>\n<meta name=\"description\" content=\"Vendredi, les \u00c9tats-Unis ont annonc\u00e9 une nouvelle s\u00e9rie de sanctions li\u00e9es aux colons isra\u00e9liens en Cisjordanie occup\u00e9e, dernier signe de la frustration croissa...\" \/>\n<link rel=\"canonical\" href=\"https:\/\/www.webdo.tn\/fr\/actualite\/international\/les-etats-unis-envisagent-de-sanctionner-un-bataillon-de-l-armee-israelienne\/213708\/\" \/>\n<meta property=\"og:locale\" content=\"fr_FR\" \/>\n<meta property=\"og:type\" content=\"article\" \/>\n<meta property=\"og:title\" content=\"Les Etats-Unis envisagent de sanctionner un bataillon de l&#039;arm\u00e9e isra\u00e9lienne\" \/>\n<meta property=\"og:description\" content=\"Vendredi, les \u00c9tats-Unis ont annonc\u00e9 une nouvelle s\u00e9rie de sanctions li\u00e9es aux colons isra\u00e9liens en Cisjordanie occup\u00e9e, dernier signe de la frustration croissa...\" \/>\n<meta property=\"og:url\" content=\"https:\/\/www.webdo.tn\/fr\/actualite\/international\/les-etats-unis-envisagent-de-sanctionner-un-bataillon-de-l-armee-israelienne\/213708\/\" \/>\n<meta property=\"og:site_name\" content=\"webdo\" \/>\n<meta property=\"article:publisher\" content=\"https:\/\/www.facebook.com\/webdotn\" \/>\n<meta property=\"article:published_time\" content=\"2024-04-22T09:00:00+00:00\" \/>\n<meta property=\"article:modified_time\" content=\"2025-05-20T22:36:43+00:00\" \/>\n<meta property=\"og:image\" content=\"https:\/\/www.webdo.tn\/fr\/wp-content\/uploads\/2024\/04\/50620da49fda8932062200cfe848c0dc.webp\" \/>\n\t<meta property=\"og:image:width\" content=\"750\" \/>\n\t<meta property=\"og:image:height\" content=\"400\" \/>\n\t<meta property=\"og:image:type\" content=\"image\/webp\" \/>\n<meta name=\"author\" content=\"CL\" \/>\n<meta name=\"twitter:card\" content=\"summary_large_image\" \/>\n<meta name=\"twitter:creator\" content=\"@webdo_tn\" \/>\n<meta name=\"twitter:site\" content=\"@webdo_tn\" \/>\n<meta name=\"twitter:label1\" content=\"\u00c9crit par\" \/>\n\t<meta name=\"twitter:data1\" content=\"CL\" \/>\n\t<meta name=\"twitter:label2\" content=\"Dur\u00e9e de lecture estim\u00e9e\" \/>\n\t<meta name=\"twitter:data2\" content=\"1 minute\" \/>\n<script type=\"application\/ld+json\" class=\"yoast-schema-graph\">{\"@context\":\"https:\\\/\\\/schema.org\",\"@graph\":[{\"@type\":\"NewsArticle\",\"@id\":\"https:\\\/\\\/www.webdo.tn\\\/fr\\\/actualite\\\/international\\\/les-etats-unis-envisagent-de-sanctionner-un-bataillon-de-l-armee-israelienne\\\/213708\\\/#article\",\"isPartOf\":{\"@id\":\"https:\\\/\\\/www.webdo.tn\\\/fr\\\/actualite\\\/international\\\/les-etats-unis-envisagent-de-sanctionner-un-bataillon-de-l-armee-israelienne\\\/213708\\\/\"},\"author\":{\"name\":\"CL\",\"@id\":\"https:\\\/\\\/www.webdo.tn\\\/fr\\\/#\\\/schema\\\/person\\\/f35b42a42c5e2511bbd282959d6385cc\"},\"headline\":\"Les Etats-Unis envisagent de sanctionner un bataillon de l&rsquo;arm\u00e9e isra\u00e9lienne\",\"datePublished\":\"2024-04-22T09:00:00+00:00\",\"dateModified\":\"2025-05-20T22:36:43+00:00\",\"mainEntityOfPage\":{\"@id\":\"https:\\\/\\\/www.webdo.tn\\\/fr\\\/actualite\\\/international\\\/les-etats-unis-envisagent-de-sanctionner-un-bataillon-de-l-armee-israelienne\\\/213708\\\/\"},\"wordCount\":255,\"commentCount\":0,\"publisher\":{\"@id\":\"https:\\\/\\\/www.webdo.tn\\\/fr\\\/#organization\"},\"image\":{\"@id\":\"https:\\\/\\\/www.webdo.tn\\\/fr\\\/actualite\\\/international\\\/les-etats-unis-envisagent-de-sanctionner-un-bataillon-de-l-armee-israelienne\\\/213708\\\/#primaryimage\"},\"thumbnailUrl\":\"https:\\\/\\\/www.webdo.tn\\\/fr\\\/wp-content\\\/uploads\\\/2024\\\/04\\\/50620da49fda8932062200cfe848c0dc.webp\",\"keywords\":[\"arm\u00e9e\",\"isra\u00ebl\",\"sanctions\",\"USA\"],\"articleSection\":[\"International\"],\"inLanguage\":\"fr-FR\"},{\"@type\":\"WebPage\",\"@id\":\"https:\\\/\\\/www.webdo.tn\\\/fr\\\/actualite\\\/international\\\/les-etats-unis-envisagent-de-sanctionner-un-bataillon-de-l-armee-israelienne\\\/213708\\\/\",\"url\":\"https:\\\/\\\/www.webdo.tn\\\/fr\\\/actualite\\\/international\\\/les-etats-unis-envisagent-de-sanctionner-un-bataillon-de-l-armee-israelienne\\\/213708\\\/\",\"name\":\"Les Etats-Unis envisagent de sanctionner un bataillon de l'arm\u00e9e isra\u00e9lienne\",\"isPartOf\":{\"@id\":\"https:\\\/\\\/www.webdo.tn\\\/fr\\\/#website\"},\"primaryImageOfPage\":{\"@id\":\"https:\\\/\\\/www.webdo.tn\\\/fr\\\/actualite\\\/international\\\/les-etats-unis-envisagent-de-sanctionner-un-bataillon-de-l-armee-israelienne\\\/213708\\\/#primaryimage\"},\"image\":{\"@id\":\"https:\\\/\\\/www.webdo.tn\\\/fr\\\/actualite\\\/international\\\/les-etats-unis-envisagent-de-sanctionner-un-bataillon-de-l-armee-israelienne\\\/213708\\\/#primaryimage\"},\"thumbnailUrl\":\"https:\\\/\\\/www.webdo.tn\\\/fr\\\/wp-content\\\/uploads\\\/2024\\\/04\\\/50620da49fda8932062200cfe848c0dc.webp\",\"datePublished\":\"2024-04-22T09:00:00+00:00\",\"dateModified\":\"2025-05-20T22:36:43+00:00\",\"description\":\"Vendredi, les \u00c9tats-Unis ont annonc\u00e9 une nouvelle s\u00e9rie de sanctions li\u00e9es aux colons isra\u00e9liens en Cisjordanie occup\u00e9e, dernier signe de la frustration croissa...\",\"breadcrumb\":{\"@id\":\"https:\\\/\\\/www.webdo.tn\\\/fr\\\/actualite\\\/international\\\/les-etats-unis-envisagent-de-sanctionner-un-bataillon-de-l-armee-israelienne\\\/213708\\\/#breadcrumb\"},\"inLanguage\":\"fr-FR\",\"potentialAction\":[{\"@type\":\"ReadAction\",\"target\":[\"https:\\\/\\\/www.webdo.tn\\\/fr\\\/actualite\\\/international\\\/les-etats-unis-envisagent-de-sanctionner-un-bataillon-de-l-armee-israelienne\\\/213708\\\/\"]}]},{\"@type\":\"ImageObject\",\"inLanguage\":\"fr-FR\",\"@id\":\"https:\\\/\\\/www.webdo.tn\\\/fr\\\/actualite\\\/international\\\/les-etats-unis-envisagent-de-sanctionner-un-bataillon-de-l-armee-israelienne\\\/213708\\\/#primaryimage\",\"url\":\"https:\\\/\\\/www.webdo.tn\\\/fr\\\/wp-content\\\/uploads\\\/2024\\\/04\\\/50620da49fda8932062200cfe848c0dc.webp\",\"contentUrl\":\"https:\\\/\\\/www.webdo.tn\\\/fr\\\/wp-content\\\/uploads\\\/2024\\\/04\\\/50620da49fda8932062200cfe848c0dc.webp\",\"width\":750,\"height\":400,\"caption\":\"Les Etats-Unis envisagent de sanctionner un bataillon de l'arm\u00e9e isra\u00e9lienne\"},{\"@type\":\"BreadcrumbList\",\"@id\":\"https:\\\/\\\/www.webdo.tn\\\/fr\\\/actualite\\\/international\\\/les-etats-unis-envisagent-de-sanctionner-un-bataillon-de-l-armee-israelienne\\\/213708\\\/#breadcrumb\",\"itemListElement\":[{\"@type\":\"ListItem\",\"position\":1,\"name\":\"Accueil\",\"item\":\"https:\\\/\\\/www.webdo.tn\\\/fr\\\/\"},{\"@type\":\"ListItem\",\"position\":2,\"name\":\"Les Etats-Unis envisagent de sanctionner un bataillon de l&rsquo;arm\u00e9e isra\u00e9lienne\"}]},{\"@type\":\"WebSite\",\"@id\":\"https:\\\/\\\/www.webdo.tn\\\/fr\\\/#website\",\"url\":\"https:\\\/\\\/www.webdo.tn\\\/fr\\\/\",\"name\":\"webdo\",\"description\":\"Tunisie - News en Tunisie et \u00e0 l&#039;international sur Webdo.tn\",\"publisher\":{\"@id\":\"https:\\\/\\\/www.webdo.tn\\\/fr\\\/#organization\"},\"potentialAction\":[{\"@type\":\"SearchAction\",\"target\":{\"@type\":\"EntryPoint\",\"urlTemplate\":\"https:\\\/\\\/www.webdo.tn\\\/fr\\\/?s={search_term_string}\"},\"query-input\":{\"@type\":\"PropertyValueSpecification\",\"valueRequired\":true,\"valueName\":\"search_term_string\"}}],\"inLanguage\":\"fr-FR\"},{\"@type\":\"Organization\",\"@id\":\"https:\\\/\\\/www.webdo.tn\\\/fr\\\/#organization\",\"name\":\"Webdo\",\"alternateName\":\"Webdo.tn\",\"url\":\"https:\\\/\\\/www.webdo.tn\\\/fr\\\/\",\"logo\":{\"@type\":\"ImageObject\",\"inLanguage\":\"fr-FR\",\"@id\":\"https:\\\/\\\/www.webdo.tn\\\/fr\\\/#\\\/schema\\\/logo\\\/image\\\/\",\"url\":\"https:\\\/\\\/www.webdo.tn\\\/fr\\\/wp-content\\\/uploads\\\/2025\\\/06\\\/Webdo-Tunisie_168377.jpg\",\"contentUrl\":\"https:\\\/\\\/www.webdo.tn\\\/fr\\\/wp-content\\\/uploads\\\/2025\\\/06\\\/Webdo-Tunisie_168377.jpg\",\"width\":301,\"height\":301,\"caption\":\"Webdo\"},\"image\":{\"@id\":\"https:\\\/\\\/www.webdo.tn\\\/fr\\\/#\\\/schema\\\/logo\\\/image\\\/\"},\"sameAs\":[\"https:\\\/\\\/www.facebook.com\\\/webdotn\",\"https:\\\/\\\/x.com\\\/webdo_tn\"],\"description\":\"Webdo est un m\u00e9dia num\u00e9rique tunisien fond\u00e9 en 2010, sp\u00e9cialis\u00e9 dans l\u2019actualit\u00e9 nationale et internationale, l\u2019\u00e9conomie, la soci\u00e9t\u00e9 et les analyses politiques. Le site s\u2019adresse \u00e0 un large public francophone et couvre l\u2019information tunisienne en temps r\u00e9el.\",\"email\":\"redac@webdo.tn\",\"legalName\":\"YNJ SARL\",\"foundingDate\":\"2010-09-06\",\"numberOfEmployees\":{\"@type\":\"QuantitativeValue\",\"minValue\":\"11\",\"maxValue\":\"50\"}},{\"@type\":\"Person\",\"@id\":\"https:\\\/\\\/www.webdo.tn\\\/fr\\\/#\\\/schema\\\/person\\\/f35b42a42c5e2511bbd282959d6385cc\",\"name\":\"CL\",\"image\":{\"@type\":\"ImageObject\",\"inLanguage\":\"fr-FR\",\"@id\":\"https:\\\/\\\/secure.gravatar.com\\\/avatar\\\/1447a49909b67aa657c488aec6512e1dd6143a480c1ecfee9b5b5cd74eb3b59e?s=96&d=mm&r=g\",\"url\":\"https:\\\/\\\/secure.gravatar.com\\\/avatar\\\/1447a49909b67aa657c488aec6512e1dd6143a480c1ecfee9b5b5cd74eb3b59e?s=96&d=mm&r=g\",\"contentUrl\":\"https:\\\/\\\/secure.gravatar.com\\\/avatar\\\/1447a49909b67aa657c488aec6512e1dd6143a480c1ecfee9b5b5cd74eb3b59e?s=96&d=mm&r=g\",\"caption\":\"CL\"},\"url\":\"https:\\\/\\\/www.webdo.tn\\\/fr\\\/actualite\\\/author\\\/cl\\\/\"}]}<\/script>\n<!-- \/ Yoast SEO Premium plugin. -->","yoast_head_json":{"title":"Les Etats-Unis envisagent de sanctionner un bataillon de l'arm\u00e9e isra\u00e9lienne","description":"Vendredi, les \u00c9tats-Unis ont annonc\u00e9 une nouvelle s\u00e9rie de sanctions li\u00e9es aux colons isra\u00e9liens en Cisjordanie occup\u00e9e, dernier signe de la frustration croissa...","canonical":"https:\/\/www.webdo.tn\/fr\/actualite\/international\/les-etats-unis-envisagent-de-sanctionner-un-bataillon-de-l-armee-israelienne\/213708\/","og_locale":"fr_FR","og_type":"article","og_title":"Les Etats-Unis envisagent de sanctionner un bataillon de l'arm\u00e9e isra\u00e9lienne","og_description":"Vendredi, les \u00c9tats-Unis ont annonc\u00e9 une nouvelle s\u00e9rie de sanctions li\u00e9es aux colons isra\u00e9liens en Cisjordanie occup\u00e9e, dernier signe de la frustration croissa...","og_url":"https:\/\/www.webdo.tn\/fr\/actualite\/international\/les-etats-unis-envisagent-de-sanctionner-un-bataillon-de-l-armee-israelienne\/213708\/","og_site_name":"webdo","article_publisher":"https:\/\/www.facebook.com\/webdotn","article_published_time":"2024-04-22T09:00:00+00:00","article_modified_time":"2025-05-20T22:36:43+00:00","og_image":[{"width":750,"height":400,"url":"https:\/\/www.webdo.tn\/fr\/wp-content\/uploads\/2024\/04\/50620da49fda8932062200cfe848c0dc.webp","type":"image\/webp"}],"author":"CL","twitter_card":"summary_large_image","twitter_creator":"@webdo_tn","twitter_site":"@webdo_tn","twitter_misc":{"\u00c9crit par":"CL","Dur\u00e9e de lecture estim\u00e9e":"1 minute"},"schema":{"@context":"https:\/\/schema.org","@graph":[{"@type":"NewsArticle","@id":"https:\/\/www.webdo.tn\/fr\/actualite\/international\/les-etats-unis-envisagent-de-sanctionner-un-bataillon-de-l-armee-israelienne\/213708\/#article","isPartOf":{"@id":"https:\/\/www.webdo.tn\/fr\/actualite\/international\/les-etats-unis-envisagent-de-sanctionner-un-bataillon-de-l-armee-israelienne\/213708\/"},"author":{"name":"CL","@id":"https:\/\/www.webdo.tn\/fr\/#\/schema\/person\/f35b42a42c5e2511bbd282959d6385cc"},"headline":"Les Etats-Unis envisagent de sanctionner un bataillon de l&rsquo;arm\u00e9e isra\u00e9lienne","datePublished":"2024-04-22T09:00:00+00:00","dateModified":"2025-05-20T22:36:43+00:00","mainEntityOfPage":{"@id":"https:\/\/www.webdo.tn\/fr\/actualite\/international\/les-etats-unis-envisagent-de-sanctionner-un-bataillon-de-l-armee-israelienne\/213708\/"},"wordCount":255,"commentCount":0,"publisher":{"@id":"https:\/\/www.webdo.tn\/fr\/#organization"},"image":{"@id":"https:\/\/www.webdo.tn\/fr\/actualite\/international\/les-etats-unis-envisagent-de-sanctionner-un-bataillon-de-l-armee-israelienne\/213708\/#primaryimage"},"thumbnailUrl":"https:\/\/www.webdo.tn\/fr\/wp-content\/uploads\/2024\/04\/50620da49fda8932062200cfe848c0dc.webp","keywords":["arm\u00e9e","isra\u00ebl","sanctions","USA"],"articleSection":["International"],"inLanguage":"fr-FR"},{"@type":"WebPage","@id":"https:\/\/www.webdo.tn\/fr\/actualite\/international\/les-etats-unis-envisagent-de-sanctionner-un-bataillon-de-l-armee-israelienne\/213708\/","url":"https:\/\/www.webdo.tn\/fr\/actualite\/international\/les-etats-unis-envisagent-de-sanctionner-un-bataillon-de-l-armee-israelienne\/213708\/","name":"Les Etats-Unis envisagent de sanctionner un bataillon de l'arm\u00e9e isra\u00e9lienne","isPartOf":{"@id":"https:\/\/www.webdo.tn\/fr\/#website"},"primaryImageOfPage":{"@id":"https:\/\/www.webdo.tn\/fr\/actualite\/international\/les-etats-unis-envisagent-de-sanctionner-un-bataillon-de-l-armee-israelienne\/213708\/#primaryimage"},"image":{"@id":"https:\/\/www.webdo.tn\/fr\/actualite\/international\/les-etats-unis-envisagent-de-sanctionner-un-bataillon-de-l-armee-israelienne\/213708\/#primaryimage"},"thumbnailUrl":"https:\/\/www.webdo.tn\/fr\/wp-content\/uploads\/2024\/04\/50620da49fda8932062200cfe848c0dc.webp","datePublished":"2024-04-22T09:00:00+00:00","dateModified":"2025-05-20T22:36:43+00:00","description":"Vendredi, les \u00c9tats-Unis ont annonc\u00e9 une nouvelle s\u00e9rie de sanctions li\u00e9es aux colons isra\u00e9liens en Cisjordanie occup\u00e9e, dernier signe de la frustration croissa...","breadcrumb":{"@id":"https:\/\/www.webdo.tn\/fr\/actualite\/international\/les-etats-unis-envisagent-de-sanctionner-un-bataillon-de-l-armee-israelienne\/213708\/#breadcrumb"},"inLanguage":"fr-FR","potentialAction":[{"@type":"ReadAction","target":["https:\/\/www.webdo.tn\/fr\/actualite\/international\/les-etats-unis-envisagent-de-sanctionner-un-bataillon-de-l-armee-israelienne\/213708\/"]}]},{"@type":"ImageObject","inLanguage":"fr-FR","@id":"https:\/\/www.webdo.tn\/fr\/actualite\/international\/les-etats-unis-envisagent-de-sanctionner-un-bataillon-de-l-armee-israelienne\/213708\/#primaryimage","url":"https:\/\/www.webdo.tn\/fr\/wp-content\/uploads\/2024\/04\/50620da49fda8932062200cfe848c0dc.webp","contentUrl":"https:\/\/www.webdo.tn\/fr\/wp-content\/uploads\/2024\/04\/50620da49fda8932062200cfe848c0dc.webp","width":750,"height":400,"caption":"Les Etats-Unis envisagent de sanctionner un bataillon de l'arm\u00e9e isra\u00e9lienne"},{"@type":"BreadcrumbList","@id":"https:\/\/www.webdo.tn\/fr\/actualite\/international\/les-etats-unis-envisagent-de-sanctionner-un-bataillon-de-l-armee-israelienne\/213708\/#breadcrumb","itemListElement":[{"@type":"ListItem","position":1,"name":"Accueil","item":"https:\/\/www.webdo.tn\/fr\/"},{"@type":"ListItem","position":2,"name":"Les Etats-Unis envisagent de sanctionner un bataillon de l&rsquo;arm\u00e9e isra\u00e9lienne"}]},{"@type":"WebSite","@id":"https:\/\/www.webdo.tn\/fr\/#website","url":"https:\/\/www.webdo.tn\/fr\/","name":"webdo","description":"Tunisie - News en Tunisie et \u00e0 l&#039;international sur Webdo.tn","publisher":{"@id":"https:\/\/www.webdo.tn\/fr\/#organization"},"potentialAction":[{"@type":"SearchAction","target":{"@type":"EntryPoint","urlTemplate":"https:\/\/www.webdo.tn\/fr\/?s={search_term_string}"},"query-input":{"@type":"PropertyValueSpecification","valueRequired":true,"valueName":"search_term_string"}}],"inLanguage":"fr-FR"},{"@type":"Organization","@id":"https:\/\/www.webdo.tn\/fr\/#organization","name":"Webdo","alternateName":"Webdo.tn","url":"https:\/\/www.webdo.tn\/fr\/","logo":{"@type":"ImageObject","inLanguage":"fr-FR","@id":"https:\/\/www.webdo.tn\/fr\/#\/schema\/logo\/image\/","url":"https:\/\/www.webdo.tn\/fr\/wp-content\/uploads\/2025\/06\/Webdo-Tunisie_168377.jpg","contentUrl":"https:\/\/www.webdo.tn\/fr\/wp-content\/uploads\/2025\/06\/Webdo-Tunisie_168377.jpg","width":301,"height":301,"caption":"Webdo"},"image":{"@id":"https:\/\/www.webdo.tn\/fr\/#\/schema\/logo\/image\/"},"sameAs":["https:\/\/www.facebook.com\/webdotn","https:\/\/x.com\/webdo_tn"],"description":"Webdo est un m\u00e9dia num\u00e9rique tunisien fond\u00e9 en 2010, sp\u00e9cialis\u00e9 dans l\u2019actualit\u00e9 nationale et internationale, l\u2019\u00e9conomie, la soci\u00e9t\u00e9 et les analyses politiques. Le site s\u2019adresse \u00e0 un large public francophone et couvre l\u2019information tunisienne en temps r\u00e9el.","email":"redac@webdo.tn","legalName":"YNJ SARL","foundingDate":"2010-09-06","numberOfEmployees":{"@type":"QuantitativeValue","minValue":"11","maxValue":"50"}},{"@type":"Person","@id":"https:\/\/www.webdo.tn\/fr\/#\/schema\/person\/f35b42a42c5e2511bbd282959d6385cc","name":"CL","image":{"@type":"ImageObject","inLanguage":"fr-FR","@id":"https:\/\/secure.gravatar.com\/avatar\/1447a49909b67aa657c488aec6512e1dd6143a480c1ecfee9b5b5cd74eb3b59e?s=96&d=mm&r=g","url":"https:\/\/secure.gravatar.com\/avatar\/1447a49909b67aa657c488aec6512e1dd6143a480c1ecfee9b5b5cd74eb3b59e?s=96&d=mm&r=g","contentUrl":"https:\/\/secure.gravatar.com\/avatar\/1447a49909b67aa657c488aec6512e1dd6143a480c1ecfee9b5b5cd74eb3b59e?s=96&d=mm&r=g","caption":"CL"},"url":"https:\/\/www.webdo.tn\/fr\/actualite\/author\/cl\/"}]}},"_links":{"self":[{"href":"https:\/\/www.webdo.tn\/fr\/wp-json\/wp\/v2\/posts\/213708","targetHints":{"allow":["GET"]}}],"collection":[{"href":"https:\/\/www.webdo.tn\/fr\/wp-json\/wp\/v2\/posts"}],"about":[{"href":"https:\/\/www.webdo.tn\/fr\/wp-json\/wp\/v2\/types\/post"}],"author":[{"embeddable":true,"href":"https:\/\/www.webdo.tn\/fr\/wp-json\/wp\/v2\/users\/3175"}],"replies":[{"embeddable":true,"href":"https:\/\/www.webdo.tn\/fr\/wp-json\/wp\/v2\/comments?post=213708"}],"version-history":[{"count":0,"href":"https:\/\/www.webdo.tn\/fr\/wp-json\/wp\/v2\/posts\/213708\/revisions"}],"wp:featuredmedia":[{"embeddable":true,"href":"https:\/\/www.webdo.tn\/fr\/wp-json\/wp\/v2\/media\/247525"}],"wp:attachment":[{"href":"https:\/\/www.webdo.tn\/fr\/wp-json\/wp\/v2\/media?parent=213708"}],"wp:term":[{"taxonomy":"category","embeddable":true,"href":"https:\/\/www.webdo.tn\/fr\/wp-json\/wp\/v2\/categories?post=213708"},{"taxonomy":"post_tag","embeddable":true,"href":"https:\/\/www.webdo.tn\/fr\/wp-json\/wp\/v2\/tags?post=213708"}],"curies":[{"name":"wp","href":"https:\/\/api.w.org\/{rel}","templated":true}]}}