{"id":213702,"date":"2024-04-22T08:05:00","date_gmt":"2024-04-22T08:05:00","guid":{"rendered":"https:\/\/www.webdo.tn\/fr\/blog\/extension-de-l-entree-sud-de-tunis-entree-en-exploitation-du-4eme-troncon-en-septembre-2024\/213702\/"},"modified":"2025-05-20T22:36:46","modified_gmt":"2025-05-20T22:36:46","slug":"extension-de-l-entree-sud-de-tunis-entree-en-exploitation-du-4eme-troncon-en-septembre-2024","status":"publish","type":"post","link":"https:\/\/www.webdo.tn\/fr\/actualite\/national\/extension-de-l-entree-sud-de-tunis-entree-en-exploitation-du-4eme-troncon-en-septembre-2024\/213702\/","title":{"rendered":"Extension de l\u2019entr\u00e9e sud de Tunis : Entr\u00e9e en exploitation du 4\u00e8me tron\u00e7on en septembre 2024"},"content":{"rendered":"<p>Selon Khaled Latrech, directeur des grands travaux au minist\u00e8re de l\u2019\u00c9quipement et de l\u2019Habitat, les travaux d\u2019extension de l\u2019entr\u00e9e Sud, notamment la 4\u00e8me tranche concernant l\u2019\u00e9changeur de Bir El Kassaa \u00e0 Ben Arous, sont actuellement achev\u00e9s \u00e0 plus de 80 %. Cette extension devrait \u00eatre op\u00e9rationnelle d&rsquo;ici septembre 2024.<\/p>\n<p>\t\t\t\t\t\t\t\t\tLatrech a \u00e9galement d\u00e9clar\u00e9 \u00e0 l&rsquo;Agence TAP que le progr\u00e8s dans la r\u00e9alisation des diff\u00e9rentes parties du projet est satisfaisant, avec plus de la moiti\u00e9 des travaux d\u00e9j\u00e0 r\u00e9alis\u00e9s.\u00a0<\/p>\n<p>Pour le 3\u00e8me lot du projet, au niveau de l&rsquo;intersection du Centre de traumatologie et des grands br\u00fbl\u00e9s, le taux d&rsquo;avancement est de 55 %. Quant au 2\u00e8me lot, impliquant l&rsquo;extension de la route au niveau de Lacania, la sortie sud et la connexion entre les municipalit\u00e9s, il d\u00e9passe 46 %.<\/p>\n<p>En ce qui concerne le 1er lot, concernant l\u2019\u00e9largissement des voies du pont de Saint-Gobain, Latrech a indiqu\u00e9 que les travaux ont atteint 10 %. Le 5\u00e8me lot, au niveau du croisement d\u2019El Yehoudia, a connu un l\u00e9ger retard dans le d\u00e9marrage des travaux mais a tout de m\u00eame atteint un taux d\u2019avancement estim\u00e9 \u00e0 30 %.<\/p>\n","protected":false},"excerpt":{"rendered":"<p>Latrech a \u00e9galement d\u00e9clar\u00e9 \u00e0 l&rsquo;Agence TAP que le progr\u00e8s dans la r\u00e9alisation des diff\u00e9rentes parties du projet est satisfaisant, avec plus de la moiti\u00e9 des tra&#8230;<\/p>\n","protected":false},"author":3175,"featured_media":247556,"comment_status":"open","ping_status":"closed","sticky":false,"template":"","format":"standard","meta":{"footnotes":""},"categories":[44],"tags":[3406,2608],"class_list":["post-213702","post","type-post","status-publish","format-standard","has-post-thumbnail","hentry","category-national","tag-projet","tag-tunisie"],"yoast_head":"<!-- This site is optimized with the Yoast SEO Premium plugin v27.5 (Yoast SEO v27.5) - https:\/\/yoast.com\/product\/yoast-seo-premium-wordpress\/ -->\n<title>Extension de l\u2019entr\u00e9e sud de Tunis : Entr\u00e9e en exploitation du 4\u00e8me tron\u00e7on en septembre 2024<\/title>\n<meta name=\"description\" content=\"Latrech a \u00e9galement d\u00e9clar\u00e9 \u00e0 l&#039;Agence TAP que le progr\u00e8s dans la r\u00e9alisation des diff\u00e9rentes parties du projet est satisfaisant, avec plus de la moiti\u00e9 des tra...\" \/>\n<link rel=\"canonical\" href=\"https:\/\/www.webdo.tn\/fr\/actualite\/national\/extension-de-l-entree-sud-de-tunis-entree-en-exploitation-du-4eme-troncon-en-septembre-2024\/213702\/\" \/>\n<meta property=\"og:locale\" content=\"fr_FR\" \/>\n<meta property=\"og:type\" content=\"article\" \/>\n<meta property=\"og:title\" content=\"Extension de l\u2019entr\u00e9e sud de Tunis : Entr\u00e9e en exploitation du 4\u00e8me tron\u00e7on en septembre 2024\" \/>\n<meta property=\"og:description\" content=\"Latrech a \u00e9galement d\u00e9clar\u00e9 \u00e0 l&#039;Agence TAP que le progr\u00e8s dans la r\u00e9alisation des diff\u00e9rentes parties du projet est satisfaisant, avec plus de la moiti\u00e9 des tra...\" \/>\n<meta property=\"og:url\" content=\"https:\/\/www.webdo.tn\/fr\/actualite\/national\/extension-de-l-entree-sud-de-tunis-entree-en-exploitation-du-4eme-troncon-en-septembre-2024\/213702\/\" \/>\n<meta property=\"og:site_name\" content=\"webdo\" \/>\n<meta property=\"article:publisher\" content=\"https:\/\/www.facebook.com\/webdotn\" \/>\n<meta property=\"article:published_time\" content=\"2024-04-22T08:05:00+00:00\" \/>\n<meta property=\"article:modified_time\" content=\"2025-05-20T22:36:46+00:00\" \/>\n<meta property=\"og:image\" content=\"https:\/\/www.webdo.tn\/fr\/wp-content\/uploads\/2024\/04\/b7c60b0da7e7c1097903d271e8de40dd.webp\" \/>\n\t<meta property=\"og:image:width\" content=\"740\" \/>\n\t<meta property=\"og:image:height\" content=\"395\" \/>\n\t<meta property=\"og:image:type\" content=\"image\/webp\" \/>\n<meta name=\"author\" content=\"CL\" \/>\n<meta name=\"twitter:card\" content=\"summary_large_image\" \/>\n<meta name=\"twitter:creator\" content=\"@webdo_tn\" \/>\n<meta name=\"twitter:site\" content=\"@webdo_tn\" \/>\n<meta name=\"twitter:label1\" content=\"\u00c9crit par\" \/>\n\t<meta name=\"twitter:data1\" content=\"CL\" \/>\n\t<meta name=\"twitter:label2\" content=\"Dur\u00e9e de lecture estim\u00e9e\" \/>\n\t<meta name=\"twitter:data2\" content=\"1 minute\" \/>\n<script type=\"application\/ld+json\" class=\"yoast-schema-graph\">{\"@context\":\"https:\\\/\\\/schema.org\",\"@graph\":[{\"@type\":\"NewsArticle\",\"@id\":\"https:\\\/\\\/www.webdo.tn\\\/fr\\\/actualite\\\/national\\\/extension-de-l-entree-sud-de-tunis-entree-en-exploitation-du-4eme-troncon-en-septembre-2024\\\/213702\\\/#article\",\"isPartOf\":{\"@id\":\"https:\\\/\\\/www.webdo.tn\\\/fr\\\/actualite\\\/national\\\/extension-de-l-entree-sud-de-tunis-entree-en-exploitation-du-4eme-troncon-en-septembre-2024\\\/213702\\\/\"},\"author\":{\"name\":\"CL\",\"@id\":\"https:\\\/\\\/www.webdo.tn\\\/fr\\\/#\\\/schema\\\/person\\\/f35b42a42c5e2511bbd282959d6385cc\"},\"headline\":\"Extension de l\u2019entr\u00e9e sud de Tunis : Entr\u00e9e en exploitation du 4\u00e8me tron\u00e7on en septembre 2024\",\"datePublished\":\"2024-04-22T08:05:00+00:00\",\"dateModified\":\"2025-05-20T22:36:46+00:00\",\"mainEntityOfPage\":{\"@id\":\"https:\\\/\\\/www.webdo.tn\\\/fr\\\/actualite\\\/national\\\/extension-de-l-entree-sud-de-tunis-entree-en-exploitation-du-4eme-troncon-en-septembre-2024\\\/213702\\\/\"},\"wordCount\":220,\"commentCount\":0,\"publisher\":{\"@id\":\"https:\\\/\\\/www.webdo.tn\\\/fr\\\/#organization\"},\"image\":{\"@id\":\"https:\\\/\\\/www.webdo.tn\\\/fr\\\/actualite\\\/national\\\/extension-de-l-entree-sud-de-tunis-entree-en-exploitation-du-4eme-troncon-en-septembre-2024\\\/213702\\\/#primaryimage\"},\"thumbnailUrl\":\"https:\\\/\\\/www.webdo.tn\\\/fr\\\/wp-content\\\/uploads\\\/2024\\\/04\\\/b7c60b0da7e7c1097903d271e8de40dd.webp\",\"keywords\":[\"projet\",\"Tunisie\"],\"articleSection\":[\"National\"],\"inLanguage\":\"fr-FR\"},{\"@type\":\"WebPage\",\"@id\":\"https:\\\/\\\/www.webdo.tn\\\/fr\\\/actualite\\\/national\\\/extension-de-l-entree-sud-de-tunis-entree-en-exploitation-du-4eme-troncon-en-septembre-2024\\\/213702\\\/\",\"url\":\"https:\\\/\\\/www.webdo.tn\\\/fr\\\/actualite\\\/national\\\/extension-de-l-entree-sud-de-tunis-entree-en-exploitation-du-4eme-troncon-en-septembre-2024\\\/213702\\\/\",\"name\":\"Extension de l\u2019entr\u00e9e sud de Tunis : Entr\u00e9e en exploitation du 4\u00e8me tron\u00e7on en septembre 2024\",\"isPartOf\":{\"@id\":\"https:\\\/\\\/www.webdo.tn\\\/fr\\\/#website\"},\"primaryImageOfPage\":{\"@id\":\"https:\\\/\\\/www.webdo.tn\\\/fr\\\/actualite\\\/national\\\/extension-de-l-entree-sud-de-tunis-entree-en-exploitation-du-4eme-troncon-en-septembre-2024\\\/213702\\\/#primaryimage\"},\"image\":{\"@id\":\"https:\\\/\\\/www.webdo.tn\\\/fr\\\/actualite\\\/national\\\/extension-de-l-entree-sud-de-tunis-entree-en-exploitation-du-4eme-troncon-en-septembre-2024\\\/213702\\\/#primaryimage\"},\"thumbnailUrl\":\"https:\\\/\\\/www.webdo.tn\\\/fr\\\/wp-content\\\/uploads\\\/2024\\\/04\\\/b7c60b0da7e7c1097903d271e8de40dd.webp\",\"datePublished\":\"2024-04-22T08:05:00+00:00\",\"dateModified\":\"2025-05-20T22:36:46+00:00\",\"description\":\"Latrech a \u00e9galement d\u00e9clar\u00e9 \u00e0 l'Agence TAP que le progr\u00e8s dans la r\u00e9alisation des diff\u00e9rentes parties du projet est satisfaisant, avec plus de la moiti\u00e9 des tra...\",\"breadcrumb\":{\"@id\":\"https:\\\/\\\/www.webdo.tn\\\/fr\\\/actualite\\\/national\\\/extension-de-l-entree-sud-de-tunis-entree-en-exploitation-du-4eme-troncon-en-septembre-2024\\\/213702\\\/#breadcrumb\"},\"inLanguage\":\"fr-FR\",\"potentialAction\":[{\"@type\":\"ReadAction\",\"target\":[\"https:\\\/\\\/www.webdo.tn\\\/fr\\\/actualite\\\/national\\\/extension-de-l-entree-sud-de-tunis-entree-en-exploitation-du-4eme-troncon-en-septembre-2024\\\/213702\\\/\"]}]},{\"@type\":\"ImageObject\",\"inLanguage\":\"fr-FR\",\"@id\":\"https:\\\/\\\/www.webdo.tn\\\/fr\\\/actualite\\\/national\\\/extension-de-l-entree-sud-de-tunis-entree-en-exploitation-du-4eme-troncon-en-septembre-2024\\\/213702\\\/#primaryimage\",\"url\":\"https:\\\/\\\/www.webdo.tn\\\/fr\\\/wp-content\\\/uploads\\\/2024\\\/04\\\/b7c60b0da7e7c1097903d271e8de40dd.webp\",\"contentUrl\":\"https:\\\/\\\/www.webdo.tn\\\/fr\\\/wp-content\\\/uploads\\\/2024\\\/04\\\/b7c60b0da7e7c1097903d271e8de40dd.webp\",\"width\":740,\"height\":395,\"caption\":\"Extension de l\u2019entr\u00e9e sud de Tunis : Entr\u00e9e en exploitation du 4\u00e8me tron\u00e7on en septembre 2024\"},{\"@type\":\"BreadcrumbList\",\"@id\":\"https:\\\/\\\/www.webdo.tn\\\/fr\\\/actualite\\\/national\\\/extension-de-l-entree-sud-de-tunis-entree-en-exploitation-du-4eme-troncon-en-septembre-2024\\\/213702\\\/#breadcrumb\",\"itemListElement\":[{\"@type\":\"ListItem\",\"position\":1,\"name\":\"Accueil\",\"item\":\"https:\\\/\\\/www.webdo.tn\\\/fr\\\/\"},{\"@type\":\"ListItem\",\"position\":2,\"name\":\"Extension de l\u2019entr\u00e9e sud de Tunis : Entr\u00e9e en exploitation du 4\u00e8me tron\u00e7on en septembre 2024\"}]},{\"@type\":\"WebSite\",\"@id\":\"https:\\\/\\\/www.webdo.tn\\\/fr\\\/#website\",\"url\":\"https:\\\/\\\/www.webdo.tn\\\/fr\\\/\",\"name\":\"webdo\",\"description\":\"Tunisie - News en Tunisie et \u00e0 l&#039;international sur Webdo.tn\",\"publisher\":{\"@id\":\"https:\\\/\\\/www.webdo.tn\\\/fr\\\/#organization\"},\"potentialAction\":[{\"@type\":\"SearchAction\",\"target\":{\"@type\":\"EntryPoint\",\"urlTemplate\":\"https:\\\/\\\/www.webdo.tn\\\/fr\\\/?s={search_term_string}\"},\"query-input\":{\"@type\":\"PropertyValueSpecification\",\"valueRequired\":true,\"valueName\":\"search_term_string\"}}],\"inLanguage\":\"fr-FR\"},{\"@type\":\"Organization\",\"@id\":\"https:\\\/\\\/www.webdo.tn\\\/fr\\\/#organization\",\"name\":\"Webdo\",\"alternateName\":\"Webdo.tn\",\"url\":\"https:\\\/\\\/www.webdo.tn\\\/fr\\\/\",\"logo\":{\"@type\":\"ImageObject\",\"inLanguage\":\"fr-FR\",\"@id\":\"https:\\\/\\\/www.webdo.tn\\\/fr\\\/#\\\/schema\\\/logo\\\/image\\\/\",\"url\":\"https:\\\/\\\/www.webdo.tn\\\/fr\\\/wp-content\\\/uploads\\\/2025\\\/06\\\/Webdo-Tunisie_168377.jpg\",\"contentUrl\":\"https:\\\/\\\/www.webdo.tn\\\/fr\\\/wp-content\\\/uploads\\\/2025\\\/06\\\/Webdo-Tunisie_168377.jpg\",\"width\":301,\"height\":301,\"caption\":\"Webdo\"},\"image\":{\"@id\":\"https:\\\/\\\/www.webdo.tn\\\/fr\\\/#\\\/schema\\\/logo\\\/image\\\/\"},\"sameAs\":[\"https:\\\/\\\/www.facebook.com\\\/webdotn\",\"https:\\\/\\\/x.com\\\/webdo_tn\"],\"description\":\"Webdo est un m\u00e9dia num\u00e9rique tunisien fond\u00e9 en 2010, sp\u00e9cialis\u00e9 dans l\u2019actualit\u00e9 nationale et internationale, l\u2019\u00e9conomie, la soci\u00e9t\u00e9 et les analyses politiques. Le site s\u2019adresse \u00e0 un large public francophone et couvre l\u2019information tunisienne en temps r\u00e9el.\",\"email\":\"redac@webdo.tn\",\"legalName\":\"YNJ SARL\",\"foundingDate\":\"2010-09-06\",\"numberOfEmployees\":{\"@type\":\"QuantitativeValue\",\"minValue\":\"11\",\"maxValue\":\"50\"}},{\"@type\":\"Person\",\"@id\":\"https:\\\/\\\/www.webdo.tn\\\/fr\\\/#\\\/schema\\\/person\\\/f35b42a42c5e2511bbd282959d6385cc\",\"name\":\"CL\",\"image\":{\"@type\":\"ImageObject\",\"inLanguage\":\"fr-FR\",\"@id\":\"https:\\\/\\\/secure.gravatar.com\\\/avatar\\\/1447a49909b67aa657c488aec6512e1dd6143a480c1ecfee9b5b5cd74eb3b59e?s=96&d=mm&r=g\",\"url\":\"https:\\\/\\\/secure.gravatar.com\\\/avatar\\\/1447a49909b67aa657c488aec6512e1dd6143a480c1ecfee9b5b5cd74eb3b59e?s=96&d=mm&r=g\",\"contentUrl\":\"https:\\\/\\\/secure.gravatar.com\\\/avatar\\\/1447a49909b67aa657c488aec6512e1dd6143a480c1ecfee9b5b5cd74eb3b59e?s=96&d=mm&r=g\",\"caption\":\"CL\"},\"url\":\"https:\\\/\\\/www.webdo.tn\\\/fr\\\/actualite\\\/author\\\/cl\\\/\"}]}<\/script>\n<!-- \/ Yoast SEO Premium plugin. -->","yoast_head_json":{"title":"Extension de l\u2019entr\u00e9e sud de Tunis : Entr\u00e9e en exploitation du 4\u00e8me tron\u00e7on en septembre 2024","description":"Latrech a \u00e9galement d\u00e9clar\u00e9 \u00e0 l'Agence TAP que le progr\u00e8s dans la r\u00e9alisation des diff\u00e9rentes parties du projet est satisfaisant, avec plus de la moiti\u00e9 des tra...","canonical":"https:\/\/www.webdo.tn\/fr\/actualite\/national\/extension-de-l-entree-sud-de-tunis-entree-en-exploitation-du-4eme-troncon-en-septembre-2024\/213702\/","og_locale":"fr_FR","og_type":"article","og_title":"Extension de l\u2019entr\u00e9e sud de Tunis : Entr\u00e9e en exploitation du 4\u00e8me tron\u00e7on en septembre 2024","og_description":"Latrech a \u00e9galement d\u00e9clar\u00e9 \u00e0 l'Agence TAP que le progr\u00e8s dans la r\u00e9alisation des diff\u00e9rentes parties du projet est satisfaisant, avec plus de la moiti\u00e9 des tra...","og_url":"https:\/\/www.webdo.tn\/fr\/actualite\/national\/extension-de-l-entree-sud-de-tunis-entree-en-exploitation-du-4eme-troncon-en-septembre-2024\/213702\/","og_site_name":"webdo","article_publisher":"https:\/\/www.facebook.com\/webdotn","article_published_time":"2024-04-22T08:05:00+00:00","article_modified_time":"2025-05-20T22:36:46+00:00","og_image":[{"width":740,"height":395,"url":"https:\/\/www.webdo.tn\/fr\/wp-content\/uploads\/2024\/04\/b7c60b0da7e7c1097903d271e8de40dd.webp","type":"image\/webp"}],"author":"CL","twitter_card":"summary_large_image","twitter_creator":"@webdo_tn","twitter_site":"@webdo_tn","twitter_misc":{"\u00c9crit par":"CL","Dur\u00e9e de lecture estim\u00e9e":"1 minute"},"schema":{"@context":"https:\/\/schema.org","@graph":[{"@type":"NewsArticle","@id":"https:\/\/www.webdo.tn\/fr\/actualite\/national\/extension-de-l-entree-sud-de-tunis-entree-en-exploitation-du-4eme-troncon-en-septembre-2024\/213702\/#article","isPartOf":{"@id":"https:\/\/www.webdo.tn\/fr\/actualite\/national\/extension-de-l-entree-sud-de-tunis-entree-en-exploitation-du-4eme-troncon-en-septembre-2024\/213702\/"},"author":{"name":"CL","@id":"https:\/\/www.webdo.tn\/fr\/#\/schema\/person\/f35b42a42c5e2511bbd282959d6385cc"},"headline":"Extension de l\u2019entr\u00e9e sud de Tunis : Entr\u00e9e en exploitation du 4\u00e8me tron\u00e7on en septembre 2024","datePublished":"2024-04-22T08:05:00+00:00","dateModified":"2025-05-20T22:36:46+00:00","mainEntityOfPage":{"@id":"https:\/\/www.webdo.tn\/fr\/actualite\/national\/extension-de-l-entree-sud-de-tunis-entree-en-exploitation-du-4eme-troncon-en-septembre-2024\/213702\/"},"wordCount":220,"commentCount":0,"publisher":{"@id":"https:\/\/www.webdo.tn\/fr\/#organization"},"image":{"@id":"https:\/\/www.webdo.tn\/fr\/actualite\/national\/extension-de-l-entree-sud-de-tunis-entree-en-exploitation-du-4eme-troncon-en-septembre-2024\/213702\/#primaryimage"},"thumbnailUrl":"https:\/\/www.webdo.tn\/fr\/wp-content\/uploads\/2024\/04\/b7c60b0da7e7c1097903d271e8de40dd.webp","keywords":["projet","Tunisie"],"articleSection":["National"],"inLanguage":"fr-FR"},{"@type":"WebPage","@id":"https:\/\/www.webdo.tn\/fr\/actualite\/national\/extension-de-l-entree-sud-de-tunis-entree-en-exploitation-du-4eme-troncon-en-septembre-2024\/213702\/","url":"https:\/\/www.webdo.tn\/fr\/actualite\/national\/extension-de-l-entree-sud-de-tunis-entree-en-exploitation-du-4eme-troncon-en-septembre-2024\/213702\/","name":"Extension de l\u2019entr\u00e9e sud de Tunis : Entr\u00e9e en exploitation du 4\u00e8me tron\u00e7on en septembre 2024","isPartOf":{"@id":"https:\/\/www.webdo.tn\/fr\/#website"},"primaryImageOfPage":{"@id":"https:\/\/www.webdo.tn\/fr\/actualite\/national\/extension-de-l-entree-sud-de-tunis-entree-en-exploitation-du-4eme-troncon-en-septembre-2024\/213702\/#primaryimage"},"image":{"@id":"https:\/\/www.webdo.tn\/fr\/actualite\/national\/extension-de-l-entree-sud-de-tunis-entree-en-exploitation-du-4eme-troncon-en-septembre-2024\/213702\/#primaryimage"},"thumbnailUrl":"https:\/\/www.webdo.tn\/fr\/wp-content\/uploads\/2024\/04\/b7c60b0da7e7c1097903d271e8de40dd.webp","datePublished":"2024-04-22T08:05:00+00:00","dateModified":"2025-05-20T22:36:46+00:00","description":"Latrech a \u00e9galement d\u00e9clar\u00e9 \u00e0 l'Agence TAP que le progr\u00e8s dans la r\u00e9alisation des diff\u00e9rentes parties du projet est satisfaisant, avec plus de la moiti\u00e9 des tra...","breadcrumb":{"@id":"https:\/\/www.webdo.tn\/fr\/actualite\/national\/extension-de-l-entree-sud-de-tunis-entree-en-exploitation-du-4eme-troncon-en-septembre-2024\/213702\/#breadcrumb"},"inLanguage":"fr-FR","potentialAction":[{"@type":"ReadAction","target":["https:\/\/www.webdo.tn\/fr\/actualite\/national\/extension-de-l-entree-sud-de-tunis-entree-en-exploitation-du-4eme-troncon-en-septembre-2024\/213702\/"]}]},{"@type":"ImageObject","inLanguage":"fr-FR","@id":"https:\/\/www.webdo.tn\/fr\/actualite\/national\/extension-de-l-entree-sud-de-tunis-entree-en-exploitation-du-4eme-troncon-en-septembre-2024\/213702\/#primaryimage","url":"https:\/\/www.webdo.tn\/fr\/wp-content\/uploads\/2024\/04\/b7c60b0da7e7c1097903d271e8de40dd.webp","contentUrl":"https:\/\/www.webdo.tn\/fr\/wp-content\/uploads\/2024\/04\/b7c60b0da7e7c1097903d271e8de40dd.webp","width":740,"height":395,"caption":"Extension de l\u2019entr\u00e9e sud de Tunis : Entr\u00e9e en exploitation du 4\u00e8me tron\u00e7on en septembre 2024"},{"@type":"BreadcrumbList","@id":"https:\/\/www.webdo.tn\/fr\/actualite\/national\/extension-de-l-entree-sud-de-tunis-entree-en-exploitation-du-4eme-troncon-en-septembre-2024\/213702\/#breadcrumb","itemListElement":[{"@type":"ListItem","position":1,"name":"Accueil","item":"https:\/\/www.webdo.tn\/fr\/"},{"@type":"ListItem","position":2,"name":"Extension de l\u2019entr\u00e9e sud de Tunis : Entr\u00e9e en exploitation du 4\u00e8me tron\u00e7on en septembre 2024"}]},{"@type":"WebSite","@id":"https:\/\/www.webdo.tn\/fr\/#website","url":"https:\/\/www.webdo.tn\/fr\/","name":"webdo","description":"Tunisie - News en Tunisie et \u00e0 l&#039;international sur Webdo.tn","publisher":{"@id":"https:\/\/www.webdo.tn\/fr\/#organization"},"potentialAction":[{"@type":"SearchAction","target":{"@type":"EntryPoint","urlTemplate":"https:\/\/www.webdo.tn\/fr\/?s={search_term_string}"},"query-input":{"@type":"PropertyValueSpecification","valueRequired":true,"valueName":"search_term_string"}}],"inLanguage":"fr-FR"},{"@type":"Organization","@id":"https:\/\/www.webdo.tn\/fr\/#organization","name":"Webdo","alternateName":"Webdo.tn","url":"https:\/\/www.webdo.tn\/fr\/","logo":{"@type":"ImageObject","inLanguage":"fr-FR","@id":"https:\/\/www.webdo.tn\/fr\/#\/schema\/logo\/image\/","url":"https:\/\/www.webdo.tn\/fr\/wp-content\/uploads\/2025\/06\/Webdo-Tunisie_168377.jpg","contentUrl":"https:\/\/www.webdo.tn\/fr\/wp-content\/uploads\/2025\/06\/Webdo-Tunisie_168377.jpg","width":301,"height":301,"caption":"Webdo"},"image":{"@id":"https:\/\/www.webdo.tn\/fr\/#\/schema\/logo\/image\/"},"sameAs":["https:\/\/www.facebook.com\/webdotn","https:\/\/x.com\/webdo_tn"],"description":"Webdo est un m\u00e9dia num\u00e9rique tunisien fond\u00e9 en 2010, sp\u00e9cialis\u00e9 dans l\u2019actualit\u00e9 nationale et internationale, l\u2019\u00e9conomie, la soci\u00e9t\u00e9 et les analyses politiques. Le site s\u2019adresse \u00e0 un large public francophone et couvre l\u2019information tunisienne en temps r\u00e9el.","email":"redac@webdo.tn","legalName":"YNJ SARL","foundingDate":"2010-09-06","numberOfEmployees":{"@type":"QuantitativeValue","minValue":"11","maxValue":"50"}},{"@type":"Person","@id":"https:\/\/www.webdo.tn\/fr\/#\/schema\/person\/f35b42a42c5e2511bbd282959d6385cc","name":"CL","image":{"@type":"ImageObject","inLanguage":"fr-FR","@id":"https:\/\/secure.gravatar.com\/avatar\/1447a49909b67aa657c488aec6512e1dd6143a480c1ecfee9b5b5cd74eb3b59e?s=96&d=mm&r=g","url":"https:\/\/secure.gravatar.com\/avatar\/1447a49909b67aa657c488aec6512e1dd6143a480c1ecfee9b5b5cd74eb3b59e?s=96&d=mm&r=g","contentUrl":"https:\/\/secure.gravatar.com\/avatar\/1447a49909b67aa657c488aec6512e1dd6143a480c1ecfee9b5b5cd74eb3b59e?s=96&d=mm&r=g","caption":"CL"},"url":"https:\/\/www.webdo.tn\/fr\/actualite\/author\/cl\/"}]}},"_links":{"self":[{"href":"https:\/\/www.webdo.tn\/fr\/wp-json\/wp\/v2\/posts\/213702","targetHints":{"allow":["GET"]}}],"collection":[{"href":"https:\/\/www.webdo.tn\/fr\/wp-json\/wp\/v2\/posts"}],"about":[{"href":"https:\/\/www.webdo.tn\/fr\/wp-json\/wp\/v2\/types\/post"}],"author":[{"embeddable":true,"href":"https:\/\/www.webdo.tn\/fr\/wp-json\/wp\/v2\/users\/3175"}],"replies":[{"embeddable":true,"href":"https:\/\/www.webdo.tn\/fr\/wp-json\/wp\/v2\/comments?post=213702"}],"version-history":[{"count":0,"href":"https:\/\/www.webdo.tn\/fr\/wp-json\/wp\/v2\/posts\/213702\/revisions"}],"wp:featuredmedia":[{"embeddable":true,"href":"https:\/\/www.webdo.tn\/fr\/wp-json\/wp\/v2\/media\/247556"}],"wp:attachment":[{"href":"https:\/\/www.webdo.tn\/fr\/wp-json\/wp\/v2\/media?parent=213702"}],"wp:term":[{"taxonomy":"category","embeddable":true,"href":"https:\/\/www.webdo.tn\/fr\/wp-json\/wp\/v2\/categories?post=213702"},{"taxonomy":"post_tag","embeddable":true,"href":"https:\/\/www.webdo.tn\/fr\/wp-json\/wp\/v2\/tags?post=213702"}],"curies":[{"name":"wp","href":"https:\/\/api.w.org\/{rel}","templated":true}]}}