{"id":213701,"date":"2024-04-21T21:27:00","date_gmt":"2024-04-21T21:27:00","guid":{"rendered":"https:\/\/www.webdo.tn\/fr\/blog\/cannes-2024-le-studio-ghibli-palme-d-or-d-honneur\/213701\/"},"modified":"2025-05-21T08:56:00","modified_gmt":"2025-05-21T08:56:00","slug":"cannes-2024-le-studio-ghibli-palme-d-or-d-honneur","status":"publish","type":"post","link":"https:\/\/www.webdo.tn\/fr\/actualite\/culture\/cannes-2024-le-studio-ghibli-palme-d-or-d-honneur\/213701\/","title":{"rendered":"Cannes 2024 &#8211; Le Studio Ghibli, Palme d&rsquo;or d&rsquo;honneur"},"content":{"rendered":"<div class=\"single-body entry-content typography-copy\" itemprop=\"articleBody\">\n<p style=\"font-weight: bold; text-align: justify\">\n\t\t\t\t\t\t\t\t\tCannes 2024 &#8211; Le Studio Ghibli, Palme d&rsquo;or d&rsquo;honneur\n\t\t\t\t\t\t\t\t<\/p>\n<div class=\"coprs\" style=\"text-align: center\"><\/div>\n<div class=\"coprs\" style=\"text-align: justify\">\n<p><span><span>Le 77e Festival de Cannes, rendez-vous incontournable du cin\u00e9ma mondial, annonce une reconnaissance historique en honorant une institution l\u00e9gendaire : le Studio Ghibli. Pour la premi\u00e8re fois de son illustre histoire, la Palme d\u2019or d\u2019honneur devient un prix collectif, d\u00e9cern\u00e9 \u00e0 ce bastion de l&rsquo;animation japonaise qui a marqu\u00e9 quatre d\u00e9cennies de cr\u00e9ation cin\u00e9matographique.<\/span><\/span><\/p>\n<p><span><span>Fond\u00e9 il y a quarante ans par Hayao Miyazaki, Isao Takahata et Toshio Suzuki, le Studio Ghibli s&rsquo;est rapidement impos\u00e9 comme une r\u00e9f\u00e9rence incontournable, offrant des films d\u2019animation aussi captivants pour les enfants que pour les adultes. Toshio Suzuki, co-fondateur du Studio Ghibli, exprime sa gratitude en d\u00e9clarant : \u00ab <em>Je suis vraiment honor\u00e9 et heureux que le studio re\u00e7oive la Palme d&rsquo;or d&rsquo;honneur. Il y a quarante ans, nous avons cr\u00e9\u00e9 le Studio Ghibli avec le d\u00e9sir de proposer des films d\u2019animation de haut niveau et de grande qualit\u00e9. Aujourd&rsquo;hui, nous sommes ravis de constater que nos films touchent un public mondial, et que notre univers est explor\u00e9 au mus\u00e9e Ghibli \u00e0 Mitaka et au parc Ghibli.<\/em> \u00bb<\/span><\/span><\/p>\n<p><span><span>Le Festival de Cannes, par la voix de sa Pr\u00e9sidente, Iris Knobloch, et de son D\u00e9l\u00e9gu\u00e9 g\u00e9n\u00e9ral, Thierry Fr\u00e9maux, c\u00e9l\u00e8bre ainsi une institution embl\u00e9matique du cin\u00e9ma. \u00ab <em>Avec Ghibli, le cin\u00e9ma d\u2019animation japonais se vit comme l\u2019une des grandes aventures de la cin\u00e9philie, entre tradition et modernit\u00e9<\/em> \u00bb, d\u00e9clarent-ils, soulignant l&rsquo;importance de cette reconnaissance pour un genre longtemps sous-estim\u00e9.<\/span><\/span><\/p>\n<p><span><span>L&rsquo;histoire du cin\u00e9ma d&rsquo;animation \u00e0 Cannes remonte aux premi\u00e8res ann\u00e9es du festival, avec la pr\u00e9sentation de courts m\u00e9trages Disney d\u00e8s 1946 et la projection de <em>Dumbo<\/em> en 1947. Depuis lors, l&rsquo;animation a connu des hauts et des bas sur la Croisette, avec des succ\u00e8s tels que <em>Shrek<\/em> et <em>Ghost in the Shell 2: Innocence<\/em>, mais aussi des \u0153uvres plus intimistes comme <em>Persepolis<\/em> et <em>La Tortue Rouge<\/em>, cette derni\u00e8re marquant la premi\u00e8re collaboration des studios Ghibli avec une production europ\u00e9enne, pr\u00e9sent\u00e9e dans la section Un Certain Regard en 2016.<\/span><\/span><\/p>\n<p><span><span>Le Studio Ghibli a su conqu\u00e9rir le c\u0153ur du public d\u00e8s ses d\u00e9buts, avec des \u0153uvres embl\u00e9matiques telles que <em>Mon voisin Totoro<\/em> et <em>Le Tombeau des lucioles<\/em>, sortis simultan\u00e9ment en 1988. En quatre d\u00e9cennies, le studio a produit plus d&rsquo;une vingtaine de longs m\u00e9trages, explorant des th\u00e8mes allant de la nature \u00e0 la condition humaine, en passant par la po\u00e9sie et l&rsquo;aventure.<\/span><\/span><\/p>\n<p><span><span>Les r\u00e9alisations du Studio Ghibli ont re\u00e7u de nombreuses r\u00e9compenses, dont l&rsquo;Ours d&rsquo;or et l&rsquo;Oscar du meilleur film d&rsquo;animation pour <em>Le Voyage de Chihiro<\/em>. Ces films ont \u00e9galement marqu\u00e9 les esprits des cin\u00e9philes \u00e0 travers le monde, devenant des r\u00e9f\u00e9rences incontournables pour les animateurs et les amateurs de cin\u00e9ma.<\/span><\/span><\/p>\n<p><span><span>En reconnaissance de son influence majeure sur le cin\u00e9ma d&rsquo;animation, le Studio Ghibli voit son univers c\u00e9l\u00e9br\u00e9 au-del\u00e0 de l&rsquo;\u00e9cran, avec l&rsquo;ouverture du Mus\u00e9e Ghibli \u00e0 Mitaka en 2001 et du Ghibli Park en 2022, offrant aux visiteurs la possibilit\u00e9 de plonger dans les d\u00e9cors de leurs films pr\u00e9f\u00e9r\u00e9s.<\/span><\/span><\/p>\n<p><span><span>Le 77e Festival de Cannes, pr\u00e9vu du 14 au 25 mai 2024, marque ainsi un tournant dans l&rsquo;histoire de l&rsquo;animation en honorant le Studio Ghibli, dont l&rsquo;\u0153uvre continue d&rsquo;inspirer et de captiver les spectateurs du monde entier.<\/span><\/span><\/p>\n<p><span><span><strong><span>Ne\u00efla Driss<\/span><\/strong><\/span><\/span><\/p>\n<p><img decoding=\"async\" alt=\"\" height=\"320\" src=\"\/assets\/uploads\/images\/\/Neila\/CANNES%202024_SIGNATURES_WEB_800X160_1.jpeg\" width=\"1600\"><\/p>\n<p>\u00a0<\/p>\n<\/p><\/div>\n<div class=\"coprs\" style=\"text-align: center\"><\/div><\/div>\n","protected":false},"excerpt":{"rendered":"<p>Cannes 2024 &#8211; Le Studio Ghibli, Palme d&rsquo;or d&rsquo;honneur<\/p>\n","protected":false},"author":3164,"featured_media":247554,"comment_status":"open","ping_status":"closed","sticky":false,"template":"","format":"standard","meta":{"footnotes":""},"categories":[2594],"tags":[4180,2626,2628,2627,6564],"class_list":["post-213701","post","type-post","status-publish","format-standard","has-post-thumbnail","hentry","category-culture","tag-cannes-2024","tag-cinema","tag-festival","tag-festival-de-cannes","tag-palme-dor-dhonneur"],"yoast_head":"<!-- This site is optimized with the Yoast SEO Premium plugin v27.5 (Yoast SEO v27.5) - https:\/\/yoast.com\/product\/yoast-seo-premium-wordpress\/ -->\n<title>Cannes 2024 - Le Studio Ghibli, Palme d&#039;or d&#039;honneur<\/title>\n<meta name=\"description\" content=\"Cannes 2024 - Le Studio Ghibli, Palme d&#039;or d&#039;honneur\" \/>\n<link rel=\"canonical\" href=\"https:\/\/www.webdo.tn\/fr\/actualite\/culture\/cannes-2024-le-studio-ghibli-palme-d-or-d-honneur\/213701\/\" \/>\n<meta property=\"og:locale\" content=\"fr_FR\" \/>\n<meta property=\"og:type\" content=\"article\" \/>\n<meta property=\"og:title\" content=\"Cannes 2024 - Le Studio Ghibli, Palme d&#039;or d&#039;honneur\" \/>\n<meta property=\"og:description\" content=\"Cannes 2024 - Le Studio Ghibli, Palme d&#039;or d&#039;honneur\" \/>\n<meta property=\"og:url\" content=\"https:\/\/www.webdo.tn\/fr\/actualite\/culture\/cannes-2024-le-studio-ghibli-palme-d-or-d-honneur\/213701\/\" \/>\n<meta property=\"og:site_name\" content=\"webdo\" \/>\n<meta property=\"article:publisher\" content=\"https:\/\/www.facebook.com\/webdotn\" \/>\n<meta property=\"article:author\" content=\"https:\/\/www.facebook.com\/massir.destiniii\/\" \/>\n<meta property=\"article:published_time\" content=\"2024-04-21T21:27:00+00:00\" \/>\n<meta property=\"article:modified_time\" content=\"2025-05-21T08:56:00+00:00\" \/>\n<meta property=\"og:image\" content=\"https:\/\/www.webdo.tn\/fr\/wp-content\/uploads\/2024\/04\/2132d60ea3a988c3d93b7296544408e9.webp\" \/>\n\t<meta property=\"og:image:width\" content=\"750\" \/>\n\t<meta property=\"og:image:height\" content=\"400\" \/>\n\t<meta property=\"og:image:type\" content=\"image\/webp\" \/>\n<meta name=\"author\" content=\"Ne\u00efla DRISS\" \/>\n<meta name=\"twitter:card\" content=\"summary_large_image\" \/>\n<meta name=\"twitter:creator\" content=\"@https:\/\/x.com\/MassirDestin\" \/>\n<meta name=\"twitter:site\" content=\"@webdo_tn\" \/>\n<meta name=\"twitter:label1\" content=\"\u00c9crit par\" \/>\n\t<meta name=\"twitter:data1\" content=\"Ne\u00efla DRISS\" \/>\n\t<meta name=\"twitter:label2\" content=\"Dur\u00e9e de lecture estim\u00e9e\" \/>\n\t<meta name=\"twitter:data2\" content=\"3 minutes\" \/>\n<script type=\"application\/ld+json\" class=\"yoast-schema-graph\">{\"@context\":\"https:\\\/\\\/schema.org\",\"@graph\":[{\"@type\":\"NewsArticle\",\"@id\":\"https:\\\/\\\/www.webdo.tn\\\/fr\\\/actualite\\\/culture\\\/cannes-2024-le-studio-ghibli-palme-d-or-d-honneur\\\/213701\\\/#article\",\"isPartOf\":{\"@id\":\"https:\\\/\\\/www.webdo.tn\\\/fr\\\/actualite\\\/culture\\\/cannes-2024-le-studio-ghibli-palme-d-or-d-honneur\\\/213701\\\/\"},\"author\":{\"name\":\"Ne\u00efla DRISS\",\"@id\":\"https:\\\/\\\/www.webdo.tn\\\/fr\\\/#\\\/schema\\\/person\\\/60d5ba619ed3f58783b0dc82b7dada80\"},\"headline\":\"Cannes 2024 &#8211; Le Studio Ghibli, Palme d&rsquo;or d&rsquo;honneur\",\"datePublished\":\"2024-04-21T21:27:00+00:00\",\"dateModified\":\"2025-05-21T08:56:00+00:00\",\"mainEntityOfPage\":{\"@id\":\"https:\\\/\\\/www.webdo.tn\\\/fr\\\/actualite\\\/culture\\\/cannes-2024-le-studio-ghibli-palme-d-or-d-honneur\\\/213701\\\/\"},\"wordCount\":610,\"commentCount\":0,\"publisher\":{\"@id\":\"https:\\\/\\\/www.webdo.tn\\\/fr\\\/#organization\"},\"image\":{\"@id\":\"https:\\\/\\\/www.webdo.tn\\\/fr\\\/actualite\\\/culture\\\/cannes-2024-le-studio-ghibli-palme-d-or-d-honneur\\\/213701\\\/#primaryimage\"},\"thumbnailUrl\":\"https:\\\/\\\/www.webdo.tn\\\/fr\\\/wp-content\\\/uploads\\\/2024\\\/04\\\/2132d60ea3a988c3d93b7296544408e9.webp\",\"keywords\":[\"Cannes 2024\",\"Cin\u00e9ma\",\"Festival\",\"Festival de Cannes\",\"Palme d'Or d'honneur\"],\"articleSection\":[\"Culture\"],\"inLanguage\":\"fr-FR\"},{\"@type\":\"WebPage\",\"@id\":\"https:\\\/\\\/www.webdo.tn\\\/fr\\\/actualite\\\/culture\\\/cannes-2024-le-studio-ghibli-palme-d-or-d-honneur\\\/213701\\\/\",\"url\":\"https:\\\/\\\/www.webdo.tn\\\/fr\\\/actualite\\\/culture\\\/cannes-2024-le-studio-ghibli-palme-d-or-d-honneur\\\/213701\\\/\",\"name\":\"Cannes 2024 - Le Studio Ghibli, Palme d'or d'honneur\",\"isPartOf\":{\"@id\":\"https:\\\/\\\/www.webdo.tn\\\/fr\\\/#website\"},\"primaryImageOfPage\":{\"@id\":\"https:\\\/\\\/www.webdo.tn\\\/fr\\\/actualite\\\/culture\\\/cannes-2024-le-studio-ghibli-palme-d-or-d-honneur\\\/213701\\\/#primaryimage\"},\"image\":{\"@id\":\"https:\\\/\\\/www.webdo.tn\\\/fr\\\/actualite\\\/culture\\\/cannes-2024-le-studio-ghibli-palme-d-or-d-honneur\\\/213701\\\/#primaryimage\"},\"thumbnailUrl\":\"https:\\\/\\\/www.webdo.tn\\\/fr\\\/wp-content\\\/uploads\\\/2024\\\/04\\\/2132d60ea3a988c3d93b7296544408e9.webp\",\"datePublished\":\"2024-04-21T21:27:00+00:00\",\"dateModified\":\"2025-05-21T08:56:00+00:00\",\"description\":\"Cannes 2024 - Le Studio Ghibli, Palme d'or d'honneur\",\"breadcrumb\":{\"@id\":\"https:\\\/\\\/www.webdo.tn\\\/fr\\\/actualite\\\/culture\\\/cannes-2024-le-studio-ghibli-palme-d-or-d-honneur\\\/213701\\\/#breadcrumb\"},\"inLanguage\":\"fr-FR\",\"potentialAction\":[{\"@type\":\"ReadAction\",\"target\":[\"https:\\\/\\\/www.webdo.tn\\\/fr\\\/actualite\\\/culture\\\/cannes-2024-le-studio-ghibli-palme-d-or-d-honneur\\\/213701\\\/\"]}]},{\"@type\":\"ImageObject\",\"inLanguage\":\"fr-FR\",\"@id\":\"https:\\\/\\\/www.webdo.tn\\\/fr\\\/actualite\\\/culture\\\/cannes-2024-le-studio-ghibli-palme-d-or-d-honneur\\\/213701\\\/#primaryimage\",\"url\":\"https:\\\/\\\/www.webdo.tn\\\/fr\\\/wp-content\\\/uploads\\\/2024\\\/04\\\/2132d60ea3a988c3d93b7296544408e9.webp\",\"contentUrl\":\"https:\\\/\\\/www.webdo.tn\\\/fr\\\/wp-content\\\/uploads\\\/2024\\\/04\\\/2132d60ea3a988c3d93b7296544408e9.webp\",\"width\":750,\"height\":400,\"caption\":\"Cannes 2024 - Le Studio Ghibli, Palme d'or d'honneur\"},{\"@type\":\"BreadcrumbList\",\"@id\":\"https:\\\/\\\/www.webdo.tn\\\/fr\\\/actualite\\\/culture\\\/cannes-2024-le-studio-ghibli-palme-d-or-d-honneur\\\/213701\\\/#breadcrumb\",\"itemListElement\":[{\"@type\":\"ListItem\",\"position\":1,\"name\":\"Accueil\",\"item\":\"https:\\\/\\\/www.webdo.tn\\\/fr\\\/\"},{\"@type\":\"ListItem\",\"position\":2,\"name\":\"Cannes 2024 &#8211; Le Studio Ghibli, Palme d&rsquo;or d&rsquo;honneur\"}]},{\"@type\":\"WebSite\",\"@id\":\"https:\\\/\\\/www.webdo.tn\\\/fr\\\/#website\",\"url\":\"https:\\\/\\\/www.webdo.tn\\\/fr\\\/\",\"name\":\"webdo\",\"description\":\"Tunisie - News en Tunisie et \u00e0 l&#039;international sur Webdo.tn\",\"publisher\":{\"@id\":\"https:\\\/\\\/www.webdo.tn\\\/fr\\\/#organization\"},\"potentialAction\":[{\"@type\":\"SearchAction\",\"target\":{\"@type\":\"EntryPoint\",\"urlTemplate\":\"https:\\\/\\\/www.webdo.tn\\\/fr\\\/?s={search_term_string}\"},\"query-input\":{\"@type\":\"PropertyValueSpecification\",\"valueRequired\":true,\"valueName\":\"search_term_string\"}}],\"inLanguage\":\"fr-FR\"},{\"@type\":\"Organization\",\"@id\":\"https:\\\/\\\/www.webdo.tn\\\/fr\\\/#organization\",\"name\":\"Webdo\",\"alternateName\":\"Webdo.tn\",\"url\":\"https:\\\/\\\/www.webdo.tn\\\/fr\\\/\",\"logo\":{\"@type\":\"ImageObject\",\"inLanguage\":\"fr-FR\",\"@id\":\"https:\\\/\\\/www.webdo.tn\\\/fr\\\/#\\\/schema\\\/logo\\\/image\\\/\",\"url\":\"https:\\\/\\\/www.webdo.tn\\\/fr\\\/wp-content\\\/uploads\\\/2025\\\/06\\\/Webdo-Tunisie_168377.jpg\",\"contentUrl\":\"https:\\\/\\\/www.webdo.tn\\\/fr\\\/wp-content\\\/uploads\\\/2025\\\/06\\\/Webdo-Tunisie_168377.jpg\",\"width\":301,\"height\":301,\"caption\":\"Webdo\"},\"image\":{\"@id\":\"https:\\\/\\\/www.webdo.tn\\\/fr\\\/#\\\/schema\\\/logo\\\/image\\\/\"},\"sameAs\":[\"https:\\\/\\\/www.facebook.com\\\/webdotn\",\"https:\\\/\\\/x.com\\\/webdo_tn\"],\"description\":\"Webdo est un m\u00e9dia num\u00e9rique tunisien fond\u00e9 en 2010, sp\u00e9cialis\u00e9 dans l\u2019actualit\u00e9 nationale et internationale, l\u2019\u00e9conomie, la soci\u00e9t\u00e9 et les analyses politiques. Le site s\u2019adresse \u00e0 un large public francophone et couvre l\u2019information tunisienne en temps r\u00e9el.\",\"email\":\"redac@webdo.tn\",\"legalName\":\"YNJ SARL\",\"foundingDate\":\"2010-09-06\",\"numberOfEmployees\":{\"@type\":\"QuantitativeValue\",\"minValue\":\"11\",\"maxValue\":\"50\"}},{\"@type\":\"Person\",\"@id\":\"https:\\\/\\\/www.webdo.tn\\\/fr\\\/#\\\/schema\\\/person\\\/60d5ba619ed3f58783b0dc82b7dada80\",\"name\":\"Ne\u00efla DRISS\",\"image\":{\"@type\":\"ImageObject\",\"inLanguage\":\"fr-FR\",\"@id\":\"https:\\\/\\\/www.webdo.tn\\\/fr\\\/wp-content\\\/uploads\\\/2026\\\/04\\\/neila-driss_avatar-96x96.jpg\",\"url\":\"https:\\\/\\\/www.webdo.tn\\\/fr\\\/wp-content\\\/uploads\\\/2026\\\/04\\\/neila-driss_avatar-96x96.jpg\",\"contentUrl\":\"https:\\\/\\\/www.webdo.tn\\\/fr\\\/wp-content\\\/uploads\\\/2026\\\/04\\\/neila-driss_avatar-96x96.jpg\",\"caption\":\"Ne\u00efla DRISS\"},\"description\":\"Ne\u00efla Driss est juriste, journaliste culturelle et critique de cin\u00e9ma tunisienne. Titulaire d\u2019un DEA en droit priv\u00e9 de l\u2019Universit\u00e9 Paris II et d\u2019un DESS de l\u2019IHEC Carthage, elle d\u00e9bute sa carri\u00e8re comme juriste sp\u00e9cialis\u00e9e en gestion de patrimoine immobilier. Elle s\u2019oriente ensuite vers l\u2019\u00e9criture en ligne, o\u00f9 elle se distingue d\u00e8s 2006 aux Tunisia Blog Awards, avant de se consacrer au journalisme culturel, avec une sp\u00e9cialisation dans la critique cin\u00e9matographique. Elle couvre r\u00e9guli\u00e8rement les grands festivals internationaux, notamment le Festival de Cannes, les Journ\u00e9es Cin\u00e9matographiques de Carthage et le Festival du film du Caire. Membre de l\u2019ATPCC et de la FIPRESCI, elle participe \u00e0 des jurys et initiatives internationales de critique. Depuis 2024, elle est \u00e9lectrice internationale aux Golden Globes. Facebook : https:\\\/\\\/www.facebook.com\\\/massir.destiniii\\\/ X : https:\\\/\\\/x.com\\\/MassirDestin\",\"sameAs\":[\"https:\\\/\\\/www.facebook.com\\\/massir.destiniii\\\/\",\"https:\\\/\\\/www.instagram.com\\\/neila.driss\\\/?hl=fr\",\"https:\\\/\\\/www.linkedin.com\\\/in\\\/neila-driss-22606a80\\\/\",\"https:\\\/\\\/x.com\\\/https:\\\/\\\/x.com\\\/MassirDestin\"],\"knowsAbout\":[\"Cin\u00e9ma international\",\"critique cin\u00e9matographique\",\"festivals de cin\u00e9ma\",\"journalisme culturel\"],\"knowsLanguage\":[\"Fran\u00e7ais\",\"Arabe\",\"Anglais\"],\"jobTitle\":\"Journaliste culturelle et critique de cin\u00e9ma\",\"worksFor\":\"Webdo\",\"url\":\"https:\\\/\\\/www.webdo.tn\\\/fr\\\/actualite\\\/author\\\/neila-driss\\\/\"}]}<\/script>\n<!-- \/ Yoast SEO Premium plugin. -->","yoast_head_json":{"title":"Cannes 2024 - Le Studio Ghibli, Palme d'or d'honneur","description":"Cannes 2024 - Le Studio Ghibli, Palme d'or d'honneur","canonical":"https:\/\/www.webdo.tn\/fr\/actualite\/culture\/cannes-2024-le-studio-ghibli-palme-d-or-d-honneur\/213701\/","og_locale":"fr_FR","og_type":"article","og_title":"Cannes 2024 - Le Studio Ghibli, Palme d'or d'honneur","og_description":"Cannes 2024 - Le Studio Ghibli, Palme d'or d'honneur","og_url":"https:\/\/www.webdo.tn\/fr\/actualite\/culture\/cannes-2024-le-studio-ghibli-palme-d-or-d-honneur\/213701\/","og_site_name":"webdo","article_publisher":"https:\/\/www.facebook.com\/webdotn","article_author":"https:\/\/www.facebook.com\/massir.destiniii\/","article_published_time":"2024-04-21T21:27:00+00:00","article_modified_time":"2025-05-21T08:56:00+00:00","og_image":[{"width":750,"height":400,"url":"https:\/\/www.webdo.tn\/fr\/wp-content\/uploads\/2024\/04\/2132d60ea3a988c3d93b7296544408e9.webp","type":"image\/webp"}],"author":"Ne\u00efla DRISS","twitter_card":"summary_large_image","twitter_creator":"@https:\/\/x.com\/MassirDestin","twitter_site":"@webdo_tn","twitter_misc":{"\u00c9crit par":"Ne\u00efla DRISS","Dur\u00e9e de lecture estim\u00e9e":"3 minutes"},"schema":{"@context":"https:\/\/schema.org","@graph":[{"@type":"NewsArticle","@id":"https:\/\/www.webdo.tn\/fr\/actualite\/culture\/cannes-2024-le-studio-ghibli-palme-d-or-d-honneur\/213701\/#article","isPartOf":{"@id":"https:\/\/www.webdo.tn\/fr\/actualite\/culture\/cannes-2024-le-studio-ghibli-palme-d-or-d-honneur\/213701\/"},"author":{"name":"Ne\u00efla DRISS","@id":"https:\/\/www.webdo.tn\/fr\/#\/schema\/person\/60d5ba619ed3f58783b0dc82b7dada80"},"headline":"Cannes 2024 &#8211; Le Studio Ghibli, Palme d&rsquo;or d&rsquo;honneur","datePublished":"2024-04-21T21:27:00+00:00","dateModified":"2025-05-21T08:56:00+00:00","mainEntityOfPage":{"@id":"https:\/\/www.webdo.tn\/fr\/actualite\/culture\/cannes-2024-le-studio-ghibli-palme-d-or-d-honneur\/213701\/"},"wordCount":610,"commentCount":0,"publisher":{"@id":"https:\/\/www.webdo.tn\/fr\/#organization"},"image":{"@id":"https:\/\/www.webdo.tn\/fr\/actualite\/culture\/cannes-2024-le-studio-ghibli-palme-d-or-d-honneur\/213701\/#primaryimage"},"thumbnailUrl":"https:\/\/www.webdo.tn\/fr\/wp-content\/uploads\/2024\/04\/2132d60ea3a988c3d93b7296544408e9.webp","keywords":["Cannes 2024","Cin\u00e9ma","Festival","Festival de Cannes","Palme d'Or d'honneur"],"articleSection":["Culture"],"inLanguage":"fr-FR"},{"@type":"WebPage","@id":"https:\/\/www.webdo.tn\/fr\/actualite\/culture\/cannes-2024-le-studio-ghibli-palme-d-or-d-honneur\/213701\/","url":"https:\/\/www.webdo.tn\/fr\/actualite\/culture\/cannes-2024-le-studio-ghibli-palme-d-or-d-honneur\/213701\/","name":"Cannes 2024 - Le Studio Ghibli, Palme d'or d'honneur","isPartOf":{"@id":"https:\/\/www.webdo.tn\/fr\/#website"},"primaryImageOfPage":{"@id":"https:\/\/www.webdo.tn\/fr\/actualite\/culture\/cannes-2024-le-studio-ghibli-palme-d-or-d-honneur\/213701\/#primaryimage"},"image":{"@id":"https:\/\/www.webdo.tn\/fr\/actualite\/culture\/cannes-2024-le-studio-ghibli-palme-d-or-d-honneur\/213701\/#primaryimage"},"thumbnailUrl":"https:\/\/www.webdo.tn\/fr\/wp-content\/uploads\/2024\/04\/2132d60ea3a988c3d93b7296544408e9.webp","datePublished":"2024-04-21T21:27:00+00:00","dateModified":"2025-05-21T08:56:00+00:00","description":"Cannes 2024 - Le Studio Ghibli, Palme d'or d'honneur","breadcrumb":{"@id":"https:\/\/www.webdo.tn\/fr\/actualite\/culture\/cannes-2024-le-studio-ghibli-palme-d-or-d-honneur\/213701\/#breadcrumb"},"inLanguage":"fr-FR","potentialAction":[{"@type":"ReadAction","target":["https:\/\/www.webdo.tn\/fr\/actualite\/culture\/cannes-2024-le-studio-ghibli-palme-d-or-d-honneur\/213701\/"]}]},{"@type":"ImageObject","inLanguage":"fr-FR","@id":"https:\/\/www.webdo.tn\/fr\/actualite\/culture\/cannes-2024-le-studio-ghibli-palme-d-or-d-honneur\/213701\/#primaryimage","url":"https:\/\/www.webdo.tn\/fr\/wp-content\/uploads\/2024\/04\/2132d60ea3a988c3d93b7296544408e9.webp","contentUrl":"https:\/\/www.webdo.tn\/fr\/wp-content\/uploads\/2024\/04\/2132d60ea3a988c3d93b7296544408e9.webp","width":750,"height":400,"caption":"Cannes 2024 - Le Studio Ghibli, Palme d'or d'honneur"},{"@type":"BreadcrumbList","@id":"https:\/\/www.webdo.tn\/fr\/actualite\/culture\/cannes-2024-le-studio-ghibli-palme-d-or-d-honneur\/213701\/#breadcrumb","itemListElement":[{"@type":"ListItem","position":1,"name":"Accueil","item":"https:\/\/www.webdo.tn\/fr\/"},{"@type":"ListItem","position":2,"name":"Cannes 2024 &#8211; Le Studio Ghibli, Palme d&rsquo;or d&rsquo;honneur"}]},{"@type":"WebSite","@id":"https:\/\/www.webdo.tn\/fr\/#website","url":"https:\/\/www.webdo.tn\/fr\/","name":"webdo","description":"Tunisie - News en Tunisie et \u00e0 l&#039;international sur Webdo.tn","publisher":{"@id":"https:\/\/www.webdo.tn\/fr\/#organization"},"potentialAction":[{"@type":"SearchAction","target":{"@type":"EntryPoint","urlTemplate":"https:\/\/www.webdo.tn\/fr\/?s={search_term_string}"},"query-input":{"@type":"PropertyValueSpecification","valueRequired":true,"valueName":"search_term_string"}}],"inLanguage":"fr-FR"},{"@type":"Organization","@id":"https:\/\/www.webdo.tn\/fr\/#organization","name":"Webdo","alternateName":"Webdo.tn","url":"https:\/\/www.webdo.tn\/fr\/","logo":{"@type":"ImageObject","inLanguage":"fr-FR","@id":"https:\/\/www.webdo.tn\/fr\/#\/schema\/logo\/image\/","url":"https:\/\/www.webdo.tn\/fr\/wp-content\/uploads\/2025\/06\/Webdo-Tunisie_168377.jpg","contentUrl":"https:\/\/www.webdo.tn\/fr\/wp-content\/uploads\/2025\/06\/Webdo-Tunisie_168377.jpg","width":301,"height":301,"caption":"Webdo"},"image":{"@id":"https:\/\/www.webdo.tn\/fr\/#\/schema\/logo\/image\/"},"sameAs":["https:\/\/www.facebook.com\/webdotn","https:\/\/x.com\/webdo_tn"],"description":"Webdo est un m\u00e9dia num\u00e9rique tunisien fond\u00e9 en 2010, sp\u00e9cialis\u00e9 dans l\u2019actualit\u00e9 nationale et internationale, l\u2019\u00e9conomie, la soci\u00e9t\u00e9 et les analyses politiques. Le site s\u2019adresse \u00e0 un large public francophone et couvre l\u2019information tunisienne en temps r\u00e9el.","email":"redac@webdo.tn","legalName":"YNJ SARL","foundingDate":"2010-09-06","numberOfEmployees":{"@type":"QuantitativeValue","minValue":"11","maxValue":"50"}},{"@type":"Person","@id":"https:\/\/www.webdo.tn\/fr\/#\/schema\/person\/60d5ba619ed3f58783b0dc82b7dada80","name":"Ne\u00efla DRISS","image":{"@type":"ImageObject","inLanguage":"fr-FR","@id":"https:\/\/www.webdo.tn\/fr\/wp-content\/uploads\/2026\/04\/neila-driss_avatar-96x96.jpg","url":"https:\/\/www.webdo.tn\/fr\/wp-content\/uploads\/2026\/04\/neila-driss_avatar-96x96.jpg","contentUrl":"https:\/\/www.webdo.tn\/fr\/wp-content\/uploads\/2026\/04\/neila-driss_avatar-96x96.jpg","caption":"Ne\u00efla DRISS"},"description":"Ne\u00efla Driss est juriste, journaliste culturelle et critique de cin\u00e9ma tunisienne. Titulaire d\u2019un DEA en droit priv\u00e9 de l\u2019Universit\u00e9 Paris II et d\u2019un DESS de l\u2019IHEC Carthage, elle d\u00e9bute sa carri\u00e8re comme juriste sp\u00e9cialis\u00e9e en gestion de patrimoine immobilier. Elle s\u2019oriente ensuite vers l\u2019\u00e9criture en ligne, o\u00f9 elle se distingue d\u00e8s 2006 aux Tunisia Blog Awards, avant de se consacrer au journalisme culturel, avec une sp\u00e9cialisation dans la critique cin\u00e9matographique. Elle couvre r\u00e9guli\u00e8rement les grands festivals internationaux, notamment le Festival de Cannes, les Journ\u00e9es Cin\u00e9matographiques de Carthage et le Festival du film du Caire. Membre de l\u2019ATPCC et de la FIPRESCI, elle participe \u00e0 des jurys et initiatives internationales de critique. Depuis 2024, elle est \u00e9lectrice internationale aux Golden Globes. Facebook : https:\/\/www.facebook.com\/massir.destiniii\/ X : https:\/\/x.com\/MassirDestin","sameAs":["https:\/\/www.facebook.com\/massir.destiniii\/","https:\/\/www.instagram.com\/neila.driss\/?hl=fr","https:\/\/www.linkedin.com\/in\/neila-driss-22606a80\/","https:\/\/x.com\/https:\/\/x.com\/MassirDestin"],"knowsAbout":["Cin\u00e9ma international","critique cin\u00e9matographique","festivals de cin\u00e9ma","journalisme culturel"],"knowsLanguage":["Fran\u00e7ais","Arabe","Anglais"],"jobTitle":"Journaliste culturelle et critique de cin\u00e9ma","worksFor":"Webdo","url":"https:\/\/www.webdo.tn\/fr\/actualite\/author\/neila-driss\/"}]}},"_links":{"self":[{"href":"https:\/\/www.webdo.tn\/fr\/wp-json\/wp\/v2\/posts\/213701","targetHints":{"allow":["GET"]}}],"collection":[{"href":"https:\/\/www.webdo.tn\/fr\/wp-json\/wp\/v2\/posts"}],"about":[{"href":"https:\/\/www.webdo.tn\/fr\/wp-json\/wp\/v2\/types\/post"}],"author":[{"embeddable":true,"href":"https:\/\/www.webdo.tn\/fr\/wp-json\/wp\/v2\/users\/3164"}],"replies":[{"embeddable":true,"href":"https:\/\/www.webdo.tn\/fr\/wp-json\/wp\/v2\/comments?post=213701"}],"version-history":[{"count":0,"href":"https:\/\/www.webdo.tn\/fr\/wp-json\/wp\/v2\/posts\/213701\/revisions"}],"wp:featuredmedia":[{"embeddable":true,"href":"https:\/\/www.webdo.tn\/fr\/wp-json\/wp\/v2\/media\/247554"}],"wp:attachment":[{"href":"https:\/\/www.webdo.tn\/fr\/wp-json\/wp\/v2\/media?parent=213701"}],"wp:term":[{"taxonomy":"category","embeddable":true,"href":"https:\/\/www.webdo.tn\/fr\/wp-json\/wp\/v2\/categories?post=213701"},{"taxonomy":"post_tag","embeddable":true,"href":"https:\/\/www.webdo.tn\/fr\/wp-json\/wp\/v2\/tags?post=213701"}],"curies":[{"name":"wp","href":"https:\/\/api.w.org\/{rel}","templated":true}]}}