{"id":213690,"date":"2024-04-21T08:45:00","date_gmt":"2024-04-21T08:45:00","guid":{"rendered":"https:\/\/www.webdo.tn\/fr\/blog\/cannes-2024-baloji-et-emmanuelle-beart-copresidents-du-jury-de-la-camera-d-or\/213690\/"},"modified":"2025-05-21T08:56:00","modified_gmt":"2025-05-21T08:56:00","slug":"cannes-2024-baloji-et-emmanuelle-beart-copresidents-du-jury-de-la-camera-d-or","status":"publish","type":"post","link":"https:\/\/www.webdo.tn\/fr\/actualite\/culture\/cannes-2024-baloji-et-emmanuelle-beart-copresidents-du-jury-de-la-camera-d-or\/213690\/","title":{"rendered":"Cannes 2024 &#8211; Baloji et Emmanuelle B\u00e9art copr\u00e9sidents du Jury de la Cam\u00e9ra d&rsquo;or"},"content":{"rendered":"<div class=\"single-body entry-content typography-copy\" itemprop=\"articleBody\">\n<p style=\"font-weight: bold; text-align: justify\">\n\t\t\t\t\t\t\t\t\tCannes 2024 &#8211; Baloji et Emmanuelle B\u00e9art copr\u00e9sidents du Jury de la Cam\u00e9ra d&rsquo;or\n\t\t\t\t\t\t\t\t<\/p>\n<div class=\"coprs\" style=\"text-align: center\"><\/div>\n<div class=\"coprs\" style=\"text-align: justify\">\n<p><span><span>Baloji et Emmanuelle B\u00e9art, se tiendront main dans la main en tant que copr\u00e9sidents du Jury de la Cam\u00e9ra d&rsquo;Or lors du 77e Festival de Cannes qui se d\u00e9roulera du 14 au 25 mai 2024. Cette alliance inattendue promet un dialogue riche et une perspective unique dans l&rsquo;\u00e9valuation des premiers films pr\u00e9sent\u00e9s dans les diverses sections officielles et parall\u00e8les du festival.<\/span><\/span><\/p>\n<p><span><span>La nomination de cet improbable tandem, compos\u00e9 de l&rsquo;ic\u00f4ne fran\u00e7aise du cin\u00e9ma Emmanuelle B\u00e9art et du visionnaire polyvalent Baloji, est une d\u00e9monstration audacieuse de la volont\u00e9 du Festival de Cannes de repousser les fronti\u00e8res et de c\u00e9l\u00e9brer la diversit\u00e9 artistique. D&rsquo;un c\u00f4t\u00e9, Emmanuelle B\u00e9art, une actrice \u00e9m\u00e9rite dont le talent incandescent a illumin\u00e9 les \u00e9crans du monde entier, apporte une profondeur et une sensibilit\u00e9 in\u00e9gal\u00e9es \u00e0 l&rsquo;art cin\u00e9matographique. De l&rsquo;autre c\u00f4t\u00e9, Baloji, r\u00e9alisateur, auteur-compositeur et citoyen du monde \u00e9voluant entre la Belgique et la R\u00e9publique D\u00e9mocratique du Congo, incarne l&rsquo;audace et la vision d&rsquo;un nouveau courant cin\u00e9matographique.<\/span><\/span><\/p>\n<p><span><span>L&rsquo;association de ces deux artistes, bien que n&rsquo;ayant jamais crois\u00e9 leurs chemins auparavant, semble \u00eatre une \u00e9vidence lorsque l&rsquo;on consid\u00e8re leur engagement commun envers la libert\u00e9 d&rsquo;expression et leur capacit\u00e9 \u00e0 transcender les barri\u00e8res culturelles \u00e0 travers leur art. Emmanuelle B\u00e9art, par sa filmographie impressionnante et son plaidoyer en faveur du cin\u00e9ma comme vecteur de partage et d&rsquo;\u00e9mancipation, incarne l&rsquo;id\u00e9al d&rsquo;une artiste engag\u00e9e. De son c\u00f4t\u00e9, Baloji, avec son premier long m\u00e9trage acclam\u00e9 <em>Augure (2023), <\/em>offre une vision novatrice et po\u00e9tique de la r\u00e9alit\u00e9, explorant les th\u00e8mes de l&rsquo;identit\u00e9 et de la coexistence \u00e0 travers un prisme de r\u00e9alisme magique.<\/span><\/span><\/p>\n<p><span><span>Ensemble, Baloji et Emmanuelle B\u00e9art apporteront leur voix singuli\u00e8re et leur regard \u00e9clair\u00e9 \u00e0 l&rsquo;\u00e9valuation des premiers longs m\u00e9trages de cin\u00e9astes \u00e9mergents. Leur mission consistera \u00e0 d\u00e9couvrir et \u00e0 honorer les talents prometteurs qui \u00e9clairent le paysage cin\u00e9matographique mondial avec leur originalit\u00e9 et leur audace.<\/span><\/span><\/p>\n<p><span><span>Dans leurs propres mots, Baloji exprime son immense honneur d&rsquo;\u00eatre t\u00e9moin de la vitalit\u00e9 des cin\u00e9astes \u00e9mergents, tandis qu&rsquo;Emmanuelle B\u00e9art \u00e9voque la puissance bouleversante et lib\u00e9ratrice du premier film, o\u00f9 chaque cin\u00e9aste trouve une voix unique et authentique.<\/span><\/span><\/p>\n<p><span><span>Baloji d\u00e9clare avec enthousiasme : \u00ab\u00a0<em>En tant que cin\u00e9aste autodidacte, cin\u00e9aste de la diaspora congolaise, c\u2019est un immense honneur d\u2019\u00eatre t\u00e9moin privil\u00e9gi\u00e9 de la vitalit\u00e9 de r\u00e9alisateurs.trices primo-arrivant.es, d\u00e9couvrir des singularit\u00e9s affirm\u00e9es, leur \u0153uvre inaugurale qui vont durablement imprimer l\u2019identit\u00e9 de leur filmographie<\/em>.\u00a0\u00bb De son c\u00f4t\u00e9, Emmanuelle B\u00e9art partage avec conviction : <em>\u00ab\u00a0Un premier film, c\u2019est l\u2019impossibilit\u00e9 de faire autrement que d\u2019aller fouiller au tr\u00e9fonds de son \u00eatre ce qu\u2019on ne peut taire. Une mise au monde bouleversante et terriblement libre : personne ne vous attend encore. Nous allons avec \u00e9merveillement et respect honorer notre devoir<\/em>.\u00a0\u00bb<\/span><\/span><\/p>\n<p><span><span>Cette nomination marque la quatri\u00e8me fois dans l&rsquo;histoire du Festival de Cannes o\u00f9 le Jury de la Cam\u00e9ra d&rsquo;Or est copr\u00e9sid\u00e9, soulignant ainsi l&rsquo;importance accord\u00e9e \u00e0 cette r\u00e9compense prestigieuse qui a contribu\u00e9 \u00e0 propulser de nombreux cin\u00e9astes \u00e9mergents vers la reconnaissance internationale.<\/span><\/span><\/p>\n<p><span><span><u>Voici la liste compl\u00e8te des membres du jury de la Cam\u00e9ra d\u2019Or:<\/u><\/span><\/span><\/p>\n<p><span><span>&#8211;<strong> Baloji<\/strong> : Copr\u00e9sident, r\u00e9alisateur, auteur-compositeur &amp; directeur artistique.<\/span><\/span><\/p>\n<p><span><span>&#8211; <strong>Emmanuelle B\u00e9art<\/strong> : Copr\u00e9sidente, actrice, r\u00e9alisatrice &amp; productrice.<\/span><\/span><\/p>\n<p><span><span>&#8211; <strong>Gilles Porte<\/strong> : AFC, directeur de la photographie.<\/span><\/span><\/p>\n<p><span><span>&#8211; <strong>Pascal Buron<\/strong> : FICAM, DGA RH &amp; Supports de TSF.<\/span><\/span><\/p>\n<p><span><span>&#8211; <strong>Zo\u00e9 Wittock<\/strong> : SRF, sc\u00e9nariste, r\u00e9alisatrice.<\/span><\/span><\/p>\n<p><span><span>&#8211; <strong>Nathalie Chifflet<\/strong> : SFCC, cheffe de rubrique cin\u00e9ma &amp; culture groupe Ebra, tr\u00e9sori\u00e8re du SFCC.<\/span><\/span><\/p>\n<p><span><span>Depuis sa cr\u00e9ation en 1978, la Cam\u00e9ra d&rsquo;Or a jou\u00e9 un r\u00f4le essentiel dans la promotion de la jeune cr\u00e9ation cin\u00e9matographique, offrant aux cin\u00e9astes \u00e9mergents une plateforme unique pour exposer leur talent au monde entier. Des noms illustres tels que Jim Jarmusch, Jafar Panahi, <a href=\"https:\/\/www.webdo.tn\/fr\/actualite\/culture\/cannes-2021-the-story-of-my-wife-dildiko-enyedi\/199999\">Ildik\u00f3 Enyedi<\/a>, Steve McQueen ou Anthony Chen ont \u00e9t\u00e9 honor\u00e9s par ce prix prestigieux, qui continue de jouer un r\u00f4le crucial dans la d\u00e9couverte et la promotion des nouveaux talents du cin\u00e9ma mondial.<\/span><\/span><\/p>\n<p><span><span><strong>Ne\u00efla Driss<\/strong><\/span><\/span><\/p>\n<p><img decoding=\"async\" alt=\"\" height=\"320\" src=\"\/assets\/uploads\/images\/\/Neila\/CANNES%202024_SIGNATURES_WEB_800X160_1.jpeg\" width=\"1600\"><\/p>\n<p>\u00a0<\/p>\n<\/p><\/div>\n<div class=\"coprs\" style=\"text-align: center\"><\/div><\/div>\n","protected":false},"excerpt":{"rendered":"<p>Cannes 2024 &#8211; Baloji et Emmanuelle B\u00e9art copr\u00e9sidents du Jury de la Cam\u00e9ra d&rsquo;or<\/p>\n","protected":false},"author":3164,"featured_media":247548,"comment_status":"open","ping_status":"closed","sticky":false,"template":"","format":"standard","meta":{"footnotes":""},"categories":[2594],"tags":[4180,2626,2627,2901],"class_list":["post-213690","post","type-post","status-publish","format-standard","has-post-thumbnail","hentry","category-culture","tag-cannes-2024","tag-cinema","tag-festival-de-cannes","tag-jury"],"yoast_head":"<!-- This site is optimized with the Yoast SEO Premium plugin v27.4 (Yoast SEO v27.4) - https:\/\/yoast.com\/product\/yoast-seo-premium-wordpress\/ -->\n<title>Cannes 2024 - Baloji et Emmanuelle B\u00e9art copr\u00e9sidents du Jury de la Cam\u00e9ra d&#039;or<\/title>\n<meta name=\"description\" content=\"Cannes 2024 - Baloji et Emmanuelle B\u00e9art copr\u00e9sidents du Jury de la Cam\u00e9ra d&#039;or\" \/>\n<link rel=\"canonical\" href=\"https:\/\/www.webdo.tn\/fr\/actualite\/culture\/cannes-2024-baloji-et-emmanuelle-beart-copresidents-du-jury-de-la-camera-d-or\/213690\/\" \/>\n<meta property=\"og:locale\" content=\"fr_FR\" \/>\n<meta property=\"og:type\" content=\"article\" \/>\n<meta property=\"og:title\" content=\"Cannes 2024 - Baloji et Emmanuelle B\u00e9art copr\u00e9sidents du Jury de la Cam\u00e9ra d&#039;or\" \/>\n<meta property=\"og:description\" content=\"Cannes 2024 - Baloji et Emmanuelle B\u00e9art copr\u00e9sidents du Jury de la Cam\u00e9ra d&#039;or\" \/>\n<meta property=\"og:url\" content=\"https:\/\/www.webdo.tn\/fr\/actualite\/culture\/cannes-2024-baloji-et-emmanuelle-beart-copresidents-du-jury-de-la-camera-d-or\/213690\/\" \/>\n<meta property=\"og:site_name\" content=\"webdo\" \/>\n<meta property=\"article:publisher\" content=\"https:\/\/www.facebook.com\/webdotn\" \/>\n<meta property=\"article:author\" content=\"https:\/\/www.facebook.com\/massir.destiniii\/\" \/>\n<meta property=\"article:published_time\" content=\"2024-04-21T08:45:00+00:00\" \/>\n<meta property=\"article:modified_time\" content=\"2025-05-21T08:56:00+00:00\" \/>\n<meta property=\"og:image\" content=\"https:\/\/www.webdo.tn\/fr\/wp-content\/uploads\/2024\/04\/9ba1594c32ade1fc5c3a99f52d028977.webp\" \/>\n\t<meta property=\"og:image:width\" content=\"750\" \/>\n\t<meta property=\"og:image:height\" content=\"400\" \/>\n\t<meta property=\"og:image:type\" content=\"image\/webp\" \/>\n<meta name=\"author\" content=\"Ne\u00efla DRISS\" \/>\n<meta name=\"twitter:card\" content=\"summary_large_image\" \/>\n<meta name=\"twitter:creator\" content=\"@https:\/\/x.com\/MassirDestin\" \/>\n<meta name=\"twitter:site\" content=\"@webdo_tn\" \/>\n<meta name=\"twitter:label1\" content=\"\u00c9crit par\" \/>\n\t<meta name=\"twitter:data1\" content=\"Ne\u00efla DRISS\" \/>\n\t<meta name=\"twitter:label2\" content=\"Dur\u00e9e de lecture estim\u00e9e\" \/>\n\t<meta name=\"twitter:data2\" content=\"4 minutes\" \/>\n<script type=\"application\/ld+json\" class=\"yoast-schema-graph\">{\"@context\":\"https:\\\/\\\/schema.org\",\"@graph\":[{\"@type\":\"NewsArticle\",\"@id\":\"https:\\\/\\\/www.webdo.tn\\\/fr\\\/actualite\\\/culture\\\/cannes-2024-baloji-et-emmanuelle-beart-copresidents-du-jury-de-la-camera-d-or\\\/213690\\\/#article\",\"isPartOf\":{\"@id\":\"https:\\\/\\\/www.webdo.tn\\\/fr\\\/actualite\\\/culture\\\/cannes-2024-baloji-et-emmanuelle-beart-copresidents-du-jury-de-la-camera-d-or\\\/213690\\\/\"},\"author\":{\"name\":\"Ne\u00efla DRISS\",\"@id\":\"https:\\\/\\\/www.webdo.tn\\\/fr\\\/#\\\/schema\\\/person\\\/60d5ba619ed3f58783b0dc82b7dada80\"},\"headline\":\"Cannes 2024 &#8211; Baloji et Emmanuelle B\u00e9art copr\u00e9sidents du Jury de la Cam\u00e9ra d&rsquo;or\",\"datePublished\":\"2024-04-21T08:45:00+00:00\",\"dateModified\":\"2025-05-21T08:56:00+00:00\",\"mainEntityOfPage\":{\"@id\":\"https:\\\/\\\/www.webdo.tn\\\/fr\\\/actualite\\\/culture\\\/cannes-2024-baloji-et-emmanuelle-beart-copresidents-du-jury-de-la-camera-d-or\\\/213690\\\/\"},\"wordCount\":765,\"commentCount\":0,\"publisher\":{\"@id\":\"https:\\\/\\\/www.webdo.tn\\\/fr\\\/#organization\"},\"image\":{\"@id\":\"https:\\\/\\\/www.webdo.tn\\\/fr\\\/actualite\\\/culture\\\/cannes-2024-baloji-et-emmanuelle-beart-copresidents-du-jury-de-la-camera-d-or\\\/213690\\\/#primaryimage\"},\"thumbnailUrl\":\"https:\\\/\\\/www.webdo.tn\\\/fr\\\/wp-content\\\/uploads\\\/2024\\\/04\\\/9ba1594c32ade1fc5c3a99f52d028977.webp\",\"keywords\":[\"Cannes 2024\",\"Cin\u00e9ma\",\"Festival de Cannes\",\"Jury\"],\"articleSection\":[\"Culture\"],\"inLanguage\":\"fr-FR\"},{\"@type\":\"WebPage\",\"@id\":\"https:\\\/\\\/www.webdo.tn\\\/fr\\\/actualite\\\/culture\\\/cannes-2024-baloji-et-emmanuelle-beart-copresidents-du-jury-de-la-camera-d-or\\\/213690\\\/\",\"url\":\"https:\\\/\\\/www.webdo.tn\\\/fr\\\/actualite\\\/culture\\\/cannes-2024-baloji-et-emmanuelle-beart-copresidents-du-jury-de-la-camera-d-or\\\/213690\\\/\",\"name\":\"Cannes 2024 - Baloji et Emmanuelle B\u00e9art copr\u00e9sidents du Jury de la Cam\u00e9ra d'or\",\"isPartOf\":{\"@id\":\"https:\\\/\\\/www.webdo.tn\\\/fr\\\/#website\"},\"primaryImageOfPage\":{\"@id\":\"https:\\\/\\\/www.webdo.tn\\\/fr\\\/actualite\\\/culture\\\/cannes-2024-baloji-et-emmanuelle-beart-copresidents-du-jury-de-la-camera-d-or\\\/213690\\\/#primaryimage\"},\"image\":{\"@id\":\"https:\\\/\\\/www.webdo.tn\\\/fr\\\/actualite\\\/culture\\\/cannes-2024-baloji-et-emmanuelle-beart-copresidents-du-jury-de-la-camera-d-or\\\/213690\\\/#primaryimage\"},\"thumbnailUrl\":\"https:\\\/\\\/www.webdo.tn\\\/fr\\\/wp-content\\\/uploads\\\/2024\\\/04\\\/9ba1594c32ade1fc5c3a99f52d028977.webp\",\"datePublished\":\"2024-04-21T08:45:00+00:00\",\"dateModified\":\"2025-05-21T08:56:00+00:00\",\"description\":\"Cannes 2024 - Baloji et Emmanuelle B\u00e9art copr\u00e9sidents du Jury de la Cam\u00e9ra d'or\",\"breadcrumb\":{\"@id\":\"https:\\\/\\\/www.webdo.tn\\\/fr\\\/actualite\\\/culture\\\/cannes-2024-baloji-et-emmanuelle-beart-copresidents-du-jury-de-la-camera-d-or\\\/213690\\\/#breadcrumb\"},\"inLanguage\":\"fr-FR\",\"potentialAction\":[{\"@type\":\"ReadAction\",\"target\":[\"https:\\\/\\\/www.webdo.tn\\\/fr\\\/actualite\\\/culture\\\/cannes-2024-baloji-et-emmanuelle-beart-copresidents-du-jury-de-la-camera-d-or\\\/213690\\\/\"]}]},{\"@type\":\"ImageObject\",\"inLanguage\":\"fr-FR\",\"@id\":\"https:\\\/\\\/www.webdo.tn\\\/fr\\\/actualite\\\/culture\\\/cannes-2024-baloji-et-emmanuelle-beart-copresidents-du-jury-de-la-camera-d-or\\\/213690\\\/#primaryimage\",\"url\":\"https:\\\/\\\/www.webdo.tn\\\/fr\\\/wp-content\\\/uploads\\\/2024\\\/04\\\/9ba1594c32ade1fc5c3a99f52d028977.webp\",\"contentUrl\":\"https:\\\/\\\/www.webdo.tn\\\/fr\\\/wp-content\\\/uploads\\\/2024\\\/04\\\/9ba1594c32ade1fc5c3a99f52d028977.webp\",\"width\":750,\"height\":400,\"caption\":\"Cannes 2024 - Baloji et Emmanuelle B\u00e9art copr\u00e9sidents du Jury de la Cam\u00e9ra d'or\"},{\"@type\":\"BreadcrumbList\",\"@id\":\"https:\\\/\\\/www.webdo.tn\\\/fr\\\/actualite\\\/culture\\\/cannes-2024-baloji-et-emmanuelle-beart-copresidents-du-jury-de-la-camera-d-or\\\/213690\\\/#breadcrumb\",\"itemListElement\":[{\"@type\":\"ListItem\",\"position\":1,\"name\":\"Accueil\",\"item\":\"https:\\\/\\\/www.webdo.tn\\\/fr\\\/\"},{\"@type\":\"ListItem\",\"position\":2,\"name\":\"Cannes 2024 &#8211; Baloji et Emmanuelle B\u00e9art copr\u00e9sidents du Jury de la Cam\u00e9ra d&rsquo;or\"}]},{\"@type\":\"WebSite\",\"@id\":\"https:\\\/\\\/www.webdo.tn\\\/fr\\\/#website\",\"url\":\"https:\\\/\\\/www.webdo.tn\\\/fr\\\/\",\"name\":\"webdo\",\"description\":\"Tunisie - News en Tunisie et \u00e0 l&#039;international sur Webdo.tn\",\"publisher\":{\"@id\":\"https:\\\/\\\/www.webdo.tn\\\/fr\\\/#organization\"},\"potentialAction\":[{\"@type\":\"SearchAction\",\"target\":{\"@type\":\"EntryPoint\",\"urlTemplate\":\"https:\\\/\\\/www.webdo.tn\\\/fr\\\/?s={search_term_string}\"},\"query-input\":{\"@type\":\"PropertyValueSpecification\",\"valueRequired\":true,\"valueName\":\"search_term_string\"}}],\"inLanguage\":\"fr-FR\"},{\"@type\":\"Organization\",\"@id\":\"https:\\\/\\\/www.webdo.tn\\\/fr\\\/#organization\",\"name\":\"Webdo\",\"alternateName\":\"Webdo.tn\",\"url\":\"https:\\\/\\\/www.webdo.tn\\\/fr\\\/\",\"logo\":{\"@type\":\"ImageObject\",\"inLanguage\":\"fr-FR\",\"@id\":\"https:\\\/\\\/www.webdo.tn\\\/fr\\\/#\\\/schema\\\/logo\\\/image\\\/\",\"url\":\"https:\\\/\\\/www.webdo.tn\\\/fr\\\/wp-content\\\/uploads\\\/2025\\\/06\\\/Webdo-Tunisie_168377.jpg\",\"contentUrl\":\"https:\\\/\\\/www.webdo.tn\\\/fr\\\/wp-content\\\/uploads\\\/2025\\\/06\\\/Webdo-Tunisie_168377.jpg\",\"width\":301,\"height\":301,\"caption\":\"Webdo\"},\"image\":{\"@id\":\"https:\\\/\\\/www.webdo.tn\\\/fr\\\/#\\\/schema\\\/logo\\\/image\\\/\"},\"sameAs\":[\"https:\\\/\\\/www.facebook.com\\\/webdotn\",\"https:\\\/\\\/x.com\\\/webdo_tn\"],\"description\":\"Webdo est un m\u00e9dia num\u00e9rique tunisien fond\u00e9 en 2010, sp\u00e9cialis\u00e9 dans l\u2019actualit\u00e9 nationale et internationale, l\u2019\u00e9conomie, la soci\u00e9t\u00e9 et les analyses politiques. Le site s\u2019adresse \u00e0 un large public francophone et couvre l\u2019information tunisienne en temps r\u00e9el.\",\"email\":\"redac@webdo.tn\",\"legalName\":\"YNJ SARL\",\"foundingDate\":\"2010-09-06\",\"numberOfEmployees\":{\"@type\":\"QuantitativeValue\",\"minValue\":\"11\",\"maxValue\":\"50\"}},{\"@type\":\"Person\",\"@id\":\"https:\\\/\\\/www.webdo.tn\\\/fr\\\/#\\\/schema\\\/person\\\/60d5ba619ed3f58783b0dc82b7dada80\",\"name\":\"Ne\u00efla DRISS\",\"image\":{\"@type\":\"ImageObject\",\"inLanguage\":\"fr-FR\",\"@id\":\"https:\\\/\\\/www.webdo.tn\\\/fr\\\/wp-content\\\/uploads\\\/2026\\\/04\\\/neila-driss_avatar-96x96.jpg\",\"url\":\"https:\\\/\\\/www.webdo.tn\\\/fr\\\/wp-content\\\/uploads\\\/2026\\\/04\\\/neila-driss_avatar-96x96.jpg\",\"contentUrl\":\"https:\\\/\\\/www.webdo.tn\\\/fr\\\/wp-content\\\/uploads\\\/2026\\\/04\\\/neila-driss_avatar-96x96.jpg\",\"caption\":\"Ne\u00efla DRISS\"},\"description\":\"Ne\u00efla Driss est juriste, journaliste culturelle et critique de cin\u00e9ma tunisienne. Titulaire d\u2019un DEA en droit priv\u00e9 de l\u2019Universit\u00e9 Paris II et d\u2019un DESS de l\u2019IHEC Carthage, elle d\u00e9bute sa carri\u00e8re comme juriste sp\u00e9cialis\u00e9e en gestion de patrimoine immobilier. Elle s\u2019oriente ensuite vers l\u2019\u00e9criture en ligne, o\u00f9 elle se distingue d\u00e8s 2006 aux Tunisia Blog Awards, avant de se consacrer au journalisme culturel, avec une sp\u00e9cialisation dans la critique cin\u00e9matographique. Elle couvre r\u00e9guli\u00e8rement les grands festivals internationaux, notamment le Festival de Cannes, les Journ\u00e9es Cin\u00e9matographiques de Carthage et le Festival du film du Caire. Membre de l\u2019ATPCC et de la FIPRESCI, elle participe \u00e0 des jurys et initiatives internationales de critique. Depuis 2024, elle est \u00e9lectrice internationale aux Golden Globes. Facebook : https:\\\/\\\/www.facebook.com\\\/massir.destiniii\\\/ X : https:\\\/\\\/x.com\\\/MassirDestin\",\"sameAs\":[\"https:\\\/\\\/www.facebook.com\\\/massir.destiniii\\\/\",\"https:\\\/\\\/www.instagram.com\\\/neila.driss\\\/?hl=fr\",\"https:\\\/\\\/www.linkedin.com\\\/in\\\/neila-driss-22606a80\\\/\",\"https:\\\/\\\/x.com\\\/https:\\\/\\\/x.com\\\/MassirDestin\"],\"knowsAbout\":[\"Cin\u00e9ma international\",\"critique cin\u00e9matographique\",\"festivals de cin\u00e9ma\",\"journalisme culturel\"],\"knowsLanguage\":[\"Fran\u00e7ais\",\"Arabe\",\"Anglais\"],\"jobTitle\":\"Journaliste culturelle et critique de cin\u00e9ma\",\"worksFor\":\"Webdo\",\"url\":\"https:\\\/\\\/www.webdo.tn\\\/fr\\\/actualite\\\/author\\\/neila-driss\\\/\"}]}<\/script>\n<!-- \/ Yoast SEO Premium plugin. -->","yoast_head_json":{"title":"Cannes 2024 - Baloji et Emmanuelle B\u00e9art copr\u00e9sidents du Jury de la Cam\u00e9ra d'or","description":"Cannes 2024 - Baloji et Emmanuelle B\u00e9art copr\u00e9sidents du Jury de la Cam\u00e9ra d'or","canonical":"https:\/\/www.webdo.tn\/fr\/actualite\/culture\/cannes-2024-baloji-et-emmanuelle-beart-copresidents-du-jury-de-la-camera-d-or\/213690\/","og_locale":"fr_FR","og_type":"article","og_title":"Cannes 2024 - Baloji et Emmanuelle B\u00e9art copr\u00e9sidents du Jury de la Cam\u00e9ra d'or","og_description":"Cannes 2024 - Baloji et Emmanuelle B\u00e9art copr\u00e9sidents du Jury de la Cam\u00e9ra d'or","og_url":"https:\/\/www.webdo.tn\/fr\/actualite\/culture\/cannes-2024-baloji-et-emmanuelle-beart-copresidents-du-jury-de-la-camera-d-or\/213690\/","og_site_name":"webdo","article_publisher":"https:\/\/www.facebook.com\/webdotn","article_author":"https:\/\/www.facebook.com\/massir.destiniii\/","article_published_time":"2024-04-21T08:45:00+00:00","article_modified_time":"2025-05-21T08:56:00+00:00","og_image":[{"width":750,"height":400,"url":"https:\/\/www.webdo.tn\/fr\/wp-content\/uploads\/2024\/04\/9ba1594c32ade1fc5c3a99f52d028977.webp","type":"image\/webp"}],"author":"Ne\u00efla DRISS","twitter_card":"summary_large_image","twitter_creator":"@https:\/\/x.com\/MassirDestin","twitter_site":"@webdo_tn","twitter_misc":{"\u00c9crit par":"Ne\u00efla DRISS","Dur\u00e9e de lecture estim\u00e9e":"4 minutes"},"schema":{"@context":"https:\/\/schema.org","@graph":[{"@type":"NewsArticle","@id":"https:\/\/www.webdo.tn\/fr\/actualite\/culture\/cannes-2024-baloji-et-emmanuelle-beart-copresidents-du-jury-de-la-camera-d-or\/213690\/#article","isPartOf":{"@id":"https:\/\/www.webdo.tn\/fr\/actualite\/culture\/cannes-2024-baloji-et-emmanuelle-beart-copresidents-du-jury-de-la-camera-d-or\/213690\/"},"author":{"name":"Ne\u00efla DRISS","@id":"https:\/\/www.webdo.tn\/fr\/#\/schema\/person\/60d5ba619ed3f58783b0dc82b7dada80"},"headline":"Cannes 2024 &#8211; Baloji et Emmanuelle B\u00e9art copr\u00e9sidents du Jury de la Cam\u00e9ra d&rsquo;or","datePublished":"2024-04-21T08:45:00+00:00","dateModified":"2025-05-21T08:56:00+00:00","mainEntityOfPage":{"@id":"https:\/\/www.webdo.tn\/fr\/actualite\/culture\/cannes-2024-baloji-et-emmanuelle-beart-copresidents-du-jury-de-la-camera-d-or\/213690\/"},"wordCount":765,"commentCount":0,"publisher":{"@id":"https:\/\/www.webdo.tn\/fr\/#organization"},"image":{"@id":"https:\/\/www.webdo.tn\/fr\/actualite\/culture\/cannes-2024-baloji-et-emmanuelle-beart-copresidents-du-jury-de-la-camera-d-or\/213690\/#primaryimage"},"thumbnailUrl":"https:\/\/www.webdo.tn\/fr\/wp-content\/uploads\/2024\/04\/9ba1594c32ade1fc5c3a99f52d028977.webp","keywords":["Cannes 2024","Cin\u00e9ma","Festival de Cannes","Jury"],"articleSection":["Culture"],"inLanguage":"fr-FR"},{"@type":"WebPage","@id":"https:\/\/www.webdo.tn\/fr\/actualite\/culture\/cannes-2024-baloji-et-emmanuelle-beart-copresidents-du-jury-de-la-camera-d-or\/213690\/","url":"https:\/\/www.webdo.tn\/fr\/actualite\/culture\/cannes-2024-baloji-et-emmanuelle-beart-copresidents-du-jury-de-la-camera-d-or\/213690\/","name":"Cannes 2024 - Baloji et Emmanuelle B\u00e9art copr\u00e9sidents du Jury de la Cam\u00e9ra d'or","isPartOf":{"@id":"https:\/\/www.webdo.tn\/fr\/#website"},"primaryImageOfPage":{"@id":"https:\/\/www.webdo.tn\/fr\/actualite\/culture\/cannes-2024-baloji-et-emmanuelle-beart-copresidents-du-jury-de-la-camera-d-or\/213690\/#primaryimage"},"image":{"@id":"https:\/\/www.webdo.tn\/fr\/actualite\/culture\/cannes-2024-baloji-et-emmanuelle-beart-copresidents-du-jury-de-la-camera-d-or\/213690\/#primaryimage"},"thumbnailUrl":"https:\/\/www.webdo.tn\/fr\/wp-content\/uploads\/2024\/04\/9ba1594c32ade1fc5c3a99f52d028977.webp","datePublished":"2024-04-21T08:45:00+00:00","dateModified":"2025-05-21T08:56:00+00:00","description":"Cannes 2024 - Baloji et Emmanuelle B\u00e9art copr\u00e9sidents du Jury de la Cam\u00e9ra d'or","breadcrumb":{"@id":"https:\/\/www.webdo.tn\/fr\/actualite\/culture\/cannes-2024-baloji-et-emmanuelle-beart-copresidents-du-jury-de-la-camera-d-or\/213690\/#breadcrumb"},"inLanguage":"fr-FR","potentialAction":[{"@type":"ReadAction","target":["https:\/\/www.webdo.tn\/fr\/actualite\/culture\/cannes-2024-baloji-et-emmanuelle-beart-copresidents-du-jury-de-la-camera-d-or\/213690\/"]}]},{"@type":"ImageObject","inLanguage":"fr-FR","@id":"https:\/\/www.webdo.tn\/fr\/actualite\/culture\/cannes-2024-baloji-et-emmanuelle-beart-copresidents-du-jury-de-la-camera-d-or\/213690\/#primaryimage","url":"https:\/\/www.webdo.tn\/fr\/wp-content\/uploads\/2024\/04\/9ba1594c32ade1fc5c3a99f52d028977.webp","contentUrl":"https:\/\/www.webdo.tn\/fr\/wp-content\/uploads\/2024\/04\/9ba1594c32ade1fc5c3a99f52d028977.webp","width":750,"height":400,"caption":"Cannes 2024 - Baloji et Emmanuelle B\u00e9art copr\u00e9sidents du Jury de la Cam\u00e9ra d'or"},{"@type":"BreadcrumbList","@id":"https:\/\/www.webdo.tn\/fr\/actualite\/culture\/cannes-2024-baloji-et-emmanuelle-beart-copresidents-du-jury-de-la-camera-d-or\/213690\/#breadcrumb","itemListElement":[{"@type":"ListItem","position":1,"name":"Accueil","item":"https:\/\/www.webdo.tn\/fr\/"},{"@type":"ListItem","position":2,"name":"Cannes 2024 &#8211; Baloji et Emmanuelle B\u00e9art copr\u00e9sidents du Jury de la Cam\u00e9ra d&rsquo;or"}]},{"@type":"WebSite","@id":"https:\/\/www.webdo.tn\/fr\/#website","url":"https:\/\/www.webdo.tn\/fr\/","name":"webdo","description":"Tunisie - News en Tunisie et \u00e0 l&#039;international sur Webdo.tn","publisher":{"@id":"https:\/\/www.webdo.tn\/fr\/#organization"},"potentialAction":[{"@type":"SearchAction","target":{"@type":"EntryPoint","urlTemplate":"https:\/\/www.webdo.tn\/fr\/?s={search_term_string}"},"query-input":{"@type":"PropertyValueSpecification","valueRequired":true,"valueName":"search_term_string"}}],"inLanguage":"fr-FR"},{"@type":"Organization","@id":"https:\/\/www.webdo.tn\/fr\/#organization","name":"Webdo","alternateName":"Webdo.tn","url":"https:\/\/www.webdo.tn\/fr\/","logo":{"@type":"ImageObject","inLanguage":"fr-FR","@id":"https:\/\/www.webdo.tn\/fr\/#\/schema\/logo\/image\/","url":"https:\/\/www.webdo.tn\/fr\/wp-content\/uploads\/2025\/06\/Webdo-Tunisie_168377.jpg","contentUrl":"https:\/\/www.webdo.tn\/fr\/wp-content\/uploads\/2025\/06\/Webdo-Tunisie_168377.jpg","width":301,"height":301,"caption":"Webdo"},"image":{"@id":"https:\/\/www.webdo.tn\/fr\/#\/schema\/logo\/image\/"},"sameAs":["https:\/\/www.facebook.com\/webdotn","https:\/\/x.com\/webdo_tn"],"description":"Webdo est un m\u00e9dia num\u00e9rique tunisien fond\u00e9 en 2010, sp\u00e9cialis\u00e9 dans l\u2019actualit\u00e9 nationale et internationale, l\u2019\u00e9conomie, la soci\u00e9t\u00e9 et les analyses politiques. Le site s\u2019adresse \u00e0 un large public francophone et couvre l\u2019information tunisienne en temps r\u00e9el.","email":"redac@webdo.tn","legalName":"YNJ SARL","foundingDate":"2010-09-06","numberOfEmployees":{"@type":"QuantitativeValue","minValue":"11","maxValue":"50"}},{"@type":"Person","@id":"https:\/\/www.webdo.tn\/fr\/#\/schema\/person\/60d5ba619ed3f58783b0dc82b7dada80","name":"Ne\u00efla DRISS","image":{"@type":"ImageObject","inLanguage":"fr-FR","@id":"https:\/\/www.webdo.tn\/fr\/wp-content\/uploads\/2026\/04\/neila-driss_avatar-96x96.jpg","url":"https:\/\/www.webdo.tn\/fr\/wp-content\/uploads\/2026\/04\/neila-driss_avatar-96x96.jpg","contentUrl":"https:\/\/www.webdo.tn\/fr\/wp-content\/uploads\/2026\/04\/neila-driss_avatar-96x96.jpg","caption":"Ne\u00efla DRISS"},"description":"Ne\u00efla Driss est juriste, journaliste culturelle et critique de cin\u00e9ma tunisienne. Titulaire d\u2019un DEA en droit priv\u00e9 de l\u2019Universit\u00e9 Paris II et d\u2019un DESS de l\u2019IHEC Carthage, elle d\u00e9bute sa carri\u00e8re comme juriste sp\u00e9cialis\u00e9e en gestion de patrimoine immobilier. Elle s\u2019oriente ensuite vers l\u2019\u00e9criture en ligne, o\u00f9 elle se distingue d\u00e8s 2006 aux Tunisia Blog Awards, avant de se consacrer au journalisme culturel, avec une sp\u00e9cialisation dans la critique cin\u00e9matographique. Elle couvre r\u00e9guli\u00e8rement les grands festivals internationaux, notamment le Festival de Cannes, les Journ\u00e9es Cin\u00e9matographiques de Carthage et le Festival du film du Caire. Membre de l\u2019ATPCC et de la FIPRESCI, elle participe \u00e0 des jurys et initiatives internationales de critique. Depuis 2024, elle est \u00e9lectrice internationale aux Golden Globes. Facebook : https:\/\/www.facebook.com\/massir.destiniii\/ X : https:\/\/x.com\/MassirDestin","sameAs":["https:\/\/www.facebook.com\/massir.destiniii\/","https:\/\/www.instagram.com\/neila.driss\/?hl=fr","https:\/\/www.linkedin.com\/in\/neila-driss-22606a80\/","https:\/\/x.com\/https:\/\/x.com\/MassirDestin"],"knowsAbout":["Cin\u00e9ma international","critique cin\u00e9matographique","festivals de cin\u00e9ma","journalisme culturel"],"knowsLanguage":["Fran\u00e7ais","Arabe","Anglais"],"jobTitle":"Journaliste culturelle et critique de cin\u00e9ma","worksFor":"Webdo","url":"https:\/\/www.webdo.tn\/fr\/actualite\/author\/neila-driss\/"}]}},"_links":{"self":[{"href":"https:\/\/www.webdo.tn\/fr\/wp-json\/wp\/v2\/posts\/213690","targetHints":{"allow":["GET"]}}],"collection":[{"href":"https:\/\/www.webdo.tn\/fr\/wp-json\/wp\/v2\/posts"}],"about":[{"href":"https:\/\/www.webdo.tn\/fr\/wp-json\/wp\/v2\/types\/post"}],"author":[{"embeddable":true,"href":"https:\/\/www.webdo.tn\/fr\/wp-json\/wp\/v2\/users\/3164"}],"replies":[{"embeddable":true,"href":"https:\/\/www.webdo.tn\/fr\/wp-json\/wp\/v2\/comments?post=213690"}],"version-history":[{"count":0,"href":"https:\/\/www.webdo.tn\/fr\/wp-json\/wp\/v2\/posts\/213690\/revisions"}],"wp:featuredmedia":[{"embeddable":true,"href":"https:\/\/www.webdo.tn\/fr\/wp-json\/wp\/v2\/media\/247548"}],"wp:attachment":[{"href":"https:\/\/www.webdo.tn\/fr\/wp-json\/wp\/v2\/media?parent=213690"}],"wp:term":[{"taxonomy":"category","embeddable":true,"href":"https:\/\/www.webdo.tn\/fr\/wp-json\/wp\/v2\/categories?post=213690"},{"taxonomy":"post_tag","embeddable":true,"href":"https:\/\/www.webdo.tn\/fr\/wp-json\/wp\/v2\/tags?post=213690"}],"curies":[{"name":"wp","href":"https:\/\/api.w.org\/{rel}","templated":true}]}}