{"id":213685,"date":"2024-04-20T14:46:00","date_gmt":"2024-04-20T14:46:00","guid":{"rendered":"https:\/\/www.webdo.tn\/fr\/blog\/cannes-2024-l-affiche-de-la-77eme-edition-devoilee\/213685\/"},"modified":"2025-05-21T08:55:58","modified_gmt":"2025-05-21T08:55:58","slug":"cannes-2024-l-affiche-de-la-77eme-edition-devoilee","status":"publish","type":"post","link":"https:\/\/www.webdo.tn\/fr\/actualite\/culture\/cannes-2024-l-affiche-de-la-77eme-edition-devoilee\/213685\/","title":{"rendered":"Cannes 2024 \u2013 L\u2019affiche de la 77\u00e8me \u00e9dition d\u00e9voil\u00e9e"},"content":{"rendered":"<div class=\"single-body entry-content typography-copy\" itemprop=\"articleBody\">\n<p style=\"font-weight: bold; text-align: justify\">\n\t\t\t\t\t\t\t\t\tCannes 2024 \u2013 L\u2019affiche de la 77\u00e8me \u00e9dition d\u00e9voil\u00e9e\n\t\t\t\t\t\t\t\t<\/p>\n<div class=\"coprs\" style=\"text-align: center\"><\/div>\n<div class=\"coprs\" style=\"text-align: justify\">\n<p><span><span>Le rideau se l\u00e8ve sur l&rsquo;une des traditions les plus attendues de l&rsquo;industrie cin\u00e9matographique mondiale : le Festival de Cannes. Cette ann\u00e9e, alors que le monde se tourne vers la 77e \u00e9dition de cet \u00e9v\u00e9nement embl\u00e9matique, l&rsquo;attention est irr\u00e9m\u00e9diablement captiv\u00e9e par la r\u00e9v\u00e9lation de l&rsquo;affiche officielle. Un instant o\u00f9 l&rsquo;art du cin\u00e9ma fusionne avec la vision cr\u00e9ative des artistes graphiques, capturant l&rsquo;essence m\u00eame de la magie cin\u00e9matographique.<\/span><\/span><\/p>\n<p><span><span>L&rsquo;affiche, une fen\u00eatre ouverte sur le monde des films, \u00e9mane une aura de po\u00e9sie et de profondeur. Inspir\u00e9e de l&rsquo;\u0153uvre \u00e9mouvante de <em>Rhapsodie en ao\u00fbt<\/em>, r\u00e9alis\u00e9e par le l\u00e9gendaire ma\u00eetre japonais Akira Kurosawa, elle \u00e9voque des \u00e9motions subtiles et des r\u00e9flexions profondes. En choisissant cette sc\u00e8ne tir\u00e9e de ce film pr\u00e9sent\u00e9 Hors Comp\u00e9tition \u00e0 Cannes en 1991, les organisateurs honorent non seulement l&rsquo;\u0153uvre de Kurosawa, mais \u00e9galement la capacit\u00e9 du cin\u00e9ma \u00e0 transcender les fronti\u00e8res temporelles et culturelles.<\/span><\/span><\/p>\n<p><span><span>Dans <em>Rhapsodie en ao\u00fbt<\/em>, Kurosawa tisse un r\u00e9cit poignant autour d&rsquo;une grand-m\u00e8re, survivante du bombardement de Nagasaki en 1945, qui transmet \u00e0 ses descendants un message intemporel de paix, d&rsquo;amour et de r\u00e9silience. Cette affiche devient ainsi le miroir de la salle de cin\u00e9ma, refl\u00e9tant la mission fondamentale de l&rsquo;art cin\u00e9matographique : celle d&rsquo;offrir une voix \u00e0 ceux qui sont r\u00e9duits au silence, de gu\u00e9rir les blessures de l&rsquo;\u00e2me et de pr\u00e9server la m\u00e9moire collective.<\/span><\/span><\/p>\n<p>\u00a0<\/p>\n<p><img decoding=\"async\" alt=\"\" height=\"850\" src=\"\/assets\/uploads\/images\/\/Neila\/CANNES%202024_220x300mm_72dpi_RVB.jpg\" width=\"624\"><\/p>\n<p>\u00a0<\/p>\n<p><span><span>La cr\u00e9ativit\u00e9 visuelle derri\u00e8re cette affiche, r\u00e9alis\u00e9e par Hartland Villa (Lionel Avignon, Stefan de Vivies), est une ode \u00e0 l&rsquo;universalit\u00e9 du langage cin\u00e9matographique. En combinant habilement l&rsquo;esth\u00e9tique du film de Kurosawa avec une vision contemporaine, les artistes graphiques parviennent \u00e0 capturer l&rsquo;essence m\u00eame du cin\u00e9ma : une force transcendante qui unit les peuples, \u00e9veille les consciences et inspire le changement.<\/span><\/span><\/p>\n<p><span><span>Cette r\u00e9v\u00e9lation n&rsquo;est pas simplement un \u00e9v\u00e9nement artistique, mais aussi un marqueur temporel crucial. Elle annonce le d\u00e9but imminent du 77e Festival de Cannes, qui se d\u00e9roulera du mardi 14 au samedi 25 mai 2024. Ces dates marqueront un rendez-vous incontournable pour les cin\u00e9philes du monde entier, offrant une plateforme pour la c\u00e9l\u00e9bration de la diversit\u00e9 culturelle et la reconnaissance des talents \u00e9mergents.<\/span><\/span><\/p>\n<p><span><span>En r\u00e9v\u00e9lant cette affiche, le Festival de Cannes affirme son engagement ind\u00e9fectible envers le pouvoir du cin\u00e9ma en tant que catalyseur de changement et de compr\u00e9hension mutuelle. Dans un monde marqu\u00e9 par la division et l&rsquo;incertitude, le festival continue de rayonner comme un phare d&rsquo;espoir et de r\u00e9conciliation, rappelant \u00e0 tous que, dans les t\u00e9n\u00e8bres les plus sombres, la lumi\u00e8re du cin\u00e9ma brille toujours.<\/span><\/span><\/p>\n<p><span><span>Dans un hommage poignant \u00e0 l&rsquo;\u0153uvre de Kurosawa et \u00e0 la puissance du cin\u00e9ma, cette affiche incarne l&rsquo;esprit m\u00eame du Festival de Cannes : celui de l&rsquo;unit\u00e9, de la cr\u00e9ativit\u00e9 et de la r\u00e9silience face \u00e0 l&rsquo;adversit\u00e9. Alors que les projecteurs se pr\u00e9parent \u00e0 s&rsquo;allumer sur la Croisette, le monde attend avec impatience l&rsquo;ouverture de ce chapitre m\u00e9morable dans l&rsquo;histoire du cin\u00e9ma mondial.<\/span><\/span><\/p>\n<p><span><span><strong><span>Ne\u00efla Driss<\/span><\/strong><\/span><\/span><\/p>\n<p><img decoding=\"async\" alt=\"\" height=\"320\" src=\"\/assets\/uploads\/images\/\/Neila\/CANNES%202024_SIGNATURES_WEB_800X160_1.jpeg\" width=\"1600\"><\/p>\n<p>\u00a0<\/p>\n<\/p><\/div>\n<div class=\"coprs\" style=\"text-align: center\"><\/div><\/div>\n","protected":false},"excerpt":{"rendered":"<p>Cannes 2024 \u2013 L\u2019affiche de la 77\u00e8me \u00e9dition d\u00e9voil\u00e9e<\/p>\n","protected":false},"author":3164,"featured_media":247537,"comment_status":"open","ping_status":"closed","sticky":false,"template":"","format":"standard","meta":{"footnotes":""},"categories":[2594],"tags":[3054,4180,2627],"class_list":["post-213685","post","type-post","status-publish","format-standard","has-post-thumbnail","hentry","category-culture","tag-affiche","tag-cannes-2024","tag-festival-de-cannes"],"yoast_head":"<!-- This site is optimized with the Yoast SEO Premium plugin v27.4 (Yoast SEO v27.4) - https:\/\/yoast.com\/product\/yoast-seo-premium-wordpress\/ -->\n<title>Cannes 2024 \u2013 L\u2019affiche de la 77\u00e8me \u00e9dition d\u00e9voil\u00e9e<\/title>\n<meta name=\"description\" content=\"Cannes 2024 \u2013 L\u2019affiche de la 77\u00e8me \u00e9dition d\u00e9voil\u00e9e\" \/>\n<link rel=\"canonical\" href=\"https:\/\/www.webdo.tn\/fr\/actualite\/culture\/cannes-2024-l-affiche-de-la-77eme-edition-devoilee\/213685\/\" \/>\n<meta property=\"og:locale\" content=\"fr_FR\" \/>\n<meta property=\"og:type\" content=\"article\" \/>\n<meta property=\"og:title\" content=\"Cannes 2024 \u2013 L\u2019affiche de la 77\u00e8me \u00e9dition d\u00e9voil\u00e9e\" \/>\n<meta property=\"og:description\" content=\"Cannes 2024 \u2013 L\u2019affiche de la 77\u00e8me \u00e9dition d\u00e9voil\u00e9e\" \/>\n<meta property=\"og:url\" content=\"https:\/\/www.webdo.tn\/fr\/actualite\/culture\/cannes-2024-l-affiche-de-la-77eme-edition-devoilee\/213685\/\" \/>\n<meta property=\"og:site_name\" content=\"webdo\" \/>\n<meta property=\"article:publisher\" content=\"https:\/\/www.facebook.com\/webdotn\" \/>\n<meta property=\"article:author\" content=\"https:\/\/www.facebook.com\/massir.destiniii\/\" \/>\n<meta property=\"article:published_time\" content=\"2024-04-20T14:46:00+00:00\" \/>\n<meta property=\"article:modified_time\" content=\"2025-05-21T08:55:58+00:00\" \/>\n<meta property=\"og:image\" content=\"https:\/\/www.webdo.tn\/fr\/wp-content\/uploads\/2024\/04\/320696d76905771024d1434e4e2ab218.webp\" \/>\n\t<meta property=\"og:image:width\" content=\"750\" \/>\n\t<meta property=\"og:image:height\" content=\"400\" \/>\n\t<meta property=\"og:image:type\" content=\"image\/webp\" \/>\n<meta name=\"author\" content=\"Ne\u00efla DRISS\" \/>\n<meta name=\"twitter:card\" content=\"summary_large_image\" \/>\n<meta name=\"twitter:creator\" content=\"@https:\/\/x.com\/MassirDestin\" \/>\n<meta name=\"twitter:site\" content=\"@webdo_tn\" \/>\n<meta name=\"twitter:label1\" content=\"\u00c9crit par\" \/>\n\t<meta name=\"twitter:data1\" content=\"Ne\u00efla DRISS\" \/>\n\t<meta name=\"twitter:label2\" content=\"Dur\u00e9e de lecture estim\u00e9e\" \/>\n\t<meta name=\"twitter:data2\" content=\"3 minutes\" \/>\n<script type=\"application\/ld+json\" class=\"yoast-schema-graph\">{\"@context\":\"https:\\\/\\\/schema.org\",\"@graph\":[{\"@type\":\"NewsArticle\",\"@id\":\"https:\\\/\\\/www.webdo.tn\\\/fr\\\/actualite\\\/culture\\\/cannes-2024-l-affiche-de-la-77eme-edition-devoilee\\\/213685\\\/#article\",\"isPartOf\":{\"@id\":\"https:\\\/\\\/www.webdo.tn\\\/fr\\\/actualite\\\/culture\\\/cannes-2024-l-affiche-de-la-77eme-edition-devoilee\\\/213685\\\/\"},\"author\":{\"name\":\"Ne\u00efla DRISS\",\"@id\":\"https:\\\/\\\/www.webdo.tn\\\/fr\\\/#\\\/schema\\\/person\\\/60d5ba619ed3f58783b0dc82b7dada80\"},\"headline\":\"Cannes 2024 \u2013 L\u2019affiche de la 77\u00e8me \u00e9dition d\u00e9voil\u00e9e\",\"datePublished\":\"2024-04-20T14:46:00+00:00\",\"dateModified\":\"2025-05-21T08:55:58+00:00\",\"mainEntityOfPage\":{\"@id\":\"https:\\\/\\\/www.webdo.tn\\\/fr\\\/actualite\\\/culture\\\/cannes-2024-l-affiche-de-la-77eme-edition-devoilee\\\/213685\\\/\"},\"wordCount\":573,\"commentCount\":0,\"publisher\":{\"@id\":\"https:\\\/\\\/www.webdo.tn\\\/fr\\\/#organization\"},\"image\":{\"@id\":\"https:\\\/\\\/www.webdo.tn\\\/fr\\\/actualite\\\/culture\\\/cannes-2024-l-affiche-de-la-77eme-edition-devoilee\\\/213685\\\/#primaryimage\"},\"thumbnailUrl\":\"https:\\\/\\\/www.webdo.tn\\\/fr\\\/wp-content\\\/uploads\\\/2024\\\/04\\\/320696d76905771024d1434e4e2ab218.webp\",\"keywords\":[\"Affiche\",\"Cannes 2024\",\"Festival de Cannes\"],\"articleSection\":[\"Culture\"],\"inLanguage\":\"fr-FR\"},{\"@type\":\"WebPage\",\"@id\":\"https:\\\/\\\/www.webdo.tn\\\/fr\\\/actualite\\\/culture\\\/cannes-2024-l-affiche-de-la-77eme-edition-devoilee\\\/213685\\\/\",\"url\":\"https:\\\/\\\/www.webdo.tn\\\/fr\\\/actualite\\\/culture\\\/cannes-2024-l-affiche-de-la-77eme-edition-devoilee\\\/213685\\\/\",\"name\":\"Cannes 2024 \u2013 L\u2019affiche de la 77\u00e8me \u00e9dition d\u00e9voil\u00e9e\",\"isPartOf\":{\"@id\":\"https:\\\/\\\/www.webdo.tn\\\/fr\\\/#website\"},\"primaryImageOfPage\":{\"@id\":\"https:\\\/\\\/www.webdo.tn\\\/fr\\\/actualite\\\/culture\\\/cannes-2024-l-affiche-de-la-77eme-edition-devoilee\\\/213685\\\/#primaryimage\"},\"image\":{\"@id\":\"https:\\\/\\\/www.webdo.tn\\\/fr\\\/actualite\\\/culture\\\/cannes-2024-l-affiche-de-la-77eme-edition-devoilee\\\/213685\\\/#primaryimage\"},\"thumbnailUrl\":\"https:\\\/\\\/www.webdo.tn\\\/fr\\\/wp-content\\\/uploads\\\/2024\\\/04\\\/320696d76905771024d1434e4e2ab218.webp\",\"datePublished\":\"2024-04-20T14:46:00+00:00\",\"dateModified\":\"2025-05-21T08:55:58+00:00\",\"description\":\"Cannes 2024 \u2013 L\u2019affiche de la 77\u00e8me \u00e9dition d\u00e9voil\u00e9e\",\"breadcrumb\":{\"@id\":\"https:\\\/\\\/www.webdo.tn\\\/fr\\\/actualite\\\/culture\\\/cannes-2024-l-affiche-de-la-77eme-edition-devoilee\\\/213685\\\/#breadcrumb\"},\"inLanguage\":\"fr-FR\",\"potentialAction\":[{\"@type\":\"ReadAction\",\"target\":[\"https:\\\/\\\/www.webdo.tn\\\/fr\\\/actualite\\\/culture\\\/cannes-2024-l-affiche-de-la-77eme-edition-devoilee\\\/213685\\\/\"]}]},{\"@type\":\"ImageObject\",\"inLanguage\":\"fr-FR\",\"@id\":\"https:\\\/\\\/www.webdo.tn\\\/fr\\\/actualite\\\/culture\\\/cannes-2024-l-affiche-de-la-77eme-edition-devoilee\\\/213685\\\/#primaryimage\",\"url\":\"https:\\\/\\\/www.webdo.tn\\\/fr\\\/wp-content\\\/uploads\\\/2024\\\/04\\\/320696d76905771024d1434e4e2ab218.webp\",\"contentUrl\":\"https:\\\/\\\/www.webdo.tn\\\/fr\\\/wp-content\\\/uploads\\\/2024\\\/04\\\/320696d76905771024d1434e4e2ab218.webp\",\"width\":750,\"height\":400,\"caption\":\"Cannes 2024 \u2013 L\u2019affiche de la 77\u00e8me \u00e9dition d\u00e9voil\u00e9e\"},{\"@type\":\"BreadcrumbList\",\"@id\":\"https:\\\/\\\/www.webdo.tn\\\/fr\\\/actualite\\\/culture\\\/cannes-2024-l-affiche-de-la-77eme-edition-devoilee\\\/213685\\\/#breadcrumb\",\"itemListElement\":[{\"@type\":\"ListItem\",\"position\":1,\"name\":\"Accueil\",\"item\":\"https:\\\/\\\/www.webdo.tn\\\/fr\\\/\"},{\"@type\":\"ListItem\",\"position\":2,\"name\":\"Cannes 2024 \u2013 L\u2019affiche de la 77\u00e8me \u00e9dition d\u00e9voil\u00e9e\"}]},{\"@type\":\"WebSite\",\"@id\":\"https:\\\/\\\/www.webdo.tn\\\/fr\\\/#website\",\"url\":\"https:\\\/\\\/www.webdo.tn\\\/fr\\\/\",\"name\":\"webdo\",\"description\":\"Tunisie - News en Tunisie et \u00e0 l&#039;international sur Webdo.tn\",\"publisher\":{\"@id\":\"https:\\\/\\\/www.webdo.tn\\\/fr\\\/#organization\"},\"potentialAction\":[{\"@type\":\"SearchAction\",\"target\":{\"@type\":\"EntryPoint\",\"urlTemplate\":\"https:\\\/\\\/www.webdo.tn\\\/fr\\\/?s={search_term_string}\"},\"query-input\":{\"@type\":\"PropertyValueSpecification\",\"valueRequired\":true,\"valueName\":\"search_term_string\"}}],\"inLanguage\":\"fr-FR\"},{\"@type\":\"Organization\",\"@id\":\"https:\\\/\\\/www.webdo.tn\\\/fr\\\/#organization\",\"name\":\"Webdo\",\"alternateName\":\"Webdo.tn\",\"url\":\"https:\\\/\\\/www.webdo.tn\\\/fr\\\/\",\"logo\":{\"@type\":\"ImageObject\",\"inLanguage\":\"fr-FR\",\"@id\":\"https:\\\/\\\/www.webdo.tn\\\/fr\\\/#\\\/schema\\\/logo\\\/image\\\/\",\"url\":\"https:\\\/\\\/www.webdo.tn\\\/fr\\\/wp-content\\\/uploads\\\/2025\\\/06\\\/Webdo-Tunisie_168377.jpg\",\"contentUrl\":\"https:\\\/\\\/www.webdo.tn\\\/fr\\\/wp-content\\\/uploads\\\/2025\\\/06\\\/Webdo-Tunisie_168377.jpg\",\"width\":301,\"height\":301,\"caption\":\"Webdo\"},\"image\":{\"@id\":\"https:\\\/\\\/www.webdo.tn\\\/fr\\\/#\\\/schema\\\/logo\\\/image\\\/\"},\"sameAs\":[\"https:\\\/\\\/www.facebook.com\\\/webdotn\",\"https:\\\/\\\/x.com\\\/webdo_tn\"],\"description\":\"Webdo est un m\u00e9dia num\u00e9rique tunisien fond\u00e9 en 2010, sp\u00e9cialis\u00e9 dans l\u2019actualit\u00e9 nationale et internationale, l\u2019\u00e9conomie, la soci\u00e9t\u00e9 et les analyses politiques. Le site s\u2019adresse \u00e0 un large public francophone et couvre l\u2019information tunisienne en temps r\u00e9el.\",\"email\":\"redac@webdo.tn\",\"legalName\":\"YNJ SARL\",\"foundingDate\":\"2010-09-06\",\"numberOfEmployees\":{\"@type\":\"QuantitativeValue\",\"minValue\":\"11\",\"maxValue\":\"50\"}},{\"@type\":\"Person\",\"@id\":\"https:\\\/\\\/www.webdo.tn\\\/fr\\\/#\\\/schema\\\/person\\\/60d5ba619ed3f58783b0dc82b7dada80\",\"name\":\"Ne\u00efla DRISS\",\"image\":{\"@type\":\"ImageObject\",\"inLanguage\":\"fr-FR\",\"@id\":\"https:\\\/\\\/www.webdo.tn\\\/fr\\\/wp-content\\\/uploads\\\/2026\\\/04\\\/neila-driss_avatar-96x96.jpg\",\"url\":\"https:\\\/\\\/www.webdo.tn\\\/fr\\\/wp-content\\\/uploads\\\/2026\\\/04\\\/neila-driss_avatar-96x96.jpg\",\"contentUrl\":\"https:\\\/\\\/www.webdo.tn\\\/fr\\\/wp-content\\\/uploads\\\/2026\\\/04\\\/neila-driss_avatar-96x96.jpg\",\"caption\":\"Ne\u00efla DRISS\"},\"description\":\"Ne\u00efla Driss est juriste, journaliste culturelle et critique de cin\u00e9ma tunisienne. Titulaire d\u2019un DEA en droit priv\u00e9 de l\u2019Universit\u00e9 Paris II et d\u2019un DESS de l\u2019IHEC Carthage, elle d\u00e9bute sa carri\u00e8re comme juriste sp\u00e9cialis\u00e9e en gestion de patrimoine immobilier. Elle s\u2019oriente ensuite vers l\u2019\u00e9criture en ligne, o\u00f9 elle se distingue d\u00e8s 2006 aux Tunisia Blog Awards, avant de se consacrer au journalisme culturel, avec une sp\u00e9cialisation dans la critique cin\u00e9matographique. Elle couvre r\u00e9guli\u00e8rement les grands festivals internationaux, notamment le Festival de Cannes, les Journ\u00e9es Cin\u00e9matographiques de Carthage et le Festival du film du Caire. Membre de l\u2019ATPCC et de la FIPRESCI, elle participe \u00e0 des jurys et initiatives internationales de critique. Depuis 2024, elle est \u00e9lectrice internationale aux Golden Globes. Facebook : https:\\\/\\\/www.facebook.com\\\/massir.destiniii\\\/ X : https:\\\/\\\/x.com\\\/MassirDestin\",\"sameAs\":[\"https:\\\/\\\/www.facebook.com\\\/massir.destiniii\\\/\",\"https:\\\/\\\/www.instagram.com\\\/neila.driss\\\/?hl=fr\",\"https:\\\/\\\/www.linkedin.com\\\/in\\\/neila-driss-22606a80\\\/\",\"https:\\\/\\\/x.com\\\/https:\\\/\\\/x.com\\\/MassirDestin\"],\"knowsAbout\":[\"Cin\u00e9ma international\",\"critique cin\u00e9matographique\",\"festivals de cin\u00e9ma\",\"journalisme culturel\"],\"knowsLanguage\":[\"Fran\u00e7ais\",\"Arabe\",\"Anglais\"],\"jobTitle\":\"Journaliste culturelle et critique de cin\u00e9ma\",\"worksFor\":\"Webdo\",\"url\":\"https:\\\/\\\/www.webdo.tn\\\/fr\\\/actualite\\\/author\\\/neila-driss\\\/\"}]}<\/script>\n<!-- \/ Yoast SEO Premium plugin. -->","yoast_head_json":{"title":"Cannes 2024 \u2013 L\u2019affiche de la 77\u00e8me \u00e9dition d\u00e9voil\u00e9e","description":"Cannes 2024 \u2013 L\u2019affiche de la 77\u00e8me \u00e9dition d\u00e9voil\u00e9e","canonical":"https:\/\/www.webdo.tn\/fr\/actualite\/culture\/cannes-2024-l-affiche-de-la-77eme-edition-devoilee\/213685\/","og_locale":"fr_FR","og_type":"article","og_title":"Cannes 2024 \u2013 L\u2019affiche de la 77\u00e8me \u00e9dition d\u00e9voil\u00e9e","og_description":"Cannes 2024 \u2013 L\u2019affiche de la 77\u00e8me \u00e9dition d\u00e9voil\u00e9e","og_url":"https:\/\/www.webdo.tn\/fr\/actualite\/culture\/cannes-2024-l-affiche-de-la-77eme-edition-devoilee\/213685\/","og_site_name":"webdo","article_publisher":"https:\/\/www.facebook.com\/webdotn","article_author":"https:\/\/www.facebook.com\/massir.destiniii\/","article_published_time":"2024-04-20T14:46:00+00:00","article_modified_time":"2025-05-21T08:55:58+00:00","og_image":[{"width":750,"height":400,"url":"https:\/\/www.webdo.tn\/fr\/wp-content\/uploads\/2024\/04\/320696d76905771024d1434e4e2ab218.webp","type":"image\/webp"}],"author":"Ne\u00efla DRISS","twitter_card":"summary_large_image","twitter_creator":"@https:\/\/x.com\/MassirDestin","twitter_site":"@webdo_tn","twitter_misc":{"\u00c9crit par":"Ne\u00efla DRISS","Dur\u00e9e de lecture estim\u00e9e":"3 minutes"},"schema":{"@context":"https:\/\/schema.org","@graph":[{"@type":"NewsArticle","@id":"https:\/\/www.webdo.tn\/fr\/actualite\/culture\/cannes-2024-l-affiche-de-la-77eme-edition-devoilee\/213685\/#article","isPartOf":{"@id":"https:\/\/www.webdo.tn\/fr\/actualite\/culture\/cannes-2024-l-affiche-de-la-77eme-edition-devoilee\/213685\/"},"author":{"name":"Ne\u00efla DRISS","@id":"https:\/\/www.webdo.tn\/fr\/#\/schema\/person\/60d5ba619ed3f58783b0dc82b7dada80"},"headline":"Cannes 2024 \u2013 L\u2019affiche de la 77\u00e8me \u00e9dition d\u00e9voil\u00e9e","datePublished":"2024-04-20T14:46:00+00:00","dateModified":"2025-05-21T08:55:58+00:00","mainEntityOfPage":{"@id":"https:\/\/www.webdo.tn\/fr\/actualite\/culture\/cannes-2024-l-affiche-de-la-77eme-edition-devoilee\/213685\/"},"wordCount":573,"commentCount":0,"publisher":{"@id":"https:\/\/www.webdo.tn\/fr\/#organization"},"image":{"@id":"https:\/\/www.webdo.tn\/fr\/actualite\/culture\/cannes-2024-l-affiche-de-la-77eme-edition-devoilee\/213685\/#primaryimage"},"thumbnailUrl":"https:\/\/www.webdo.tn\/fr\/wp-content\/uploads\/2024\/04\/320696d76905771024d1434e4e2ab218.webp","keywords":["Affiche","Cannes 2024","Festival de Cannes"],"articleSection":["Culture"],"inLanguage":"fr-FR"},{"@type":"WebPage","@id":"https:\/\/www.webdo.tn\/fr\/actualite\/culture\/cannes-2024-l-affiche-de-la-77eme-edition-devoilee\/213685\/","url":"https:\/\/www.webdo.tn\/fr\/actualite\/culture\/cannes-2024-l-affiche-de-la-77eme-edition-devoilee\/213685\/","name":"Cannes 2024 \u2013 L\u2019affiche de la 77\u00e8me \u00e9dition d\u00e9voil\u00e9e","isPartOf":{"@id":"https:\/\/www.webdo.tn\/fr\/#website"},"primaryImageOfPage":{"@id":"https:\/\/www.webdo.tn\/fr\/actualite\/culture\/cannes-2024-l-affiche-de-la-77eme-edition-devoilee\/213685\/#primaryimage"},"image":{"@id":"https:\/\/www.webdo.tn\/fr\/actualite\/culture\/cannes-2024-l-affiche-de-la-77eme-edition-devoilee\/213685\/#primaryimage"},"thumbnailUrl":"https:\/\/www.webdo.tn\/fr\/wp-content\/uploads\/2024\/04\/320696d76905771024d1434e4e2ab218.webp","datePublished":"2024-04-20T14:46:00+00:00","dateModified":"2025-05-21T08:55:58+00:00","description":"Cannes 2024 \u2013 L\u2019affiche de la 77\u00e8me \u00e9dition d\u00e9voil\u00e9e","breadcrumb":{"@id":"https:\/\/www.webdo.tn\/fr\/actualite\/culture\/cannes-2024-l-affiche-de-la-77eme-edition-devoilee\/213685\/#breadcrumb"},"inLanguage":"fr-FR","potentialAction":[{"@type":"ReadAction","target":["https:\/\/www.webdo.tn\/fr\/actualite\/culture\/cannes-2024-l-affiche-de-la-77eme-edition-devoilee\/213685\/"]}]},{"@type":"ImageObject","inLanguage":"fr-FR","@id":"https:\/\/www.webdo.tn\/fr\/actualite\/culture\/cannes-2024-l-affiche-de-la-77eme-edition-devoilee\/213685\/#primaryimage","url":"https:\/\/www.webdo.tn\/fr\/wp-content\/uploads\/2024\/04\/320696d76905771024d1434e4e2ab218.webp","contentUrl":"https:\/\/www.webdo.tn\/fr\/wp-content\/uploads\/2024\/04\/320696d76905771024d1434e4e2ab218.webp","width":750,"height":400,"caption":"Cannes 2024 \u2013 L\u2019affiche de la 77\u00e8me \u00e9dition d\u00e9voil\u00e9e"},{"@type":"BreadcrumbList","@id":"https:\/\/www.webdo.tn\/fr\/actualite\/culture\/cannes-2024-l-affiche-de-la-77eme-edition-devoilee\/213685\/#breadcrumb","itemListElement":[{"@type":"ListItem","position":1,"name":"Accueil","item":"https:\/\/www.webdo.tn\/fr\/"},{"@type":"ListItem","position":2,"name":"Cannes 2024 \u2013 L\u2019affiche de la 77\u00e8me \u00e9dition d\u00e9voil\u00e9e"}]},{"@type":"WebSite","@id":"https:\/\/www.webdo.tn\/fr\/#website","url":"https:\/\/www.webdo.tn\/fr\/","name":"webdo","description":"Tunisie - News en Tunisie et \u00e0 l&#039;international sur Webdo.tn","publisher":{"@id":"https:\/\/www.webdo.tn\/fr\/#organization"},"potentialAction":[{"@type":"SearchAction","target":{"@type":"EntryPoint","urlTemplate":"https:\/\/www.webdo.tn\/fr\/?s={search_term_string}"},"query-input":{"@type":"PropertyValueSpecification","valueRequired":true,"valueName":"search_term_string"}}],"inLanguage":"fr-FR"},{"@type":"Organization","@id":"https:\/\/www.webdo.tn\/fr\/#organization","name":"Webdo","alternateName":"Webdo.tn","url":"https:\/\/www.webdo.tn\/fr\/","logo":{"@type":"ImageObject","inLanguage":"fr-FR","@id":"https:\/\/www.webdo.tn\/fr\/#\/schema\/logo\/image\/","url":"https:\/\/www.webdo.tn\/fr\/wp-content\/uploads\/2025\/06\/Webdo-Tunisie_168377.jpg","contentUrl":"https:\/\/www.webdo.tn\/fr\/wp-content\/uploads\/2025\/06\/Webdo-Tunisie_168377.jpg","width":301,"height":301,"caption":"Webdo"},"image":{"@id":"https:\/\/www.webdo.tn\/fr\/#\/schema\/logo\/image\/"},"sameAs":["https:\/\/www.facebook.com\/webdotn","https:\/\/x.com\/webdo_tn"],"description":"Webdo est un m\u00e9dia num\u00e9rique tunisien fond\u00e9 en 2010, sp\u00e9cialis\u00e9 dans l\u2019actualit\u00e9 nationale et internationale, l\u2019\u00e9conomie, la soci\u00e9t\u00e9 et les analyses politiques. Le site s\u2019adresse \u00e0 un large public francophone et couvre l\u2019information tunisienne en temps r\u00e9el.","email":"redac@webdo.tn","legalName":"YNJ SARL","foundingDate":"2010-09-06","numberOfEmployees":{"@type":"QuantitativeValue","minValue":"11","maxValue":"50"}},{"@type":"Person","@id":"https:\/\/www.webdo.tn\/fr\/#\/schema\/person\/60d5ba619ed3f58783b0dc82b7dada80","name":"Ne\u00efla DRISS","image":{"@type":"ImageObject","inLanguage":"fr-FR","@id":"https:\/\/www.webdo.tn\/fr\/wp-content\/uploads\/2026\/04\/neila-driss_avatar-96x96.jpg","url":"https:\/\/www.webdo.tn\/fr\/wp-content\/uploads\/2026\/04\/neila-driss_avatar-96x96.jpg","contentUrl":"https:\/\/www.webdo.tn\/fr\/wp-content\/uploads\/2026\/04\/neila-driss_avatar-96x96.jpg","caption":"Ne\u00efla DRISS"},"description":"Ne\u00efla Driss est juriste, journaliste culturelle et critique de cin\u00e9ma tunisienne. Titulaire d\u2019un DEA en droit priv\u00e9 de l\u2019Universit\u00e9 Paris II et d\u2019un DESS de l\u2019IHEC Carthage, elle d\u00e9bute sa carri\u00e8re comme juriste sp\u00e9cialis\u00e9e en gestion de patrimoine immobilier. Elle s\u2019oriente ensuite vers l\u2019\u00e9criture en ligne, o\u00f9 elle se distingue d\u00e8s 2006 aux Tunisia Blog Awards, avant de se consacrer au journalisme culturel, avec une sp\u00e9cialisation dans la critique cin\u00e9matographique. Elle couvre r\u00e9guli\u00e8rement les grands festivals internationaux, notamment le Festival de Cannes, les Journ\u00e9es Cin\u00e9matographiques de Carthage et le Festival du film du Caire. Membre de l\u2019ATPCC et de la FIPRESCI, elle participe \u00e0 des jurys et initiatives internationales de critique. Depuis 2024, elle est \u00e9lectrice internationale aux Golden Globes. Facebook : https:\/\/www.facebook.com\/massir.destiniii\/ X : https:\/\/x.com\/MassirDestin","sameAs":["https:\/\/www.facebook.com\/massir.destiniii\/","https:\/\/www.instagram.com\/neila.driss\/?hl=fr","https:\/\/www.linkedin.com\/in\/neila-driss-22606a80\/","https:\/\/x.com\/https:\/\/x.com\/MassirDestin"],"knowsAbout":["Cin\u00e9ma international","critique cin\u00e9matographique","festivals de cin\u00e9ma","journalisme culturel"],"knowsLanguage":["Fran\u00e7ais","Arabe","Anglais"],"jobTitle":"Journaliste culturelle et critique de cin\u00e9ma","worksFor":"Webdo","url":"https:\/\/www.webdo.tn\/fr\/actualite\/author\/neila-driss\/"}]}},"_links":{"self":[{"href":"https:\/\/www.webdo.tn\/fr\/wp-json\/wp\/v2\/posts\/213685","targetHints":{"allow":["GET"]}}],"collection":[{"href":"https:\/\/www.webdo.tn\/fr\/wp-json\/wp\/v2\/posts"}],"about":[{"href":"https:\/\/www.webdo.tn\/fr\/wp-json\/wp\/v2\/types\/post"}],"author":[{"embeddable":true,"href":"https:\/\/www.webdo.tn\/fr\/wp-json\/wp\/v2\/users\/3164"}],"replies":[{"embeddable":true,"href":"https:\/\/www.webdo.tn\/fr\/wp-json\/wp\/v2\/comments?post=213685"}],"version-history":[{"count":0,"href":"https:\/\/www.webdo.tn\/fr\/wp-json\/wp\/v2\/posts\/213685\/revisions"}],"wp:featuredmedia":[{"embeddable":true,"href":"https:\/\/www.webdo.tn\/fr\/wp-json\/wp\/v2\/media\/247537"}],"wp:attachment":[{"href":"https:\/\/www.webdo.tn\/fr\/wp-json\/wp\/v2\/media?parent=213685"}],"wp:term":[{"taxonomy":"category","embeddable":true,"href":"https:\/\/www.webdo.tn\/fr\/wp-json\/wp\/v2\/categories?post=213685"},{"taxonomy":"post_tag","embeddable":true,"href":"https:\/\/www.webdo.tn\/fr\/wp-json\/wp\/v2\/tags?post=213685"}],"curies":[{"name":"wp","href":"https:\/\/api.w.org\/{rel}","templated":true}]}}