{"id":213674,"date":"2024-04-20T09:54:00","date_gmt":"2024-04-20T09:54:00","guid":{"rendered":"https:\/\/www.webdo.tn\/fr\/blog\/sainte-olive-de-palerme-dans-le-ciel-de-la-cathedrale-de-tunis\/213674\/"},"modified":"2024-04-20T09:54:00","modified_gmt":"2024-04-20T09:54:00","slug":"sainte-olive-de-palerme-dans-le-ciel-de-la-cathedrale-de-tunis","status":"publish","type":"post","link":"https:\/\/www.webdo.tn\/fr\/actualite\/chroniques\/sainte-olive-de-palerme-dans-le-ciel-de-la-cathedrale-de-tunis\/213674\/","title":{"rendered":"Sainte Olive de Palerme dans le ciel de la cath\u00e9drale de Tunis"},"content":{"rendered":"<p>La cath\u00e9drale de Tunis est d\u00e9di\u00e9e \u00e0 Saint Vincent de Paul et aussi \u00e0 Sainte Olive de Palerme dont la statue se trouve \u00e0 droite de l&rsquo;autel principal du principal sanctuaire catholique de Tunis.<\/p>\n<p>\t\t\t\t\t\t\t\t\tLa vie de Sainte Olive de Palerme est teint\u00e9e de myst\u00e8re et tiss\u00e9e de l\u00e9gendes. N\u00e9e en 448 \u00e0 Palerme, cette sainte est morte en martyre \u00e0 Tunis, en 463, pr\u00e9cis\u00e9ment le 10 juin, date de sa d\u00e9capitation par les Vandales.<\/p>\n<p>La passion de Sainte Olive commence alors qu&rsquo;elle avait \u00e9t\u00e9 captur\u00e9e et emmen\u00e9e \u00e0 Tunis. Elle passera de nombreuses ann\u00e9es en ermite, vivant dans un lieu retir\u00e9 et op\u00e9rant plusieurs gu\u00e9risons miraculeuses.<\/p>\n<p>Abandonn\u00e9e en pleine for\u00eat, elle survivra parmi les b\u00eates. M\u00eame le feu du b\u00fbcher ne l&rsquo;atteindra pas. Toujours indemne malgr\u00e9 les supplices, elle sera d\u00e9capit\u00e9e et selon la l\u00e9gende, au moment m\u00eame o\u00f9 elle \u00e9tait supplici\u00e9e, une colombe blanche apparut et s&rsquo;envola vers les cieux.<\/p>\n<p>Patronne de Palerme jusqu&rsquo;au Moyen-\u00e2ge, Sainte Olive a pour attribut le rameau d&rsquo;olivier et les pri\u00e8res qui lui sont d\u00e9di\u00e9es, le sont aussi pour la paix.<\/p>\n<p>Sainte Olive est co-patronne de la cath\u00e9drale de Tunis et repr\u00e9sente \u00e0 ce titre, les Italiens, en particulier, les Siciliens de Tunisie.<\/p>\n","protected":false},"excerpt":{"rendered":"<p>La vie de Sainte Olive de Palerme est teint\u00e9e de myst\u00e8re et tiss\u00e9e de l\u00e9gendes. N\u00e9e en 448 \u00e0 Palerme, cette sainte est morte en martyre \u00e0 Tunis, en 463, pr\u00e9cis\u00e9&#8230;<\/p>\n","protected":false},"author":3229,"featured_media":290513,"comment_status":"open","ping_status":"closed","sticky":false,"template":"","format":"standard","meta":{"footnotes":""},"categories":[2596],"tags":[10134,2963,2608],"class_list":["post-213674","post","type-post","status-publish","format-standard","has-post-thumbnail","hentry","category-chroniques","tag-sainte-olive-de-palerme","tag-cathedrale-de-tunis","tag-tunisie"],"yoast_head":"<!-- This site is optimized with the Yoast SEO Premium plugin v27.5 (Yoast SEO v27.5) - https:\/\/yoast.com\/product\/yoast-seo-premium-wordpress\/ -->\n<title>Sainte Olive de Palerme dans le ciel de la cath\u00e9drale de Tunis<\/title>\n<meta name=\"description\" content=\"La vie de Sainte Olive de Palerme est teint\u00e9e de myst\u00e8re et tiss\u00e9e de l\u00e9gendes. N\u00e9e en 448 \u00e0 Palerme, cette sainte est morte en martyre \u00e0 Tunis, en 463, pr\u00e9cis\u00e9...\" \/>\n<link rel=\"canonical\" href=\"https:\/\/www.webdo.tn\/fr\/actualite\/chroniques\/sainte-olive-de-palerme-dans-le-ciel-de-la-cathedrale-de-tunis\/213674\/\" \/>\n<meta property=\"og:locale\" content=\"fr_FR\" \/>\n<meta property=\"og:type\" content=\"article\" \/>\n<meta property=\"og:title\" content=\"Sainte Olive de Palerme dans le ciel de la cath\u00e9drale de Tunis\" \/>\n<meta property=\"og:description\" content=\"La vie de Sainte Olive de Palerme est teint\u00e9e de myst\u00e8re et tiss\u00e9e de l\u00e9gendes. N\u00e9e en 448 \u00e0 Palerme, cette sainte est morte en martyre \u00e0 Tunis, en 463, pr\u00e9cis\u00e9...\" \/>\n<meta property=\"og:url\" content=\"https:\/\/www.webdo.tn\/fr\/actualite\/chroniques\/sainte-olive-de-palerme-dans-le-ciel-de-la-cathedrale-de-tunis\/213674\/\" \/>\n<meta property=\"og:site_name\" content=\"webdo\" \/>\n<meta property=\"article:publisher\" content=\"https:\/\/www.facebook.com\/webdotn\" \/>\n<meta property=\"article:author\" content=\"https:\/\/www.facebook.com\/hatem.bourial.2025\" \/>\n<meta property=\"article:published_time\" content=\"2024-04-20T09:54:00+00:00\" \/>\n<meta property=\"og:image\" content=\"https:\/\/www.webdo.tn\/fr\/wp-content\/uploads\/2024\/04\/10a0ed76c366a774eb27839923b3358d.webp\" \/>\n\t<meta property=\"og:image:width\" content=\"750\" \/>\n\t<meta property=\"og:image:height\" content=\"400\" \/>\n\t<meta property=\"og:image:type\" content=\"image\/webp\" \/>\n<meta name=\"author\" content=\"Hatem Bourial\" \/>\n<meta name=\"twitter:card\" content=\"summary_large_image\" \/>\n<meta name=\"twitter:creator\" content=\"@webdo_tn\" \/>\n<meta name=\"twitter:site\" content=\"@webdo_tn\" \/>\n<meta name=\"twitter:label1\" content=\"\u00c9crit par\" \/>\n\t<meta name=\"twitter:data1\" content=\"Hatem Bourial\" \/>\n\t<meta name=\"twitter:label2\" content=\"Dur\u00e9e de lecture estim\u00e9e\" \/>\n\t<meta name=\"twitter:data2\" content=\"1 minute\" \/>\n<script type=\"application\/ld+json\" class=\"yoast-schema-graph\">{\"@context\":\"https:\\\/\\\/schema.org\",\"@graph\":[{\"@type\":\"NewsArticle\",\"@id\":\"https:\\\/\\\/www.webdo.tn\\\/fr\\\/actualite\\\/chroniques\\\/sainte-olive-de-palerme-dans-le-ciel-de-la-cathedrale-de-tunis\\\/213674\\\/#article\",\"isPartOf\":{\"@id\":\"https:\\\/\\\/www.webdo.tn\\\/fr\\\/actualite\\\/chroniques\\\/sainte-olive-de-palerme-dans-le-ciel-de-la-cathedrale-de-tunis\\\/213674\\\/\"},\"author\":{\"name\":\"Hatem Bourial\",\"@id\":\"https:\\\/\\\/www.webdo.tn\\\/fr\\\/#\\\/schema\\\/person\\\/6bc0beba2cd23aec27cb5df85ca2554f\"},\"headline\":\"Sainte Olive de Palerme dans le ciel de la cath\u00e9drale de Tunis\",\"datePublished\":\"2024-04-20T09:54:00+00:00\",\"mainEntityOfPage\":{\"@id\":\"https:\\\/\\\/www.webdo.tn\\\/fr\\\/actualite\\\/chroniques\\\/sainte-olive-de-palerme-dans-le-ciel-de-la-cathedrale-de-tunis\\\/213674\\\/\"},\"wordCount\":241,\"commentCount\":0,\"publisher\":{\"@id\":\"https:\\\/\\\/www.webdo.tn\\\/fr\\\/#organization\"},\"image\":{\"@id\":\"https:\\\/\\\/www.webdo.tn\\\/fr\\\/actualite\\\/chroniques\\\/sainte-olive-de-palerme-dans-le-ciel-de-la-cathedrale-de-tunis\\\/213674\\\/#primaryimage\"},\"thumbnailUrl\":\"https:\\\/\\\/www.webdo.tn\\\/fr\\\/wp-content\\\/uploads\\\/2024\\\/04\\\/10a0ed76c366a774eb27839923b3358d.webp\",\"keywords\":[\"'Sainte Olive de Palerme']\",\"Cath\u00e9drale de Tunis\",\"Tunisie\"],\"articleSection\":[\"Chroniques\"],\"inLanguage\":\"fr-FR\"},{\"@type\":\"WebPage\",\"@id\":\"https:\\\/\\\/www.webdo.tn\\\/fr\\\/actualite\\\/chroniques\\\/sainte-olive-de-palerme-dans-le-ciel-de-la-cathedrale-de-tunis\\\/213674\\\/\",\"url\":\"https:\\\/\\\/www.webdo.tn\\\/fr\\\/actualite\\\/chroniques\\\/sainte-olive-de-palerme-dans-le-ciel-de-la-cathedrale-de-tunis\\\/213674\\\/\",\"name\":\"Sainte Olive de Palerme dans le ciel de la cath\u00e9drale de Tunis\",\"isPartOf\":{\"@id\":\"https:\\\/\\\/www.webdo.tn\\\/fr\\\/#website\"},\"primaryImageOfPage\":{\"@id\":\"https:\\\/\\\/www.webdo.tn\\\/fr\\\/actualite\\\/chroniques\\\/sainte-olive-de-palerme-dans-le-ciel-de-la-cathedrale-de-tunis\\\/213674\\\/#primaryimage\"},\"image\":{\"@id\":\"https:\\\/\\\/www.webdo.tn\\\/fr\\\/actualite\\\/chroniques\\\/sainte-olive-de-palerme-dans-le-ciel-de-la-cathedrale-de-tunis\\\/213674\\\/#primaryimage\"},\"thumbnailUrl\":\"https:\\\/\\\/www.webdo.tn\\\/fr\\\/wp-content\\\/uploads\\\/2024\\\/04\\\/10a0ed76c366a774eb27839923b3358d.webp\",\"datePublished\":\"2024-04-20T09:54:00+00:00\",\"description\":\"La vie de Sainte Olive de Palerme est teint\u00e9e de myst\u00e8re et tiss\u00e9e de l\u00e9gendes. N\u00e9e en 448 \u00e0 Palerme, cette sainte est morte en martyre \u00e0 Tunis, en 463, pr\u00e9cis\u00e9...\",\"breadcrumb\":{\"@id\":\"https:\\\/\\\/www.webdo.tn\\\/fr\\\/actualite\\\/chroniques\\\/sainte-olive-de-palerme-dans-le-ciel-de-la-cathedrale-de-tunis\\\/213674\\\/#breadcrumb\"},\"inLanguage\":\"fr-FR\",\"potentialAction\":[{\"@type\":\"ReadAction\",\"target\":[\"https:\\\/\\\/www.webdo.tn\\\/fr\\\/actualite\\\/chroniques\\\/sainte-olive-de-palerme-dans-le-ciel-de-la-cathedrale-de-tunis\\\/213674\\\/\"]}]},{\"@type\":\"ImageObject\",\"inLanguage\":\"fr-FR\",\"@id\":\"https:\\\/\\\/www.webdo.tn\\\/fr\\\/actualite\\\/chroniques\\\/sainte-olive-de-palerme-dans-le-ciel-de-la-cathedrale-de-tunis\\\/213674\\\/#primaryimage\",\"url\":\"https:\\\/\\\/www.webdo.tn\\\/fr\\\/wp-content\\\/uploads\\\/2024\\\/04\\\/10a0ed76c366a774eb27839923b3358d.webp\",\"contentUrl\":\"https:\\\/\\\/www.webdo.tn\\\/fr\\\/wp-content\\\/uploads\\\/2024\\\/04\\\/10a0ed76c366a774eb27839923b3358d.webp\",\"width\":750,\"height\":400,\"caption\":\"Sainte Olive de Palerme dans le ciel de la cath\u00e9drale de Tunis\"},{\"@type\":\"BreadcrumbList\",\"@id\":\"https:\\\/\\\/www.webdo.tn\\\/fr\\\/actualite\\\/chroniques\\\/sainte-olive-de-palerme-dans-le-ciel-de-la-cathedrale-de-tunis\\\/213674\\\/#breadcrumb\",\"itemListElement\":[{\"@type\":\"ListItem\",\"position\":1,\"name\":\"Accueil\",\"item\":\"https:\\\/\\\/www.webdo.tn\\\/fr\\\/\"},{\"@type\":\"ListItem\",\"position\":2,\"name\":\"Sainte Olive de Palerme dans le ciel de la cath\u00e9drale de Tunis\"}]},{\"@type\":\"WebSite\",\"@id\":\"https:\\\/\\\/www.webdo.tn\\\/fr\\\/#website\",\"url\":\"https:\\\/\\\/www.webdo.tn\\\/fr\\\/\",\"name\":\"webdo\",\"description\":\"Tunisie - News en Tunisie et \u00e0 l&#039;international sur Webdo.tn\",\"publisher\":{\"@id\":\"https:\\\/\\\/www.webdo.tn\\\/fr\\\/#organization\"},\"potentialAction\":[{\"@type\":\"SearchAction\",\"target\":{\"@type\":\"EntryPoint\",\"urlTemplate\":\"https:\\\/\\\/www.webdo.tn\\\/fr\\\/?s={search_term_string}\"},\"query-input\":{\"@type\":\"PropertyValueSpecification\",\"valueRequired\":true,\"valueName\":\"search_term_string\"}}],\"inLanguage\":\"fr-FR\"},{\"@type\":\"Organization\",\"@id\":\"https:\\\/\\\/www.webdo.tn\\\/fr\\\/#organization\",\"name\":\"Webdo\",\"alternateName\":\"Webdo.tn\",\"url\":\"https:\\\/\\\/www.webdo.tn\\\/fr\\\/\",\"logo\":{\"@type\":\"ImageObject\",\"inLanguage\":\"fr-FR\",\"@id\":\"https:\\\/\\\/www.webdo.tn\\\/fr\\\/#\\\/schema\\\/logo\\\/image\\\/\",\"url\":\"https:\\\/\\\/www.webdo.tn\\\/fr\\\/wp-content\\\/uploads\\\/2025\\\/06\\\/Webdo-Tunisie_168377.jpg\",\"contentUrl\":\"https:\\\/\\\/www.webdo.tn\\\/fr\\\/wp-content\\\/uploads\\\/2025\\\/06\\\/Webdo-Tunisie_168377.jpg\",\"width\":301,\"height\":301,\"caption\":\"Webdo\"},\"image\":{\"@id\":\"https:\\\/\\\/www.webdo.tn\\\/fr\\\/#\\\/schema\\\/logo\\\/image\\\/\"},\"sameAs\":[\"https:\\\/\\\/www.facebook.com\\\/webdotn\",\"https:\\\/\\\/x.com\\\/webdo_tn\"],\"description\":\"Webdo est un m\u00e9dia num\u00e9rique tunisien fond\u00e9 en 2010, sp\u00e9cialis\u00e9 dans l\u2019actualit\u00e9 nationale et internationale, l\u2019\u00e9conomie, la soci\u00e9t\u00e9 et les analyses politiques. Le site s\u2019adresse \u00e0 un large public francophone et couvre l\u2019information tunisienne en temps r\u00e9el.\",\"email\":\"redac@webdo.tn\",\"legalName\":\"YNJ SARL\",\"foundingDate\":\"2010-09-06\",\"numberOfEmployees\":{\"@type\":\"QuantitativeValue\",\"minValue\":\"11\",\"maxValue\":\"50\"}},{\"@type\":\"Person\",\"@id\":\"https:\\\/\\\/www.webdo.tn\\\/fr\\\/#\\\/schema\\\/person\\\/6bc0beba2cd23aec27cb5df85ca2554f\",\"name\":\"Hatem Bourial\",\"image\":{\"@type\":\"ImageObject\",\"inLanguage\":\"fr-FR\",\"@id\":\"https:\\\/\\\/www.webdo.tn\\\/fr\\\/wp-content\\\/uploads\\\/2026\\\/04\\\/hatem-bourial_avatar-96x96.jpg\",\"url\":\"https:\\\/\\\/www.webdo.tn\\\/fr\\\/wp-content\\\/uploads\\\/2026\\\/04\\\/hatem-bourial_avatar-96x96.jpg\",\"contentUrl\":\"https:\\\/\\\/www.webdo.tn\\\/fr\\\/wp-content\\\/uploads\\\/2026\\\/04\\\/hatem-bourial_avatar-96x96.jpg\",\"caption\":\"Hatem Bourial\"},\"description\":\"Hatem Bourial est journaliste, \u00e9crivain et chroniqueur tunisien. Actif depuis plusieurs d\u00e9cennies, il s\u2019est impos\u00e9 comme un observateur attentif de la soci\u00e9t\u00e9 tunisienne, m\u00ealant dans ses \u00e9crits m\u00e9moire, culture et analyse du quotidien. Auteur de nombreux ouvrages, il d\u00e9veloppe une \u0153uvre \u00e0 la crois\u00e9e du r\u00e9cit, de la po\u00e9sie et de l\u2019observation sociologique. Parall\u00e8lement \u00e0 ses contributions dans la presse, il intervient r\u00e9guli\u00e8rement \u00e0 la radio et dans des espaces culturels, o\u00f9 il explore les enjeux li\u00e9s au patrimoine, \u00e0 l\u2019identit\u00e9 et aux transformations du monde contemporain. \u00c0 travers ses chroniques, Hatem Bourial propose une lecture sensible et approfondie de l\u2019actualit\u00e9, nourrie par une exp\u00e9rience journalistique et litt\u00e9raire reconnue. \ud83d\udd17 Facebook : https:\\\/\\\/www.facebook.com\\\/hatem.bourial.2025\",\"sameAs\":[\"https:\\\/\\\/www.facebook.com\\\/hatem.bourial.2025\",\"https:\\\/\\\/fr.wikipedia.org\\\/wiki\\\/Fichier:Hatem_Bourial.jpg\"],\"knowsAbout\":[\"Culture & patrimoine tunisien\",\"Chronique soci\u00e9tale\",\"Litt\u00e9rature & m\u00e9moire\",\"Cin\u00e9ma & critique culturelle\",\"Identit\u00e9 & mutations sociales\"],\"knowsLanguage\":[\"Arabe\",\"Fran\u00e7ais\",\"Anglais\",\"Italien\",\"Polonais\"],\"jobTitle\":\"Journaliste, \u00e9crivain et chroniqueur culturel\",\"worksFor\":\"Webdo\",\"url\":\"https:\\\/\\\/www.webdo.tn\\\/fr\\\/actualite\\\/author\\\/hatem-bourial-2\\\/\"}]}<\/script>\n<!-- \/ Yoast SEO Premium plugin. -->","yoast_head_json":{"title":"Sainte Olive de Palerme dans le ciel de la cath\u00e9drale de Tunis","description":"La vie de Sainte Olive de Palerme est teint\u00e9e de myst\u00e8re et tiss\u00e9e de l\u00e9gendes. N\u00e9e en 448 \u00e0 Palerme, cette sainte est morte en martyre \u00e0 Tunis, en 463, pr\u00e9cis\u00e9...","canonical":"https:\/\/www.webdo.tn\/fr\/actualite\/chroniques\/sainte-olive-de-palerme-dans-le-ciel-de-la-cathedrale-de-tunis\/213674\/","og_locale":"fr_FR","og_type":"article","og_title":"Sainte Olive de Palerme dans le ciel de la cath\u00e9drale de Tunis","og_description":"La vie de Sainte Olive de Palerme est teint\u00e9e de myst\u00e8re et tiss\u00e9e de l\u00e9gendes. N\u00e9e en 448 \u00e0 Palerme, cette sainte est morte en martyre \u00e0 Tunis, en 463, pr\u00e9cis\u00e9...","og_url":"https:\/\/www.webdo.tn\/fr\/actualite\/chroniques\/sainte-olive-de-palerme-dans-le-ciel-de-la-cathedrale-de-tunis\/213674\/","og_site_name":"webdo","article_publisher":"https:\/\/www.facebook.com\/webdotn","article_author":"https:\/\/www.facebook.com\/hatem.bourial.2025","article_published_time":"2024-04-20T09:54:00+00:00","og_image":[{"width":750,"height":400,"url":"https:\/\/www.webdo.tn\/fr\/wp-content\/uploads\/2024\/04\/10a0ed76c366a774eb27839923b3358d.webp","type":"image\/webp"}],"author":"Hatem Bourial","twitter_card":"summary_large_image","twitter_creator":"@webdo_tn","twitter_site":"@webdo_tn","twitter_misc":{"\u00c9crit par":"Hatem Bourial","Dur\u00e9e de lecture estim\u00e9e":"1 minute"},"schema":{"@context":"https:\/\/schema.org","@graph":[{"@type":"NewsArticle","@id":"https:\/\/www.webdo.tn\/fr\/actualite\/chroniques\/sainte-olive-de-palerme-dans-le-ciel-de-la-cathedrale-de-tunis\/213674\/#article","isPartOf":{"@id":"https:\/\/www.webdo.tn\/fr\/actualite\/chroniques\/sainte-olive-de-palerme-dans-le-ciel-de-la-cathedrale-de-tunis\/213674\/"},"author":{"name":"Hatem Bourial","@id":"https:\/\/www.webdo.tn\/fr\/#\/schema\/person\/6bc0beba2cd23aec27cb5df85ca2554f"},"headline":"Sainte Olive de Palerme dans le ciel de la cath\u00e9drale de Tunis","datePublished":"2024-04-20T09:54:00+00:00","mainEntityOfPage":{"@id":"https:\/\/www.webdo.tn\/fr\/actualite\/chroniques\/sainte-olive-de-palerme-dans-le-ciel-de-la-cathedrale-de-tunis\/213674\/"},"wordCount":241,"commentCount":0,"publisher":{"@id":"https:\/\/www.webdo.tn\/fr\/#organization"},"image":{"@id":"https:\/\/www.webdo.tn\/fr\/actualite\/chroniques\/sainte-olive-de-palerme-dans-le-ciel-de-la-cathedrale-de-tunis\/213674\/#primaryimage"},"thumbnailUrl":"https:\/\/www.webdo.tn\/fr\/wp-content\/uploads\/2024\/04\/10a0ed76c366a774eb27839923b3358d.webp","keywords":["'Sainte Olive de Palerme']","Cath\u00e9drale de Tunis","Tunisie"],"articleSection":["Chroniques"],"inLanguage":"fr-FR"},{"@type":"WebPage","@id":"https:\/\/www.webdo.tn\/fr\/actualite\/chroniques\/sainte-olive-de-palerme-dans-le-ciel-de-la-cathedrale-de-tunis\/213674\/","url":"https:\/\/www.webdo.tn\/fr\/actualite\/chroniques\/sainte-olive-de-palerme-dans-le-ciel-de-la-cathedrale-de-tunis\/213674\/","name":"Sainte Olive de Palerme dans le ciel de la cath\u00e9drale de Tunis","isPartOf":{"@id":"https:\/\/www.webdo.tn\/fr\/#website"},"primaryImageOfPage":{"@id":"https:\/\/www.webdo.tn\/fr\/actualite\/chroniques\/sainte-olive-de-palerme-dans-le-ciel-de-la-cathedrale-de-tunis\/213674\/#primaryimage"},"image":{"@id":"https:\/\/www.webdo.tn\/fr\/actualite\/chroniques\/sainte-olive-de-palerme-dans-le-ciel-de-la-cathedrale-de-tunis\/213674\/#primaryimage"},"thumbnailUrl":"https:\/\/www.webdo.tn\/fr\/wp-content\/uploads\/2024\/04\/10a0ed76c366a774eb27839923b3358d.webp","datePublished":"2024-04-20T09:54:00+00:00","description":"La vie de Sainte Olive de Palerme est teint\u00e9e de myst\u00e8re et tiss\u00e9e de l\u00e9gendes. N\u00e9e en 448 \u00e0 Palerme, cette sainte est morte en martyre \u00e0 Tunis, en 463, pr\u00e9cis\u00e9...","breadcrumb":{"@id":"https:\/\/www.webdo.tn\/fr\/actualite\/chroniques\/sainte-olive-de-palerme-dans-le-ciel-de-la-cathedrale-de-tunis\/213674\/#breadcrumb"},"inLanguage":"fr-FR","potentialAction":[{"@type":"ReadAction","target":["https:\/\/www.webdo.tn\/fr\/actualite\/chroniques\/sainte-olive-de-palerme-dans-le-ciel-de-la-cathedrale-de-tunis\/213674\/"]}]},{"@type":"ImageObject","inLanguage":"fr-FR","@id":"https:\/\/www.webdo.tn\/fr\/actualite\/chroniques\/sainte-olive-de-palerme-dans-le-ciel-de-la-cathedrale-de-tunis\/213674\/#primaryimage","url":"https:\/\/www.webdo.tn\/fr\/wp-content\/uploads\/2024\/04\/10a0ed76c366a774eb27839923b3358d.webp","contentUrl":"https:\/\/www.webdo.tn\/fr\/wp-content\/uploads\/2024\/04\/10a0ed76c366a774eb27839923b3358d.webp","width":750,"height":400,"caption":"Sainte Olive de Palerme dans le ciel de la cath\u00e9drale de Tunis"},{"@type":"BreadcrumbList","@id":"https:\/\/www.webdo.tn\/fr\/actualite\/chroniques\/sainte-olive-de-palerme-dans-le-ciel-de-la-cathedrale-de-tunis\/213674\/#breadcrumb","itemListElement":[{"@type":"ListItem","position":1,"name":"Accueil","item":"https:\/\/www.webdo.tn\/fr\/"},{"@type":"ListItem","position":2,"name":"Sainte Olive de Palerme dans le ciel de la cath\u00e9drale de Tunis"}]},{"@type":"WebSite","@id":"https:\/\/www.webdo.tn\/fr\/#website","url":"https:\/\/www.webdo.tn\/fr\/","name":"webdo","description":"Tunisie - News en Tunisie et \u00e0 l&#039;international sur Webdo.tn","publisher":{"@id":"https:\/\/www.webdo.tn\/fr\/#organization"},"potentialAction":[{"@type":"SearchAction","target":{"@type":"EntryPoint","urlTemplate":"https:\/\/www.webdo.tn\/fr\/?s={search_term_string}"},"query-input":{"@type":"PropertyValueSpecification","valueRequired":true,"valueName":"search_term_string"}}],"inLanguage":"fr-FR"},{"@type":"Organization","@id":"https:\/\/www.webdo.tn\/fr\/#organization","name":"Webdo","alternateName":"Webdo.tn","url":"https:\/\/www.webdo.tn\/fr\/","logo":{"@type":"ImageObject","inLanguage":"fr-FR","@id":"https:\/\/www.webdo.tn\/fr\/#\/schema\/logo\/image\/","url":"https:\/\/www.webdo.tn\/fr\/wp-content\/uploads\/2025\/06\/Webdo-Tunisie_168377.jpg","contentUrl":"https:\/\/www.webdo.tn\/fr\/wp-content\/uploads\/2025\/06\/Webdo-Tunisie_168377.jpg","width":301,"height":301,"caption":"Webdo"},"image":{"@id":"https:\/\/www.webdo.tn\/fr\/#\/schema\/logo\/image\/"},"sameAs":["https:\/\/www.facebook.com\/webdotn","https:\/\/x.com\/webdo_tn"],"description":"Webdo est un m\u00e9dia num\u00e9rique tunisien fond\u00e9 en 2010, sp\u00e9cialis\u00e9 dans l\u2019actualit\u00e9 nationale et internationale, l\u2019\u00e9conomie, la soci\u00e9t\u00e9 et les analyses politiques. Le site s\u2019adresse \u00e0 un large public francophone et couvre l\u2019information tunisienne en temps r\u00e9el.","email":"redac@webdo.tn","legalName":"YNJ SARL","foundingDate":"2010-09-06","numberOfEmployees":{"@type":"QuantitativeValue","minValue":"11","maxValue":"50"}},{"@type":"Person","@id":"https:\/\/www.webdo.tn\/fr\/#\/schema\/person\/6bc0beba2cd23aec27cb5df85ca2554f","name":"Hatem Bourial","image":{"@type":"ImageObject","inLanguage":"fr-FR","@id":"https:\/\/www.webdo.tn\/fr\/wp-content\/uploads\/2026\/04\/hatem-bourial_avatar-96x96.jpg","url":"https:\/\/www.webdo.tn\/fr\/wp-content\/uploads\/2026\/04\/hatem-bourial_avatar-96x96.jpg","contentUrl":"https:\/\/www.webdo.tn\/fr\/wp-content\/uploads\/2026\/04\/hatem-bourial_avatar-96x96.jpg","caption":"Hatem Bourial"},"description":"Hatem Bourial est journaliste, \u00e9crivain et chroniqueur tunisien. Actif depuis plusieurs d\u00e9cennies, il s\u2019est impos\u00e9 comme un observateur attentif de la soci\u00e9t\u00e9 tunisienne, m\u00ealant dans ses \u00e9crits m\u00e9moire, culture et analyse du quotidien. Auteur de nombreux ouvrages, il d\u00e9veloppe une \u0153uvre \u00e0 la crois\u00e9e du r\u00e9cit, de la po\u00e9sie et de l\u2019observation sociologique. Parall\u00e8lement \u00e0 ses contributions dans la presse, il intervient r\u00e9guli\u00e8rement \u00e0 la radio et dans des espaces culturels, o\u00f9 il explore les enjeux li\u00e9s au patrimoine, \u00e0 l\u2019identit\u00e9 et aux transformations du monde contemporain. \u00c0 travers ses chroniques, Hatem Bourial propose une lecture sensible et approfondie de l\u2019actualit\u00e9, nourrie par une exp\u00e9rience journalistique et litt\u00e9raire reconnue. \ud83d\udd17 Facebook : https:\/\/www.facebook.com\/hatem.bourial.2025","sameAs":["https:\/\/www.facebook.com\/hatem.bourial.2025","https:\/\/fr.wikipedia.org\/wiki\/Fichier:Hatem_Bourial.jpg"],"knowsAbout":["Culture & patrimoine tunisien","Chronique soci\u00e9tale","Litt\u00e9rature & m\u00e9moire","Cin\u00e9ma & critique culturelle","Identit\u00e9 & mutations sociales"],"knowsLanguage":["Arabe","Fran\u00e7ais","Anglais","Italien","Polonais"],"jobTitle":"Journaliste, \u00e9crivain et chroniqueur culturel","worksFor":"Webdo","url":"https:\/\/www.webdo.tn\/fr\/actualite\/author\/hatem-bourial-2\/"}]}},"_links":{"self":[{"href":"https:\/\/www.webdo.tn\/fr\/wp-json\/wp\/v2\/posts\/213674","targetHints":{"allow":["GET"]}}],"collection":[{"href":"https:\/\/www.webdo.tn\/fr\/wp-json\/wp\/v2\/posts"}],"about":[{"href":"https:\/\/www.webdo.tn\/fr\/wp-json\/wp\/v2\/types\/post"}],"author":[{"embeddable":true,"href":"https:\/\/www.webdo.tn\/fr\/wp-json\/wp\/v2\/users\/3229"}],"replies":[{"embeddable":true,"href":"https:\/\/www.webdo.tn\/fr\/wp-json\/wp\/v2\/comments?post=213674"}],"version-history":[{"count":0,"href":"https:\/\/www.webdo.tn\/fr\/wp-json\/wp\/v2\/posts\/213674\/revisions"}],"wp:featuredmedia":[{"embeddable":true,"href":"https:\/\/www.webdo.tn\/fr\/wp-json\/wp\/v2\/media\/290513"}],"wp:attachment":[{"href":"https:\/\/www.webdo.tn\/fr\/wp-json\/wp\/v2\/media?parent=213674"}],"wp:term":[{"taxonomy":"category","embeddable":true,"href":"https:\/\/www.webdo.tn\/fr\/wp-json\/wp\/v2\/categories?post=213674"},{"taxonomy":"post_tag","embeddable":true,"href":"https:\/\/www.webdo.tn\/fr\/wp-json\/wp\/v2\/tags?post=213674"}],"curies":[{"name":"wp","href":"https:\/\/api.w.org\/{rel}","templated":true}]}}