{"id":213664,"date":"2024-04-19T14:35:00","date_gmt":"2024-04-19T14:35:00","guid":{"rendered":"https:\/\/www.webdo.tn\/fr\/blog\/tunisie-seance-inaugurale-du-conseil-des-regions-et-des-districts\/213664\/"},"modified":"2025-05-20T22:12:56","modified_gmt":"2025-05-20T22:12:56","slug":"tunisie-seance-inaugurale-du-conseil-des-regions-et-des-districts","status":"publish","type":"post","link":"https:\/\/www.webdo.tn\/fr\/actualite\/national\/tunisie-seance-inaugurale-du-conseil-des-regions-et-des-districts\/213664\/","title":{"rendered":"Tunisie : S\u00e9ance inaugurale du conseil des r\u00e9gions et des districts"},"content":{"rendered":"<p>Le Conseil national des r\u00e9gions et districts tient, ce vendredi 19 avril 2024, sa s\u00e9ance pl\u00e9ni\u00e8re inaugurale, au si\u00e8ge du Conseil au Bardo.<\/p>\n<p>\t\t\t\t\t\t\t\t\tLa premi\u00e8re pl\u00e9ni\u00e8re de la deuxi\u00e8me chambre, qui a \u00e9t\u00e9 pr\u00e9sid\u00e9e par la d\u00e9put\u00e9e la plus \u00e2g\u00e9e, Faouzia Naoui, (70 ans), avec l\u2019aide des deux d\u00e9put\u00e9s les plus jeunes, a d\u00e9but\u00e9 par la prestation de serment collective des membres du Conseil.<\/p>\n<p>Lors de cette s\u00e9ance, Imed Derbali a \u00e9t\u00e9 \u00e9lu en tant que pr\u00e9sident du Conseil national des r\u00e9gions et des districts, avec 49 voix pour, contre 28 voix pour Oussama Sahnoun. A noter que douze d\u00e9put\u00e9s ont pr\u00e9sent\u00e9 leur candidature pour la pr\u00e9sidence du Conseil.<\/p>\n<p>Le Conseil national des districts et des r\u00e9gions est compos\u00e9 de 77 membres r\u00e9partis entre trois conseillers r\u00e9gionaux pour chacun des 24 gouvernorats de la R\u00e9publique tunisienne, et un membre pour chacun des districts du pays (5).<\/p>\n<p>Le Conseil national des districts et des r\u00e9gions exerce des pouvoirs de contr\u00f4le et de responsabilit\u00e9 dans diverses questions li\u00e9es \u00e0 l&rsquo;ex\u00e9cution du budget et des plans de d\u00e9veloppement.<\/p>\n<p>Il doit \u00e9galement soumettre les projets relatifs au budget de l&rsquo;\u00c9tat et aux plans de d\u00e9veloppement des districts, des r\u00e9gions et nationaux afin d&rsquo;assurer l&rsquo;\u00e9quilibre entre les r\u00e9gions et les districts.<\/p>\n<p>Il ratifie la loi de finances et les plans de d\u00e9veloppement avec la Chambre des repr\u00e9sentants du peuple \u00e0 la majorit\u00e9 des membres pr\u00e9sents, mais pas moins d&rsquo;un tiers.<\/p>\n","protected":false},"excerpt":{"rendered":"<p>Le Conseil national des r\u00e9gions et districts tient, ce vendredi 19 avril 2024, sa s\u00e9ance pl\u00e9ni\u00e8re inaugurale, au si\u00e8ge du Conseil au Bardo.<\/p>\n","protected":false},"author":3162,"featured_media":290507,"comment_status":"open","ping_status":"closed","sticky":false,"template":"","format":"standard","meta":{"footnotes":""},"categories":[44],"tags":[10130,5898,2608],"class_list":["post-213664","post","type-post","status-publish","format-standard","has-post-thumbnail","hentry","category-national","tag-conseil-national-des-regions-et-districts","tag-bardo","tag-tunisie"],"yoast_head":"<!-- This site is optimized with the Yoast SEO Premium plugin v27.4 (Yoast SEO v27.5) - https:\/\/yoast.com\/product\/yoast-seo-premium-wordpress\/ -->\n<title>Tunisie : S\u00e9ance inaugurale du conseil des r\u00e9gions et des districts<\/title>\n<meta name=\"description\" content=\"Le Conseil national des r\u00e9gions et districts tient, ce vendredi 19 avril 2024, sa s\u00e9ance pl\u00e9ni\u00e8re inaugurale, au si\u00e8ge du Conseil au Bardo.\" \/>\n<link rel=\"canonical\" href=\"https:\/\/www.webdo.tn\/fr\/actualite\/national\/tunisie-seance-inaugurale-du-conseil-des-regions-et-des-districts\/213664\/\" \/>\n<meta property=\"og:locale\" content=\"fr_FR\" \/>\n<meta property=\"og:type\" content=\"article\" \/>\n<meta property=\"og:title\" content=\"Tunisie : S\u00e9ance inaugurale du conseil des r\u00e9gions et des districts\" \/>\n<meta property=\"og:description\" content=\"Le Conseil national des r\u00e9gions et districts tient, ce vendredi 19 avril 2024, sa s\u00e9ance pl\u00e9ni\u00e8re inaugurale, au si\u00e8ge du Conseil au Bardo.\" \/>\n<meta property=\"og:url\" content=\"https:\/\/www.webdo.tn\/fr\/actualite\/national\/tunisie-seance-inaugurale-du-conseil-des-regions-et-des-districts\/213664\/\" \/>\n<meta property=\"og:site_name\" content=\"webdo\" \/>\n<meta property=\"article:publisher\" content=\"https:\/\/www.facebook.com\/webdotn\" \/>\n<meta property=\"article:published_time\" content=\"2024-04-19T14:35:00+00:00\" \/>\n<meta property=\"article:modified_time\" content=\"2025-05-20T22:12:56+00:00\" \/>\n<meta property=\"og:image\" content=\"https:\/\/www.webdo.tn\/fr\/wp-content\/uploads\/2024\/04\/05962a8b4f36adfea14627a7fa239b3b.webp\" \/>\n\t<meta property=\"og:image:width\" content=\"750\" \/>\n\t<meta property=\"og:image:height\" content=\"400\" \/>\n\t<meta property=\"og:image:type\" content=\"image\/webp\" \/>\n<meta name=\"author\" content=\"MC\" \/>\n<meta name=\"twitter:card\" content=\"summary_large_image\" \/>\n<meta name=\"twitter:creator\" content=\"@webdo_tn\" \/>\n<meta name=\"twitter:site\" content=\"@webdo_tn\" \/>\n<meta name=\"twitter:label1\" content=\"\u00c9crit par\" \/>\n\t<meta name=\"twitter:data1\" content=\"MC\" \/>\n\t<meta name=\"twitter:label2\" content=\"Dur\u00e9e de lecture estim\u00e9e\" \/>\n\t<meta name=\"twitter:data2\" content=\"1 minute\" \/>\n<script type=\"application\/ld+json\" class=\"yoast-schema-graph\">{\"@context\":\"https:\\\/\\\/schema.org\",\"@graph\":[{\"@type\":\"NewsArticle\",\"@id\":\"https:\\\/\\\/www.webdo.tn\\\/fr\\\/actualite\\\/national\\\/tunisie-seance-inaugurale-du-conseil-des-regions-et-des-districts\\\/213664\\\/#article\",\"isPartOf\":{\"@id\":\"https:\\\/\\\/www.webdo.tn\\\/fr\\\/actualite\\\/national\\\/tunisie-seance-inaugurale-du-conseil-des-regions-et-des-districts\\\/213664\\\/\"},\"author\":{\"name\":\"MC\",\"@id\":\"https:\\\/\\\/www.webdo.tn\\\/fr\\\/#\\\/schema\\\/person\\\/2c4929cbf5a809e3bd38617c6ce150f6\"},\"headline\":\"Tunisie : S\u00e9ance inaugurale du conseil des r\u00e9gions et des districts\",\"datePublished\":\"2024-04-19T14:35:00+00:00\",\"dateModified\":\"2025-05-20T22:12:56+00:00\",\"mainEntityOfPage\":{\"@id\":\"https:\\\/\\\/www.webdo.tn\\\/fr\\\/actualite\\\/national\\\/tunisie-seance-inaugurale-du-conseil-des-regions-et-des-districts\\\/213664\\\/\"},\"wordCount\":282,\"commentCount\":0,\"publisher\":{\"@id\":\"https:\\\/\\\/www.webdo.tn\\\/fr\\\/#organization\"},\"image\":{\"@id\":\"https:\\\/\\\/www.webdo.tn\\\/fr\\\/actualite\\\/national\\\/tunisie-seance-inaugurale-du-conseil-des-regions-et-des-districts\\\/213664\\\/#primaryimage\"},\"thumbnailUrl\":\"https:\\\/\\\/www.webdo.tn\\\/fr\\\/wp-content\\\/uploads\\\/2024\\\/04\\\/05962a8b4f36adfea14627a7fa239b3b.webp\",\"keywords\":[\"'Conseil national des r\u00e9gions et districts']\",\"Bardo\",\"Tunisie\"],\"articleSection\":[\"National\"],\"inLanguage\":\"fr-FR\"},{\"@type\":\"WebPage\",\"@id\":\"https:\\\/\\\/www.webdo.tn\\\/fr\\\/actualite\\\/national\\\/tunisie-seance-inaugurale-du-conseil-des-regions-et-des-districts\\\/213664\\\/\",\"url\":\"https:\\\/\\\/www.webdo.tn\\\/fr\\\/actualite\\\/national\\\/tunisie-seance-inaugurale-du-conseil-des-regions-et-des-districts\\\/213664\\\/\",\"name\":\"Tunisie : S\u00e9ance inaugurale du conseil des r\u00e9gions et des districts\",\"isPartOf\":{\"@id\":\"https:\\\/\\\/www.webdo.tn\\\/fr\\\/#website\"},\"primaryImageOfPage\":{\"@id\":\"https:\\\/\\\/www.webdo.tn\\\/fr\\\/actualite\\\/national\\\/tunisie-seance-inaugurale-du-conseil-des-regions-et-des-districts\\\/213664\\\/#primaryimage\"},\"image\":{\"@id\":\"https:\\\/\\\/www.webdo.tn\\\/fr\\\/actualite\\\/national\\\/tunisie-seance-inaugurale-du-conseil-des-regions-et-des-districts\\\/213664\\\/#primaryimage\"},\"thumbnailUrl\":\"https:\\\/\\\/www.webdo.tn\\\/fr\\\/wp-content\\\/uploads\\\/2024\\\/04\\\/05962a8b4f36adfea14627a7fa239b3b.webp\",\"datePublished\":\"2024-04-19T14:35:00+00:00\",\"dateModified\":\"2025-05-20T22:12:56+00:00\",\"description\":\"Le Conseil national des r\u00e9gions et districts tient, ce vendredi 19 avril 2024, sa s\u00e9ance pl\u00e9ni\u00e8re inaugurale, au si\u00e8ge du Conseil au Bardo.\",\"breadcrumb\":{\"@id\":\"https:\\\/\\\/www.webdo.tn\\\/fr\\\/actualite\\\/national\\\/tunisie-seance-inaugurale-du-conseil-des-regions-et-des-districts\\\/213664\\\/#breadcrumb\"},\"inLanguage\":\"fr-FR\",\"potentialAction\":[{\"@type\":\"ReadAction\",\"target\":[\"https:\\\/\\\/www.webdo.tn\\\/fr\\\/actualite\\\/national\\\/tunisie-seance-inaugurale-du-conseil-des-regions-et-des-districts\\\/213664\\\/\"]}]},{\"@type\":\"ImageObject\",\"inLanguage\":\"fr-FR\",\"@id\":\"https:\\\/\\\/www.webdo.tn\\\/fr\\\/actualite\\\/national\\\/tunisie-seance-inaugurale-du-conseil-des-regions-et-des-districts\\\/213664\\\/#primaryimage\",\"url\":\"https:\\\/\\\/www.webdo.tn\\\/fr\\\/wp-content\\\/uploads\\\/2024\\\/04\\\/05962a8b4f36adfea14627a7fa239b3b.webp\",\"contentUrl\":\"https:\\\/\\\/www.webdo.tn\\\/fr\\\/wp-content\\\/uploads\\\/2024\\\/04\\\/05962a8b4f36adfea14627a7fa239b3b.webp\",\"width\":750,\"height\":400,\"caption\":\"Tunisie : S\u00e9ance inaugurale du conseil des r\u00e9gions et des districts\"},{\"@type\":\"BreadcrumbList\",\"@id\":\"https:\\\/\\\/www.webdo.tn\\\/fr\\\/actualite\\\/national\\\/tunisie-seance-inaugurale-du-conseil-des-regions-et-des-districts\\\/213664\\\/#breadcrumb\",\"itemListElement\":[{\"@type\":\"ListItem\",\"position\":1,\"name\":\"Accueil\",\"item\":\"https:\\\/\\\/www.webdo.tn\\\/fr\\\/\"},{\"@type\":\"ListItem\",\"position\":2,\"name\":\"Tunisie : S\u00e9ance inaugurale du conseil des r\u00e9gions et des districts\"}]},{\"@type\":\"WebSite\",\"@id\":\"https:\\\/\\\/www.webdo.tn\\\/fr\\\/#website\",\"url\":\"https:\\\/\\\/www.webdo.tn\\\/fr\\\/\",\"name\":\"webdo\",\"description\":\"Tunisie - News en Tunisie et \u00e0 l&#039;international sur Webdo.tn\",\"publisher\":{\"@id\":\"https:\\\/\\\/www.webdo.tn\\\/fr\\\/#organization\"},\"potentialAction\":[{\"@type\":\"SearchAction\",\"target\":{\"@type\":\"EntryPoint\",\"urlTemplate\":\"https:\\\/\\\/www.webdo.tn\\\/fr\\\/?s={search_term_string}\"},\"query-input\":{\"@type\":\"PropertyValueSpecification\",\"valueRequired\":true,\"valueName\":\"search_term_string\"}}],\"inLanguage\":\"fr-FR\"},{\"@type\":\"Organization\",\"@id\":\"https:\\\/\\\/www.webdo.tn\\\/fr\\\/#organization\",\"name\":\"Webdo\",\"alternateName\":\"Webdo.tn\",\"url\":\"https:\\\/\\\/www.webdo.tn\\\/fr\\\/\",\"logo\":{\"@type\":\"ImageObject\",\"inLanguage\":\"fr-FR\",\"@id\":\"https:\\\/\\\/www.webdo.tn\\\/fr\\\/#\\\/schema\\\/logo\\\/image\\\/\",\"url\":\"https:\\\/\\\/www.webdo.tn\\\/fr\\\/wp-content\\\/uploads\\\/2025\\\/06\\\/Webdo-Tunisie_168377.jpg\",\"contentUrl\":\"https:\\\/\\\/www.webdo.tn\\\/fr\\\/wp-content\\\/uploads\\\/2025\\\/06\\\/Webdo-Tunisie_168377.jpg\",\"width\":301,\"height\":301,\"caption\":\"Webdo\"},\"image\":{\"@id\":\"https:\\\/\\\/www.webdo.tn\\\/fr\\\/#\\\/schema\\\/logo\\\/image\\\/\"},\"sameAs\":[\"https:\\\/\\\/www.facebook.com\\\/webdotn\",\"https:\\\/\\\/x.com\\\/webdo_tn\"],\"description\":\"Webdo est un m\u00e9dia num\u00e9rique tunisien fond\u00e9 en 2010, sp\u00e9cialis\u00e9 dans l\u2019actualit\u00e9 nationale et internationale, l\u2019\u00e9conomie, la soci\u00e9t\u00e9 et les analyses politiques. Le site s\u2019adresse \u00e0 un large public francophone et couvre l\u2019information tunisienne en temps r\u00e9el.\",\"email\":\"redac@webdo.tn\",\"legalName\":\"YNJ SARL\",\"foundingDate\":\"2010-09-06\",\"numberOfEmployees\":{\"@type\":\"QuantitativeValue\",\"minValue\":\"11\",\"maxValue\":\"50\"}},{\"@type\":\"Person\",\"@id\":\"https:\\\/\\\/www.webdo.tn\\\/fr\\\/#\\\/schema\\\/person\\\/2c4929cbf5a809e3bd38617c6ce150f6\",\"name\":\"MC\",\"image\":{\"@type\":\"ImageObject\",\"inLanguage\":\"fr-FR\",\"@id\":\"https:\\\/\\\/secure.gravatar.com\\\/avatar\\\/a545bbb6f84efdd5553dbbc2895e3ca8f1d12c5215e00a041c9670b54aa9b18a?s=96&d=mm&r=g\",\"url\":\"https:\\\/\\\/secure.gravatar.com\\\/avatar\\\/a545bbb6f84efdd5553dbbc2895e3ca8f1d12c5215e00a041c9670b54aa9b18a?s=96&d=mm&r=g\",\"contentUrl\":\"https:\\\/\\\/secure.gravatar.com\\\/avatar\\\/a545bbb6f84efdd5553dbbc2895e3ca8f1d12c5215e00a041c9670b54aa9b18a?s=96&d=mm&r=g\",\"caption\":\"MC\"},\"url\":\"https:\\\/\\\/www.webdo.tn\\\/fr\\\/actualite\\\/author\\\/mc\\\/\"}]}<\/script>\n<!-- \/ Yoast SEO Premium plugin. -->","yoast_head_json":{"title":"Tunisie : S\u00e9ance inaugurale du conseil des r\u00e9gions et des districts","description":"Le Conseil national des r\u00e9gions et districts tient, ce vendredi 19 avril 2024, sa s\u00e9ance pl\u00e9ni\u00e8re inaugurale, au si\u00e8ge du Conseil au Bardo.","canonical":"https:\/\/www.webdo.tn\/fr\/actualite\/national\/tunisie-seance-inaugurale-du-conseil-des-regions-et-des-districts\/213664\/","og_locale":"fr_FR","og_type":"article","og_title":"Tunisie : S\u00e9ance inaugurale du conseil des r\u00e9gions et des districts","og_description":"Le Conseil national des r\u00e9gions et districts tient, ce vendredi 19 avril 2024, sa s\u00e9ance pl\u00e9ni\u00e8re inaugurale, au si\u00e8ge du Conseil au Bardo.","og_url":"https:\/\/www.webdo.tn\/fr\/actualite\/national\/tunisie-seance-inaugurale-du-conseil-des-regions-et-des-districts\/213664\/","og_site_name":"webdo","article_publisher":"https:\/\/www.facebook.com\/webdotn","article_published_time":"2024-04-19T14:35:00+00:00","article_modified_time":"2025-05-20T22:12:56+00:00","og_image":[{"width":750,"height":400,"url":"https:\/\/www.webdo.tn\/fr\/wp-content\/uploads\/2024\/04\/05962a8b4f36adfea14627a7fa239b3b.webp","type":"image\/webp"}],"author":"MC","twitter_card":"summary_large_image","twitter_creator":"@webdo_tn","twitter_site":"@webdo_tn","twitter_misc":{"\u00c9crit par":"MC","Dur\u00e9e de lecture estim\u00e9e":"1 minute"},"schema":{"@context":"https:\/\/schema.org","@graph":[{"@type":"NewsArticle","@id":"https:\/\/www.webdo.tn\/fr\/actualite\/national\/tunisie-seance-inaugurale-du-conseil-des-regions-et-des-districts\/213664\/#article","isPartOf":{"@id":"https:\/\/www.webdo.tn\/fr\/actualite\/national\/tunisie-seance-inaugurale-du-conseil-des-regions-et-des-districts\/213664\/"},"author":{"name":"MC","@id":"https:\/\/www.webdo.tn\/fr\/#\/schema\/person\/2c4929cbf5a809e3bd38617c6ce150f6"},"headline":"Tunisie : S\u00e9ance inaugurale du conseil des r\u00e9gions et des districts","datePublished":"2024-04-19T14:35:00+00:00","dateModified":"2025-05-20T22:12:56+00:00","mainEntityOfPage":{"@id":"https:\/\/www.webdo.tn\/fr\/actualite\/national\/tunisie-seance-inaugurale-du-conseil-des-regions-et-des-districts\/213664\/"},"wordCount":282,"commentCount":0,"publisher":{"@id":"https:\/\/www.webdo.tn\/fr\/#organization"},"image":{"@id":"https:\/\/www.webdo.tn\/fr\/actualite\/national\/tunisie-seance-inaugurale-du-conseil-des-regions-et-des-districts\/213664\/#primaryimage"},"thumbnailUrl":"https:\/\/www.webdo.tn\/fr\/wp-content\/uploads\/2024\/04\/05962a8b4f36adfea14627a7fa239b3b.webp","keywords":["'Conseil national des r\u00e9gions et districts']","Bardo","Tunisie"],"articleSection":["National"],"inLanguage":"fr-FR"},{"@type":"WebPage","@id":"https:\/\/www.webdo.tn\/fr\/actualite\/national\/tunisie-seance-inaugurale-du-conseil-des-regions-et-des-districts\/213664\/","url":"https:\/\/www.webdo.tn\/fr\/actualite\/national\/tunisie-seance-inaugurale-du-conseil-des-regions-et-des-districts\/213664\/","name":"Tunisie : S\u00e9ance inaugurale du conseil des r\u00e9gions et des districts","isPartOf":{"@id":"https:\/\/www.webdo.tn\/fr\/#website"},"primaryImageOfPage":{"@id":"https:\/\/www.webdo.tn\/fr\/actualite\/national\/tunisie-seance-inaugurale-du-conseil-des-regions-et-des-districts\/213664\/#primaryimage"},"image":{"@id":"https:\/\/www.webdo.tn\/fr\/actualite\/national\/tunisie-seance-inaugurale-du-conseil-des-regions-et-des-districts\/213664\/#primaryimage"},"thumbnailUrl":"https:\/\/www.webdo.tn\/fr\/wp-content\/uploads\/2024\/04\/05962a8b4f36adfea14627a7fa239b3b.webp","datePublished":"2024-04-19T14:35:00+00:00","dateModified":"2025-05-20T22:12:56+00:00","description":"Le Conseil national des r\u00e9gions et districts tient, ce vendredi 19 avril 2024, sa s\u00e9ance pl\u00e9ni\u00e8re inaugurale, au si\u00e8ge du Conseil au Bardo.","breadcrumb":{"@id":"https:\/\/www.webdo.tn\/fr\/actualite\/national\/tunisie-seance-inaugurale-du-conseil-des-regions-et-des-districts\/213664\/#breadcrumb"},"inLanguage":"fr-FR","potentialAction":[{"@type":"ReadAction","target":["https:\/\/www.webdo.tn\/fr\/actualite\/national\/tunisie-seance-inaugurale-du-conseil-des-regions-et-des-districts\/213664\/"]}]},{"@type":"ImageObject","inLanguage":"fr-FR","@id":"https:\/\/www.webdo.tn\/fr\/actualite\/national\/tunisie-seance-inaugurale-du-conseil-des-regions-et-des-districts\/213664\/#primaryimage","url":"https:\/\/www.webdo.tn\/fr\/wp-content\/uploads\/2024\/04\/05962a8b4f36adfea14627a7fa239b3b.webp","contentUrl":"https:\/\/www.webdo.tn\/fr\/wp-content\/uploads\/2024\/04\/05962a8b4f36adfea14627a7fa239b3b.webp","width":750,"height":400,"caption":"Tunisie : S\u00e9ance inaugurale du conseil des r\u00e9gions et des districts"},{"@type":"BreadcrumbList","@id":"https:\/\/www.webdo.tn\/fr\/actualite\/national\/tunisie-seance-inaugurale-du-conseil-des-regions-et-des-districts\/213664\/#breadcrumb","itemListElement":[{"@type":"ListItem","position":1,"name":"Accueil","item":"https:\/\/www.webdo.tn\/fr\/"},{"@type":"ListItem","position":2,"name":"Tunisie : S\u00e9ance inaugurale du conseil des r\u00e9gions et des districts"}]},{"@type":"WebSite","@id":"https:\/\/www.webdo.tn\/fr\/#website","url":"https:\/\/www.webdo.tn\/fr\/","name":"webdo","description":"Tunisie - News en Tunisie et \u00e0 l&#039;international sur Webdo.tn","publisher":{"@id":"https:\/\/www.webdo.tn\/fr\/#organization"},"potentialAction":[{"@type":"SearchAction","target":{"@type":"EntryPoint","urlTemplate":"https:\/\/www.webdo.tn\/fr\/?s={search_term_string}"},"query-input":{"@type":"PropertyValueSpecification","valueRequired":true,"valueName":"search_term_string"}}],"inLanguage":"fr-FR"},{"@type":"Organization","@id":"https:\/\/www.webdo.tn\/fr\/#organization","name":"Webdo","alternateName":"Webdo.tn","url":"https:\/\/www.webdo.tn\/fr\/","logo":{"@type":"ImageObject","inLanguage":"fr-FR","@id":"https:\/\/www.webdo.tn\/fr\/#\/schema\/logo\/image\/","url":"https:\/\/www.webdo.tn\/fr\/wp-content\/uploads\/2025\/06\/Webdo-Tunisie_168377.jpg","contentUrl":"https:\/\/www.webdo.tn\/fr\/wp-content\/uploads\/2025\/06\/Webdo-Tunisie_168377.jpg","width":301,"height":301,"caption":"Webdo"},"image":{"@id":"https:\/\/www.webdo.tn\/fr\/#\/schema\/logo\/image\/"},"sameAs":["https:\/\/www.facebook.com\/webdotn","https:\/\/x.com\/webdo_tn"],"description":"Webdo est un m\u00e9dia num\u00e9rique tunisien fond\u00e9 en 2010, sp\u00e9cialis\u00e9 dans l\u2019actualit\u00e9 nationale et internationale, l\u2019\u00e9conomie, la soci\u00e9t\u00e9 et les analyses politiques. Le site s\u2019adresse \u00e0 un large public francophone et couvre l\u2019information tunisienne en temps r\u00e9el.","email":"redac@webdo.tn","legalName":"YNJ SARL","foundingDate":"2010-09-06","numberOfEmployees":{"@type":"QuantitativeValue","minValue":"11","maxValue":"50"}},{"@type":"Person","@id":"https:\/\/www.webdo.tn\/fr\/#\/schema\/person\/2c4929cbf5a809e3bd38617c6ce150f6","name":"MC","image":{"@type":"ImageObject","inLanguage":"fr-FR","@id":"https:\/\/secure.gravatar.com\/avatar\/a545bbb6f84efdd5553dbbc2895e3ca8f1d12c5215e00a041c9670b54aa9b18a?s=96&d=mm&r=g","url":"https:\/\/secure.gravatar.com\/avatar\/a545bbb6f84efdd5553dbbc2895e3ca8f1d12c5215e00a041c9670b54aa9b18a?s=96&d=mm&r=g","contentUrl":"https:\/\/secure.gravatar.com\/avatar\/a545bbb6f84efdd5553dbbc2895e3ca8f1d12c5215e00a041c9670b54aa9b18a?s=96&d=mm&r=g","caption":"MC"},"url":"https:\/\/www.webdo.tn\/fr\/actualite\/author\/mc\/"}]}},"_links":{"self":[{"href":"https:\/\/www.webdo.tn\/fr\/wp-json\/wp\/v2\/posts\/213664","targetHints":{"allow":["GET"]}}],"collection":[{"href":"https:\/\/www.webdo.tn\/fr\/wp-json\/wp\/v2\/posts"}],"about":[{"href":"https:\/\/www.webdo.tn\/fr\/wp-json\/wp\/v2\/types\/post"}],"author":[{"embeddable":true,"href":"https:\/\/www.webdo.tn\/fr\/wp-json\/wp\/v2\/users\/3162"}],"replies":[{"embeddable":true,"href":"https:\/\/www.webdo.tn\/fr\/wp-json\/wp\/v2\/comments?post=213664"}],"version-history":[{"count":0,"href":"https:\/\/www.webdo.tn\/fr\/wp-json\/wp\/v2\/posts\/213664\/revisions"}],"wp:featuredmedia":[{"embeddable":true,"href":"https:\/\/www.webdo.tn\/fr\/wp-json\/wp\/v2\/media\/290507"}],"wp:attachment":[{"href":"https:\/\/www.webdo.tn\/fr\/wp-json\/wp\/v2\/media?parent=213664"}],"wp:term":[{"taxonomy":"category","embeddable":true,"href":"https:\/\/www.webdo.tn\/fr\/wp-json\/wp\/v2\/categories?post=213664"},{"taxonomy":"post_tag","embeddable":true,"href":"https:\/\/www.webdo.tn\/fr\/wp-json\/wp\/v2\/tags?post=213664"}],"curies":[{"name":"wp","href":"https:\/\/api.w.org\/{rel}","templated":true}]}}