{"id":213663,"date":"2024-04-19T14:08:00","date_gmt":"2024-04-19T14:08:00","guid":{"rendered":"https:\/\/www.webdo.tn\/fr\/blog\/la-foire-internationale-du-livre-de-tunis-inauguree-par-kais-saied\/213663\/"},"modified":"2025-05-20T22:12:56","modified_gmt":"2025-05-20T22:12:56","slug":"la-foire-internationale-du-livre-de-tunis-inauguree-par-kais-saied","status":"publish","type":"post","link":"https:\/\/www.webdo.tn\/fr\/actualite\/culture\/la-foire-internationale-du-livre-de-tunis-inauguree-par-kais-saied\/213663\/","title":{"rendered":"La Foire internationale du livre de Tunis inaugur\u00e9e par Kais Saied"},"content":{"rendered":"<p>La 38\u00e8me \u00e9dition de la Foire internationale du livre de Tunis (FILT) a d\u00e9marr\u00e9 ce vendredi 19 avril 2024. Elle a \u00e9t\u00e9 inaugur\u00e9e par le pr\u00e9sident de la R\u00e9publique Kais Saied qui s\u2019est rendu au Palais des expositions du Kram.<\/p>\n<p>\t\t\t\t\t\t\t\t\tLa 38\u00e8me \u00e9dition de la Foire internationale du livre de Tunis a d\u00e9marr\u00e9 ce vendredi 19 avril 2024. Se tenant au Palais des expositions du Kram, elle se tiendra jusqu\u2019au 28 avril 2024, et verra la participation de 25 pays.<\/p>\n<p>L\u2019\u00e9dition 2024 a \u00e9t\u00e9 plac\u00e9e sous l\u2019\u00e9gide de la solidarit\u00e9 avec le peuple palestinien, par ailleurs, l&rsquo;Italie en est l&rsquo;invit\u00e9e d&rsquo;honneur.<\/p>\n<p>Report\u00e9e dans un premier temps par l\u2019Etablissement national pour la promotion des festivals et des manifestations culturelles et artistiques, relevant du minist\u00e8re des Affaires culturelles, sans apporter de pr\u00e9cisions quant aux raisons, c\u2019est sur ordre du pr\u00e9sident Kais Saied, que la foire a \u00e9t\u00e9 maintenue.<\/p>\n<p>Le Chef de l\u2019Etat a d\u2019ailleurs assist\u00e9, aujourd\u2019hui, \u00e0 l&rsquo;ouverture de la FILT, qui comporte 314 stands d&rsquo;exposition, dont 154 de Tunisie et 160 d&rsquo;exposants \u00e9trangers et pr\u00e8s de 110 mille titres.<\/p>\n","protected":false},"excerpt":{"rendered":"<p>La 38\u00e8me \u00e9dition de la Foire internationale du livre de Tunis a d\u00e9marr\u00e9 ce vendredi 19 avril 2024. Se tenant au Palais des expositions du Kram, elle se tiendra&#8230;<\/p>\n","protected":false},"author":3162,"featured_media":290508,"comment_status":"open","ping_status":"closed","sticky":false,"template":"","format":"standard","meta":{"footnotes":""},"categories":[2594],"tags":[6588,2614,2640,2608],"class_list":["post-213663","post","type-post","status-publish","format-standard","has-post-thumbnail","hentry","category-culture","tag-foire-du-livre","tag-kais-saied","tag-tunis","tag-tunisie"],"yoast_head":"<!-- This site is optimized with the Yoast SEO Premium plugin v27.5 (Yoast SEO v27.5) - https:\/\/yoast.com\/product\/yoast-seo-premium-wordpress\/ -->\n<title>La Foire internationale du livre de Tunis inaugur\u00e9e par Kais Saied<\/title>\n<meta name=\"description\" content=\"La 38\u00e8me \u00e9dition de la Foire internationale du livre de Tunis a d\u00e9marr\u00e9 ce vendredi 19 avril 2024. Se tenant au Palais des expositions du Kram, elle se tiendra...\" \/>\n<link rel=\"canonical\" href=\"https:\/\/www.webdo.tn\/fr\/actualite\/culture\/la-foire-internationale-du-livre-de-tunis-inauguree-par-kais-saied\/213663\/\" \/>\n<meta property=\"og:locale\" content=\"fr_FR\" \/>\n<meta property=\"og:type\" content=\"article\" \/>\n<meta property=\"og:title\" content=\"La Foire internationale du livre de Tunis inaugur\u00e9e par Kais Saied\" \/>\n<meta property=\"og:description\" content=\"La 38\u00e8me \u00e9dition de la Foire internationale du livre de Tunis a d\u00e9marr\u00e9 ce vendredi 19 avril 2024. Se tenant au Palais des expositions du Kram, elle se tiendra...\" \/>\n<meta property=\"og:url\" content=\"https:\/\/www.webdo.tn\/fr\/actualite\/culture\/la-foire-internationale-du-livre-de-tunis-inauguree-par-kais-saied\/213663\/\" \/>\n<meta property=\"og:site_name\" content=\"webdo\" \/>\n<meta property=\"article:publisher\" content=\"https:\/\/www.facebook.com\/webdotn\" \/>\n<meta property=\"article:published_time\" content=\"2024-04-19T14:08:00+00:00\" \/>\n<meta property=\"article:modified_time\" content=\"2025-05-20T22:12:56+00:00\" \/>\n<meta property=\"og:image\" content=\"https:\/\/www.webdo.tn\/fr\/wp-content\/uploads\/2024\/04\/fe9ede09de51c83b4244971978d2acc2.webp\" \/>\n\t<meta property=\"og:image:width\" content=\"750\" \/>\n\t<meta property=\"og:image:height\" content=\"400\" \/>\n\t<meta property=\"og:image:type\" content=\"image\/webp\" \/>\n<meta name=\"author\" content=\"MC\" \/>\n<meta name=\"twitter:card\" content=\"summary_large_image\" \/>\n<meta name=\"twitter:creator\" content=\"@webdo_tn\" \/>\n<meta name=\"twitter:site\" content=\"@webdo_tn\" \/>\n<meta name=\"twitter:label1\" content=\"\u00c9crit par\" \/>\n\t<meta name=\"twitter:data1\" content=\"MC\" \/>\n\t<meta name=\"twitter:label2\" content=\"Dur\u00e9e de lecture estim\u00e9e\" \/>\n\t<meta name=\"twitter:data2\" content=\"1 minute\" \/>\n<script type=\"application\/ld+json\" class=\"yoast-schema-graph\">{\"@context\":\"https:\\\/\\\/schema.org\",\"@graph\":[{\"@type\":\"NewsArticle\",\"@id\":\"https:\\\/\\\/www.webdo.tn\\\/fr\\\/actualite\\\/culture\\\/la-foire-internationale-du-livre-de-tunis-inauguree-par-kais-saied\\\/213663\\\/#article\",\"isPartOf\":{\"@id\":\"https:\\\/\\\/www.webdo.tn\\\/fr\\\/actualite\\\/culture\\\/la-foire-internationale-du-livre-de-tunis-inauguree-par-kais-saied\\\/213663\\\/\"},\"author\":{\"name\":\"MC\",\"@id\":\"https:\\\/\\\/www.webdo.tn\\\/fr\\\/#\\\/schema\\\/person\\\/2c4929cbf5a809e3bd38617c6ce150f6\"},\"headline\":\"La Foire internationale du livre de Tunis inaugur\u00e9e par Kais Saied\",\"datePublished\":\"2024-04-19T14:08:00+00:00\",\"dateModified\":\"2025-05-20T22:12:56+00:00\",\"mainEntityOfPage\":{\"@id\":\"https:\\\/\\\/www.webdo.tn\\\/fr\\\/actualite\\\/culture\\\/la-foire-internationale-du-livre-de-tunis-inauguree-par-kais-saied\\\/213663\\\/\"},\"wordCount\":204,\"commentCount\":0,\"publisher\":{\"@id\":\"https:\\\/\\\/www.webdo.tn\\\/fr\\\/#organization\"},\"image\":{\"@id\":\"https:\\\/\\\/www.webdo.tn\\\/fr\\\/actualite\\\/culture\\\/la-foire-internationale-du-livre-de-tunis-inauguree-par-kais-saied\\\/213663\\\/#primaryimage\"},\"thumbnailUrl\":\"https:\\\/\\\/www.webdo.tn\\\/fr\\\/wp-content\\\/uploads\\\/2024\\\/04\\\/fe9ede09de51c83b4244971978d2acc2.webp\",\"keywords\":[\"foire du livre\",\"Kais Saied\",\"Tunis\",\"Tunisie\"],\"articleSection\":[\"Culture\"],\"inLanguage\":\"fr-FR\"},{\"@type\":\"WebPage\",\"@id\":\"https:\\\/\\\/www.webdo.tn\\\/fr\\\/actualite\\\/culture\\\/la-foire-internationale-du-livre-de-tunis-inauguree-par-kais-saied\\\/213663\\\/\",\"url\":\"https:\\\/\\\/www.webdo.tn\\\/fr\\\/actualite\\\/culture\\\/la-foire-internationale-du-livre-de-tunis-inauguree-par-kais-saied\\\/213663\\\/\",\"name\":\"La Foire internationale du livre de Tunis inaugur\u00e9e par Kais Saied\",\"isPartOf\":{\"@id\":\"https:\\\/\\\/www.webdo.tn\\\/fr\\\/#website\"},\"primaryImageOfPage\":{\"@id\":\"https:\\\/\\\/www.webdo.tn\\\/fr\\\/actualite\\\/culture\\\/la-foire-internationale-du-livre-de-tunis-inauguree-par-kais-saied\\\/213663\\\/#primaryimage\"},\"image\":{\"@id\":\"https:\\\/\\\/www.webdo.tn\\\/fr\\\/actualite\\\/culture\\\/la-foire-internationale-du-livre-de-tunis-inauguree-par-kais-saied\\\/213663\\\/#primaryimage\"},\"thumbnailUrl\":\"https:\\\/\\\/www.webdo.tn\\\/fr\\\/wp-content\\\/uploads\\\/2024\\\/04\\\/fe9ede09de51c83b4244971978d2acc2.webp\",\"datePublished\":\"2024-04-19T14:08:00+00:00\",\"dateModified\":\"2025-05-20T22:12:56+00:00\",\"description\":\"La 38\u00e8me \u00e9dition de la Foire internationale du livre de Tunis a d\u00e9marr\u00e9 ce vendredi 19 avril 2024. Se tenant au Palais des expositions du Kram, elle se tiendra...\",\"breadcrumb\":{\"@id\":\"https:\\\/\\\/www.webdo.tn\\\/fr\\\/actualite\\\/culture\\\/la-foire-internationale-du-livre-de-tunis-inauguree-par-kais-saied\\\/213663\\\/#breadcrumb\"},\"inLanguage\":\"fr-FR\",\"potentialAction\":[{\"@type\":\"ReadAction\",\"target\":[\"https:\\\/\\\/www.webdo.tn\\\/fr\\\/actualite\\\/culture\\\/la-foire-internationale-du-livre-de-tunis-inauguree-par-kais-saied\\\/213663\\\/\"]}]},{\"@type\":\"ImageObject\",\"inLanguage\":\"fr-FR\",\"@id\":\"https:\\\/\\\/www.webdo.tn\\\/fr\\\/actualite\\\/culture\\\/la-foire-internationale-du-livre-de-tunis-inauguree-par-kais-saied\\\/213663\\\/#primaryimage\",\"url\":\"https:\\\/\\\/www.webdo.tn\\\/fr\\\/wp-content\\\/uploads\\\/2024\\\/04\\\/fe9ede09de51c83b4244971978d2acc2.webp\",\"contentUrl\":\"https:\\\/\\\/www.webdo.tn\\\/fr\\\/wp-content\\\/uploads\\\/2024\\\/04\\\/fe9ede09de51c83b4244971978d2acc2.webp\",\"width\":750,\"height\":400,\"caption\":\"La Foire internationale du livre de Tunis inaugur\u00e9e par Kais Saied\"},{\"@type\":\"BreadcrumbList\",\"@id\":\"https:\\\/\\\/www.webdo.tn\\\/fr\\\/actualite\\\/culture\\\/la-foire-internationale-du-livre-de-tunis-inauguree-par-kais-saied\\\/213663\\\/#breadcrumb\",\"itemListElement\":[{\"@type\":\"ListItem\",\"position\":1,\"name\":\"Accueil\",\"item\":\"https:\\\/\\\/www.webdo.tn\\\/fr\\\/\"},{\"@type\":\"ListItem\",\"position\":2,\"name\":\"La Foire internationale du livre de Tunis inaugur\u00e9e par Kais Saied\"}]},{\"@type\":\"WebSite\",\"@id\":\"https:\\\/\\\/www.webdo.tn\\\/fr\\\/#website\",\"url\":\"https:\\\/\\\/www.webdo.tn\\\/fr\\\/\",\"name\":\"webdo\",\"description\":\"Tunisie - News en Tunisie et \u00e0 l&#039;international sur Webdo.tn\",\"publisher\":{\"@id\":\"https:\\\/\\\/www.webdo.tn\\\/fr\\\/#organization\"},\"potentialAction\":[{\"@type\":\"SearchAction\",\"target\":{\"@type\":\"EntryPoint\",\"urlTemplate\":\"https:\\\/\\\/www.webdo.tn\\\/fr\\\/?s={search_term_string}\"},\"query-input\":{\"@type\":\"PropertyValueSpecification\",\"valueRequired\":true,\"valueName\":\"search_term_string\"}}],\"inLanguage\":\"fr-FR\"},{\"@type\":\"Organization\",\"@id\":\"https:\\\/\\\/www.webdo.tn\\\/fr\\\/#organization\",\"name\":\"Webdo\",\"alternateName\":\"Webdo.tn\",\"url\":\"https:\\\/\\\/www.webdo.tn\\\/fr\\\/\",\"logo\":{\"@type\":\"ImageObject\",\"inLanguage\":\"fr-FR\",\"@id\":\"https:\\\/\\\/www.webdo.tn\\\/fr\\\/#\\\/schema\\\/logo\\\/image\\\/\",\"url\":\"https:\\\/\\\/www.webdo.tn\\\/fr\\\/wp-content\\\/uploads\\\/2025\\\/06\\\/Webdo-Tunisie_168377.jpg\",\"contentUrl\":\"https:\\\/\\\/www.webdo.tn\\\/fr\\\/wp-content\\\/uploads\\\/2025\\\/06\\\/Webdo-Tunisie_168377.jpg\",\"width\":301,\"height\":301,\"caption\":\"Webdo\"},\"image\":{\"@id\":\"https:\\\/\\\/www.webdo.tn\\\/fr\\\/#\\\/schema\\\/logo\\\/image\\\/\"},\"sameAs\":[\"https:\\\/\\\/www.facebook.com\\\/webdotn\",\"https:\\\/\\\/x.com\\\/webdo_tn\"],\"description\":\"Webdo est un m\u00e9dia num\u00e9rique tunisien fond\u00e9 en 2010, sp\u00e9cialis\u00e9 dans l\u2019actualit\u00e9 nationale et internationale, l\u2019\u00e9conomie, la soci\u00e9t\u00e9 et les analyses politiques. Le site s\u2019adresse \u00e0 un large public francophone et couvre l\u2019information tunisienne en temps r\u00e9el.\",\"email\":\"redac@webdo.tn\",\"legalName\":\"YNJ SARL\",\"foundingDate\":\"2010-09-06\",\"numberOfEmployees\":{\"@type\":\"QuantitativeValue\",\"minValue\":\"11\",\"maxValue\":\"50\"}},{\"@type\":\"Person\",\"@id\":\"https:\\\/\\\/www.webdo.tn\\\/fr\\\/#\\\/schema\\\/person\\\/2c4929cbf5a809e3bd38617c6ce150f6\",\"name\":\"MC\",\"image\":{\"@type\":\"ImageObject\",\"inLanguage\":\"fr-FR\",\"@id\":\"https:\\\/\\\/secure.gravatar.com\\\/avatar\\\/a545bbb6f84efdd5553dbbc2895e3ca8f1d12c5215e00a041c9670b54aa9b18a?s=96&d=mm&r=g\",\"url\":\"https:\\\/\\\/secure.gravatar.com\\\/avatar\\\/a545bbb6f84efdd5553dbbc2895e3ca8f1d12c5215e00a041c9670b54aa9b18a?s=96&d=mm&r=g\",\"contentUrl\":\"https:\\\/\\\/secure.gravatar.com\\\/avatar\\\/a545bbb6f84efdd5553dbbc2895e3ca8f1d12c5215e00a041c9670b54aa9b18a?s=96&d=mm&r=g\",\"caption\":\"MC\"},\"url\":\"https:\\\/\\\/www.webdo.tn\\\/fr\\\/actualite\\\/author\\\/mc\\\/\"}]}<\/script>\n<!-- \/ Yoast SEO Premium plugin. -->","yoast_head_json":{"title":"La Foire internationale du livre de Tunis inaugur\u00e9e par Kais Saied","description":"La 38\u00e8me \u00e9dition de la Foire internationale du livre de Tunis a d\u00e9marr\u00e9 ce vendredi 19 avril 2024. Se tenant au Palais des expositions du Kram, elle se tiendra...","canonical":"https:\/\/www.webdo.tn\/fr\/actualite\/culture\/la-foire-internationale-du-livre-de-tunis-inauguree-par-kais-saied\/213663\/","og_locale":"fr_FR","og_type":"article","og_title":"La Foire internationale du livre de Tunis inaugur\u00e9e par Kais Saied","og_description":"La 38\u00e8me \u00e9dition de la Foire internationale du livre de Tunis a d\u00e9marr\u00e9 ce vendredi 19 avril 2024. Se tenant au Palais des expositions du Kram, elle se tiendra...","og_url":"https:\/\/www.webdo.tn\/fr\/actualite\/culture\/la-foire-internationale-du-livre-de-tunis-inauguree-par-kais-saied\/213663\/","og_site_name":"webdo","article_publisher":"https:\/\/www.facebook.com\/webdotn","article_published_time":"2024-04-19T14:08:00+00:00","article_modified_time":"2025-05-20T22:12:56+00:00","og_image":[{"width":750,"height":400,"url":"https:\/\/www.webdo.tn\/fr\/wp-content\/uploads\/2024\/04\/fe9ede09de51c83b4244971978d2acc2.webp","type":"image\/webp"}],"author":"MC","twitter_card":"summary_large_image","twitter_creator":"@webdo_tn","twitter_site":"@webdo_tn","twitter_misc":{"\u00c9crit par":"MC","Dur\u00e9e de lecture estim\u00e9e":"1 minute"},"schema":{"@context":"https:\/\/schema.org","@graph":[{"@type":"NewsArticle","@id":"https:\/\/www.webdo.tn\/fr\/actualite\/culture\/la-foire-internationale-du-livre-de-tunis-inauguree-par-kais-saied\/213663\/#article","isPartOf":{"@id":"https:\/\/www.webdo.tn\/fr\/actualite\/culture\/la-foire-internationale-du-livre-de-tunis-inauguree-par-kais-saied\/213663\/"},"author":{"name":"MC","@id":"https:\/\/www.webdo.tn\/fr\/#\/schema\/person\/2c4929cbf5a809e3bd38617c6ce150f6"},"headline":"La Foire internationale du livre de Tunis inaugur\u00e9e par Kais Saied","datePublished":"2024-04-19T14:08:00+00:00","dateModified":"2025-05-20T22:12:56+00:00","mainEntityOfPage":{"@id":"https:\/\/www.webdo.tn\/fr\/actualite\/culture\/la-foire-internationale-du-livre-de-tunis-inauguree-par-kais-saied\/213663\/"},"wordCount":204,"commentCount":0,"publisher":{"@id":"https:\/\/www.webdo.tn\/fr\/#organization"},"image":{"@id":"https:\/\/www.webdo.tn\/fr\/actualite\/culture\/la-foire-internationale-du-livre-de-tunis-inauguree-par-kais-saied\/213663\/#primaryimage"},"thumbnailUrl":"https:\/\/www.webdo.tn\/fr\/wp-content\/uploads\/2024\/04\/fe9ede09de51c83b4244971978d2acc2.webp","keywords":["foire du livre","Kais Saied","Tunis","Tunisie"],"articleSection":["Culture"],"inLanguage":"fr-FR"},{"@type":"WebPage","@id":"https:\/\/www.webdo.tn\/fr\/actualite\/culture\/la-foire-internationale-du-livre-de-tunis-inauguree-par-kais-saied\/213663\/","url":"https:\/\/www.webdo.tn\/fr\/actualite\/culture\/la-foire-internationale-du-livre-de-tunis-inauguree-par-kais-saied\/213663\/","name":"La Foire internationale du livre de Tunis inaugur\u00e9e par Kais Saied","isPartOf":{"@id":"https:\/\/www.webdo.tn\/fr\/#website"},"primaryImageOfPage":{"@id":"https:\/\/www.webdo.tn\/fr\/actualite\/culture\/la-foire-internationale-du-livre-de-tunis-inauguree-par-kais-saied\/213663\/#primaryimage"},"image":{"@id":"https:\/\/www.webdo.tn\/fr\/actualite\/culture\/la-foire-internationale-du-livre-de-tunis-inauguree-par-kais-saied\/213663\/#primaryimage"},"thumbnailUrl":"https:\/\/www.webdo.tn\/fr\/wp-content\/uploads\/2024\/04\/fe9ede09de51c83b4244971978d2acc2.webp","datePublished":"2024-04-19T14:08:00+00:00","dateModified":"2025-05-20T22:12:56+00:00","description":"La 38\u00e8me \u00e9dition de la Foire internationale du livre de Tunis a d\u00e9marr\u00e9 ce vendredi 19 avril 2024. Se tenant au Palais des expositions du Kram, elle se tiendra...","breadcrumb":{"@id":"https:\/\/www.webdo.tn\/fr\/actualite\/culture\/la-foire-internationale-du-livre-de-tunis-inauguree-par-kais-saied\/213663\/#breadcrumb"},"inLanguage":"fr-FR","potentialAction":[{"@type":"ReadAction","target":["https:\/\/www.webdo.tn\/fr\/actualite\/culture\/la-foire-internationale-du-livre-de-tunis-inauguree-par-kais-saied\/213663\/"]}]},{"@type":"ImageObject","inLanguage":"fr-FR","@id":"https:\/\/www.webdo.tn\/fr\/actualite\/culture\/la-foire-internationale-du-livre-de-tunis-inauguree-par-kais-saied\/213663\/#primaryimage","url":"https:\/\/www.webdo.tn\/fr\/wp-content\/uploads\/2024\/04\/fe9ede09de51c83b4244971978d2acc2.webp","contentUrl":"https:\/\/www.webdo.tn\/fr\/wp-content\/uploads\/2024\/04\/fe9ede09de51c83b4244971978d2acc2.webp","width":750,"height":400,"caption":"La Foire internationale du livre de Tunis inaugur\u00e9e par Kais Saied"},{"@type":"BreadcrumbList","@id":"https:\/\/www.webdo.tn\/fr\/actualite\/culture\/la-foire-internationale-du-livre-de-tunis-inauguree-par-kais-saied\/213663\/#breadcrumb","itemListElement":[{"@type":"ListItem","position":1,"name":"Accueil","item":"https:\/\/www.webdo.tn\/fr\/"},{"@type":"ListItem","position":2,"name":"La Foire internationale du livre de Tunis inaugur\u00e9e par Kais Saied"}]},{"@type":"WebSite","@id":"https:\/\/www.webdo.tn\/fr\/#website","url":"https:\/\/www.webdo.tn\/fr\/","name":"webdo","description":"Tunisie - News en Tunisie et \u00e0 l&#039;international sur Webdo.tn","publisher":{"@id":"https:\/\/www.webdo.tn\/fr\/#organization"},"potentialAction":[{"@type":"SearchAction","target":{"@type":"EntryPoint","urlTemplate":"https:\/\/www.webdo.tn\/fr\/?s={search_term_string}"},"query-input":{"@type":"PropertyValueSpecification","valueRequired":true,"valueName":"search_term_string"}}],"inLanguage":"fr-FR"},{"@type":"Organization","@id":"https:\/\/www.webdo.tn\/fr\/#organization","name":"Webdo","alternateName":"Webdo.tn","url":"https:\/\/www.webdo.tn\/fr\/","logo":{"@type":"ImageObject","inLanguage":"fr-FR","@id":"https:\/\/www.webdo.tn\/fr\/#\/schema\/logo\/image\/","url":"https:\/\/www.webdo.tn\/fr\/wp-content\/uploads\/2025\/06\/Webdo-Tunisie_168377.jpg","contentUrl":"https:\/\/www.webdo.tn\/fr\/wp-content\/uploads\/2025\/06\/Webdo-Tunisie_168377.jpg","width":301,"height":301,"caption":"Webdo"},"image":{"@id":"https:\/\/www.webdo.tn\/fr\/#\/schema\/logo\/image\/"},"sameAs":["https:\/\/www.facebook.com\/webdotn","https:\/\/x.com\/webdo_tn"],"description":"Webdo est un m\u00e9dia num\u00e9rique tunisien fond\u00e9 en 2010, sp\u00e9cialis\u00e9 dans l\u2019actualit\u00e9 nationale et internationale, l\u2019\u00e9conomie, la soci\u00e9t\u00e9 et les analyses politiques. Le site s\u2019adresse \u00e0 un large public francophone et couvre l\u2019information tunisienne en temps r\u00e9el.","email":"redac@webdo.tn","legalName":"YNJ SARL","foundingDate":"2010-09-06","numberOfEmployees":{"@type":"QuantitativeValue","minValue":"11","maxValue":"50"}},{"@type":"Person","@id":"https:\/\/www.webdo.tn\/fr\/#\/schema\/person\/2c4929cbf5a809e3bd38617c6ce150f6","name":"MC","image":{"@type":"ImageObject","inLanguage":"fr-FR","@id":"https:\/\/secure.gravatar.com\/avatar\/a545bbb6f84efdd5553dbbc2895e3ca8f1d12c5215e00a041c9670b54aa9b18a?s=96&d=mm&r=g","url":"https:\/\/secure.gravatar.com\/avatar\/a545bbb6f84efdd5553dbbc2895e3ca8f1d12c5215e00a041c9670b54aa9b18a?s=96&d=mm&r=g","contentUrl":"https:\/\/secure.gravatar.com\/avatar\/a545bbb6f84efdd5553dbbc2895e3ca8f1d12c5215e00a041c9670b54aa9b18a?s=96&d=mm&r=g","caption":"MC"},"url":"https:\/\/www.webdo.tn\/fr\/actualite\/author\/mc\/"}]}},"_links":{"self":[{"href":"https:\/\/www.webdo.tn\/fr\/wp-json\/wp\/v2\/posts\/213663","targetHints":{"allow":["GET"]}}],"collection":[{"href":"https:\/\/www.webdo.tn\/fr\/wp-json\/wp\/v2\/posts"}],"about":[{"href":"https:\/\/www.webdo.tn\/fr\/wp-json\/wp\/v2\/types\/post"}],"author":[{"embeddable":true,"href":"https:\/\/www.webdo.tn\/fr\/wp-json\/wp\/v2\/users\/3162"}],"replies":[{"embeddable":true,"href":"https:\/\/www.webdo.tn\/fr\/wp-json\/wp\/v2\/comments?post=213663"}],"version-history":[{"count":0,"href":"https:\/\/www.webdo.tn\/fr\/wp-json\/wp\/v2\/posts\/213663\/revisions"}],"wp:featuredmedia":[{"embeddable":true,"href":"https:\/\/www.webdo.tn\/fr\/wp-json\/wp\/v2\/media\/290508"}],"wp:attachment":[{"href":"https:\/\/www.webdo.tn\/fr\/wp-json\/wp\/v2\/media?parent=213663"}],"wp:term":[{"taxonomy":"category","embeddable":true,"href":"https:\/\/www.webdo.tn\/fr\/wp-json\/wp\/v2\/categories?post=213663"},{"taxonomy":"post_tag","embeddable":true,"href":"https:\/\/www.webdo.tn\/fr\/wp-json\/wp\/v2\/tags?post=213663"}],"curies":[{"name":"wp","href":"https:\/\/api.w.org\/{rel}","templated":true}]}}