{"id":213657,"date":"2024-04-19T11:32:00","date_gmt":"2024-04-19T11:32:00","guid":{"rendered":"https:\/\/www.webdo.tn\/fr\/blog\/tunisie-nouveau-rebondissement-dans-l-affaire-namaa-tounes\/213657\/"},"modified":"2025-05-20T22:36:50","modified_gmt":"2025-05-20T22:36:50","slug":"tunisie-nouveau-rebondissement-dans-l-affaire-namaa-tounes","status":"publish","type":"post","link":"https:\/\/www.webdo.tn\/fr\/actualite\/national\/tunisie-nouveau-rebondissement-dans-l-affaire-namaa-tounes\/213657\/","title":{"rendered":"Tunisie : Nouveau rebondissement dans l\u2019affaire \u00ab\u00a0Namaa Tounes\u00a0\u00bb"},"content":{"rendered":"<p>La Cour d&rsquo;appel de Tunis a d\u00e9cid\u00e9 de renvoyer le tr\u00e9sorier de l&rsquo;association Namaa Tounes et l&rsquo;ancien dirigeant du mouvement Ennahdha, Abdelkarim Slimane, devant la chambre criminelle du tribunal de premi\u00e8re instance de Tunis tout en maintenant en vigueur le mandat de d\u00e9p\u00f4t \u00e9mis \u00e0 son encontre.<\/p>\n<p>\t\t\t\t\t\t\t\t\tIl convient de mentionner que le juge d&rsquo;instruction principal du p\u00f4le judiciaire financier avait \u00e9mis des mandats de d\u00e9p\u00f4t \u00e0 l&rsquo;encontre de Abdelkarim Slimane et d&rsquo;autres membres de l&rsquo;association Namaa Tounes, pour des crimes li\u00e9s au blanchiment d&rsquo;argent et \u00e0 des infractions financi\u00e8res, tout en gelant ses avoirs.\u00a0<\/p>\n<p>La justice poursuit ses investigations dans l\u2019affaire de blanchiment d\u2019argent connue sous l\u2019appellation de \u00ab\u00a0Namaa Tounes\u00a0\u00bb en r\u00e9f\u00e9rence \u00e0 une association caritative.<\/p>\n<p>Rappelons que conform\u00e9ment \u00e0 une d\u00e9cision de justice, les comptes bancaires et les avoirs de plusieurs personnes accus\u00e9es dans l\u2019affaire relative \u00e0 l\u2019association caritative Namaa Tounes, ont \u00e9t\u00e9 gel\u00e9s.<\/p>\n<p>La liste publi\u00e9e par la Commission tunisienne des analyses financi\u00e8res (Ctaf) \u00e9voque notamment le pr\u00e9sident du Mouvement Ennahdha Rached Ghannouchi, son fils Mouadh, sa fille Soumaya Ghannouchi et son gendre Rafik Abdessalem, l\u2019ancien chef du gouvernement Hamadi Jebali, ses deux filles et son \u00e9pouse, en plus d\u2019autres personnes.<\/p>\n","protected":false},"excerpt":{"rendered":"<p>Il convient de mentionner que le juge d&rsquo;instruction principal du p\u00f4le judiciaire financier avait \u00e9mis des mandats de d\u00e9p\u00f4t \u00e0 l&rsquo;encontre de Abdelkarim Slimane et&#8230;<\/p>\n","protected":false},"author":3175,"featured_media":247567,"comment_status":"open","ping_status":"closed","sticky":false,"template":"","format":"standard","meta":{"footnotes":""},"categories":[44],"tags":[6661,2608],"class_list":["post-213657","post","type-post","status-publish","format-standard","has-post-thumbnail","hentry","category-national","tag-namaa-tounes","tag-tunisie"],"yoast_head":"<!-- This site is optimized with the Yoast SEO Premium plugin v27.5 (Yoast SEO v27.5) - https:\/\/yoast.com\/product\/yoast-seo-premium-wordpress\/ -->\n<title>Tunisie : Nouveau rebondissement dans l\u2019affaire Namaa Tounes<\/title>\n<meta name=\"description\" content=\"Il convient de mentionner que le juge d&#039;instruction principal du p\u00f4le judiciaire financier avait \u00e9mis des mandats de d\u00e9p\u00f4t \u00e0 l&#039;encontre de Abdelkarim Slimane et...\" \/>\n<link rel=\"canonical\" href=\"https:\/\/www.webdo.tn\/fr\/actualite\/national\/tunisie-nouveau-rebondissement-dans-l-affaire-namaa-tounes\/213657\/\" \/>\n<meta property=\"og:locale\" content=\"fr_FR\" \/>\n<meta property=\"og:type\" content=\"article\" \/>\n<meta property=\"og:title\" content=\"Tunisie : Nouveau rebondissement dans l\u2019affaire &quot;Namaa Tounes&quot;\" \/>\n<meta property=\"og:description\" content=\"Il convient de mentionner que le juge d&#039;instruction principal du p\u00f4le judiciaire financier avait \u00e9mis des mandats de d\u00e9p\u00f4t \u00e0 l&#039;encontre de Abdelkarim Slimane et...\" \/>\n<meta property=\"og:url\" content=\"https:\/\/www.webdo.tn\/fr\/actualite\/national\/tunisie-nouveau-rebondissement-dans-l-affaire-namaa-tounes\/213657\/\" \/>\n<meta property=\"og:site_name\" content=\"webdo\" \/>\n<meta property=\"article:publisher\" content=\"https:\/\/www.facebook.com\/webdotn\" \/>\n<meta property=\"article:published_time\" content=\"2024-04-19T11:32:00+00:00\" \/>\n<meta property=\"article:modified_time\" content=\"2025-05-20T22:36:50+00:00\" \/>\n<meta property=\"og:image\" content=\"https:\/\/www.webdo.tn\/fr\/wp-content\/uploads\/2024\/04\/69e59d6fb1b6c0336dc1462defa52fee.webp\" \/>\n\t<meta property=\"og:image:width\" content=\"680\" \/>\n\t<meta property=\"og:image:height\" content=\"363\" \/>\n\t<meta property=\"og:image:type\" content=\"image\/webp\" \/>\n<meta name=\"author\" content=\"CL\" \/>\n<meta name=\"twitter:card\" content=\"summary_large_image\" \/>\n<meta name=\"twitter:creator\" content=\"@webdo_tn\" \/>\n<meta name=\"twitter:site\" content=\"@webdo_tn\" \/>\n<meta name=\"twitter:label1\" content=\"\u00c9crit par\" \/>\n\t<meta name=\"twitter:data1\" content=\"CL\" \/>\n\t<meta name=\"twitter:label2\" content=\"Dur\u00e9e de lecture estim\u00e9e\" \/>\n\t<meta name=\"twitter:data2\" content=\"1 minute\" \/>\n<script type=\"application\/ld+json\" class=\"yoast-schema-graph\">{\"@context\":\"https:\\\/\\\/schema.org\",\"@graph\":[{\"@type\":\"NewsArticle\",\"@id\":\"https:\\\/\\\/www.webdo.tn\\\/fr\\\/actualite\\\/national\\\/tunisie-nouveau-rebondissement-dans-l-affaire-namaa-tounes\\\/213657\\\/#article\",\"isPartOf\":{\"@id\":\"https:\\\/\\\/www.webdo.tn\\\/fr\\\/actualite\\\/national\\\/tunisie-nouveau-rebondissement-dans-l-affaire-namaa-tounes\\\/213657\\\/\"},\"author\":{\"name\":\"CL\",\"@id\":\"https:\\\/\\\/www.webdo.tn\\\/fr\\\/#\\\/schema\\\/person\\\/f35b42a42c5e2511bbd282959d6385cc\"},\"headline\":\"Tunisie : Nouveau rebondissement dans l\u2019affaire \u00ab\u00a0Namaa Tounes\u00a0\u00bb\",\"datePublished\":\"2024-04-19T11:32:00+00:00\",\"dateModified\":\"2025-05-20T22:36:50+00:00\",\"mainEntityOfPage\":{\"@id\":\"https:\\\/\\\/www.webdo.tn\\\/fr\\\/actualite\\\/national\\\/tunisie-nouveau-rebondissement-dans-l-affaire-namaa-tounes\\\/213657\\\/\"},\"wordCount\":230,\"commentCount\":0,\"publisher\":{\"@id\":\"https:\\\/\\\/www.webdo.tn\\\/fr\\\/#organization\"},\"image\":{\"@id\":\"https:\\\/\\\/www.webdo.tn\\\/fr\\\/actualite\\\/national\\\/tunisie-nouveau-rebondissement-dans-l-affaire-namaa-tounes\\\/213657\\\/#primaryimage\"},\"thumbnailUrl\":\"https:\\\/\\\/www.webdo.tn\\\/fr\\\/wp-content\\\/uploads\\\/2024\\\/04\\\/69e59d6fb1b6c0336dc1462defa52fee.webp\",\"keywords\":[\"namaa tounes\",\"Tunisie\"],\"articleSection\":[\"National\"],\"inLanguage\":\"fr-FR\"},{\"@type\":\"WebPage\",\"@id\":\"https:\\\/\\\/www.webdo.tn\\\/fr\\\/actualite\\\/national\\\/tunisie-nouveau-rebondissement-dans-l-affaire-namaa-tounes\\\/213657\\\/\",\"url\":\"https:\\\/\\\/www.webdo.tn\\\/fr\\\/actualite\\\/national\\\/tunisie-nouveau-rebondissement-dans-l-affaire-namaa-tounes\\\/213657\\\/\",\"name\":\"Tunisie : Nouveau rebondissement dans l\u2019affaire Namaa Tounes\",\"isPartOf\":{\"@id\":\"https:\\\/\\\/www.webdo.tn\\\/fr\\\/#website\"},\"primaryImageOfPage\":{\"@id\":\"https:\\\/\\\/www.webdo.tn\\\/fr\\\/actualite\\\/national\\\/tunisie-nouveau-rebondissement-dans-l-affaire-namaa-tounes\\\/213657\\\/#primaryimage\"},\"image\":{\"@id\":\"https:\\\/\\\/www.webdo.tn\\\/fr\\\/actualite\\\/national\\\/tunisie-nouveau-rebondissement-dans-l-affaire-namaa-tounes\\\/213657\\\/#primaryimage\"},\"thumbnailUrl\":\"https:\\\/\\\/www.webdo.tn\\\/fr\\\/wp-content\\\/uploads\\\/2024\\\/04\\\/69e59d6fb1b6c0336dc1462defa52fee.webp\",\"datePublished\":\"2024-04-19T11:32:00+00:00\",\"dateModified\":\"2025-05-20T22:36:50+00:00\",\"description\":\"Il convient de mentionner que le juge d'instruction principal du p\u00f4le judiciaire financier avait \u00e9mis des mandats de d\u00e9p\u00f4t \u00e0 l'encontre de Abdelkarim Slimane et...\",\"breadcrumb\":{\"@id\":\"https:\\\/\\\/www.webdo.tn\\\/fr\\\/actualite\\\/national\\\/tunisie-nouveau-rebondissement-dans-l-affaire-namaa-tounes\\\/213657\\\/#breadcrumb\"},\"inLanguage\":\"fr-FR\",\"potentialAction\":[{\"@type\":\"ReadAction\",\"target\":[\"https:\\\/\\\/www.webdo.tn\\\/fr\\\/actualite\\\/national\\\/tunisie-nouveau-rebondissement-dans-l-affaire-namaa-tounes\\\/213657\\\/\"]}]},{\"@type\":\"ImageObject\",\"inLanguage\":\"fr-FR\",\"@id\":\"https:\\\/\\\/www.webdo.tn\\\/fr\\\/actualite\\\/national\\\/tunisie-nouveau-rebondissement-dans-l-affaire-namaa-tounes\\\/213657\\\/#primaryimage\",\"url\":\"https:\\\/\\\/www.webdo.tn\\\/fr\\\/wp-content\\\/uploads\\\/2024\\\/04\\\/69e59d6fb1b6c0336dc1462defa52fee.webp\",\"contentUrl\":\"https:\\\/\\\/www.webdo.tn\\\/fr\\\/wp-content\\\/uploads\\\/2024\\\/04\\\/69e59d6fb1b6c0336dc1462defa52fee.webp\",\"width\":680,\"height\":363,\"caption\":\"Tunisie : Nouveau rebondissement dans l\u2019affaire \\\"Namaa Tounes\\\"\"},{\"@type\":\"BreadcrumbList\",\"@id\":\"https:\\\/\\\/www.webdo.tn\\\/fr\\\/actualite\\\/national\\\/tunisie-nouveau-rebondissement-dans-l-affaire-namaa-tounes\\\/213657\\\/#breadcrumb\",\"itemListElement\":[{\"@type\":\"ListItem\",\"position\":1,\"name\":\"Accueil\",\"item\":\"https:\\\/\\\/www.webdo.tn\\\/fr\\\/\"},{\"@type\":\"ListItem\",\"position\":2,\"name\":\"Tunisie : Nouveau rebondissement dans l\u2019affaire &#8220;Namaa Tounes&#8221;\"}]},{\"@type\":\"WebSite\",\"@id\":\"https:\\\/\\\/www.webdo.tn\\\/fr\\\/#website\",\"url\":\"https:\\\/\\\/www.webdo.tn\\\/fr\\\/\",\"name\":\"webdo\",\"description\":\"Tunisie - News en Tunisie et \u00e0 l&#039;international sur Webdo.tn\",\"publisher\":{\"@id\":\"https:\\\/\\\/www.webdo.tn\\\/fr\\\/#organization\"},\"potentialAction\":[{\"@type\":\"SearchAction\",\"target\":{\"@type\":\"EntryPoint\",\"urlTemplate\":\"https:\\\/\\\/www.webdo.tn\\\/fr\\\/?s={search_term_string}\"},\"query-input\":{\"@type\":\"PropertyValueSpecification\",\"valueRequired\":true,\"valueName\":\"search_term_string\"}}],\"inLanguage\":\"fr-FR\"},{\"@type\":\"Organization\",\"@id\":\"https:\\\/\\\/www.webdo.tn\\\/fr\\\/#organization\",\"name\":\"Webdo\",\"alternateName\":\"Webdo.tn\",\"url\":\"https:\\\/\\\/www.webdo.tn\\\/fr\\\/\",\"logo\":{\"@type\":\"ImageObject\",\"inLanguage\":\"fr-FR\",\"@id\":\"https:\\\/\\\/www.webdo.tn\\\/fr\\\/#\\\/schema\\\/logo\\\/image\\\/\",\"url\":\"https:\\\/\\\/www.webdo.tn\\\/fr\\\/wp-content\\\/uploads\\\/2025\\\/06\\\/Webdo-Tunisie_168377.jpg\",\"contentUrl\":\"https:\\\/\\\/www.webdo.tn\\\/fr\\\/wp-content\\\/uploads\\\/2025\\\/06\\\/Webdo-Tunisie_168377.jpg\",\"width\":301,\"height\":301,\"caption\":\"Webdo\"},\"image\":{\"@id\":\"https:\\\/\\\/www.webdo.tn\\\/fr\\\/#\\\/schema\\\/logo\\\/image\\\/\"},\"sameAs\":[\"https:\\\/\\\/www.facebook.com\\\/webdotn\",\"https:\\\/\\\/x.com\\\/webdo_tn\"],\"description\":\"Webdo est un m\u00e9dia num\u00e9rique tunisien fond\u00e9 en 2010, sp\u00e9cialis\u00e9 dans l\u2019actualit\u00e9 nationale et internationale, l\u2019\u00e9conomie, la soci\u00e9t\u00e9 et les analyses politiques. Le site s\u2019adresse \u00e0 un large public francophone et couvre l\u2019information tunisienne en temps r\u00e9el.\",\"email\":\"redac@webdo.tn\",\"legalName\":\"YNJ SARL\",\"foundingDate\":\"2010-09-06\",\"numberOfEmployees\":{\"@type\":\"QuantitativeValue\",\"minValue\":\"11\",\"maxValue\":\"50\"}},{\"@type\":\"Person\",\"@id\":\"https:\\\/\\\/www.webdo.tn\\\/fr\\\/#\\\/schema\\\/person\\\/f35b42a42c5e2511bbd282959d6385cc\",\"name\":\"CL\",\"image\":{\"@type\":\"ImageObject\",\"inLanguage\":\"fr-FR\",\"@id\":\"https:\\\/\\\/secure.gravatar.com\\\/avatar\\\/1447a49909b67aa657c488aec6512e1dd6143a480c1ecfee9b5b5cd74eb3b59e?s=96&d=mm&r=g\",\"url\":\"https:\\\/\\\/secure.gravatar.com\\\/avatar\\\/1447a49909b67aa657c488aec6512e1dd6143a480c1ecfee9b5b5cd74eb3b59e?s=96&d=mm&r=g\",\"contentUrl\":\"https:\\\/\\\/secure.gravatar.com\\\/avatar\\\/1447a49909b67aa657c488aec6512e1dd6143a480c1ecfee9b5b5cd74eb3b59e?s=96&d=mm&r=g\",\"caption\":\"CL\"},\"url\":\"https:\\\/\\\/www.webdo.tn\\\/fr\\\/actualite\\\/author\\\/cl\\\/\"}]}<\/script>\n<!-- \/ Yoast SEO Premium plugin. -->","yoast_head_json":{"title":"Tunisie : Nouveau rebondissement dans l\u2019affaire Namaa Tounes","description":"Il convient de mentionner que le juge d'instruction principal du p\u00f4le judiciaire financier avait \u00e9mis des mandats de d\u00e9p\u00f4t \u00e0 l'encontre de Abdelkarim Slimane et...","canonical":"https:\/\/www.webdo.tn\/fr\/actualite\/national\/tunisie-nouveau-rebondissement-dans-l-affaire-namaa-tounes\/213657\/","og_locale":"fr_FR","og_type":"article","og_title":"Tunisie : Nouveau rebondissement dans l\u2019affaire \"Namaa Tounes\"","og_description":"Il convient de mentionner que le juge d'instruction principal du p\u00f4le judiciaire financier avait \u00e9mis des mandats de d\u00e9p\u00f4t \u00e0 l'encontre de Abdelkarim Slimane et...","og_url":"https:\/\/www.webdo.tn\/fr\/actualite\/national\/tunisie-nouveau-rebondissement-dans-l-affaire-namaa-tounes\/213657\/","og_site_name":"webdo","article_publisher":"https:\/\/www.facebook.com\/webdotn","article_published_time":"2024-04-19T11:32:00+00:00","article_modified_time":"2025-05-20T22:36:50+00:00","og_image":[{"width":680,"height":363,"url":"https:\/\/www.webdo.tn\/fr\/wp-content\/uploads\/2024\/04\/69e59d6fb1b6c0336dc1462defa52fee.webp","type":"image\/webp"}],"author":"CL","twitter_card":"summary_large_image","twitter_creator":"@webdo_tn","twitter_site":"@webdo_tn","twitter_misc":{"\u00c9crit par":"CL","Dur\u00e9e de lecture estim\u00e9e":"1 minute"},"schema":{"@context":"https:\/\/schema.org","@graph":[{"@type":"NewsArticle","@id":"https:\/\/www.webdo.tn\/fr\/actualite\/national\/tunisie-nouveau-rebondissement-dans-l-affaire-namaa-tounes\/213657\/#article","isPartOf":{"@id":"https:\/\/www.webdo.tn\/fr\/actualite\/national\/tunisie-nouveau-rebondissement-dans-l-affaire-namaa-tounes\/213657\/"},"author":{"name":"CL","@id":"https:\/\/www.webdo.tn\/fr\/#\/schema\/person\/f35b42a42c5e2511bbd282959d6385cc"},"headline":"Tunisie : Nouveau rebondissement dans l\u2019affaire \u00ab\u00a0Namaa Tounes\u00a0\u00bb","datePublished":"2024-04-19T11:32:00+00:00","dateModified":"2025-05-20T22:36:50+00:00","mainEntityOfPage":{"@id":"https:\/\/www.webdo.tn\/fr\/actualite\/national\/tunisie-nouveau-rebondissement-dans-l-affaire-namaa-tounes\/213657\/"},"wordCount":230,"commentCount":0,"publisher":{"@id":"https:\/\/www.webdo.tn\/fr\/#organization"},"image":{"@id":"https:\/\/www.webdo.tn\/fr\/actualite\/national\/tunisie-nouveau-rebondissement-dans-l-affaire-namaa-tounes\/213657\/#primaryimage"},"thumbnailUrl":"https:\/\/www.webdo.tn\/fr\/wp-content\/uploads\/2024\/04\/69e59d6fb1b6c0336dc1462defa52fee.webp","keywords":["namaa tounes","Tunisie"],"articleSection":["National"],"inLanguage":"fr-FR"},{"@type":"WebPage","@id":"https:\/\/www.webdo.tn\/fr\/actualite\/national\/tunisie-nouveau-rebondissement-dans-l-affaire-namaa-tounes\/213657\/","url":"https:\/\/www.webdo.tn\/fr\/actualite\/national\/tunisie-nouveau-rebondissement-dans-l-affaire-namaa-tounes\/213657\/","name":"Tunisie : Nouveau rebondissement dans l\u2019affaire Namaa Tounes","isPartOf":{"@id":"https:\/\/www.webdo.tn\/fr\/#website"},"primaryImageOfPage":{"@id":"https:\/\/www.webdo.tn\/fr\/actualite\/national\/tunisie-nouveau-rebondissement-dans-l-affaire-namaa-tounes\/213657\/#primaryimage"},"image":{"@id":"https:\/\/www.webdo.tn\/fr\/actualite\/national\/tunisie-nouveau-rebondissement-dans-l-affaire-namaa-tounes\/213657\/#primaryimage"},"thumbnailUrl":"https:\/\/www.webdo.tn\/fr\/wp-content\/uploads\/2024\/04\/69e59d6fb1b6c0336dc1462defa52fee.webp","datePublished":"2024-04-19T11:32:00+00:00","dateModified":"2025-05-20T22:36:50+00:00","description":"Il convient de mentionner que le juge d'instruction principal du p\u00f4le judiciaire financier avait \u00e9mis des mandats de d\u00e9p\u00f4t \u00e0 l'encontre de Abdelkarim Slimane et...","breadcrumb":{"@id":"https:\/\/www.webdo.tn\/fr\/actualite\/national\/tunisie-nouveau-rebondissement-dans-l-affaire-namaa-tounes\/213657\/#breadcrumb"},"inLanguage":"fr-FR","potentialAction":[{"@type":"ReadAction","target":["https:\/\/www.webdo.tn\/fr\/actualite\/national\/tunisie-nouveau-rebondissement-dans-l-affaire-namaa-tounes\/213657\/"]}]},{"@type":"ImageObject","inLanguage":"fr-FR","@id":"https:\/\/www.webdo.tn\/fr\/actualite\/national\/tunisie-nouveau-rebondissement-dans-l-affaire-namaa-tounes\/213657\/#primaryimage","url":"https:\/\/www.webdo.tn\/fr\/wp-content\/uploads\/2024\/04\/69e59d6fb1b6c0336dc1462defa52fee.webp","contentUrl":"https:\/\/www.webdo.tn\/fr\/wp-content\/uploads\/2024\/04\/69e59d6fb1b6c0336dc1462defa52fee.webp","width":680,"height":363,"caption":"Tunisie : Nouveau rebondissement dans l\u2019affaire \"Namaa Tounes\""},{"@type":"BreadcrumbList","@id":"https:\/\/www.webdo.tn\/fr\/actualite\/national\/tunisie-nouveau-rebondissement-dans-l-affaire-namaa-tounes\/213657\/#breadcrumb","itemListElement":[{"@type":"ListItem","position":1,"name":"Accueil","item":"https:\/\/www.webdo.tn\/fr\/"},{"@type":"ListItem","position":2,"name":"Tunisie : Nouveau rebondissement dans l\u2019affaire &#8220;Namaa Tounes&#8221;"}]},{"@type":"WebSite","@id":"https:\/\/www.webdo.tn\/fr\/#website","url":"https:\/\/www.webdo.tn\/fr\/","name":"webdo","description":"Tunisie - News en Tunisie et \u00e0 l&#039;international sur Webdo.tn","publisher":{"@id":"https:\/\/www.webdo.tn\/fr\/#organization"},"potentialAction":[{"@type":"SearchAction","target":{"@type":"EntryPoint","urlTemplate":"https:\/\/www.webdo.tn\/fr\/?s={search_term_string}"},"query-input":{"@type":"PropertyValueSpecification","valueRequired":true,"valueName":"search_term_string"}}],"inLanguage":"fr-FR"},{"@type":"Organization","@id":"https:\/\/www.webdo.tn\/fr\/#organization","name":"Webdo","alternateName":"Webdo.tn","url":"https:\/\/www.webdo.tn\/fr\/","logo":{"@type":"ImageObject","inLanguage":"fr-FR","@id":"https:\/\/www.webdo.tn\/fr\/#\/schema\/logo\/image\/","url":"https:\/\/www.webdo.tn\/fr\/wp-content\/uploads\/2025\/06\/Webdo-Tunisie_168377.jpg","contentUrl":"https:\/\/www.webdo.tn\/fr\/wp-content\/uploads\/2025\/06\/Webdo-Tunisie_168377.jpg","width":301,"height":301,"caption":"Webdo"},"image":{"@id":"https:\/\/www.webdo.tn\/fr\/#\/schema\/logo\/image\/"},"sameAs":["https:\/\/www.facebook.com\/webdotn","https:\/\/x.com\/webdo_tn"],"description":"Webdo est un m\u00e9dia num\u00e9rique tunisien fond\u00e9 en 2010, sp\u00e9cialis\u00e9 dans l\u2019actualit\u00e9 nationale et internationale, l\u2019\u00e9conomie, la soci\u00e9t\u00e9 et les analyses politiques. Le site s\u2019adresse \u00e0 un large public francophone et couvre l\u2019information tunisienne en temps r\u00e9el.","email":"redac@webdo.tn","legalName":"YNJ SARL","foundingDate":"2010-09-06","numberOfEmployees":{"@type":"QuantitativeValue","minValue":"11","maxValue":"50"}},{"@type":"Person","@id":"https:\/\/www.webdo.tn\/fr\/#\/schema\/person\/f35b42a42c5e2511bbd282959d6385cc","name":"CL","image":{"@type":"ImageObject","inLanguage":"fr-FR","@id":"https:\/\/secure.gravatar.com\/avatar\/1447a49909b67aa657c488aec6512e1dd6143a480c1ecfee9b5b5cd74eb3b59e?s=96&d=mm&r=g","url":"https:\/\/secure.gravatar.com\/avatar\/1447a49909b67aa657c488aec6512e1dd6143a480c1ecfee9b5b5cd74eb3b59e?s=96&d=mm&r=g","contentUrl":"https:\/\/secure.gravatar.com\/avatar\/1447a49909b67aa657c488aec6512e1dd6143a480c1ecfee9b5b5cd74eb3b59e?s=96&d=mm&r=g","caption":"CL"},"url":"https:\/\/www.webdo.tn\/fr\/actualite\/author\/cl\/"}]}},"_links":{"self":[{"href":"https:\/\/www.webdo.tn\/fr\/wp-json\/wp\/v2\/posts\/213657","targetHints":{"allow":["GET"]}}],"collection":[{"href":"https:\/\/www.webdo.tn\/fr\/wp-json\/wp\/v2\/posts"}],"about":[{"href":"https:\/\/www.webdo.tn\/fr\/wp-json\/wp\/v2\/types\/post"}],"author":[{"embeddable":true,"href":"https:\/\/www.webdo.tn\/fr\/wp-json\/wp\/v2\/users\/3175"}],"replies":[{"embeddable":true,"href":"https:\/\/www.webdo.tn\/fr\/wp-json\/wp\/v2\/comments?post=213657"}],"version-history":[{"count":0,"href":"https:\/\/www.webdo.tn\/fr\/wp-json\/wp\/v2\/posts\/213657\/revisions"}],"wp:featuredmedia":[{"embeddable":true,"href":"https:\/\/www.webdo.tn\/fr\/wp-json\/wp\/v2\/media\/247567"}],"wp:attachment":[{"href":"https:\/\/www.webdo.tn\/fr\/wp-json\/wp\/v2\/media?parent=213657"}],"wp:term":[{"taxonomy":"category","embeddable":true,"href":"https:\/\/www.webdo.tn\/fr\/wp-json\/wp\/v2\/categories?post=213657"},{"taxonomy":"post_tag","embeddable":true,"href":"https:\/\/www.webdo.tn\/fr\/wp-json\/wp\/v2\/tags?post=213657"}],"curies":[{"name":"wp","href":"https:\/\/api.w.org\/{rel}","templated":true}]}}