{"id":213650,"date":"2024-04-19T09:42:00","date_gmt":"2024-04-19T09:42:00","guid":{"rendered":"https:\/\/www.webdo.tn\/fr\/blog\/tunisie-arrestation-d-un-troisieme-terroriste-a-kasserine\/213650\/"},"modified":"2025-05-20T22:36:49","modified_gmt":"2025-05-20T22:36:49","slug":"tunisie-arrestation-d-un-troisieme-terroriste-a-kasserine","status":"publish","type":"post","link":"https:\/\/www.webdo.tn\/fr\/actualite\/national\/tunisie-arrestation-d-un-troisieme-terroriste-a-kasserine\/213650\/","title":{"rendered":"Tunisie : Arrestation d\u2019un troisi\u00e8me terroriste \u00e0 Kasserine"},"content":{"rendered":"<p>Dans un communiqu\u00e9 rendu public ce vendredi 19 avril 2024, le minist\u00e8re de l\u2019Int\u00e9rieur annonce l\u2019arrestation d\u2019un troisi\u00e8me terroriste en l\u2019espace de 72h.\u00a0<\/p>\n<p>\t\t\t\t\t\t\t\t\tEn effet, un troisi\u00e8me terroriste a \u00e9t\u00e9 arr\u00eat\u00e9 par les unit\u00e9s de la Garde nationale, plus pr\u00e9cis\u00e9ment la Garde des Fronti\u00e8res, alors qu&rsquo;il tentait de s&rsquo;enfuir dans les montagnes de Kasserine.\u00a0<\/p>\n<p>Il a \u00e9t\u00e9 remis \u00e0 l&rsquo;Unit\u00e9 Nationale de Recherche sur les Crimes Terroristes, relevant de la Direction de Lutte contre le Terrorisme, annonce la m\u00eame source.\u00a0<\/p>\n<p>Hier, le d\u00e9partement de l\u2019Int\u00e9rieur a fait savoir qu\u2019une une \u00e9quipe de s\u00e9curit\u00e9 compos\u00e9e d&rsquo;agents de la direction r\u00e9gionale de lutte contre le terrorisme \u00e0 Kasserine, de la direction g\u00e9n\u00e9rale des services de s\u00e9curit\u00e9 nationale et de l&rsquo;unit\u00e9 de surveillance frontali\u00e8re de la garde nationale est parvenue \u00e0 arr\u00eater un terroriste class\u00e9 dangereux.\u00a0<\/p>\n<p>Quelques heures avant, soit le mercredi 17 avril, le chef de la brigade \u00ab\u00a0Ajnad al-Khilafa\u00a0\u00bb, class\u00e9 comme tr\u00e8s dangereux, \u00ab\u00a0Mahmoud Salmi\u00a0\u00bb, alias \u00ab\u00a0Youssef\u00a0\u00bb, a \u00e9t\u00e9 \u00e9galement captur\u00e9 suite \u00e0 la mise en place d&rsquo;un guet-apens sur l&rsquo;une des voies menant aux repaires des \u00e9l\u00e9ments terroristes dans les montagnes de Kasserine.<\/p>\n<p>Il a \u00e9t\u00e9 trouv\u00e9 en sa possession des armes, des explosifs et des ceintures explosives.<\/p>\n","protected":false},"excerpt":{"rendered":"<p>En effet, un troisi\u00e8me terroriste a \u00e9t\u00e9 arr\u00eat\u00e9 par les unit\u00e9s de la Garde nationale, plus pr\u00e9cis\u00e9ment la Garde des Fronti\u00e8res, alors qu&rsquo;il tentait de s&rsquo;enfuir d&#8230;<\/p>\n","protected":false},"author":3175,"featured_media":247564,"comment_status":"open","ping_status":"closed","sticky":false,"template":"","format":"standard","meta":{"footnotes":""},"categories":[44],"tags":[2966,3076,6658,2608],"class_list":["post-213650","post","type-post","status-publish","format-standard","has-post-thumbnail","hentry","category-national","tag-arrestation","tag-ministere-de-linterieur","tag-terrosite","tag-tunisie"],"yoast_head":"<!-- This site is optimized with the Yoast SEO Premium plugin v27.4 (Yoast SEO v27.4) - https:\/\/yoast.com\/product\/yoast-seo-premium-wordpress\/ -->\n<title>Tunisie : Arrestation d\u2019un troisi\u00e8me terroriste \u00e0 Kasserine<\/title>\n<meta name=\"description\" content=\"En effet, un troisi\u00e8me terroriste a \u00e9t\u00e9 arr\u00eat\u00e9 par les unit\u00e9s de la Garde nationale, plus pr\u00e9cis\u00e9ment la Garde des Fronti\u00e8res, alors qu&#039;il tentait de s&#039;enfuir d...\" \/>\n<link rel=\"canonical\" href=\"https:\/\/www.webdo.tn\/fr\/actualite\/national\/tunisie-arrestation-d-un-troisieme-terroriste-a-kasserine\/213650\/\" \/>\n<meta property=\"og:locale\" content=\"fr_FR\" \/>\n<meta property=\"og:type\" content=\"article\" \/>\n<meta property=\"og:title\" content=\"Tunisie : Arrestation d\u2019un troisi\u00e8me terroriste \u00e0 Kasserine\" \/>\n<meta property=\"og:description\" content=\"En effet, un troisi\u00e8me terroriste a \u00e9t\u00e9 arr\u00eat\u00e9 par les unit\u00e9s de la Garde nationale, plus pr\u00e9cis\u00e9ment la Garde des Fronti\u00e8res, alors qu&#039;il tentait de s&#039;enfuir d...\" \/>\n<meta property=\"og:url\" content=\"https:\/\/www.webdo.tn\/fr\/actualite\/national\/tunisie-arrestation-d-un-troisieme-terroriste-a-kasserine\/213650\/\" \/>\n<meta property=\"og:site_name\" content=\"webdo\" \/>\n<meta property=\"article:publisher\" content=\"https:\/\/www.facebook.com\/webdotn\" \/>\n<meta property=\"article:published_time\" content=\"2024-04-19T09:42:00+00:00\" \/>\n<meta property=\"article:modified_time\" content=\"2025-05-20T22:36:49+00:00\" \/>\n<meta property=\"og:image\" content=\"https:\/\/www.webdo.tn\/fr\/wp-content\/uploads\/2024\/04\/b888d62f84b134bbe794b950c8307328.webp\" \/>\n\t<meta property=\"og:image:width\" content=\"657\" \/>\n\t<meta property=\"og:image:height\" content=\"350\" \/>\n\t<meta property=\"og:image:type\" content=\"image\/webp\" \/>\n<meta name=\"author\" content=\"CL\" \/>\n<meta name=\"twitter:card\" content=\"summary_large_image\" \/>\n<meta name=\"twitter:creator\" content=\"@webdo_tn\" \/>\n<meta name=\"twitter:site\" content=\"@webdo_tn\" \/>\n<meta name=\"twitter:label1\" content=\"\u00c9crit par\" \/>\n\t<meta name=\"twitter:data1\" content=\"CL\" \/>\n\t<meta name=\"twitter:label2\" content=\"Dur\u00e9e de lecture estim\u00e9e\" \/>\n\t<meta name=\"twitter:data2\" content=\"1 minute\" \/>\n<script type=\"application\/ld+json\" class=\"yoast-schema-graph\">{\"@context\":\"https:\\\/\\\/schema.org\",\"@graph\":[{\"@type\":\"NewsArticle\",\"@id\":\"https:\\\/\\\/www.webdo.tn\\\/fr\\\/actualite\\\/national\\\/tunisie-arrestation-d-un-troisieme-terroriste-a-kasserine\\\/213650\\\/#article\",\"isPartOf\":{\"@id\":\"https:\\\/\\\/www.webdo.tn\\\/fr\\\/actualite\\\/national\\\/tunisie-arrestation-d-un-troisieme-terroriste-a-kasserine\\\/213650\\\/\"},\"author\":{\"name\":\"CL\",\"@id\":\"https:\\\/\\\/www.webdo.tn\\\/fr\\\/#\\\/schema\\\/person\\\/f35b42a42c5e2511bbd282959d6385cc\"},\"headline\":\"Tunisie : Arrestation d\u2019un troisi\u00e8me terroriste \u00e0 Kasserine\",\"datePublished\":\"2024-04-19T09:42:00+00:00\",\"dateModified\":\"2025-05-20T22:36:49+00:00\",\"mainEntityOfPage\":{\"@id\":\"https:\\\/\\\/www.webdo.tn\\\/fr\\\/actualite\\\/national\\\/tunisie-arrestation-d-un-troisieme-terroriste-a-kasserine\\\/213650\\\/\"},\"wordCount\":234,\"commentCount\":0,\"publisher\":{\"@id\":\"https:\\\/\\\/www.webdo.tn\\\/fr\\\/#organization\"},\"image\":{\"@id\":\"https:\\\/\\\/www.webdo.tn\\\/fr\\\/actualite\\\/national\\\/tunisie-arrestation-d-un-troisieme-terroriste-a-kasserine\\\/213650\\\/#primaryimage\"},\"thumbnailUrl\":\"https:\\\/\\\/www.webdo.tn\\\/fr\\\/wp-content\\\/uploads\\\/2024\\\/04\\\/b888d62f84b134bbe794b950c8307328.webp\",\"keywords\":[\"arrestation\",\"minist\u00e8re de l'int\u00e9rieur\",\"Terrosite\",\"Tunisie\"],\"articleSection\":[\"National\"],\"inLanguage\":\"fr-FR\"},{\"@type\":\"WebPage\",\"@id\":\"https:\\\/\\\/www.webdo.tn\\\/fr\\\/actualite\\\/national\\\/tunisie-arrestation-d-un-troisieme-terroriste-a-kasserine\\\/213650\\\/\",\"url\":\"https:\\\/\\\/www.webdo.tn\\\/fr\\\/actualite\\\/national\\\/tunisie-arrestation-d-un-troisieme-terroriste-a-kasserine\\\/213650\\\/\",\"name\":\"Tunisie : Arrestation d\u2019un troisi\u00e8me terroriste \u00e0 Kasserine\",\"isPartOf\":{\"@id\":\"https:\\\/\\\/www.webdo.tn\\\/fr\\\/#website\"},\"primaryImageOfPage\":{\"@id\":\"https:\\\/\\\/www.webdo.tn\\\/fr\\\/actualite\\\/national\\\/tunisie-arrestation-d-un-troisieme-terroriste-a-kasserine\\\/213650\\\/#primaryimage\"},\"image\":{\"@id\":\"https:\\\/\\\/www.webdo.tn\\\/fr\\\/actualite\\\/national\\\/tunisie-arrestation-d-un-troisieme-terroriste-a-kasserine\\\/213650\\\/#primaryimage\"},\"thumbnailUrl\":\"https:\\\/\\\/www.webdo.tn\\\/fr\\\/wp-content\\\/uploads\\\/2024\\\/04\\\/b888d62f84b134bbe794b950c8307328.webp\",\"datePublished\":\"2024-04-19T09:42:00+00:00\",\"dateModified\":\"2025-05-20T22:36:49+00:00\",\"description\":\"En effet, un troisi\u00e8me terroriste a \u00e9t\u00e9 arr\u00eat\u00e9 par les unit\u00e9s de la Garde nationale, plus pr\u00e9cis\u00e9ment la Garde des Fronti\u00e8res, alors qu'il tentait de s'enfuir d...\",\"breadcrumb\":{\"@id\":\"https:\\\/\\\/www.webdo.tn\\\/fr\\\/actualite\\\/national\\\/tunisie-arrestation-d-un-troisieme-terroriste-a-kasserine\\\/213650\\\/#breadcrumb\"},\"inLanguage\":\"fr-FR\",\"potentialAction\":[{\"@type\":\"ReadAction\",\"target\":[\"https:\\\/\\\/www.webdo.tn\\\/fr\\\/actualite\\\/national\\\/tunisie-arrestation-d-un-troisieme-terroriste-a-kasserine\\\/213650\\\/\"]}]},{\"@type\":\"ImageObject\",\"inLanguage\":\"fr-FR\",\"@id\":\"https:\\\/\\\/www.webdo.tn\\\/fr\\\/actualite\\\/national\\\/tunisie-arrestation-d-un-troisieme-terroriste-a-kasserine\\\/213650\\\/#primaryimage\",\"url\":\"https:\\\/\\\/www.webdo.tn\\\/fr\\\/wp-content\\\/uploads\\\/2024\\\/04\\\/b888d62f84b134bbe794b950c8307328.webp\",\"contentUrl\":\"https:\\\/\\\/www.webdo.tn\\\/fr\\\/wp-content\\\/uploads\\\/2024\\\/04\\\/b888d62f84b134bbe794b950c8307328.webp\",\"width\":657,\"height\":350,\"caption\":\"Tunisie : Arrestation d\u2019un troisi\u00e8me terroriste \u00e0 Kasserine\"},{\"@type\":\"BreadcrumbList\",\"@id\":\"https:\\\/\\\/www.webdo.tn\\\/fr\\\/actualite\\\/national\\\/tunisie-arrestation-d-un-troisieme-terroriste-a-kasserine\\\/213650\\\/#breadcrumb\",\"itemListElement\":[{\"@type\":\"ListItem\",\"position\":1,\"name\":\"Accueil\",\"item\":\"https:\\\/\\\/www.webdo.tn\\\/fr\\\/\"},{\"@type\":\"ListItem\",\"position\":2,\"name\":\"Tunisie : Arrestation d\u2019un troisi\u00e8me terroriste \u00e0 Kasserine\"}]},{\"@type\":\"WebSite\",\"@id\":\"https:\\\/\\\/www.webdo.tn\\\/fr\\\/#website\",\"url\":\"https:\\\/\\\/www.webdo.tn\\\/fr\\\/\",\"name\":\"webdo\",\"description\":\"Tunisie - News en Tunisie et \u00e0 l&#039;international sur Webdo.tn\",\"publisher\":{\"@id\":\"https:\\\/\\\/www.webdo.tn\\\/fr\\\/#organization\"},\"potentialAction\":[{\"@type\":\"SearchAction\",\"target\":{\"@type\":\"EntryPoint\",\"urlTemplate\":\"https:\\\/\\\/www.webdo.tn\\\/fr\\\/?s={search_term_string}\"},\"query-input\":{\"@type\":\"PropertyValueSpecification\",\"valueRequired\":true,\"valueName\":\"search_term_string\"}}],\"inLanguage\":\"fr-FR\"},{\"@type\":\"Organization\",\"@id\":\"https:\\\/\\\/www.webdo.tn\\\/fr\\\/#organization\",\"name\":\"Webdo\",\"alternateName\":\"Webdo.tn\",\"url\":\"https:\\\/\\\/www.webdo.tn\\\/fr\\\/\",\"logo\":{\"@type\":\"ImageObject\",\"inLanguage\":\"fr-FR\",\"@id\":\"https:\\\/\\\/www.webdo.tn\\\/fr\\\/#\\\/schema\\\/logo\\\/image\\\/\",\"url\":\"https:\\\/\\\/www.webdo.tn\\\/fr\\\/wp-content\\\/uploads\\\/2025\\\/06\\\/Webdo-Tunisie_168377.jpg\",\"contentUrl\":\"https:\\\/\\\/www.webdo.tn\\\/fr\\\/wp-content\\\/uploads\\\/2025\\\/06\\\/Webdo-Tunisie_168377.jpg\",\"width\":301,\"height\":301,\"caption\":\"Webdo\"},\"image\":{\"@id\":\"https:\\\/\\\/www.webdo.tn\\\/fr\\\/#\\\/schema\\\/logo\\\/image\\\/\"},\"sameAs\":[\"https:\\\/\\\/www.facebook.com\\\/webdotn\",\"https:\\\/\\\/x.com\\\/webdo_tn\"],\"description\":\"Webdo est un m\u00e9dia num\u00e9rique tunisien fond\u00e9 en 2010, sp\u00e9cialis\u00e9 dans l\u2019actualit\u00e9 nationale et internationale, l\u2019\u00e9conomie, la soci\u00e9t\u00e9 et les analyses politiques. Le site s\u2019adresse \u00e0 un large public francophone et couvre l\u2019information tunisienne en temps r\u00e9el.\",\"email\":\"redac@webdo.tn\",\"legalName\":\"YNJ SARL\",\"foundingDate\":\"2010-09-06\",\"numberOfEmployees\":{\"@type\":\"QuantitativeValue\",\"minValue\":\"11\",\"maxValue\":\"50\"}},{\"@type\":\"Person\",\"@id\":\"https:\\\/\\\/www.webdo.tn\\\/fr\\\/#\\\/schema\\\/person\\\/f35b42a42c5e2511bbd282959d6385cc\",\"name\":\"CL\",\"image\":{\"@type\":\"ImageObject\",\"inLanguage\":\"fr-FR\",\"@id\":\"https:\\\/\\\/secure.gravatar.com\\\/avatar\\\/1447a49909b67aa657c488aec6512e1dd6143a480c1ecfee9b5b5cd74eb3b59e?s=96&d=mm&r=g\",\"url\":\"https:\\\/\\\/secure.gravatar.com\\\/avatar\\\/1447a49909b67aa657c488aec6512e1dd6143a480c1ecfee9b5b5cd74eb3b59e?s=96&d=mm&r=g\",\"contentUrl\":\"https:\\\/\\\/secure.gravatar.com\\\/avatar\\\/1447a49909b67aa657c488aec6512e1dd6143a480c1ecfee9b5b5cd74eb3b59e?s=96&d=mm&r=g\",\"caption\":\"CL\"},\"url\":\"https:\\\/\\\/www.webdo.tn\\\/fr\\\/actualite\\\/author\\\/cl\\\/\"}]}<\/script>\n<!-- \/ Yoast SEO Premium plugin. -->","yoast_head_json":{"title":"Tunisie : Arrestation d\u2019un troisi\u00e8me terroriste \u00e0 Kasserine","description":"En effet, un troisi\u00e8me terroriste a \u00e9t\u00e9 arr\u00eat\u00e9 par les unit\u00e9s de la Garde nationale, plus pr\u00e9cis\u00e9ment la Garde des Fronti\u00e8res, alors qu'il tentait de s'enfuir d...","canonical":"https:\/\/www.webdo.tn\/fr\/actualite\/national\/tunisie-arrestation-d-un-troisieme-terroriste-a-kasserine\/213650\/","og_locale":"fr_FR","og_type":"article","og_title":"Tunisie : Arrestation d\u2019un troisi\u00e8me terroriste \u00e0 Kasserine","og_description":"En effet, un troisi\u00e8me terroriste a \u00e9t\u00e9 arr\u00eat\u00e9 par les unit\u00e9s de la Garde nationale, plus pr\u00e9cis\u00e9ment la Garde des Fronti\u00e8res, alors qu'il tentait de s'enfuir d...","og_url":"https:\/\/www.webdo.tn\/fr\/actualite\/national\/tunisie-arrestation-d-un-troisieme-terroriste-a-kasserine\/213650\/","og_site_name":"webdo","article_publisher":"https:\/\/www.facebook.com\/webdotn","article_published_time":"2024-04-19T09:42:00+00:00","article_modified_time":"2025-05-20T22:36:49+00:00","og_image":[{"width":657,"height":350,"url":"https:\/\/www.webdo.tn\/fr\/wp-content\/uploads\/2024\/04\/b888d62f84b134bbe794b950c8307328.webp","type":"image\/webp"}],"author":"CL","twitter_card":"summary_large_image","twitter_creator":"@webdo_tn","twitter_site":"@webdo_tn","twitter_misc":{"\u00c9crit par":"CL","Dur\u00e9e de lecture estim\u00e9e":"1 minute"},"schema":{"@context":"https:\/\/schema.org","@graph":[{"@type":"NewsArticle","@id":"https:\/\/www.webdo.tn\/fr\/actualite\/national\/tunisie-arrestation-d-un-troisieme-terroriste-a-kasserine\/213650\/#article","isPartOf":{"@id":"https:\/\/www.webdo.tn\/fr\/actualite\/national\/tunisie-arrestation-d-un-troisieme-terroriste-a-kasserine\/213650\/"},"author":{"name":"CL","@id":"https:\/\/www.webdo.tn\/fr\/#\/schema\/person\/f35b42a42c5e2511bbd282959d6385cc"},"headline":"Tunisie : Arrestation d\u2019un troisi\u00e8me terroriste \u00e0 Kasserine","datePublished":"2024-04-19T09:42:00+00:00","dateModified":"2025-05-20T22:36:49+00:00","mainEntityOfPage":{"@id":"https:\/\/www.webdo.tn\/fr\/actualite\/national\/tunisie-arrestation-d-un-troisieme-terroriste-a-kasserine\/213650\/"},"wordCount":234,"commentCount":0,"publisher":{"@id":"https:\/\/www.webdo.tn\/fr\/#organization"},"image":{"@id":"https:\/\/www.webdo.tn\/fr\/actualite\/national\/tunisie-arrestation-d-un-troisieme-terroriste-a-kasserine\/213650\/#primaryimage"},"thumbnailUrl":"https:\/\/www.webdo.tn\/fr\/wp-content\/uploads\/2024\/04\/b888d62f84b134bbe794b950c8307328.webp","keywords":["arrestation","minist\u00e8re de l'int\u00e9rieur","Terrosite","Tunisie"],"articleSection":["National"],"inLanguage":"fr-FR"},{"@type":"WebPage","@id":"https:\/\/www.webdo.tn\/fr\/actualite\/national\/tunisie-arrestation-d-un-troisieme-terroriste-a-kasserine\/213650\/","url":"https:\/\/www.webdo.tn\/fr\/actualite\/national\/tunisie-arrestation-d-un-troisieme-terroriste-a-kasserine\/213650\/","name":"Tunisie : Arrestation d\u2019un troisi\u00e8me terroriste \u00e0 Kasserine","isPartOf":{"@id":"https:\/\/www.webdo.tn\/fr\/#website"},"primaryImageOfPage":{"@id":"https:\/\/www.webdo.tn\/fr\/actualite\/national\/tunisie-arrestation-d-un-troisieme-terroriste-a-kasserine\/213650\/#primaryimage"},"image":{"@id":"https:\/\/www.webdo.tn\/fr\/actualite\/national\/tunisie-arrestation-d-un-troisieme-terroriste-a-kasserine\/213650\/#primaryimage"},"thumbnailUrl":"https:\/\/www.webdo.tn\/fr\/wp-content\/uploads\/2024\/04\/b888d62f84b134bbe794b950c8307328.webp","datePublished":"2024-04-19T09:42:00+00:00","dateModified":"2025-05-20T22:36:49+00:00","description":"En effet, un troisi\u00e8me terroriste a \u00e9t\u00e9 arr\u00eat\u00e9 par les unit\u00e9s de la Garde nationale, plus pr\u00e9cis\u00e9ment la Garde des Fronti\u00e8res, alors qu'il tentait de s'enfuir d...","breadcrumb":{"@id":"https:\/\/www.webdo.tn\/fr\/actualite\/national\/tunisie-arrestation-d-un-troisieme-terroriste-a-kasserine\/213650\/#breadcrumb"},"inLanguage":"fr-FR","potentialAction":[{"@type":"ReadAction","target":["https:\/\/www.webdo.tn\/fr\/actualite\/national\/tunisie-arrestation-d-un-troisieme-terroriste-a-kasserine\/213650\/"]}]},{"@type":"ImageObject","inLanguage":"fr-FR","@id":"https:\/\/www.webdo.tn\/fr\/actualite\/national\/tunisie-arrestation-d-un-troisieme-terroriste-a-kasserine\/213650\/#primaryimage","url":"https:\/\/www.webdo.tn\/fr\/wp-content\/uploads\/2024\/04\/b888d62f84b134bbe794b950c8307328.webp","contentUrl":"https:\/\/www.webdo.tn\/fr\/wp-content\/uploads\/2024\/04\/b888d62f84b134bbe794b950c8307328.webp","width":657,"height":350,"caption":"Tunisie : Arrestation d\u2019un troisi\u00e8me terroriste \u00e0 Kasserine"},{"@type":"BreadcrumbList","@id":"https:\/\/www.webdo.tn\/fr\/actualite\/national\/tunisie-arrestation-d-un-troisieme-terroriste-a-kasserine\/213650\/#breadcrumb","itemListElement":[{"@type":"ListItem","position":1,"name":"Accueil","item":"https:\/\/www.webdo.tn\/fr\/"},{"@type":"ListItem","position":2,"name":"Tunisie : Arrestation d\u2019un troisi\u00e8me terroriste \u00e0 Kasserine"}]},{"@type":"WebSite","@id":"https:\/\/www.webdo.tn\/fr\/#website","url":"https:\/\/www.webdo.tn\/fr\/","name":"webdo","description":"Tunisie - News en Tunisie et \u00e0 l&#039;international sur Webdo.tn","publisher":{"@id":"https:\/\/www.webdo.tn\/fr\/#organization"},"potentialAction":[{"@type":"SearchAction","target":{"@type":"EntryPoint","urlTemplate":"https:\/\/www.webdo.tn\/fr\/?s={search_term_string}"},"query-input":{"@type":"PropertyValueSpecification","valueRequired":true,"valueName":"search_term_string"}}],"inLanguage":"fr-FR"},{"@type":"Organization","@id":"https:\/\/www.webdo.tn\/fr\/#organization","name":"Webdo","alternateName":"Webdo.tn","url":"https:\/\/www.webdo.tn\/fr\/","logo":{"@type":"ImageObject","inLanguage":"fr-FR","@id":"https:\/\/www.webdo.tn\/fr\/#\/schema\/logo\/image\/","url":"https:\/\/www.webdo.tn\/fr\/wp-content\/uploads\/2025\/06\/Webdo-Tunisie_168377.jpg","contentUrl":"https:\/\/www.webdo.tn\/fr\/wp-content\/uploads\/2025\/06\/Webdo-Tunisie_168377.jpg","width":301,"height":301,"caption":"Webdo"},"image":{"@id":"https:\/\/www.webdo.tn\/fr\/#\/schema\/logo\/image\/"},"sameAs":["https:\/\/www.facebook.com\/webdotn","https:\/\/x.com\/webdo_tn"],"description":"Webdo est un m\u00e9dia num\u00e9rique tunisien fond\u00e9 en 2010, sp\u00e9cialis\u00e9 dans l\u2019actualit\u00e9 nationale et internationale, l\u2019\u00e9conomie, la soci\u00e9t\u00e9 et les analyses politiques. Le site s\u2019adresse \u00e0 un large public francophone et couvre l\u2019information tunisienne en temps r\u00e9el.","email":"redac@webdo.tn","legalName":"YNJ SARL","foundingDate":"2010-09-06","numberOfEmployees":{"@type":"QuantitativeValue","minValue":"11","maxValue":"50"}},{"@type":"Person","@id":"https:\/\/www.webdo.tn\/fr\/#\/schema\/person\/f35b42a42c5e2511bbd282959d6385cc","name":"CL","image":{"@type":"ImageObject","inLanguage":"fr-FR","@id":"https:\/\/secure.gravatar.com\/avatar\/1447a49909b67aa657c488aec6512e1dd6143a480c1ecfee9b5b5cd74eb3b59e?s=96&d=mm&r=g","url":"https:\/\/secure.gravatar.com\/avatar\/1447a49909b67aa657c488aec6512e1dd6143a480c1ecfee9b5b5cd74eb3b59e?s=96&d=mm&r=g","contentUrl":"https:\/\/secure.gravatar.com\/avatar\/1447a49909b67aa657c488aec6512e1dd6143a480c1ecfee9b5b5cd74eb3b59e?s=96&d=mm&r=g","caption":"CL"},"url":"https:\/\/www.webdo.tn\/fr\/actualite\/author\/cl\/"}]}},"_links":{"self":[{"href":"https:\/\/www.webdo.tn\/fr\/wp-json\/wp\/v2\/posts\/213650","targetHints":{"allow":["GET"]}}],"collection":[{"href":"https:\/\/www.webdo.tn\/fr\/wp-json\/wp\/v2\/posts"}],"about":[{"href":"https:\/\/www.webdo.tn\/fr\/wp-json\/wp\/v2\/types\/post"}],"author":[{"embeddable":true,"href":"https:\/\/www.webdo.tn\/fr\/wp-json\/wp\/v2\/users\/3175"}],"replies":[{"embeddable":true,"href":"https:\/\/www.webdo.tn\/fr\/wp-json\/wp\/v2\/comments?post=213650"}],"version-history":[{"count":0,"href":"https:\/\/www.webdo.tn\/fr\/wp-json\/wp\/v2\/posts\/213650\/revisions"}],"wp:featuredmedia":[{"embeddable":true,"href":"https:\/\/www.webdo.tn\/fr\/wp-json\/wp\/v2\/media\/247564"}],"wp:attachment":[{"href":"https:\/\/www.webdo.tn\/fr\/wp-json\/wp\/v2\/media?parent=213650"}],"wp:term":[{"taxonomy":"category","embeddable":true,"href":"https:\/\/www.webdo.tn\/fr\/wp-json\/wp\/v2\/categories?post=213650"},{"taxonomy":"post_tag","embeddable":true,"href":"https:\/\/www.webdo.tn\/fr\/wp-json\/wp\/v2\/tags?post=213650"}],"curies":[{"name":"wp","href":"https:\/\/api.w.org\/{rel}","templated":true}]}}