{"id":213645,"date":"2024-04-19T08:10:00","date_gmt":"2024-04-19T08:10:00","guid":{"rendered":"https:\/\/www.webdo.tn\/fr\/blog\/alerte-meteo-un-vent-fort-soufflera-sur-la-tunisie\/213645\/"},"modified":"2025-05-20T22:36:48","modified_gmt":"2025-05-20T22:36:48","slug":"alerte-meteo-un-vent-fort-soufflera-sur-la-tunisie","status":"publish","type":"post","link":"https:\/\/www.webdo.tn\/fr\/actualite\/national\/alerte-meteo-un-vent-fort-soufflera-sur-la-tunisie\/213645\/","title":{"rendered":"Alerte m\u00e9t\u00e9o : Un vent fort soufflera sur la Tunisie"},"content":{"rendered":"<p>Dans un bulletin publi\u00e9 hier, l\u2019Institut National de la m\u00e9t\u00e9orologie pr\u00e9voit un vent fort qui soufflera aujourd\u2019hui vendredi sur la Tunisie.\u00a0<\/p>\n<p>Selon la m\u00eame source, ce sont notamment les zones c\u00f4ti\u00e8res qui sont les plus concern\u00e9es par cette alerte m\u00e9t\u00e9o pr\u00e9voyant des rafales de vents.\u00a0<\/p>\n<p>Toujours selon la m\u00eame source, la vitesse de ces rafales pourrait atteindre jusqu\u2019\u00e0 90km\/h localement.\u00a0<\/p>\n<p>De m\u00eame, l\u2019INM pr\u00e9voit une baisse des temp\u00e9ratures sur toutes les r\u00e9gions.<\/p>\n","protected":false},"excerpt":{"rendered":"<p>Selon la m\u00eame source, ce sont notamment les zones c\u00f4ti\u00e8res qui sont les plus concern\u00e9es par cette alerte m\u00e9t\u00e9o pr\u00e9voyant des rafales de vents.\u00a0<\/p>\n","protected":false},"author":3175,"featured_media":247561,"comment_status":"open","ping_status":"closed","sticky":false,"template":"","format":"standard","meta":{"footnotes":""},"categories":[44],"tags":[2670,2608,3363],"class_list":["post-213645","post","type-post","status-publish","format-standard","has-post-thumbnail","hentry","category-national","tag-meteo","tag-tunisie","tag-vent"],"yoast_head":"<!-- This site is optimized with the Yoast SEO Premium plugin v27.5 (Yoast SEO v27.5) - https:\/\/yoast.com\/product\/yoast-seo-premium-wordpress\/ -->\n<title>Alerte m\u00e9t\u00e9o : Un vent fort soufflera sur la Tunisie<\/title>\n<meta name=\"description\" content=\"Selon la m\u00eame source, ce sont notamment les zones c\u00f4ti\u00e8res qui sont les plus concern\u00e9es par cette alerte m\u00e9t\u00e9o pr\u00e9voyant des rafales de vents.\u00a0\" \/>\n<link rel=\"canonical\" href=\"https:\/\/www.webdo.tn\/fr\/actualite\/national\/alerte-meteo-un-vent-fort-soufflera-sur-la-tunisie\/213645\/\" \/>\n<meta property=\"og:locale\" content=\"fr_FR\" \/>\n<meta property=\"og:type\" content=\"article\" \/>\n<meta property=\"og:title\" content=\"Alerte m\u00e9t\u00e9o : Un vent fort soufflera sur la Tunisie\" \/>\n<meta property=\"og:description\" content=\"Selon la m\u00eame source, ce sont notamment les zones c\u00f4ti\u00e8res qui sont les plus concern\u00e9es par cette alerte m\u00e9t\u00e9o pr\u00e9voyant des rafales de vents.\u00a0\" \/>\n<meta property=\"og:url\" content=\"https:\/\/www.webdo.tn\/fr\/actualite\/national\/alerte-meteo-un-vent-fort-soufflera-sur-la-tunisie\/213645\/\" \/>\n<meta property=\"og:site_name\" content=\"webdo\" \/>\n<meta property=\"article:publisher\" content=\"https:\/\/www.facebook.com\/webdotn\" \/>\n<meta property=\"article:published_time\" content=\"2024-04-19T08:10:00+00:00\" \/>\n<meta property=\"article:modified_time\" content=\"2025-05-20T22:36:48+00:00\" \/>\n<meta property=\"og:image\" content=\"https:\/\/www.webdo.tn\/fr\/wp-content\/uploads\/2024\/04\/316218ee5799720cf31dc41063ab6eff.webp\" \/>\n\t<meta property=\"og:image:width\" content=\"750\" \/>\n\t<meta property=\"og:image:height\" content=\"400\" \/>\n\t<meta property=\"og:image:type\" content=\"image\/webp\" \/>\n<meta name=\"author\" content=\"CL\" \/>\n<meta name=\"twitter:card\" content=\"summary_large_image\" \/>\n<meta name=\"twitter:creator\" content=\"@webdo_tn\" \/>\n<meta name=\"twitter:site\" content=\"@webdo_tn\" \/>\n<meta name=\"twitter:label1\" content=\"\u00c9crit par\" \/>\n\t<meta name=\"twitter:data1\" content=\"CL\" \/>\n<script type=\"application\/ld+json\" class=\"yoast-schema-graph\">{\"@context\":\"https:\\\/\\\/schema.org\",\"@graph\":[{\"@type\":\"NewsArticle\",\"@id\":\"https:\\\/\\\/www.webdo.tn\\\/fr\\\/actualite\\\/national\\\/alerte-meteo-un-vent-fort-soufflera-sur-la-tunisie\\\/213645\\\/#article\",\"isPartOf\":{\"@id\":\"https:\\\/\\\/www.webdo.tn\\\/fr\\\/actualite\\\/national\\\/alerte-meteo-un-vent-fort-soufflera-sur-la-tunisie\\\/213645\\\/\"},\"author\":{\"name\":\"CL\",\"@id\":\"https:\\\/\\\/www.webdo.tn\\\/fr\\\/#\\\/schema\\\/person\\\/f35b42a42c5e2511bbd282959d6385cc\"},\"headline\":\"Alerte m\u00e9t\u00e9o : Un vent fort soufflera sur la Tunisie\",\"datePublished\":\"2024-04-19T08:10:00+00:00\",\"dateModified\":\"2025-05-20T22:36:48+00:00\",\"mainEntityOfPage\":{\"@id\":\"https:\\\/\\\/www.webdo.tn\\\/fr\\\/actualite\\\/national\\\/alerte-meteo-un-vent-fort-soufflera-sur-la-tunisie\\\/213645\\\/\"},\"wordCount\":102,\"commentCount\":0,\"publisher\":{\"@id\":\"https:\\\/\\\/www.webdo.tn\\\/fr\\\/#organization\"},\"image\":{\"@id\":\"https:\\\/\\\/www.webdo.tn\\\/fr\\\/actualite\\\/national\\\/alerte-meteo-un-vent-fort-soufflera-sur-la-tunisie\\\/213645\\\/#primaryimage\"},\"thumbnailUrl\":\"https:\\\/\\\/www.webdo.tn\\\/fr\\\/wp-content\\\/uploads\\\/2024\\\/04\\\/316218ee5799720cf31dc41063ab6eff.webp\",\"keywords\":[\"m\u00e9t\u00e9o\",\"Tunisie\",\"Vent\"],\"articleSection\":[\"National\"],\"inLanguage\":\"fr-FR\"},{\"@type\":\"WebPage\",\"@id\":\"https:\\\/\\\/www.webdo.tn\\\/fr\\\/actualite\\\/national\\\/alerte-meteo-un-vent-fort-soufflera-sur-la-tunisie\\\/213645\\\/\",\"url\":\"https:\\\/\\\/www.webdo.tn\\\/fr\\\/actualite\\\/national\\\/alerte-meteo-un-vent-fort-soufflera-sur-la-tunisie\\\/213645\\\/\",\"name\":\"Alerte m\u00e9t\u00e9o : Un vent fort soufflera sur la Tunisie\",\"isPartOf\":{\"@id\":\"https:\\\/\\\/www.webdo.tn\\\/fr\\\/#website\"},\"primaryImageOfPage\":{\"@id\":\"https:\\\/\\\/www.webdo.tn\\\/fr\\\/actualite\\\/national\\\/alerte-meteo-un-vent-fort-soufflera-sur-la-tunisie\\\/213645\\\/#primaryimage\"},\"image\":{\"@id\":\"https:\\\/\\\/www.webdo.tn\\\/fr\\\/actualite\\\/national\\\/alerte-meteo-un-vent-fort-soufflera-sur-la-tunisie\\\/213645\\\/#primaryimage\"},\"thumbnailUrl\":\"https:\\\/\\\/www.webdo.tn\\\/fr\\\/wp-content\\\/uploads\\\/2024\\\/04\\\/316218ee5799720cf31dc41063ab6eff.webp\",\"datePublished\":\"2024-04-19T08:10:00+00:00\",\"dateModified\":\"2025-05-20T22:36:48+00:00\",\"description\":\"Selon la m\u00eame source, ce sont notamment les zones c\u00f4ti\u00e8res qui sont les plus concern\u00e9es par cette alerte m\u00e9t\u00e9o pr\u00e9voyant des rafales de vents.\u00a0\",\"breadcrumb\":{\"@id\":\"https:\\\/\\\/www.webdo.tn\\\/fr\\\/actualite\\\/national\\\/alerte-meteo-un-vent-fort-soufflera-sur-la-tunisie\\\/213645\\\/#breadcrumb\"},\"inLanguage\":\"fr-FR\",\"potentialAction\":[{\"@type\":\"ReadAction\",\"target\":[\"https:\\\/\\\/www.webdo.tn\\\/fr\\\/actualite\\\/national\\\/alerte-meteo-un-vent-fort-soufflera-sur-la-tunisie\\\/213645\\\/\"]}]},{\"@type\":\"ImageObject\",\"inLanguage\":\"fr-FR\",\"@id\":\"https:\\\/\\\/www.webdo.tn\\\/fr\\\/actualite\\\/national\\\/alerte-meteo-un-vent-fort-soufflera-sur-la-tunisie\\\/213645\\\/#primaryimage\",\"url\":\"https:\\\/\\\/www.webdo.tn\\\/fr\\\/wp-content\\\/uploads\\\/2024\\\/04\\\/316218ee5799720cf31dc41063ab6eff.webp\",\"contentUrl\":\"https:\\\/\\\/www.webdo.tn\\\/fr\\\/wp-content\\\/uploads\\\/2024\\\/04\\\/316218ee5799720cf31dc41063ab6eff.webp\",\"width\":750,\"height\":400,\"caption\":\"Alerte m\u00e9t\u00e9o : Un vent fort soufflera sur la Tunisie\"},{\"@type\":\"BreadcrumbList\",\"@id\":\"https:\\\/\\\/www.webdo.tn\\\/fr\\\/actualite\\\/national\\\/alerte-meteo-un-vent-fort-soufflera-sur-la-tunisie\\\/213645\\\/#breadcrumb\",\"itemListElement\":[{\"@type\":\"ListItem\",\"position\":1,\"name\":\"Accueil\",\"item\":\"https:\\\/\\\/www.webdo.tn\\\/fr\\\/\"},{\"@type\":\"ListItem\",\"position\":2,\"name\":\"Alerte m\u00e9t\u00e9o : Un vent fort soufflera sur la Tunisie\"}]},{\"@type\":\"WebSite\",\"@id\":\"https:\\\/\\\/www.webdo.tn\\\/fr\\\/#website\",\"url\":\"https:\\\/\\\/www.webdo.tn\\\/fr\\\/\",\"name\":\"webdo\",\"description\":\"Tunisie - News en Tunisie et \u00e0 l&#039;international sur Webdo.tn\",\"publisher\":{\"@id\":\"https:\\\/\\\/www.webdo.tn\\\/fr\\\/#organization\"},\"potentialAction\":[{\"@type\":\"SearchAction\",\"target\":{\"@type\":\"EntryPoint\",\"urlTemplate\":\"https:\\\/\\\/www.webdo.tn\\\/fr\\\/?s={search_term_string}\"},\"query-input\":{\"@type\":\"PropertyValueSpecification\",\"valueRequired\":true,\"valueName\":\"search_term_string\"}}],\"inLanguage\":\"fr-FR\"},{\"@type\":\"Organization\",\"@id\":\"https:\\\/\\\/www.webdo.tn\\\/fr\\\/#organization\",\"name\":\"Webdo\",\"alternateName\":\"Webdo.tn\",\"url\":\"https:\\\/\\\/www.webdo.tn\\\/fr\\\/\",\"logo\":{\"@type\":\"ImageObject\",\"inLanguage\":\"fr-FR\",\"@id\":\"https:\\\/\\\/www.webdo.tn\\\/fr\\\/#\\\/schema\\\/logo\\\/image\\\/\",\"url\":\"https:\\\/\\\/www.webdo.tn\\\/fr\\\/wp-content\\\/uploads\\\/2025\\\/06\\\/Webdo-Tunisie_168377.jpg\",\"contentUrl\":\"https:\\\/\\\/www.webdo.tn\\\/fr\\\/wp-content\\\/uploads\\\/2025\\\/06\\\/Webdo-Tunisie_168377.jpg\",\"width\":301,\"height\":301,\"caption\":\"Webdo\"},\"image\":{\"@id\":\"https:\\\/\\\/www.webdo.tn\\\/fr\\\/#\\\/schema\\\/logo\\\/image\\\/\"},\"sameAs\":[\"https:\\\/\\\/www.facebook.com\\\/webdotn\",\"https:\\\/\\\/x.com\\\/webdo_tn\"],\"description\":\"Webdo est un m\u00e9dia num\u00e9rique tunisien fond\u00e9 en 2010, sp\u00e9cialis\u00e9 dans l\u2019actualit\u00e9 nationale et internationale, l\u2019\u00e9conomie, la soci\u00e9t\u00e9 et les analyses politiques. Le site s\u2019adresse \u00e0 un large public francophone et couvre l\u2019information tunisienne en temps r\u00e9el.\",\"email\":\"redac@webdo.tn\",\"legalName\":\"YNJ SARL\",\"foundingDate\":\"2010-09-06\",\"numberOfEmployees\":{\"@type\":\"QuantitativeValue\",\"minValue\":\"11\",\"maxValue\":\"50\"}},{\"@type\":\"Person\",\"@id\":\"https:\\\/\\\/www.webdo.tn\\\/fr\\\/#\\\/schema\\\/person\\\/f35b42a42c5e2511bbd282959d6385cc\",\"name\":\"CL\",\"image\":{\"@type\":\"ImageObject\",\"inLanguage\":\"fr-FR\",\"@id\":\"https:\\\/\\\/secure.gravatar.com\\\/avatar\\\/1447a49909b67aa657c488aec6512e1dd6143a480c1ecfee9b5b5cd74eb3b59e?s=96&d=mm&r=g\",\"url\":\"https:\\\/\\\/secure.gravatar.com\\\/avatar\\\/1447a49909b67aa657c488aec6512e1dd6143a480c1ecfee9b5b5cd74eb3b59e?s=96&d=mm&r=g\",\"contentUrl\":\"https:\\\/\\\/secure.gravatar.com\\\/avatar\\\/1447a49909b67aa657c488aec6512e1dd6143a480c1ecfee9b5b5cd74eb3b59e?s=96&d=mm&r=g\",\"caption\":\"CL\"},\"url\":\"https:\\\/\\\/www.webdo.tn\\\/fr\\\/actualite\\\/author\\\/cl\\\/\"}]}<\/script>\n<!-- \/ Yoast SEO Premium plugin. -->","yoast_head_json":{"title":"Alerte m\u00e9t\u00e9o : Un vent fort soufflera sur la Tunisie","description":"Selon la m\u00eame source, ce sont notamment les zones c\u00f4ti\u00e8res qui sont les plus concern\u00e9es par cette alerte m\u00e9t\u00e9o pr\u00e9voyant des rafales de vents.\u00a0","canonical":"https:\/\/www.webdo.tn\/fr\/actualite\/national\/alerte-meteo-un-vent-fort-soufflera-sur-la-tunisie\/213645\/","og_locale":"fr_FR","og_type":"article","og_title":"Alerte m\u00e9t\u00e9o : Un vent fort soufflera sur la Tunisie","og_description":"Selon la m\u00eame source, ce sont notamment les zones c\u00f4ti\u00e8res qui sont les plus concern\u00e9es par cette alerte m\u00e9t\u00e9o pr\u00e9voyant des rafales de vents.\u00a0","og_url":"https:\/\/www.webdo.tn\/fr\/actualite\/national\/alerte-meteo-un-vent-fort-soufflera-sur-la-tunisie\/213645\/","og_site_name":"webdo","article_publisher":"https:\/\/www.facebook.com\/webdotn","article_published_time":"2024-04-19T08:10:00+00:00","article_modified_time":"2025-05-20T22:36:48+00:00","og_image":[{"width":750,"height":400,"url":"https:\/\/www.webdo.tn\/fr\/wp-content\/uploads\/2024\/04\/316218ee5799720cf31dc41063ab6eff.webp","type":"image\/webp"}],"author":"CL","twitter_card":"summary_large_image","twitter_creator":"@webdo_tn","twitter_site":"@webdo_tn","twitter_misc":{"\u00c9crit par":"CL"},"schema":{"@context":"https:\/\/schema.org","@graph":[{"@type":"NewsArticle","@id":"https:\/\/www.webdo.tn\/fr\/actualite\/national\/alerte-meteo-un-vent-fort-soufflera-sur-la-tunisie\/213645\/#article","isPartOf":{"@id":"https:\/\/www.webdo.tn\/fr\/actualite\/national\/alerte-meteo-un-vent-fort-soufflera-sur-la-tunisie\/213645\/"},"author":{"name":"CL","@id":"https:\/\/www.webdo.tn\/fr\/#\/schema\/person\/f35b42a42c5e2511bbd282959d6385cc"},"headline":"Alerte m\u00e9t\u00e9o : Un vent fort soufflera sur la Tunisie","datePublished":"2024-04-19T08:10:00+00:00","dateModified":"2025-05-20T22:36:48+00:00","mainEntityOfPage":{"@id":"https:\/\/www.webdo.tn\/fr\/actualite\/national\/alerte-meteo-un-vent-fort-soufflera-sur-la-tunisie\/213645\/"},"wordCount":102,"commentCount":0,"publisher":{"@id":"https:\/\/www.webdo.tn\/fr\/#organization"},"image":{"@id":"https:\/\/www.webdo.tn\/fr\/actualite\/national\/alerte-meteo-un-vent-fort-soufflera-sur-la-tunisie\/213645\/#primaryimage"},"thumbnailUrl":"https:\/\/www.webdo.tn\/fr\/wp-content\/uploads\/2024\/04\/316218ee5799720cf31dc41063ab6eff.webp","keywords":["m\u00e9t\u00e9o","Tunisie","Vent"],"articleSection":["National"],"inLanguage":"fr-FR"},{"@type":"WebPage","@id":"https:\/\/www.webdo.tn\/fr\/actualite\/national\/alerte-meteo-un-vent-fort-soufflera-sur-la-tunisie\/213645\/","url":"https:\/\/www.webdo.tn\/fr\/actualite\/national\/alerte-meteo-un-vent-fort-soufflera-sur-la-tunisie\/213645\/","name":"Alerte m\u00e9t\u00e9o : Un vent fort soufflera sur la Tunisie","isPartOf":{"@id":"https:\/\/www.webdo.tn\/fr\/#website"},"primaryImageOfPage":{"@id":"https:\/\/www.webdo.tn\/fr\/actualite\/national\/alerte-meteo-un-vent-fort-soufflera-sur-la-tunisie\/213645\/#primaryimage"},"image":{"@id":"https:\/\/www.webdo.tn\/fr\/actualite\/national\/alerte-meteo-un-vent-fort-soufflera-sur-la-tunisie\/213645\/#primaryimage"},"thumbnailUrl":"https:\/\/www.webdo.tn\/fr\/wp-content\/uploads\/2024\/04\/316218ee5799720cf31dc41063ab6eff.webp","datePublished":"2024-04-19T08:10:00+00:00","dateModified":"2025-05-20T22:36:48+00:00","description":"Selon la m\u00eame source, ce sont notamment les zones c\u00f4ti\u00e8res qui sont les plus concern\u00e9es par cette alerte m\u00e9t\u00e9o pr\u00e9voyant des rafales de vents.\u00a0","breadcrumb":{"@id":"https:\/\/www.webdo.tn\/fr\/actualite\/national\/alerte-meteo-un-vent-fort-soufflera-sur-la-tunisie\/213645\/#breadcrumb"},"inLanguage":"fr-FR","potentialAction":[{"@type":"ReadAction","target":["https:\/\/www.webdo.tn\/fr\/actualite\/national\/alerte-meteo-un-vent-fort-soufflera-sur-la-tunisie\/213645\/"]}]},{"@type":"ImageObject","inLanguage":"fr-FR","@id":"https:\/\/www.webdo.tn\/fr\/actualite\/national\/alerte-meteo-un-vent-fort-soufflera-sur-la-tunisie\/213645\/#primaryimage","url":"https:\/\/www.webdo.tn\/fr\/wp-content\/uploads\/2024\/04\/316218ee5799720cf31dc41063ab6eff.webp","contentUrl":"https:\/\/www.webdo.tn\/fr\/wp-content\/uploads\/2024\/04\/316218ee5799720cf31dc41063ab6eff.webp","width":750,"height":400,"caption":"Alerte m\u00e9t\u00e9o : Un vent fort soufflera sur la Tunisie"},{"@type":"BreadcrumbList","@id":"https:\/\/www.webdo.tn\/fr\/actualite\/national\/alerte-meteo-un-vent-fort-soufflera-sur-la-tunisie\/213645\/#breadcrumb","itemListElement":[{"@type":"ListItem","position":1,"name":"Accueil","item":"https:\/\/www.webdo.tn\/fr\/"},{"@type":"ListItem","position":2,"name":"Alerte m\u00e9t\u00e9o : Un vent fort soufflera sur la Tunisie"}]},{"@type":"WebSite","@id":"https:\/\/www.webdo.tn\/fr\/#website","url":"https:\/\/www.webdo.tn\/fr\/","name":"webdo","description":"Tunisie - News en Tunisie et \u00e0 l&#039;international sur Webdo.tn","publisher":{"@id":"https:\/\/www.webdo.tn\/fr\/#organization"},"potentialAction":[{"@type":"SearchAction","target":{"@type":"EntryPoint","urlTemplate":"https:\/\/www.webdo.tn\/fr\/?s={search_term_string}"},"query-input":{"@type":"PropertyValueSpecification","valueRequired":true,"valueName":"search_term_string"}}],"inLanguage":"fr-FR"},{"@type":"Organization","@id":"https:\/\/www.webdo.tn\/fr\/#organization","name":"Webdo","alternateName":"Webdo.tn","url":"https:\/\/www.webdo.tn\/fr\/","logo":{"@type":"ImageObject","inLanguage":"fr-FR","@id":"https:\/\/www.webdo.tn\/fr\/#\/schema\/logo\/image\/","url":"https:\/\/www.webdo.tn\/fr\/wp-content\/uploads\/2025\/06\/Webdo-Tunisie_168377.jpg","contentUrl":"https:\/\/www.webdo.tn\/fr\/wp-content\/uploads\/2025\/06\/Webdo-Tunisie_168377.jpg","width":301,"height":301,"caption":"Webdo"},"image":{"@id":"https:\/\/www.webdo.tn\/fr\/#\/schema\/logo\/image\/"},"sameAs":["https:\/\/www.facebook.com\/webdotn","https:\/\/x.com\/webdo_tn"],"description":"Webdo est un m\u00e9dia num\u00e9rique tunisien fond\u00e9 en 2010, sp\u00e9cialis\u00e9 dans l\u2019actualit\u00e9 nationale et internationale, l\u2019\u00e9conomie, la soci\u00e9t\u00e9 et les analyses politiques. Le site s\u2019adresse \u00e0 un large public francophone et couvre l\u2019information tunisienne en temps r\u00e9el.","email":"redac@webdo.tn","legalName":"YNJ SARL","foundingDate":"2010-09-06","numberOfEmployees":{"@type":"QuantitativeValue","minValue":"11","maxValue":"50"}},{"@type":"Person","@id":"https:\/\/www.webdo.tn\/fr\/#\/schema\/person\/f35b42a42c5e2511bbd282959d6385cc","name":"CL","image":{"@type":"ImageObject","inLanguage":"fr-FR","@id":"https:\/\/secure.gravatar.com\/avatar\/1447a49909b67aa657c488aec6512e1dd6143a480c1ecfee9b5b5cd74eb3b59e?s=96&d=mm&r=g","url":"https:\/\/secure.gravatar.com\/avatar\/1447a49909b67aa657c488aec6512e1dd6143a480c1ecfee9b5b5cd74eb3b59e?s=96&d=mm&r=g","contentUrl":"https:\/\/secure.gravatar.com\/avatar\/1447a49909b67aa657c488aec6512e1dd6143a480c1ecfee9b5b5cd74eb3b59e?s=96&d=mm&r=g","caption":"CL"},"url":"https:\/\/www.webdo.tn\/fr\/actualite\/author\/cl\/"}]}},"_links":{"self":[{"href":"https:\/\/www.webdo.tn\/fr\/wp-json\/wp\/v2\/posts\/213645","targetHints":{"allow":["GET"]}}],"collection":[{"href":"https:\/\/www.webdo.tn\/fr\/wp-json\/wp\/v2\/posts"}],"about":[{"href":"https:\/\/www.webdo.tn\/fr\/wp-json\/wp\/v2\/types\/post"}],"author":[{"embeddable":true,"href":"https:\/\/www.webdo.tn\/fr\/wp-json\/wp\/v2\/users\/3175"}],"replies":[{"embeddable":true,"href":"https:\/\/www.webdo.tn\/fr\/wp-json\/wp\/v2\/comments?post=213645"}],"version-history":[{"count":0,"href":"https:\/\/www.webdo.tn\/fr\/wp-json\/wp\/v2\/posts\/213645\/revisions"}],"wp:featuredmedia":[{"embeddable":true,"href":"https:\/\/www.webdo.tn\/fr\/wp-json\/wp\/v2\/media\/247561"}],"wp:attachment":[{"href":"https:\/\/www.webdo.tn\/fr\/wp-json\/wp\/v2\/media?parent=213645"}],"wp:term":[{"taxonomy":"category","embeddable":true,"href":"https:\/\/www.webdo.tn\/fr\/wp-json\/wp\/v2\/categories?post=213645"},{"taxonomy":"post_tag","embeddable":true,"href":"https:\/\/www.webdo.tn\/fr\/wp-json\/wp\/v2\/tags?post=213645"}],"curies":[{"name":"wp","href":"https:\/\/api.w.org\/{rel}","templated":true}]}}