{"id":213625,"date":"2024-04-18T10:45:00","date_gmt":"2024-04-18T10:45:00","guid":{"rendered":"https:\/\/www.webdo.tn\/fr\/blog\/tunisie-kais-saied-annonce-l-arrestation-d-un-terroriste\/213625\/"},"modified":"2025-05-20T21:51:32","modified_gmt":"2025-05-20T21:51:32","slug":"tunisie-kais-saied-annonce-l-arrestation-d-un-terroriste","status":"publish","type":"post","link":"https:\/\/www.webdo.tn\/fr\/actualite\/national\/tunisie-kais-saied-annonce-l-arrestation-d-un-terroriste\/213625\/","title":{"rendered":"Tunisie : Kais Saied annonce l\u2019arrestation d\u2019un terroriste"},"content":{"rendered":"<p>Le pr\u00e9sident de la R\u00e9publique, Kais Saied, a supervis\u00e9, ce jeudi 18 avril 2024, la c\u00e9l\u00e9bration du 68e anniversaire des forces de s\u00e9curit\u00e9 int\u00e9rieure. A cette occasion, il a prononc\u00e9 un discours au cours duquel il a annonc\u00e9 l&rsquo;arrestation d&rsquo;un terroriste.<\/p>\n<p>\t\t\t\t\t\t\t\t\tLe Chef de l\u2019Etat, Kais Saied, a supervis\u00e9, ce jeudi 18 avril 2024, la c\u00e9l\u00e9bration du 68e anniversaire des forces de s\u00e9curit\u00e9 int\u00e9rieure. Lors du discours qu\u2019il a prononc\u00e9 il a soulign\u00e9 que la Tunisie fait face \u00e0 des d\u00e9fis \u00e0 relever en s&rsquo;appuyant sur les capacit\u00e9s du pays.<\/p>\n<p>Il a notamment annonc\u00e9 l&rsquo;arrestation d&rsquo;un terroriste par les unit\u00e9s de s\u00e9curit\u00e9, aujourd&rsquo;hui, se f\u00e9licitant des sacrifices consentis face aux r\u00e9seaux terroristes. Il a insist\u00e9 sur la n\u00e9cessit\u00e9 de d\u00e9manteler tous les r\u00e9seaux criminels li\u00e9s au terrorisme, au trafic de drogue, \u00e0 la traite des \u00eatres humains et a r\u00e9it\u00e9r\u00e9 le fait que la Tunisie ne sera pas un foyer et un passage pour ceux qui menacent sa s\u00e9curit\u00e9.<\/p>\n<p>Ka\u00efs Sa\u00efed a ajout\u00e9 que la s\u00e9curit\u00e9 n&rsquo;est pas contradictoire avec la libert\u00e9, mais qu&rsquo;elle en est la garante. Il a soulign\u00e9 que la libert\u00e9 ne signifie pas le chaos ni l&rsquo;atteinte aux institutions de l&rsquo;\u00c9tat, et elle ne justifie pas les insultes, la diffamation ou la propagation de rumeurs r\u00e9mun\u00e9r\u00e9es, que ce soit de l&rsquo;int\u00e9rieur ou de l&rsquo;ext\u00e9rieur du pays. Il a ajout\u00e9 que \u00ab\u00a0quiconque attaque l\u2019\u00c9tat et tente de le d\u00e9stabiliser sera arr\u00eat\u00e9\u00a0\u00bb.<\/p>\n","protected":false},"excerpt":{"rendered":"<p>Le Chef de l\u2019Etat, Kais Saied, a supervis\u00e9, ce jeudi 18 avril 2024, la c\u00e9l\u00e9bration du 68e anniversaire des forces de s\u00e9curit\u00e9 int\u00e9rieure. Lors du discours qu\u2019il&#8230;<\/p>\n","protected":false},"author":3162,"featured_media":247580,"comment_status":"open","ping_status":"closed","sticky":false,"template":"","format":"standard","meta":{"footnotes":""},"categories":[44],"tags":[3159,2614,4513,2608],"class_list":["post-213625","post","type-post","status-publish","format-standard","has-post-thumbnail","hentry","category-national","tag-forces-de-securite","tag-kais-saied","tag-terroriste","tag-tunisie"],"yoast_head":"<!-- This site is optimized with the Yoast SEO Premium plugin v27.4 (Yoast SEO v27.5) - https:\/\/yoast.com\/product\/yoast-seo-premium-wordpress\/ -->\n<title>Tunisie : Kais Saied annonce l\u2019arrestation d\u2019un terroriste<\/title>\n<meta name=\"description\" content=\"Le Chef de l\u2019Etat, Kais Saied, a supervis\u00e9, ce jeudi 18 avril 2024, la c\u00e9l\u00e9bration du 68e anniversaire des forces de s\u00e9curit\u00e9 int\u00e9rieure. Lors du discours qu\u2019il...\" \/>\n<link rel=\"canonical\" href=\"https:\/\/www.webdo.tn\/fr\/actualite\/national\/tunisie-kais-saied-annonce-l-arrestation-d-un-terroriste\/213625\/\" \/>\n<meta property=\"og:locale\" content=\"fr_FR\" \/>\n<meta property=\"og:type\" content=\"article\" \/>\n<meta property=\"og:title\" content=\"Tunisie : Kais Saied annonce l\u2019arrestation d\u2019un terroriste\" \/>\n<meta property=\"og:description\" content=\"Le Chef de l\u2019Etat, Kais Saied, a supervis\u00e9, ce jeudi 18 avril 2024, la c\u00e9l\u00e9bration du 68e anniversaire des forces de s\u00e9curit\u00e9 int\u00e9rieure. Lors du discours qu\u2019il...\" \/>\n<meta property=\"og:url\" content=\"https:\/\/www.webdo.tn\/fr\/actualite\/national\/tunisie-kais-saied-annonce-l-arrestation-d-un-terroriste\/213625\/\" \/>\n<meta property=\"og:site_name\" content=\"webdo\" \/>\n<meta property=\"article:publisher\" content=\"https:\/\/www.facebook.com\/webdotn\" \/>\n<meta property=\"article:published_time\" content=\"2024-04-18T10:45:00+00:00\" \/>\n<meta property=\"article:modified_time\" content=\"2025-05-20T21:51:32+00:00\" \/>\n<meta property=\"og:image\" content=\"https:\/\/www.webdo.tn\/fr\/wp-content\/uploads\/2024\/04\/4e61d204c89687d3b4af1710d1123f6c.jpg\" \/>\n\t<meta property=\"og:image:width\" content=\"750\" \/>\n\t<meta property=\"og:image:height\" content=\"400\" \/>\n\t<meta property=\"og:image:type\" content=\"image\/jpeg\" \/>\n<meta name=\"author\" content=\"MC\" \/>\n<meta name=\"twitter:card\" content=\"summary_large_image\" \/>\n<meta name=\"twitter:creator\" content=\"@webdo_tn\" \/>\n<meta name=\"twitter:site\" content=\"@webdo_tn\" \/>\n<meta name=\"twitter:label1\" content=\"\u00c9crit par\" \/>\n\t<meta name=\"twitter:data1\" content=\"MC\" \/>\n\t<meta name=\"twitter:label2\" content=\"Dur\u00e9e de lecture estim\u00e9e\" \/>\n\t<meta name=\"twitter:data2\" content=\"1 minute\" \/>\n<script type=\"application\/ld+json\" class=\"yoast-schema-graph\">{\"@context\":\"https:\\\/\\\/schema.org\",\"@graph\":[{\"@type\":\"NewsArticle\",\"@id\":\"https:\\\/\\\/www.webdo.tn\\\/fr\\\/actualite\\\/national\\\/tunisie-kais-saied-annonce-l-arrestation-d-un-terroriste\\\/213625\\\/#article\",\"isPartOf\":{\"@id\":\"https:\\\/\\\/www.webdo.tn\\\/fr\\\/actualite\\\/national\\\/tunisie-kais-saied-annonce-l-arrestation-d-un-terroriste\\\/213625\\\/\"},\"author\":{\"name\":\"MC\",\"@id\":\"https:\\\/\\\/www.webdo.tn\\\/fr\\\/#\\\/schema\\\/person\\\/2c4929cbf5a809e3bd38617c6ce150f6\"},\"headline\":\"Tunisie : Kais Saied annonce l\u2019arrestation d\u2019un terroriste\",\"datePublished\":\"2024-04-18T10:45:00+00:00\",\"dateModified\":\"2025-05-20T21:51:32+00:00\",\"mainEntityOfPage\":{\"@id\":\"https:\\\/\\\/www.webdo.tn\\\/fr\\\/actualite\\\/national\\\/tunisie-kais-saied-annonce-l-arrestation-d-un-terroriste\\\/213625\\\/\"},\"wordCount\":284,\"commentCount\":0,\"publisher\":{\"@id\":\"https:\\\/\\\/www.webdo.tn\\\/fr\\\/#organization\"},\"image\":{\"@id\":\"https:\\\/\\\/www.webdo.tn\\\/fr\\\/actualite\\\/national\\\/tunisie-kais-saied-annonce-l-arrestation-d-un-terroriste\\\/213625\\\/#primaryimage\"},\"thumbnailUrl\":\"https:\\\/\\\/www.webdo.tn\\\/fr\\\/wp-content\\\/uploads\\\/2024\\\/04\\\/4e61d204c89687d3b4af1710d1123f6c.jpg\",\"keywords\":[\"forces de s\u00e9curit\u00e9\",\"Kais Saied\",\"Terroriste\",\"Tunisie\"],\"articleSection\":[\"National\"],\"inLanguage\":\"fr-FR\"},{\"@type\":\"WebPage\",\"@id\":\"https:\\\/\\\/www.webdo.tn\\\/fr\\\/actualite\\\/national\\\/tunisie-kais-saied-annonce-l-arrestation-d-un-terroriste\\\/213625\\\/\",\"url\":\"https:\\\/\\\/www.webdo.tn\\\/fr\\\/actualite\\\/national\\\/tunisie-kais-saied-annonce-l-arrestation-d-un-terroriste\\\/213625\\\/\",\"name\":\"Tunisie : Kais Saied annonce l\u2019arrestation d\u2019un terroriste\",\"isPartOf\":{\"@id\":\"https:\\\/\\\/www.webdo.tn\\\/fr\\\/#website\"},\"primaryImageOfPage\":{\"@id\":\"https:\\\/\\\/www.webdo.tn\\\/fr\\\/actualite\\\/national\\\/tunisie-kais-saied-annonce-l-arrestation-d-un-terroriste\\\/213625\\\/#primaryimage\"},\"image\":{\"@id\":\"https:\\\/\\\/www.webdo.tn\\\/fr\\\/actualite\\\/national\\\/tunisie-kais-saied-annonce-l-arrestation-d-un-terroriste\\\/213625\\\/#primaryimage\"},\"thumbnailUrl\":\"https:\\\/\\\/www.webdo.tn\\\/fr\\\/wp-content\\\/uploads\\\/2024\\\/04\\\/4e61d204c89687d3b4af1710d1123f6c.jpg\",\"datePublished\":\"2024-04-18T10:45:00+00:00\",\"dateModified\":\"2025-05-20T21:51:32+00:00\",\"description\":\"Le Chef de l\u2019Etat, Kais Saied, a supervis\u00e9, ce jeudi 18 avril 2024, la c\u00e9l\u00e9bration du 68e anniversaire des forces de s\u00e9curit\u00e9 int\u00e9rieure. Lors du discours qu\u2019il...\",\"breadcrumb\":{\"@id\":\"https:\\\/\\\/www.webdo.tn\\\/fr\\\/actualite\\\/national\\\/tunisie-kais-saied-annonce-l-arrestation-d-un-terroriste\\\/213625\\\/#breadcrumb\"},\"inLanguage\":\"fr-FR\",\"potentialAction\":[{\"@type\":\"ReadAction\",\"target\":[\"https:\\\/\\\/www.webdo.tn\\\/fr\\\/actualite\\\/national\\\/tunisie-kais-saied-annonce-l-arrestation-d-un-terroriste\\\/213625\\\/\"]}]},{\"@type\":\"ImageObject\",\"inLanguage\":\"fr-FR\",\"@id\":\"https:\\\/\\\/www.webdo.tn\\\/fr\\\/actualite\\\/national\\\/tunisie-kais-saied-annonce-l-arrestation-d-un-terroriste\\\/213625\\\/#primaryimage\",\"url\":\"https:\\\/\\\/www.webdo.tn\\\/fr\\\/wp-content\\\/uploads\\\/2024\\\/04\\\/4e61d204c89687d3b4af1710d1123f6c.jpg\",\"contentUrl\":\"https:\\\/\\\/www.webdo.tn\\\/fr\\\/wp-content\\\/uploads\\\/2024\\\/04\\\/4e61d204c89687d3b4af1710d1123f6c.jpg\",\"width\":750,\"height\":400,\"caption\":\"Tunisie : Kais Saied annonce l\u2019arrestation d\u2019un terroriste\"},{\"@type\":\"BreadcrumbList\",\"@id\":\"https:\\\/\\\/www.webdo.tn\\\/fr\\\/actualite\\\/national\\\/tunisie-kais-saied-annonce-l-arrestation-d-un-terroriste\\\/213625\\\/#breadcrumb\",\"itemListElement\":[{\"@type\":\"ListItem\",\"position\":1,\"name\":\"Accueil\",\"item\":\"https:\\\/\\\/www.webdo.tn\\\/fr\\\/\"},{\"@type\":\"ListItem\",\"position\":2,\"name\":\"Tunisie : Kais Saied annonce l\u2019arrestation d\u2019un terroriste\"}]},{\"@type\":\"WebSite\",\"@id\":\"https:\\\/\\\/www.webdo.tn\\\/fr\\\/#website\",\"url\":\"https:\\\/\\\/www.webdo.tn\\\/fr\\\/\",\"name\":\"webdo\",\"description\":\"Tunisie - News en Tunisie et \u00e0 l&#039;international sur Webdo.tn\",\"publisher\":{\"@id\":\"https:\\\/\\\/www.webdo.tn\\\/fr\\\/#organization\"},\"potentialAction\":[{\"@type\":\"SearchAction\",\"target\":{\"@type\":\"EntryPoint\",\"urlTemplate\":\"https:\\\/\\\/www.webdo.tn\\\/fr\\\/?s={search_term_string}\"},\"query-input\":{\"@type\":\"PropertyValueSpecification\",\"valueRequired\":true,\"valueName\":\"search_term_string\"}}],\"inLanguage\":\"fr-FR\"},{\"@type\":\"Organization\",\"@id\":\"https:\\\/\\\/www.webdo.tn\\\/fr\\\/#organization\",\"name\":\"Webdo\",\"alternateName\":\"Webdo.tn\",\"url\":\"https:\\\/\\\/www.webdo.tn\\\/fr\\\/\",\"logo\":{\"@type\":\"ImageObject\",\"inLanguage\":\"fr-FR\",\"@id\":\"https:\\\/\\\/www.webdo.tn\\\/fr\\\/#\\\/schema\\\/logo\\\/image\\\/\",\"url\":\"https:\\\/\\\/www.webdo.tn\\\/fr\\\/wp-content\\\/uploads\\\/2025\\\/06\\\/Webdo-Tunisie_168377.jpg\",\"contentUrl\":\"https:\\\/\\\/www.webdo.tn\\\/fr\\\/wp-content\\\/uploads\\\/2025\\\/06\\\/Webdo-Tunisie_168377.jpg\",\"width\":301,\"height\":301,\"caption\":\"Webdo\"},\"image\":{\"@id\":\"https:\\\/\\\/www.webdo.tn\\\/fr\\\/#\\\/schema\\\/logo\\\/image\\\/\"},\"sameAs\":[\"https:\\\/\\\/www.facebook.com\\\/webdotn\",\"https:\\\/\\\/x.com\\\/webdo_tn\"],\"description\":\"Webdo est un m\u00e9dia num\u00e9rique tunisien fond\u00e9 en 2010, sp\u00e9cialis\u00e9 dans l\u2019actualit\u00e9 nationale et internationale, l\u2019\u00e9conomie, la soci\u00e9t\u00e9 et les analyses politiques. Le site s\u2019adresse \u00e0 un large public francophone et couvre l\u2019information tunisienne en temps r\u00e9el.\",\"email\":\"redac@webdo.tn\",\"legalName\":\"YNJ SARL\",\"foundingDate\":\"2010-09-06\",\"numberOfEmployees\":{\"@type\":\"QuantitativeValue\",\"minValue\":\"11\",\"maxValue\":\"50\"}},{\"@type\":\"Person\",\"@id\":\"https:\\\/\\\/www.webdo.tn\\\/fr\\\/#\\\/schema\\\/person\\\/2c4929cbf5a809e3bd38617c6ce150f6\",\"name\":\"MC\",\"image\":{\"@type\":\"ImageObject\",\"inLanguage\":\"fr-FR\",\"@id\":\"https:\\\/\\\/secure.gravatar.com\\\/avatar\\\/a545bbb6f84efdd5553dbbc2895e3ca8f1d12c5215e00a041c9670b54aa9b18a?s=96&d=mm&r=g\",\"url\":\"https:\\\/\\\/secure.gravatar.com\\\/avatar\\\/a545bbb6f84efdd5553dbbc2895e3ca8f1d12c5215e00a041c9670b54aa9b18a?s=96&d=mm&r=g\",\"contentUrl\":\"https:\\\/\\\/secure.gravatar.com\\\/avatar\\\/a545bbb6f84efdd5553dbbc2895e3ca8f1d12c5215e00a041c9670b54aa9b18a?s=96&d=mm&r=g\",\"caption\":\"MC\"},\"url\":\"https:\\\/\\\/www.webdo.tn\\\/fr\\\/actualite\\\/author\\\/mc\\\/\"}]}<\/script>\n<!-- \/ Yoast SEO Premium plugin. -->","yoast_head_json":{"title":"Tunisie : Kais Saied annonce l\u2019arrestation d\u2019un terroriste","description":"Le Chef de l\u2019Etat, Kais Saied, a supervis\u00e9, ce jeudi 18 avril 2024, la c\u00e9l\u00e9bration du 68e anniversaire des forces de s\u00e9curit\u00e9 int\u00e9rieure. Lors du discours qu\u2019il...","canonical":"https:\/\/www.webdo.tn\/fr\/actualite\/national\/tunisie-kais-saied-annonce-l-arrestation-d-un-terroriste\/213625\/","og_locale":"fr_FR","og_type":"article","og_title":"Tunisie : Kais Saied annonce l\u2019arrestation d\u2019un terroriste","og_description":"Le Chef de l\u2019Etat, Kais Saied, a supervis\u00e9, ce jeudi 18 avril 2024, la c\u00e9l\u00e9bration du 68e anniversaire des forces de s\u00e9curit\u00e9 int\u00e9rieure. Lors du discours qu\u2019il...","og_url":"https:\/\/www.webdo.tn\/fr\/actualite\/national\/tunisie-kais-saied-annonce-l-arrestation-d-un-terroriste\/213625\/","og_site_name":"webdo","article_publisher":"https:\/\/www.facebook.com\/webdotn","article_published_time":"2024-04-18T10:45:00+00:00","article_modified_time":"2025-05-20T21:51:32+00:00","og_image":[{"width":750,"height":400,"url":"https:\/\/www.webdo.tn\/fr\/wp-content\/uploads\/2024\/04\/4e61d204c89687d3b4af1710d1123f6c.jpg","type":"image\/jpeg"}],"author":"MC","twitter_card":"summary_large_image","twitter_creator":"@webdo_tn","twitter_site":"@webdo_tn","twitter_misc":{"\u00c9crit par":"MC","Dur\u00e9e de lecture estim\u00e9e":"1 minute"},"schema":{"@context":"https:\/\/schema.org","@graph":[{"@type":"NewsArticle","@id":"https:\/\/www.webdo.tn\/fr\/actualite\/national\/tunisie-kais-saied-annonce-l-arrestation-d-un-terroriste\/213625\/#article","isPartOf":{"@id":"https:\/\/www.webdo.tn\/fr\/actualite\/national\/tunisie-kais-saied-annonce-l-arrestation-d-un-terroriste\/213625\/"},"author":{"name":"MC","@id":"https:\/\/www.webdo.tn\/fr\/#\/schema\/person\/2c4929cbf5a809e3bd38617c6ce150f6"},"headline":"Tunisie : Kais Saied annonce l\u2019arrestation d\u2019un terroriste","datePublished":"2024-04-18T10:45:00+00:00","dateModified":"2025-05-20T21:51:32+00:00","mainEntityOfPage":{"@id":"https:\/\/www.webdo.tn\/fr\/actualite\/national\/tunisie-kais-saied-annonce-l-arrestation-d-un-terroriste\/213625\/"},"wordCount":284,"commentCount":0,"publisher":{"@id":"https:\/\/www.webdo.tn\/fr\/#organization"},"image":{"@id":"https:\/\/www.webdo.tn\/fr\/actualite\/national\/tunisie-kais-saied-annonce-l-arrestation-d-un-terroriste\/213625\/#primaryimage"},"thumbnailUrl":"https:\/\/www.webdo.tn\/fr\/wp-content\/uploads\/2024\/04\/4e61d204c89687d3b4af1710d1123f6c.jpg","keywords":["forces de s\u00e9curit\u00e9","Kais Saied","Terroriste","Tunisie"],"articleSection":["National"],"inLanguage":"fr-FR"},{"@type":"WebPage","@id":"https:\/\/www.webdo.tn\/fr\/actualite\/national\/tunisie-kais-saied-annonce-l-arrestation-d-un-terroriste\/213625\/","url":"https:\/\/www.webdo.tn\/fr\/actualite\/national\/tunisie-kais-saied-annonce-l-arrestation-d-un-terroriste\/213625\/","name":"Tunisie : Kais Saied annonce l\u2019arrestation d\u2019un terroriste","isPartOf":{"@id":"https:\/\/www.webdo.tn\/fr\/#website"},"primaryImageOfPage":{"@id":"https:\/\/www.webdo.tn\/fr\/actualite\/national\/tunisie-kais-saied-annonce-l-arrestation-d-un-terroriste\/213625\/#primaryimage"},"image":{"@id":"https:\/\/www.webdo.tn\/fr\/actualite\/national\/tunisie-kais-saied-annonce-l-arrestation-d-un-terroriste\/213625\/#primaryimage"},"thumbnailUrl":"https:\/\/www.webdo.tn\/fr\/wp-content\/uploads\/2024\/04\/4e61d204c89687d3b4af1710d1123f6c.jpg","datePublished":"2024-04-18T10:45:00+00:00","dateModified":"2025-05-20T21:51:32+00:00","description":"Le Chef de l\u2019Etat, Kais Saied, a supervis\u00e9, ce jeudi 18 avril 2024, la c\u00e9l\u00e9bration du 68e anniversaire des forces de s\u00e9curit\u00e9 int\u00e9rieure. Lors du discours qu\u2019il...","breadcrumb":{"@id":"https:\/\/www.webdo.tn\/fr\/actualite\/national\/tunisie-kais-saied-annonce-l-arrestation-d-un-terroriste\/213625\/#breadcrumb"},"inLanguage":"fr-FR","potentialAction":[{"@type":"ReadAction","target":["https:\/\/www.webdo.tn\/fr\/actualite\/national\/tunisie-kais-saied-annonce-l-arrestation-d-un-terroriste\/213625\/"]}]},{"@type":"ImageObject","inLanguage":"fr-FR","@id":"https:\/\/www.webdo.tn\/fr\/actualite\/national\/tunisie-kais-saied-annonce-l-arrestation-d-un-terroriste\/213625\/#primaryimage","url":"https:\/\/www.webdo.tn\/fr\/wp-content\/uploads\/2024\/04\/4e61d204c89687d3b4af1710d1123f6c.jpg","contentUrl":"https:\/\/www.webdo.tn\/fr\/wp-content\/uploads\/2024\/04\/4e61d204c89687d3b4af1710d1123f6c.jpg","width":750,"height":400,"caption":"Tunisie : Kais Saied annonce l\u2019arrestation d\u2019un terroriste"},{"@type":"BreadcrumbList","@id":"https:\/\/www.webdo.tn\/fr\/actualite\/national\/tunisie-kais-saied-annonce-l-arrestation-d-un-terroriste\/213625\/#breadcrumb","itemListElement":[{"@type":"ListItem","position":1,"name":"Accueil","item":"https:\/\/www.webdo.tn\/fr\/"},{"@type":"ListItem","position":2,"name":"Tunisie : Kais Saied annonce l\u2019arrestation d\u2019un terroriste"}]},{"@type":"WebSite","@id":"https:\/\/www.webdo.tn\/fr\/#website","url":"https:\/\/www.webdo.tn\/fr\/","name":"webdo","description":"Tunisie - News en Tunisie et \u00e0 l&#039;international sur Webdo.tn","publisher":{"@id":"https:\/\/www.webdo.tn\/fr\/#organization"},"potentialAction":[{"@type":"SearchAction","target":{"@type":"EntryPoint","urlTemplate":"https:\/\/www.webdo.tn\/fr\/?s={search_term_string}"},"query-input":{"@type":"PropertyValueSpecification","valueRequired":true,"valueName":"search_term_string"}}],"inLanguage":"fr-FR"},{"@type":"Organization","@id":"https:\/\/www.webdo.tn\/fr\/#organization","name":"Webdo","alternateName":"Webdo.tn","url":"https:\/\/www.webdo.tn\/fr\/","logo":{"@type":"ImageObject","inLanguage":"fr-FR","@id":"https:\/\/www.webdo.tn\/fr\/#\/schema\/logo\/image\/","url":"https:\/\/www.webdo.tn\/fr\/wp-content\/uploads\/2025\/06\/Webdo-Tunisie_168377.jpg","contentUrl":"https:\/\/www.webdo.tn\/fr\/wp-content\/uploads\/2025\/06\/Webdo-Tunisie_168377.jpg","width":301,"height":301,"caption":"Webdo"},"image":{"@id":"https:\/\/www.webdo.tn\/fr\/#\/schema\/logo\/image\/"},"sameAs":["https:\/\/www.facebook.com\/webdotn","https:\/\/x.com\/webdo_tn"],"description":"Webdo est un m\u00e9dia num\u00e9rique tunisien fond\u00e9 en 2010, sp\u00e9cialis\u00e9 dans l\u2019actualit\u00e9 nationale et internationale, l\u2019\u00e9conomie, la soci\u00e9t\u00e9 et les analyses politiques. Le site s\u2019adresse \u00e0 un large public francophone et couvre l\u2019information tunisienne en temps r\u00e9el.","email":"redac@webdo.tn","legalName":"YNJ SARL","foundingDate":"2010-09-06","numberOfEmployees":{"@type":"QuantitativeValue","minValue":"11","maxValue":"50"}},{"@type":"Person","@id":"https:\/\/www.webdo.tn\/fr\/#\/schema\/person\/2c4929cbf5a809e3bd38617c6ce150f6","name":"MC","image":{"@type":"ImageObject","inLanguage":"fr-FR","@id":"https:\/\/secure.gravatar.com\/avatar\/a545bbb6f84efdd5553dbbc2895e3ca8f1d12c5215e00a041c9670b54aa9b18a?s=96&d=mm&r=g","url":"https:\/\/secure.gravatar.com\/avatar\/a545bbb6f84efdd5553dbbc2895e3ca8f1d12c5215e00a041c9670b54aa9b18a?s=96&d=mm&r=g","contentUrl":"https:\/\/secure.gravatar.com\/avatar\/a545bbb6f84efdd5553dbbc2895e3ca8f1d12c5215e00a041c9670b54aa9b18a?s=96&d=mm&r=g","caption":"MC"},"url":"https:\/\/www.webdo.tn\/fr\/actualite\/author\/mc\/"}]}},"_links":{"self":[{"href":"https:\/\/www.webdo.tn\/fr\/wp-json\/wp\/v2\/posts\/213625","targetHints":{"allow":["GET"]}}],"collection":[{"href":"https:\/\/www.webdo.tn\/fr\/wp-json\/wp\/v2\/posts"}],"about":[{"href":"https:\/\/www.webdo.tn\/fr\/wp-json\/wp\/v2\/types\/post"}],"author":[{"embeddable":true,"href":"https:\/\/www.webdo.tn\/fr\/wp-json\/wp\/v2\/users\/3162"}],"replies":[{"embeddable":true,"href":"https:\/\/www.webdo.tn\/fr\/wp-json\/wp\/v2\/comments?post=213625"}],"version-history":[{"count":0,"href":"https:\/\/www.webdo.tn\/fr\/wp-json\/wp\/v2\/posts\/213625\/revisions"}],"wp:featuredmedia":[{"embeddable":true,"href":"https:\/\/www.webdo.tn\/fr\/wp-json\/wp\/v2\/media\/247580"}],"wp:attachment":[{"href":"https:\/\/www.webdo.tn\/fr\/wp-json\/wp\/v2\/media?parent=213625"}],"wp:term":[{"taxonomy":"category","embeddable":true,"href":"https:\/\/www.webdo.tn\/fr\/wp-json\/wp\/v2\/categories?post=213625"},{"taxonomy":"post_tag","embeddable":true,"href":"https:\/\/www.webdo.tn\/fr\/wp-json\/wp\/v2\/tags?post=213625"}],"curies":[{"name":"wp","href":"https:\/\/api.w.org\/{rel}","templated":true}]}}