{"id":213623,"date":"2024-04-18T09:57:00","date_gmt":"2024-04-18T09:57:00","guid":{"rendered":"https:\/\/www.webdo.tn\/fr\/blog\/journee-internationale-de-la-danse-avec-les-jeunes-des-ecoles-choregraphiques-russes\/213623\/"},"modified":"2024-04-18T09:57:00","modified_gmt":"2024-04-18T09:57:00","slug":"journee-internationale-de-la-danse-avec-les-jeunes-des-ecoles-choregraphiques-russes","status":"publish","type":"post","link":"https:\/\/www.webdo.tn\/fr\/actualite\/culture\/journee-internationale-de-la-danse-avec-les-jeunes-des-ecoles-choregraphiques-russes\/213623\/","title":{"rendered":"Journ\u00e9e internationale de la Danse : Avec les jeunes des \u00e9coles chor\u00e9graphiques russes"},"content":{"rendered":"<p>La Maison Russe \u00e0 Tunis organise un \u00e9v\u00e9nement festif \u00e0 l&rsquo;occasion de la Journ\u00e9e internationale de la Danse. Rendez-vous le 27 avril \u00e0 18h au Th\u00e9\u00e2tre Municipal de Tunis.<\/p>\n<p>\t\t\t\t\t\t\t\t\tUn programme de danse sera pr\u00e9sent\u00e9 au Th\u00e9\u00e2tre municipal de Tunis \u00e0 l&rsquo;occasion de la Journ\u00e9e internationale de la Danse.<\/p>\n<p>Ce spectacle a \u00e9t\u00e9 pr\u00e9par\u00e9 par les \u00e9l\u00e8ves de plusieurs \u00e9coles chor\u00e9graphiques qui ont en commun d&rsquo;\u00eatre anim\u00e9es par des enseignants russes, tr\u00e8s appr\u00e9ci\u00e9s en Tunisie.<\/p>\n<p>Plusieurs \u00e9coles participent \u00e0 la repr\u00e9sentation. Citons l&rsquo;\u00e9cole de danse classique \u00ab\u00a0Serguei Diaghilev\u00a0\u00bb, l&rsquo;\u00e9cole de ballet russe \u00ab\u00a0Matrochki\u00a0\u00bb, l&rsquo;\u00e9cole de danse classique \u00ab\u00a0Little Ballerina\u00a0\u00bb, l&rsquo;\u00e9cole d&rsquo;arts \u00ab\u00a0Ivan Aivazovsky\u00a0\u00bb et le studio de danse \u00ab\u00a0La Gr\u00e2ce\u00a0\u00bb.<\/p>\n<p>L&rsquo;entr\u00e9e est libre et les familles seront certainement au rendez-vous des jeunes talents.<\/p>\n","protected":false},"excerpt":{"rendered":"<p>Un programme de danse sera pr\u00e9sent\u00e9 au Th\u00e9\u00e2tre municipal de Tunis \u00e0 l&rsquo;occasion de la Journ\u00e9e internationale de la Danse.<\/p>\n","protected":false},"author":3229,"featured_media":247578,"comment_status":"open","ping_status":"closed","sticky":false,"template":"","format":"standard","meta":{"footnotes":""},"categories":[2594],"tags":[6669,6670,6668],"class_list":["post-213623","post","type-post","status-publish","format-standard","has-post-thumbnail","hentry","category-culture","tag-danse","tag-danseurs","tag-theatre-municipal"],"yoast_head":"<!-- This site is optimized with the Yoast SEO Premium plugin v27.5 (Yoast SEO v27.5) - https:\/\/yoast.com\/product\/yoast-seo-premium-wordpress\/ -->\n<title>Journ\u00e9e internationale de la Danse : Avec les jeunes des \u00e9coles chor\u00e9graphiques russes<\/title>\n<meta name=\"description\" content=\"Un programme de danse sera pr\u00e9sent\u00e9 au Th\u00e9\u00e2tre municipal de Tunis \u00e0 l&#039;occasion de la Journ\u00e9e internationale de la Danse.\" \/>\n<link rel=\"canonical\" href=\"https:\/\/www.webdo.tn\/fr\/actualite\/culture\/journee-internationale-de-la-danse-avec-les-jeunes-des-ecoles-choregraphiques-russes\/213623\/\" \/>\n<meta property=\"og:locale\" content=\"fr_FR\" \/>\n<meta property=\"og:type\" content=\"article\" \/>\n<meta property=\"og:title\" content=\"Journ\u00e9e internationale de la Danse : Avec les jeunes des \u00e9coles chor\u00e9graphiques russes\" \/>\n<meta property=\"og:description\" content=\"Un programme de danse sera pr\u00e9sent\u00e9 au Th\u00e9\u00e2tre municipal de Tunis \u00e0 l&#039;occasion de la Journ\u00e9e internationale de la Danse.\" \/>\n<meta property=\"og:url\" content=\"https:\/\/www.webdo.tn\/fr\/actualite\/culture\/journee-internationale-de-la-danse-avec-les-jeunes-des-ecoles-choregraphiques-russes\/213623\/\" \/>\n<meta property=\"og:site_name\" content=\"webdo\" \/>\n<meta property=\"article:publisher\" content=\"https:\/\/www.facebook.com\/webdotn\" \/>\n<meta property=\"article:author\" content=\"https:\/\/www.facebook.com\/hatem.bourial.2025\" \/>\n<meta property=\"article:published_time\" content=\"2024-04-18T09:57:00+00:00\" \/>\n<meta property=\"og:image\" content=\"https:\/\/www.webdo.tn\/fr\/wp-content\/uploads\/2024\/04\/9cce04041d35f58933e5f5355e69916d.jpg\" \/>\n\t<meta property=\"og:image:width\" content=\"750\" \/>\n\t<meta property=\"og:image:height\" content=\"400\" \/>\n\t<meta property=\"og:image:type\" content=\"image\/jpeg\" \/>\n<meta name=\"author\" content=\"Hatem Bourial\" \/>\n<meta name=\"twitter:card\" content=\"summary_large_image\" \/>\n<meta name=\"twitter:creator\" content=\"@webdo_tn\" \/>\n<meta name=\"twitter:site\" content=\"@webdo_tn\" \/>\n<meta name=\"twitter:label1\" content=\"\u00c9crit par\" \/>\n\t<meta name=\"twitter:data1\" content=\"Hatem Bourial\" \/>\n\t<meta name=\"twitter:label2\" content=\"Dur\u00e9e de lecture estim\u00e9e\" \/>\n\t<meta name=\"twitter:data2\" content=\"1 minute\" \/>\n<script type=\"application\/ld+json\" class=\"yoast-schema-graph\">{\"@context\":\"https:\\\/\\\/schema.org\",\"@graph\":[{\"@type\":\"NewsArticle\",\"@id\":\"https:\\\/\\\/www.webdo.tn\\\/fr\\\/actualite\\\/culture\\\/journee-internationale-de-la-danse-avec-les-jeunes-des-ecoles-choregraphiques-russes\\\/213623\\\/#article\",\"isPartOf\":{\"@id\":\"https:\\\/\\\/www.webdo.tn\\\/fr\\\/actualite\\\/culture\\\/journee-internationale-de-la-danse-avec-les-jeunes-des-ecoles-choregraphiques-russes\\\/213623\\\/\"},\"author\":{\"name\":\"Hatem Bourial\",\"@id\":\"https:\\\/\\\/www.webdo.tn\\\/fr\\\/#\\\/schema\\\/person\\\/6bc0beba2cd23aec27cb5df85ca2554f\"},\"headline\":\"Journ\u00e9e internationale de la Danse : Avec les jeunes des \u00e9coles chor\u00e9graphiques russes\",\"datePublished\":\"2024-04-18T09:57:00+00:00\",\"mainEntityOfPage\":{\"@id\":\"https:\\\/\\\/www.webdo.tn\\\/fr\\\/actualite\\\/culture\\\/journee-internationale-de-la-danse-avec-les-jeunes-des-ecoles-choregraphiques-russes\\\/213623\\\/\"},\"wordCount\":156,\"commentCount\":0,\"publisher\":{\"@id\":\"https:\\\/\\\/www.webdo.tn\\\/fr\\\/#organization\"},\"image\":{\"@id\":\"https:\\\/\\\/www.webdo.tn\\\/fr\\\/actualite\\\/culture\\\/journee-internationale-de-la-danse-avec-les-jeunes-des-ecoles-choregraphiques-russes\\\/213623\\\/#primaryimage\"},\"thumbnailUrl\":\"https:\\\/\\\/www.webdo.tn\\\/fr\\\/wp-content\\\/uploads\\\/2024\\\/04\\\/9cce04041d35f58933e5f5355e69916d.jpg\",\"keywords\":[\"danse\",\"danseurs\",\"th\u00e9\u00e2tre municipal\"],\"articleSection\":[\"Culture\"],\"inLanguage\":\"fr-FR\"},{\"@type\":\"WebPage\",\"@id\":\"https:\\\/\\\/www.webdo.tn\\\/fr\\\/actualite\\\/culture\\\/journee-internationale-de-la-danse-avec-les-jeunes-des-ecoles-choregraphiques-russes\\\/213623\\\/\",\"url\":\"https:\\\/\\\/www.webdo.tn\\\/fr\\\/actualite\\\/culture\\\/journee-internationale-de-la-danse-avec-les-jeunes-des-ecoles-choregraphiques-russes\\\/213623\\\/\",\"name\":\"Journ\u00e9e internationale de la Danse : Avec les jeunes des \u00e9coles chor\u00e9graphiques russes\",\"isPartOf\":{\"@id\":\"https:\\\/\\\/www.webdo.tn\\\/fr\\\/#website\"},\"primaryImageOfPage\":{\"@id\":\"https:\\\/\\\/www.webdo.tn\\\/fr\\\/actualite\\\/culture\\\/journee-internationale-de-la-danse-avec-les-jeunes-des-ecoles-choregraphiques-russes\\\/213623\\\/#primaryimage\"},\"image\":{\"@id\":\"https:\\\/\\\/www.webdo.tn\\\/fr\\\/actualite\\\/culture\\\/journee-internationale-de-la-danse-avec-les-jeunes-des-ecoles-choregraphiques-russes\\\/213623\\\/#primaryimage\"},\"thumbnailUrl\":\"https:\\\/\\\/www.webdo.tn\\\/fr\\\/wp-content\\\/uploads\\\/2024\\\/04\\\/9cce04041d35f58933e5f5355e69916d.jpg\",\"datePublished\":\"2024-04-18T09:57:00+00:00\",\"description\":\"Un programme de danse sera pr\u00e9sent\u00e9 au Th\u00e9\u00e2tre municipal de Tunis \u00e0 l'occasion de la Journ\u00e9e internationale de la Danse.\",\"breadcrumb\":{\"@id\":\"https:\\\/\\\/www.webdo.tn\\\/fr\\\/actualite\\\/culture\\\/journee-internationale-de-la-danse-avec-les-jeunes-des-ecoles-choregraphiques-russes\\\/213623\\\/#breadcrumb\"},\"inLanguage\":\"fr-FR\",\"potentialAction\":[{\"@type\":\"ReadAction\",\"target\":[\"https:\\\/\\\/www.webdo.tn\\\/fr\\\/actualite\\\/culture\\\/journee-internationale-de-la-danse-avec-les-jeunes-des-ecoles-choregraphiques-russes\\\/213623\\\/\"]}]},{\"@type\":\"ImageObject\",\"inLanguage\":\"fr-FR\",\"@id\":\"https:\\\/\\\/www.webdo.tn\\\/fr\\\/actualite\\\/culture\\\/journee-internationale-de-la-danse-avec-les-jeunes-des-ecoles-choregraphiques-russes\\\/213623\\\/#primaryimage\",\"url\":\"https:\\\/\\\/www.webdo.tn\\\/fr\\\/wp-content\\\/uploads\\\/2024\\\/04\\\/9cce04041d35f58933e5f5355e69916d.jpg\",\"contentUrl\":\"https:\\\/\\\/www.webdo.tn\\\/fr\\\/wp-content\\\/uploads\\\/2024\\\/04\\\/9cce04041d35f58933e5f5355e69916d.jpg\",\"width\":750,\"height\":400,\"caption\":\"Journ\u00e9e internationale de la Danse : Avec les jeunes des \u00e9coles chor\u00e9graphiques russes\"},{\"@type\":\"BreadcrumbList\",\"@id\":\"https:\\\/\\\/www.webdo.tn\\\/fr\\\/actualite\\\/culture\\\/journee-internationale-de-la-danse-avec-les-jeunes-des-ecoles-choregraphiques-russes\\\/213623\\\/#breadcrumb\",\"itemListElement\":[{\"@type\":\"ListItem\",\"position\":1,\"name\":\"Accueil\",\"item\":\"https:\\\/\\\/www.webdo.tn\\\/fr\\\/\"},{\"@type\":\"ListItem\",\"position\":2,\"name\":\"Journ\u00e9e internationale de la Danse : Avec les jeunes des \u00e9coles chor\u00e9graphiques russes\"}]},{\"@type\":\"WebSite\",\"@id\":\"https:\\\/\\\/www.webdo.tn\\\/fr\\\/#website\",\"url\":\"https:\\\/\\\/www.webdo.tn\\\/fr\\\/\",\"name\":\"webdo\",\"description\":\"Tunisie - News en Tunisie et \u00e0 l&#039;international sur Webdo.tn\",\"publisher\":{\"@id\":\"https:\\\/\\\/www.webdo.tn\\\/fr\\\/#organization\"},\"potentialAction\":[{\"@type\":\"SearchAction\",\"target\":{\"@type\":\"EntryPoint\",\"urlTemplate\":\"https:\\\/\\\/www.webdo.tn\\\/fr\\\/?s={search_term_string}\"},\"query-input\":{\"@type\":\"PropertyValueSpecification\",\"valueRequired\":true,\"valueName\":\"search_term_string\"}}],\"inLanguage\":\"fr-FR\"},{\"@type\":\"Organization\",\"@id\":\"https:\\\/\\\/www.webdo.tn\\\/fr\\\/#organization\",\"name\":\"Webdo\",\"alternateName\":\"Webdo.tn\",\"url\":\"https:\\\/\\\/www.webdo.tn\\\/fr\\\/\",\"logo\":{\"@type\":\"ImageObject\",\"inLanguage\":\"fr-FR\",\"@id\":\"https:\\\/\\\/www.webdo.tn\\\/fr\\\/#\\\/schema\\\/logo\\\/image\\\/\",\"url\":\"https:\\\/\\\/www.webdo.tn\\\/fr\\\/wp-content\\\/uploads\\\/2025\\\/06\\\/Webdo-Tunisie_168377.jpg\",\"contentUrl\":\"https:\\\/\\\/www.webdo.tn\\\/fr\\\/wp-content\\\/uploads\\\/2025\\\/06\\\/Webdo-Tunisie_168377.jpg\",\"width\":301,\"height\":301,\"caption\":\"Webdo\"},\"image\":{\"@id\":\"https:\\\/\\\/www.webdo.tn\\\/fr\\\/#\\\/schema\\\/logo\\\/image\\\/\"},\"sameAs\":[\"https:\\\/\\\/www.facebook.com\\\/webdotn\",\"https:\\\/\\\/x.com\\\/webdo_tn\"],\"description\":\"Webdo est un m\u00e9dia num\u00e9rique tunisien fond\u00e9 en 2010, sp\u00e9cialis\u00e9 dans l\u2019actualit\u00e9 nationale et internationale, l\u2019\u00e9conomie, la soci\u00e9t\u00e9 et les analyses politiques. Le site s\u2019adresse \u00e0 un large public francophone et couvre l\u2019information tunisienne en temps r\u00e9el.\",\"email\":\"redac@webdo.tn\",\"legalName\":\"YNJ SARL\",\"foundingDate\":\"2010-09-06\",\"numberOfEmployees\":{\"@type\":\"QuantitativeValue\",\"minValue\":\"11\",\"maxValue\":\"50\"}},{\"@type\":\"Person\",\"@id\":\"https:\\\/\\\/www.webdo.tn\\\/fr\\\/#\\\/schema\\\/person\\\/6bc0beba2cd23aec27cb5df85ca2554f\",\"name\":\"Hatem Bourial\",\"image\":{\"@type\":\"ImageObject\",\"inLanguage\":\"fr-FR\",\"@id\":\"https:\\\/\\\/www.webdo.tn\\\/fr\\\/wp-content\\\/uploads\\\/2026\\\/04\\\/hatem-bourial_avatar-96x96.jpg\",\"url\":\"https:\\\/\\\/www.webdo.tn\\\/fr\\\/wp-content\\\/uploads\\\/2026\\\/04\\\/hatem-bourial_avatar-96x96.jpg\",\"contentUrl\":\"https:\\\/\\\/www.webdo.tn\\\/fr\\\/wp-content\\\/uploads\\\/2026\\\/04\\\/hatem-bourial_avatar-96x96.jpg\",\"caption\":\"Hatem Bourial\"},\"description\":\"Hatem Bourial est journaliste, \u00e9crivain et chroniqueur tunisien. Actif depuis plusieurs d\u00e9cennies, il s\u2019est impos\u00e9 comme un observateur attentif de la soci\u00e9t\u00e9 tunisienne, m\u00ealant dans ses \u00e9crits m\u00e9moire, culture et analyse du quotidien. Auteur de nombreux ouvrages, il d\u00e9veloppe une \u0153uvre \u00e0 la crois\u00e9e du r\u00e9cit, de la po\u00e9sie et de l\u2019observation sociologique. Parall\u00e8lement \u00e0 ses contributions dans la presse, il intervient r\u00e9guli\u00e8rement \u00e0 la radio et dans des espaces culturels, o\u00f9 il explore les enjeux li\u00e9s au patrimoine, \u00e0 l\u2019identit\u00e9 et aux transformations du monde contemporain. \u00c0 travers ses chroniques, Hatem Bourial propose une lecture sensible et approfondie de l\u2019actualit\u00e9, nourrie par une exp\u00e9rience journalistique et litt\u00e9raire reconnue. \ud83d\udd17 Facebook : https:\\\/\\\/www.facebook.com\\\/hatem.bourial.2025\",\"sameAs\":[\"https:\\\/\\\/www.facebook.com\\\/hatem.bourial.2025\",\"https:\\\/\\\/fr.wikipedia.org\\\/wiki\\\/Fichier:Hatem_Bourial.jpg\"],\"knowsAbout\":[\"Culture & patrimoine tunisien\",\"Chronique soci\u00e9tale\",\"Litt\u00e9rature & m\u00e9moire\",\"Cin\u00e9ma & critique culturelle\",\"Identit\u00e9 & mutations sociales\"],\"knowsLanguage\":[\"Arabe\",\"Fran\u00e7ais\",\"Anglais\",\"Italien\",\"Polonais\"],\"jobTitle\":\"Journaliste, \u00e9crivain et chroniqueur culturel\",\"worksFor\":\"Webdo\",\"url\":\"https:\\\/\\\/www.webdo.tn\\\/fr\\\/actualite\\\/author\\\/hatem-bourial-2\\\/\"}]}<\/script>\n<!-- \/ Yoast SEO Premium plugin. -->","yoast_head_json":{"title":"Journ\u00e9e internationale de la Danse : Avec les jeunes des \u00e9coles chor\u00e9graphiques russes","description":"Un programme de danse sera pr\u00e9sent\u00e9 au Th\u00e9\u00e2tre municipal de Tunis \u00e0 l'occasion de la Journ\u00e9e internationale de la Danse.","canonical":"https:\/\/www.webdo.tn\/fr\/actualite\/culture\/journee-internationale-de-la-danse-avec-les-jeunes-des-ecoles-choregraphiques-russes\/213623\/","og_locale":"fr_FR","og_type":"article","og_title":"Journ\u00e9e internationale de la Danse : Avec les jeunes des \u00e9coles chor\u00e9graphiques russes","og_description":"Un programme de danse sera pr\u00e9sent\u00e9 au Th\u00e9\u00e2tre municipal de Tunis \u00e0 l'occasion de la Journ\u00e9e internationale de la Danse.","og_url":"https:\/\/www.webdo.tn\/fr\/actualite\/culture\/journee-internationale-de-la-danse-avec-les-jeunes-des-ecoles-choregraphiques-russes\/213623\/","og_site_name":"webdo","article_publisher":"https:\/\/www.facebook.com\/webdotn","article_author":"https:\/\/www.facebook.com\/hatem.bourial.2025","article_published_time":"2024-04-18T09:57:00+00:00","og_image":[{"width":750,"height":400,"url":"https:\/\/www.webdo.tn\/fr\/wp-content\/uploads\/2024\/04\/9cce04041d35f58933e5f5355e69916d.jpg","type":"image\/jpeg"}],"author":"Hatem Bourial","twitter_card":"summary_large_image","twitter_creator":"@webdo_tn","twitter_site":"@webdo_tn","twitter_misc":{"\u00c9crit par":"Hatem Bourial","Dur\u00e9e de lecture estim\u00e9e":"1 minute"},"schema":{"@context":"https:\/\/schema.org","@graph":[{"@type":"NewsArticle","@id":"https:\/\/www.webdo.tn\/fr\/actualite\/culture\/journee-internationale-de-la-danse-avec-les-jeunes-des-ecoles-choregraphiques-russes\/213623\/#article","isPartOf":{"@id":"https:\/\/www.webdo.tn\/fr\/actualite\/culture\/journee-internationale-de-la-danse-avec-les-jeunes-des-ecoles-choregraphiques-russes\/213623\/"},"author":{"name":"Hatem Bourial","@id":"https:\/\/www.webdo.tn\/fr\/#\/schema\/person\/6bc0beba2cd23aec27cb5df85ca2554f"},"headline":"Journ\u00e9e internationale de la Danse : Avec les jeunes des \u00e9coles chor\u00e9graphiques russes","datePublished":"2024-04-18T09:57:00+00:00","mainEntityOfPage":{"@id":"https:\/\/www.webdo.tn\/fr\/actualite\/culture\/journee-internationale-de-la-danse-avec-les-jeunes-des-ecoles-choregraphiques-russes\/213623\/"},"wordCount":156,"commentCount":0,"publisher":{"@id":"https:\/\/www.webdo.tn\/fr\/#organization"},"image":{"@id":"https:\/\/www.webdo.tn\/fr\/actualite\/culture\/journee-internationale-de-la-danse-avec-les-jeunes-des-ecoles-choregraphiques-russes\/213623\/#primaryimage"},"thumbnailUrl":"https:\/\/www.webdo.tn\/fr\/wp-content\/uploads\/2024\/04\/9cce04041d35f58933e5f5355e69916d.jpg","keywords":["danse","danseurs","th\u00e9\u00e2tre municipal"],"articleSection":["Culture"],"inLanguage":"fr-FR"},{"@type":"WebPage","@id":"https:\/\/www.webdo.tn\/fr\/actualite\/culture\/journee-internationale-de-la-danse-avec-les-jeunes-des-ecoles-choregraphiques-russes\/213623\/","url":"https:\/\/www.webdo.tn\/fr\/actualite\/culture\/journee-internationale-de-la-danse-avec-les-jeunes-des-ecoles-choregraphiques-russes\/213623\/","name":"Journ\u00e9e internationale de la Danse : Avec les jeunes des \u00e9coles chor\u00e9graphiques russes","isPartOf":{"@id":"https:\/\/www.webdo.tn\/fr\/#website"},"primaryImageOfPage":{"@id":"https:\/\/www.webdo.tn\/fr\/actualite\/culture\/journee-internationale-de-la-danse-avec-les-jeunes-des-ecoles-choregraphiques-russes\/213623\/#primaryimage"},"image":{"@id":"https:\/\/www.webdo.tn\/fr\/actualite\/culture\/journee-internationale-de-la-danse-avec-les-jeunes-des-ecoles-choregraphiques-russes\/213623\/#primaryimage"},"thumbnailUrl":"https:\/\/www.webdo.tn\/fr\/wp-content\/uploads\/2024\/04\/9cce04041d35f58933e5f5355e69916d.jpg","datePublished":"2024-04-18T09:57:00+00:00","description":"Un programme de danse sera pr\u00e9sent\u00e9 au Th\u00e9\u00e2tre municipal de Tunis \u00e0 l'occasion de la Journ\u00e9e internationale de la Danse.","breadcrumb":{"@id":"https:\/\/www.webdo.tn\/fr\/actualite\/culture\/journee-internationale-de-la-danse-avec-les-jeunes-des-ecoles-choregraphiques-russes\/213623\/#breadcrumb"},"inLanguage":"fr-FR","potentialAction":[{"@type":"ReadAction","target":["https:\/\/www.webdo.tn\/fr\/actualite\/culture\/journee-internationale-de-la-danse-avec-les-jeunes-des-ecoles-choregraphiques-russes\/213623\/"]}]},{"@type":"ImageObject","inLanguage":"fr-FR","@id":"https:\/\/www.webdo.tn\/fr\/actualite\/culture\/journee-internationale-de-la-danse-avec-les-jeunes-des-ecoles-choregraphiques-russes\/213623\/#primaryimage","url":"https:\/\/www.webdo.tn\/fr\/wp-content\/uploads\/2024\/04\/9cce04041d35f58933e5f5355e69916d.jpg","contentUrl":"https:\/\/www.webdo.tn\/fr\/wp-content\/uploads\/2024\/04\/9cce04041d35f58933e5f5355e69916d.jpg","width":750,"height":400,"caption":"Journ\u00e9e internationale de la Danse : Avec les jeunes des \u00e9coles chor\u00e9graphiques russes"},{"@type":"BreadcrumbList","@id":"https:\/\/www.webdo.tn\/fr\/actualite\/culture\/journee-internationale-de-la-danse-avec-les-jeunes-des-ecoles-choregraphiques-russes\/213623\/#breadcrumb","itemListElement":[{"@type":"ListItem","position":1,"name":"Accueil","item":"https:\/\/www.webdo.tn\/fr\/"},{"@type":"ListItem","position":2,"name":"Journ\u00e9e internationale de la Danse : Avec les jeunes des \u00e9coles chor\u00e9graphiques russes"}]},{"@type":"WebSite","@id":"https:\/\/www.webdo.tn\/fr\/#website","url":"https:\/\/www.webdo.tn\/fr\/","name":"webdo","description":"Tunisie - News en Tunisie et \u00e0 l&#039;international sur Webdo.tn","publisher":{"@id":"https:\/\/www.webdo.tn\/fr\/#organization"},"potentialAction":[{"@type":"SearchAction","target":{"@type":"EntryPoint","urlTemplate":"https:\/\/www.webdo.tn\/fr\/?s={search_term_string}"},"query-input":{"@type":"PropertyValueSpecification","valueRequired":true,"valueName":"search_term_string"}}],"inLanguage":"fr-FR"},{"@type":"Organization","@id":"https:\/\/www.webdo.tn\/fr\/#organization","name":"Webdo","alternateName":"Webdo.tn","url":"https:\/\/www.webdo.tn\/fr\/","logo":{"@type":"ImageObject","inLanguage":"fr-FR","@id":"https:\/\/www.webdo.tn\/fr\/#\/schema\/logo\/image\/","url":"https:\/\/www.webdo.tn\/fr\/wp-content\/uploads\/2025\/06\/Webdo-Tunisie_168377.jpg","contentUrl":"https:\/\/www.webdo.tn\/fr\/wp-content\/uploads\/2025\/06\/Webdo-Tunisie_168377.jpg","width":301,"height":301,"caption":"Webdo"},"image":{"@id":"https:\/\/www.webdo.tn\/fr\/#\/schema\/logo\/image\/"},"sameAs":["https:\/\/www.facebook.com\/webdotn","https:\/\/x.com\/webdo_tn"],"description":"Webdo est un m\u00e9dia num\u00e9rique tunisien fond\u00e9 en 2010, sp\u00e9cialis\u00e9 dans l\u2019actualit\u00e9 nationale et internationale, l\u2019\u00e9conomie, la soci\u00e9t\u00e9 et les analyses politiques. Le site s\u2019adresse \u00e0 un large public francophone et couvre l\u2019information tunisienne en temps r\u00e9el.","email":"redac@webdo.tn","legalName":"YNJ SARL","foundingDate":"2010-09-06","numberOfEmployees":{"@type":"QuantitativeValue","minValue":"11","maxValue":"50"}},{"@type":"Person","@id":"https:\/\/www.webdo.tn\/fr\/#\/schema\/person\/6bc0beba2cd23aec27cb5df85ca2554f","name":"Hatem Bourial","image":{"@type":"ImageObject","inLanguage":"fr-FR","@id":"https:\/\/www.webdo.tn\/fr\/wp-content\/uploads\/2026\/04\/hatem-bourial_avatar-96x96.jpg","url":"https:\/\/www.webdo.tn\/fr\/wp-content\/uploads\/2026\/04\/hatem-bourial_avatar-96x96.jpg","contentUrl":"https:\/\/www.webdo.tn\/fr\/wp-content\/uploads\/2026\/04\/hatem-bourial_avatar-96x96.jpg","caption":"Hatem Bourial"},"description":"Hatem Bourial est journaliste, \u00e9crivain et chroniqueur tunisien. Actif depuis plusieurs d\u00e9cennies, il s\u2019est impos\u00e9 comme un observateur attentif de la soci\u00e9t\u00e9 tunisienne, m\u00ealant dans ses \u00e9crits m\u00e9moire, culture et analyse du quotidien. Auteur de nombreux ouvrages, il d\u00e9veloppe une \u0153uvre \u00e0 la crois\u00e9e du r\u00e9cit, de la po\u00e9sie et de l\u2019observation sociologique. Parall\u00e8lement \u00e0 ses contributions dans la presse, il intervient r\u00e9guli\u00e8rement \u00e0 la radio et dans des espaces culturels, o\u00f9 il explore les enjeux li\u00e9s au patrimoine, \u00e0 l\u2019identit\u00e9 et aux transformations du monde contemporain. \u00c0 travers ses chroniques, Hatem Bourial propose une lecture sensible et approfondie de l\u2019actualit\u00e9, nourrie par une exp\u00e9rience journalistique et litt\u00e9raire reconnue. \ud83d\udd17 Facebook : https:\/\/www.facebook.com\/hatem.bourial.2025","sameAs":["https:\/\/www.facebook.com\/hatem.bourial.2025","https:\/\/fr.wikipedia.org\/wiki\/Fichier:Hatem_Bourial.jpg"],"knowsAbout":["Culture & patrimoine tunisien","Chronique soci\u00e9tale","Litt\u00e9rature & m\u00e9moire","Cin\u00e9ma & critique culturelle","Identit\u00e9 & mutations sociales"],"knowsLanguage":["Arabe","Fran\u00e7ais","Anglais","Italien","Polonais"],"jobTitle":"Journaliste, \u00e9crivain et chroniqueur culturel","worksFor":"Webdo","url":"https:\/\/www.webdo.tn\/fr\/actualite\/author\/hatem-bourial-2\/"}]}},"_links":{"self":[{"href":"https:\/\/www.webdo.tn\/fr\/wp-json\/wp\/v2\/posts\/213623","targetHints":{"allow":["GET"]}}],"collection":[{"href":"https:\/\/www.webdo.tn\/fr\/wp-json\/wp\/v2\/posts"}],"about":[{"href":"https:\/\/www.webdo.tn\/fr\/wp-json\/wp\/v2\/types\/post"}],"author":[{"embeddable":true,"href":"https:\/\/www.webdo.tn\/fr\/wp-json\/wp\/v2\/users\/3229"}],"replies":[{"embeddable":true,"href":"https:\/\/www.webdo.tn\/fr\/wp-json\/wp\/v2\/comments?post=213623"}],"version-history":[{"count":0,"href":"https:\/\/www.webdo.tn\/fr\/wp-json\/wp\/v2\/posts\/213623\/revisions"}],"wp:featuredmedia":[{"embeddable":true,"href":"https:\/\/www.webdo.tn\/fr\/wp-json\/wp\/v2\/media\/247578"}],"wp:attachment":[{"href":"https:\/\/www.webdo.tn\/fr\/wp-json\/wp\/v2\/media?parent=213623"}],"wp:term":[{"taxonomy":"category","embeddable":true,"href":"https:\/\/www.webdo.tn\/fr\/wp-json\/wp\/v2\/categories?post=213623"},{"taxonomy":"post_tag","embeddable":true,"href":"https:\/\/www.webdo.tn\/fr\/wp-json\/wp\/v2\/tags?post=213623"}],"curies":[{"name":"wp","href":"https:\/\/api.w.org\/{rel}","templated":true}]}}