{"id":213613,"date":"2024-04-17T20:55:00","date_gmt":"2024-04-17T20:55:00","guid":{"rendered":"https:\/\/www.webdo.tn\/fr\/blog\/en-marge-de-la-visite-de-giorgia-meloni-en-tunisie-la-societe-civile-proteste\/213613\/"},"modified":"2025-05-20T21:51:30","modified_gmt":"2025-05-20T21:51:30","slug":"en-marge-de-la-visite-de-giorgia-meloni-en-tunisie-la-societe-civile-proteste","status":"publish","type":"post","link":"https:\/\/www.webdo.tn\/fr\/actualite\/national\/en-marge-de-la-visite-de-giorgia-meloni-en-tunisie-la-societe-civile-proteste\/213613\/","title":{"rendered":"En marge de la visite de Giorgia Meloni en Tunisie, la soci\u00e9t\u00e9 civile proteste"},"content":{"rendered":"<p>En marge de la visite de la Premi\u00e8re ministre italienne, Giorgia Meloni, aujourd\u2019hui en Tunisie, la soci\u00e9t\u00e9 civile a manifest\u00e9 devant le si\u00e8ge de l\u2019ambassade d\u2019Italie \u00e0 Tunis.<\/p>\n<p>\t\t\t\t\t\t\t\t\tLe Forum tunisien pour les droits \u00e9conomiques et sociaux (FTDES), l\u2019association \u00ab\u00a0La Terre pour tous\u00a0\u00bb et de nombreux militants de la soci\u00e9t\u00e9 civile se sont rassembl\u00e9s, ce mercredi 17 avril 2024, devant l\u2019ambassade pour d\u00e9noncer ce qu\u2019elles consid\u00e8rent comme \u00ab\u00a0une tentative de pression sur la Tunisie\u00a0\u00bb par l\u2019Italie et l\u2019Union europ\u00e9enne pour surveiller les fronti\u00e8res europ\u00e9ennes.<\/p>\n<p>Les organisations de la soci\u00e9t\u00e9 civile participant \u00e0 ce mouvement de protestation ont manifest\u00e9 en marge de la visite de la Premi\u00e8re ministre italienne Giorgia Meloni, et au cours de laquelle elle a rencontr\u00e9 le pr\u00e9sident de la R\u00e9publique Kais Saied pour soulever la question migratoire.<\/p>\n<p>A ce titre, Kais Saied a r\u00e9affirm\u00e9 la position ferme de la Tunisie qui rejette que notre pays soit une destination ou un point de passage pour les migrants irr\u00e9guliers.<\/p>\n<p>Le porte-parole du FTDES, Romdhane Ben Amor, a indiqu\u00e9 \u00e0 l\u2019Agence TAP que \u00ab\u00a0la visite de Meloni co\u00efncide avec l\u2019am\u00e9lioration des conditions climatiques qui s\u2019accompagnera d\u2019une augmentation des op\u00e9rations de migration irr\u00e9guli\u00e8re afin de faire pression sur la Tunisie pour surveiller les fronti\u00e8res europ\u00e9ennes\u00a0\u00bb.<\/p>\n<p>Il a soulign\u00e9 que la Premi\u00e8re ministre italienne \u00ab\u00a0s\u2019emploie \u00e0 limiter les flux de migrants et \u00e0 contr\u00f4ler le nombre d\u2019immigrants sur le territoire italien, notamment ceux de nationalit\u00e9 non tunisienne, en incitant la Tunisie \u00e0 les transf\u00e9rer vers des centres de d\u00e9tention mieux contr\u00f4l\u00e9s avant leur expulsion\u00a0\u00bb.<\/p>\n","protected":false},"excerpt":{"rendered":"<p>Le Forum tunisien pour les droits \u00e9conomiques et sociaux (FTDES), l\u2019association  La Terre pour tous  et de nombreux militants de la soci\u00e9t\u00e9 civile se sont rasse&#8230;<\/p>\n","protected":false},"author":3162,"featured_media":247573,"comment_status":"open","ping_status":"closed","sticky":false,"template":"","format":"standard","meta":{"footnotes":""},"categories":[44],"tags":[3228,5328,2660,2615,6503,2608],"class_list":["post-213613","post","type-post","status-publish","format-standard","has-post-thumbnail","hentry","category-national","tag-ftdes","tag-giorgia-meloni","tag-italie","tag-migration","tag-societe-civile","tag-tunisie"],"yoast_head":"<!-- This site is optimized with the Yoast SEO Premium plugin v27.4 (Yoast SEO v27.5) - https:\/\/yoast.com\/product\/yoast-seo-premium-wordpress\/ -->\n<title>En marge de la visite de Giorgia Meloni en Tunisie, la soci\u00e9t\u00e9 civile proteste<\/title>\n<meta name=\"description\" content=\"Le Forum tunisien pour les droits \u00e9conomiques et sociaux (FTDES), l\u2019association La Terre pour tous et de nombreux militants de la soci\u00e9t\u00e9 civile se sont rasse...\" \/>\n<link rel=\"canonical\" href=\"https:\/\/www.webdo.tn\/fr\/actualite\/national\/en-marge-de-la-visite-de-giorgia-meloni-en-tunisie-la-societe-civile-proteste\/213613\/\" \/>\n<meta property=\"og:locale\" content=\"fr_FR\" \/>\n<meta property=\"og:type\" content=\"article\" \/>\n<meta property=\"og:title\" content=\"En marge de la visite de Giorgia Meloni en Tunisie, la soci\u00e9t\u00e9 civile proteste\" \/>\n<meta property=\"og:description\" content=\"Le Forum tunisien pour les droits \u00e9conomiques et sociaux (FTDES), l\u2019association La Terre pour tous et de nombreux militants de la soci\u00e9t\u00e9 civile se sont rasse...\" \/>\n<meta property=\"og:url\" content=\"https:\/\/www.webdo.tn\/fr\/actualite\/national\/en-marge-de-la-visite-de-giorgia-meloni-en-tunisie-la-societe-civile-proteste\/213613\/\" \/>\n<meta property=\"og:site_name\" content=\"webdo\" \/>\n<meta property=\"article:publisher\" content=\"https:\/\/www.facebook.com\/webdotn\" \/>\n<meta property=\"article:published_time\" content=\"2024-04-17T20:55:00+00:00\" \/>\n<meta property=\"article:modified_time\" content=\"2025-05-20T21:51:30+00:00\" \/>\n<meta property=\"og:image\" content=\"https:\/\/www.webdo.tn\/fr\/wp-content\/uploads\/2024\/04\/680d393d4f406f718c66ec45026f3275.jpg\" \/>\n\t<meta property=\"og:image:width\" content=\"750\" \/>\n\t<meta property=\"og:image:height\" content=\"400\" \/>\n\t<meta property=\"og:image:type\" content=\"image\/jpeg\" \/>\n<meta name=\"author\" content=\"MC\" \/>\n<meta name=\"twitter:card\" content=\"summary_large_image\" \/>\n<meta name=\"twitter:creator\" content=\"@webdo_tn\" \/>\n<meta name=\"twitter:site\" content=\"@webdo_tn\" \/>\n<meta name=\"twitter:label1\" content=\"\u00c9crit par\" \/>\n\t<meta name=\"twitter:data1\" content=\"MC\" \/>\n\t<meta name=\"twitter:label2\" content=\"Dur\u00e9e de lecture estim\u00e9e\" \/>\n\t<meta name=\"twitter:data2\" content=\"1 minute\" \/>\n<script type=\"application\/ld+json\" class=\"yoast-schema-graph\">{\"@context\":\"https:\\\/\\\/schema.org\",\"@graph\":[{\"@type\":\"NewsArticle\",\"@id\":\"https:\\\/\\\/www.webdo.tn\\\/fr\\\/actualite\\\/national\\\/en-marge-de-la-visite-de-giorgia-meloni-en-tunisie-la-societe-civile-proteste\\\/213613\\\/#article\",\"isPartOf\":{\"@id\":\"https:\\\/\\\/www.webdo.tn\\\/fr\\\/actualite\\\/national\\\/en-marge-de-la-visite-de-giorgia-meloni-en-tunisie-la-societe-civile-proteste\\\/213613\\\/\"},\"author\":{\"name\":\"MC\",\"@id\":\"https:\\\/\\\/www.webdo.tn\\\/fr\\\/#\\\/schema\\\/person\\\/2c4929cbf5a809e3bd38617c6ce150f6\"},\"headline\":\"En marge de la visite de Giorgia Meloni en Tunisie, la soci\u00e9t\u00e9 civile proteste\",\"datePublished\":\"2024-04-17T20:55:00+00:00\",\"dateModified\":\"2025-05-20T21:51:30+00:00\",\"mainEntityOfPage\":{\"@id\":\"https:\\\/\\\/www.webdo.tn\\\/fr\\\/actualite\\\/national\\\/en-marge-de-la-visite-de-giorgia-meloni-en-tunisie-la-societe-civile-proteste\\\/213613\\\/\"},\"wordCount\":302,\"commentCount\":0,\"publisher\":{\"@id\":\"https:\\\/\\\/www.webdo.tn\\\/fr\\\/#organization\"},\"image\":{\"@id\":\"https:\\\/\\\/www.webdo.tn\\\/fr\\\/actualite\\\/national\\\/en-marge-de-la-visite-de-giorgia-meloni-en-tunisie-la-societe-civile-proteste\\\/213613\\\/#primaryimage\"},\"thumbnailUrl\":\"https:\\\/\\\/www.webdo.tn\\\/fr\\\/wp-content\\\/uploads\\\/2024\\\/04\\\/680d393d4f406f718c66ec45026f3275.jpg\",\"keywords\":[\"ftdes\",\"giorgia meloni\",\"Italie\",\"Migration\",\"soci\u00e9t\u00e9 civile\",\"Tunisie\"],\"articleSection\":[\"National\"],\"inLanguage\":\"fr-FR\"},{\"@type\":\"WebPage\",\"@id\":\"https:\\\/\\\/www.webdo.tn\\\/fr\\\/actualite\\\/national\\\/en-marge-de-la-visite-de-giorgia-meloni-en-tunisie-la-societe-civile-proteste\\\/213613\\\/\",\"url\":\"https:\\\/\\\/www.webdo.tn\\\/fr\\\/actualite\\\/national\\\/en-marge-de-la-visite-de-giorgia-meloni-en-tunisie-la-societe-civile-proteste\\\/213613\\\/\",\"name\":\"En marge de la visite de Giorgia Meloni en Tunisie, la soci\u00e9t\u00e9 civile proteste\",\"isPartOf\":{\"@id\":\"https:\\\/\\\/www.webdo.tn\\\/fr\\\/#website\"},\"primaryImageOfPage\":{\"@id\":\"https:\\\/\\\/www.webdo.tn\\\/fr\\\/actualite\\\/national\\\/en-marge-de-la-visite-de-giorgia-meloni-en-tunisie-la-societe-civile-proteste\\\/213613\\\/#primaryimage\"},\"image\":{\"@id\":\"https:\\\/\\\/www.webdo.tn\\\/fr\\\/actualite\\\/national\\\/en-marge-de-la-visite-de-giorgia-meloni-en-tunisie-la-societe-civile-proteste\\\/213613\\\/#primaryimage\"},\"thumbnailUrl\":\"https:\\\/\\\/www.webdo.tn\\\/fr\\\/wp-content\\\/uploads\\\/2024\\\/04\\\/680d393d4f406f718c66ec45026f3275.jpg\",\"datePublished\":\"2024-04-17T20:55:00+00:00\",\"dateModified\":\"2025-05-20T21:51:30+00:00\",\"description\":\"Le Forum tunisien pour les droits \u00e9conomiques et sociaux (FTDES), l\u2019association La Terre pour tous et de nombreux militants de la soci\u00e9t\u00e9 civile se sont rasse...\",\"breadcrumb\":{\"@id\":\"https:\\\/\\\/www.webdo.tn\\\/fr\\\/actualite\\\/national\\\/en-marge-de-la-visite-de-giorgia-meloni-en-tunisie-la-societe-civile-proteste\\\/213613\\\/#breadcrumb\"},\"inLanguage\":\"fr-FR\",\"potentialAction\":[{\"@type\":\"ReadAction\",\"target\":[\"https:\\\/\\\/www.webdo.tn\\\/fr\\\/actualite\\\/national\\\/en-marge-de-la-visite-de-giorgia-meloni-en-tunisie-la-societe-civile-proteste\\\/213613\\\/\"]}]},{\"@type\":\"ImageObject\",\"inLanguage\":\"fr-FR\",\"@id\":\"https:\\\/\\\/www.webdo.tn\\\/fr\\\/actualite\\\/national\\\/en-marge-de-la-visite-de-giorgia-meloni-en-tunisie-la-societe-civile-proteste\\\/213613\\\/#primaryimage\",\"url\":\"https:\\\/\\\/www.webdo.tn\\\/fr\\\/wp-content\\\/uploads\\\/2024\\\/04\\\/680d393d4f406f718c66ec45026f3275.jpg\",\"contentUrl\":\"https:\\\/\\\/www.webdo.tn\\\/fr\\\/wp-content\\\/uploads\\\/2024\\\/04\\\/680d393d4f406f718c66ec45026f3275.jpg\",\"width\":750,\"height\":400,\"caption\":\"En marge de la visite de Giorgia Meloni en Tunisie, la soci\u00e9t\u00e9 civile proteste\"},{\"@type\":\"BreadcrumbList\",\"@id\":\"https:\\\/\\\/www.webdo.tn\\\/fr\\\/actualite\\\/national\\\/en-marge-de-la-visite-de-giorgia-meloni-en-tunisie-la-societe-civile-proteste\\\/213613\\\/#breadcrumb\",\"itemListElement\":[{\"@type\":\"ListItem\",\"position\":1,\"name\":\"Accueil\",\"item\":\"https:\\\/\\\/www.webdo.tn\\\/fr\\\/\"},{\"@type\":\"ListItem\",\"position\":2,\"name\":\"En marge de la visite de Giorgia Meloni en Tunisie, la soci\u00e9t\u00e9 civile proteste\"}]},{\"@type\":\"WebSite\",\"@id\":\"https:\\\/\\\/www.webdo.tn\\\/fr\\\/#website\",\"url\":\"https:\\\/\\\/www.webdo.tn\\\/fr\\\/\",\"name\":\"webdo\",\"description\":\"Tunisie - News en Tunisie et \u00e0 l&#039;international sur Webdo.tn\",\"publisher\":{\"@id\":\"https:\\\/\\\/www.webdo.tn\\\/fr\\\/#organization\"},\"potentialAction\":[{\"@type\":\"SearchAction\",\"target\":{\"@type\":\"EntryPoint\",\"urlTemplate\":\"https:\\\/\\\/www.webdo.tn\\\/fr\\\/?s={search_term_string}\"},\"query-input\":{\"@type\":\"PropertyValueSpecification\",\"valueRequired\":true,\"valueName\":\"search_term_string\"}}],\"inLanguage\":\"fr-FR\"},{\"@type\":\"Organization\",\"@id\":\"https:\\\/\\\/www.webdo.tn\\\/fr\\\/#organization\",\"name\":\"Webdo\",\"alternateName\":\"Webdo.tn\",\"url\":\"https:\\\/\\\/www.webdo.tn\\\/fr\\\/\",\"logo\":{\"@type\":\"ImageObject\",\"inLanguage\":\"fr-FR\",\"@id\":\"https:\\\/\\\/www.webdo.tn\\\/fr\\\/#\\\/schema\\\/logo\\\/image\\\/\",\"url\":\"https:\\\/\\\/www.webdo.tn\\\/fr\\\/wp-content\\\/uploads\\\/2025\\\/06\\\/Webdo-Tunisie_168377.jpg\",\"contentUrl\":\"https:\\\/\\\/www.webdo.tn\\\/fr\\\/wp-content\\\/uploads\\\/2025\\\/06\\\/Webdo-Tunisie_168377.jpg\",\"width\":301,\"height\":301,\"caption\":\"Webdo\"},\"image\":{\"@id\":\"https:\\\/\\\/www.webdo.tn\\\/fr\\\/#\\\/schema\\\/logo\\\/image\\\/\"},\"sameAs\":[\"https:\\\/\\\/www.facebook.com\\\/webdotn\",\"https:\\\/\\\/x.com\\\/webdo_tn\"],\"description\":\"Webdo est un m\u00e9dia num\u00e9rique tunisien fond\u00e9 en 2010, sp\u00e9cialis\u00e9 dans l\u2019actualit\u00e9 nationale et internationale, l\u2019\u00e9conomie, la soci\u00e9t\u00e9 et les analyses politiques. Le site s\u2019adresse \u00e0 un large public francophone et couvre l\u2019information tunisienne en temps r\u00e9el.\",\"email\":\"redac@webdo.tn\",\"legalName\":\"YNJ SARL\",\"foundingDate\":\"2010-09-06\",\"numberOfEmployees\":{\"@type\":\"QuantitativeValue\",\"minValue\":\"11\",\"maxValue\":\"50\"}},{\"@type\":\"Person\",\"@id\":\"https:\\\/\\\/www.webdo.tn\\\/fr\\\/#\\\/schema\\\/person\\\/2c4929cbf5a809e3bd38617c6ce150f6\",\"name\":\"MC\",\"image\":{\"@type\":\"ImageObject\",\"inLanguage\":\"fr-FR\",\"@id\":\"https:\\\/\\\/secure.gravatar.com\\\/avatar\\\/a545bbb6f84efdd5553dbbc2895e3ca8f1d12c5215e00a041c9670b54aa9b18a?s=96&d=mm&r=g\",\"url\":\"https:\\\/\\\/secure.gravatar.com\\\/avatar\\\/a545bbb6f84efdd5553dbbc2895e3ca8f1d12c5215e00a041c9670b54aa9b18a?s=96&d=mm&r=g\",\"contentUrl\":\"https:\\\/\\\/secure.gravatar.com\\\/avatar\\\/a545bbb6f84efdd5553dbbc2895e3ca8f1d12c5215e00a041c9670b54aa9b18a?s=96&d=mm&r=g\",\"caption\":\"MC\"},\"url\":\"https:\\\/\\\/www.webdo.tn\\\/fr\\\/actualite\\\/author\\\/mc\\\/\"}]}<\/script>\n<!-- \/ Yoast SEO Premium plugin. -->","yoast_head_json":{"title":"En marge de la visite de Giorgia Meloni en Tunisie, la soci\u00e9t\u00e9 civile proteste","description":"Le Forum tunisien pour les droits \u00e9conomiques et sociaux (FTDES), l\u2019association La Terre pour tous et de nombreux militants de la soci\u00e9t\u00e9 civile se sont rasse...","canonical":"https:\/\/www.webdo.tn\/fr\/actualite\/national\/en-marge-de-la-visite-de-giorgia-meloni-en-tunisie-la-societe-civile-proteste\/213613\/","og_locale":"fr_FR","og_type":"article","og_title":"En marge de la visite de Giorgia Meloni en Tunisie, la soci\u00e9t\u00e9 civile proteste","og_description":"Le Forum tunisien pour les droits \u00e9conomiques et sociaux (FTDES), l\u2019association La Terre pour tous et de nombreux militants de la soci\u00e9t\u00e9 civile se sont rasse...","og_url":"https:\/\/www.webdo.tn\/fr\/actualite\/national\/en-marge-de-la-visite-de-giorgia-meloni-en-tunisie-la-societe-civile-proteste\/213613\/","og_site_name":"webdo","article_publisher":"https:\/\/www.facebook.com\/webdotn","article_published_time":"2024-04-17T20:55:00+00:00","article_modified_time":"2025-05-20T21:51:30+00:00","og_image":[{"width":750,"height":400,"url":"https:\/\/www.webdo.tn\/fr\/wp-content\/uploads\/2024\/04\/680d393d4f406f718c66ec45026f3275.jpg","type":"image\/jpeg"}],"author":"MC","twitter_card":"summary_large_image","twitter_creator":"@webdo_tn","twitter_site":"@webdo_tn","twitter_misc":{"\u00c9crit par":"MC","Dur\u00e9e de lecture estim\u00e9e":"1 minute"},"schema":{"@context":"https:\/\/schema.org","@graph":[{"@type":"NewsArticle","@id":"https:\/\/www.webdo.tn\/fr\/actualite\/national\/en-marge-de-la-visite-de-giorgia-meloni-en-tunisie-la-societe-civile-proteste\/213613\/#article","isPartOf":{"@id":"https:\/\/www.webdo.tn\/fr\/actualite\/national\/en-marge-de-la-visite-de-giorgia-meloni-en-tunisie-la-societe-civile-proteste\/213613\/"},"author":{"name":"MC","@id":"https:\/\/www.webdo.tn\/fr\/#\/schema\/person\/2c4929cbf5a809e3bd38617c6ce150f6"},"headline":"En marge de la visite de Giorgia Meloni en Tunisie, la soci\u00e9t\u00e9 civile proteste","datePublished":"2024-04-17T20:55:00+00:00","dateModified":"2025-05-20T21:51:30+00:00","mainEntityOfPage":{"@id":"https:\/\/www.webdo.tn\/fr\/actualite\/national\/en-marge-de-la-visite-de-giorgia-meloni-en-tunisie-la-societe-civile-proteste\/213613\/"},"wordCount":302,"commentCount":0,"publisher":{"@id":"https:\/\/www.webdo.tn\/fr\/#organization"},"image":{"@id":"https:\/\/www.webdo.tn\/fr\/actualite\/national\/en-marge-de-la-visite-de-giorgia-meloni-en-tunisie-la-societe-civile-proteste\/213613\/#primaryimage"},"thumbnailUrl":"https:\/\/www.webdo.tn\/fr\/wp-content\/uploads\/2024\/04\/680d393d4f406f718c66ec45026f3275.jpg","keywords":["ftdes","giorgia meloni","Italie","Migration","soci\u00e9t\u00e9 civile","Tunisie"],"articleSection":["National"],"inLanguage":"fr-FR"},{"@type":"WebPage","@id":"https:\/\/www.webdo.tn\/fr\/actualite\/national\/en-marge-de-la-visite-de-giorgia-meloni-en-tunisie-la-societe-civile-proteste\/213613\/","url":"https:\/\/www.webdo.tn\/fr\/actualite\/national\/en-marge-de-la-visite-de-giorgia-meloni-en-tunisie-la-societe-civile-proteste\/213613\/","name":"En marge de la visite de Giorgia Meloni en Tunisie, la soci\u00e9t\u00e9 civile proteste","isPartOf":{"@id":"https:\/\/www.webdo.tn\/fr\/#website"},"primaryImageOfPage":{"@id":"https:\/\/www.webdo.tn\/fr\/actualite\/national\/en-marge-de-la-visite-de-giorgia-meloni-en-tunisie-la-societe-civile-proteste\/213613\/#primaryimage"},"image":{"@id":"https:\/\/www.webdo.tn\/fr\/actualite\/national\/en-marge-de-la-visite-de-giorgia-meloni-en-tunisie-la-societe-civile-proteste\/213613\/#primaryimage"},"thumbnailUrl":"https:\/\/www.webdo.tn\/fr\/wp-content\/uploads\/2024\/04\/680d393d4f406f718c66ec45026f3275.jpg","datePublished":"2024-04-17T20:55:00+00:00","dateModified":"2025-05-20T21:51:30+00:00","description":"Le Forum tunisien pour les droits \u00e9conomiques et sociaux (FTDES), l\u2019association La Terre pour tous et de nombreux militants de la soci\u00e9t\u00e9 civile se sont rasse...","breadcrumb":{"@id":"https:\/\/www.webdo.tn\/fr\/actualite\/national\/en-marge-de-la-visite-de-giorgia-meloni-en-tunisie-la-societe-civile-proteste\/213613\/#breadcrumb"},"inLanguage":"fr-FR","potentialAction":[{"@type":"ReadAction","target":["https:\/\/www.webdo.tn\/fr\/actualite\/national\/en-marge-de-la-visite-de-giorgia-meloni-en-tunisie-la-societe-civile-proteste\/213613\/"]}]},{"@type":"ImageObject","inLanguage":"fr-FR","@id":"https:\/\/www.webdo.tn\/fr\/actualite\/national\/en-marge-de-la-visite-de-giorgia-meloni-en-tunisie-la-societe-civile-proteste\/213613\/#primaryimage","url":"https:\/\/www.webdo.tn\/fr\/wp-content\/uploads\/2024\/04\/680d393d4f406f718c66ec45026f3275.jpg","contentUrl":"https:\/\/www.webdo.tn\/fr\/wp-content\/uploads\/2024\/04\/680d393d4f406f718c66ec45026f3275.jpg","width":750,"height":400,"caption":"En marge de la visite de Giorgia Meloni en Tunisie, la soci\u00e9t\u00e9 civile proteste"},{"@type":"BreadcrumbList","@id":"https:\/\/www.webdo.tn\/fr\/actualite\/national\/en-marge-de-la-visite-de-giorgia-meloni-en-tunisie-la-societe-civile-proteste\/213613\/#breadcrumb","itemListElement":[{"@type":"ListItem","position":1,"name":"Accueil","item":"https:\/\/www.webdo.tn\/fr\/"},{"@type":"ListItem","position":2,"name":"En marge de la visite de Giorgia Meloni en Tunisie, la soci\u00e9t\u00e9 civile proteste"}]},{"@type":"WebSite","@id":"https:\/\/www.webdo.tn\/fr\/#website","url":"https:\/\/www.webdo.tn\/fr\/","name":"webdo","description":"Tunisie - News en Tunisie et \u00e0 l&#039;international sur Webdo.tn","publisher":{"@id":"https:\/\/www.webdo.tn\/fr\/#organization"},"potentialAction":[{"@type":"SearchAction","target":{"@type":"EntryPoint","urlTemplate":"https:\/\/www.webdo.tn\/fr\/?s={search_term_string}"},"query-input":{"@type":"PropertyValueSpecification","valueRequired":true,"valueName":"search_term_string"}}],"inLanguage":"fr-FR"},{"@type":"Organization","@id":"https:\/\/www.webdo.tn\/fr\/#organization","name":"Webdo","alternateName":"Webdo.tn","url":"https:\/\/www.webdo.tn\/fr\/","logo":{"@type":"ImageObject","inLanguage":"fr-FR","@id":"https:\/\/www.webdo.tn\/fr\/#\/schema\/logo\/image\/","url":"https:\/\/www.webdo.tn\/fr\/wp-content\/uploads\/2025\/06\/Webdo-Tunisie_168377.jpg","contentUrl":"https:\/\/www.webdo.tn\/fr\/wp-content\/uploads\/2025\/06\/Webdo-Tunisie_168377.jpg","width":301,"height":301,"caption":"Webdo"},"image":{"@id":"https:\/\/www.webdo.tn\/fr\/#\/schema\/logo\/image\/"},"sameAs":["https:\/\/www.facebook.com\/webdotn","https:\/\/x.com\/webdo_tn"],"description":"Webdo est un m\u00e9dia num\u00e9rique tunisien fond\u00e9 en 2010, sp\u00e9cialis\u00e9 dans l\u2019actualit\u00e9 nationale et internationale, l\u2019\u00e9conomie, la soci\u00e9t\u00e9 et les analyses politiques. Le site s\u2019adresse \u00e0 un large public francophone et couvre l\u2019information tunisienne en temps r\u00e9el.","email":"redac@webdo.tn","legalName":"YNJ SARL","foundingDate":"2010-09-06","numberOfEmployees":{"@type":"QuantitativeValue","minValue":"11","maxValue":"50"}},{"@type":"Person","@id":"https:\/\/www.webdo.tn\/fr\/#\/schema\/person\/2c4929cbf5a809e3bd38617c6ce150f6","name":"MC","image":{"@type":"ImageObject","inLanguage":"fr-FR","@id":"https:\/\/secure.gravatar.com\/avatar\/a545bbb6f84efdd5553dbbc2895e3ca8f1d12c5215e00a041c9670b54aa9b18a?s=96&d=mm&r=g","url":"https:\/\/secure.gravatar.com\/avatar\/a545bbb6f84efdd5553dbbc2895e3ca8f1d12c5215e00a041c9670b54aa9b18a?s=96&d=mm&r=g","contentUrl":"https:\/\/secure.gravatar.com\/avatar\/a545bbb6f84efdd5553dbbc2895e3ca8f1d12c5215e00a041c9670b54aa9b18a?s=96&d=mm&r=g","caption":"MC"},"url":"https:\/\/www.webdo.tn\/fr\/actualite\/author\/mc\/"}]}},"_links":{"self":[{"href":"https:\/\/www.webdo.tn\/fr\/wp-json\/wp\/v2\/posts\/213613","targetHints":{"allow":["GET"]}}],"collection":[{"href":"https:\/\/www.webdo.tn\/fr\/wp-json\/wp\/v2\/posts"}],"about":[{"href":"https:\/\/www.webdo.tn\/fr\/wp-json\/wp\/v2\/types\/post"}],"author":[{"embeddable":true,"href":"https:\/\/www.webdo.tn\/fr\/wp-json\/wp\/v2\/users\/3162"}],"replies":[{"embeddable":true,"href":"https:\/\/www.webdo.tn\/fr\/wp-json\/wp\/v2\/comments?post=213613"}],"version-history":[{"count":0,"href":"https:\/\/www.webdo.tn\/fr\/wp-json\/wp\/v2\/posts\/213613\/revisions"}],"wp:featuredmedia":[{"embeddable":true,"href":"https:\/\/www.webdo.tn\/fr\/wp-json\/wp\/v2\/media\/247573"}],"wp:attachment":[{"href":"https:\/\/www.webdo.tn\/fr\/wp-json\/wp\/v2\/media?parent=213613"}],"wp:term":[{"taxonomy":"category","embeddable":true,"href":"https:\/\/www.webdo.tn\/fr\/wp-json\/wp\/v2\/categories?post=213613"},{"taxonomy":"post_tag","embeddable":true,"href":"https:\/\/www.webdo.tn\/fr\/wp-json\/wp\/v2\/tags?post=213613"}],"curies":[{"name":"wp","href":"https:\/\/api.w.org\/{rel}","templated":true}]}}