{"id":213608,"date":"2024-04-17T14:01:00","date_gmt":"2024-04-17T14:01:00","guid":{"rendered":"https:\/\/www.webdo.tn\/fr\/blog\/stuttgart-ons-jabeur-au-2e-tour\/213608\/"},"modified":"2025-05-20T21:51:27","modified_gmt":"2025-05-20T21:51:27","slug":"stuttgart-ons-jabeur-au-2e-tour","status":"publish","type":"post","link":"https:\/\/www.webdo.tn\/fr\/actualite\/sport\/stuttgart-ons-jabeur-au-2e-tour\/213608\/","title":{"rendered":"Stuttgart : Ons Jabeur au 2e tour"},"content":{"rendered":"<p>Ons Jabeur a entam\u00e9 aujourd\u2019hui, sa participation au WTA 500 de Stuttgart en simple. Elle a battu, ce mercredi 17 avril 2024, une veille connaissance, la Russe Ekaterina Alexandrova (16e WTA) pour le compte du 1er tour.<\/p>\n<p>\t\t\t\t\t\t\t\t\tOns Jabeur (9e mondiale) s&rsquo;est qualifi\u00e9e au 2 tour du tournoi \u00a0WTA 500 de Stuttgart en battant la Russe Ekaterina Alexandrova (16e WTA) en trois sets (2-6, 6-3, 7-6) et met fin \u00e0 sa mauvaise s\u00e9rie depuis le d\u00e9but de la saison actuelle.<\/p>\n<p>Par ailleurs, la Tunisienne a jou\u00e9 le 1er tour du double en compagnie de l\u2019Espagnole Paula Badosa. Pour ce premier match, la paire compos\u00e9e d\u2019Ons Jabeur (9e mondiale) et Paula Badosa (93e WTA) s\u2019est impos\u00e9e face \u00e0 la paire compos\u00e9e de la Japonaise Shuko Aoyama (736e) et de l\u2019Ukrainienne Nadiya Kichenok (703e). Jabeur et Badosa ont remport\u00e9 leur match en trois sets (4-6, 7-5, 10-5).<\/p>\n","protected":false},"excerpt":{"rendered":"<p>Ons Jabeur a entam\u00e9 aujourd\u2019hui, sa participation au WTA 500 de Stuttgart en simple. Elle a battu, ce mercredi 17 avril 2024, une veille connaissance, la Russe&#8230;<\/p>\n","protected":false},"author":3162,"featured_media":247568,"comment_status":"open","ping_status":"closed","sticky":false,"template":"","format":"standard","meta":{"footnotes":""},"categories":[2593],"tags":[2604,6660,2691],"class_list":["post-213608","post","type-post","status-publish","format-standard","has-post-thumbnail","hentry","category-sport","tag-ons-jabeur","tag-stuttgart","tag-wta"],"yoast_head":"<!-- This site is optimized with the Yoast SEO Premium plugin v27.4 (Yoast SEO v27.5) - https:\/\/yoast.com\/product\/yoast-seo-premium-wordpress\/ -->\n<title>Stuttgart : Ons Jabeur au 2e tour<\/title>\n<meta name=\"description\" content=\"Ons Jabeur a entam\u00e9 aujourd\u2019hui, sa participation au WTA 500 de Stuttgart en simple. Elle a battu, ce mercredi 17 avril 2024, une veille connaissance, la Russe...\" \/>\n<link rel=\"canonical\" href=\"https:\/\/www.webdo.tn\/fr\/actualite\/sport\/stuttgart-ons-jabeur-au-2e-tour\/213608\/\" \/>\n<meta property=\"og:locale\" content=\"fr_FR\" \/>\n<meta property=\"og:type\" content=\"article\" \/>\n<meta property=\"og:title\" content=\"Stuttgart : Ons Jabeur au 2e tour\" \/>\n<meta property=\"og:description\" content=\"Ons Jabeur a entam\u00e9 aujourd\u2019hui, sa participation au WTA 500 de Stuttgart en simple. Elle a battu, ce mercredi 17 avril 2024, une veille connaissance, la Russe...\" \/>\n<meta property=\"og:url\" content=\"https:\/\/www.webdo.tn\/fr\/actualite\/sport\/stuttgart-ons-jabeur-au-2e-tour\/213608\/\" \/>\n<meta property=\"og:site_name\" content=\"webdo\" \/>\n<meta property=\"article:publisher\" content=\"https:\/\/www.facebook.com\/webdotn\" \/>\n<meta property=\"article:published_time\" content=\"2024-04-17T14:01:00+00:00\" \/>\n<meta property=\"article:modified_time\" content=\"2025-05-20T21:51:27+00:00\" \/>\n<meta property=\"og:image\" content=\"https:\/\/www.webdo.tn\/fr\/wp-content\/uploads\/2024\/04\/d5436566b6e0beab777f2e701d7449f8.jpg\" \/>\n\t<meta property=\"og:image:width\" content=\"750\" \/>\n\t<meta property=\"og:image:height\" content=\"400\" \/>\n\t<meta property=\"og:image:type\" content=\"image\/jpeg\" \/>\n<meta name=\"author\" content=\"MC\" \/>\n<meta name=\"twitter:card\" content=\"summary_large_image\" \/>\n<meta name=\"twitter:creator\" content=\"@webdo_tn\" \/>\n<meta name=\"twitter:site\" content=\"@webdo_tn\" \/>\n<meta name=\"twitter:label1\" content=\"\u00c9crit par\" \/>\n\t<meta name=\"twitter:data1\" content=\"MC\" \/>\n\t<meta name=\"twitter:label2\" content=\"Dur\u00e9e de lecture estim\u00e9e\" \/>\n\t<meta name=\"twitter:data2\" content=\"1 minute\" \/>\n<script type=\"application\/ld+json\" class=\"yoast-schema-graph\">{\"@context\":\"https:\\\/\\\/schema.org\",\"@graph\":[{\"@type\":\"NewsArticle\",\"@id\":\"https:\\\/\\\/www.webdo.tn\\\/fr\\\/actualite\\\/sport\\\/stuttgart-ons-jabeur-au-2e-tour\\\/213608\\\/#article\",\"isPartOf\":{\"@id\":\"https:\\\/\\\/www.webdo.tn\\\/fr\\\/actualite\\\/sport\\\/stuttgart-ons-jabeur-au-2e-tour\\\/213608\\\/\"},\"author\":{\"name\":\"MC\",\"@id\":\"https:\\\/\\\/www.webdo.tn\\\/fr\\\/#\\\/schema\\\/person\\\/2c4929cbf5a809e3bd38617c6ce150f6\"},\"headline\":\"Stuttgart : Ons Jabeur au 2e tour\",\"datePublished\":\"2024-04-17T14:01:00+00:00\",\"dateModified\":\"2025-05-20T21:51:27+00:00\",\"mainEntityOfPage\":{\"@id\":\"https:\\\/\\\/www.webdo.tn\\\/fr\\\/actualite\\\/sport\\\/stuttgart-ons-jabeur-au-2e-tour\\\/213608\\\/\"},\"wordCount\":156,\"commentCount\":0,\"publisher\":{\"@id\":\"https:\\\/\\\/www.webdo.tn\\\/fr\\\/#organization\"},\"image\":{\"@id\":\"https:\\\/\\\/www.webdo.tn\\\/fr\\\/actualite\\\/sport\\\/stuttgart-ons-jabeur-au-2e-tour\\\/213608\\\/#primaryimage\"},\"thumbnailUrl\":\"https:\\\/\\\/www.webdo.tn\\\/fr\\\/wp-content\\\/uploads\\\/2024\\\/04\\\/d5436566b6e0beab777f2e701d7449f8.jpg\",\"keywords\":[\"Ons Jabeur\",\"stuttgart\",\"WTA\"],\"articleSection\":[\"Sport\"],\"inLanguage\":\"fr-FR\"},{\"@type\":\"WebPage\",\"@id\":\"https:\\\/\\\/www.webdo.tn\\\/fr\\\/actualite\\\/sport\\\/stuttgart-ons-jabeur-au-2e-tour\\\/213608\\\/\",\"url\":\"https:\\\/\\\/www.webdo.tn\\\/fr\\\/actualite\\\/sport\\\/stuttgart-ons-jabeur-au-2e-tour\\\/213608\\\/\",\"name\":\"Stuttgart : Ons Jabeur au 2e tour\",\"isPartOf\":{\"@id\":\"https:\\\/\\\/www.webdo.tn\\\/fr\\\/#website\"},\"primaryImageOfPage\":{\"@id\":\"https:\\\/\\\/www.webdo.tn\\\/fr\\\/actualite\\\/sport\\\/stuttgart-ons-jabeur-au-2e-tour\\\/213608\\\/#primaryimage\"},\"image\":{\"@id\":\"https:\\\/\\\/www.webdo.tn\\\/fr\\\/actualite\\\/sport\\\/stuttgart-ons-jabeur-au-2e-tour\\\/213608\\\/#primaryimage\"},\"thumbnailUrl\":\"https:\\\/\\\/www.webdo.tn\\\/fr\\\/wp-content\\\/uploads\\\/2024\\\/04\\\/d5436566b6e0beab777f2e701d7449f8.jpg\",\"datePublished\":\"2024-04-17T14:01:00+00:00\",\"dateModified\":\"2025-05-20T21:51:27+00:00\",\"description\":\"Ons Jabeur a entam\u00e9 aujourd\u2019hui, sa participation au WTA 500 de Stuttgart en simple. Elle a battu, ce mercredi 17 avril 2024, une veille connaissance, la Russe...\",\"breadcrumb\":{\"@id\":\"https:\\\/\\\/www.webdo.tn\\\/fr\\\/actualite\\\/sport\\\/stuttgart-ons-jabeur-au-2e-tour\\\/213608\\\/#breadcrumb\"},\"inLanguage\":\"fr-FR\",\"potentialAction\":[{\"@type\":\"ReadAction\",\"target\":[\"https:\\\/\\\/www.webdo.tn\\\/fr\\\/actualite\\\/sport\\\/stuttgart-ons-jabeur-au-2e-tour\\\/213608\\\/\"]}]},{\"@type\":\"ImageObject\",\"inLanguage\":\"fr-FR\",\"@id\":\"https:\\\/\\\/www.webdo.tn\\\/fr\\\/actualite\\\/sport\\\/stuttgart-ons-jabeur-au-2e-tour\\\/213608\\\/#primaryimage\",\"url\":\"https:\\\/\\\/www.webdo.tn\\\/fr\\\/wp-content\\\/uploads\\\/2024\\\/04\\\/d5436566b6e0beab777f2e701d7449f8.jpg\",\"contentUrl\":\"https:\\\/\\\/www.webdo.tn\\\/fr\\\/wp-content\\\/uploads\\\/2024\\\/04\\\/d5436566b6e0beab777f2e701d7449f8.jpg\",\"width\":750,\"height\":400,\"caption\":\"Stuttgart : Ons Jabeur au 2e tour\"},{\"@type\":\"BreadcrumbList\",\"@id\":\"https:\\\/\\\/www.webdo.tn\\\/fr\\\/actualite\\\/sport\\\/stuttgart-ons-jabeur-au-2e-tour\\\/213608\\\/#breadcrumb\",\"itemListElement\":[{\"@type\":\"ListItem\",\"position\":1,\"name\":\"Accueil\",\"item\":\"https:\\\/\\\/www.webdo.tn\\\/fr\\\/\"},{\"@type\":\"ListItem\",\"position\":2,\"name\":\"Stuttgart : Ons Jabeur au 2e tour\"}]},{\"@type\":\"WebSite\",\"@id\":\"https:\\\/\\\/www.webdo.tn\\\/fr\\\/#website\",\"url\":\"https:\\\/\\\/www.webdo.tn\\\/fr\\\/\",\"name\":\"webdo\",\"description\":\"Tunisie - News en Tunisie et \u00e0 l&#039;international sur Webdo.tn\",\"publisher\":{\"@id\":\"https:\\\/\\\/www.webdo.tn\\\/fr\\\/#organization\"},\"potentialAction\":[{\"@type\":\"SearchAction\",\"target\":{\"@type\":\"EntryPoint\",\"urlTemplate\":\"https:\\\/\\\/www.webdo.tn\\\/fr\\\/?s={search_term_string}\"},\"query-input\":{\"@type\":\"PropertyValueSpecification\",\"valueRequired\":true,\"valueName\":\"search_term_string\"}}],\"inLanguage\":\"fr-FR\"},{\"@type\":\"Organization\",\"@id\":\"https:\\\/\\\/www.webdo.tn\\\/fr\\\/#organization\",\"name\":\"Webdo\",\"alternateName\":\"Webdo.tn\",\"url\":\"https:\\\/\\\/www.webdo.tn\\\/fr\\\/\",\"logo\":{\"@type\":\"ImageObject\",\"inLanguage\":\"fr-FR\",\"@id\":\"https:\\\/\\\/www.webdo.tn\\\/fr\\\/#\\\/schema\\\/logo\\\/image\\\/\",\"url\":\"https:\\\/\\\/www.webdo.tn\\\/fr\\\/wp-content\\\/uploads\\\/2025\\\/06\\\/Webdo-Tunisie_168377.jpg\",\"contentUrl\":\"https:\\\/\\\/www.webdo.tn\\\/fr\\\/wp-content\\\/uploads\\\/2025\\\/06\\\/Webdo-Tunisie_168377.jpg\",\"width\":301,\"height\":301,\"caption\":\"Webdo\"},\"image\":{\"@id\":\"https:\\\/\\\/www.webdo.tn\\\/fr\\\/#\\\/schema\\\/logo\\\/image\\\/\"},\"sameAs\":[\"https:\\\/\\\/www.facebook.com\\\/webdotn\",\"https:\\\/\\\/x.com\\\/webdo_tn\"],\"description\":\"Webdo est un m\u00e9dia num\u00e9rique tunisien fond\u00e9 en 2010, sp\u00e9cialis\u00e9 dans l\u2019actualit\u00e9 nationale et internationale, l\u2019\u00e9conomie, la soci\u00e9t\u00e9 et les analyses politiques. Le site s\u2019adresse \u00e0 un large public francophone et couvre l\u2019information tunisienne en temps r\u00e9el.\",\"email\":\"redac@webdo.tn\",\"legalName\":\"YNJ SARL\",\"foundingDate\":\"2010-09-06\",\"numberOfEmployees\":{\"@type\":\"QuantitativeValue\",\"minValue\":\"11\",\"maxValue\":\"50\"}},{\"@type\":\"Person\",\"@id\":\"https:\\\/\\\/www.webdo.tn\\\/fr\\\/#\\\/schema\\\/person\\\/2c4929cbf5a809e3bd38617c6ce150f6\",\"name\":\"MC\",\"image\":{\"@type\":\"ImageObject\",\"inLanguage\":\"fr-FR\",\"@id\":\"https:\\\/\\\/secure.gravatar.com\\\/avatar\\\/a545bbb6f84efdd5553dbbc2895e3ca8f1d12c5215e00a041c9670b54aa9b18a?s=96&d=mm&r=g\",\"url\":\"https:\\\/\\\/secure.gravatar.com\\\/avatar\\\/a545bbb6f84efdd5553dbbc2895e3ca8f1d12c5215e00a041c9670b54aa9b18a?s=96&d=mm&r=g\",\"contentUrl\":\"https:\\\/\\\/secure.gravatar.com\\\/avatar\\\/a545bbb6f84efdd5553dbbc2895e3ca8f1d12c5215e00a041c9670b54aa9b18a?s=96&d=mm&r=g\",\"caption\":\"MC\"},\"url\":\"https:\\\/\\\/www.webdo.tn\\\/fr\\\/actualite\\\/author\\\/mc\\\/\"}]}<\/script>\n<!-- \/ Yoast SEO Premium plugin. -->","yoast_head_json":{"title":"Stuttgart : Ons Jabeur au 2e tour","description":"Ons Jabeur a entam\u00e9 aujourd\u2019hui, sa participation au WTA 500 de Stuttgart en simple. Elle a battu, ce mercredi 17 avril 2024, une veille connaissance, la Russe...","canonical":"https:\/\/www.webdo.tn\/fr\/actualite\/sport\/stuttgart-ons-jabeur-au-2e-tour\/213608\/","og_locale":"fr_FR","og_type":"article","og_title":"Stuttgart : Ons Jabeur au 2e tour","og_description":"Ons Jabeur a entam\u00e9 aujourd\u2019hui, sa participation au WTA 500 de Stuttgart en simple. Elle a battu, ce mercredi 17 avril 2024, une veille connaissance, la Russe...","og_url":"https:\/\/www.webdo.tn\/fr\/actualite\/sport\/stuttgart-ons-jabeur-au-2e-tour\/213608\/","og_site_name":"webdo","article_publisher":"https:\/\/www.facebook.com\/webdotn","article_published_time":"2024-04-17T14:01:00+00:00","article_modified_time":"2025-05-20T21:51:27+00:00","og_image":[{"width":750,"height":400,"url":"https:\/\/www.webdo.tn\/fr\/wp-content\/uploads\/2024\/04\/d5436566b6e0beab777f2e701d7449f8.jpg","type":"image\/jpeg"}],"author":"MC","twitter_card":"summary_large_image","twitter_creator":"@webdo_tn","twitter_site":"@webdo_tn","twitter_misc":{"\u00c9crit par":"MC","Dur\u00e9e de lecture estim\u00e9e":"1 minute"},"schema":{"@context":"https:\/\/schema.org","@graph":[{"@type":"NewsArticle","@id":"https:\/\/www.webdo.tn\/fr\/actualite\/sport\/stuttgart-ons-jabeur-au-2e-tour\/213608\/#article","isPartOf":{"@id":"https:\/\/www.webdo.tn\/fr\/actualite\/sport\/stuttgart-ons-jabeur-au-2e-tour\/213608\/"},"author":{"name":"MC","@id":"https:\/\/www.webdo.tn\/fr\/#\/schema\/person\/2c4929cbf5a809e3bd38617c6ce150f6"},"headline":"Stuttgart : Ons Jabeur au 2e tour","datePublished":"2024-04-17T14:01:00+00:00","dateModified":"2025-05-20T21:51:27+00:00","mainEntityOfPage":{"@id":"https:\/\/www.webdo.tn\/fr\/actualite\/sport\/stuttgart-ons-jabeur-au-2e-tour\/213608\/"},"wordCount":156,"commentCount":0,"publisher":{"@id":"https:\/\/www.webdo.tn\/fr\/#organization"},"image":{"@id":"https:\/\/www.webdo.tn\/fr\/actualite\/sport\/stuttgart-ons-jabeur-au-2e-tour\/213608\/#primaryimage"},"thumbnailUrl":"https:\/\/www.webdo.tn\/fr\/wp-content\/uploads\/2024\/04\/d5436566b6e0beab777f2e701d7449f8.jpg","keywords":["Ons Jabeur","stuttgart","WTA"],"articleSection":["Sport"],"inLanguage":"fr-FR"},{"@type":"WebPage","@id":"https:\/\/www.webdo.tn\/fr\/actualite\/sport\/stuttgart-ons-jabeur-au-2e-tour\/213608\/","url":"https:\/\/www.webdo.tn\/fr\/actualite\/sport\/stuttgart-ons-jabeur-au-2e-tour\/213608\/","name":"Stuttgart : Ons Jabeur au 2e tour","isPartOf":{"@id":"https:\/\/www.webdo.tn\/fr\/#website"},"primaryImageOfPage":{"@id":"https:\/\/www.webdo.tn\/fr\/actualite\/sport\/stuttgart-ons-jabeur-au-2e-tour\/213608\/#primaryimage"},"image":{"@id":"https:\/\/www.webdo.tn\/fr\/actualite\/sport\/stuttgart-ons-jabeur-au-2e-tour\/213608\/#primaryimage"},"thumbnailUrl":"https:\/\/www.webdo.tn\/fr\/wp-content\/uploads\/2024\/04\/d5436566b6e0beab777f2e701d7449f8.jpg","datePublished":"2024-04-17T14:01:00+00:00","dateModified":"2025-05-20T21:51:27+00:00","description":"Ons Jabeur a entam\u00e9 aujourd\u2019hui, sa participation au WTA 500 de Stuttgart en simple. Elle a battu, ce mercredi 17 avril 2024, une veille connaissance, la Russe...","breadcrumb":{"@id":"https:\/\/www.webdo.tn\/fr\/actualite\/sport\/stuttgart-ons-jabeur-au-2e-tour\/213608\/#breadcrumb"},"inLanguage":"fr-FR","potentialAction":[{"@type":"ReadAction","target":["https:\/\/www.webdo.tn\/fr\/actualite\/sport\/stuttgart-ons-jabeur-au-2e-tour\/213608\/"]}]},{"@type":"ImageObject","inLanguage":"fr-FR","@id":"https:\/\/www.webdo.tn\/fr\/actualite\/sport\/stuttgart-ons-jabeur-au-2e-tour\/213608\/#primaryimage","url":"https:\/\/www.webdo.tn\/fr\/wp-content\/uploads\/2024\/04\/d5436566b6e0beab777f2e701d7449f8.jpg","contentUrl":"https:\/\/www.webdo.tn\/fr\/wp-content\/uploads\/2024\/04\/d5436566b6e0beab777f2e701d7449f8.jpg","width":750,"height":400,"caption":"Stuttgart : Ons Jabeur au 2e tour"},{"@type":"BreadcrumbList","@id":"https:\/\/www.webdo.tn\/fr\/actualite\/sport\/stuttgart-ons-jabeur-au-2e-tour\/213608\/#breadcrumb","itemListElement":[{"@type":"ListItem","position":1,"name":"Accueil","item":"https:\/\/www.webdo.tn\/fr\/"},{"@type":"ListItem","position":2,"name":"Stuttgart : Ons Jabeur au 2e tour"}]},{"@type":"WebSite","@id":"https:\/\/www.webdo.tn\/fr\/#website","url":"https:\/\/www.webdo.tn\/fr\/","name":"webdo","description":"Tunisie - News en Tunisie et \u00e0 l&#039;international sur Webdo.tn","publisher":{"@id":"https:\/\/www.webdo.tn\/fr\/#organization"},"potentialAction":[{"@type":"SearchAction","target":{"@type":"EntryPoint","urlTemplate":"https:\/\/www.webdo.tn\/fr\/?s={search_term_string}"},"query-input":{"@type":"PropertyValueSpecification","valueRequired":true,"valueName":"search_term_string"}}],"inLanguage":"fr-FR"},{"@type":"Organization","@id":"https:\/\/www.webdo.tn\/fr\/#organization","name":"Webdo","alternateName":"Webdo.tn","url":"https:\/\/www.webdo.tn\/fr\/","logo":{"@type":"ImageObject","inLanguage":"fr-FR","@id":"https:\/\/www.webdo.tn\/fr\/#\/schema\/logo\/image\/","url":"https:\/\/www.webdo.tn\/fr\/wp-content\/uploads\/2025\/06\/Webdo-Tunisie_168377.jpg","contentUrl":"https:\/\/www.webdo.tn\/fr\/wp-content\/uploads\/2025\/06\/Webdo-Tunisie_168377.jpg","width":301,"height":301,"caption":"Webdo"},"image":{"@id":"https:\/\/www.webdo.tn\/fr\/#\/schema\/logo\/image\/"},"sameAs":["https:\/\/www.facebook.com\/webdotn","https:\/\/x.com\/webdo_tn"],"description":"Webdo est un m\u00e9dia num\u00e9rique tunisien fond\u00e9 en 2010, sp\u00e9cialis\u00e9 dans l\u2019actualit\u00e9 nationale et internationale, l\u2019\u00e9conomie, la soci\u00e9t\u00e9 et les analyses politiques. Le site s\u2019adresse \u00e0 un large public francophone et couvre l\u2019information tunisienne en temps r\u00e9el.","email":"redac@webdo.tn","legalName":"YNJ SARL","foundingDate":"2010-09-06","numberOfEmployees":{"@type":"QuantitativeValue","minValue":"11","maxValue":"50"}},{"@type":"Person","@id":"https:\/\/www.webdo.tn\/fr\/#\/schema\/person\/2c4929cbf5a809e3bd38617c6ce150f6","name":"MC","image":{"@type":"ImageObject","inLanguage":"fr-FR","@id":"https:\/\/secure.gravatar.com\/avatar\/a545bbb6f84efdd5553dbbc2895e3ca8f1d12c5215e00a041c9670b54aa9b18a?s=96&d=mm&r=g","url":"https:\/\/secure.gravatar.com\/avatar\/a545bbb6f84efdd5553dbbc2895e3ca8f1d12c5215e00a041c9670b54aa9b18a?s=96&d=mm&r=g","contentUrl":"https:\/\/secure.gravatar.com\/avatar\/a545bbb6f84efdd5553dbbc2895e3ca8f1d12c5215e00a041c9670b54aa9b18a?s=96&d=mm&r=g","caption":"MC"},"url":"https:\/\/www.webdo.tn\/fr\/actualite\/author\/mc\/"}]}},"_links":{"self":[{"href":"https:\/\/www.webdo.tn\/fr\/wp-json\/wp\/v2\/posts\/213608","targetHints":{"allow":["GET"]}}],"collection":[{"href":"https:\/\/www.webdo.tn\/fr\/wp-json\/wp\/v2\/posts"}],"about":[{"href":"https:\/\/www.webdo.tn\/fr\/wp-json\/wp\/v2\/types\/post"}],"author":[{"embeddable":true,"href":"https:\/\/www.webdo.tn\/fr\/wp-json\/wp\/v2\/users\/3162"}],"replies":[{"embeddable":true,"href":"https:\/\/www.webdo.tn\/fr\/wp-json\/wp\/v2\/comments?post=213608"}],"version-history":[{"count":0,"href":"https:\/\/www.webdo.tn\/fr\/wp-json\/wp\/v2\/posts\/213608\/revisions"}],"wp:featuredmedia":[{"embeddable":true,"href":"https:\/\/www.webdo.tn\/fr\/wp-json\/wp\/v2\/media\/247568"}],"wp:attachment":[{"href":"https:\/\/www.webdo.tn\/fr\/wp-json\/wp\/v2\/media?parent=213608"}],"wp:term":[{"taxonomy":"category","embeddable":true,"href":"https:\/\/www.webdo.tn\/fr\/wp-json\/wp\/v2\/categories?post=213608"},{"taxonomy":"post_tag","embeddable":true,"href":"https:\/\/www.webdo.tn\/fr\/wp-json\/wp\/v2\/tags?post=213608"}],"curies":[{"name":"wp","href":"https:\/\/api.w.org\/{rel}","templated":true}]}}