{"id":213592,"date":"2024-04-16T21:22:00","date_gmt":"2024-04-16T21:22:00","guid":{"rendered":"https:\/\/www.webdo.tn\/fr\/blog\/affaire-du-complot-contre-la-surete-de-l-etat-charges-retenues-contre-40-accuses\/213592\/"},"modified":"2025-05-20T22:12:53","modified_gmt":"2025-05-20T22:12:53","slug":"affaire-du-complot-contre-la-surete-de-l-etat-charges-retenues-contre-40-accuses","status":"publish","type":"post","link":"https:\/\/www.webdo.tn\/fr\/actualite\/national\/affaire-du-complot-contre-la-surete-de-l-etat-charges-retenues-contre-40-accuses\/213592\/","title":{"rendered":"Affaire du complot contre la s\u00fbret\u00e9 de l\u2019Etat : Charges retenues contre 40 accus\u00e9s"},"content":{"rendered":"<p>Le juge d&rsquo;instruction ayant d\u00e9cid\u00e9 de cl\u00f4turer l&rsquo;instruction dans l\u2019affaire du complot contre la s\u00fbret\u00e9 de l\u2019\u00c9tat et de transmettre le dossier \u00e0 la chambre criminelle pr\u00e8s le tribunal de premi\u00e8re instance de Tunis, les chefs d\u2019accusation ont \u00e9t\u00e9 \u00e9mis contre les inculp\u00e9s.<\/p>\n<p>\t\t\t\t\t\t\t\t\tLe juge d&rsquo;instruction a d\u00e9cid\u00e9, lundi 15 avril 2024, de cl\u00f4turer l&rsquo;instruction et de transmettre le dossier de l\u2019affaire du complot contre la s\u00fbret\u00e9 de l\u2019Etat \u00e0 la chambre criminelle pr\u00e8s le tribunal de premi\u00e8re instance de Tunis.<\/p>\n<p>Selon Samir Dilou, membre du collectif de d\u00e9fense des accus\u00e9s dans ladite affaire, 41 accus\u00e9s dont certains d\u00e9tenus et d\u2019autres en \u00e9tat de libert\u00e9 ont \u00e9t\u00e9 convoqu\u00e9s par le juge d\u2019instruction.<\/p>\n<p>Selon Hanen Gaddes, porte-parole du P\u00f4le judiciaire de lutte contre le terrorisme, ce sont 52 accus\u00e9s qui ont \u00e9t\u00e9 d\u00e9f\u00e9r\u00e9s dans le dossier d&rsquo;enqu\u00eate de cette affaire, a-t-elle indiqu\u00e9 ce mardi 16 avril 2024 sur les ondes de Mosaique fm, pr\u00e9cisant que des charges ont \u00e9t\u00e9 retenues contre 40 d&rsquo;entre eux, tandis que l\u2019affaire a \u00e9t\u00e9 class\u00e9e pour 12 autres.<\/p>\n<p>Dalila Msaddek, membre du collectif de d\u00e9fense des d\u00e9tenus a rappel\u00e9, aujourd\u2019hui, que la Chambre d&rsquo;accusation a inculp\u00e9 Khayem Turki, Kamel Leta\u00efef et Noureddine Bhiri de participation \u00e0 une entente terroriste, de financement du terrorisme, de complot contre la s\u00fbret\u00e9 de l&rsquo;Etat et d&rsquo;offense au pr\u00e9sident de la R\u00e9publique.<\/p>\n<p>Ghazi Chaouachi et Jawhar Ben Mbarek, quant \u00e0 eux, ont \u00e9t\u00e9 inculp\u00e9s de participation \u00e0 une entente terroriste, de non-d\u00e9nonciation d&rsquo;un crime terroriste, de complot contre la s\u00fbret\u00e9 int\u00e9rieure et ext\u00e9rieure de l&rsquo;Etat et d&rsquo;offense au pr\u00e9sident de la R\u00e9publique.<\/p>\n<p>Ridha Belhaj, Issam Chebbi et Abdelhamid Jelassi ont \u00e9t\u00e9 accus\u00e9s d&rsquo;avoir particip\u00e9 \u00e0 une entente terroriste, de non-d\u00e9nonciation d&rsquo;un crime terroriste et de complot contre la s\u00fbret\u00e9 int\u00e9rieure et ext\u00e9rieure de l&rsquo;Etat.<\/p>\n","protected":false},"excerpt":{"rendered":"<p>Selon Hanen Gaddes, porte-parole du P\u00f4le judiciaire de lutte contre le terrorisme, ce sont 52 accus\u00e9s qui ont \u00e9t\u00e9 d\u00e9f\u00e9r\u00e9s dans le dossier d&rsquo;enqu\u00eate de cette aff&#8230;<\/p>\n","protected":false},"author":3162,"featured_media":290497,"comment_status":"open","ping_status":"closed","sticky":false,"template":"","format":"standard","meta":{"footnotes":""},"categories":[44],"tags":[2681,8673,3784,2619,5346,2608],"class_list":["post-213592","post","type-post","status-publish","format-standard","has-post-thumbnail","hentry","category-national","tag-accuses","tag-charges","tag-complot","tag-justice","tag-surete-de-letat","tag-tunisie"],"yoast_head":"<!-- This site is optimized with the Yoast SEO Premium plugin v27.4 (Yoast SEO v27.5) - https:\/\/yoast.com\/product\/yoast-seo-premium-wordpress\/ -->\n<title>Affaire du complot contre la s\u00fbret\u00e9 de l\u2019Etat : Charges retenues contre 40 accus\u00e9s<\/title>\n<meta name=\"description\" content=\"Selon Hanen Gaddes, porte-parole du P\u00f4le judiciaire de lutte contre le terrorisme, ce sont 52 accus\u00e9s qui ont \u00e9t\u00e9 d\u00e9f\u00e9r\u00e9s dans le dossier d&#039;enqu\u00eate de cette aff...\" \/>\n<link rel=\"canonical\" href=\"https:\/\/www.webdo.tn\/fr\/actualite\/national\/affaire-du-complot-contre-la-surete-de-l-etat-charges-retenues-contre-40-accuses\/213592\/\" \/>\n<meta property=\"og:locale\" content=\"fr_FR\" \/>\n<meta property=\"og:type\" content=\"article\" \/>\n<meta property=\"og:title\" content=\"Affaire du complot contre la s\u00fbret\u00e9 de l\u2019Etat : Charges retenues contre 40 accus\u00e9s\" \/>\n<meta property=\"og:description\" content=\"Selon Hanen Gaddes, porte-parole du P\u00f4le judiciaire de lutte contre le terrorisme, ce sont 52 accus\u00e9s qui ont \u00e9t\u00e9 d\u00e9f\u00e9r\u00e9s dans le dossier d&#039;enqu\u00eate de cette aff...\" \/>\n<meta property=\"og:url\" content=\"https:\/\/www.webdo.tn\/fr\/actualite\/national\/affaire-du-complot-contre-la-surete-de-l-etat-charges-retenues-contre-40-accuses\/213592\/\" \/>\n<meta property=\"og:site_name\" content=\"webdo\" \/>\n<meta property=\"article:publisher\" content=\"https:\/\/www.facebook.com\/webdotn\" \/>\n<meta property=\"article:published_time\" content=\"2024-04-16T21:22:00+00:00\" \/>\n<meta property=\"article:modified_time\" content=\"2025-05-20T22:12:53+00:00\" \/>\n<meta property=\"og:image\" content=\"https:\/\/www.webdo.tn\/fr\/wp-content\/uploads\/2024\/04\/42f8386aad0ad53e61a800c18cc4152e.jpg\" \/>\n\t<meta property=\"og:image:width\" content=\"750\" \/>\n\t<meta property=\"og:image:height\" content=\"400\" \/>\n\t<meta property=\"og:image:type\" content=\"image\/jpeg\" \/>\n<meta name=\"author\" content=\"MC\" \/>\n<meta name=\"twitter:card\" content=\"summary_large_image\" \/>\n<meta name=\"twitter:creator\" content=\"@webdo_tn\" \/>\n<meta name=\"twitter:site\" content=\"@webdo_tn\" \/>\n<meta name=\"twitter:label1\" content=\"\u00c9crit par\" \/>\n\t<meta name=\"twitter:data1\" content=\"MC\" \/>\n\t<meta name=\"twitter:label2\" content=\"Dur\u00e9e de lecture estim\u00e9e\" \/>\n\t<meta name=\"twitter:data2\" content=\"2 minutes\" \/>\n<script type=\"application\/ld+json\" class=\"yoast-schema-graph\">{\"@context\":\"https:\\\/\\\/schema.org\",\"@graph\":[{\"@type\":\"NewsArticle\",\"@id\":\"https:\\\/\\\/www.webdo.tn\\\/fr\\\/actualite\\\/national\\\/affaire-du-complot-contre-la-surete-de-l-etat-charges-retenues-contre-40-accuses\\\/213592\\\/#article\",\"isPartOf\":{\"@id\":\"https:\\\/\\\/www.webdo.tn\\\/fr\\\/actualite\\\/national\\\/affaire-du-complot-contre-la-surete-de-l-etat-charges-retenues-contre-40-accuses\\\/213592\\\/\"},\"author\":{\"name\":\"MC\",\"@id\":\"https:\\\/\\\/www.webdo.tn\\\/fr\\\/#\\\/schema\\\/person\\\/2c4929cbf5a809e3bd38617c6ce150f6\"},\"headline\":\"Affaire du complot contre la s\u00fbret\u00e9 de l\u2019Etat : Charges retenues contre 40 accus\u00e9s\",\"datePublished\":\"2024-04-16T21:22:00+00:00\",\"dateModified\":\"2025-05-20T22:12:53+00:00\",\"mainEntityOfPage\":{\"@id\":\"https:\\\/\\\/www.webdo.tn\\\/fr\\\/actualite\\\/national\\\/affaire-du-complot-contre-la-surete-de-l-etat-charges-retenues-contre-40-accuses\\\/213592\\\/\"},\"wordCount\":360,\"commentCount\":0,\"publisher\":{\"@id\":\"https:\\\/\\\/www.webdo.tn\\\/fr\\\/#organization\"},\"image\":{\"@id\":\"https:\\\/\\\/www.webdo.tn\\\/fr\\\/actualite\\\/national\\\/affaire-du-complot-contre-la-surete-de-l-etat-charges-retenues-contre-40-accuses\\\/213592\\\/#primaryimage\"},\"thumbnailUrl\":\"https:\\\/\\\/www.webdo.tn\\\/fr\\\/wp-content\\\/uploads\\\/2024\\\/04\\\/42f8386aad0ad53e61a800c18cc4152e.jpg\",\"keywords\":[\"accus\u00e9s\",\"charges\",\"complot\",\"justice\",\"s\u00fbret\u00e9 de l'\u00e9tat\",\"Tunisie\"],\"articleSection\":[\"National\"],\"inLanguage\":\"fr-FR\"},{\"@type\":\"WebPage\",\"@id\":\"https:\\\/\\\/www.webdo.tn\\\/fr\\\/actualite\\\/national\\\/affaire-du-complot-contre-la-surete-de-l-etat-charges-retenues-contre-40-accuses\\\/213592\\\/\",\"url\":\"https:\\\/\\\/www.webdo.tn\\\/fr\\\/actualite\\\/national\\\/affaire-du-complot-contre-la-surete-de-l-etat-charges-retenues-contre-40-accuses\\\/213592\\\/\",\"name\":\"Affaire du complot contre la s\u00fbret\u00e9 de l\u2019Etat : Charges retenues contre 40 accus\u00e9s\",\"isPartOf\":{\"@id\":\"https:\\\/\\\/www.webdo.tn\\\/fr\\\/#website\"},\"primaryImageOfPage\":{\"@id\":\"https:\\\/\\\/www.webdo.tn\\\/fr\\\/actualite\\\/national\\\/affaire-du-complot-contre-la-surete-de-l-etat-charges-retenues-contre-40-accuses\\\/213592\\\/#primaryimage\"},\"image\":{\"@id\":\"https:\\\/\\\/www.webdo.tn\\\/fr\\\/actualite\\\/national\\\/affaire-du-complot-contre-la-surete-de-l-etat-charges-retenues-contre-40-accuses\\\/213592\\\/#primaryimage\"},\"thumbnailUrl\":\"https:\\\/\\\/www.webdo.tn\\\/fr\\\/wp-content\\\/uploads\\\/2024\\\/04\\\/42f8386aad0ad53e61a800c18cc4152e.jpg\",\"datePublished\":\"2024-04-16T21:22:00+00:00\",\"dateModified\":\"2025-05-20T22:12:53+00:00\",\"description\":\"Selon Hanen Gaddes, porte-parole du P\u00f4le judiciaire de lutte contre le terrorisme, ce sont 52 accus\u00e9s qui ont \u00e9t\u00e9 d\u00e9f\u00e9r\u00e9s dans le dossier d'enqu\u00eate de cette aff...\",\"breadcrumb\":{\"@id\":\"https:\\\/\\\/www.webdo.tn\\\/fr\\\/actualite\\\/national\\\/affaire-du-complot-contre-la-surete-de-l-etat-charges-retenues-contre-40-accuses\\\/213592\\\/#breadcrumb\"},\"inLanguage\":\"fr-FR\",\"potentialAction\":[{\"@type\":\"ReadAction\",\"target\":[\"https:\\\/\\\/www.webdo.tn\\\/fr\\\/actualite\\\/national\\\/affaire-du-complot-contre-la-surete-de-l-etat-charges-retenues-contre-40-accuses\\\/213592\\\/\"]}]},{\"@type\":\"ImageObject\",\"inLanguage\":\"fr-FR\",\"@id\":\"https:\\\/\\\/www.webdo.tn\\\/fr\\\/actualite\\\/national\\\/affaire-du-complot-contre-la-surete-de-l-etat-charges-retenues-contre-40-accuses\\\/213592\\\/#primaryimage\",\"url\":\"https:\\\/\\\/www.webdo.tn\\\/fr\\\/wp-content\\\/uploads\\\/2024\\\/04\\\/42f8386aad0ad53e61a800c18cc4152e.jpg\",\"contentUrl\":\"https:\\\/\\\/www.webdo.tn\\\/fr\\\/wp-content\\\/uploads\\\/2024\\\/04\\\/42f8386aad0ad53e61a800c18cc4152e.jpg\",\"width\":750,\"height\":400,\"caption\":\"Affaire du complot contre la s\u00fbret\u00e9 de l\u2019Etat : Charges retenues contre 40 accus\u00e9s\"},{\"@type\":\"BreadcrumbList\",\"@id\":\"https:\\\/\\\/www.webdo.tn\\\/fr\\\/actualite\\\/national\\\/affaire-du-complot-contre-la-surete-de-l-etat-charges-retenues-contre-40-accuses\\\/213592\\\/#breadcrumb\",\"itemListElement\":[{\"@type\":\"ListItem\",\"position\":1,\"name\":\"Accueil\",\"item\":\"https:\\\/\\\/www.webdo.tn\\\/fr\\\/\"},{\"@type\":\"ListItem\",\"position\":2,\"name\":\"Affaire du complot contre la s\u00fbret\u00e9 de l\u2019Etat : Charges retenues contre 40 accus\u00e9s\"}]},{\"@type\":\"WebSite\",\"@id\":\"https:\\\/\\\/www.webdo.tn\\\/fr\\\/#website\",\"url\":\"https:\\\/\\\/www.webdo.tn\\\/fr\\\/\",\"name\":\"webdo\",\"description\":\"Tunisie - News en Tunisie et \u00e0 l&#039;international sur Webdo.tn\",\"publisher\":{\"@id\":\"https:\\\/\\\/www.webdo.tn\\\/fr\\\/#organization\"},\"potentialAction\":[{\"@type\":\"SearchAction\",\"target\":{\"@type\":\"EntryPoint\",\"urlTemplate\":\"https:\\\/\\\/www.webdo.tn\\\/fr\\\/?s={search_term_string}\"},\"query-input\":{\"@type\":\"PropertyValueSpecification\",\"valueRequired\":true,\"valueName\":\"search_term_string\"}}],\"inLanguage\":\"fr-FR\"},{\"@type\":\"Organization\",\"@id\":\"https:\\\/\\\/www.webdo.tn\\\/fr\\\/#organization\",\"name\":\"Webdo\",\"alternateName\":\"Webdo.tn\",\"url\":\"https:\\\/\\\/www.webdo.tn\\\/fr\\\/\",\"logo\":{\"@type\":\"ImageObject\",\"inLanguage\":\"fr-FR\",\"@id\":\"https:\\\/\\\/www.webdo.tn\\\/fr\\\/#\\\/schema\\\/logo\\\/image\\\/\",\"url\":\"https:\\\/\\\/www.webdo.tn\\\/fr\\\/wp-content\\\/uploads\\\/2025\\\/06\\\/Webdo-Tunisie_168377.jpg\",\"contentUrl\":\"https:\\\/\\\/www.webdo.tn\\\/fr\\\/wp-content\\\/uploads\\\/2025\\\/06\\\/Webdo-Tunisie_168377.jpg\",\"width\":301,\"height\":301,\"caption\":\"Webdo\"},\"image\":{\"@id\":\"https:\\\/\\\/www.webdo.tn\\\/fr\\\/#\\\/schema\\\/logo\\\/image\\\/\"},\"sameAs\":[\"https:\\\/\\\/www.facebook.com\\\/webdotn\",\"https:\\\/\\\/x.com\\\/webdo_tn\"],\"description\":\"Webdo est un m\u00e9dia num\u00e9rique tunisien fond\u00e9 en 2010, sp\u00e9cialis\u00e9 dans l\u2019actualit\u00e9 nationale et internationale, l\u2019\u00e9conomie, la soci\u00e9t\u00e9 et les analyses politiques. Le site s\u2019adresse \u00e0 un large public francophone et couvre l\u2019information tunisienne en temps r\u00e9el.\",\"email\":\"redac@webdo.tn\",\"legalName\":\"YNJ SARL\",\"foundingDate\":\"2010-09-06\",\"numberOfEmployees\":{\"@type\":\"QuantitativeValue\",\"minValue\":\"11\",\"maxValue\":\"50\"}},{\"@type\":\"Person\",\"@id\":\"https:\\\/\\\/www.webdo.tn\\\/fr\\\/#\\\/schema\\\/person\\\/2c4929cbf5a809e3bd38617c6ce150f6\",\"name\":\"MC\",\"image\":{\"@type\":\"ImageObject\",\"inLanguage\":\"fr-FR\",\"@id\":\"https:\\\/\\\/secure.gravatar.com\\\/avatar\\\/a545bbb6f84efdd5553dbbc2895e3ca8f1d12c5215e00a041c9670b54aa9b18a?s=96&d=mm&r=g\",\"url\":\"https:\\\/\\\/secure.gravatar.com\\\/avatar\\\/a545bbb6f84efdd5553dbbc2895e3ca8f1d12c5215e00a041c9670b54aa9b18a?s=96&d=mm&r=g\",\"contentUrl\":\"https:\\\/\\\/secure.gravatar.com\\\/avatar\\\/a545bbb6f84efdd5553dbbc2895e3ca8f1d12c5215e00a041c9670b54aa9b18a?s=96&d=mm&r=g\",\"caption\":\"MC\"},\"url\":\"https:\\\/\\\/www.webdo.tn\\\/fr\\\/actualite\\\/author\\\/mc\\\/\"}]}<\/script>\n<!-- \/ Yoast SEO Premium plugin. -->","yoast_head_json":{"title":"Affaire du complot contre la s\u00fbret\u00e9 de l\u2019Etat : Charges retenues contre 40 accus\u00e9s","description":"Selon Hanen Gaddes, porte-parole du P\u00f4le judiciaire de lutte contre le terrorisme, ce sont 52 accus\u00e9s qui ont \u00e9t\u00e9 d\u00e9f\u00e9r\u00e9s dans le dossier d'enqu\u00eate de cette aff...","canonical":"https:\/\/www.webdo.tn\/fr\/actualite\/national\/affaire-du-complot-contre-la-surete-de-l-etat-charges-retenues-contre-40-accuses\/213592\/","og_locale":"fr_FR","og_type":"article","og_title":"Affaire du complot contre la s\u00fbret\u00e9 de l\u2019Etat : Charges retenues contre 40 accus\u00e9s","og_description":"Selon Hanen Gaddes, porte-parole du P\u00f4le judiciaire de lutte contre le terrorisme, ce sont 52 accus\u00e9s qui ont \u00e9t\u00e9 d\u00e9f\u00e9r\u00e9s dans le dossier d'enqu\u00eate de cette aff...","og_url":"https:\/\/www.webdo.tn\/fr\/actualite\/national\/affaire-du-complot-contre-la-surete-de-l-etat-charges-retenues-contre-40-accuses\/213592\/","og_site_name":"webdo","article_publisher":"https:\/\/www.facebook.com\/webdotn","article_published_time":"2024-04-16T21:22:00+00:00","article_modified_time":"2025-05-20T22:12:53+00:00","og_image":[{"width":750,"height":400,"url":"https:\/\/www.webdo.tn\/fr\/wp-content\/uploads\/2024\/04\/42f8386aad0ad53e61a800c18cc4152e.jpg","type":"image\/jpeg"}],"author":"MC","twitter_card":"summary_large_image","twitter_creator":"@webdo_tn","twitter_site":"@webdo_tn","twitter_misc":{"\u00c9crit par":"MC","Dur\u00e9e de lecture estim\u00e9e":"2 minutes"},"schema":{"@context":"https:\/\/schema.org","@graph":[{"@type":"NewsArticle","@id":"https:\/\/www.webdo.tn\/fr\/actualite\/national\/affaire-du-complot-contre-la-surete-de-l-etat-charges-retenues-contre-40-accuses\/213592\/#article","isPartOf":{"@id":"https:\/\/www.webdo.tn\/fr\/actualite\/national\/affaire-du-complot-contre-la-surete-de-l-etat-charges-retenues-contre-40-accuses\/213592\/"},"author":{"name":"MC","@id":"https:\/\/www.webdo.tn\/fr\/#\/schema\/person\/2c4929cbf5a809e3bd38617c6ce150f6"},"headline":"Affaire du complot contre la s\u00fbret\u00e9 de l\u2019Etat : Charges retenues contre 40 accus\u00e9s","datePublished":"2024-04-16T21:22:00+00:00","dateModified":"2025-05-20T22:12:53+00:00","mainEntityOfPage":{"@id":"https:\/\/www.webdo.tn\/fr\/actualite\/national\/affaire-du-complot-contre-la-surete-de-l-etat-charges-retenues-contre-40-accuses\/213592\/"},"wordCount":360,"commentCount":0,"publisher":{"@id":"https:\/\/www.webdo.tn\/fr\/#organization"},"image":{"@id":"https:\/\/www.webdo.tn\/fr\/actualite\/national\/affaire-du-complot-contre-la-surete-de-l-etat-charges-retenues-contre-40-accuses\/213592\/#primaryimage"},"thumbnailUrl":"https:\/\/www.webdo.tn\/fr\/wp-content\/uploads\/2024\/04\/42f8386aad0ad53e61a800c18cc4152e.jpg","keywords":["accus\u00e9s","charges","complot","justice","s\u00fbret\u00e9 de l'\u00e9tat","Tunisie"],"articleSection":["National"],"inLanguage":"fr-FR"},{"@type":"WebPage","@id":"https:\/\/www.webdo.tn\/fr\/actualite\/national\/affaire-du-complot-contre-la-surete-de-l-etat-charges-retenues-contre-40-accuses\/213592\/","url":"https:\/\/www.webdo.tn\/fr\/actualite\/national\/affaire-du-complot-contre-la-surete-de-l-etat-charges-retenues-contre-40-accuses\/213592\/","name":"Affaire du complot contre la s\u00fbret\u00e9 de l\u2019Etat : Charges retenues contre 40 accus\u00e9s","isPartOf":{"@id":"https:\/\/www.webdo.tn\/fr\/#website"},"primaryImageOfPage":{"@id":"https:\/\/www.webdo.tn\/fr\/actualite\/national\/affaire-du-complot-contre-la-surete-de-l-etat-charges-retenues-contre-40-accuses\/213592\/#primaryimage"},"image":{"@id":"https:\/\/www.webdo.tn\/fr\/actualite\/national\/affaire-du-complot-contre-la-surete-de-l-etat-charges-retenues-contre-40-accuses\/213592\/#primaryimage"},"thumbnailUrl":"https:\/\/www.webdo.tn\/fr\/wp-content\/uploads\/2024\/04\/42f8386aad0ad53e61a800c18cc4152e.jpg","datePublished":"2024-04-16T21:22:00+00:00","dateModified":"2025-05-20T22:12:53+00:00","description":"Selon Hanen Gaddes, porte-parole du P\u00f4le judiciaire de lutte contre le terrorisme, ce sont 52 accus\u00e9s qui ont \u00e9t\u00e9 d\u00e9f\u00e9r\u00e9s dans le dossier d'enqu\u00eate de cette aff...","breadcrumb":{"@id":"https:\/\/www.webdo.tn\/fr\/actualite\/national\/affaire-du-complot-contre-la-surete-de-l-etat-charges-retenues-contre-40-accuses\/213592\/#breadcrumb"},"inLanguage":"fr-FR","potentialAction":[{"@type":"ReadAction","target":["https:\/\/www.webdo.tn\/fr\/actualite\/national\/affaire-du-complot-contre-la-surete-de-l-etat-charges-retenues-contre-40-accuses\/213592\/"]}]},{"@type":"ImageObject","inLanguage":"fr-FR","@id":"https:\/\/www.webdo.tn\/fr\/actualite\/national\/affaire-du-complot-contre-la-surete-de-l-etat-charges-retenues-contre-40-accuses\/213592\/#primaryimage","url":"https:\/\/www.webdo.tn\/fr\/wp-content\/uploads\/2024\/04\/42f8386aad0ad53e61a800c18cc4152e.jpg","contentUrl":"https:\/\/www.webdo.tn\/fr\/wp-content\/uploads\/2024\/04\/42f8386aad0ad53e61a800c18cc4152e.jpg","width":750,"height":400,"caption":"Affaire du complot contre la s\u00fbret\u00e9 de l\u2019Etat : Charges retenues contre 40 accus\u00e9s"},{"@type":"BreadcrumbList","@id":"https:\/\/www.webdo.tn\/fr\/actualite\/national\/affaire-du-complot-contre-la-surete-de-l-etat-charges-retenues-contre-40-accuses\/213592\/#breadcrumb","itemListElement":[{"@type":"ListItem","position":1,"name":"Accueil","item":"https:\/\/www.webdo.tn\/fr\/"},{"@type":"ListItem","position":2,"name":"Affaire du complot contre la s\u00fbret\u00e9 de l\u2019Etat : Charges retenues contre 40 accus\u00e9s"}]},{"@type":"WebSite","@id":"https:\/\/www.webdo.tn\/fr\/#website","url":"https:\/\/www.webdo.tn\/fr\/","name":"webdo","description":"Tunisie - News en Tunisie et \u00e0 l&#039;international sur Webdo.tn","publisher":{"@id":"https:\/\/www.webdo.tn\/fr\/#organization"},"potentialAction":[{"@type":"SearchAction","target":{"@type":"EntryPoint","urlTemplate":"https:\/\/www.webdo.tn\/fr\/?s={search_term_string}"},"query-input":{"@type":"PropertyValueSpecification","valueRequired":true,"valueName":"search_term_string"}}],"inLanguage":"fr-FR"},{"@type":"Organization","@id":"https:\/\/www.webdo.tn\/fr\/#organization","name":"Webdo","alternateName":"Webdo.tn","url":"https:\/\/www.webdo.tn\/fr\/","logo":{"@type":"ImageObject","inLanguage":"fr-FR","@id":"https:\/\/www.webdo.tn\/fr\/#\/schema\/logo\/image\/","url":"https:\/\/www.webdo.tn\/fr\/wp-content\/uploads\/2025\/06\/Webdo-Tunisie_168377.jpg","contentUrl":"https:\/\/www.webdo.tn\/fr\/wp-content\/uploads\/2025\/06\/Webdo-Tunisie_168377.jpg","width":301,"height":301,"caption":"Webdo"},"image":{"@id":"https:\/\/www.webdo.tn\/fr\/#\/schema\/logo\/image\/"},"sameAs":["https:\/\/www.facebook.com\/webdotn","https:\/\/x.com\/webdo_tn"],"description":"Webdo est un m\u00e9dia num\u00e9rique tunisien fond\u00e9 en 2010, sp\u00e9cialis\u00e9 dans l\u2019actualit\u00e9 nationale et internationale, l\u2019\u00e9conomie, la soci\u00e9t\u00e9 et les analyses politiques. Le site s\u2019adresse \u00e0 un large public francophone et couvre l\u2019information tunisienne en temps r\u00e9el.","email":"redac@webdo.tn","legalName":"YNJ SARL","foundingDate":"2010-09-06","numberOfEmployees":{"@type":"QuantitativeValue","minValue":"11","maxValue":"50"}},{"@type":"Person","@id":"https:\/\/www.webdo.tn\/fr\/#\/schema\/person\/2c4929cbf5a809e3bd38617c6ce150f6","name":"MC","image":{"@type":"ImageObject","inLanguage":"fr-FR","@id":"https:\/\/secure.gravatar.com\/avatar\/a545bbb6f84efdd5553dbbc2895e3ca8f1d12c5215e00a041c9670b54aa9b18a?s=96&d=mm&r=g","url":"https:\/\/secure.gravatar.com\/avatar\/a545bbb6f84efdd5553dbbc2895e3ca8f1d12c5215e00a041c9670b54aa9b18a?s=96&d=mm&r=g","contentUrl":"https:\/\/secure.gravatar.com\/avatar\/a545bbb6f84efdd5553dbbc2895e3ca8f1d12c5215e00a041c9670b54aa9b18a?s=96&d=mm&r=g","caption":"MC"},"url":"https:\/\/www.webdo.tn\/fr\/actualite\/author\/mc\/"}]}},"_links":{"self":[{"href":"https:\/\/www.webdo.tn\/fr\/wp-json\/wp\/v2\/posts\/213592","targetHints":{"allow":["GET"]}}],"collection":[{"href":"https:\/\/www.webdo.tn\/fr\/wp-json\/wp\/v2\/posts"}],"about":[{"href":"https:\/\/www.webdo.tn\/fr\/wp-json\/wp\/v2\/types\/post"}],"author":[{"embeddable":true,"href":"https:\/\/www.webdo.tn\/fr\/wp-json\/wp\/v2\/users\/3162"}],"replies":[{"embeddable":true,"href":"https:\/\/www.webdo.tn\/fr\/wp-json\/wp\/v2\/comments?post=213592"}],"version-history":[{"count":0,"href":"https:\/\/www.webdo.tn\/fr\/wp-json\/wp\/v2\/posts\/213592\/revisions"}],"wp:featuredmedia":[{"embeddable":true,"href":"https:\/\/www.webdo.tn\/fr\/wp-json\/wp\/v2\/media\/290497"}],"wp:attachment":[{"href":"https:\/\/www.webdo.tn\/fr\/wp-json\/wp\/v2\/media?parent=213592"}],"wp:term":[{"taxonomy":"category","embeddable":true,"href":"https:\/\/www.webdo.tn\/fr\/wp-json\/wp\/v2\/categories?post=213592"},{"taxonomy":"post_tag","embeddable":true,"href":"https:\/\/www.webdo.tn\/fr\/wp-json\/wp\/v2\/tags?post=213592"}],"curies":[{"name":"wp","href":"https:\/\/api.w.org\/{rel}","templated":true}]}}