{"id":213591,"date":"2024-04-16T21:06:00","date_gmt":"2024-04-16T21:06:00","guid":{"rendered":"https:\/\/www.webdo.tn\/fr\/blog\/tunisie-nouveau-tournant-dans-l-affaire-du-complot-contre-la-surete-de-l-etat\/213591\/"},"modified":"2025-05-20T22:12:52","modified_gmt":"2025-05-20T22:12:52","slug":"tunisie-nouveau-tournant-dans-l-affaire-du-complot-contre-la-surete-de-l-etat","status":"publish","type":"post","link":"https:\/\/www.webdo.tn\/fr\/actualite\/national\/tunisie-nouveau-tournant-dans-l-affaire-du-complot-contre-la-surete-de-l-etat\/213591\/","title":{"rendered":"Tunisie : Nouveau tournant dans l\u2019affaire du complot contre la s\u00fbret\u00e9 de l\u2019\u00c9tat ?"},"content":{"rendered":"<p>Cl\u00f4ture de l\u2019instruction, convocation de d\u00e9tenus, chefs d\u2019accusation, etc\u2026 L\u2019affaire du complot contre la s\u00fbret\u00e9 de l\u2019\u00c9tat amorce un nouveau tournant.<\/p>\n<p>\t\t\t\t\t\t\t\t\tLe juge d&rsquo;instruction ayant d\u00e9cid\u00e9 de cl\u00f4turer l&rsquo;instruction dans l\u2019affaire du complot contre la s\u00fbret\u00e9 de l\u2019\u00c9tat et de transmettre le dossier \u00e0 la chambre criminelle pr\u00e8s le tribunal de premi\u00e8re instance de Tunis, les chefs d\u2019accusation ont \u00e9t\u00e9 \u00e9mis contre les inculp\u00e9s.<\/p>\n<p>Or, le comit\u00e9 de d\u00e9fense des d\u00e9tenus dans cette affaire dite de complot contre la s\u00fbret\u00e9 de l\u2019\u00c9tat a organis\u00e9, ce mardi 16 avril 2024, une conf\u00e9rence de presse pour d\u00e9noncer ce qu\u2019il consid\u00e8re comme des violations des proc\u00e9dures.<\/p>\n<p>Le juge d&rsquo;instruction a d\u00e9cid\u00e9, lundi 15 avril 2024, de cl\u00f4turer l&rsquo;instruction et de transmettre le dossier de cette affaire \u00e0 la chambre criminelle pr\u00e8s le tribunal de premi\u00e8re instance de Tunis.<\/p>\n<p>Mais Samir Dilou, membre du collectif de d\u00e9fense des accus\u00e9s dans ladite affaire a fustig\u00e9 cette d\u00e9cision qu&rsquo;il a qualifi\u00e9e de \u00ab\u00a0manipulation\u00a0\u00bb et \u00ab\u00a0d&rsquo;atteinte aux proc\u00e9dures\u00a0\u00bb.<\/p>\n<p>41 accus\u00e9s<br \/>\n\u00a0<br \/>\nQuarante-et-un accus\u00e9s dont certains d\u00e9tenus et d\u2019autres en \u00e9tat de libert\u00e9 ont \u00e9t\u00e9 convoqu\u00e9s par le juge d\u2019instruction. Parmi les d\u00e9tenus, seul Kamel Letaif s\u2019y est conform\u00e9 alors que Khayam Turki, Ridha Belhaj, Ghazi Chaouachi, Jaouhar Ben Mbarek, Issam Chebbi et Abdelhamid Jelassi, ont d\u00e9cid\u00e9 quant \u00e0 eux de boycotter l\u2019audition.<\/p>\n<p>L&rsquo;instruction ayant \u00e9t\u00e9 ensuite cl\u00f4tur\u00e9e, \u00ab\u00a0cela repr\u00e9sente une atteinte claire aux proc\u00e9dures\u00a0\u00bb, a d\u00e9nonc\u00e9 Samir Dilou. Il a \u00e9galement estim\u00e9 que les d\u00e9lais l\u00e9gaux de d\u00e9tention des d\u00e9tenus doivent arriver \u00e0 terme le 19 avril, soit apr\u00e8s 14 mois de d\u00e9tention provisoire.<\/p>\n<p>Il a indiqu\u00e9 que le juge d&rsquo;instruction n&rsquo;avait plus le droit d&rsquo;entreprendre la moindre action relative au dossier, depuis le 5 avril dernier, d&rsquo;autant qu&rsquo;il est en cassation. Cela signifie, selon lui, qu\u2019en respectant les proc\u00e9dures, les d\u00e9tenus doivent \u00eatre lib\u00e9r\u00e9s. Il a ainsi fustig\u00e9 la man\u0153uvre du juge d\u2019instruction qui, en mettant fin \u00e0 l\u2019instruction a suspendu toute possibilit\u00e9 de lib\u00e9rer les d\u00e9tenus.<\/p>\n<p>Samir Dilou a insist\u00e9, lors de cette conf\u00e9rence de presse, sur le caract\u00e8re politique de cette affaire et sur les pressions exerc\u00e9es sur les magistrats.<\/p>\n<p>De son c\u00f4t\u00e9, Dalila Ben Mbarek Msaddek a indiqu\u00e9 que le juge d\u2019instruction a convoqu\u00e9 dimanche 14 avril \u00e0 1 heure du matin les accus\u00e9s pour compara\u00eetre le lendemain.<\/p>\n<p>Les chefs d&rsquo;accusation<\/p>\n<p>Apr\u00e8s la cl\u00f4ture de l&rsquo;instruction et le transfert du dossier de cette affaire du complot contre la s\u00fbret\u00e9 de l\u2019\u00c9tat \u00e0 la chambre criminelle pr\u00e8s le tribunal de premi\u00e8re instance de Tunis, les chefs d\u2019accusation contre les inculp\u00e9s ont \u00e9t\u00e9 \u00e9mis.<\/p>\n<p>Selon Dalila Msaddek, membre du collectif de d\u00e9fense des d\u00e9tenus dans cette affaire, huit personnes ont \u00e9t\u00e9 inculp\u00e9es suite \u00e0 la cl\u00f4ture de l&rsquo;instruction.<\/p>\n<p>Elle a indiqu\u00e9, aujourd\u2019hui, dans une d\u00e9claration \u00e0 Mosaique fm, que la Chambre d&rsquo;accusation a inculp\u00e9 Khayem Turki, Kamel Leta\u00efef et Noureddine Bhiri de participation \u00e0 une entente terroriste, de financement du terrorisme, de complot contre la s\u00fbret\u00e9 de l&rsquo;Etat et d&rsquo;offense au pr\u00e9sident de la R\u00e9publique.<\/p>\n<p>Ghazi Chaouachi et Jawhar Ben Mbarek, quant \u00e0 eux, ont \u00e9t\u00e9 inculp\u00e9s de participation \u00e0 une entente terroriste, de non-d\u00e9nonciation d&rsquo;un crime terroriste, de complot contre la s\u00fbret\u00e9 int\u00e9rieure et ext\u00e9rieure de l&rsquo;Etat et d&rsquo;offense au pr\u00e9sident de la R\u00e9publique.<\/p>\n<p>Ridha Belhaj, Issam Chebbi et Abdelhamid Jelassi ont \u00e9t\u00e9 accus\u00e9s d&rsquo;avoir particip\u00e9 \u00e0 une entente terroriste, de non-d\u00e9nonciation d&rsquo;un crime terroriste et de complot contre la s\u00fbret\u00e9 int\u00e9rieure et ext\u00e9rieure de l&rsquo;Etat.<\/p>\n<p>Proc\u00e9dures respect\u00e9es, selon le P\u00f4le judiciaire antiterroriste<\/p>\n<p>De son c\u00f4t\u00e9, la porte-parole du P\u00f4le judiciaire de lutte contre le terrorisme, Hanen Gaddes a apport\u00e9 plusieurs pr\u00e9cisions, ce mardi 16 avril 2024, concernant cette affaire.<\/p>\n<p>Elle a indiqu\u00e9 dans une d\u00e9claration accord\u00e9e \u00e0 Mosaique fm, ce mardi 16 avril 2024, que le juge d\u2019instruction avait achev\u00e9 ses travaux et cl\u00f4tur\u00e9 l\u2019instruction le 12 avril 2024.<\/p>\n<p>Elle a \u00e9galement indiqu\u00e9 que le juge d\u2019instruction a notifi\u00e9 le minist\u00e8re public et d\u00e9livr\u00e9 des mandats de lib\u00e9ration pour tous les accus\u00e9s d\u00e9tenus, que ce soit dans le cadre de l&rsquo;affaire ou d&rsquo;autres affaires, et a d\u00e9livr\u00e9 des convocations aux accus\u00e9s d\u00e9f\u00e9r\u00e9s en garde \u00e0 vue.<\/p>\n<p>Elle a pr\u00e9cis\u00e9 que les proc\u00e9dures de notification ont \u00e9t\u00e9 accomplies conform\u00e9ment \u00e0 la loi, que ce soit pour les pr\u00e9venus arr\u00eat\u00e9s, ceux d\u00e9tenus dans d&rsquo;autres affaires ou ceux qui sont en libert\u00e9 et ce, dans les d\u00e9lais l\u00e9gaux.<\/p>\n","protected":false},"excerpt":{"rendered":"<p>Le juge d&rsquo;instruction ayant d\u00e9cid\u00e9 de cl\u00f4turer l&rsquo;instruction dans l\u2019affaire du complot contre la s\u00fbret\u00e9 de l\u2019\u00c9tat et de transmettre le dossier \u00e0 la chambre crim&#8230;<\/p>\n","protected":false},"author":3162,"featured_media":290494,"comment_status":"open","ping_status":"closed","sticky":false,"template":"","format":"standard","meta":{"footnotes":""},"categories":[44],"tags":[2681,3784,2619,5346,2608],"class_list":["post-213591","post","type-post","status-publish","format-standard","has-post-thumbnail","hentry","category-national","tag-accuses","tag-complot","tag-justice","tag-surete-de-letat","tag-tunisie"],"yoast_head":"<!-- This site is optimized with the Yoast SEO Premium plugin v27.4 (Yoast SEO v27.5) - https:\/\/yoast.com\/product\/yoast-seo-premium-wordpress\/ -->\n<title>Tunisie : Nouveau tournant dans l\u2019affaire du complot contre la s\u00fbret\u00e9 de l\u2019\u00c9tat ?<\/title>\n<meta name=\"description\" content=\"Le juge d&#039;instruction ayant d\u00e9cid\u00e9 de cl\u00f4turer l&#039;instruction dans l\u2019affaire du complot contre la s\u00fbret\u00e9 de l\u2019\u00c9tat et de transmettre le dossier \u00e0 la chambre crim...\" \/>\n<link rel=\"canonical\" href=\"https:\/\/www.webdo.tn\/fr\/actualite\/national\/tunisie-nouveau-tournant-dans-l-affaire-du-complot-contre-la-surete-de-l-etat\/213591\/\" \/>\n<meta property=\"og:locale\" content=\"fr_FR\" \/>\n<meta property=\"og:type\" content=\"article\" \/>\n<meta property=\"og:title\" content=\"Tunisie : Nouveau tournant dans l\u2019affaire du complot contre la s\u00fbret\u00e9 de l\u2019\u00c9tat ?\" \/>\n<meta property=\"og:description\" content=\"Le juge d&#039;instruction ayant d\u00e9cid\u00e9 de cl\u00f4turer l&#039;instruction dans l\u2019affaire du complot contre la s\u00fbret\u00e9 de l\u2019\u00c9tat et de transmettre le dossier \u00e0 la chambre crim...\" \/>\n<meta property=\"og:url\" content=\"https:\/\/www.webdo.tn\/fr\/actualite\/national\/tunisie-nouveau-tournant-dans-l-affaire-du-complot-contre-la-surete-de-l-etat\/213591\/\" \/>\n<meta property=\"og:site_name\" content=\"webdo\" \/>\n<meta property=\"article:publisher\" content=\"https:\/\/www.facebook.com\/webdotn\" \/>\n<meta property=\"article:published_time\" content=\"2024-04-16T21:06:00+00:00\" \/>\n<meta property=\"article:modified_time\" content=\"2025-05-20T22:12:52+00:00\" \/>\n<meta property=\"og:image\" content=\"https:\/\/www.webdo.tn\/fr\/wp-content\/uploads\/2024\/04\/bc0e00a9f82d683e4294c35f02ce19f4.jpg\" \/>\n\t<meta property=\"og:image:width\" content=\"740\" \/>\n\t<meta property=\"og:image:height\" content=\"395\" \/>\n\t<meta property=\"og:image:type\" content=\"image\/jpeg\" \/>\n<meta name=\"author\" content=\"MC\" \/>\n<meta name=\"twitter:card\" content=\"summary_large_image\" \/>\n<meta name=\"twitter:creator\" content=\"@webdo_tn\" \/>\n<meta name=\"twitter:site\" content=\"@webdo_tn\" \/>\n<meta name=\"twitter:label1\" content=\"\u00c9crit par\" \/>\n\t<meta name=\"twitter:data1\" content=\"MC\" \/>\n\t<meta name=\"twitter:label2\" content=\"Dur\u00e9e de lecture estim\u00e9e\" \/>\n\t<meta name=\"twitter:data2\" content=\"4 minutes\" \/>\n<script type=\"application\/ld+json\" class=\"yoast-schema-graph\">{\"@context\":\"https:\\\/\\\/schema.org\",\"@graph\":[{\"@type\":\"NewsArticle\",\"@id\":\"https:\\\/\\\/www.webdo.tn\\\/fr\\\/actualite\\\/national\\\/tunisie-nouveau-tournant-dans-l-affaire-du-complot-contre-la-surete-de-l-etat\\\/213591\\\/#article\",\"isPartOf\":{\"@id\":\"https:\\\/\\\/www.webdo.tn\\\/fr\\\/actualite\\\/national\\\/tunisie-nouveau-tournant-dans-l-affaire-du-complot-contre-la-surete-de-l-etat\\\/213591\\\/\"},\"author\":{\"name\":\"MC\",\"@id\":\"https:\\\/\\\/www.webdo.tn\\\/fr\\\/#\\\/schema\\\/person\\\/2c4929cbf5a809e3bd38617c6ce150f6\"},\"headline\":\"Tunisie : Nouveau tournant dans l\u2019affaire du complot contre la s\u00fbret\u00e9 de l\u2019\u00c9tat ?\",\"datePublished\":\"2024-04-16T21:06:00+00:00\",\"dateModified\":\"2025-05-20T22:12:52+00:00\",\"mainEntityOfPage\":{\"@id\":\"https:\\\/\\\/www.webdo.tn\\\/fr\\\/actualite\\\/national\\\/tunisie-nouveau-tournant-dans-l-affaire-du-complot-contre-la-surete-de-l-etat\\\/213591\\\/\"},\"wordCount\":854,\"commentCount\":0,\"publisher\":{\"@id\":\"https:\\\/\\\/www.webdo.tn\\\/fr\\\/#organization\"},\"image\":{\"@id\":\"https:\\\/\\\/www.webdo.tn\\\/fr\\\/actualite\\\/national\\\/tunisie-nouveau-tournant-dans-l-affaire-du-complot-contre-la-surete-de-l-etat\\\/213591\\\/#primaryimage\"},\"thumbnailUrl\":\"https:\\\/\\\/www.webdo.tn\\\/fr\\\/wp-content\\\/uploads\\\/2024\\\/04\\\/bc0e00a9f82d683e4294c35f02ce19f4.jpg\",\"keywords\":[\"accus\u00e9s\",\"complot\",\"justice\",\"s\u00fbret\u00e9 de l'\u00e9tat\",\"Tunisie\"],\"articleSection\":[\"National\"],\"inLanguage\":\"fr-FR\"},{\"@type\":\"WebPage\",\"@id\":\"https:\\\/\\\/www.webdo.tn\\\/fr\\\/actualite\\\/national\\\/tunisie-nouveau-tournant-dans-l-affaire-du-complot-contre-la-surete-de-l-etat\\\/213591\\\/\",\"url\":\"https:\\\/\\\/www.webdo.tn\\\/fr\\\/actualite\\\/national\\\/tunisie-nouveau-tournant-dans-l-affaire-du-complot-contre-la-surete-de-l-etat\\\/213591\\\/\",\"name\":\"Tunisie : Nouveau tournant dans l\u2019affaire du complot contre la s\u00fbret\u00e9 de l\u2019\u00c9tat ?\",\"isPartOf\":{\"@id\":\"https:\\\/\\\/www.webdo.tn\\\/fr\\\/#website\"},\"primaryImageOfPage\":{\"@id\":\"https:\\\/\\\/www.webdo.tn\\\/fr\\\/actualite\\\/national\\\/tunisie-nouveau-tournant-dans-l-affaire-du-complot-contre-la-surete-de-l-etat\\\/213591\\\/#primaryimage\"},\"image\":{\"@id\":\"https:\\\/\\\/www.webdo.tn\\\/fr\\\/actualite\\\/national\\\/tunisie-nouveau-tournant-dans-l-affaire-du-complot-contre-la-surete-de-l-etat\\\/213591\\\/#primaryimage\"},\"thumbnailUrl\":\"https:\\\/\\\/www.webdo.tn\\\/fr\\\/wp-content\\\/uploads\\\/2024\\\/04\\\/bc0e00a9f82d683e4294c35f02ce19f4.jpg\",\"datePublished\":\"2024-04-16T21:06:00+00:00\",\"dateModified\":\"2025-05-20T22:12:52+00:00\",\"description\":\"Le juge d'instruction ayant d\u00e9cid\u00e9 de cl\u00f4turer l'instruction dans l\u2019affaire du complot contre la s\u00fbret\u00e9 de l\u2019\u00c9tat et de transmettre le dossier \u00e0 la chambre crim...\",\"breadcrumb\":{\"@id\":\"https:\\\/\\\/www.webdo.tn\\\/fr\\\/actualite\\\/national\\\/tunisie-nouveau-tournant-dans-l-affaire-du-complot-contre-la-surete-de-l-etat\\\/213591\\\/#breadcrumb\"},\"inLanguage\":\"fr-FR\",\"potentialAction\":[{\"@type\":\"ReadAction\",\"target\":[\"https:\\\/\\\/www.webdo.tn\\\/fr\\\/actualite\\\/national\\\/tunisie-nouveau-tournant-dans-l-affaire-du-complot-contre-la-surete-de-l-etat\\\/213591\\\/\"]}]},{\"@type\":\"ImageObject\",\"inLanguage\":\"fr-FR\",\"@id\":\"https:\\\/\\\/www.webdo.tn\\\/fr\\\/actualite\\\/national\\\/tunisie-nouveau-tournant-dans-l-affaire-du-complot-contre-la-surete-de-l-etat\\\/213591\\\/#primaryimage\",\"url\":\"https:\\\/\\\/www.webdo.tn\\\/fr\\\/wp-content\\\/uploads\\\/2024\\\/04\\\/bc0e00a9f82d683e4294c35f02ce19f4.jpg\",\"contentUrl\":\"https:\\\/\\\/www.webdo.tn\\\/fr\\\/wp-content\\\/uploads\\\/2024\\\/04\\\/bc0e00a9f82d683e4294c35f02ce19f4.jpg\",\"width\":740,\"height\":395,\"caption\":\"Tunisie : Nouveau tournant dans l\u2019affaire du complot contre la s\u00fbret\u00e9 de l\u2019\u00c9tat ?\"},{\"@type\":\"BreadcrumbList\",\"@id\":\"https:\\\/\\\/www.webdo.tn\\\/fr\\\/actualite\\\/national\\\/tunisie-nouveau-tournant-dans-l-affaire-du-complot-contre-la-surete-de-l-etat\\\/213591\\\/#breadcrumb\",\"itemListElement\":[{\"@type\":\"ListItem\",\"position\":1,\"name\":\"Accueil\",\"item\":\"https:\\\/\\\/www.webdo.tn\\\/fr\\\/\"},{\"@type\":\"ListItem\",\"position\":2,\"name\":\"Tunisie : Nouveau tournant dans l\u2019affaire du complot contre la s\u00fbret\u00e9 de l\u2019\u00c9tat ?\"}]},{\"@type\":\"WebSite\",\"@id\":\"https:\\\/\\\/www.webdo.tn\\\/fr\\\/#website\",\"url\":\"https:\\\/\\\/www.webdo.tn\\\/fr\\\/\",\"name\":\"webdo\",\"description\":\"Tunisie - News en Tunisie et \u00e0 l&#039;international sur Webdo.tn\",\"publisher\":{\"@id\":\"https:\\\/\\\/www.webdo.tn\\\/fr\\\/#organization\"},\"potentialAction\":[{\"@type\":\"SearchAction\",\"target\":{\"@type\":\"EntryPoint\",\"urlTemplate\":\"https:\\\/\\\/www.webdo.tn\\\/fr\\\/?s={search_term_string}\"},\"query-input\":{\"@type\":\"PropertyValueSpecification\",\"valueRequired\":true,\"valueName\":\"search_term_string\"}}],\"inLanguage\":\"fr-FR\"},{\"@type\":\"Organization\",\"@id\":\"https:\\\/\\\/www.webdo.tn\\\/fr\\\/#organization\",\"name\":\"Webdo\",\"alternateName\":\"Webdo.tn\",\"url\":\"https:\\\/\\\/www.webdo.tn\\\/fr\\\/\",\"logo\":{\"@type\":\"ImageObject\",\"inLanguage\":\"fr-FR\",\"@id\":\"https:\\\/\\\/www.webdo.tn\\\/fr\\\/#\\\/schema\\\/logo\\\/image\\\/\",\"url\":\"https:\\\/\\\/www.webdo.tn\\\/fr\\\/wp-content\\\/uploads\\\/2025\\\/06\\\/Webdo-Tunisie_168377.jpg\",\"contentUrl\":\"https:\\\/\\\/www.webdo.tn\\\/fr\\\/wp-content\\\/uploads\\\/2025\\\/06\\\/Webdo-Tunisie_168377.jpg\",\"width\":301,\"height\":301,\"caption\":\"Webdo\"},\"image\":{\"@id\":\"https:\\\/\\\/www.webdo.tn\\\/fr\\\/#\\\/schema\\\/logo\\\/image\\\/\"},\"sameAs\":[\"https:\\\/\\\/www.facebook.com\\\/webdotn\",\"https:\\\/\\\/x.com\\\/webdo_tn\"],\"description\":\"Webdo est un m\u00e9dia num\u00e9rique tunisien fond\u00e9 en 2010, sp\u00e9cialis\u00e9 dans l\u2019actualit\u00e9 nationale et internationale, l\u2019\u00e9conomie, la soci\u00e9t\u00e9 et les analyses politiques. Le site s\u2019adresse \u00e0 un large public francophone et couvre l\u2019information tunisienne en temps r\u00e9el.\",\"email\":\"redac@webdo.tn\",\"legalName\":\"YNJ SARL\",\"foundingDate\":\"2010-09-06\",\"numberOfEmployees\":{\"@type\":\"QuantitativeValue\",\"minValue\":\"11\",\"maxValue\":\"50\"}},{\"@type\":\"Person\",\"@id\":\"https:\\\/\\\/www.webdo.tn\\\/fr\\\/#\\\/schema\\\/person\\\/2c4929cbf5a809e3bd38617c6ce150f6\",\"name\":\"MC\",\"image\":{\"@type\":\"ImageObject\",\"inLanguage\":\"fr-FR\",\"@id\":\"https:\\\/\\\/secure.gravatar.com\\\/avatar\\\/a545bbb6f84efdd5553dbbc2895e3ca8f1d12c5215e00a041c9670b54aa9b18a?s=96&d=mm&r=g\",\"url\":\"https:\\\/\\\/secure.gravatar.com\\\/avatar\\\/a545bbb6f84efdd5553dbbc2895e3ca8f1d12c5215e00a041c9670b54aa9b18a?s=96&d=mm&r=g\",\"contentUrl\":\"https:\\\/\\\/secure.gravatar.com\\\/avatar\\\/a545bbb6f84efdd5553dbbc2895e3ca8f1d12c5215e00a041c9670b54aa9b18a?s=96&d=mm&r=g\",\"caption\":\"MC\"},\"url\":\"https:\\\/\\\/www.webdo.tn\\\/fr\\\/actualite\\\/author\\\/mc\\\/\"}]}<\/script>\n<!-- \/ Yoast SEO Premium plugin. -->","yoast_head_json":{"title":"Tunisie : Nouveau tournant dans l\u2019affaire du complot contre la s\u00fbret\u00e9 de l\u2019\u00c9tat ?","description":"Le juge d'instruction ayant d\u00e9cid\u00e9 de cl\u00f4turer l'instruction dans l\u2019affaire du complot contre la s\u00fbret\u00e9 de l\u2019\u00c9tat et de transmettre le dossier \u00e0 la chambre crim...","canonical":"https:\/\/www.webdo.tn\/fr\/actualite\/national\/tunisie-nouveau-tournant-dans-l-affaire-du-complot-contre-la-surete-de-l-etat\/213591\/","og_locale":"fr_FR","og_type":"article","og_title":"Tunisie : Nouveau tournant dans l\u2019affaire du complot contre la s\u00fbret\u00e9 de l\u2019\u00c9tat ?","og_description":"Le juge d'instruction ayant d\u00e9cid\u00e9 de cl\u00f4turer l'instruction dans l\u2019affaire du complot contre la s\u00fbret\u00e9 de l\u2019\u00c9tat et de transmettre le dossier \u00e0 la chambre crim...","og_url":"https:\/\/www.webdo.tn\/fr\/actualite\/national\/tunisie-nouveau-tournant-dans-l-affaire-du-complot-contre-la-surete-de-l-etat\/213591\/","og_site_name":"webdo","article_publisher":"https:\/\/www.facebook.com\/webdotn","article_published_time":"2024-04-16T21:06:00+00:00","article_modified_time":"2025-05-20T22:12:52+00:00","og_image":[{"width":740,"height":395,"url":"https:\/\/www.webdo.tn\/fr\/wp-content\/uploads\/2024\/04\/bc0e00a9f82d683e4294c35f02ce19f4.jpg","type":"image\/jpeg"}],"author":"MC","twitter_card":"summary_large_image","twitter_creator":"@webdo_tn","twitter_site":"@webdo_tn","twitter_misc":{"\u00c9crit par":"MC","Dur\u00e9e de lecture estim\u00e9e":"4 minutes"},"schema":{"@context":"https:\/\/schema.org","@graph":[{"@type":"NewsArticle","@id":"https:\/\/www.webdo.tn\/fr\/actualite\/national\/tunisie-nouveau-tournant-dans-l-affaire-du-complot-contre-la-surete-de-l-etat\/213591\/#article","isPartOf":{"@id":"https:\/\/www.webdo.tn\/fr\/actualite\/national\/tunisie-nouveau-tournant-dans-l-affaire-du-complot-contre-la-surete-de-l-etat\/213591\/"},"author":{"name":"MC","@id":"https:\/\/www.webdo.tn\/fr\/#\/schema\/person\/2c4929cbf5a809e3bd38617c6ce150f6"},"headline":"Tunisie : Nouveau tournant dans l\u2019affaire du complot contre la s\u00fbret\u00e9 de l\u2019\u00c9tat ?","datePublished":"2024-04-16T21:06:00+00:00","dateModified":"2025-05-20T22:12:52+00:00","mainEntityOfPage":{"@id":"https:\/\/www.webdo.tn\/fr\/actualite\/national\/tunisie-nouveau-tournant-dans-l-affaire-du-complot-contre-la-surete-de-l-etat\/213591\/"},"wordCount":854,"commentCount":0,"publisher":{"@id":"https:\/\/www.webdo.tn\/fr\/#organization"},"image":{"@id":"https:\/\/www.webdo.tn\/fr\/actualite\/national\/tunisie-nouveau-tournant-dans-l-affaire-du-complot-contre-la-surete-de-l-etat\/213591\/#primaryimage"},"thumbnailUrl":"https:\/\/www.webdo.tn\/fr\/wp-content\/uploads\/2024\/04\/bc0e00a9f82d683e4294c35f02ce19f4.jpg","keywords":["accus\u00e9s","complot","justice","s\u00fbret\u00e9 de l'\u00e9tat","Tunisie"],"articleSection":["National"],"inLanguage":"fr-FR"},{"@type":"WebPage","@id":"https:\/\/www.webdo.tn\/fr\/actualite\/national\/tunisie-nouveau-tournant-dans-l-affaire-du-complot-contre-la-surete-de-l-etat\/213591\/","url":"https:\/\/www.webdo.tn\/fr\/actualite\/national\/tunisie-nouveau-tournant-dans-l-affaire-du-complot-contre-la-surete-de-l-etat\/213591\/","name":"Tunisie : Nouveau tournant dans l\u2019affaire du complot contre la s\u00fbret\u00e9 de l\u2019\u00c9tat ?","isPartOf":{"@id":"https:\/\/www.webdo.tn\/fr\/#website"},"primaryImageOfPage":{"@id":"https:\/\/www.webdo.tn\/fr\/actualite\/national\/tunisie-nouveau-tournant-dans-l-affaire-du-complot-contre-la-surete-de-l-etat\/213591\/#primaryimage"},"image":{"@id":"https:\/\/www.webdo.tn\/fr\/actualite\/national\/tunisie-nouveau-tournant-dans-l-affaire-du-complot-contre-la-surete-de-l-etat\/213591\/#primaryimage"},"thumbnailUrl":"https:\/\/www.webdo.tn\/fr\/wp-content\/uploads\/2024\/04\/bc0e00a9f82d683e4294c35f02ce19f4.jpg","datePublished":"2024-04-16T21:06:00+00:00","dateModified":"2025-05-20T22:12:52+00:00","description":"Le juge d'instruction ayant d\u00e9cid\u00e9 de cl\u00f4turer l'instruction dans l\u2019affaire du complot contre la s\u00fbret\u00e9 de l\u2019\u00c9tat et de transmettre le dossier \u00e0 la chambre crim...","breadcrumb":{"@id":"https:\/\/www.webdo.tn\/fr\/actualite\/national\/tunisie-nouveau-tournant-dans-l-affaire-du-complot-contre-la-surete-de-l-etat\/213591\/#breadcrumb"},"inLanguage":"fr-FR","potentialAction":[{"@type":"ReadAction","target":["https:\/\/www.webdo.tn\/fr\/actualite\/national\/tunisie-nouveau-tournant-dans-l-affaire-du-complot-contre-la-surete-de-l-etat\/213591\/"]}]},{"@type":"ImageObject","inLanguage":"fr-FR","@id":"https:\/\/www.webdo.tn\/fr\/actualite\/national\/tunisie-nouveau-tournant-dans-l-affaire-du-complot-contre-la-surete-de-l-etat\/213591\/#primaryimage","url":"https:\/\/www.webdo.tn\/fr\/wp-content\/uploads\/2024\/04\/bc0e00a9f82d683e4294c35f02ce19f4.jpg","contentUrl":"https:\/\/www.webdo.tn\/fr\/wp-content\/uploads\/2024\/04\/bc0e00a9f82d683e4294c35f02ce19f4.jpg","width":740,"height":395,"caption":"Tunisie : Nouveau tournant dans l\u2019affaire du complot contre la s\u00fbret\u00e9 de l\u2019\u00c9tat ?"},{"@type":"BreadcrumbList","@id":"https:\/\/www.webdo.tn\/fr\/actualite\/national\/tunisie-nouveau-tournant-dans-l-affaire-du-complot-contre-la-surete-de-l-etat\/213591\/#breadcrumb","itemListElement":[{"@type":"ListItem","position":1,"name":"Accueil","item":"https:\/\/www.webdo.tn\/fr\/"},{"@type":"ListItem","position":2,"name":"Tunisie : Nouveau tournant dans l\u2019affaire du complot contre la s\u00fbret\u00e9 de l\u2019\u00c9tat ?"}]},{"@type":"WebSite","@id":"https:\/\/www.webdo.tn\/fr\/#website","url":"https:\/\/www.webdo.tn\/fr\/","name":"webdo","description":"Tunisie - News en Tunisie et \u00e0 l&#039;international sur Webdo.tn","publisher":{"@id":"https:\/\/www.webdo.tn\/fr\/#organization"},"potentialAction":[{"@type":"SearchAction","target":{"@type":"EntryPoint","urlTemplate":"https:\/\/www.webdo.tn\/fr\/?s={search_term_string}"},"query-input":{"@type":"PropertyValueSpecification","valueRequired":true,"valueName":"search_term_string"}}],"inLanguage":"fr-FR"},{"@type":"Organization","@id":"https:\/\/www.webdo.tn\/fr\/#organization","name":"Webdo","alternateName":"Webdo.tn","url":"https:\/\/www.webdo.tn\/fr\/","logo":{"@type":"ImageObject","inLanguage":"fr-FR","@id":"https:\/\/www.webdo.tn\/fr\/#\/schema\/logo\/image\/","url":"https:\/\/www.webdo.tn\/fr\/wp-content\/uploads\/2025\/06\/Webdo-Tunisie_168377.jpg","contentUrl":"https:\/\/www.webdo.tn\/fr\/wp-content\/uploads\/2025\/06\/Webdo-Tunisie_168377.jpg","width":301,"height":301,"caption":"Webdo"},"image":{"@id":"https:\/\/www.webdo.tn\/fr\/#\/schema\/logo\/image\/"},"sameAs":["https:\/\/www.facebook.com\/webdotn","https:\/\/x.com\/webdo_tn"],"description":"Webdo est un m\u00e9dia num\u00e9rique tunisien fond\u00e9 en 2010, sp\u00e9cialis\u00e9 dans l\u2019actualit\u00e9 nationale et internationale, l\u2019\u00e9conomie, la soci\u00e9t\u00e9 et les analyses politiques. Le site s\u2019adresse \u00e0 un large public francophone et couvre l\u2019information tunisienne en temps r\u00e9el.","email":"redac@webdo.tn","legalName":"YNJ SARL","foundingDate":"2010-09-06","numberOfEmployees":{"@type":"QuantitativeValue","minValue":"11","maxValue":"50"}},{"@type":"Person","@id":"https:\/\/www.webdo.tn\/fr\/#\/schema\/person\/2c4929cbf5a809e3bd38617c6ce150f6","name":"MC","image":{"@type":"ImageObject","inLanguage":"fr-FR","@id":"https:\/\/secure.gravatar.com\/avatar\/a545bbb6f84efdd5553dbbc2895e3ca8f1d12c5215e00a041c9670b54aa9b18a?s=96&d=mm&r=g","url":"https:\/\/secure.gravatar.com\/avatar\/a545bbb6f84efdd5553dbbc2895e3ca8f1d12c5215e00a041c9670b54aa9b18a?s=96&d=mm&r=g","contentUrl":"https:\/\/secure.gravatar.com\/avatar\/a545bbb6f84efdd5553dbbc2895e3ca8f1d12c5215e00a041c9670b54aa9b18a?s=96&d=mm&r=g","caption":"MC"},"url":"https:\/\/www.webdo.tn\/fr\/actualite\/author\/mc\/"}]}},"_links":{"self":[{"href":"https:\/\/www.webdo.tn\/fr\/wp-json\/wp\/v2\/posts\/213591","targetHints":{"allow":["GET"]}}],"collection":[{"href":"https:\/\/www.webdo.tn\/fr\/wp-json\/wp\/v2\/posts"}],"about":[{"href":"https:\/\/www.webdo.tn\/fr\/wp-json\/wp\/v2\/types\/post"}],"author":[{"embeddable":true,"href":"https:\/\/www.webdo.tn\/fr\/wp-json\/wp\/v2\/users\/3162"}],"replies":[{"embeddable":true,"href":"https:\/\/www.webdo.tn\/fr\/wp-json\/wp\/v2\/comments?post=213591"}],"version-history":[{"count":0,"href":"https:\/\/www.webdo.tn\/fr\/wp-json\/wp\/v2\/posts\/213591\/revisions"}],"wp:featuredmedia":[{"embeddable":true,"href":"https:\/\/www.webdo.tn\/fr\/wp-json\/wp\/v2\/media\/290494"}],"wp:attachment":[{"href":"https:\/\/www.webdo.tn\/fr\/wp-json\/wp\/v2\/media?parent=213591"}],"wp:term":[{"taxonomy":"category","embeddable":true,"href":"https:\/\/www.webdo.tn\/fr\/wp-json\/wp\/v2\/categories?post=213591"},{"taxonomy":"post_tag","embeddable":true,"href":"https:\/\/www.webdo.tn\/fr\/wp-json\/wp\/v2\/tags?post=213591"}],"curies":[{"name":"wp","href":"https:\/\/api.w.org\/{rel}","templated":true}]}}