{"id":213587,"date":"2024-04-16T19:36:00","date_gmt":"2024-04-16T19:36:00","guid":{"rendered":"https:\/\/www.webdo.tn\/fr\/blog\/affaire-de-l-appareil-secret-mandat-de-depot-contre-un-dirigeant-d-ennahdha\/213587\/"},"modified":"2025-05-20T22:12:51","modified_gmt":"2025-05-20T22:12:51","slug":"affaire-de-l-appareil-secret-mandat-de-depot-contre-un-dirigeant-d-ennahdha","status":"publish","type":"post","link":"https:\/\/www.webdo.tn\/fr\/actualite\/national\/affaire-de-l-appareil-secret-mandat-de-depot-contre-un-dirigeant-d-ennahdha\/213587\/","title":{"rendered":"Affaire de l&rsquo;appareil secret : Mandat de d\u00e9p\u00f4t contre un dirigeant d\u2019Ennahdha"},"content":{"rendered":"<p>Un dirigeant du mouvement Ennahdha, dont le nom n\u2019a pas \u00e9t\u00e9 d\u00e9voil\u00e9 a fait l\u2019objet d\u2019un mandat de d\u00e9p\u00f4t dans l\u2019affaire dite de \u00ab\u00a0l\u2019appareil secret\u00a0\u00bb.<\/p>\n<p>\t\t\t\t\t\t\t\t\tMosa\u00efque FM rapporte, ce mardi 16 avril 2024, que le juge d&rsquo;instruction du p\u00f4le judiciaire de lutte contre le terrorisme a \u00e9mis un mandat de d\u00e9p\u00f4t contre un dirigeant du mouvement Ennahdha dans le cadre de l&rsquo;affaire dite de \u00ab\u00a0l&rsquo;appareil secret\u00a0\u00bb.<\/p>\n<p>Cette affaire dite de l&rsquo;appareil secret du mouvement Ennahdha, dans laquelle sont impliqu\u00e9es 34 personnes, dont le pr\u00e9sident d&rsquo;Ennahdha, Rached Ghannouchi, est en rapport avec les assassinats des martyrs Chokri Bela\u00efd et Mohamed Brahmi.<\/p>\n<p>Dans cette affaire, le procureur g\u00e9n\u00e9ral pr\u00e8s la Cour d&rsquo;appel de Tunis a retenu, le 24 mai 2022, contre Rached Ghannouchi et 17 autres accus\u00e9s, des chefs d&rsquo;accusations concernant \u00ab\u00a0une atteinte \u00e0 la s\u00fbret\u00e9 ext\u00e9rieure de l&rsquo;Etat et trafic d&rsquo;influence pour obtenir des renseignements de la part de parties \u00e9trang\u00e8res\u00a0\u00bb.<\/p>\n<p>Le pr\u00e9sident du parti Ennahdha a \u00e9t\u00e9 interdit de voyage le 27 mai 2022 dans le cadre de cette affaire. Le juge d\u2019instruction pr\u00e8s le Tribunal de premi\u00e8re instance de l\u2019Ariana a \u00e9mis, le 9 juin 2023, un mandat de d\u00e9p\u00f4t contre Rached Ghannouchi, toujours dans le cadre de l\u2019affaire dite de l\u2019appareil secret.<\/p>\n<p>C&rsquo;est en janvier 2022 que la ministre de la Justice, Leila Jaffel a donn\u00e9 son feu vert pour l&rsquo;ouverture d&rsquo;une enqu\u00eate sur \u00ab\u00a0l\u2019appareil secret d\u2019Ennahdha\u00a0\u00bb. Cette d\u00e9cision faisait suite \u00e0 une plainte d\u00e9pos\u00e9e aupr\u00e8s de la ministre de la Justice, en sa qualit\u00e9 de cheffe du minist\u00e8re public, par un membre du comit\u00e9 de d\u00e9fense des deux martyrs, contre plusieurs personnes, pour des crimes li\u00e9s \u00e0 la s\u00e9curit\u00e9 de l\u2019Etat. Il s\u2019agissait d\u2019une nouvelle \u00e9tape dans cette affaire !<\/p>\n<p>Il est \u00e0 rappeler que le juge d&rsquo;instruction du tribunal de premi\u00e8re instance de l&rsquo;Ariana avait d\u00e9cid\u00e9 de se dessaisir du dossier au profit du p\u00f4le judiciaire de lutte contre le terrorisme en raison des \u00ab\u00a0soup\u00e7ons de terrorisme\u00a0\u00bb concernant les accusations port\u00e9es contre les accus\u00e9s dans cette affaire.<\/p>\n","protected":false},"excerpt":{"rendered":"<p>Ce mardi 16 avril 2024, que le juge d&rsquo;instruction du p\u00f4le judiciaire de lutte contre le terrorisme a \u00e9mis un mandat de d\u00e9p\u00f4t contre un dirigeant du mouvement En&#8230;<\/p>\n","protected":false},"author":3162,"featured_media":290492,"comment_status":"open","ping_status":"closed","sticky":false,"template":"","format":"standard","meta":{"footnotes":""},"categories":[44],"tags":[9543,3262,3057,2886,4050,2608],"class_list":["post-213587","post","type-post","status-publish","format-standard","has-post-thumbnail","hentry","category-national","tag-appareil-secret","tag-chokri-belaid","tag-ennahdha","tag-mandat-de-depot","tag-mohamed-brahmi","tag-tunisie"],"yoast_head":"<!-- This site is optimized with the Yoast SEO Premium plugin v27.5 (Yoast SEO v27.5) - https:\/\/yoast.com\/product\/yoast-seo-premium-wordpress\/ -->\n<title>Affaire de l&#039;appareil secret : Mandat de d\u00e9p\u00f4t contre un dirigeant d\u2019Ennahdha<\/title>\n<meta name=\"description\" content=\"Ce mardi 16 avril 2024, que le juge d&#039;instruction du p\u00f4le judiciaire de lutte contre le terrorisme a \u00e9mis un mandat de d\u00e9p\u00f4t contre un dirigeant du mouvement En...\" \/>\n<link rel=\"canonical\" href=\"https:\/\/www.webdo.tn\/fr\/actualite\/national\/affaire-de-l-appareil-secret-mandat-de-depot-contre-un-dirigeant-d-ennahdha\/213587\/\" \/>\n<meta property=\"og:locale\" content=\"fr_FR\" \/>\n<meta property=\"og:type\" content=\"article\" \/>\n<meta property=\"og:title\" content=\"Affaire de l&#039;appareil secret : Mandat de d\u00e9p\u00f4t contre un dirigeant d\u2019Ennahdha\" \/>\n<meta property=\"og:description\" content=\"Ce mardi 16 avril 2024, que le juge d&#039;instruction du p\u00f4le judiciaire de lutte contre le terrorisme a \u00e9mis un mandat de d\u00e9p\u00f4t contre un dirigeant du mouvement En...\" \/>\n<meta property=\"og:url\" content=\"https:\/\/www.webdo.tn\/fr\/actualite\/national\/affaire-de-l-appareil-secret-mandat-de-depot-contre-un-dirigeant-d-ennahdha\/213587\/\" \/>\n<meta property=\"og:site_name\" content=\"webdo\" \/>\n<meta property=\"article:publisher\" content=\"https:\/\/www.facebook.com\/webdotn\" \/>\n<meta property=\"article:published_time\" content=\"2024-04-16T19:36:00+00:00\" \/>\n<meta property=\"article:modified_time\" content=\"2025-05-20T22:12:51+00:00\" \/>\n<meta property=\"og:image\" content=\"https:\/\/www.webdo.tn\/fr\/wp-content\/uploads\/2024\/04\/cfd5c7ed2b1241b5bb89f1234a5930a1.jpg\" \/>\n\t<meta property=\"og:image:width\" content=\"650\" \/>\n\t<meta property=\"og:image:height\" content=\"347\" \/>\n\t<meta property=\"og:image:type\" content=\"image\/jpeg\" \/>\n<meta name=\"author\" content=\"MC\" \/>\n<meta name=\"twitter:card\" content=\"summary_large_image\" \/>\n<meta name=\"twitter:creator\" content=\"@webdo_tn\" \/>\n<meta name=\"twitter:site\" content=\"@webdo_tn\" \/>\n<meta name=\"twitter:label1\" content=\"\u00c9crit par\" \/>\n\t<meta name=\"twitter:data1\" content=\"MC\" \/>\n\t<meta name=\"twitter:label2\" content=\"Dur\u00e9e de lecture estim\u00e9e\" \/>\n\t<meta name=\"twitter:data2\" content=\"2 minutes\" \/>\n<script type=\"application\/ld+json\" class=\"yoast-schema-graph\">{\"@context\":\"https:\\\/\\\/schema.org\",\"@graph\":[{\"@type\":\"NewsArticle\",\"@id\":\"https:\\\/\\\/www.webdo.tn\\\/fr\\\/actualite\\\/national\\\/affaire-de-l-appareil-secret-mandat-de-depot-contre-un-dirigeant-d-ennahdha\\\/213587\\\/#article\",\"isPartOf\":{\"@id\":\"https:\\\/\\\/www.webdo.tn\\\/fr\\\/actualite\\\/national\\\/affaire-de-l-appareil-secret-mandat-de-depot-contre-un-dirigeant-d-ennahdha\\\/213587\\\/\"},\"author\":{\"name\":\"MC\",\"@id\":\"https:\\\/\\\/www.webdo.tn\\\/fr\\\/#\\\/schema\\\/person\\\/2c4929cbf5a809e3bd38617c6ce150f6\"},\"headline\":\"Affaire de l&rsquo;appareil secret : Mandat de d\u00e9p\u00f4t contre un dirigeant d\u2019Ennahdha\",\"datePublished\":\"2024-04-16T19:36:00+00:00\",\"dateModified\":\"2025-05-20T22:12:51+00:00\",\"mainEntityOfPage\":{\"@id\":\"https:\\\/\\\/www.webdo.tn\\\/fr\\\/actualite\\\/national\\\/affaire-de-l-appareil-secret-mandat-de-depot-contre-un-dirigeant-d-ennahdha\\\/213587\\\/\"},\"wordCount\":395,\"commentCount\":0,\"publisher\":{\"@id\":\"https:\\\/\\\/www.webdo.tn\\\/fr\\\/#organization\"},\"image\":{\"@id\":\"https:\\\/\\\/www.webdo.tn\\\/fr\\\/actualite\\\/national\\\/affaire-de-l-appareil-secret-mandat-de-depot-contre-un-dirigeant-d-ennahdha\\\/213587\\\/#primaryimage\"},\"thumbnailUrl\":\"https:\\\/\\\/www.webdo.tn\\\/fr\\\/wp-content\\\/uploads\\\/2024\\\/04\\\/cfd5c7ed2b1241b5bb89f1234a5930a1.jpg\",\"keywords\":[\"appareil secret\",\"chokri belaid\",\"Ennahdha\",\"mandat de d\u00e9p\u00f4t\",\"mohamed brahmi\",\"Tunisie\"],\"articleSection\":[\"National\"],\"inLanguage\":\"fr-FR\"},{\"@type\":\"WebPage\",\"@id\":\"https:\\\/\\\/www.webdo.tn\\\/fr\\\/actualite\\\/national\\\/affaire-de-l-appareil-secret-mandat-de-depot-contre-un-dirigeant-d-ennahdha\\\/213587\\\/\",\"url\":\"https:\\\/\\\/www.webdo.tn\\\/fr\\\/actualite\\\/national\\\/affaire-de-l-appareil-secret-mandat-de-depot-contre-un-dirigeant-d-ennahdha\\\/213587\\\/\",\"name\":\"Affaire de l'appareil secret : Mandat de d\u00e9p\u00f4t contre un dirigeant d\u2019Ennahdha\",\"isPartOf\":{\"@id\":\"https:\\\/\\\/www.webdo.tn\\\/fr\\\/#website\"},\"primaryImageOfPage\":{\"@id\":\"https:\\\/\\\/www.webdo.tn\\\/fr\\\/actualite\\\/national\\\/affaire-de-l-appareil-secret-mandat-de-depot-contre-un-dirigeant-d-ennahdha\\\/213587\\\/#primaryimage\"},\"image\":{\"@id\":\"https:\\\/\\\/www.webdo.tn\\\/fr\\\/actualite\\\/national\\\/affaire-de-l-appareil-secret-mandat-de-depot-contre-un-dirigeant-d-ennahdha\\\/213587\\\/#primaryimage\"},\"thumbnailUrl\":\"https:\\\/\\\/www.webdo.tn\\\/fr\\\/wp-content\\\/uploads\\\/2024\\\/04\\\/cfd5c7ed2b1241b5bb89f1234a5930a1.jpg\",\"datePublished\":\"2024-04-16T19:36:00+00:00\",\"dateModified\":\"2025-05-20T22:12:51+00:00\",\"description\":\"Ce mardi 16 avril 2024, que le juge d'instruction du p\u00f4le judiciaire de lutte contre le terrorisme a \u00e9mis un mandat de d\u00e9p\u00f4t contre un dirigeant du mouvement En...\",\"breadcrumb\":{\"@id\":\"https:\\\/\\\/www.webdo.tn\\\/fr\\\/actualite\\\/national\\\/affaire-de-l-appareil-secret-mandat-de-depot-contre-un-dirigeant-d-ennahdha\\\/213587\\\/#breadcrumb\"},\"inLanguage\":\"fr-FR\",\"potentialAction\":[{\"@type\":\"ReadAction\",\"target\":[\"https:\\\/\\\/www.webdo.tn\\\/fr\\\/actualite\\\/national\\\/affaire-de-l-appareil-secret-mandat-de-depot-contre-un-dirigeant-d-ennahdha\\\/213587\\\/\"]}]},{\"@type\":\"ImageObject\",\"inLanguage\":\"fr-FR\",\"@id\":\"https:\\\/\\\/www.webdo.tn\\\/fr\\\/actualite\\\/national\\\/affaire-de-l-appareil-secret-mandat-de-depot-contre-un-dirigeant-d-ennahdha\\\/213587\\\/#primaryimage\",\"url\":\"https:\\\/\\\/www.webdo.tn\\\/fr\\\/wp-content\\\/uploads\\\/2024\\\/04\\\/cfd5c7ed2b1241b5bb89f1234a5930a1.jpg\",\"contentUrl\":\"https:\\\/\\\/www.webdo.tn\\\/fr\\\/wp-content\\\/uploads\\\/2024\\\/04\\\/cfd5c7ed2b1241b5bb89f1234a5930a1.jpg\",\"width\":650,\"height\":347,\"caption\":\"Affaire de l'appareil secret : Mandat de d\u00e9p\u00f4t contre un dirigeant d\u2019Ennahdha\"},{\"@type\":\"BreadcrumbList\",\"@id\":\"https:\\\/\\\/www.webdo.tn\\\/fr\\\/actualite\\\/national\\\/affaire-de-l-appareil-secret-mandat-de-depot-contre-un-dirigeant-d-ennahdha\\\/213587\\\/#breadcrumb\",\"itemListElement\":[{\"@type\":\"ListItem\",\"position\":1,\"name\":\"Accueil\",\"item\":\"https:\\\/\\\/www.webdo.tn\\\/fr\\\/\"},{\"@type\":\"ListItem\",\"position\":2,\"name\":\"Affaire de l&rsquo;appareil secret : Mandat de d\u00e9p\u00f4t contre un dirigeant d\u2019Ennahdha\"}]},{\"@type\":\"WebSite\",\"@id\":\"https:\\\/\\\/www.webdo.tn\\\/fr\\\/#website\",\"url\":\"https:\\\/\\\/www.webdo.tn\\\/fr\\\/\",\"name\":\"webdo\",\"description\":\"Tunisie - News en Tunisie et \u00e0 l&#039;international sur Webdo.tn\",\"publisher\":{\"@id\":\"https:\\\/\\\/www.webdo.tn\\\/fr\\\/#organization\"},\"potentialAction\":[{\"@type\":\"SearchAction\",\"target\":{\"@type\":\"EntryPoint\",\"urlTemplate\":\"https:\\\/\\\/www.webdo.tn\\\/fr\\\/?s={search_term_string}\"},\"query-input\":{\"@type\":\"PropertyValueSpecification\",\"valueRequired\":true,\"valueName\":\"search_term_string\"}}],\"inLanguage\":\"fr-FR\"},{\"@type\":\"Organization\",\"@id\":\"https:\\\/\\\/www.webdo.tn\\\/fr\\\/#organization\",\"name\":\"Webdo\",\"alternateName\":\"Webdo.tn\",\"url\":\"https:\\\/\\\/www.webdo.tn\\\/fr\\\/\",\"logo\":{\"@type\":\"ImageObject\",\"inLanguage\":\"fr-FR\",\"@id\":\"https:\\\/\\\/www.webdo.tn\\\/fr\\\/#\\\/schema\\\/logo\\\/image\\\/\",\"url\":\"https:\\\/\\\/www.webdo.tn\\\/fr\\\/wp-content\\\/uploads\\\/2025\\\/06\\\/Webdo-Tunisie_168377.jpg\",\"contentUrl\":\"https:\\\/\\\/www.webdo.tn\\\/fr\\\/wp-content\\\/uploads\\\/2025\\\/06\\\/Webdo-Tunisie_168377.jpg\",\"width\":301,\"height\":301,\"caption\":\"Webdo\"},\"image\":{\"@id\":\"https:\\\/\\\/www.webdo.tn\\\/fr\\\/#\\\/schema\\\/logo\\\/image\\\/\"},\"sameAs\":[\"https:\\\/\\\/www.facebook.com\\\/webdotn\",\"https:\\\/\\\/x.com\\\/webdo_tn\"],\"description\":\"Webdo est un m\u00e9dia num\u00e9rique tunisien fond\u00e9 en 2010, sp\u00e9cialis\u00e9 dans l\u2019actualit\u00e9 nationale et internationale, l\u2019\u00e9conomie, la soci\u00e9t\u00e9 et les analyses politiques. Le site s\u2019adresse \u00e0 un large public francophone et couvre l\u2019information tunisienne en temps r\u00e9el.\",\"email\":\"redac@webdo.tn\",\"legalName\":\"YNJ SARL\",\"foundingDate\":\"2010-09-06\",\"numberOfEmployees\":{\"@type\":\"QuantitativeValue\",\"minValue\":\"11\",\"maxValue\":\"50\"}},{\"@type\":\"Person\",\"@id\":\"https:\\\/\\\/www.webdo.tn\\\/fr\\\/#\\\/schema\\\/person\\\/2c4929cbf5a809e3bd38617c6ce150f6\",\"name\":\"MC\",\"image\":{\"@type\":\"ImageObject\",\"inLanguage\":\"fr-FR\",\"@id\":\"https:\\\/\\\/secure.gravatar.com\\\/avatar\\\/a545bbb6f84efdd5553dbbc2895e3ca8f1d12c5215e00a041c9670b54aa9b18a?s=96&d=mm&r=g\",\"url\":\"https:\\\/\\\/secure.gravatar.com\\\/avatar\\\/a545bbb6f84efdd5553dbbc2895e3ca8f1d12c5215e00a041c9670b54aa9b18a?s=96&d=mm&r=g\",\"contentUrl\":\"https:\\\/\\\/secure.gravatar.com\\\/avatar\\\/a545bbb6f84efdd5553dbbc2895e3ca8f1d12c5215e00a041c9670b54aa9b18a?s=96&d=mm&r=g\",\"caption\":\"MC\"},\"url\":\"https:\\\/\\\/www.webdo.tn\\\/fr\\\/actualite\\\/author\\\/mc\\\/\"}]}<\/script>\n<!-- \/ Yoast SEO Premium plugin. -->","yoast_head_json":{"title":"Affaire de l'appareil secret : Mandat de d\u00e9p\u00f4t contre un dirigeant d\u2019Ennahdha","description":"Ce mardi 16 avril 2024, que le juge d'instruction du p\u00f4le judiciaire de lutte contre le terrorisme a \u00e9mis un mandat de d\u00e9p\u00f4t contre un dirigeant du mouvement En...","canonical":"https:\/\/www.webdo.tn\/fr\/actualite\/national\/affaire-de-l-appareil-secret-mandat-de-depot-contre-un-dirigeant-d-ennahdha\/213587\/","og_locale":"fr_FR","og_type":"article","og_title":"Affaire de l'appareil secret : Mandat de d\u00e9p\u00f4t contre un dirigeant d\u2019Ennahdha","og_description":"Ce mardi 16 avril 2024, que le juge d'instruction du p\u00f4le judiciaire de lutte contre le terrorisme a \u00e9mis un mandat de d\u00e9p\u00f4t contre un dirigeant du mouvement En...","og_url":"https:\/\/www.webdo.tn\/fr\/actualite\/national\/affaire-de-l-appareil-secret-mandat-de-depot-contre-un-dirigeant-d-ennahdha\/213587\/","og_site_name":"webdo","article_publisher":"https:\/\/www.facebook.com\/webdotn","article_published_time":"2024-04-16T19:36:00+00:00","article_modified_time":"2025-05-20T22:12:51+00:00","og_image":[{"width":650,"height":347,"url":"https:\/\/www.webdo.tn\/fr\/wp-content\/uploads\/2024\/04\/cfd5c7ed2b1241b5bb89f1234a5930a1.jpg","type":"image\/jpeg"}],"author":"MC","twitter_card":"summary_large_image","twitter_creator":"@webdo_tn","twitter_site":"@webdo_tn","twitter_misc":{"\u00c9crit par":"MC","Dur\u00e9e de lecture estim\u00e9e":"2 minutes"},"schema":{"@context":"https:\/\/schema.org","@graph":[{"@type":"NewsArticle","@id":"https:\/\/www.webdo.tn\/fr\/actualite\/national\/affaire-de-l-appareil-secret-mandat-de-depot-contre-un-dirigeant-d-ennahdha\/213587\/#article","isPartOf":{"@id":"https:\/\/www.webdo.tn\/fr\/actualite\/national\/affaire-de-l-appareil-secret-mandat-de-depot-contre-un-dirigeant-d-ennahdha\/213587\/"},"author":{"name":"MC","@id":"https:\/\/www.webdo.tn\/fr\/#\/schema\/person\/2c4929cbf5a809e3bd38617c6ce150f6"},"headline":"Affaire de l&rsquo;appareil secret : Mandat de d\u00e9p\u00f4t contre un dirigeant d\u2019Ennahdha","datePublished":"2024-04-16T19:36:00+00:00","dateModified":"2025-05-20T22:12:51+00:00","mainEntityOfPage":{"@id":"https:\/\/www.webdo.tn\/fr\/actualite\/national\/affaire-de-l-appareil-secret-mandat-de-depot-contre-un-dirigeant-d-ennahdha\/213587\/"},"wordCount":395,"commentCount":0,"publisher":{"@id":"https:\/\/www.webdo.tn\/fr\/#organization"},"image":{"@id":"https:\/\/www.webdo.tn\/fr\/actualite\/national\/affaire-de-l-appareil-secret-mandat-de-depot-contre-un-dirigeant-d-ennahdha\/213587\/#primaryimage"},"thumbnailUrl":"https:\/\/www.webdo.tn\/fr\/wp-content\/uploads\/2024\/04\/cfd5c7ed2b1241b5bb89f1234a5930a1.jpg","keywords":["appareil secret","chokri belaid","Ennahdha","mandat de d\u00e9p\u00f4t","mohamed brahmi","Tunisie"],"articleSection":["National"],"inLanguage":"fr-FR"},{"@type":"WebPage","@id":"https:\/\/www.webdo.tn\/fr\/actualite\/national\/affaire-de-l-appareil-secret-mandat-de-depot-contre-un-dirigeant-d-ennahdha\/213587\/","url":"https:\/\/www.webdo.tn\/fr\/actualite\/national\/affaire-de-l-appareil-secret-mandat-de-depot-contre-un-dirigeant-d-ennahdha\/213587\/","name":"Affaire de l'appareil secret : Mandat de d\u00e9p\u00f4t contre un dirigeant d\u2019Ennahdha","isPartOf":{"@id":"https:\/\/www.webdo.tn\/fr\/#website"},"primaryImageOfPage":{"@id":"https:\/\/www.webdo.tn\/fr\/actualite\/national\/affaire-de-l-appareil-secret-mandat-de-depot-contre-un-dirigeant-d-ennahdha\/213587\/#primaryimage"},"image":{"@id":"https:\/\/www.webdo.tn\/fr\/actualite\/national\/affaire-de-l-appareil-secret-mandat-de-depot-contre-un-dirigeant-d-ennahdha\/213587\/#primaryimage"},"thumbnailUrl":"https:\/\/www.webdo.tn\/fr\/wp-content\/uploads\/2024\/04\/cfd5c7ed2b1241b5bb89f1234a5930a1.jpg","datePublished":"2024-04-16T19:36:00+00:00","dateModified":"2025-05-20T22:12:51+00:00","description":"Ce mardi 16 avril 2024, que le juge d'instruction du p\u00f4le judiciaire de lutte contre le terrorisme a \u00e9mis un mandat de d\u00e9p\u00f4t contre un dirigeant du mouvement En...","breadcrumb":{"@id":"https:\/\/www.webdo.tn\/fr\/actualite\/national\/affaire-de-l-appareil-secret-mandat-de-depot-contre-un-dirigeant-d-ennahdha\/213587\/#breadcrumb"},"inLanguage":"fr-FR","potentialAction":[{"@type":"ReadAction","target":["https:\/\/www.webdo.tn\/fr\/actualite\/national\/affaire-de-l-appareil-secret-mandat-de-depot-contre-un-dirigeant-d-ennahdha\/213587\/"]}]},{"@type":"ImageObject","inLanguage":"fr-FR","@id":"https:\/\/www.webdo.tn\/fr\/actualite\/national\/affaire-de-l-appareil-secret-mandat-de-depot-contre-un-dirigeant-d-ennahdha\/213587\/#primaryimage","url":"https:\/\/www.webdo.tn\/fr\/wp-content\/uploads\/2024\/04\/cfd5c7ed2b1241b5bb89f1234a5930a1.jpg","contentUrl":"https:\/\/www.webdo.tn\/fr\/wp-content\/uploads\/2024\/04\/cfd5c7ed2b1241b5bb89f1234a5930a1.jpg","width":650,"height":347,"caption":"Affaire de l'appareil secret : Mandat de d\u00e9p\u00f4t contre un dirigeant d\u2019Ennahdha"},{"@type":"BreadcrumbList","@id":"https:\/\/www.webdo.tn\/fr\/actualite\/national\/affaire-de-l-appareil-secret-mandat-de-depot-contre-un-dirigeant-d-ennahdha\/213587\/#breadcrumb","itemListElement":[{"@type":"ListItem","position":1,"name":"Accueil","item":"https:\/\/www.webdo.tn\/fr\/"},{"@type":"ListItem","position":2,"name":"Affaire de l&rsquo;appareil secret : Mandat de d\u00e9p\u00f4t contre un dirigeant d\u2019Ennahdha"}]},{"@type":"WebSite","@id":"https:\/\/www.webdo.tn\/fr\/#website","url":"https:\/\/www.webdo.tn\/fr\/","name":"webdo","description":"Tunisie - News en Tunisie et \u00e0 l&#039;international sur Webdo.tn","publisher":{"@id":"https:\/\/www.webdo.tn\/fr\/#organization"},"potentialAction":[{"@type":"SearchAction","target":{"@type":"EntryPoint","urlTemplate":"https:\/\/www.webdo.tn\/fr\/?s={search_term_string}"},"query-input":{"@type":"PropertyValueSpecification","valueRequired":true,"valueName":"search_term_string"}}],"inLanguage":"fr-FR"},{"@type":"Organization","@id":"https:\/\/www.webdo.tn\/fr\/#organization","name":"Webdo","alternateName":"Webdo.tn","url":"https:\/\/www.webdo.tn\/fr\/","logo":{"@type":"ImageObject","inLanguage":"fr-FR","@id":"https:\/\/www.webdo.tn\/fr\/#\/schema\/logo\/image\/","url":"https:\/\/www.webdo.tn\/fr\/wp-content\/uploads\/2025\/06\/Webdo-Tunisie_168377.jpg","contentUrl":"https:\/\/www.webdo.tn\/fr\/wp-content\/uploads\/2025\/06\/Webdo-Tunisie_168377.jpg","width":301,"height":301,"caption":"Webdo"},"image":{"@id":"https:\/\/www.webdo.tn\/fr\/#\/schema\/logo\/image\/"},"sameAs":["https:\/\/www.facebook.com\/webdotn","https:\/\/x.com\/webdo_tn"],"description":"Webdo est un m\u00e9dia num\u00e9rique tunisien fond\u00e9 en 2010, sp\u00e9cialis\u00e9 dans l\u2019actualit\u00e9 nationale et internationale, l\u2019\u00e9conomie, la soci\u00e9t\u00e9 et les analyses politiques. Le site s\u2019adresse \u00e0 un large public francophone et couvre l\u2019information tunisienne en temps r\u00e9el.","email":"redac@webdo.tn","legalName":"YNJ SARL","foundingDate":"2010-09-06","numberOfEmployees":{"@type":"QuantitativeValue","minValue":"11","maxValue":"50"}},{"@type":"Person","@id":"https:\/\/www.webdo.tn\/fr\/#\/schema\/person\/2c4929cbf5a809e3bd38617c6ce150f6","name":"MC","image":{"@type":"ImageObject","inLanguage":"fr-FR","@id":"https:\/\/secure.gravatar.com\/avatar\/a545bbb6f84efdd5553dbbc2895e3ca8f1d12c5215e00a041c9670b54aa9b18a?s=96&d=mm&r=g","url":"https:\/\/secure.gravatar.com\/avatar\/a545bbb6f84efdd5553dbbc2895e3ca8f1d12c5215e00a041c9670b54aa9b18a?s=96&d=mm&r=g","contentUrl":"https:\/\/secure.gravatar.com\/avatar\/a545bbb6f84efdd5553dbbc2895e3ca8f1d12c5215e00a041c9670b54aa9b18a?s=96&d=mm&r=g","caption":"MC"},"url":"https:\/\/www.webdo.tn\/fr\/actualite\/author\/mc\/"}]}},"_links":{"self":[{"href":"https:\/\/www.webdo.tn\/fr\/wp-json\/wp\/v2\/posts\/213587","targetHints":{"allow":["GET"]}}],"collection":[{"href":"https:\/\/www.webdo.tn\/fr\/wp-json\/wp\/v2\/posts"}],"about":[{"href":"https:\/\/www.webdo.tn\/fr\/wp-json\/wp\/v2\/types\/post"}],"author":[{"embeddable":true,"href":"https:\/\/www.webdo.tn\/fr\/wp-json\/wp\/v2\/users\/3162"}],"replies":[{"embeddable":true,"href":"https:\/\/www.webdo.tn\/fr\/wp-json\/wp\/v2\/comments?post=213587"}],"version-history":[{"count":0,"href":"https:\/\/www.webdo.tn\/fr\/wp-json\/wp\/v2\/posts\/213587\/revisions"}],"wp:featuredmedia":[{"embeddable":true,"href":"https:\/\/www.webdo.tn\/fr\/wp-json\/wp\/v2\/media\/290492"}],"wp:attachment":[{"href":"https:\/\/www.webdo.tn\/fr\/wp-json\/wp\/v2\/media?parent=213587"}],"wp:term":[{"taxonomy":"category","embeddable":true,"href":"https:\/\/www.webdo.tn\/fr\/wp-json\/wp\/v2\/categories?post=213587"},{"taxonomy":"post_tag","embeddable":true,"href":"https:\/\/www.webdo.tn\/fr\/wp-json\/wp\/v2\/tags?post=213587"}],"curies":[{"name":"wp","href":"https:\/\/api.w.org\/{rel}","templated":true}]}}