{"id":213586,"date":"2024-04-16T15:28:00","date_gmt":"2024-04-16T15:28:00","guid":{"rendered":"https:\/\/www.webdo.tn\/fr\/blog\/aa-amal-une-odyssee-feministe-dans-le-paysage-televisuel-du-ramadan\/213586\/"},"modified":"2025-05-21T08:57:26","modified_gmt":"2025-05-21T08:57:26","slug":"aa-amal-une-odyssee-feministe-dans-le-paysage-televisuel-du-ramadan","status":"publish","type":"post","link":"https:\/\/www.webdo.tn\/fr\/actualite\/culture\/aa-amal-une-odyssee-feministe-dans-le-paysage-televisuel-du-ramadan\/213586\/","title":{"rendered":"\u00ab\u00a0Aa Amal\u00a0\u00bb: Une odyss\u00e9e f\u00e9ministe pour encourager les femmes \u00e0 s\u2019\u00e9manciper"},"content":{"rendered":"<div class=\"single-body entry-content typography-copy\" itemprop=\"articleBody\">\n<p style=\"font-weight: bold; text-align: justify\">\n\t\t\t\t\t\t\t\t\t\u00ab\u00a0Aa Amal\u00a0\u00bb: Une odyss\u00e9e f\u00e9ministe pour encourager les femmes \u00e0 s\u2019\u00e9manciper\n\t\t\t\t\t\t\t\t<\/p>\n<div class=\"coprs\" style=\"text-align: center\"><\/div>\n<div class=\"coprs\" style=\"text-align: justify\">\n<p><span><span>Dans le paysage des feuilletons t\u00e9l\u00e9vis\u00e9s diffus\u00e9s pendant ce Ramadan, <em>Aa Amal (Avec l\u2019espoir)<\/em> se distingue par son histoire captivante et son exploration des questions sociales. \u00c9crit par Nadine Jaber et r\u00e9alis\u00e9 par Rami Hanna, <em>Aa Amal<\/em> transcende le simple divertissement pour devenir une tribune enflamm\u00e9e pour les droits des femmes.<\/span><\/span><\/p>\n<p><span><span>Au c\u0153ur de cette saga captivante r\u00e9side la famille Helm de Kfar Helm, une famille libanaise dont les luttes int\u00e9rieures refl\u00e8tent les tensions et les injustices d&rsquo;une soci\u00e9t\u00e9 patriarcale. Sous la f\u00e9rule autoritaire de Seif, magnifiquement incarn\u00e9 par Amar Shalak, les femmes de la famille sont rel\u00e9gu\u00e9es \u00e0 un statut de subordination, soumises \u00e0 des r\u00e8gles rigides, \u00e0 des traditions oppressives et m\u00eame \u00e0 la violence.<\/span><\/span><\/p>\n<p><span><span>L&rsquo;histoire prend une tournure poignante avec le destin tragique de Souhad, personnifi\u00e9e par Maguy Bou Ghosn. Fuyant un mariage abusif, Souhad devient le symbole vibrant de la lutte des femmes pour la libert\u00e9 et la dignit\u00e9. Son parcours, marqu\u00e9 par un crime d&rsquo;honneur perp\u00e9tr\u00e9 par son propre fr\u00e8re, met en lumi\u00e8re les d\u00e9fis et les sacrifices auxquels les femmes sont confront\u00e9es dans une soci\u00e9t\u00e9 qui peine \u00e0 reconna\u00eetre leur valeur et leur autonomie.<\/span><\/span><\/p>\n<p><span><span>Pourtant, m\u00eame au c\u0153ur des t\u00e9n\u00e8bres, <em>Aa Amal<\/em> offre une lueur d&rsquo;espoir \u00e0 travers des personnages comme Yassar, jadis Souhad. En tant que journaliste intr\u00e9pide et m\u00e8re courageuse, Yassar d\u00e9fie ouvertement les normes oppressives de la soci\u00e9t\u00e9, rappelant aux spectateurs le pouvoir de la r\u00e9sistance individuelle et de la lutte pour la justice.<\/span><\/span><\/p>\n<p>\u00a0<\/p>\n<figure class=\"image\"><img decoding=\"async\" alt=\"\" height=\"454\" src=\"\/assets\/uploads\/images\/\/Neila\/AA%20Amal%20Yassar.jpeg\" width=\"865\"><figcaption><em>L&rsquo;actrice libanaise Maguy Bou Ghosn dans le r\u00f4le de Yassar<\/em><\/figcaption><\/figure>\n<p>\u00a0<\/p>\n<p><span><span>La s\u00e9rie explore \u00e9galement les dynamiques complexes entre les personnages masculins, notamment Nibal, incarn\u00e9 par Mehyar Khdour, et Jalal, jou\u00e9 avec brio par Badih Abou Chakra. Leurs luttes int\u00e9rieures et leurs choix moraux viennent enrichir l&rsquo;intrigue, offrant des perspectives nuanc\u00e9es sur les relations de pouvoir et de genre.<\/span><\/span><\/p>\n<p><span><span>Mais <em>Aa Amal<\/em> va au-del\u00e0 du simple r\u00e9cit familial pour devenir une puissante d\u00e9claration en faveur de l&rsquo;\u00e9mancipation des femmes. \u00c0 travers des intrigues captivantes et des dialogues percutants, la s\u00e9rie c\u00e9l\u00e8bre la force collective des femmes qui s&rsquo;unissent pour d\u00e9fier les normes sociales oppressives et revendiquer leur place dans une soci\u00e9t\u00e9 plus juste et \u00e9galitaire.<\/span><\/span><\/p>\n<p><span><span>Plongeant dans les diff\u00e9rentes facettes de la soci\u00e9t\u00e9<em>, Aa Amal<\/em> met en contraste les modes de vie urbains et ruraux. Dans les ruelles anim\u00e9es de la ville, les femmes trouvent une certaine libert\u00e9 et peuvent aspirer \u00e0 une \u00e9mancipation progressive, tandis que dans les villages recul\u00e9s, les traditions archa\u00efques maintiennent les femmes dans un \u00e9tat de d\u00e9pendance et de soumission, proche de l\u2019esclavage. Cette dualit\u00e9 entre la modernit\u00e9 urbaine et la tradition rurale offre un contraste saisissant qui met en relief les d\u00e9fis auxquels les femmes sont confront\u00e9es dans leur qu\u00eate de libert\u00e9 et d&rsquo;autonomie.<\/span><\/span><\/p>\n<p><span><span>Un autre contraste frappant r\u00e9side dans la diff\u00e9rence entre les g\u00e9n\u00e9rations. Les jeunes hommes, m\u00eame dans les campagnes, affichent une ouverture d&rsquo;esprit et une tol\u00e9rance qui d\u00e9fient les normes rigides de leurs anc\u00eatres. \u00c9lev\u00e9s dans un environnement o\u00f9 les traditions d\u00e9su\u00e8tes dictent souvent les comportements, ces jeunes hommes \u00e9veillent l&rsquo;espoir d&rsquo;un changement progressif au sein de leur communaut\u00e9.<\/span><\/span><\/p>\n<p><span><span><em>Aa Amal<\/em> pousse \u00e9galement les femmes \u00e0 briser les cha\u00eenes de l&rsquo;oppression et \u00e0 revendiquer leur place dans une soci\u00e9t\u00e9 plus juste et \u00e9galitaire. Initialement de mani\u00e8re discr\u00e8te, puis de plus en plus directe au fil des \u00e9pisodes, la s\u00e9rie v\u00e9hicule un message puissant : celui de la r\u00e9volte contre les traditions archa\u00efques et du combat pour la libert\u00e9 et les droits fondamentaux des femmes.<\/span><\/span><\/p>\n<p><span><span>Au c\u0153ur de cette lutte se trouvent des revendications \u00e9l\u00e9mentaires, telles que le droit \u00e0 l&rsquo;\u00e9ducation, le droit au travail et le droit de choisir son conjoint, autant de libert\u00e9s fondamentales que les femmes sont trop souvent priv\u00e9es dans les r\u00e9gions o\u00f9 les traditions conservatrices persistent.<\/span><\/span><\/p>\n<p>\u00a0<\/p>\n<p><img decoding=\"async\" alt=\"\" height=\"770\" src=\"\/assets\/uploads\/images\/\/Neila\/Aa%20amal%20affiche.jpeg\" width=\"640\"><\/p>\n<p>\u00a0<\/p>\n<p><span><span>Le feuilleton <em>Aa Amal<\/em> a d\u00e9clench\u00e9 un d\u00e9bat d&rsquo;envergure au Liban en mettant en lumi\u00e8re les questions de violence contre les femmes et les crimes d&rsquo;honneur, incitant ainsi les militants et certains responsables \u00e0 prendre des mesures significatives contre cette forme de violence.<\/span><\/span><\/p>\n<p><span><span>Face aux enjeux soulev\u00e9s par la s\u00e9rie et dans un contexte l\u00e9gislatif lacunaire, l&rsquo;association libanaise \u00ab\u00a0Kafa\u00a0\u00bb, en collaboration avec plusieurs d\u00e9put\u00e9s, a propos\u00e9 une loi visant \u00e0 combattre la violence sous toutes ses formes \u00e0 l&rsquo;encontre des femmes.<\/span><\/span><\/p>\n<p><span><span>Cette proposition de loi est fond\u00e9e sur les principes du droit international des droits de l&rsquo;Homme et du droit international humanitaire. Elle met particuli\u00e8rement l&rsquo;accent sur plusieurs points cruciaux :<\/span><\/span><\/p>\n<p><span><span>&#8211; Consid\u00e9rer la violence contre les femmes comme une forme de discrimination et une violation des droits de l&rsquo;homme, et la traiter comme un crime punissable par la loi.<\/span><\/span><\/p>\n<p><span><span>&#8211; Rejeter toute justification culturelle, coutumi\u00e8re ou d'\u00a0\u00bbhonneur\u00a0\u00bb pour les actes de violence contre les femmes.<\/span><\/span><\/p>\n<p><span><span>&#8211; Respecter la volont\u00e9 des femmes dans les choix qui les concernent, en garantissant leur libert\u00e9 de d\u00e9cision.<\/span><\/span><\/p>\n<p><span><span>&#8211; Assurer la s\u00e9curit\u00e9 personnelle et la vie priv\u00e9e des femmes, en leur offrant une protection l\u00e9gale ad\u00e9quate.<\/span><\/span><\/p>\n<p><span><span>&#8211; Fournir un soutien juridique aux femmes et aux filles victimes de violence, en leur permettant d&rsquo;acc\u00e9der \u00e0 la justice et en b\u00e9n\u00e9ficiant de l&rsquo;aide judiciaire n\u00e9cessaire.<\/span><\/span><\/p>\n<p><span><span>&#8211; Suivre les femmes et les filles victimes de violence, en collaboration avec les autorit\u00e9s comp\u00e9tentes, afin de leur fournir l&rsquo;assistance sociale, sanitaire et psychologique n\u00e9cessaire pour leur r\u00e9tablissement et leur r\u00e9int\u00e9gration dans la mesure du possible.<\/span><\/span><\/p>\n<p><span><span>L&rsquo;actrice Maguy Bou Ghosn, interpr\u00e8te principale de la s\u00e9rie, a salu\u00e9 cette initiative sur la plateforme X, soulignant ainsi la transformation du feuilleton en un moyen efficace de changement soci\u00e9tal. Elle a exprim\u00e9 sa gratitude envers la d\u00e9put\u00e9e libanaise Paula Yacoubian et l&rsquo;association Kafa pour leur travail acharn\u00e9 en faveur de cette cause.<\/span><\/span><\/p>\n<p><span><span>La sc\u00e9nariste Nadine Jaber a \u00e9galement r\u00e9agi avec fiert\u00e9, soulignant l&rsquo;impact positif des \u0153uvres t\u00e9l\u00e9visuelles dans la sensibilisation et l&rsquo;influence sociale. Elle a remerci\u00e9 tous ceux qui ont contribu\u00e9 \u00e0 cette initiative, soulignant l&rsquo;importance de prot\u00e9ger toutes les femmes contre la violence.<\/span><\/span><\/p>\n<p><span><span>En r\u00e9alit\u00e9 le feuilleton Aa Amal ne se contente pas de divertir ; il interpelle, il questionne et il inspire. \u00c0 travers ses personnages vibrants et ses intrigues captivantes, il nous rappelle l&rsquo;importance cruciale de la lutte pour l&rsquo;\u00e9galit\u00e9 des sexes et le respect des droits fondamentaux. Il s&rsquo;affirme comme un appel \u00e0 l&rsquo;action pour promouvoir les droits des femmes, lutter contre les id\u00e9es r\u00e9trogrades et misogynes, et \u00e9radiquer les crimes d&rsquo;honneur et toute forme de violence \u00e0 l&rsquo;\u00e9gard des femmes. En stimulant le dialogue et en incitant \u00e0 l&rsquo;action, cette s\u00e9rie t\u00e9l\u00e9vis\u00e9e s&rsquo;affirme comme un phare d&rsquo;espoir dans un monde o\u00f9 la qu\u00eate de libert\u00e9 et de dignit\u00e9 demeure une lutte inlassable.<\/span><\/span><\/p>\n<p><span><span>Vous pourrez voir <em>Aa Amal<\/em> sur la plateforme Shahid, en version originale libanaise, sous-titr\u00e9e dans plusieurs langues, dont l\u2019anglais et le fran\u00e7ais.<\/p>\n<p>Voici le teaser de la s\u00e9rie, qui illustre bien la violence contre les femmes:<\/span><\/span><\/p>\n<p><iframe allowfullscreen=\"\" frameborder=\"0\" height=\"315\" src=\"https:\/\/www.youtube.com\/embed\/b5OX5ktoJ8Q?si=7uZ0Zt59xUuoWLAo\" title=\"YouTube video player\" width=\"560\"><\/iframe><\/p>\n<p>\u00a0<\/p>\n<p><span><span><strong><span>Ne\u00efla Driss<\/span><\/strong><\/span><\/span><\/p>\n<\/p><\/div>\n<div class=\"coprs\" style=\"text-align: center\"><\/div><\/div>\n","protected":false},"excerpt":{"rendered":"<p>Aa Amal : Une odyss\u00e9e f\u00e9ministe dans le paysage t\u00e9l\u00e9visuel du ramadan<\/p>\n","protected":false},"author":3164,"featured_media":290489,"comment_status":"open","ping_status":"closed","sticky":false,"template":"","format":"standard","meta":{"footnotes":""},"categories":[2594],"tags":[3833,8624,6714,6713],"class_list":["post-213586","post","type-post","status-publish","format-standard","has-post-thumbnail","hentry","category-culture","tag-feuilleton","tag-feuilleton-libanais","tag-feuilleton-ramadanesque","tag-ramadan-2024"],"yoast_head":"<!-- This site is optimized with the Yoast SEO Premium plugin v27.5 (Yoast SEO v27.5) - https:\/\/yoast.com\/product\/yoast-seo-premium-wordpress\/ -->\n<title>Aa Amal : Une odyss\u00e9e f\u00e9ministe pour encourager les femmes \u00e0 s\u2019\u00e9manciper<\/title>\n<meta name=\"description\" content=\"Aa Amal : Une odyss\u00e9e f\u00e9ministe dans le paysage t\u00e9l\u00e9visuel du ramadan\" \/>\n<link rel=\"canonical\" href=\"https:\/\/www.webdo.tn\/fr\/actualite\/culture\/aa-amal-une-odyssee-feministe-dans-le-paysage-televisuel-du-ramadan\/213586\/\" \/>\n<meta property=\"og:locale\" content=\"fr_FR\" \/>\n<meta property=\"og:type\" content=\"article\" \/>\n<meta property=\"og:title\" content=\"&quot;Aa Amal&quot;: Une odyss\u00e9e f\u00e9ministe pour encourager les femmes \u00e0 s\u2019\u00e9manciper\" \/>\n<meta property=\"og:description\" content=\"Aa Amal : Une odyss\u00e9e f\u00e9ministe dans le paysage t\u00e9l\u00e9visuel du ramadan\" \/>\n<meta property=\"og:url\" content=\"https:\/\/www.webdo.tn\/fr\/actualite\/culture\/aa-amal-une-odyssee-feministe-dans-le-paysage-televisuel-du-ramadan\/213586\/\" \/>\n<meta property=\"og:site_name\" content=\"webdo\" \/>\n<meta property=\"article:publisher\" content=\"https:\/\/www.facebook.com\/webdotn\" \/>\n<meta property=\"article:author\" content=\"https:\/\/www.facebook.com\/massir.destiniii\/\" \/>\n<meta property=\"article:published_time\" content=\"2024-04-16T15:28:00+00:00\" \/>\n<meta property=\"article:modified_time\" content=\"2025-05-21T08:57:26+00:00\" \/>\n<meta property=\"og:image\" content=\"https:\/\/www.webdo.tn\/fr\/wp-content\/uploads\/2024\/04\/06680528f058618a237ed052072fb6f7.jpeg\" \/>\n\t<meta property=\"og:image:width\" content=\"750\" \/>\n\t<meta property=\"og:image:height\" content=\"400\" \/>\n\t<meta property=\"og:image:type\" content=\"image\/jpeg\" \/>\n<meta name=\"author\" content=\"Ne\u00efla DRISS\" \/>\n<meta name=\"twitter:card\" content=\"summary_large_image\" \/>\n<meta name=\"twitter:creator\" content=\"@https:\/\/x.com\/MassirDestin\" \/>\n<meta name=\"twitter:site\" content=\"@webdo_tn\" \/>\n<meta name=\"twitter:label1\" content=\"\u00c9crit par\" \/>\n\t<meta name=\"twitter:data1\" content=\"Ne\u00efla DRISS\" \/>\n\t<meta name=\"twitter:label2\" content=\"Dur\u00e9e de lecture estim\u00e9e\" \/>\n\t<meta name=\"twitter:data2\" content=\"6 minutes\" \/>\n<script type=\"application\/ld+json\" class=\"yoast-schema-graph\">{\"@context\":\"https:\\\/\\\/schema.org\",\"@graph\":[{\"@type\":\"NewsArticle\",\"@id\":\"https:\\\/\\\/www.webdo.tn\\\/fr\\\/actualite\\\/culture\\\/aa-amal-une-odyssee-feministe-dans-le-paysage-televisuel-du-ramadan\\\/213586\\\/#article\",\"isPartOf\":{\"@id\":\"https:\\\/\\\/www.webdo.tn\\\/fr\\\/actualite\\\/culture\\\/aa-amal-une-odyssee-feministe-dans-le-paysage-televisuel-du-ramadan\\\/213586\\\/\"},\"author\":{\"name\":\"Ne\u00efla DRISS\",\"@id\":\"https:\\\/\\\/www.webdo.tn\\\/fr\\\/#\\\/schema\\\/person\\\/60d5ba619ed3f58783b0dc82b7dada80\"},\"headline\":\"\u00ab\u00a0Aa Amal\u00a0\u00bb: Une odyss\u00e9e f\u00e9ministe pour encourager les femmes \u00e0 s\u2019\u00e9manciper\",\"datePublished\":\"2024-04-16T15:28:00+00:00\",\"dateModified\":\"2025-05-21T08:57:26+00:00\",\"mainEntityOfPage\":{\"@id\":\"https:\\\/\\\/www.webdo.tn\\\/fr\\\/actualite\\\/culture\\\/aa-amal-une-odyssee-feministe-dans-le-paysage-televisuel-du-ramadan\\\/213586\\\/\"},\"wordCount\":1294,\"commentCount\":0,\"publisher\":{\"@id\":\"https:\\\/\\\/www.webdo.tn\\\/fr\\\/#organization\"},\"image\":{\"@id\":\"https:\\\/\\\/www.webdo.tn\\\/fr\\\/actualite\\\/culture\\\/aa-amal-une-odyssee-feministe-dans-le-paysage-televisuel-du-ramadan\\\/213586\\\/#primaryimage\"},\"thumbnailUrl\":\"https:\\\/\\\/www.webdo.tn\\\/fr\\\/wp-content\\\/uploads\\\/2024\\\/04\\\/06680528f058618a237ed052072fb6f7.jpeg\",\"keywords\":[\"feuilleton\",\"Feuilleton libanais\",\"Feuilleton ramadanesque\",\"Ramadan 2024\"],\"articleSection\":[\"Culture\"],\"inLanguage\":\"fr-FR\"},{\"@type\":\"WebPage\",\"@id\":\"https:\\\/\\\/www.webdo.tn\\\/fr\\\/actualite\\\/culture\\\/aa-amal-une-odyssee-feministe-dans-le-paysage-televisuel-du-ramadan\\\/213586\\\/\",\"url\":\"https:\\\/\\\/www.webdo.tn\\\/fr\\\/actualite\\\/culture\\\/aa-amal-une-odyssee-feministe-dans-le-paysage-televisuel-du-ramadan\\\/213586\\\/\",\"name\":\"Aa Amal : Une odyss\u00e9e f\u00e9ministe pour encourager les femmes \u00e0 s\u2019\u00e9manciper\",\"isPartOf\":{\"@id\":\"https:\\\/\\\/www.webdo.tn\\\/fr\\\/#website\"},\"primaryImageOfPage\":{\"@id\":\"https:\\\/\\\/www.webdo.tn\\\/fr\\\/actualite\\\/culture\\\/aa-amal-une-odyssee-feministe-dans-le-paysage-televisuel-du-ramadan\\\/213586\\\/#primaryimage\"},\"image\":{\"@id\":\"https:\\\/\\\/www.webdo.tn\\\/fr\\\/actualite\\\/culture\\\/aa-amal-une-odyssee-feministe-dans-le-paysage-televisuel-du-ramadan\\\/213586\\\/#primaryimage\"},\"thumbnailUrl\":\"https:\\\/\\\/www.webdo.tn\\\/fr\\\/wp-content\\\/uploads\\\/2024\\\/04\\\/06680528f058618a237ed052072fb6f7.jpeg\",\"datePublished\":\"2024-04-16T15:28:00+00:00\",\"dateModified\":\"2025-05-21T08:57:26+00:00\",\"description\":\"Aa Amal : Une odyss\u00e9e f\u00e9ministe dans le paysage t\u00e9l\u00e9visuel du ramadan\",\"breadcrumb\":{\"@id\":\"https:\\\/\\\/www.webdo.tn\\\/fr\\\/actualite\\\/culture\\\/aa-amal-une-odyssee-feministe-dans-le-paysage-televisuel-du-ramadan\\\/213586\\\/#breadcrumb\"},\"inLanguage\":\"fr-FR\",\"potentialAction\":[{\"@type\":\"ReadAction\",\"target\":[\"https:\\\/\\\/www.webdo.tn\\\/fr\\\/actualite\\\/culture\\\/aa-amal-une-odyssee-feministe-dans-le-paysage-televisuel-du-ramadan\\\/213586\\\/\"]}]},{\"@type\":\"ImageObject\",\"inLanguage\":\"fr-FR\",\"@id\":\"https:\\\/\\\/www.webdo.tn\\\/fr\\\/actualite\\\/culture\\\/aa-amal-une-odyssee-feministe-dans-le-paysage-televisuel-du-ramadan\\\/213586\\\/#primaryimage\",\"url\":\"https:\\\/\\\/www.webdo.tn\\\/fr\\\/wp-content\\\/uploads\\\/2024\\\/04\\\/06680528f058618a237ed052072fb6f7.jpeg\",\"contentUrl\":\"https:\\\/\\\/www.webdo.tn\\\/fr\\\/wp-content\\\/uploads\\\/2024\\\/04\\\/06680528f058618a237ed052072fb6f7.jpeg\",\"width\":750,\"height\":400,\"caption\":\"\\\"Aa Amal\\\": Une odyss\u00e9e f\u00e9ministe pour encourager les femmes \u00e0 s\u2019\u00e9manciper\"},{\"@type\":\"BreadcrumbList\",\"@id\":\"https:\\\/\\\/www.webdo.tn\\\/fr\\\/actualite\\\/culture\\\/aa-amal-une-odyssee-feministe-dans-le-paysage-televisuel-du-ramadan\\\/213586\\\/#breadcrumb\",\"itemListElement\":[{\"@type\":\"ListItem\",\"position\":1,\"name\":\"Accueil\",\"item\":\"https:\\\/\\\/www.webdo.tn\\\/fr\\\/\"},{\"@type\":\"ListItem\",\"position\":2,\"name\":\"\u00ab\u00a0Aa Amal\u00a0\u00bb: Une odyss\u00e9e f\u00e9ministe pour encourager les femmes \u00e0 s\u2019\u00e9manciper\"}]},{\"@type\":\"WebSite\",\"@id\":\"https:\\\/\\\/www.webdo.tn\\\/fr\\\/#website\",\"url\":\"https:\\\/\\\/www.webdo.tn\\\/fr\\\/\",\"name\":\"webdo\",\"description\":\"Tunisie - News en Tunisie et \u00e0 l&#039;international sur Webdo.tn\",\"publisher\":{\"@id\":\"https:\\\/\\\/www.webdo.tn\\\/fr\\\/#organization\"},\"potentialAction\":[{\"@type\":\"SearchAction\",\"target\":{\"@type\":\"EntryPoint\",\"urlTemplate\":\"https:\\\/\\\/www.webdo.tn\\\/fr\\\/?s={search_term_string}\"},\"query-input\":{\"@type\":\"PropertyValueSpecification\",\"valueRequired\":true,\"valueName\":\"search_term_string\"}}],\"inLanguage\":\"fr-FR\"},{\"@type\":\"Organization\",\"@id\":\"https:\\\/\\\/www.webdo.tn\\\/fr\\\/#organization\",\"name\":\"Webdo\",\"alternateName\":\"Webdo.tn\",\"url\":\"https:\\\/\\\/www.webdo.tn\\\/fr\\\/\",\"logo\":{\"@type\":\"ImageObject\",\"inLanguage\":\"fr-FR\",\"@id\":\"https:\\\/\\\/www.webdo.tn\\\/fr\\\/#\\\/schema\\\/logo\\\/image\\\/\",\"url\":\"https:\\\/\\\/www.webdo.tn\\\/fr\\\/wp-content\\\/uploads\\\/2025\\\/06\\\/Webdo-Tunisie_168377.jpg\",\"contentUrl\":\"https:\\\/\\\/www.webdo.tn\\\/fr\\\/wp-content\\\/uploads\\\/2025\\\/06\\\/Webdo-Tunisie_168377.jpg\",\"width\":301,\"height\":301,\"caption\":\"Webdo\"},\"image\":{\"@id\":\"https:\\\/\\\/www.webdo.tn\\\/fr\\\/#\\\/schema\\\/logo\\\/image\\\/\"},\"sameAs\":[\"https:\\\/\\\/www.facebook.com\\\/webdotn\",\"https:\\\/\\\/x.com\\\/webdo_tn\"],\"description\":\"Webdo est un m\u00e9dia num\u00e9rique tunisien fond\u00e9 en 2010, sp\u00e9cialis\u00e9 dans l\u2019actualit\u00e9 nationale et internationale, l\u2019\u00e9conomie, la soci\u00e9t\u00e9 et les analyses politiques. Le site s\u2019adresse \u00e0 un large public francophone et couvre l\u2019information tunisienne en temps r\u00e9el.\",\"email\":\"redac@webdo.tn\",\"legalName\":\"YNJ SARL\",\"foundingDate\":\"2010-09-06\",\"numberOfEmployees\":{\"@type\":\"QuantitativeValue\",\"minValue\":\"11\",\"maxValue\":\"50\"}},{\"@type\":\"Person\",\"@id\":\"https:\\\/\\\/www.webdo.tn\\\/fr\\\/#\\\/schema\\\/person\\\/60d5ba619ed3f58783b0dc82b7dada80\",\"name\":\"Ne\u00efla DRISS\",\"image\":{\"@type\":\"ImageObject\",\"inLanguage\":\"fr-FR\",\"@id\":\"https:\\\/\\\/www.webdo.tn\\\/fr\\\/wp-content\\\/uploads\\\/2026\\\/04\\\/neila-driss_avatar-96x96.jpg\",\"url\":\"https:\\\/\\\/www.webdo.tn\\\/fr\\\/wp-content\\\/uploads\\\/2026\\\/04\\\/neila-driss_avatar-96x96.jpg\",\"contentUrl\":\"https:\\\/\\\/www.webdo.tn\\\/fr\\\/wp-content\\\/uploads\\\/2026\\\/04\\\/neila-driss_avatar-96x96.jpg\",\"caption\":\"Ne\u00efla DRISS\"},\"description\":\"Ne\u00efla Driss est juriste, journaliste culturelle et critique de cin\u00e9ma tunisienne. Titulaire d\u2019un DEA en droit priv\u00e9 de l\u2019Universit\u00e9 Paris II et d\u2019un DESS de l\u2019IHEC Carthage, elle d\u00e9bute sa carri\u00e8re comme juriste sp\u00e9cialis\u00e9e en gestion de patrimoine immobilier. Elle s\u2019oriente ensuite vers l\u2019\u00e9criture en ligne, o\u00f9 elle se distingue d\u00e8s 2006 aux Tunisia Blog Awards, avant de se consacrer au journalisme culturel, avec une sp\u00e9cialisation dans la critique cin\u00e9matographique. Elle couvre r\u00e9guli\u00e8rement les grands festivals internationaux, notamment le Festival de Cannes, les Journ\u00e9es Cin\u00e9matographiques de Carthage et le Festival du film du Caire. Membre de l\u2019ATPCC et de la FIPRESCI, elle participe \u00e0 des jurys et initiatives internationales de critique. Depuis 2024, elle est \u00e9lectrice internationale aux Golden Globes. Facebook : https:\\\/\\\/www.facebook.com\\\/massir.destiniii\\\/ X : https:\\\/\\\/x.com\\\/MassirDestin\",\"sameAs\":[\"https:\\\/\\\/www.facebook.com\\\/massir.destiniii\\\/\",\"https:\\\/\\\/www.instagram.com\\\/neila.driss\\\/?hl=fr\",\"https:\\\/\\\/www.linkedin.com\\\/in\\\/neila-driss-22606a80\\\/\",\"https:\\\/\\\/x.com\\\/https:\\\/\\\/x.com\\\/MassirDestin\"],\"knowsAbout\":[\"Cin\u00e9ma international\",\"critique cin\u00e9matographique\",\"festivals de cin\u00e9ma\",\"journalisme culturel\"],\"knowsLanguage\":[\"Fran\u00e7ais\",\"Arabe\",\"Anglais\"],\"jobTitle\":\"Journaliste culturelle et critique de cin\u00e9ma\",\"worksFor\":\"Webdo\",\"url\":\"https:\\\/\\\/www.webdo.tn\\\/fr\\\/actualite\\\/author\\\/neila-driss\\\/\"}]}<\/script>\n<!-- \/ Yoast SEO Premium plugin. -->","yoast_head_json":{"title":"Aa Amal : Une odyss\u00e9e f\u00e9ministe pour encourager les femmes \u00e0 s\u2019\u00e9manciper","description":"Aa Amal : Une odyss\u00e9e f\u00e9ministe dans le paysage t\u00e9l\u00e9visuel du ramadan","canonical":"https:\/\/www.webdo.tn\/fr\/actualite\/culture\/aa-amal-une-odyssee-feministe-dans-le-paysage-televisuel-du-ramadan\/213586\/","og_locale":"fr_FR","og_type":"article","og_title":"\"Aa Amal\": Une odyss\u00e9e f\u00e9ministe pour encourager les femmes \u00e0 s\u2019\u00e9manciper","og_description":"Aa Amal : Une odyss\u00e9e f\u00e9ministe dans le paysage t\u00e9l\u00e9visuel du ramadan","og_url":"https:\/\/www.webdo.tn\/fr\/actualite\/culture\/aa-amal-une-odyssee-feministe-dans-le-paysage-televisuel-du-ramadan\/213586\/","og_site_name":"webdo","article_publisher":"https:\/\/www.facebook.com\/webdotn","article_author":"https:\/\/www.facebook.com\/massir.destiniii\/","article_published_time":"2024-04-16T15:28:00+00:00","article_modified_time":"2025-05-21T08:57:26+00:00","og_image":[{"width":750,"height":400,"url":"https:\/\/www.webdo.tn\/fr\/wp-content\/uploads\/2024\/04\/06680528f058618a237ed052072fb6f7.jpeg","type":"image\/jpeg"}],"author":"Ne\u00efla DRISS","twitter_card":"summary_large_image","twitter_creator":"@https:\/\/x.com\/MassirDestin","twitter_site":"@webdo_tn","twitter_misc":{"\u00c9crit par":"Ne\u00efla DRISS","Dur\u00e9e de lecture estim\u00e9e":"6 minutes"},"schema":{"@context":"https:\/\/schema.org","@graph":[{"@type":"NewsArticle","@id":"https:\/\/www.webdo.tn\/fr\/actualite\/culture\/aa-amal-une-odyssee-feministe-dans-le-paysage-televisuel-du-ramadan\/213586\/#article","isPartOf":{"@id":"https:\/\/www.webdo.tn\/fr\/actualite\/culture\/aa-amal-une-odyssee-feministe-dans-le-paysage-televisuel-du-ramadan\/213586\/"},"author":{"name":"Ne\u00efla DRISS","@id":"https:\/\/www.webdo.tn\/fr\/#\/schema\/person\/60d5ba619ed3f58783b0dc82b7dada80"},"headline":"\u00ab\u00a0Aa Amal\u00a0\u00bb: Une odyss\u00e9e f\u00e9ministe pour encourager les femmes \u00e0 s\u2019\u00e9manciper","datePublished":"2024-04-16T15:28:00+00:00","dateModified":"2025-05-21T08:57:26+00:00","mainEntityOfPage":{"@id":"https:\/\/www.webdo.tn\/fr\/actualite\/culture\/aa-amal-une-odyssee-feministe-dans-le-paysage-televisuel-du-ramadan\/213586\/"},"wordCount":1294,"commentCount":0,"publisher":{"@id":"https:\/\/www.webdo.tn\/fr\/#organization"},"image":{"@id":"https:\/\/www.webdo.tn\/fr\/actualite\/culture\/aa-amal-une-odyssee-feministe-dans-le-paysage-televisuel-du-ramadan\/213586\/#primaryimage"},"thumbnailUrl":"https:\/\/www.webdo.tn\/fr\/wp-content\/uploads\/2024\/04\/06680528f058618a237ed052072fb6f7.jpeg","keywords":["feuilleton","Feuilleton libanais","Feuilleton ramadanesque","Ramadan 2024"],"articleSection":["Culture"],"inLanguage":"fr-FR"},{"@type":"WebPage","@id":"https:\/\/www.webdo.tn\/fr\/actualite\/culture\/aa-amal-une-odyssee-feministe-dans-le-paysage-televisuel-du-ramadan\/213586\/","url":"https:\/\/www.webdo.tn\/fr\/actualite\/culture\/aa-amal-une-odyssee-feministe-dans-le-paysage-televisuel-du-ramadan\/213586\/","name":"Aa Amal : Une odyss\u00e9e f\u00e9ministe pour encourager les femmes \u00e0 s\u2019\u00e9manciper","isPartOf":{"@id":"https:\/\/www.webdo.tn\/fr\/#website"},"primaryImageOfPage":{"@id":"https:\/\/www.webdo.tn\/fr\/actualite\/culture\/aa-amal-une-odyssee-feministe-dans-le-paysage-televisuel-du-ramadan\/213586\/#primaryimage"},"image":{"@id":"https:\/\/www.webdo.tn\/fr\/actualite\/culture\/aa-amal-une-odyssee-feministe-dans-le-paysage-televisuel-du-ramadan\/213586\/#primaryimage"},"thumbnailUrl":"https:\/\/www.webdo.tn\/fr\/wp-content\/uploads\/2024\/04\/06680528f058618a237ed052072fb6f7.jpeg","datePublished":"2024-04-16T15:28:00+00:00","dateModified":"2025-05-21T08:57:26+00:00","description":"Aa Amal : Une odyss\u00e9e f\u00e9ministe dans le paysage t\u00e9l\u00e9visuel du ramadan","breadcrumb":{"@id":"https:\/\/www.webdo.tn\/fr\/actualite\/culture\/aa-amal-une-odyssee-feministe-dans-le-paysage-televisuel-du-ramadan\/213586\/#breadcrumb"},"inLanguage":"fr-FR","potentialAction":[{"@type":"ReadAction","target":["https:\/\/www.webdo.tn\/fr\/actualite\/culture\/aa-amal-une-odyssee-feministe-dans-le-paysage-televisuel-du-ramadan\/213586\/"]}]},{"@type":"ImageObject","inLanguage":"fr-FR","@id":"https:\/\/www.webdo.tn\/fr\/actualite\/culture\/aa-amal-une-odyssee-feministe-dans-le-paysage-televisuel-du-ramadan\/213586\/#primaryimage","url":"https:\/\/www.webdo.tn\/fr\/wp-content\/uploads\/2024\/04\/06680528f058618a237ed052072fb6f7.jpeg","contentUrl":"https:\/\/www.webdo.tn\/fr\/wp-content\/uploads\/2024\/04\/06680528f058618a237ed052072fb6f7.jpeg","width":750,"height":400,"caption":"\"Aa Amal\": Une odyss\u00e9e f\u00e9ministe pour encourager les femmes \u00e0 s\u2019\u00e9manciper"},{"@type":"BreadcrumbList","@id":"https:\/\/www.webdo.tn\/fr\/actualite\/culture\/aa-amal-une-odyssee-feministe-dans-le-paysage-televisuel-du-ramadan\/213586\/#breadcrumb","itemListElement":[{"@type":"ListItem","position":1,"name":"Accueil","item":"https:\/\/www.webdo.tn\/fr\/"},{"@type":"ListItem","position":2,"name":"\u00ab\u00a0Aa Amal\u00a0\u00bb: Une odyss\u00e9e f\u00e9ministe pour encourager les femmes \u00e0 s\u2019\u00e9manciper"}]},{"@type":"WebSite","@id":"https:\/\/www.webdo.tn\/fr\/#website","url":"https:\/\/www.webdo.tn\/fr\/","name":"webdo","description":"Tunisie - News en Tunisie et \u00e0 l&#039;international sur Webdo.tn","publisher":{"@id":"https:\/\/www.webdo.tn\/fr\/#organization"},"potentialAction":[{"@type":"SearchAction","target":{"@type":"EntryPoint","urlTemplate":"https:\/\/www.webdo.tn\/fr\/?s={search_term_string}"},"query-input":{"@type":"PropertyValueSpecification","valueRequired":true,"valueName":"search_term_string"}}],"inLanguage":"fr-FR"},{"@type":"Organization","@id":"https:\/\/www.webdo.tn\/fr\/#organization","name":"Webdo","alternateName":"Webdo.tn","url":"https:\/\/www.webdo.tn\/fr\/","logo":{"@type":"ImageObject","inLanguage":"fr-FR","@id":"https:\/\/www.webdo.tn\/fr\/#\/schema\/logo\/image\/","url":"https:\/\/www.webdo.tn\/fr\/wp-content\/uploads\/2025\/06\/Webdo-Tunisie_168377.jpg","contentUrl":"https:\/\/www.webdo.tn\/fr\/wp-content\/uploads\/2025\/06\/Webdo-Tunisie_168377.jpg","width":301,"height":301,"caption":"Webdo"},"image":{"@id":"https:\/\/www.webdo.tn\/fr\/#\/schema\/logo\/image\/"},"sameAs":["https:\/\/www.facebook.com\/webdotn","https:\/\/x.com\/webdo_tn"],"description":"Webdo est un m\u00e9dia num\u00e9rique tunisien fond\u00e9 en 2010, sp\u00e9cialis\u00e9 dans l\u2019actualit\u00e9 nationale et internationale, l\u2019\u00e9conomie, la soci\u00e9t\u00e9 et les analyses politiques. Le site s\u2019adresse \u00e0 un large public francophone et couvre l\u2019information tunisienne en temps r\u00e9el.","email":"redac@webdo.tn","legalName":"YNJ SARL","foundingDate":"2010-09-06","numberOfEmployees":{"@type":"QuantitativeValue","minValue":"11","maxValue":"50"}},{"@type":"Person","@id":"https:\/\/www.webdo.tn\/fr\/#\/schema\/person\/60d5ba619ed3f58783b0dc82b7dada80","name":"Ne\u00efla DRISS","image":{"@type":"ImageObject","inLanguage":"fr-FR","@id":"https:\/\/www.webdo.tn\/fr\/wp-content\/uploads\/2026\/04\/neila-driss_avatar-96x96.jpg","url":"https:\/\/www.webdo.tn\/fr\/wp-content\/uploads\/2026\/04\/neila-driss_avatar-96x96.jpg","contentUrl":"https:\/\/www.webdo.tn\/fr\/wp-content\/uploads\/2026\/04\/neila-driss_avatar-96x96.jpg","caption":"Ne\u00efla DRISS"},"description":"Ne\u00efla Driss est juriste, journaliste culturelle et critique de cin\u00e9ma tunisienne. Titulaire d\u2019un DEA en droit priv\u00e9 de l\u2019Universit\u00e9 Paris II et d\u2019un DESS de l\u2019IHEC Carthage, elle d\u00e9bute sa carri\u00e8re comme juriste sp\u00e9cialis\u00e9e en gestion de patrimoine immobilier. Elle s\u2019oriente ensuite vers l\u2019\u00e9criture en ligne, o\u00f9 elle se distingue d\u00e8s 2006 aux Tunisia Blog Awards, avant de se consacrer au journalisme culturel, avec une sp\u00e9cialisation dans la critique cin\u00e9matographique. Elle couvre r\u00e9guli\u00e8rement les grands festivals internationaux, notamment le Festival de Cannes, les Journ\u00e9es Cin\u00e9matographiques de Carthage et le Festival du film du Caire. Membre de l\u2019ATPCC et de la FIPRESCI, elle participe \u00e0 des jurys et initiatives internationales de critique. Depuis 2024, elle est \u00e9lectrice internationale aux Golden Globes. Facebook : https:\/\/www.facebook.com\/massir.destiniii\/ X : https:\/\/x.com\/MassirDestin","sameAs":["https:\/\/www.facebook.com\/massir.destiniii\/","https:\/\/www.instagram.com\/neila.driss\/?hl=fr","https:\/\/www.linkedin.com\/in\/neila-driss-22606a80\/","https:\/\/x.com\/https:\/\/x.com\/MassirDestin"],"knowsAbout":["Cin\u00e9ma international","critique cin\u00e9matographique","festivals de cin\u00e9ma","journalisme culturel"],"knowsLanguage":["Fran\u00e7ais","Arabe","Anglais"],"jobTitle":"Journaliste culturelle et critique de cin\u00e9ma","worksFor":"Webdo","url":"https:\/\/www.webdo.tn\/fr\/actualite\/author\/neila-driss\/"}]}},"_links":{"self":[{"href":"https:\/\/www.webdo.tn\/fr\/wp-json\/wp\/v2\/posts\/213586","targetHints":{"allow":["GET"]}}],"collection":[{"href":"https:\/\/www.webdo.tn\/fr\/wp-json\/wp\/v2\/posts"}],"about":[{"href":"https:\/\/www.webdo.tn\/fr\/wp-json\/wp\/v2\/types\/post"}],"author":[{"embeddable":true,"href":"https:\/\/www.webdo.tn\/fr\/wp-json\/wp\/v2\/users\/3164"}],"replies":[{"embeddable":true,"href":"https:\/\/www.webdo.tn\/fr\/wp-json\/wp\/v2\/comments?post=213586"}],"version-history":[{"count":0,"href":"https:\/\/www.webdo.tn\/fr\/wp-json\/wp\/v2\/posts\/213586\/revisions"}],"wp:featuredmedia":[{"embeddable":true,"href":"https:\/\/www.webdo.tn\/fr\/wp-json\/wp\/v2\/media\/290489"}],"wp:attachment":[{"href":"https:\/\/www.webdo.tn\/fr\/wp-json\/wp\/v2\/media?parent=213586"}],"wp:term":[{"taxonomy":"category","embeddable":true,"href":"https:\/\/www.webdo.tn\/fr\/wp-json\/wp\/v2\/categories?post=213586"},{"taxonomy":"post_tag","embeddable":true,"href":"https:\/\/www.webdo.tn\/fr\/wp-json\/wp\/v2\/tags?post=213586"}],"curies":[{"name":"wp","href":"https:\/\/api.w.org\/{rel}","templated":true}]}}