{"id":213582,"date":"2024-04-16T13:02:00","date_gmt":"2024-04-16T13:02:00","guid":{"rendered":"https:\/\/www.webdo.tn\/fr\/blog\/meloni-considere-la-tunisie-comme-une-barriere-contre-les-migrants-selon-le-ftdes\/213582\/"},"modified":"2025-05-20T22:36:52","modified_gmt":"2025-05-20T22:36:52","slug":"meloni-considere-la-tunisie-comme-une-barriere-contre-les-migrants-selon-le-ftdes","status":"publish","type":"post","link":"https:\/\/www.webdo.tn\/fr\/actualite\/national\/meloni-considere-la-tunisie-comme-une-barriere-contre-les-migrants-selon-le-ftdes\/213582\/","title":{"rendered":"Meloni consid\u00e8re la Tunisie comme une \u00ab barri\u00e8re contre les migrants \u00bb, selon le FTDES"},"content":{"rendered":"<p>Le Forum tunisien pour les droits \u00e9conomiques et sociaux a appel\u00e9, dans un communiqu\u00e9 publi\u00e9 aujourd&rsquo;hui, mardi 16 avril 2024, \u00e0 mettre fin aux violations dont sont victimes les migrants tunisiens en Italie, allant de la d\u00e9tention et du renvoi collectif forc\u00e9s \u00e0 des insultes et \u00e0 des d\u00e9c\u00e8s suspects.<\/p>\n<p>Cette d\u00e9claration intervient dans le contexte de la visite pr\u00e9vue de la Premi\u00e8re ministre italienne, Georgia Meloni, en Tunisie demain mercredi, o\u00f9 il est pr\u00e9vu que la question de la migration clandestine soit l&rsquo;un des principaux sujets de discussion.\u00a0<\/p>\n<p>\u00c0 cet \u00e9gard, le Forum a mis en garde dans son communiqu\u00e9 que Meloni ne consid\u00e8re la Tunisie que comme un \u00ab\u00a0point frontalier avanc\u00e9 n\u00e9cessitant le renforcement de la r\u00e9pression pour arr\u00eater les flux migratoires vers l&rsquo;Italie, quel qu&rsquo;en soit le co\u00fbt humain, et qu&rsquo;elle utilise aujourd&rsquo;hui comme un atout \u00e9lectoral en Italie et en Europe pour promouvoir le succ\u00e8s du mod\u00e8le de coop\u00e9ration avec la Tunisie dans la lutte contre l&rsquo;immigration\u00a0\u00bb.\u00a0<\/p>\n<p>Le Forum a \u00e9galement exprim\u00e9 son refus de faire des politiques, des lois et des pratiques existantes contre les migrants en Italie et en Tunisie un mod\u00e8le \u00e0 suivre, condamnant cela et demandant des politiques alternatives et des solutions durables pour prot\u00e9ger les droits.<\/p>\n<p>Il a \u00e9galement appel\u00e9 \u00e0 \u00ab\u00a0mettre fin aux trajectoires de coop\u00e9ration in\u00e9quitables en mati\u00e8re d&rsquo;immigration\u00a0\u00bb qui, selon lui, ont plac\u00e9 \u00ab\u00a0les droits et la dignit\u00e9 de nos citoyens en Italie et les droits et la dignit\u00e9 des migrants en Tunisie aux ench\u00e8res pour un soutien financier, politique et \u00e9lectoral\u00a0\u00bb.<\/p>\n<p>Giorgia Meloni sera en Tunisie pour discuter des flux migratoires et du plan Mattei. Accompagn\u00e9e de responsables minist\u00e9riels, elle doit rencontrer Kaies Saied, qui a affirm\u00e9 la position de la Tunisie sur les d\u00e9cisions \u00e9trang\u00e8res concernant les migrants.<\/p>\n<p>Giorgia Meloni sera en Tunisie pour discuter des flux migratoires et du plan Mattei. Accompagn\u00e9e de responsables minist\u00e9riels, elle doit rencontrer Kaies Saied, qui a affirm\u00e9 la position de la Tunisie sur les d\u00e9cisions \u00e9trang\u00e8res concernant les migrants.<\/p>\n","protected":false},"excerpt":{"rendered":"<p>Cette d\u00e9claration intervient dans le contexte de la visite pr\u00e9vue de la Premi\u00e8re ministre italienne, Georgia Meloni, en Tunisie demain mercredi, o\u00f9 il est pr\u00e9vu&#8230;<\/p>\n","protected":false},"author":3175,"featured_media":247590,"comment_status":"open","ping_status":"closed","sticky":false,"template":"","format":"standard","meta":{"footnotes":""},"categories":[44],"tags":[3228,2660,6672,2608],"class_list":["post-213582","post","type-post","status-publish","format-standard","has-post-thumbnail","hentry","category-national","tag-ftdes","tag-italie","tag-meloni","tag-tunisie"],"yoast_head":"<!-- This site is optimized with the Yoast SEO Premium plugin v27.4 (Yoast SEO v27.5) - https:\/\/yoast.com\/product\/yoast-seo-premium-wordpress\/ -->\n<title>Meloni consid\u00e8re la Tunisie comme une \u00ab barri\u00e8re contre les migrants \u00bb, selon le FTDES<\/title>\n<meta name=\"description\" content=\"Cette d\u00e9claration intervient dans le contexte de la visite pr\u00e9vue de la Premi\u00e8re ministre italienne, Georgia Meloni, en Tunisie demain mercredi, o\u00f9 il est pr\u00e9vu...\" \/>\n<link rel=\"canonical\" href=\"https:\/\/www.webdo.tn\/fr\/actualite\/national\/meloni-considere-la-tunisie-comme-une-barriere-contre-les-migrants-selon-le-ftdes\/213582\/\" \/>\n<meta property=\"og:locale\" content=\"fr_FR\" \/>\n<meta property=\"og:type\" content=\"article\" \/>\n<meta property=\"og:title\" content=\"Meloni consid\u00e8re la Tunisie comme une \u00ab barri\u00e8re contre les migrants \u00bb, selon le FTDES\" \/>\n<meta property=\"og:description\" content=\"Cette d\u00e9claration intervient dans le contexte de la visite pr\u00e9vue de la Premi\u00e8re ministre italienne, Georgia Meloni, en Tunisie demain mercredi, o\u00f9 il est pr\u00e9vu...\" \/>\n<meta property=\"og:url\" content=\"https:\/\/www.webdo.tn\/fr\/actualite\/national\/meloni-considere-la-tunisie-comme-une-barriere-contre-les-migrants-selon-le-ftdes\/213582\/\" \/>\n<meta property=\"og:site_name\" content=\"webdo\" \/>\n<meta property=\"article:publisher\" content=\"https:\/\/www.facebook.com\/webdotn\" \/>\n<meta property=\"article:published_time\" content=\"2024-04-16T13:02:00+00:00\" \/>\n<meta property=\"article:modified_time\" content=\"2025-05-20T22:36:52+00:00\" \/>\n<meta property=\"og:image\" content=\"https:\/\/www.webdo.tn\/fr\/wp-content\/uploads\/2024\/04\/d6ebca9cbfd271a19698e1d90e2e459b.jpg\" \/>\n\t<meta property=\"og:image:width\" content=\"700\" \/>\n\t<meta property=\"og:image:height\" content=\"373\" \/>\n\t<meta property=\"og:image:type\" content=\"image\/jpeg\" \/>\n<meta name=\"author\" content=\"CL\" \/>\n<meta name=\"twitter:card\" content=\"summary_large_image\" \/>\n<meta name=\"twitter:creator\" content=\"@webdo_tn\" \/>\n<meta name=\"twitter:site\" content=\"@webdo_tn\" \/>\n<meta name=\"twitter:label1\" content=\"\u00c9crit par\" \/>\n\t<meta name=\"twitter:data1\" content=\"CL\" \/>\n\t<meta name=\"twitter:label2\" content=\"Dur\u00e9e de lecture estim\u00e9e\" \/>\n\t<meta name=\"twitter:data2\" content=\"2 minutes\" \/>\n<script type=\"application\/ld+json\" class=\"yoast-schema-graph\">{\"@context\":\"https:\\\/\\\/schema.org\",\"@graph\":[{\"@type\":\"NewsArticle\",\"@id\":\"https:\\\/\\\/www.webdo.tn\\\/fr\\\/actualite\\\/national\\\/meloni-considere-la-tunisie-comme-une-barriere-contre-les-migrants-selon-le-ftdes\\\/213582\\\/#article\",\"isPartOf\":{\"@id\":\"https:\\\/\\\/www.webdo.tn\\\/fr\\\/actualite\\\/national\\\/meloni-considere-la-tunisie-comme-une-barriere-contre-les-migrants-selon-le-ftdes\\\/213582\\\/\"},\"author\":{\"name\":\"CL\",\"@id\":\"https:\\\/\\\/www.webdo.tn\\\/fr\\\/#\\\/schema\\\/person\\\/f35b42a42c5e2511bbd282959d6385cc\"},\"headline\":\"Meloni consid\u00e8re la Tunisie comme une \u00ab barri\u00e8re contre les migrants \u00bb, selon le FTDES\",\"datePublished\":\"2024-04-16T13:02:00+00:00\",\"dateModified\":\"2025-05-20T22:36:52+00:00\",\"mainEntityOfPage\":{\"@id\":\"https:\\\/\\\/www.webdo.tn\\\/fr\\\/actualite\\\/national\\\/meloni-considere-la-tunisie-comme-une-barriere-contre-les-migrants-selon-le-ftdes\\\/213582\\\/\"},\"wordCount\":375,\"commentCount\":0,\"publisher\":{\"@id\":\"https:\\\/\\\/www.webdo.tn\\\/fr\\\/#organization\"},\"image\":{\"@id\":\"https:\\\/\\\/www.webdo.tn\\\/fr\\\/actualite\\\/national\\\/meloni-considere-la-tunisie-comme-une-barriere-contre-les-migrants-selon-le-ftdes\\\/213582\\\/#primaryimage\"},\"thumbnailUrl\":\"https:\\\/\\\/www.webdo.tn\\\/fr\\\/wp-content\\\/uploads\\\/2024\\\/04\\\/d6ebca9cbfd271a19698e1d90e2e459b.jpg\",\"keywords\":[\"ftdes\",\"Italie\",\"Meloni\",\"Tunisie\"],\"articleSection\":[\"National\"],\"inLanguage\":\"fr-FR\"},{\"@type\":\"WebPage\",\"@id\":\"https:\\\/\\\/www.webdo.tn\\\/fr\\\/actualite\\\/national\\\/meloni-considere-la-tunisie-comme-une-barriere-contre-les-migrants-selon-le-ftdes\\\/213582\\\/\",\"url\":\"https:\\\/\\\/www.webdo.tn\\\/fr\\\/actualite\\\/national\\\/meloni-considere-la-tunisie-comme-une-barriere-contre-les-migrants-selon-le-ftdes\\\/213582\\\/\",\"name\":\"Meloni consid\u00e8re la Tunisie comme une \u00ab barri\u00e8re contre les migrants \u00bb, selon le FTDES\",\"isPartOf\":{\"@id\":\"https:\\\/\\\/www.webdo.tn\\\/fr\\\/#website\"},\"primaryImageOfPage\":{\"@id\":\"https:\\\/\\\/www.webdo.tn\\\/fr\\\/actualite\\\/national\\\/meloni-considere-la-tunisie-comme-une-barriere-contre-les-migrants-selon-le-ftdes\\\/213582\\\/#primaryimage\"},\"image\":{\"@id\":\"https:\\\/\\\/www.webdo.tn\\\/fr\\\/actualite\\\/national\\\/meloni-considere-la-tunisie-comme-une-barriere-contre-les-migrants-selon-le-ftdes\\\/213582\\\/#primaryimage\"},\"thumbnailUrl\":\"https:\\\/\\\/www.webdo.tn\\\/fr\\\/wp-content\\\/uploads\\\/2024\\\/04\\\/d6ebca9cbfd271a19698e1d90e2e459b.jpg\",\"datePublished\":\"2024-04-16T13:02:00+00:00\",\"dateModified\":\"2025-05-20T22:36:52+00:00\",\"description\":\"Cette d\u00e9claration intervient dans le contexte de la visite pr\u00e9vue de la Premi\u00e8re ministre italienne, Georgia Meloni, en Tunisie demain mercredi, o\u00f9 il est pr\u00e9vu...\",\"breadcrumb\":{\"@id\":\"https:\\\/\\\/www.webdo.tn\\\/fr\\\/actualite\\\/national\\\/meloni-considere-la-tunisie-comme-une-barriere-contre-les-migrants-selon-le-ftdes\\\/213582\\\/#breadcrumb\"},\"inLanguage\":\"fr-FR\",\"potentialAction\":[{\"@type\":\"ReadAction\",\"target\":[\"https:\\\/\\\/www.webdo.tn\\\/fr\\\/actualite\\\/national\\\/meloni-considere-la-tunisie-comme-une-barriere-contre-les-migrants-selon-le-ftdes\\\/213582\\\/\"]}]},{\"@type\":\"ImageObject\",\"inLanguage\":\"fr-FR\",\"@id\":\"https:\\\/\\\/www.webdo.tn\\\/fr\\\/actualite\\\/national\\\/meloni-considere-la-tunisie-comme-une-barriere-contre-les-migrants-selon-le-ftdes\\\/213582\\\/#primaryimage\",\"url\":\"https:\\\/\\\/www.webdo.tn\\\/fr\\\/wp-content\\\/uploads\\\/2024\\\/04\\\/d6ebca9cbfd271a19698e1d90e2e459b.jpg\",\"contentUrl\":\"https:\\\/\\\/www.webdo.tn\\\/fr\\\/wp-content\\\/uploads\\\/2024\\\/04\\\/d6ebca9cbfd271a19698e1d90e2e459b.jpg\",\"width\":700,\"height\":373,\"caption\":\"Meloni consid\u00e8re la Tunisie comme une \u00ab barri\u00e8re contre les migrants \u00bb, selon le FTDES\"},{\"@type\":\"BreadcrumbList\",\"@id\":\"https:\\\/\\\/www.webdo.tn\\\/fr\\\/actualite\\\/national\\\/meloni-considere-la-tunisie-comme-une-barriere-contre-les-migrants-selon-le-ftdes\\\/213582\\\/#breadcrumb\",\"itemListElement\":[{\"@type\":\"ListItem\",\"position\":1,\"name\":\"Accueil\",\"item\":\"https:\\\/\\\/www.webdo.tn\\\/fr\\\/\"},{\"@type\":\"ListItem\",\"position\":2,\"name\":\"Meloni consid\u00e8re la Tunisie comme une \u00ab barri\u00e8re contre les migrants \u00bb, selon le FTDES\"}]},{\"@type\":\"WebSite\",\"@id\":\"https:\\\/\\\/www.webdo.tn\\\/fr\\\/#website\",\"url\":\"https:\\\/\\\/www.webdo.tn\\\/fr\\\/\",\"name\":\"webdo\",\"description\":\"Tunisie - News en Tunisie et \u00e0 l&#039;international sur Webdo.tn\",\"publisher\":{\"@id\":\"https:\\\/\\\/www.webdo.tn\\\/fr\\\/#organization\"},\"potentialAction\":[{\"@type\":\"SearchAction\",\"target\":{\"@type\":\"EntryPoint\",\"urlTemplate\":\"https:\\\/\\\/www.webdo.tn\\\/fr\\\/?s={search_term_string}\"},\"query-input\":{\"@type\":\"PropertyValueSpecification\",\"valueRequired\":true,\"valueName\":\"search_term_string\"}}],\"inLanguage\":\"fr-FR\"},{\"@type\":\"Organization\",\"@id\":\"https:\\\/\\\/www.webdo.tn\\\/fr\\\/#organization\",\"name\":\"Webdo\",\"alternateName\":\"Webdo.tn\",\"url\":\"https:\\\/\\\/www.webdo.tn\\\/fr\\\/\",\"logo\":{\"@type\":\"ImageObject\",\"inLanguage\":\"fr-FR\",\"@id\":\"https:\\\/\\\/www.webdo.tn\\\/fr\\\/#\\\/schema\\\/logo\\\/image\\\/\",\"url\":\"https:\\\/\\\/www.webdo.tn\\\/fr\\\/wp-content\\\/uploads\\\/2025\\\/06\\\/Webdo-Tunisie_168377.jpg\",\"contentUrl\":\"https:\\\/\\\/www.webdo.tn\\\/fr\\\/wp-content\\\/uploads\\\/2025\\\/06\\\/Webdo-Tunisie_168377.jpg\",\"width\":301,\"height\":301,\"caption\":\"Webdo\"},\"image\":{\"@id\":\"https:\\\/\\\/www.webdo.tn\\\/fr\\\/#\\\/schema\\\/logo\\\/image\\\/\"},\"sameAs\":[\"https:\\\/\\\/www.facebook.com\\\/webdotn\",\"https:\\\/\\\/x.com\\\/webdo_tn\"],\"description\":\"Webdo est un m\u00e9dia num\u00e9rique tunisien fond\u00e9 en 2010, sp\u00e9cialis\u00e9 dans l\u2019actualit\u00e9 nationale et internationale, l\u2019\u00e9conomie, la soci\u00e9t\u00e9 et les analyses politiques. Le site s\u2019adresse \u00e0 un large public francophone et couvre l\u2019information tunisienne en temps r\u00e9el.\",\"email\":\"redac@webdo.tn\",\"legalName\":\"YNJ SARL\",\"foundingDate\":\"2010-09-06\",\"numberOfEmployees\":{\"@type\":\"QuantitativeValue\",\"minValue\":\"11\",\"maxValue\":\"50\"}},{\"@type\":\"Person\",\"@id\":\"https:\\\/\\\/www.webdo.tn\\\/fr\\\/#\\\/schema\\\/person\\\/f35b42a42c5e2511bbd282959d6385cc\",\"name\":\"CL\",\"image\":{\"@type\":\"ImageObject\",\"inLanguage\":\"fr-FR\",\"@id\":\"https:\\\/\\\/secure.gravatar.com\\\/avatar\\\/1447a49909b67aa657c488aec6512e1dd6143a480c1ecfee9b5b5cd74eb3b59e?s=96&d=mm&r=g\",\"url\":\"https:\\\/\\\/secure.gravatar.com\\\/avatar\\\/1447a49909b67aa657c488aec6512e1dd6143a480c1ecfee9b5b5cd74eb3b59e?s=96&d=mm&r=g\",\"contentUrl\":\"https:\\\/\\\/secure.gravatar.com\\\/avatar\\\/1447a49909b67aa657c488aec6512e1dd6143a480c1ecfee9b5b5cd74eb3b59e?s=96&d=mm&r=g\",\"caption\":\"CL\"},\"url\":\"https:\\\/\\\/www.webdo.tn\\\/fr\\\/actualite\\\/author\\\/cl\\\/\"}]}<\/script>\n<!-- \/ Yoast SEO Premium plugin. -->","yoast_head_json":{"title":"Meloni consid\u00e8re la Tunisie comme une \u00ab barri\u00e8re contre les migrants \u00bb, selon le FTDES","description":"Cette d\u00e9claration intervient dans le contexte de la visite pr\u00e9vue de la Premi\u00e8re ministre italienne, Georgia Meloni, en Tunisie demain mercredi, o\u00f9 il est pr\u00e9vu...","canonical":"https:\/\/www.webdo.tn\/fr\/actualite\/national\/meloni-considere-la-tunisie-comme-une-barriere-contre-les-migrants-selon-le-ftdes\/213582\/","og_locale":"fr_FR","og_type":"article","og_title":"Meloni consid\u00e8re la Tunisie comme une \u00ab barri\u00e8re contre les migrants \u00bb, selon le FTDES","og_description":"Cette d\u00e9claration intervient dans le contexte de la visite pr\u00e9vue de la Premi\u00e8re ministre italienne, Georgia Meloni, en Tunisie demain mercredi, o\u00f9 il est pr\u00e9vu...","og_url":"https:\/\/www.webdo.tn\/fr\/actualite\/national\/meloni-considere-la-tunisie-comme-une-barriere-contre-les-migrants-selon-le-ftdes\/213582\/","og_site_name":"webdo","article_publisher":"https:\/\/www.facebook.com\/webdotn","article_published_time":"2024-04-16T13:02:00+00:00","article_modified_time":"2025-05-20T22:36:52+00:00","og_image":[{"width":700,"height":373,"url":"https:\/\/www.webdo.tn\/fr\/wp-content\/uploads\/2024\/04\/d6ebca9cbfd271a19698e1d90e2e459b.jpg","type":"image\/jpeg"}],"author":"CL","twitter_card":"summary_large_image","twitter_creator":"@webdo_tn","twitter_site":"@webdo_tn","twitter_misc":{"\u00c9crit par":"CL","Dur\u00e9e de lecture estim\u00e9e":"2 minutes"},"schema":{"@context":"https:\/\/schema.org","@graph":[{"@type":"NewsArticle","@id":"https:\/\/www.webdo.tn\/fr\/actualite\/national\/meloni-considere-la-tunisie-comme-une-barriere-contre-les-migrants-selon-le-ftdes\/213582\/#article","isPartOf":{"@id":"https:\/\/www.webdo.tn\/fr\/actualite\/national\/meloni-considere-la-tunisie-comme-une-barriere-contre-les-migrants-selon-le-ftdes\/213582\/"},"author":{"name":"CL","@id":"https:\/\/www.webdo.tn\/fr\/#\/schema\/person\/f35b42a42c5e2511bbd282959d6385cc"},"headline":"Meloni consid\u00e8re la Tunisie comme une \u00ab barri\u00e8re contre les migrants \u00bb, selon le FTDES","datePublished":"2024-04-16T13:02:00+00:00","dateModified":"2025-05-20T22:36:52+00:00","mainEntityOfPage":{"@id":"https:\/\/www.webdo.tn\/fr\/actualite\/national\/meloni-considere-la-tunisie-comme-une-barriere-contre-les-migrants-selon-le-ftdes\/213582\/"},"wordCount":375,"commentCount":0,"publisher":{"@id":"https:\/\/www.webdo.tn\/fr\/#organization"},"image":{"@id":"https:\/\/www.webdo.tn\/fr\/actualite\/national\/meloni-considere-la-tunisie-comme-une-barriere-contre-les-migrants-selon-le-ftdes\/213582\/#primaryimage"},"thumbnailUrl":"https:\/\/www.webdo.tn\/fr\/wp-content\/uploads\/2024\/04\/d6ebca9cbfd271a19698e1d90e2e459b.jpg","keywords":["ftdes","Italie","Meloni","Tunisie"],"articleSection":["National"],"inLanguage":"fr-FR"},{"@type":"WebPage","@id":"https:\/\/www.webdo.tn\/fr\/actualite\/national\/meloni-considere-la-tunisie-comme-une-barriere-contre-les-migrants-selon-le-ftdes\/213582\/","url":"https:\/\/www.webdo.tn\/fr\/actualite\/national\/meloni-considere-la-tunisie-comme-une-barriere-contre-les-migrants-selon-le-ftdes\/213582\/","name":"Meloni consid\u00e8re la Tunisie comme une \u00ab barri\u00e8re contre les migrants \u00bb, selon le FTDES","isPartOf":{"@id":"https:\/\/www.webdo.tn\/fr\/#website"},"primaryImageOfPage":{"@id":"https:\/\/www.webdo.tn\/fr\/actualite\/national\/meloni-considere-la-tunisie-comme-une-barriere-contre-les-migrants-selon-le-ftdes\/213582\/#primaryimage"},"image":{"@id":"https:\/\/www.webdo.tn\/fr\/actualite\/national\/meloni-considere-la-tunisie-comme-une-barriere-contre-les-migrants-selon-le-ftdes\/213582\/#primaryimage"},"thumbnailUrl":"https:\/\/www.webdo.tn\/fr\/wp-content\/uploads\/2024\/04\/d6ebca9cbfd271a19698e1d90e2e459b.jpg","datePublished":"2024-04-16T13:02:00+00:00","dateModified":"2025-05-20T22:36:52+00:00","description":"Cette d\u00e9claration intervient dans le contexte de la visite pr\u00e9vue de la Premi\u00e8re ministre italienne, Georgia Meloni, en Tunisie demain mercredi, o\u00f9 il est pr\u00e9vu...","breadcrumb":{"@id":"https:\/\/www.webdo.tn\/fr\/actualite\/national\/meloni-considere-la-tunisie-comme-une-barriere-contre-les-migrants-selon-le-ftdes\/213582\/#breadcrumb"},"inLanguage":"fr-FR","potentialAction":[{"@type":"ReadAction","target":["https:\/\/www.webdo.tn\/fr\/actualite\/national\/meloni-considere-la-tunisie-comme-une-barriere-contre-les-migrants-selon-le-ftdes\/213582\/"]}]},{"@type":"ImageObject","inLanguage":"fr-FR","@id":"https:\/\/www.webdo.tn\/fr\/actualite\/national\/meloni-considere-la-tunisie-comme-une-barriere-contre-les-migrants-selon-le-ftdes\/213582\/#primaryimage","url":"https:\/\/www.webdo.tn\/fr\/wp-content\/uploads\/2024\/04\/d6ebca9cbfd271a19698e1d90e2e459b.jpg","contentUrl":"https:\/\/www.webdo.tn\/fr\/wp-content\/uploads\/2024\/04\/d6ebca9cbfd271a19698e1d90e2e459b.jpg","width":700,"height":373,"caption":"Meloni consid\u00e8re la Tunisie comme une \u00ab barri\u00e8re contre les migrants \u00bb, selon le FTDES"},{"@type":"BreadcrumbList","@id":"https:\/\/www.webdo.tn\/fr\/actualite\/national\/meloni-considere-la-tunisie-comme-une-barriere-contre-les-migrants-selon-le-ftdes\/213582\/#breadcrumb","itemListElement":[{"@type":"ListItem","position":1,"name":"Accueil","item":"https:\/\/www.webdo.tn\/fr\/"},{"@type":"ListItem","position":2,"name":"Meloni consid\u00e8re la Tunisie comme une \u00ab barri\u00e8re contre les migrants \u00bb, selon le FTDES"}]},{"@type":"WebSite","@id":"https:\/\/www.webdo.tn\/fr\/#website","url":"https:\/\/www.webdo.tn\/fr\/","name":"webdo","description":"Tunisie - News en Tunisie et \u00e0 l&#039;international sur Webdo.tn","publisher":{"@id":"https:\/\/www.webdo.tn\/fr\/#organization"},"potentialAction":[{"@type":"SearchAction","target":{"@type":"EntryPoint","urlTemplate":"https:\/\/www.webdo.tn\/fr\/?s={search_term_string}"},"query-input":{"@type":"PropertyValueSpecification","valueRequired":true,"valueName":"search_term_string"}}],"inLanguage":"fr-FR"},{"@type":"Organization","@id":"https:\/\/www.webdo.tn\/fr\/#organization","name":"Webdo","alternateName":"Webdo.tn","url":"https:\/\/www.webdo.tn\/fr\/","logo":{"@type":"ImageObject","inLanguage":"fr-FR","@id":"https:\/\/www.webdo.tn\/fr\/#\/schema\/logo\/image\/","url":"https:\/\/www.webdo.tn\/fr\/wp-content\/uploads\/2025\/06\/Webdo-Tunisie_168377.jpg","contentUrl":"https:\/\/www.webdo.tn\/fr\/wp-content\/uploads\/2025\/06\/Webdo-Tunisie_168377.jpg","width":301,"height":301,"caption":"Webdo"},"image":{"@id":"https:\/\/www.webdo.tn\/fr\/#\/schema\/logo\/image\/"},"sameAs":["https:\/\/www.facebook.com\/webdotn","https:\/\/x.com\/webdo_tn"],"description":"Webdo est un m\u00e9dia num\u00e9rique tunisien fond\u00e9 en 2010, sp\u00e9cialis\u00e9 dans l\u2019actualit\u00e9 nationale et internationale, l\u2019\u00e9conomie, la soci\u00e9t\u00e9 et les analyses politiques. Le site s\u2019adresse \u00e0 un large public francophone et couvre l\u2019information tunisienne en temps r\u00e9el.","email":"redac@webdo.tn","legalName":"YNJ SARL","foundingDate":"2010-09-06","numberOfEmployees":{"@type":"QuantitativeValue","minValue":"11","maxValue":"50"}},{"@type":"Person","@id":"https:\/\/www.webdo.tn\/fr\/#\/schema\/person\/f35b42a42c5e2511bbd282959d6385cc","name":"CL","image":{"@type":"ImageObject","inLanguage":"fr-FR","@id":"https:\/\/secure.gravatar.com\/avatar\/1447a49909b67aa657c488aec6512e1dd6143a480c1ecfee9b5b5cd74eb3b59e?s=96&d=mm&r=g","url":"https:\/\/secure.gravatar.com\/avatar\/1447a49909b67aa657c488aec6512e1dd6143a480c1ecfee9b5b5cd74eb3b59e?s=96&d=mm&r=g","contentUrl":"https:\/\/secure.gravatar.com\/avatar\/1447a49909b67aa657c488aec6512e1dd6143a480c1ecfee9b5b5cd74eb3b59e?s=96&d=mm&r=g","caption":"CL"},"url":"https:\/\/www.webdo.tn\/fr\/actualite\/author\/cl\/"}]}},"_links":{"self":[{"href":"https:\/\/www.webdo.tn\/fr\/wp-json\/wp\/v2\/posts\/213582","targetHints":{"allow":["GET"]}}],"collection":[{"href":"https:\/\/www.webdo.tn\/fr\/wp-json\/wp\/v2\/posts"}],"about":[{"href":"https:\/\/www.webdo.tn\/fr\/wp-json\/wp\/v2\/types\/post"}],"author":[{"embeddable":true,"href":"https:\/\/www.webdo.tn\/fr\/wp-json\/wp\/v2\/users\/3175"}],"replies":[{"embeddable":true,"href":"https:\/\/www.webdo.tn\/fr\/wp-json\/wp\/v2\/comments?post=213582"}],"version-history":[{"count":0,"href":"https:\/\/www.webdo.tn\/fr\/wp-json\/wp\/v2\/posts\/213582\/revisions"}],"wp:featuredmedia":[{"embeddable":true,"href":"https:\/\/www.webdo.tn\/fr\/wp-json\/wp\/v2\/media\/247590"}],"wp:attachment":[{"href":"https:\/\/www.webdo.tn\/fr\/wp-json\/wp\/v2\/media?parent=213582"}],"wp:term":[{"taxonomy":"category","embeddable":true,"href":"https:\/\/www.webdo.tn\/fr\/wp-json\/wp\/v2\/categories?post=213582"},{"taxonomy":"post_tag","embeddable":true,"href":"https:\/\/www.webdo.tn\/fr\/wp-json\/wp\/v2\/tags?post=213582"}],"curies":[{"name":"wp","href":"https:\/\/api.w.org\/{rel}","templated":true}]}}