{"id":213580,"date":"2024-04-16T12:23:00","date_gmt":"2024-04-16T12:23:00","guid":{"rendered":"https:\/\/www.webdo.tn\/fr\/blog\/tunisie-les-chefs-d-accusation-dans-l-affaire-du-complot-contre-la-surete-de-l-etat\/213580\/"},"modified":"2025-05-20T21:51:33","modified_gmt":"2025-05-20T21:51:33","slug":"tunisie-les-chefs-d-accusation-dans-l-affaire-du-complot-contre-la-surete-de-l-etat","status":"publish","type":"post","link":"https:\/\/www.webdo.tn\/fr\/actualite\/national\/tunisie-les-chefs-d-accusation-dans-l-affaire-du-complot-contre-la-surete-de-l-etat\/213580\/","title":{"rendered":"Tunisie : Les chefs d&rsquo;accusation dans l\u2019affaire du complot contre la s\u00fbret\u00e9 de l\u2019\u00c9tat"},"content":{"rendered":"<p>Le juge d&rsquo;instruction ayant d\u00e9cid\u00e9 de cl\u00f4turer l&rsquo;instruction dans l\u2019affaire du complot contre la s\u00fbret\u00e9 de l\u2019\u00c9tat et de transmettre le dossier \u00e0 la chambre criminelle pr\u00e8s le tribunal de premi\u00e8re instance de Tunis, quels sont les chefs d\u2019accusation contre les inculp\u00e9s ?<\/p>\n<p>\t\t\t\t\t\t\t\t\tSelon Dalila Msaddek, membre du collectif de d\u00e9fense des d\u00e9tenus dans cette affaire, huit personnes ont \u00e9t\u00e9 inculp\u00e9es suite \u00e0 la cl\u00f4ture de l&rsquo;instruction.<\/p>\n<p>Elle a indiqu\u00e9, aujourd\u2019hui, dans une d\u00e9claration \u00e0 Mosaique fm, que la Chambre d&rsquo;accusation a inculp\u00e9 Khayem Turki, Kamel Leta\u00efef et Noureddine Bhiri de participation \u00e0 une entente terroriste, de financement du terrorisme, de complot contre la s\u00fbret\u00e9 de l&rsquo;Etat et d&rsquo;offense au pr\u00e9sident de la R\u00e9publique.<\/p>\n<p>Ghazi Chaouachi et Jawhar Ben Mbarek, quant \u00e0 eux, ont \u00e9t\u00e9 inculp\u00e9s de participation \u00e0 une entente terroriste, de non-d\u00e9nonciation d&rsquo;un crime terroriste, de complot contre la s\u00fbret\u00e9 int\u00e9rieure et ext\u00e9rieure de l&rsquo;Etat et d&rsquo;offense au pr\u00e9sident de la R\u00e9publique.<\/p>\n<p>Ridha Belhaj, Issam Chebbi et Abdelhamid Jelassi ont \u00e9t\u00e9 accus\u00e9s d&rsquo;avoir particip\u00e9 \u00e0 une entente terroriste, de non-d\u00e9nonciation d&rsquo;un crime terroriste et de complot contre la s\u00fbret\u00e9 int\u00e9rieure et ext\u00e9rieure de l&rsquo;Etat.<\/p>\n","protected":false},"excerpt":{"rendered":"<p>Selon Dalila Msaddek, membre du collectif de d\u00e9fense des d\u00e9tenus dans cette affaire, huit personnes ont \u00e9t\u00e9 inculp\u00e9es suite \u00e0 la cl\u00f4ture de l&rsquo;instruction.<\/p>\n","protected":false},"author":3162,"featured_media":247589,"comment_status":"open","ping_status":"closed","sticky":false,"template":"","format":"standard","meta":{"footnotes":""},"categories":[44],"tags":[3784,6679,5346,2608],"class_list":["post-213580","post","type-post","status-publish","format-standard","has-post-thumbnail","hentry","category-national","tag-complot","tag-inculpation","tag-surete-de-letat","tag-tunisie"],"yoast_head":"<!-- This site is optimized with the Yoast SEO Premium plugin v27.4 (Yoast SEO v27.5) - https:\/\/yoast.com\/product\/yoast-seo-premium-wordpress\/ -->\n<title>Tunisie : Les chefs d&#039;accusation dans l\u2019affaire du complot contre la s\u00fbret\u00e9 de l\u2019\u00c9tat<\/title>\n<meta name=\"description\" content=\"Selon Dalila Msaddek, membre du collectif de d\u00e9fense des d\u00e9tenus dans cette affaire, huit personnes ont \u00e9t\u00e9 inculp\u00e9es suite \u00e0 la cl\u00f4ture de l&#039;instruction.\" \/>\n<link rel=\"canonical\" href=\"https:\/\/www.webdo.tn\/fr\/actualite\/national\/tunisie-les-chefs-d-accusation-dans-l-affaire-du-complot-contre-la-surete-de-l-etat\/213580\/\" \/>\n<meta property=\"og:locale\" content=\"fr_FR\" \/>\n<meta property=\"og:type\" content=\"article\" \/>\n<meta property=\"og:title\" content=\"Tunisie : Les chefs d&#039;accusation dans l\u2019affaire du complot contre la s\u00fbret\u00e9 de l\u2019\u00c9tat\" \/>\n<meta property=\"og:description\" content=\"Selon Dalila Msaddek, membre du collectif de d\u00e9fense des d\u00e9tenus dans cette affaire, huit personnes ont \u00e9t\u00e9 inculp\u00e9es suite \u00e0 la cl\u00f4ture de l&#039;instruction.\" \/>\n<meta property=\"og:url\" content=\"https:\/\/www.webdo.tn\/fr\/actualite\/national\/tunisie-les-chefs-d-accusation-dans-l-affaire-du-complot-contre-la-surete-de-l-etat\/213580\/\" \/>\n<meta property=\"og:site_name\" content=\"webdo\" \/>\n<meta property=\"article:publisher\" content=\"https:\/\/www.facebook.com\/webdotn\" \/>\n<meta property=\"article:published_time\" content=\"2024-04-16T12:23:00+00:00\" \/>\n<meta property=\"article:modified_time\" content=\"2025-05-20T21:51:33+00:00\" \/>\n<meta property=\"og:image\" content=\"https:\/\/www.webdo.tn\/fr\/wp-content\/uploads\/2024\/04\/5cabe5b5674afe5da406453ab6904544.jpg\" \/>\n\t<meta property=\"og:image:width\" content=\"750\" \/>\n\t<meta property=\"og:image:height\" content=\"400\" \/>\n\t<meta property=\"og:image:type\" content=\"image\/jpeg\" \/>\n<meta name=\"author\" content=\"MC\" \/>\n<meta name=\"twitter:card\" content=\"summary_large_image\" \/>\n<meta name=\"twitter:creator\" content=\"@webdo_tn\" \/>\n<meta name=\"twitter:site\" content=\"@webdo_tn\" \/>\n<meta name=\"twitter:label1\" content=\"\u00c9crit par\" \/>\n\t<meta name=\"twitter:data1\" content=\"MC\" \/>\n\t<meta name=\"twitter:label2\" content=\"Dur\u00e9e de lecture estim\u00e9e\" \/>\n\t<meta name=\"twitter:data2\" content=\"1 minute\" \/>\n<script type=\"application\/ld+json\" class=\"yoast-schema-graph\">{\"@context\":\"https:\\\/\\\/schema.org\",\"@graph\":[{\"@type\":\"NewsArticle\",\"@id\":\"https:\\\/\\\/www.webdo.tn\\\/fr\\\/actualite\\\/national\\\/tunisie-les-chefs-d-accusation-dans-l-affaire-du-complot-contre-la-surete-de-l-etat\\\/213580\\\/#article\",\"isPartOf\":{\"@id\":\"https:\\\/\\\/www.webdo.tn\\\/fr\\\/actualite\\\/national\\\/tunisie-les-chefs-d-accusation-dans-l-affaire-du-complot-contre-la-surete-de-l-etat\\\/213580\\\/\"},\"author\":{\"name\":\"MC\",\"@id\":\"https:\\\/\\\/www.webdo.tn\\\/fr\\\/#\\\/schema\\\/person\\\/2c4929cbf5a809e3bd38617c6ce150f6\"},\"headline\":\"Tunisie : Les chefs d&rsquo;accusation dans l\u2019affaire du complot contre la s\u00fbret\u00e9 de l\u2019\u00c9tat\",\"datePublished\":\"2024-04-16T12:23:00+00:00\",\"dateModified\":\"2025-05-20T21:51:33+00:00\",\"mainEntityOfPage\":{\"@id\":\"https:\\\/\\\/www.webdo.tn\\\/fr\\\/actualite\\\/national\\\/tunisie-les-chefs-d-accusation-dans-l-affaire-du-complot-contre-la-surete-de-l-etat\\\/213580\\\/\"},\"wordCount\":238,\"commentCount\":0,\"publisher\":{\"@id\":\"https:\\\/\\\/www.webdo.tn\\\/fr\\\/#organization\"},\"image\":{\"@id\":\"https:\\\/\\\/www.webdo.tn\\\/fr\\\/actualite\\\/national\\\/tunisie-les-chefs-d-accusation-dans-l-affaire-du-complot-contre-la-surete-de-l-etat\\\/213580\\\/#primaryimage\"},\"thumbnailUrl\":\"https:\\\/\\\/www.webdo.tn\\\/fr\\\/wp-content\\\/uploads\\\/2024\\\/04\\\/5cabe5b5674afe5da406453ab6904544.jpg\",\"keywords\":[\"complot\",\"inculpation\",\"s\u00fbret\u00e9 de l'\u00e9tat\",\"Tunisie\"],\"articleSection\":[\"National\"],\"inLanguage\":\"fr-FR\"},{\"@type\":\"WebPage\",\"@id\":\"https:\\\/\\\/www.webdo.tn\\\/fr\\\/actualite\\\/national\\\/tunisie-les-chefs-d-accusation-dans-l-affaire-du-complot-contre-la-surete-de-l-etat\\\/213580\\\/\",\"url\":\"https:\\\/\\\/www.webdo.tn\\\/fr\\\/actualite\\\/national\\\/tunisie-les-chefs-d-accusation-dans-l-affaire-du-complot-contre-la-surete-de-l-etat\\\/213580\\\/\",\"name\":\"Tunisie : Les chefs d'accusation dans l\u2019affaire du complot contre la s\u00fbret\u00e9 de l\u2019\u00c9tat\",\"isPartOf\":{\"@id\":\"https:\\\/\\\/www.webdo.tn\\\/fr\\\/#website\"},\"primaryImageOfPage\":{\"@id\":\"https:\\\/\\\/www.webdo.tn\\\/fr\\\/actualite\\\/national\\\/tunisie-les-chefs-d-accusation-dans-l-affaire-du-complot-contre-la-surete-de-l-etat\\\/213580\\\/#primaryimage\"},\"image\":{\"@id\":\"https:\\\/\\\/www.webdo.tn\\\/fr\\\/actualite\\\/national\\\/tunisie-les-chefs-d-accusation-dans-l-affaire-du-complot-contre-la-surete-de-l-etat\\\/213580\\\/#primaryimage\"},\"thumbnailUrl\":\"https:\\\/\\\/www.webdo.tn\\\/fr\\\/wp-content\\\/uploads\\\/2024\\\/04\\\/5cabe5b5674afe5da406453ab6904544.jpg\",\"datePublished\":\"2024-04-16T12:23:00+00:00\",\"dateModified\":\"2025-05-20T21:51:33+00:00\",\"description\":\"Selon Dalila Msaddek, membre du collectif de d\u00e9fense des d\u00e9tenus dans cette affaire, huit personnes ont \u00e9t\u00e9 inculp\u00e9es suite \u00e0 la cl\u00f4ture de l'instruction.\",\"breadcrumb\":{\"@id\":\"https:\\\/\\\/www.webdo.tn\\\/fr\\\/actualite\\\/national\\\/tunisie-les-chefs-d-accusation-dans-l-affaire-du-complot-contre-la-surete-de-l-etat\\\/213580\\\/#breadcrumb\"},\"inLanguage\":\"fr-FR\",\"potentialAction\":[{\"@type\":\"ReadAction\",\"target\":[\"https:\\\/\\\/www.webdo.tn\\\/fr\\\/actualite\\\/national\\\/tunisie-les-chefs-d-accusation-dans-l-affaire-du-complot-contre-la-surete-de-l-etat\\\/213580\\\/\"]}]},{\"@type\":\"ImageObject\",\"inLanguage\":\"fr-FR\",\"@id\":\"https:\\\/\\\/www.webdo.tn\\\/fr\\\/actualite\\\/national\\\/tunisie-les-chefs-d-accusation-dans-l-affaire-du-complot-contre-la-surete-de-l-etat\\\/213580\\\/#primaryimage\",\"url\":\"https:\\\/\\\/www.webdo.tn\\\/fr\\\/wp-content\\\/uploads\\\/2024\\\/04\\\/5cabe5b5674afe5da406453ab6904544.jpg\",\"contentUrl\":\"https:\\\/\\\/www.webdo.tn\\\/fr\\\/wp-content\\\/uploads\\\/2024\\\/04\\\/5cabe5b5674afe5da406453ab6904544.jpg\",\"width\":750,\"height\":400,\"caption\":\"Tunisie : Les chefs d'accusation dans l\u2019affaire du complot contre la s\u00fbret\u00e9 de l\u2019\u00c9tat\"},{\"@type\":\"BreadcrumbList\",\"@id\":\"https:\\\/\\\/www.webdo.tn\\\/fr\\\/actualite\\\/national\\\/tunisie-les-chefs-d-accusation-dans-l-affaire-du-complot-contre-la-surete-de-l-etat\\\/213580\\\/#breadcrumb\",\"itemListElement\":[{\"@type\":\"ListItem\",\"position\":1,\"name\":\"Accueil\",\"item\":\"https:\\\/\\\/www.webdo.tn\\\/fr\\\/\"},{\"@type\":\"ListItem\",\"position\":2,\"name\":\"Tunisie : Les chefs d&#8217;accusation dans l\u2019affaire du complot contre la s\u00fbret\u00e9 de l\u2019\u00c9tat\"}]},{\"@type\":\"WebSite\",\"@id\":\"https:\\\/\\\/www.webdo.tn\\\/fr\\\/#website\",\"url\":\"https:\\\/\\\/www.webdo.tn\\\/fr\\\/\",\"name\":\"webdo\",\"description\":\"Tunisie - News en Tunisie et \u00e0 l&#039;international sur Webdo.tn\",\"publisher\":{\"@id\":\"https:\\\/\\\/www.webdo.tn\\\/fr\\\/#organization\"},\"potentialAction\":[{\"@type\":\"SearchAction\",\"target\":{\"@type\":\"EntryPoint\",\"urlTemplate\":\"https:\\\/\\\/www.webdo.tn\\\/fr\\\/?s={search_term_string}\"},\"query-input\":{\"@type\":\"PropertyValueSpecification\",\"valueRequired\":true,\"valueName\":\"search_term_string\"}}],\"inLanguage\":\"fr-FR\"},{\"@type\":\"Organization\",\"@id\":\"https:\\\/\\\/www.webdo.tn\\\/fr\\\/#organization\",\"name\":\"Webdo\",\"alternateName\":\"Webdo.tn\",\"url\":\"https:\\\/\\\/www.webdo.tn\\\/fr\\\/\",\"logo\":{\"@type\":\"ImageObject\",\"inLanguage\":\"fr-FR\",\"@id\":\"https:\\\/\\\/www.webdo.tn\\\/fr\\\/#\\\/schema\\\/logo\\\/image\\\/\",\"url\":\"https:\\\/\\\/www.webdo.tn\\\/fr\\\/wp-content\\\/uploads\\\/2025\\\/06\\\/Webdo-Tunisie_168377.jpg\",\"contentUrl\":\"https:\\\/\\\/www.webdo.tn\\\/fr\\\/wp-content\\\/uploads\\\/2025\\\/06\\\/Webdo-Tunisie_168377.jpg\",\"width\":301,\"height\":301,\"caption\":\"Webdo\"},\"image\":{\"@id\":\"https:\\\/\\\/www.webdo.tn\\\/fr\\\/#\\\/schema\\\/logo\\\/image\\\/\"},\"sameAs\":[\"https:\\\/\\\/www.facebook.com\\\/webdotn\",\"https:\\\/\\\/x.com\\\/webdo_tn\"],\"description\":\"Webdo est un m\u00e9dia num\u00e9rique tunisien fond\u00e9 en 2010, sp\u00e9cialis\u00e9 dans l\u2019actualit\u00e9 nationale et internationale, l\u2019\u00e9conomie, la soci\u00e9t\u00e9 et les analyses politiques. Le site s\u2019adresse \u00e0 un large public francophone et couvre l\u2019information tunisienne en temps r\u00e9el.\",\"email\":\"redac@webdo.tn\",\"legalName\":\"YNJ SARL\",\"foundingDate\":\"2010-09-06\",\"numberOfEmployees\":{\"@type\":\"QuantitativeValue\",\"minValue\":\"11\",\"maxValue\":\"50\"}},{\"@type\":\"Person\",\"@id\":\"https:\\\/\\\/www.webdo.tn\\\/fr\\\/#\\\/schema\\\/person\\\/2c4929cbf5a809e3bd38617c6ce150f6\",\"name\":\"MC\",\"image\":{\"@type\":\"ImageObject\",\"inLanguage\":\"fr-FR\",\"@id\":\"https:\\\/\\\/secure.gravatar.com\\\/avatar\\\/a545bbb6f84efdd5553dbbc2895e3ca8f1d12c5215e00a041c9670b54aa9b18a?s=96&d=mm&r=g\",\"url\":\"https:\\\/\\\/secure.gravatar.com\\\/avatar\\\/a545bbb6f84efdd5553dbbc2895e3ca8f1d12c5215e00a041c9670b54aa9b18a?s=96&d=mm&r=g\",\"contentUrl\":\"https:\\\/\\\/secure.gravatar.com\\\/avatar\\\/a545bbb6f84efdd5553dbbc2895e3ca8f1d12c5215e00a041c9670b54aa9b18a?s=96&d=mm&r=g\",\"caption\":\"MC\"},\"url\":\"https:\\\/\\\/www.webdo.tn\\\/fr\\\/actualite\\\/author\\\/mc\\\/\"}]}<\/script>\n<!-- \/ Yoast SEO Premium plugin. -->","yoast_head_json":{"title":"Tunisie : Les chefs d'accusation dans l\u2019affaire du complot contre la s\u00fbret\u00e9 de l\u2019\u00c9tat","description":"Selon Dalila Msaddek, membre du collectif de d\u00e9fense des d\u00e9tenus dans cette affaire, huit personnes ont \u00e9t\u00e9 inculp\u00e9es suite \u00e0 la cl\u00f4ture de l'instruction.","canonical":"https:\/\/www.webdo.tn\/fr\/actualite\/national\/tunisie-les-chefs-d-accusation-dans-l-affaire-du-complot-contre-la-surete-de-l-etat\/213580\/","og_locale":"fr_FR","og_type":"article","og_title":"Tunisie : Les chefs d'accusation dans l\u2019affaire du complot contre la s\u00fbret\u00e9 de l\u2019\u00c9tat","og_description":"Selon Dalila Msaddek, membre du collectif de d\u00e9fense des d\u00e9tenus dans cette affaire, huit personnes ont \u00e9t\u00e9 inculp\u00e9es suite \u00e0 la cl\u00f4ture de l'instruction.","og_url":"https:\/\/www.webdo.tn\/fr\/actualite\/national\/tunisie-les-chefs-d-accusation-dans-l-affaire-du-complot-contre-la-surete-de-l-etat\/213580\/","og_site_name":"webdo","article_publisher":"https:\/\/www.facebook.com\/webdotn","article_published_time":"2024-04-16T12:23:00+00:00","article_modified_time":"2025-05-20T21:51:33+00:00","og_image":[{"width":750,"height":400,"url":"https:\/\/www.webdo.tn\/fr\/wp-content\/uploads\/2024\/04\/5cabe5b5674afe5da406453ab6904544.jpg","type":"image\/jpeg"}],"author":"MC","twitter_card":"summary_large_image","twitter_creator":"@webdo_tn","twitter_site":"@webdo_tn","twitter_misc":{"\u00c9crit par":"MC","Dur\u00e9e de lecture estim\u00e9e":"1 minute"},"schema":{"@context":"https:\/\/schema.org","@graph":[{"@type":"NewsArticle","@id":"https:\/\/www.webdo.tn\/fr\/actualite\/national\/tunisie-les-chefs-d-accusation-dans-l-affaire-du-complot-contre-la-surete-de-l-etat\/213580\/#article","isPartOf":{"@id":"https:\/\/www.webdo.tn\/fr\/actualite\/national\/tunisie-les-chefs-d-accusation-dans-l-affaire-du-complot-contre-la-surete-de-l-etat\/213580\/"},"author":{"name":"MC","@id":"https:\/\/www.webdo.tn\/fr\/#\/schema\/person\/2c4929cbf5a809e3bd38617c6ce150f6"},"headline":"Tunisie : Les chefs d&rsquo;accusation dans l\u2019affaire du complot contre la s\u00fbret\u00e9 de l\u2019\u00c9tat","datePublished":"2024-04-16T12:23:00+00:00","dateModified":"2025-05-20T21:51:33+00:00","mainEntityOfPage":{"@id":"https:\/\/www.webdo.tn\/fr\/actualite\/national\/tunisie-les-chefs-d-accusation-dans-l-affaire-du-complot-contre-la-surete-de-l-etat\/213580\/"},"wordCount":238,"commentCount":0,"publisher":{"@id":"https:\/\/www.webdo.tn\/fr\/#organization"},"image":{"@id":"https:\/\/www.webdo.tn\/fr\/actualite\/national\/tunisie-les-chefs-d-accusation-dans-l-affaire-du-complot-contre-la-surete-de-l-etat\/213580\/#primaryimage"},"thumbnailUrl":"https:\/\/www.webdo.tn\/fr\/wp-content\/uploads\/2024\/04\/5cabe5b5674afe5da406453ab6904544.jpg","keywords":["complot","inculpation","s\u00fbret\u00e9 de l'\u00e9tat","Tunisie"],"articleSection":["National"],"inLanguage":"fr-FR"},{"@type":"WebPage","@id":"https:\/\/www.webdo.tn\/fr\/actualite\/national\/tunisie-les-chefs-d-accusation-dans-l-affaire-du-complot-contre-la-surete-de-l-etat\/213580\/","url":"https:\/\/www.webdo.tn\/fr\/actualite\/national\/tunisie-les-chefs-d-accusation-dans-l-affaire-du-complot-contre-la-surete-de-l-etat\/213580\/","name":"Tunisie : Les chefs d'accusation dans l\u2019affaire du complot contre la s\u00fbret\u00e9 de l\u2019\u00c9tat","isPartOf":{"@id":"https:\/\/www.webdo.tn\/fr\/#website"},"primaryImageOfPage":{"@id":"https:\/\/www.webdo.tn\/fr\/actualite\/national\/tunisie-les-chefs-d-accusation-dans-l-affaire-du-complot-contre-la-surete-de-l-etat\/213580\/#primaryimage"},"image":{"@id":"https:\/\/www.webdo.tn\/fr\/actualite\/national\/tunisie-les-chefs-d-accusation-dans-l-affaire-du-complot-contre-la-surete-de-l-etat\/213580\/#primaryimage"},"thumbnailUrl":"https:\/\/www.webdo.tn\/fr\/wp-content\/uploads\/2024\/04\/5cabe5b5674afe5da406453ab6904544.jpg","datePublished":"2024-04-16T12:23:00+00:00","dateModified":"2025-05-20T21:51:33+00:00","description":"Selon Dalila Msaddek, membre du collectif de d\u00e9fense des d\u00e9tenus dans cette affaire, huit personnes ont \u00e9t\u00e9 inculp\u00e9es suite \u00e0 la cl\u00f4ture de l'instruction.","breadcrumb":{"@id":"https:\/\/www.webdo.tn\/fr\/actualite\/national\/tunisie-les-chefs-d-accusation-dans-l-affaire-du-complot-contre-la-surete-de-l-etat\/213580\/#breadcrumb"},"inLanguage":"fr-FR","potentialAction":[{"@type":"ReadAction","target":["https:\/\/www.webdo.tn\/fr\/actualite\/national\/tunisie-les-chefs-d-accusation-dans-l-affaire-du-complot-contre-la-surete-de-l-etat\/213580\/"]}]},{"@type":"ImageObject","inLanguage":"fr-FR","@id":"https:\/\/www.webdo.tn\/fr\/actualite\/national\/tunisie-les-chefs-d-accusation-dans-l-affaire-du-complot-contre-la-surete-de-l-etat\/213580\/#primaryimage","url":"https:\/\/www.webdo.tn\/fr\/wp-content\/uploads\/2024\/04\/5cabe5b5674afe5da406453ab6904544.jpg","contentUrl":"https:\/\/www.webdo.tn\/fr\/wp-content\/uploads\/2024\/04\/5cabe5b5674afe5da406453ab6904544.jpg","width":750,"height":400,"caption":"Tunisie : Les chefs d'accusation dans l\u2019affaire du complot contre la s\u00fbret\u00e9 de l\u2019\u00c9tat"},{"@type":"BreadcrumbList","@id":"https:\/\/www.webdo.tn\/fr\/actualite\/national\/tunisie-les-chefs-d-accusation-dans-l-affaire-du-complot-contre-la-surete-de-l-etat\/213580\/#breadcrumb","itemListElement":[{"@type":"ListItem","position":1,"name":"Accueil","item":"https:\/\/www.webdo.tn\/fr\/"},{"@type":"ListItem","position":2,"name":"Tunisie : Les chefs d&#8217;accusation dans l\u2019affaire du complot contre la s\u00fbret\u00e9 de l\u2019\u00c9tat"}]},{"@type":"WebSite","@id":"https:\/\/www.webdo.tn\/fr\/#website","url":"https:\/\/www.webdo.tn\/fr\/","name":"webdo","description":"Tunisie - News en Tunisie et \u00e0 l&#039;international sur Webdo.tn","publisher":{"@id":"https:\/\/www.webdo.tn\/fr\/#organization"},"potentialAction":[{"@type":"SearchAction","target":{"@type":"EntryPoint","urlTemplate":"https:\/\/www.webdo.tn\/fr\/?s={search_term_string}"},"query-input":{"@type":"PropertyValueSpecification","valueRequired":true,"valueName":"search_term_string"}}],"inLanguage":"fr-FR"},{"@type":"Organization","@id":"https:\/\/www.webdo.tn\/fr\/#organization","name":"Webdo","alternateName":"Webdo.tn","url":"https:\/\/www.webdo.tn\/fr\/","logo":{"@type":"ImageObject","inLanguage":"fr-FR","@id":"https:\/\/www.webdo.tn\/fr\/#\/schema\/logo\/image\/","url":"https:\/\/www.webdo.tn\/fr\/wp-content\/uploads\/2025\/06\/Webdo-Tunisie_168377.jpg","contentUrl":"https:\/\/www.webdo.tn\/fr\/wp-content\/uploads\/2025\/06\/Webdo-Tunisie_168377.jpg","width":301,"height":301,"caption":"Webdo"},"image":{"@id":"https:\/\/www.webdo.tn\/fr\/#\/schema\/logo\/image\/"},"sameAs":["https:\/\/www.facebook.com\/webdotn","https:\/\/x.com\/webdo_tn"],"description":"Webdo est un m\u00e9dia num\u00e9rique tunisien fond\u00e9 en 2010, sp\u00e9cialis\u00e9 dans l\u2019actualit\u00e9 nationale et internationale, l\u2019\u00e9conomie, la soci\u00e9t\u00e9 et les analyses politiques. Le site s\u2019adresse \u00e0 un large public francophone et couvre l\u2019information tunisienne en temps r\u00e9el.","email":"redac@webdo.tn","legalName":"YNJ SARL","foundingDate":"2010-09-06","numberOfEmployees":{"@type":"QuantitativeValue","minValue":"11","maxValue":"50"}},{"@type":"Person","@id":"https:\/\/www.webdo.tn\/fr\/#\/schema\/person\/2c4929cbf5a809e3bd38617c6ce150f6","name":"MC","image":{"@type":"ImageObject","inLanguage":"fr-FR","@id":"https:\/\/secure.gravatar.com\/avatar\/a545bbb6f84efdd5553dbbc2895e3ca8f1d12c5215e00a041c9670b54aa9b18a?s=96&d=mm&r=g","url":"https:\/\/secure.gravatar.com\/avatar\/a545bbb6f84efdd5553dbbc2895e3ca8f1d12c5215e00a041c9670b54aa9b18a?s=96&d=mm&r=g","contentUrl":"https:\/\/secure.gravatar.com\/avatar\/a545bbb6f84efdd5553dbbc2895e3ca8f1d12c5215e00a041c9670b54aa9b18a?s=96&d=mm&r=g","caption":"MC"},"url":"https:\/\/www.webdo.tn\/fr\/actualite\/author\/mc\/"}]}},"_links":{"self":[{"href":"https:\/\/www.webdo.tn\/fr\/wp-json\/wp\/v2\/posts\/213580","targetHints":{"allow":["GET"]}}],"collection":[{"href":"https:\/\/www.webdo.tn\/fr\/wp-json\/wp\/v2\/posts"}],"about":[{"href":"https:\/\/www.webdo.tn\/fr\/wp-json\/wp\/v2\/types\/post"}],"author":[{"embeddable":true,"href":"https:\/\/www.webdo.tn\/fr\/wp-json\/wp\/v2\/users\/3162"}],"replies":[{"embeddable":true,"href":"https:\/\/www.webdo.tn\/fr\/wp-json\/wp\/v2\/comments?post=213580"}],"version-history":[{"count":0,"href":"https:\/\/www.webdo.tn\/fr\/wp-json\/wp\/v2\/posts\/213580\/revisions"}],"wp:featuredmedia":[{"embeddable":true,"href":"https:\/\/www.webdo.tn\/fr\/wp-json\/wp\/v2\/media\/247589"}],"wp:attachment":[{"href":"https:\/\/www.webdo.tn\/fr\/wp-json\/wp\/v2\/media?parent=213580"}],"wp:term":[{"taxonomy":"category","embeddable":true,"href":"https:\/\/www.webdo.tn\/fr\/wp-json\/wp\/v2\/categories?post=213580"},{"taxonomy":"post_tag","embeddable":true,"href":"https:\/\/www.webdo.tn\/fr\/wp-json\/wp\/v2\/tags?post=213580"}],"curies":[{"name":"wp","href":"https:\/\/api.w.org\/{rel}","templated":true}]}}