{"id":213579,"date":"2024-04-16T11:29:00","date_gmt":"2024-04-16T11:29:00","guid":{"rendered":"https:\/\/www.webdo.tn\/fr\/blog\/foire-internationale-du-livre-de-tunis-le-programme-complet-de-l-italie-invite-d-honneur\/213579\/"},"modified":"2024-04-16T11:29:00","modified_gmt":"2024-04-16T11:29:00","slug":"foire-internationale-du-livre-de-tunis-le-programme-complet-de-l-italie-invite-d-honneur","status":"publish","type":"post","link":"https:\/\/www.webdo.tn\/fr\/actualite\/culture\/foire-internationale-du-livre-de-tunis-le-programme-complet-de-l-italie-invite-d-honneur\/213579\/","title":{"rendered":"Foire internationale du livre de Tunis : Le programme complet de l&rsquo;Italie, invit\u00e9 d&rsquo;honneur"},"content":{"rendered":"<p>C&rsquo;est l&rsquo;\u00e2me m\u00e9diterran\u00e9enne de l&rsquo;Italie qui sera mise en exergue \u00e0 travers le programme de l&rsquo;Italie, invit\u00e9 d&rsquo;honneur de la Foire internationale du livre de Tunis<\/p>\n<p>\t\t\t\t\t\t\t\t\tUne quinzaine d&rsquo;\u00e9crivains italiens et de nombreux \u00e9diteurs seront pr\u00e9sents \u00e0 la Foire internationale du livre de Tunis du 19 au 28 avril. Un pavillon italien de grande envergure sera au c\u0153ur de cette 38e \u00e9dition de la FILT \u00e0 l&rsquo;occasion du statut d&rsquo;invit\u00e9 d&rsquo;honneur de l&rsquo;Italie pour cette \u00e9dition.<\/p>\n<p>Guid\u00e9s par le th\u00e8me du programme culturel italien \u00ab\u00a0l\u2019\u00e2me de la M\u00e9diterran\u00e9e\u00a0\u00bb, plusieurs repr\u00e9sentants de la sc\u00e8ne culturelle pr\u00e9senteront des extraits caract\u00e9ristiques de la litt\u00e9rature contemporaine.<\/p>\n<p>Il ne s&rsquo;agit donc pas de monologues, mais de dialogues o\u00f9 l&rsquo;on (re)d\u00e9couvre, l&rsquo;un dans l&rsquo;autre, les caract\u00e9ristiques expressives, l&rsquo;\u00e2me de l&rsquo;identit\u00e9 m\u00e9diterran\u00e9enne commune.<\/p>\n<p>Cette participation a \u00e9t\u00e9 rendue possible gr\u00e2ce au soutien des institutions italiennes &#8211; le Minist\u00e8re des affaires \u00e9trang\u00e8res et de la coop\u00e9ration internationale avec l&rsquo;Ambassade d&rsquo;Italie en Tunisie et l&rsquo;Institut Culturel Italien \u00e0 Tunis, le Minist\u00e8re de la Culture, l&rsquo;ICE &#8211; Agence pour la promotion \u00e0 l&rsquo;\u00e9tranger et l&rsquo;internationalisation des entreprises italiennes, le Centre du livre et de la litt\u00e9rature et la collaboration de l&rsquo;AIE &#8211; Association des \u00e9diteurs italiens.<\/p>\n<p>En mai, l&rsquo;Italie sera l&rsquo;invit\u00e9e d&rsquo;honneur de la Foire internationale du livre de Varsovie et, en octobre, de la Buchmesse de Francfort, consid\u00e9r\u00e9 comme le principal \u00e9v\u00e9nement dans le domaine de l&rsquo;\u00e9dition en Europe et dans le monde.<\/p>\n<p>Les auteurs invit\u00e9s \u00e0 Tunis sont Roberto Alajmo, Marino Bartoletti, Maria Borio, Pierfranco Bruni, Alfonso Campisi, Matteo Collura, Giuseppe Conte, Silvia Finzi, Roberto Mercadini, Claudio Pozzani, Tiziana Romanin, Evelina Santangelo e Marcello Veneziani. Les rencontres seront anim\u00e9es par: Sonia Ben Salem, Alfio Bonaccorso, Hatem Bourial, Rosy Candiani, Meriem Dhouib, Raimondo Fassa, Antonella Ferrara, Mohamed Menzli e Fabio Ruggirello.<\/p>\n<p>Le programme culturel, realis\u00e9 par l&rsquo;Institut culturel italien de Tunis, l&rsquo;AIE et le CEPELL, comprendra des rencontres, des dialogues, des tables rondes et des ateliers pour les enfants et les jeunes. Les \u00e9v\u00e9nements se d\u00e9rouleront \u00e0 l&rsquo;int\u00e9rieur du Pavillon italien, un espace d&rsquo;environ 220 m\u00e8tres carr\u00e9s am\u00e9nag\u00e9 par ICE en collaboration avec l&rsquo;AIE, o\u00f9 seront install\u00e9s des espaces d\u00e9di\u00e9s aux \u00e9diteurs italiens pr\u00e9sents \u00e0 la foire. De plus, la librairie tunisienne Al Kitab exposera des livres d&rsquo;auteurs italiens en diff\u00e9rentes langues : italien, arabe et fran\u00e7ais. Des titres figurant sur la liste d&rsquo;honneur d&rsquo;IBBY Italia 2023 seront \u00e9galement expos\u00e9s.<\/p>\n<p>L&rsquo;ouverture du programme italien se fera par la pr\u00e9sentation du rapport de l&rsquo;AIE sur l&rsquo;\u00e9dition italienne et se poursuivra par des rencontres entre les maisons d&rsquo;\u00e9dition italiennes pr\u00e9sentes (17 au total) et les professionnels tunisiens de l&rsquo;\u00e9dition, y compris les cinquante maisons d&rsquo;\u00e9dition locales impliqu\u00e9es et la presse.<\/p>\n<p>Evelina Santangelo<\/p>\n<p>LE PROGRAMME CULTUREL<\/p>\n<p>La d\u00e9l\u00e9gation d&rsquo;auteurs italiens, riche, diverse et color\u00e9e, a \u00e9t\u00e9 invit\u00e9e en Tunisie pour explorer l&rsquo;\u00e2me m\u00e9diterran\u00e9enne \u00e0 Tunis \u00e0 travers des jeux de mots opulents. Le samedi 20 avril, l&rsquo;\u00e9crivain et journaliste palermitain Roberto Alajmo ouvrira officiellement le programme. Il comparera sa vision privil\u00e9gi\u00e9e de la M\u00e9diterran\u00e9e avec celle de son homologue Hatem Bourial, c\u00f4t\u00e9 tunisien.<\/p>\n<p>Dimanche 21 avril, Sur sc\u00e8ne, la po\u00e9sie de Maria Borio, qui dialoguera avec son coll\u00e8gue tunisien Abdel Aziz Kacem. Roberto Mercadini et Fabio Ruggirello, directeur de l&rsquo;Institut culturel italien en Tunisie, aborderont le g\u00e9nie et l&rsquo;obsession de Leonardo et Michelangelo, deux ic\u00f4nes immortelles de la Renaissance italienne.<\/p>\n<p>La Sicile sera le th\u00e8me principal de la journ\u00e9e du lundi 22. Le matin, l&rsquo;\u00e9crivain et journaliste Matteo Collura explorera la litt\u00e9rature de la terre o\u00f9 \u00ab\u00a0l&rsquo;Europe commence et finit\u00a0\u00bb, introduit par Antonella Ferrara et Alfio Bonaccorso, respectivement pr\u00e9sidente et directeur ex\u00e9cutif du festival Taobuk, dont le programme de la quatorzi\u00e8me \u00e9dition (Taormina, 20-24 juin 2024) sera pr\u00e9sent\u00e9 en avant-premi\u00e8re.<\/p>\n<p>L&rsquo;apr\u00e8s-midi, Alfonso Campisi, ma\u00eetre de conf\u00e9rences en philologie romane \u00e0 l&rsquo;Universit\u00e9 de la Manouba \u00e0 Tunis, explorera, sous la mod\u00e9ration de Rosy Candiani, la complexit\u00e9 du m\u00e9lange culturel r\u00e9sultant de la rencontre entre les migrants siciliens et la population tunisienne, entre le pass\u00e9 et le pr\u00e9sent.<\/p>\n<p>Mardi 23 avril, les \u00e9crivaines Evelina Santangelo et Azza Filali partiront \u00e0 la d\u00e9couverte de la M\u00e9diterran\u00e9e \u00e0 travers les yeux des peuples qui ont habit\u00e9 et qui habitent encore ses rives, en explorant le \u00ab\u00a0sentiment de la mer\u00a0\u00bb comme moyen de comprendre la vie \u00e0 travers les \u00e9poques et les lieux. Ce voyage sera suivi d&rsquo;un atelier didactique organis\u00e9 par l&rsquo;Institut culturel italien de Tunis et consacr\u00e9 \u00e0 la langue italienne, l&rsquo;un des idiomes \u00e9trangers les plus populaires en Tunisie.<\/p>\n<p>Mercredi 24 avril, la po\u00e9sie sans limites de Giuseppe Conte, accompagn\u00e9 de l\u2019universitaire (italianiste) Meriem Dhouib, r\u00e9unira l&rsquo;Orient et l&rsquo;Occident, deux extr\u00eames antagonistes qui, dans les vers du po\u00e8te, ont toujours \u00e9t\u00e9 embrass\u00e9s par la mer, qui est aussi un symbole de l&rsquo;infini. Silvia Finzi, universitaire et directrice du journal Il Corriere di Tunisi &#8211; le seul journal de langue italienne en Afrique du Nord \u00e0 ce jour &#8211; retracera deux si\u00e8cles d&rsquo;histoire de la presse et de l&rsquo;\u00e9dition italiennes en Tunisi.<\/p>\n<p>Jeudi 25 avril, l&rsquo;illustratrice Tiziana Romanin et Sonia Ben Salem traceront un pont extraordinaire entre l&rsquo;Europe et la Foire, tandis que Marino Bartoletti guidera le public \u00e0 travers des d\u00e9cennies d&rsquo;art, de sport et de divertissement et passera du statut d&rsquo;interview\u00e9 \u00e0 celui d&rsquo;intervieweur &#8211; men\u00e9e par le journaliste Mohamed Menzli &#8211; afin de discuter d&rsquo;hommes (m\u00e9diterran\u00e9ens ou non) menant des vies extraordinaires.<\/p>\n<p>Vendredi 26 avril, apr\u00e8s la projection du documentaire \u00ab\u00a0Virgilio duca di Dante\u00a0\u00bb r\u00e9alis\u00e9 par Habib Mestiri, deux \u00e9v\u00e9nements anim\u00e9s par le professeur Raimondo Fassa auront lieu. Ils seront respectivement d\u00e9di\u00e9s \u00e0 l&rsquo;histoire de la musique contemporaine et \u00e0 la po\u00e9sie. Le premier \u00e9v\u00e9nement accueillera l&rsquo;arch\u00e9ologue et \u00e9crivain calabrais Pierfranco Bruni, qui esquisseront une g\u00e9ographie culturelle de la M\u00e9diterran\u00e9e en parcourant les sentiers ligures de Fabrizio De Andr\u00e9 et les littoraux grouillants de vie de Franco Califano.<\/p>\n<p>Le second \u00e9v\u00e9nement se concentrera sur les \u00ab\u00a0paroles ouvertes\u00a0\u00bb du po\u00e8te g\u00e9nois Claudio Pozzani, qui trouvent dans le vers lyrique leur genre litt\u00e9raire de r\u00e9f\u00e9rence.<\/p>\n<p>La matin\u00e9e du samedi 27 avril mettra en vedette Giambattista Vico, sur lequel discuteront le philosophe Marcello Veneziani et le professeur de l&rsquo;Universit\u00e9 La Manouba de Tunisie, Ahmed Somai, des experts profonds de l&rsquo;\u0153uvre de l&rsquo;un des penseurs m\u00e9diterran\u00e9ens par excellence, difficile \u00e0 cat\u00e9goriser et n\u00e9cessaire \u00e0 conna\u00eetre.<\/p>\n<p>\u00c0 la cl\u00f4ture du programme, il y aura des rencontres d\u00e9di\u00e9es aux enfants et aux jeunes, ayant pour objectif, entre autres, de mettre en valeur les beaut\u00e9s historiques et naturelles de l\u2019Italie : celle du samedi apr\u00e8s-midi avec Geronimo Stilton de Elisabetta Dami et celle du dimanche avec le voyage en Italie de Pimpa de Altan<\/p>\n","protected":false},"excerpt":{"rendered":"<p>Une quinzaine d&rsquo;\u00e9crivains italiens et de nombreux \u00e9diteurs seront pr\u00e9sents \u00e0 la Foire internationale du livre de Tunis du 19 au 28 avril. Un pavillon italien de&#8230;<\/p>\n","protected":false},"author":3229,"featured_media":247588,"comment_status":"open","ping_status":"closed","sticky":false,"template":"","format":"standard","meta":{"footnotes":""},"categories":[2594],"tags":[6588,2660,2640,2608],"class_list":["post-213579","post","type-post","status-publish","format-standard","has-post-thumbnail","hentry","category-culture","tag-foire-du-livre","tag-italie","tag-tunis","tag-tunisie"],"yoast_head":"<!-- This site is optimized with the Yoast SEO Premium plugin v27.5 (Yoast SEO v27.5) - https:\/\/yoast.com\/product\/yoast-seo-premium-wordpress\/ -->\n<title>Foire internationale du livre de Tunis : Le programme complet de l&#039;Italie, invit\u00e9 d&#039;honneur<\/title>\n<meta name=\"description\" content=\"Une quinzaine d&#039;\u00e9crivains italiens et de nombreux \u00e9diteurs seront pr\u00e9sents \u00e0 la Foire internationale du livre de Tunis du 19 au 28 avril. Un pavillon italien de...\" \/>\n<link rel=\"canonical\" href=\"https:\/\/www.webdo.tn\/fr\/actualite\/culture\/foire-internationale-du-livre-de-tunis-le-programme-complet-de-l-italie-invite-d-honneur\/213579\/\" \/>\n<meta property=\"og:locale\" content=\"fr_FR\" \/>\n<meta property=\"og:type\" content=\"article\" \/>\n<meta property=\"og:title\" content=\"Foire internationale du livre de Tunis : Le programme complet de l&#039;Italie, invit\u00e9 d&#039;honneur\" \/>\n<meta property=\"og:description\" content=\"Une quinzaine d&#039;\u00e9crivains italiens et de nombreux \u00e9diteurs seront pr\u00e9sents \u00e0 la Foire internationale du livre de Tunis du 19 au 28 avril. Un pavillon italien de...\" \/>\n<meta property=\"og:url\" content=\"https:\/\/www.webdo.tn\/fr\/actualite\/culture\/foire-internationale-du-livre-de-tunis-le-programme-complet-de-l-italie-invite-d-honneur\/213579\/\" \/>\n<meta property=\"og:site_name\" content=\"webdo\" \/>\n<meta property=\"article:publisher\" content=\"https:\/\/www.facebook.com\/webdotn\" \/>\n<meta property=\"article:author\" content=\"https:\/\/www.facebook.com\/hatem.bourial.2025\" \/>\n<meta property=\"article:published_time\" content=\"2024-04-16T11:29:00+00:00\" \/>\n<meta property=\"og:image\" content=\"https:\/\/www.webdo.tn\/fr\/wp-content\/uploads\/2024\/04\/b4063ca296cef479f18940947edf70d6.jpg\" \/>\n\t<meta property=\"og:image:width\" content=\"720\" \/>\n\t<meta property=\"og:image:height\" content=\"384\" \/>\n\t<meta property=\"og:image:type\" content=\"image\/jpeg\" \/>\n<meta name=\"author\" content=\"Hatem Bourial\" \/>\n<meta name=\"twitter:card\" content=\"summary_large_image\" \/>\n<meta name=\"twitter:creator\" content=\"@webdo_tn\" \/>\n<meta name=\"twitter:site\" content=\"@webdo_tn\" \/>\n<meta name=\"twitter:label1\" content=\"\u00c9crit par\" \/>\n\t<meta name=\"twitter:data1\" content=\"Hatem Bourial\" \/>\n\t<meta name=\"twitter:label2\" content=\"Dur\u00e9e de lecture estim\u00e9e\" \/>\n\t<meta name=\"twitter:data2\" content=\"6 minutes\" \/>\n<script type=\"application\/ld+json\" class=\"yoast-schema-graph\">{\"@context\":\"https:\\\/\\\/schema.org\",\"@graph\":[{\"@type\":\"NewsArticle\",\"@id\":\"https:\\\/\\\/www.webdo.tn\\\/fr\\\/actualite\\\/culture\\\/foire-internationale-du-livre-de-tunis-le-programme-complet-de-l-italie-invite-d-honneur\\\/213579\\\/#article\",\"isPartOf\":{\"@id\":\"https:\\\/\\\/www.webdo.tn\\\/fr\\\/actualite\\\/culture\\\/foire-internationale-du-livre-de-tunis-le-programme-complet-de-l-italie-invite-d-honneur\\\/213579\\\/\"},\"author\":{\"name\":\"Hatem Bourial\",\"@id\":\"https:\\\/\\\/www.webdo.tn\\\/fr\\\/#\\\/schema\\\/person\\\/6bc0beba2cd23aec27cb5df85ca2554f\"},\"headline\":\"Foire internationale du livre de Tunis : Le programme complet de l&rsquo;Italie, invit\u00e9 d&rsquo;honneur\",\"datePublished\":\"2024-04-16T11:29:00+00:00\",\"mainEntityOfPage\":{\"@id\":\"https:\\\/\\\/www.webdo.tn\\\/fr\\\/actualite\\\/culture\\\/foire-internationale-du-livre-de-tunis-le-programme-complet-de-l-italie-invite-d-honneur\\\/213579\\\/\"},\"wordCount\":1250,\"commentCount\":0,\"publisher\":{\"@id\":\"https:\\\/\\\/www.webdo.tn\\\/fr\\\/#organization\"},\"image\":{\"@id\":\"https:\\\/\\\/www.webdo.tn\\\/fr\\\/actualite\\\/culture\\\/foire-internationale-du-livre-de-tunis-le-programme-complet-de-l-italie-invite-d-honneur\\\/213579\\\/#primaryimage\"},\"thumbnailUrl\":\"https:\\\/\\\/www.webdo.tn\\\/fr\\\/wp-content\\\/uploads\\\/2024\\\/04\\\/b4063ca296cef479f18940947edf70d6.jpg\",\"keywords\":[\"foire du livre\",\"Italie\",\"Tunis\",\"Tunisie\"],\"articleSection\":[\"Culture\"],\"inLanguage\":\"fr-FR\"},{\"@type\":\"WebPage\",\"@id\":\"https:\\\/\\\/www.webdo.tn\\\/fr\\\/actualite\\\/culture\\\/foire-internationale-du-livre-de-tunis-le-programme-complet-de-l-italie-invite-d-honneur\\\/213579\\\/\",\"url\":\"https:\\\/\\\/www.webdo.tn\\\/fr\\\/actualite\\\/culture\\\/foire-internationale-du-livre-de-tunis-le-programme-complet-de-l-italie-invite-d-honneur\\\/213579\\\/\",\"name\":\"Foire internationale du livre de Tunis : Le programme complet de l'Italie, invit\u00e9 d'honneur\",\"isPartOf\":{\"@id\":\"https:\\\/\\\/www.webdo.tn\\\/fr\\\/#website\"},\"primaryImageOfPage\":{\"@id\":\"https:\\\/\\\/www.webdo.tn\\\/fr\\\/actualite\\\/culture\\\/foire-internationale-du-livre-de-tunis-le-programme-complet-de-l-italie-invite-d-honneur\\\/213579\\\/#primaryimage\"},\"image\":{\"@id\":\"https:\\\/\\\/www.webdo.tn\\\/fr\\\/actualite\\\/culture\\\/foire-internationale-du-livre-de-tunis-le-programme-complet-de-l-italie-invite-d-honneur\\\/213579\\\/#primaryimage\"},\"thumbnailUrl\":\"https:\\\/\\\/www.webdo.tn\\\/fr\\\/wp-content\\\/uploads\\\/2024\\\/04\\\/b4063ca296cef479f18940947edf70d6.jpg\",\"datePublished\":\"2024-04-16T11:29:00+00:00\",\"description\":\"Une quinzaine d'\u00e9crivains italiens et de nombreux \u00e9diteurs seront pr\u00e9sents \u00e0 la Foire internationale du livre de Tunis du 19 au 28 avril. Un pavillon italien de...\",\"breadcrumb\":{\"@id\":\"https:\\\/\\\/www.webdo.tn\\\/fr\\\/actualite\\\/culture\\\/foire-internationale-du-livre-de-tunis-le-programme-complet-de-l-italie-invite-d-honneur\\\/213579\\\/#breadcrumb\"},\"inLanguage\":\"fr-FR\",\"potentialAction\":[{\"@type\":\"ReadAction\",\"target\":[\"https:\\\/\\\/www.webdo.tn\\\/fr\\\/actualite\\\/culture\\\/foire-internationale-du-livre-de-tunis-le-programme-complet-de-l-italie-invite-d-honneur\\\/213579\\\/\"]}]},{\"@type\":\"ImageObject\",\"inLanguage\":\"fr-FR\",\"@id\":\"https:\\\/\\\/www.webdo.tn\\\/fr\\\/actualite\\\/culture\\\/foire-internationale-du-livre-de-tunis-le-programme-complet-de-l-italie-invite-d-honneur\\\/213579\\\/#primaryimage\",\"url\":\"https:\\\/\\\/www.webdo.tn\\\/fr\\\/wp-content\\\/uploads\\\/2024\\\/04\\\/b4063ca296cef479f18940947edf70d6.jpg\",\"contentUrl\":\"https:\\\/\\\/www.webdo.tn\\\/fr\\\/wp-content\\\/uploads\\\/2024\\\/04\\\/b4063ca296cef479f18940947edf70d6.jpg\",\"width\":720,\"height\":384,\"caption\":\"Roberto Alajmo\"},{\"@type\":\"BreadcrumbList\",\"@id\":\"https:\\\/\\\/www.webdo.tn\\\/fr\\\/actualite\\\/culture\\\/foire-internationale-du-livre-de-tunis-le-programme-complet-de-l-italie-invite-d-honneur\\\/213579\\\/#breadcrumb\",\"itemListElement\":[{\"@type\":\"ListItem\",\"position\":1,\"name\":\"Accueil\",\"item\":\"https:\\\/\\\/www.webdo.tn\\\/fr\\\/\"},{\"@type\":\"ListItem\",\"position\":2,\"name\":\"Foire internationale du livre de Tunis : Le programme complet de l&rsquo;Italie, invit\u00e9 d&rsquo;honneur\"}]},{\"@type\":\"WebSite\",\"@id\":\"https:\\\/\\\/www.webdo.tn\\\/fr\\\/#website\",\"url\":\"https:\\\/\\\/www.webdo.tn\\\/fr\\\/\",\"name\":\"webdo\",\"description\":\"Tunisie - News en Tunisie et \u00e0 l&#039;international sur Webdo.tn\",\"publisher\":{\"@id\":\"https:\\\/\\\/www.webdo.tn\\\/fr\\\/#organization\"},\"potentialAction\":[{\"@type\":\"SearchAction\",\"target\":{\"@type\":\"EntryPoint\",\"urlTemplate\":\"https:\\\/\\\/www.webdo.tn\\\/fr\\\/?s={search_term_string}\"},\"query-input\":{\"@type\":\"PropertyValueSpecification\",\"valueRequired\":true,\"valueName\":\"search_term_string\"}}],\"inLanguage\":\"fr-FR\"},{\"@type\":\"Organization\",\"@id\":\"https:\\\/\\\/www.webdo.tn\\\/fr\\\/#organization\",\"name\":\"Webdo\",\"alternateName\":\"Webdo.tn\",\"url\":\"https:\\\/\\\/www.webdo.tn\\\/fr\\\/\",\"logo\":{\"@type\":\"ImageObject\",\"inLanguage\":\"fr-FR\",\"@id\":\"https:\\\/\\\/www.webdo.tn\\\/fr\\\/#\\\/schema\\\/logo\\\/image\\\/\",\"url\":\"https:\\\/\\\/www.webdo.tn\\\/fr\\\/wp-content\\\/uploads\\\/2025\\\/06\\\/Webdo-Tunisie_168377.jpg\",\"contentUrl\":\"https:\\\/\\\/www.webdo.tn\\\/fr\\\/wp-content\\\/uploads\\\/2025\\\/06\\\/Webdo-Tunisie_168377.jpg\",\"width\":301,\"height\":301,\"caption\":\"Webdo\"},\"image\":{\"@id\":\"https:\\\/\\\/www.webdo.tn\\\/fr\\\/#\\\/schema\\\/logo\\\/image\\\/\"},\"sameAs\":[\"https:\\\/\\\/www.facebook.com\\\/webdotn\",\"https:\\\/\\\/x.com\\\/webdo_tn\"],\"description\":\"Webdo est un m\u00e9dia num\u00e9rique tunisien fond\u00e9 en 2010, sp\u00e9cialis\u00e9 dans l\u2019actualit\u00e9 nationale et internationale, l\u2019\u00e9conomie, la soci\u00e9t\u00e9 et les analyses politiques. Le site s\u2019adresse \u00e0 un large public francophone et couvre l\u2019information tunisienne en temps r\u00e9el.\",\"email\":\"redac@webdo.tn\",\"legalName\":\"YNJ SARL\",\"foundingDate\":\"2010-09-06\",\"numberOfEmployees\":{\"@type\":\"QuantitativeValue\",\"minValue\":\"11\",\"maxValue\":\"50\"}},{\"@type\":\"Person\",\"@id\":\"https:\\\/\\\/www.webdo.tn\\\/fr\\\/#\\\/schema\\\/person\\\/6bc0beba2cd23aec27cb5df85ca2554f\",\"name\":\"Hatem Bourial\",\"image\":{\"@type\":\"ImageObject\",\"inLanguage\":\"fr-FR\",\"@id\":\"https:\\\/\\\/www.webdo.tn\\\/fr\\\/wp-content\\\/uploads\\\/2026\\\/04\\\/hatem-bourial_avatar-96x96.jpg\",\"url\":\"https:\\\/\\\/www.webdo.tn\\\/fr\\\/wp-content\\\/uploads\\\/2026\\\/04\\\/hatem-bourial_avatar-96x96.jpg\",\"contentUrl\":\"https:\\\/\\\/www.webdo.tn\\\/fr\\\/wp-content\\\/uploads\\\/2026\\\/04\\\/hatem-bourial_avatar-96x96.jpg\",\"caption\":\"Hatem Bourial\"},\"description\":\"Hatem Bourial est journaliste, \u00e9crivain et chroniqueur tunisien. Actif depuis plusieurs d\u00e9cennies, il s\u2019est impos\u00e9 comme un observateur attentif de la soci\u00e9t\u00e9 tunisienne, m\u00ealant dans ses \u00e9crits m\u00e9moire, culture et analyse du quotidien. Auteur de nombreux ouvrages, il d\u00e9veloppe une \u0153uvre \u00e0 la crois\u00e9e du r\u00e9cit, de la po\u00e9sie et de l\u2019observation sociologique. Parall\u00e8lement \u00e0 ses contributions dans la presse, il intervient r\u00e9guli\u00e8rement \u00e0 la radio et dans des espaces culturels, o\u00f9 il explore les enjeux li\u00e9s au patrimoine, \u00e0 l\u2019identit\u00e9 et aux transformations du monde contemporain. \u00c0 travers ses chroniques, Hatem Bourial propose une lecture sensible et approfondie de l\u2019actualit\u00e9, nourrie par une exp\u00e9rience journalistique et litt\u00e9raire reconnue. \ud83d\udd17 Facebook : https:\\\/\\\/www.facebook.com\\\/hatem.bourial.2025\",\"sameAs\":[\"https:\\\/\\\/www.facebook.com\\\/hatem.bourial.2025\",\"https:\\\/\\\/fr.wikipedia.org\\\/wiki\\\/Fichier:Hatem_Bourial.jpg\"],\"knowsAbout\":[\"Culture & patrimoine tunisien\",\"Chronique soci\u00e9tale\",\"Litt\u00e9rature & m\u00e9moire\",\"Cin\u00e9ma & critique culturelle\",\"Identit\u00e9 & mutations sociales\"],\"knowsLanguage\":[\"Arabe\",\"Fran\u00e7ais\",\"Anglais\",\"Italien\",\"Polonais\"],\"jobTitle\":\"Journaliste, \u00e9crivain et chroniqueur culturel\",\"worksFor\":\"Webdo\",\"url\":\"https:\\\/\\\/www.webdo.tn\\\/fr\\\/actualite\\\/author\\\/hatem-bourial-2\\\/\"}]}<\/script>\n<!-- \/ Yoast SEO Premium plugin. -->","yoast_head_json":{"title":"Foire internationale du livre de Tunis : Le programme complet de l'Italie, invit\u00e9 d'honneur","description":"Une quinzaine d'\u00e9crivains italiens et de nombreux \u00e9diteurs seront pr\u00e9sents \u00e0 la Foire internationale du livre de Tunis du 19 au 28 avril. Un pavillon italien de...","canonical":"https:\/\/www.webdo.tn\/fr\/actualite\/culture\/foire-internationale-du-livre-de-tunis-le-programme-complet-de-l-italie-invite-d-honneur\/213579\/","og_locale":"fr_FR","og_type":"article","og_title":"Foire internationale du livre de Tunis : Le programme complet de l'Italie, invit\u00e9 d'honneur","og_description":"Une quinzaine d'\u00e9crivains italiens et de nombreux \u00e9diteurs seront pr\u00e9sents \u00e0 la Foire internationale du livre de Tunis du 19 au 28 avril. Un pavillon italien de...","og_url":"https:\/\/www.webdo.tn\/fr\/actualite\/culture\/foire-internationale-du-livre-de-tunis-le-programme-complet-de-l-italie-invite-d-honneur\/213579\/","og_site_name":"webdo","article_publisher":"https:\/\/www.facebook.com\/webdotn","article_author":"https:\/\/www.facebook.com\/hatem.bourial.2025","article_published_time":"2024-04-16T11:29:00+00:00","og_image":[{"width":720,"height":384,"url":"https:\/\/www.webdo.tn\/fr\/wp-content\/uploads\/2024\/04\/b4063ca296cef479f18940947edf70d6.jpg","type":"image\/jpeg"}],"author":"Hatem Bourial","twitter_card":"summary_large_image","twitter_creator":"@webdo_tn","twitter_site":"@webdo_tn","twitter_misc":{"\u00c9crit par":"Hatem Bourial","Dur\u00e9e de lecture estim\u00e9e":"6 minutes"},"schema":{"@context":"https:\/\/schema.org","@graph":[{"@type":"NewsArticle","@id":"https:\/\/www.webdo.tn\/fr\/actualite\/culture\/foire-internationale-du-livre-de-tunis-le-programme-complet-de-l-italie-invite-d-honneur\/213579\/#article","isPartOf":{"@id":"https:\/\/www.webdo.tn\/fr\/actualite\/culture\/foire-internationale-du-livre-de-tunis-le-programme-complet-de-l-italie-invite-d-honneur\/213579\/"},"author":{"name":"Hatem Bourial","@id":"https:\/\/www.webdo.tn\/fr\/#\/schema\/person\/6bc0beba2cd23aec27cb5df85ca2554f"},"headline":"Foire internationale du livre de Tunis : Le programme complet de l&rsquo;Italie, invit\u00e9 d&rsquo;honneur","datePublished":"2024-04-16T11:29:00+00:00","mainEntityOfPage":{"@id":"https:\/\/www.webdo.tn\/fr\/actualite\/culture\/foire-internationale-du-livre-de-tunis-le-programme-complet-de-l-italie-invite-d-honneur\/213579\/"},"wordCount":1250,"commentCount":0,"publisher":{"@id":"https:\/\/www.webdo.tn\/fr\/#organization"},"image":{"@id":"https:\/\/www.webdo.tn\/fr\/actualite\/culture\/foire-internationale-du-livre-de-tunis-le-programme-complet-de-l-italie-invite-d-honneur\/213579\/#primaryimage"},"thumbnailUrl":"https:\/\/www.webdo.tn\/fr\/wp-content\/uploads\/2024\/04\/b4063ca296cef479f18940947edf70d6.jpg","keywords":["foire du livre","Italie","Tunis","Tunisie"],"articleSection":["Culture"],"inLanguage":"fr-FR"},{"@type":"WebPage","@id":"https:\/\/www.webdo.tn\/fr\/actualite\/culture\/foire-internationale-du-livre-de-tunis-le-programme-complet-de-l-italie-invite-d-honneur\/213579\/","url":"https:\/\/www.webdo.tn\/fr\/actualite\/culture\/foire-internationale-du-livre-de-tunis-le-programme-complet-de-l-italie-invite-d-honneur\/213579\/","name":"Foire internationale du livre de Tunis : Le programme complet de l'Italie, invit\u00e9 d'honneur","isPartOf":{"@id":"https:\/\/www.webdo.tn\/fr\/#website"},"primaryImageOfPage":{"@id":"https:\/\/www.webdo.tn\/fr\/actualite\/culture\/foire-internationale-du-livre-de-tunis-le-programme-complet-de-l-italie-invite-d-honneur\/213579\/#primaryimage"},"image":{"@id":"https:\/\/www.webdo.tn\/fr\/actualite\/culture\/foire-internationale-du-livre-de-tunis-le-programme-complet-de-l-italie-invite-d-honneur\/213579\/#primaryimage"},"thumbnailUrl":"https:\/\/www.webdo.tn\/fr\/wp-content\/uploads\/2024\/04\/b4063ca296cef479f18940947edf70d6.jpg","datePublished":"2024-04-16T11:29:00+00:00","description":"Une quinzaine d'\u00e9crivains italiens et de nombreux \u00e9diteurs seront pr\u00e9sents \u00e0 la Foire internationale du livre de Tunis du 19 au 28 avril. Un pavillon italien de...","breadcrumb":{"@id":"https:\/\/www.webdo.tn\/fr\/actualite\/culture\/foire-internationale-du-livre-de-tunis-le-programme-complet-de-l-italie-invite-d-honneur\/213579\/#breadcrumb"},"inLanguage":"fr-FR","potentialAction":[{"@type":"ReadAction","target":["https:\/\/www.webdo.tn\/fr\/actualite\/culture\/foire-internationale-du-livre-de-tunis-le-programme-complet-de-l-italie-invite-d-honneur\/213579\/"]}]},{"@type":"ImageObject","inLanguage":"fr-FR","@id":"https:\/\/www.webdo.tn\/fr\/actualite\/culture\/foire-internationale-du-livre-de-tunis-le-programme-complet-de-l-italie-invite-d-honneur\/213579\/#primaryimage","url":"https:\/\/www.webdo.tn\/fr\/wp-content\/uploads\/2024\/04\/b4063ca296cef479f18940947edf70d6.jpg","contentUrl":"https:\/\/www.webdo.tn\/fr\/wp-content\/uploads\/2024\/04\/b4063ca296cef479f18940947edf70d6.jpg","width":720,"height":384,"caption":"Roberto Alajmo"},{"@type":"BreadcrumbList","@id":"https:\/\/www.webdo.tn\/fr\/actualite\/culture\/foire-internationale-du-livre-de-tunis-le-programme-complet-de-l-italie-invite-d-honneur\/213579\/#breadcrumb","itemListElement":[{"@type":"ListItem","position":1,"name":"Accueil","item":"https:\/\/www.webdo.tn\/fr\/"},{"@type":"ListItem","position":2,"name":"Foire internationale du livre de Tunis : Le programme complet de l&rsquo;Italie, invit\u00e9 d&rsquo;honneur"}]},{"@type":"WebSite","@id":"https:\/\/www.webdo.tn\/fr\/#website","url":"https:\/\/www.webdo.tn\/fr\/","name":"webdo","description":"Tunisie - News en Tunisie et \u00e0 l&#039;international sur Webdo.tn","publisher":{"@id":"https:\/\/www.webdo.tn\/fr\/#organization"},"potentialAction":[{"@type":"SearchAction","target":{"@type":"EntryPoint","urlTemplate":"https:\/\/www.webdo.tn\/fr\/?s={search_term_string}"},"query-input":{"@type":"PropertyValueSpecification","valueRequired":true,"valueName":"search_term_string"}}],"inLanguage":"fr-FR"},{"@type":"Organization","@id":"https:\/\/www.webdo.tn\/fr\/#organization","name":"Webdo","alternateName":"Webdo.tn","url":"https:\/\/www.webdo.tn\/fr\/","logo":{"@type":"ImageObject","inLanguage":"fr-FR","@id":"https:\/\/www.webdo.tn\/fr\/#\/schema\/logo\/image\/","url":"https:\/\/www.webdo.tn\/fr\/wp-content\/uploads\/2025\/06\/Webdo-Tunisie_168377.jpg","contentUrl":"https:\/\/www.webdo.tn\/fr\/wp-content\/uploads\/2025\/06\/Webdo-Tunisie_168377.jpg","width":301,"height":301,"caption":"Webdo"},"image":{"@id":"https:\/\/www.webdo.tn\/fr\/#\/schema\/logo\/image\/"},"sameAs":["https:\/\/www.facebook.com\/webdotn","https:\/\/x.com\/webdo_tn"],"description":"Webdo est un m\u00e9dia num\u00e9rique tunisien fond\u00e9 en 2010, sp\u00e9cialis\u00e9 dans l\u2019actualit\u00e9 nationale et internationale, l\u2019\u00e9conomie, la soci\u00e9t\u00e9 et les analyses politiques. Le site s\u2019adresse \u00e0 un large public francophone et couvre l\u2019information tunisienne en temps r\u00e9el.","email":"redac@webdo.tn","legalName":"YNJ SARL","foundingDate":"2010-09-06","numberOfEmployees":{"@type":"QuantitativeValue","minValue":"11","maxValue":"50"}},{"@type":"Person","@id":"https:\/\/www.webdo.tn\/fr\/#\/schema\/person\/6bc0beba2cd23aec27cb5df85ca2554f","name":"Hatem Bourial","image":{"@type":"ImageObject","inLanguage":"fr-FR","@id":"https:\/\/www.webdo.tn\/fr\/wp-content\/uploads\/2026\/04\/hatem-bourial_avatar-96x96.jpg","url":"https:\/\/www.webdo.tn\/fr\/wp-content\/uploads\/2026\/04\/hatem-bourial_avatar-96x96.jpg","contentUrl":"https:\/\/www.webdo.tn\/fr\/wp-content\/uploads\/2026\/04\/hatem-bourial_avatar-96x96.jpg","caption":"Hatem Bourial"},"description":"Hatem Bourial est journaliste, \u00e9crivain et chroniqueur tunisien. Actif depuis plusieurs d\u00e9cennies, il s\u2019est impos\u00e9 comme un observateur attentif de la soci\u00e9t\u00e9 tunisienne, m\u00ealant dans ses \u00e9crits m\u00e9moire, culture et analyse du quotidien. Auteur de nombreux ouvrages, il d\u00e9veloppe une \u0153uvre \u00e0 la crois\u00e9e du r\u00e9cit, de la po\u00e9sie et de l\u2019observation sociologique. Parall\u00e8lement \u00e0 ses contributions dans la presse, il intervient r\u00e9guli\u00e8rement \u00e0 la radio et dans des espaces culturels, o\u00f9 il explore les enjeux li\u00e9s au patrimoine, \u00e0 l\u2019identit\u00e9 et aux transformations du monde contemporain. \u00c0 travers ses chroniques, Hatem Bourial propose une lecture sensible et approfondie de l\u2019actualit\u00e9, nourrie par une exp\u00e9rience journalistique et litt\u00e9raire reconnue. \ud83d\udd17 Facebook : https:\/\/www.facebook.com\/hatem.bourial.2025","sameAs":["https:\/\/www.facebook.com\/hatem.bourial.2025","https:\/\/fr.wikipedia.org\/wiki\/Fichier:Hatem_Bourial.jpg"],"knowsAbout":["Culture & patrimoine tunisien","Chronique soci\u00e9tale","Litt\u00e9rature & m\u00e9moire","Cin\u00e9ma & critique culturelle","Identit\u00e9 & mutations sociales"],"knowsLanguage":["Arabe","Fran\u00e7ais","Anglais","Italien","Polonais"],"jobTitle":"Journaliste, \u00e9crivain et chroniqueur culturel","worksFor":"Webdo","url":"https:\/\/www.webdo.tn\/fr\/actualite\/author\/hatem-bourial-2\/"}]}},"_links":{"self":[{"href":"https:\/\/www.webdo.tn\/fr\/wp-json\/wp\/v2\/posts\/213579","targetHints":{"allow":["GET"]}}],"collection":[{"href":"https:\/\/www.webdo.tn\/fr\/wp-json\/wp\/v2\/posts"}],"about":[{"href":"https:\/\/www.webdo.tn\/fr\/wp-json\/wp\/v2\/types\/post"}],"author":[{"embeddable":true,"href":"https:\/\/www.webdo.tn\/fr\/wp-json\/wp\/v2\/users\/3229"}],"replies":[{"embeddable":true,"href":"https:\/\/www.webdo.tn\/fr\/wp-json\/wp\/v2\/comments?post=213579"}],"version-history":[{"count":0,"href":"https:\/\/www.webdo.tn\/fr\/wp-json\/wp\/v2\/posts\/213579\/revisions"}],"wp:featuredmedia":[{"embeddable":true,"href":"https:\/\/www.webdo.tn\/fr\/wp-json\/wp\/v2\/media\/247588"}],"wp:attachment":[{"href":"https:\/\/www.webdo.tn\/fr\/wp-json\/wp\/v2\/media?parent=213579"}],"wp:term":[{"taxonomy":"category","embeddable":true,"href":"https:\/\/www.webdo.tn\/fr\/wp-json\/wp\/v2\/categories?post=213579"},{"taxonomy":"post_tag","embeddable":true,"href":"https:\/\/www.webdo.tn\/fr\/wp-json\/wp\/v2\/tags?post=213579"}],"curies":[{"name":"wp","href":"https:\/\/api.w.org\/{rel}","templated":true}]}}