{"id":213572,"date":"2024-04-16T08:36:00","date_gmt":"2024-04-16T08:36:00","guid":{"rendered":"https:\/\/www.webdo.tn\/fr\/blog\/meloni-en-tunisie-sayed\/213572\/"},"modified":"2025-05-20T22:32:02","modified_gmt":"2025-05-20T22:32:02","slug":"meloni-en-tunisie-sayed","status":"publish","type":"post","link":"https:\/\/www.webdo.tn\/fr\/actualite\/national\/meloni-en-tunisie-sayed\/213572\/","title":{"rendered":"Meloni en Tunisie, Saied prend les devants sur la question migratoire"},"content":{"rendered":"<p>Giorgia Meloni sera en Tunisie pour discuter des flux migratoires et du plan Mattei. Accompagn\u00e9e de responsables minist\u00e9riels, elle doit rencontrer Kaies Saied, qui a affirm\u00e9 la position de la Tunisie sur les d\u00e9cisions \u00e9trang\u00e8res concernant les migrants.<\/p>\n<p>\t\t\t\t\t\t\t\t\tLa Premi\u00e8re ministre italienne, Giorgia Meloni, sera en Tunisie demain, mercredi 17 avril, pour une visite \u00e9clair afin de discuter des flux migratoires irr\u00e9guliers vers l&rsquo;Italie et du r\u00f4le que la Tunisie peut jouer dans le plan Mattei pour le d\u00e9veloppement de l&rsquo;Afrique. Elle sera accompagn\u00e9e du ministre de l&rsquo;Int\u00e9rieur, Matteo Piantedosi, et du ministre de l&rsquo;Universit\u00e9 et de la Recherche, Anna Maria Bernini, rapporte l&rsquo;agence Nova.<\/p>\n<p>La visite de Meloni en Tunisie, la quatri\u00e8me en moins d&rsquo;un an, intervient \u00e0 un moment o\u00f9 les arriv\u00e9es de migrants en Italie ont connu une forte augmentation. Elle rencontrera le pr\u00e9sident Kaies Saied, au Palais de Carthage, pour discuter de la gestion des flux migratoires et du r\u00f4le que la Tunisie peut jouer dans le plan Mattei.<\/p>\n<p>Dans la nuit de lundi \u00e0 mardi 15 avril, le pr\u00e9sident Ka\u00efs Sa\u00efed a pris les devants en r\u00e9affirmant dans une vid\u00e9o que la Tunisie ne tol\u00e9rerait pas d&rsquo;\u00eatre soumise \u00e0 des d\u00e9cisions \u00e9trang\u00e8res. Il a soulign\u00e9 que son pays ne consentirait ni \u00e0 \u00eatre utilis\u00e9 comme une terre de transit pour les migrants, ni \u00e0 devenir une destination pour les migrants ill\u00e9gaux cherchant \u00e0 s&rsquo;\u00e9tablir sur son territoire.<\/p>\n<p>La conversation de Meloni avec Saied pourrait \u00e9galement porter sur le m\u00e9morandum d&rsquo;entente entre l&rsquo;Union europ\u00e9enne et la Tunisie sign\u00e9 en juillet dernier, qui pr\u00e9voit un soutien financier suppl\u00e9mentaire, une formation et une assistance technique pour am\u00e9liorer la gestion des fronti\u00e8res tunisiennes.<\/p>\n<p>Les discussions pourraient \u00e9galement porter sur le nouveau r\u00e8glement sur la gestion de l&rsquo;asile et de la migration, ratifi\u00e9 par le Parlement europ\u00e9en le 10 avril, qui introduit des r\u00e8gles plus strictes pour les demandeurs d&rsquo;asile et des expulsions plus faciles vers les pays tiers d&rsquo;o\u00f9 ils partent le plus souvent pour atteindre leur destination, y compris la Tunisie.<\/p>\n<p>Entre le 15 janvier et le 18 avril 2023, la route tunisienne a enregistr\u00e9 18.588 arriv\u00e9es. Cependant, les chiffres ont \u00e9volu\u00e9 au cours des quatre derni\u00e8res semaines, avec 5587 arriv\u00e9es en provenance de Tunisie, soit une augmentation de 337,52% en un mois, estime l&rsquo;agence Nova.<\/p>\n","protected":false},"excerpt":{"rendered":"<p>Giorgia Meloni se rend en Tunisie pour discuter des flux migratoires et du plan Mattei. Elle sera accompagn\u00e9e de responsables minist\u00e9riels, et rencontrera le pr&#8230;<\/p>\n","protected":false},"author":3169,"featured_media":247583,"comment_status":"open","ping_status":"closed","sticky":false,"template":"","format":"standard","meta":{"footnotes":""},"categories":[44],"tags":[3157,6674,6673,6672,2894],"class_list":["post-213572","post","type-post","status-publish","format-standard","has-post-thumbnail","hentry","category-national","tag-asile","tag-flux-migratoires","tag-kaies-sayed","tag-meloni","tag-migrants"],"yoast_head":"<!-- This site is optimized with the Yoast SEO Premium plugin v27.4 (Yoast SEO v27.5) - https:\/\/yoast.com\/product\/yoast-seo-premium-wordpress\/ -->\n<title>Meloni en Tunisie, Saied prend les devants sur la question migratoire<\/title>\n<meta name=\"description\" content=\"Giorgia Meloni se rend en Tunisie pour discuter des flux migratoires et du plan Mattei. Elle sera accompagn\u00e9e de responsables minist\u00e9riels, et rencontrera le pr...\" \/>\n<link rel=\"canonical\" href=\"https:\/\/www.webdo.tn\/fr\/actualite\/national\/meloni-en-tunisie-sayed\/213572\/\" \/>\n<meta property=\"og:locale\" content=\"fr_FR\" \/>\n<meta property=\"og:type\" content=\"article\" \/>\n<meta property=\"og:title\" content=\"Meloni en Tunisie, Saied prend les devants sur la question migratoire\" \/>\n<meta property=\"og:description\" content=\"Giorgia Meloni se rend en Tunisie pour discuter des flux migratoires et du plan Mattei. Elle sera accompagn\u00e9e de responsables minist\u00e9riels, et rencontrera le pr...\" \/>\n<meta property=\"og:url\" content=\"https:\/\/www.webdo.tn\/fr\/actualite\/national\/meloni-en-tunisie-sayed\/213572\/\" \/>\n<meta property=\"og:site_name\" content=\"webdo\" \/>\n<meta property=\"article:publisher\" content=\"https:\/\/www.facebook.com\/webdotn\" \/>\n<meta property=\"article:published_time\" content=\"2024-04-16T08:36:00+00:00\" \/>\n<meta property=\"article:modified_time\" content=\"2025-05-20T22:32:02+00:00\" \/>\n<meta property=\"og:image\" content=\"https:\/\/www.webdo.tn\/fr\/wp-content\/uploads\/2024\/04\/ea560b82c55c2304ae67fb46bd911091.jpg\" \/>\n\t<meta property=\"og:image:width\" content=\"750\" \/>\n\t<meta property=\"og:image:height\" content=\"400\" \/>\n\t<meta property=\"og:image:type\" content=\"image\/jpeg\" \/>\n<meta name=\"author\" content=\"Webdo\" \/>\n<meta name=\"twitter:card\" content=\"summary_large_image\" \/>\n<meta name=\"twitter:creator\" content=\"@webdo_tn\" \/>\n<meta name=\"twitter:site\" content=\"@webdo_tn\" \/>\n<meta name=\"twitter:label1\" content=\"\u00c9crit par\" \/>\n\t<meta name=\"twitter:data1\" content=\"Webdo\" \/>\n\t<meta name=\"twitter:label2\" content=\"Dur\u00e9e de lecture estim\u00e9e\" \/>\n\t<meta name=\"twitter:data2\" content=\"2 minutes\" \/>\n<script type=\"application\/ld+json\" class=\"yoast-schema-graph\">{\"@context\":\"https:\\\/\\\/schema.org\",\"@graph\":[{\"@type\":\"NewsArticle\",\"@id\":\"https:\\\/\\\/www.webdo.tn\\\/fr\\\/actualite\\\/national\\\/meloni-en-tunisie-sayed\\\/213572\\\/#article\",\"isPartOf\":{\"@id\":\"https:\\\/\\\/www.webdo.tn\\\/fr\\\/actualite\\\/national\\\/meloni-en-tunisie-sayed\\\/213572\\\/\"},\"author\":{\"name\":\"Webdo\",\"@id\":\"https:\\\/\\\/www.webdo.tn\\\/fr\\\/#\\\/schema\\\/person\\\/1f4e491e0907b413d61089e8eb573acc\"},\"headline\":\"Meloni en Tunisie, Saied prend les devants sur la question migratoire\",\"datePublished\":\"2024-04-16T08:36:00+00:00\",\"dateModified\":\"2025-05-20T22:32:02+00:00\",\"mainEntityOfPage\":{\"@id\":\"https:\\\/\\\/www.webdo.tn\\\/fr\\\/actualite\\\/national\\\/meloni-en-tunisie-sayed\\\/213572\\\/\"},\"wordCount\":423,\"commentCount\":0,\"publisher\":{\"@id\":\"https:\\\/\\\/www.webdo.tn\\\/fr\\\/#organization\"},\"image\":{\"@id\":\"https:\\\/\\\/www.webdo.tn\\\/fr\\\/actualite\\\/national\\\/meloni-en-tunisie-sayed\\\/213572\\\/#primaryimage\"},\"thumbnailUrl\":\"https:\\\/\\\/www.webdo.tn\\\/fr\\\/wp-content\\\/uploads\\\/2024\\\/04\\\/ea560b82c55c2304ae67fb46bd911091.jpg\",\"keywords\":[\"asile\",\"flux migratoires\",\"kaies sayed\",\"Meloni\",\"migrants\"],\"articleSection\":[\"National\"],\"inLanguage\":\"fr-FR\"},{\"@type\":\"WebPage\",\"@id\":\"https:\\\/\\\/www.webdo.tn\\\/fr\\\/actualite\\\/national\\\/meloni-en-tunisie-sayed\\\/213572\\\/\",\"url\":\"https:\\\/\\\/www.webdo.tn\\\/fr\\\/actualite\\\/national\\\/meloni-en-tunisie-sayed\\\/213572\\\/\",\"name\":\"Meloni en Tunisie, Saied prend les devants sur la question migratoire\",\"isPartOf\":{\"@id\":\"https:\\\/\\\/www.webdo.tn\\\/fr\\\/#website\"},\"primaryImageOfPage\":{\"@id\":\"https:\\\/\\\/www.webdo.tn\\\/fr\\\/actualite\\\/national\\\/meloni-en-tunisie-sayed\\\/213572\\\/#primaryimage\"},\"image\":{\"@id\":\"https:\\\/\\\/www.webdo.tn\\\/fr\\\/actualite\\\/national\\\/meloni-en-tunisie-sayed\\\/213572\\\/#primaryimage\"},\"thumbnailUrl\":\"https:\\\/\\\/www.webdo.tn\\\/fr\\\/wp-content\\\/uploads\\\/2024\\\/04\\\/ea560b82c55c2304ae67fb46bd911091.jpg\",\"datePublished\":\"2024-04-16T08:36:00+00:00\",\"dateModified\":\"2025-05-20T22:32:02+00:00\",\"description\":\"Giorgia Meloni se rend en Tunisie pour discuter des flux migratoires et du plan Mattei. Elle sera accompagn\u00e9e de responsables minist\u00e9riels, et rencontrera le pr...\",\"breadcrumb\":{\"@id\":\"https:\\\/\\\/www.webdo.tn\\\/fr\\\/actualite\\\/national\\\/meloni-en-tunisie-sayed\\\/213572\\\/#breadcrumb\"},\"inLanguage\":\"fr-FR\",\"potentialAction\":[{\"@type\":\"ReadAction\",\"target\":[\"https:\\\/\\\/www.webdo.tn\\\/fr\\\/actualite\\\/national\\\/meloni-en-tunisie-sayed\\\/213572\\\/\"]}]},{\"@type\":\"ImageObject\",\"inLanguage\":\"fr-FR\",\"@id\":\"https:\\\/\\\/www.webdo.tn\\\/fr\\\/actualite\\\/national\\\/meloni-en-tunisie-sayed\\\/213572\\\/#primaryimage\",\"url\":\"https:\\\/\\\/www.webdo.tn\\\/fr\\\/wp-content\\\/uploads\\\/2024\\\/04\\\/ea560b82c55c2304ae67fb46bd911091.jpg\",\"contentUrl\":\"https:\\\/\\\/www.webdo.tn\\\/fr\\\/wp-content\\\/uploads\\\/2024\\\/04\\\/ea560b82c55c2304ae67fb46bd911091.jpg\",\"width\":750,\"height\":400,\"caption\":\"Meloni en Tunisie, Saied prend les devants sur la question migratoire\"},{\"@type\":\"BreadcrumbList\",\"@id\":\"https:\\\/\\\/www.webdo.tn\\\/fr\\\/actualite\\\/national\\\/meloni-en-tunisie-sayed\\\/213572\\\/#breadcrumb\",\"itemListElement\":[{\"@type\":\"ListItem\",\"position\":1,\"name\":\"Accueil\",\"item\":\"https:\\\/\\\/www.webdo.tn\\\/fr\\\/\"},{\"@type\":\"ListItem\",\"position\":2,\"name\":\"Meloni en Tunisie, Saied prend les devants sur la question migratoire\"}]},{\"@type\":\"WebSite\",\"@id\":\"https:\\\/\\\/www.webdo.tn\\\/fr\\\/#website\",\"url\":\"https:\\\/\\\/www.webdo.tn\\\/fr\\\/\",\"name\":\"webdo\",\"description\":\"Tunisie - News en Tunisie et \u00e0 l&#039;international sur Webdo.tn\",\"publisher\":{\"@id\":\"https:\\\/\\\/www.webdo.tn\\\/fr\\\/#organization\"},\"potentialAction\":[{\"@type\":\"SearchAction\",\"target\":{\"@type\":\"EntryPoint\",\"urlTemplate\":\"https:\\\/\\\/www.webdo.tn\\\/fr\\\/?s={search_term_string}\"},\"query-input\":{\"@type\":\"PropertyValueSpecification\",\"valueRequired\":true,\"valueName\":\"search_term_string\"}}],\"inLanguage\":\"fr-FR\"},{\"@type\":\"Organization\",\"@id\":\"https:\\\/\\\/www.webdo.tn\\\/fr\\\/#organization\",\"name\":\"Webdo\",\"alternateName\":\"Webdo.tn\",\"url\":\"https:\\\/\\\/www.webdo.tn\\\/fr\\\/\",\"logo\":{\"@type\":\"ImageObject\",\"inLanguage\":\"fr-FR\",\"@id\":\"https:\\\/\\\/www.webdo.tn\\\/fr\\\/#\\\/schema\\\/logo\\\/image\\\/\",\"url\":\"https:\\\/\\\/www.webdo.tn\\\/fr\\\/wp-content\\\/uploads\\\/2025\\\/06\\\/Webdo-Tunisie_168377.jpg\",\"contentUrl\":\"https:\\\/\\\/www.webdo.tn\\\/fr\\\/wp-content\\\/uploads\\\/2025\\\/06\\\/Webdo-Tunisie_168377.jpg\",\"width\":301,\"height\":301,\"caption\":\"Webdo\"},\"image\":{\"@id\":\"https:\\\/\\\/www.webdo.tn\\\/fr\\\/#\\\/schema\\\/logo\\\/image\\\/\"},\"sameAs\":[\"https:\\\/\\\/www.facebook.com\\\/webdotn\",\"https:\\\/\\\/x.com\\\/webdo_tn\"],\"description\":\"Webdo est un m\u00e9dia num\u00e9rique tunisien fond\u00e9 en 2010, sp\u00e9cialis\u00e9 dans l\u2019actualit\u00e9 nationale et internationale, l\u2019\u00e9conomie, la soci\u00e9t\u00e9 et les analyses politiques. Le site s\u2019adresse \u00e0 un large public francophone et couvre l\u2019information tunisienne en temps r\u00e9el.\",\"email\":\"redac@webdo.tn\",\"legalName\":\"YNJ SARL\",\"foundingDate\":\"2010-09-06\",\"numberOfEmployees\":{\"@type\":\"QuantitativeValue\",\"minValue\":\"11\",\"maxValue\":\"50\"}},{\"@type\":\"Person\",\"@id\":\"https:\\\/\\\/www.webdo.tn\\\/fr\\\/#\\\/schema\\\/person\\\/1f4e491e0907b413d61089e8eb573acc\",\"name\":\"Webdo\",\"image\":{\"@type\":\"ImageObject\",\"inLanguage\":\"fr-FR\",\"@id\":\"https:\\\/\\\/secure.gravatar.com\\\/avatar\\\/de97aeec1bb80978a9dbb127e47dfc88aaacb2f3c29aac907d8d3222e3495d49?s=96&d=mm&r=g\",\"url\":\"https:\\\/\\\/secure.gravatar.com\\\/avatar\\\/de97aeec1bb80978a9dbb127e47dfc88aaacb2f3c29aac907d8d3222e3495d49?s=96&d=mm&r=g\",\"contentUrl\":\"https:\\\/\\\/secure.gravatar.com\\\/avatar\\\/de97aeec1bb80978a9dbb127e47dfc88aaacb2f3c29aac907d8d3222e3495d49?s=96&d=mm&r=g\",\"caption\":\"Webdo\"},\"url\":\"https:\\\/\\\/www.webdo.tn\\\/fr\\\/actualite\\\/author\\\/webdo\\\/\"}]}<\/script>\n<!-- \/ Yoast SEO Premium plugin. -->","yoast_head_json":{"title":"Meloni en Tunisie, Saied prend les devants sur la question migratoire","description":"Giorgia Meloni se rend en Tunisie pour discuter des flux migratoires et du plan Mattei. Elle sera accompagn\u00e9e de responsables minist\u00e9riels, et rencontrera le pr...","canonical":"https:\/\/www.webdo.tn\/fr\/actualite\/national\/meloni-en-tunisie-sayed\/213572\/","og_locale":"fr_FR","og_type":"article","og_title":"Meloni en Tunisie, Saied prend les devants sur la question migratoire","og_description":"Giorgia Meloni se rend en Tunisie pour discuter des flux migratoires et du plan Mattei. Elle sera accompagn\u00e9e de responsables minist\u00e9riels, et rencontrera le pr...","og_url":"https:\/\/www.webdo.tn\/fr\/actualite\/national\/meloni-en-tunisie-sayed\/213572\/","og_site_name":"webdo","article_publisher":"https:\/\/www.facebook.com\/webdotn","article_published_time":"2024-04-16T08:36:00+00:00","article_modified_time":"2025-05-20T22:32:02+00:00","og_image":[{"width":750,"height":400,"url":"https:\/\/www.webdo.tn\/fr\/wp-content\/uploads\/2024\/04\/ea560b82c55c2304ae67fb46bd911091.jpg","type":"image\/jpeg"}],"author":"Webdo","twitter_card":"summary_large_image","twitter_creator":"@webdo_tn","twitter_site":"@webdo_tn","twitter_misc":{"\u00c9crit par":"Webdo","Dur\u00e9e de lecture estim\u00e9e":"2 minutes"},"schema":{"@context":"https:\/\/schema.org","@graph":[{"@type":"NewsArticle","@id":"https:\/\/www.webdo.tn\/fr\/actualite\/national\/meloni-en-tunisie-sayed\/213572\/#article","isPartOf":{"@id":"https:\/\/www.webdo.tn\/fr\/actualite\/national\/meloni-en-tunisie-sayed\/213572\/"},"author":{"name":"Webdo","@id":"https:\/\/www.webdo.tn\/fr\/#\/schema\/person\/1f4e491e0907b413d61089e8eb573acc"},"headline":"Meloni en Tunisie, Saied prend les devants sur la question migratoire","datePublished":"2024-04-16T08:36:00+00:00","dateModified":"2025-05-20T22:32:02+00:00","mainEntityOfPage":{"@id":"https:\/\/www.webdo.tn\/fr\/actualite\/national\/meloni-en-tunisie-sayed\/213572\/"},"wordCount":423,"commentCount":0,"publisher":{"@id":"https:\/\/www.webdo.tn\/fr\/#organization"},"image":{"@id":"https:\/\/www.webdo.tn\/fr\/actualite\/national\/meloni-en-tunisie-sayed\/213572\/#primaryimage"},"thumbnailUrl":"https:\/\/www.webdo.tn\/fr\/wp-content\/uploads\/2024\/04\/ea560b82c55c2304ae67fb46bd911091.jpg","keywords":["asile","flux migratoires","kaies sayed","Meloni","migrants"],"articleSection":["National"],"inLanguage":"fr-FR"},{"@type":"WebPage","@id":"https:\/\/www.webdo.tn\/fr\/actualite\/national\/meloni-en-tunisie-sayed\/213572\/","url":"https:\/\/www.webdo.tn\/fr\/actualite\/national\/meloni-en-tunisie-sayed\/213572\/","name":"Meloni en Tunisie, Saied prend les devants sur la question migratoire","isPartOf":{"@id":"https:\/\/www.webdo.tn\/fr\/#website"},"primaryImageOfPage":{"@id":"https:\/\/www.webdo.tn\/fr\/actualite\/national\/meloni-en-tunisie-sayed\/213572\/#primaryimage"},"image":{"@id":"https:\/\/www.webdo.tn\/fr\/actualite\/national\/meloni-en-tunisie-sayed\/213572\/#primaryimage"},"thumbnailUrl":"https:\/\/www.webdo.tn\/fr\/wp-content\/uploads\/2024\/04\/ea560b82c55c2304ae67fb46bd911091.jpg","datePublished":"2024-04-16T08:36:00+00:00","dateModified":"2025-05-20T22:32:02+00:00","description":"Giorgia Meloni se rend en Tunisie pour discuter des flux migratoires et du plan Mattei. Elle sera accompagn\u00e9e de responsables minist\u00e9riels, et rencontrera le pr...","breadcrumb":{"@id":"https:\/\/www.webdo.tn\/fr\/actualite\/national\/meloni-en-tunisie-sayed\/213572\/#breadcrumb"},"inLanguage":"fr-FR","potentialAction":[{"@type":"ReadAction","target":["https:\/\/www.webdo.tn\/fr\/actualite\/national\/meloni-en-tunisie-sayed\/213572\/"]}]},{"@type":"ImageObject","inLanguage":"fr-FR","@id":"https:\/\/www.webdo.tn\/fr\/actualite\/national\/meloni-en-tunisie-sayed\/213572\/#primaryimage","url":"https:\/\/www.webdo.tn\/fr\/wp-content\/uploads\/2024\/04\/ea560b82c55c2304ae67fb46bd911091.jpg","contentUrl":"https:\/\/www.webdo.tn\/fr\/wp-content\/uploads\/2024\/04\/ea560b82c55c2304ae67fb46bd911091.jpg","width":750,"height":400,"caption":"Meloni en Tunisie, Saied prend les devants sur la question migratoire"},{"@type":"BreadcrumbList","@id":"https:\/\/www.webdo.tn\/fr\/actualite\/national\/meloni-en-tunisie-sayed\/213572\/#breadcrumb","itemListElement":[{"@type":"ListItem","position":1,"name":"Accueil","item":"https:\/\/www.webdo.tn\/fr\/"},{"@type":"ListItem","position":2,"name":"Meloni en Tunisie, Saied prend les devants sur la question migratoire"}]},{"@type":"WebSite","@id":"https:\/\/www.webdo.tn\/fr\/#website","url":"https:\/\/www.webdo.tn\/fr\/","name":"webdo","description":"Tunisie - News en Tunisie et \u00e0 l&#039;international sur Webdo.tn","publisher":{"@id":"https:\/\/www.webdo.tn\/fr\/#organization"},"potentialAction":[{"@type":"SearchAction","target":{"@type":"EntryPoint","urlTemplate":"https:\/\/www.webdo.tn\/fr\/?s={search_term_string}"},"query-input":{"@type":"PropertyValueSpecification","valueRequired":true,"valueName":"search_term_string"}}],"inLanguage":"fr-FR"},{"@type":"Organization","@id":"https:\/\/www.webdo.tn\/fr\/#organization","name":"Webdo","alternateName":"Webdo.tn","url":"https:\/\/www.webdo.tn\/fr\/","logo":{"@type":"ImageObject","inLanguage":"fr-FR","@id":"https:\/\/www.webdo.tn\/fr\/#\/schema\/logo\/image\/","url":"https:\/\/www.webdo.tn\/fr\/wp-content\/uploads\/2025\/06\/Webdo-Tunisie_168377.jpg","contentUrl":"https:\/\/www.webdo.tn\/fr\/wp-content\/uploads\/2025\/06\/Webdo-Tunisie_168377.jpg","width":301,"height":301,"caption":"Webdo"},"image":{"@id":"https:\/\/www.webdo.tn\/fr\/#\/schema\/logo\/image\/"},"sameAs":["https:\/\/www.facebook.com\/webdotn","https:\/\/x.com\/webdo_tn"],"description":"Webdo est un m\u00e9dia num\u00e9rique tunisien fond\u00e9 en 2010, sp\u00e9cialis\u00e9 dans l\u2019actualit\u00e9 nationale et internationale, l\u2019\u00e9conomie, la soci\u00e9t\u00e9 et les analyses politiques. Le site s\u2019adresse \u00e0 un large public francophone et couvre l\u2019information tunisienne en temps r\u00e9el.","email":"redac@webdo.tn","legalName":"YNJ SARL","foundingDate":"2010-09-06","numberOfEmployees":{"@type":"QuantitativeValue","minValue":"11","maxValue":"50"}},{"@type":"Person","@id":"https:\/\/www.webdo.tn\/fr\/#\/schema\/person\/1f4e491e0907b413d61089e8eb573acc","name":"Webdo","image":{"@type":"ImageObject","inLanguage":"fr-FR","@id":"https:\/\/secure.gravatar.com\/avatar\/de97aeec1bb80978a9dbb127e47dfc88aaacb2f3c29aac907d8d3222e3495d49?s=96&d=mm&r=g","url":"https:\/\/secure.gravatar.com\/avatar\/de97aeec1bb80978a9dbb127e47dfc88aaacb2f3c29aac907d8d3222e3495d49?s=96&d=mm&r=g","contentUrl":"https:\/\/secure.gravatar.com\/avatar\/de97aeec1bb80978a9dbb127e47dfc88aaacb2f3c29aac907d8d3222e3495d49?s=96&d=mm&r=g","caption":"Webdo"},"url":"https:\/\/www.webdo.tn\/fr\/actualite\/author\/webdo\/"}]}},"_links":{"self":[{"href":"https:\/\/www.webdo.tn\/fr\/wp-json\/wp\/v2\/posts\/213572","targetHints":{"allow":["GET"]}}],"collection":[{"href":"https:\/\/www.webdo.tn\/fr\/wp-json\/wp\/v2\/posts"}],"about":[{"href":"https:\/\/www.webdo.tn\/fr\/wp-json\/wp\/v2\/types\/post"}],"author":[{"embeddable":true,"href":"https:\/\/www.webdo.tn\/fr\/wp-json\/wp\/v2\/users\/3169"}],"replies":[{"embeddable":true,"href":"https:\/\/www.webdo.tn\/fr\/wp-json\/wp\/v2\/comments?post=213572"}],"version-history":[{"count":0,"href":"https:\/\/www.webdo.tn\/fr\/wp-json\/wp\/v2\/posts\/213572\/revisions"}],"wp:featuredmedia":[{"embeddable":true,"href":"https:\/\/www.webdo.tn\/fr\/wp-json\/wp\/v2\/media\/247583"}],"wp:attachment":[{"href":"https:\/\/www.webdo.tn\/fr\/wp-json\/wp\/v2\/media?parent=213572"}],"wp:term":[{"taxonomy":"category","embeddable":true,"href":"https:\/\/www.webdo.tn\/fr\/wp-json\/wp\/v2\/categories?post=213572"},{"taxonomy":"post_tag","embeddable":true,"href":"https:\/\/www.webdo.tn\/fr\/wp-json\/wp\/v2\/tags?post=213572"}],"curies":[{"name":"wp","href":"https:\/\/api.w.org\/{rel}","templated":true}]}}