{"id":213571,"date":"2024-04-16T08:35:00","date_gmt":"2024-04-16T08:35:00","guid":{"rendered":"https:\/\/www.webdo.tn\/fr\/blog\/tunisie-des-ambassadeurs-doivent-transmettre-ce-message-a-leurs-pays-appelle-kais-saied\/213571\/"},"modified":"2025-05-20T22:36:51","modified_gmt":"2025-05-20T22:36:51","slug":"tunisie-des-ambassadeurs-doivent-transmettre-ce-message-a-leurs-pays-appelle-kais-saied","status":"publish","type":"post","link":"https:\/\/www.webdo.tn\/fr\/actualite\/national\/tunisie-des-ambassadeurs-doivent-transmettre-ce-message-a-leurs-pays-appelle-kais-saied\/213571\/","title":{"rendered":"Tunisie : \u00ab\u00a0Des ambassadeurs doivent transmettre ce message \u00e0 leur pays\u00a0\u00bb, appelle Kais Saied"},"content":{"rendered":"<p>Le pr\u00e9sident de la R\u00e9publique, Ka\u00efs Sa\u00efed, a soulign\u00e9 lors de sa supervision du Conseil de s\u00e9curit\u00e9 nationale lundi 15 avril, la n\u00e9cessit\u00e9 d&rsquo;inviter les ambassadeurs de plusieurs pays \u00e0 rappeler \u00e0 leur capitals de ne pas intervenir dans les affaires int\u00e9rieures de la Tunisie.<\/p>\n<p>\t\t\t\t\t\t\t\t\tSa\u00efed a r\u00e9affirm\u00e9 que \u00ab la Tunisie appartient aux Tunisiens \u00bb, soulignant que \u00ab quiconque souhaite \u00e9tablir des relations amicales est le bienvenu, mais ceux qui pensent qu&rsquo;ils peuvent exercer leur tutelle sur nous se trompent \u00bb, selon ses dires.\u00a0<\/p>\n<p>\u00ab\u00a0Nous traitons avec nos fr\u00e8res et amis, mais dans le respect mutuel de notre souverainet\u00e9, et ceux qui pensent qu&rsquo;ils peuvent nous perturber devraient abandonner cette illusion\u00a0\u00bb, a-t-il dit.\u00a0<\/p>\n<p>Le chef de l&rsquo;\u00c9tat a abord\u00e9 plusieurs points lors de sa pr\u00e9sidence du Conseil de s\u00e9curit\u00e9 nationale lundi, notamment le dossier des d\u00e9tenus dans \u00ab\u00a0l&rsquo;affaire de complot contre la s\u00e9curit\u00e9 de l&rsquo;\u00c9tat\u00a0\u00bb, la r\u00e9conciliation p\u00e9nale, le dossier de l&rsquo;immigration, la propagation des actes de violence dans plusieurs quartiers, ainsi que la question palestinienne sur la sc\u00e8ne internationale.<\/p>\n","protected":false},"excerpt":{"rendered":"<p>Sa\u00efed a r\u00e9affirm\u00e9 que \u00ab la Tunisie appartient aux Tunisiens \u00bb, soulignant que \u00ab quiconque souhaite \u00e9tablir des relations amicales est le bienvenu, mais ceux qui&#8230;<\/p>\n","protected":false},"author":3175,"featured_media":247582,"comment_status":"open","ping_status":"closed","sticky":false,"template":"","format":"standard","meta":{"footnotes":""},"categories":[44],"tags":[5121,2614,2608],"class_list":["post-213571","post","type-post","status-publish","format-standard","has-post-thumbnail","hentry","category-national","tag-ambassadeurs","tag-kais-saied","tag-tunisie"],"yoast_head":"<!-- This site is optimized with the Yoast SEO Premium plugin v27.5 (Yoast SEO v27.5) - https:\/\/yoast.com\/product\/yoast-seo-premium-wordpress\/ -->\n<title>Tunisie : Des ambassadeurs doivent transmettre ce message \u00e0 leur pays , appelle Kais Saied<\/title>\n<meta name=\"description\" content=\"Sa\u00efed a r\u00e9affirm\u00e9 que \u00ab la Tunisie appartient aux Tunisiens \u00bb, soulignant que \u00ab quiconque souhaite \u00e9tablir des relations amicales est le bienvenu, mais ceux qui...\" \/>\n<link rel=\"canonical\" href=\"https:\/\/www.webdo.tn\/fr\/actualite\/national\/tunisie-des-ambassadeurs-doivent-transmettre-ce-message-a-leurs-pays-appelle-kais-saied\/213571\/\" \/>\n<meta property=\"og:locale\" content=\"fr_FR\" \/>\n<meta property=\"og:type\" content=\"article\" \/>\n<meta property=\"og:title\" content=\"Tunisie : &quot;Des ambassadeurs doivent transmettre ce message \u00e0 leur pays&quot;, appelle Kais Saied\" \/>\n<meta property=\"og:description\" content=\"Sa\u00efed a r\u00e9affirm\u00e9 que \u00ab la Tunisie appartient aux Tunisiens \u00bb, soulignant que \u00ab quiconque souhaite \u00e9tablir des relations amicales est le bienvenu, mais ceux qui...\" \/>\n<meta property=\"og:url\" content=\"https:\/\/www.webdo.tn\/fr\/actualite\/national\/tunisie-des-ambassadeurs-doivent-transmettre-ce-message-a-leurs-pays-appelle-kais-saied\/213571\/\" \/>\n<meta property=\"og:site_name\" content=\"webdo\" \/>\n<meta property=\"article:publisher\" content=\"https:\/\/www.facebook.com\/webdotn\" \/>\n<meta property=\"article:published_time\" content=\"2024-04-16T08:35:00+00:00\" \/>\n<meta property=\"article:modified_time\" content=\"2025-05-20T22:36:51+00:00\" \/>\n<meta property=\"og:image\" content=\"https:\/\/www.webdo.tn\/fr\/wp-content\/uploads\/2024\/04\/ecd1035ae7e1feeea27e7da632cbc83c.jpg\" \/>\n\t<meta property=\"og:image:width\" content=\"750\" \/>\n\t<meta property=\"og:image:height\" content=\"400\" \/>\n\t<meta property=\"og:image:type\" content=\"image\/jpeg\" \/>\n<meta name=\"author\" content=\"CL\" \/>\n<meta name=\"twitter:card\" content=\"summary_large_image\" \/>\n<meta name=\"twitter:creator\" content=\"@webdo_tn\" \/>\n<meta name=\"twitter:site\" content=\"@webdo_tn\" \/>\n<meta name=\"twitter:label1\" content=\"\u00c9crit par\" \/>\n\t<meta name=\"twitter:data1\" content=\"CL\" \/>\n\t<meta name=\"twitter:label2\" content=\"Dur\u00e9e de lecture estim\u00e9e\" \/>\n\t<meta name=\"twitter:data2\" content=\"1 minute\" \/>\n<script type=\"application\/ld+json\" class=\"yoast-schema-graph\">{\"@context\":\"https:\\\/\\\/schema.org\",\"@graph\":[{\"@type\":\"NewsArticle\",\"@id\":\"https:\\\/\\\/www.webdo.tn\\\/fr\\\/actualite\\\/national\\\/tunisie-des-ambassadeurs-doivent-transmettre-ce-message-a-leurs-pays-appelle-kais-saied\\\/213571\\\/#article\",\"isPartOf\":{\"@id\":\"https:\\\/\\\/www.webdo.tn\\\/fr\\\/actualite\\\/national\\\/tunisie-des-ambassadeurs-doivent-transmettre-ce-message-a-leurs-pays-appelle-kais-saied\\\/213571\\\/\"},\"author\":{\"name\":\"CL\",\"@id\":\"https:\\\/\\\/www.webdo.tn\\\/fr\\\/#\\\/schema\\\/person\\\/f35b42a42c5e2511bbd282959d6385cc\"},\"headline\":\"Tunisie : \u00ab\u00a0Des ambassadeurs doivent transmettre ce message \u00e0 leur pays\u00a0\u00bb, appelle Kais Saied\",\"datePublished\":\"2024-04-16T08:35:00+00:00\",\"dateModified\":\"2025-05-20T22:36:51+00:00\",\"mainEntityOfPage\":{\"@id\":\"https:\\\/\\\/www.webdo.tn\\\/fr\\\/actualite\\\/national\\\/tunisie-des-ambassadeurs-doivent-transmettre-ce-message-a-leurs-pays-appelle-kais-saied\\\/213571\\\/\"},\"wordCount\":200,\"commentCount\":0,\"publisher\":{\"@id\":\"https:\\\/\\\/www.webdo.tn\\\/fr\\\/#organization\"},\"image\":{\"@id\":\"https:\\\/\\\/www.webdo.tn\\\/fr\\\/actualite\\\/national\\\/tunisie-des-ambassadeurs-doivent-transmettre-ce-message-a-leurs-pays-appelle-kais-saied\\\/213571\\\/#primaryimage\"},\"thumbnailUrl\":\"https:\\\/\\\/www.webdo.tn\\\/fr\\\/wp-content\\\/uploads\\\/2024\\\/04\\\/ecd1035ae7e1feeea27e7da632cbc83c.jpg\",\"keywords\":[\"ambassadeurs\",\"Kais Saied\",\"Tunisie\"],\"articleSection\":[\"National\"],\"inLanguage\":\"fr-FR\"},{\"@type\":\"WebPage\",\"@id\":\"https:\\\/\\\/www.webdo.tn\\\/fr\\\/actualite\\\/national\\\/tunisie-des-ambassadeurs-doivent-transmettre-ce-message-a-leurs-pays-appelle-kais-saied\\\/213571\\\/\",\"url\":\"https:\\\/\\\/www.webdo.tn\\\/fr\\\/actualite\\\/national\\\/tunisie-des-ambassadeurs-doivent-transmettre-ce-message-a-leurs-pays-appelle-kais-saied\\\/213571\\\/\",\"name\":\"Tunisie : Des ambassadeurs doivent transmettre ce message \u00e0 leur pays , appelle Kais Saied\",\"isPartOf\":{\"@id\":\"https:\\\/\\\/www.webdo.tn\\\/fr\\\/#website\"},\"primaryImageOfPage\":{\"@id\":\"https:\\\/\\\/www.webdo.tn\\\/fr\\\/actualite\\\/national\\\/tunisie-des-ambassadeurs-doivent-transmettre-ce-message-a-leurs-pays-appelle-kais-saied\\\/213571\\\/#primaryimage\"},\"image\":{\"@id\":\"https:\\\/\\\/www.webdo.tn\\\/fr\\\/actualite\\\/national\\\/tunisie-des-ambassadeurs-doivent-transmettre-ce-message-a-leurs-pays-appelle-kais-saied\\\/213571\\\/#primaryimage\"},\"thumbnailUrl\":\"https:\\\/\\\/www.webdo.tn\\\/fr\\\/wp-content\\\/uploads\\\/2024\\\/04\\\/ecd1035ae7e1feeea27e7da632cbc83c.jpg\",\"datePublished\":\"2024-04-16T08:35:00+00:00\",\"dateModified\":\"2025-05-20T22:36:51+00:00\",\"description\":\"Sa\u00efed a r\u00e9affirm\u00e9 que \u00ab la Tunisie appartient aux Tunisiens \u00bb, soulignant que \u00ab quiconque souhaite \u00e9tablir des relations amicales est le bienvenu, mais ceux qui...\",\"breadcrumb\":{\"@id\":\"https:\\\/\\\/www.webdo.tn\\\/fr\\\/actualite\\\/national\\\/tunisie-des-ambassadeurs-doivent-transmettre-ce-message-a-leurs-pays-appelle-kais-saied\\\/213571\\\/#breadcrumb\"},\"inLanguage\":\"fr-FR\",\"potentialAction\":[{\"@type\":\"ReadAction\",\"target\":[\"https:\\\/\\\/www.webdo.tn\\\/fr\\\/actualite\\\/national\\\/tunisie-des-ambassadeurs-doivent-transmettre-ce-message-a-leurs-pays-appelle-kais-saied\\\/213571\\\/\"]}]},{\"@type\":\"ImageObject\",\"inLanguage\":\"fr-FR\",\"@id\":\"https:\\\/\\\/www.webdo.tn\\\/fr\\\/actualite\\\/national\\\/tunisie-des-ambassadeurs-doivent-transmettre-ce-message-a-leurs-pays-appelle-kais-saied\\\/213571\\\/#primaryimage\",\"url\":\"https:\\\/\\\/www.webdo.tn\\\/fr\\\/wp-content\\\/uploads\\\/2024\\\/04\\\/ecd1035ae7e1feeea27e7da632cbc83c.jpg\",\"contentUrl\":\"https:\\\/\\\/www.webdo.tn\\\/fr\\\/wp-content\\\/uploads\\\/2024\\\/04\\\/ecd1035ae7e1feeea27e7da632cbc83c.jpg\",\"width\":750,\"height\":400,\"caption\":\"Tunisie : \\\"Des ambassadeurs doivent transmettre ce message \u00e0 leur pays\\\", appelle Kais Saied\"},{\"@type\":\"BreadcrumbList\",\"@id\":\"https:\\\/\\\/www.webdo.tn\\\/fr\\\/actualite\\\/national\\\/tunisie-des-ambassadeurs-doivent-transmettre-ce-message-a-leurs-pays-appelle-kais-saied\\\/213571\\\/#breadcrumb\",\"itemListElement\":[{\"@type\":\"ListItem\",\"position\":1,\"name\":\"Accueil\",\"item\":\"https:\\\/\\\/www.webdo.tn\\\/fr\\\/\"},{\"@type\":\"ListItem\",\"position\":2,\"name\":\"Tunisie : &#8220;Des ambassadeurs doivent transmettre ce message \u00e0 leur pays&#8221;, appelle Kais Saied\"}]},{\"@type\":\"WebSite\",\"@id\":\"https:\\\/\\\/www.webdo.tn\\\/fr\\\/#website\",\"url\":\"https:\\\/\\\/www.webdo.tn\\\/fr\\\/\",\"name\":\"webdo\",\"description\":\"Tunisie - News en Tunisie et \u00e0 l&#039;international sur Webdo.tn\",\"publisher\":{\"@id\":\"https:\\\/\\\/www.webdo.tn\\\/fr\\\/#organization\"},\"potentialAction\":[{\"@type\":\"SearchAction\",\"target\":{\"@type\":\"EntryPoint\",\"urlTemplate\":\"https:\\\/\\\/www.webdo.tn\\\/fr\\\/?s={search_term_string}\"},\"query-input\":{\"@type\":\"PropertyValueSpecification\",\"valueRequired\":true,\"valueName\":\"search_term_string\"}}],\"inLanguage\":\"fr-FR\"},{\"@type\":\"Organization\",\"@id\":\"https:\\\/\\\/www.webdo.tn\\\/fr\\\/#organization\",\"name\":\"Webdo\",\"alternateName\":\"Webdo.tn\",\"url\":\"https:\\\/\\\/www.webdo.tn\\\/fr\\\/\",\"logo\":{\"@type\":\"ImageObject\",\"inLanguage\":\"fr-FR\",\"@id\":\"https:\\\/\\\/www.webdo.tn\\\/fr\\\/#\\\/schema\\\/logo\\\/image\\\/\",\"url\":\"https:\\\/\\\/www.webdo.tn\\\/fr\\\/wp-content\\\/uploads\\\/2025\\\/06\\\/Webdo-Tunisie_168377.jpg\",\"contentUrl\":\"https:\\\/\\\/www.webdo.tn\\\/fr\\\/wp-content\\\/uploads\\\/2025\\\/06\\\/Webdo-Tunisie_168377.jpg\",\"width\":301,\"height\":301,\"caption\":\"Webdo\"},\"image\":{\"@id\":\"https:\\\/\\\/www.webdo.tn\\\/fr\\\/#\\\/schema\\\/logo\\\/image\\\/\"},\"sameAs\":[\"https:\\\/\\\/www.facebook.com\\\/webdotn\",\"https:\\\/\\\/x.com\\\/webdo_tn\"],\"description\":\"Webdo est un m\u00e9dia num\u00e9rique tunisien fond\u00e9 en 2010, sp\u00e9cialis\u00e9 dans l\u2019actualit\u00e9 nationale et internationale, l\u2019\u00e9conomie, la soci\u00e9t\u00e9 et les analyses politiques. Le site s\u2019adresse \u00e0 un large public francophone et couvre l\u2019information tunisienne en temps r\u00e9el.\",\"email\":\"redac@webdo.tn\",\"legalName\":\"YNJ SARL\",\"foundingDate\":\"2010-09-06\",\"numberOfEmployees\":{\"@type\":\"QuantitativeValue\",\"minValue\":\"11\",\"maxValue\":\"50\"}},{\"@type\":\"Person\",\"@id\":\"https:\\\/\\\/www.webdo.tn\\\/fr\\\/#\\\/schema\\\/person\\\/f35b42a42c5e2511bbd282959d6385cc\",\"name\":\"CL\",\"image\":{\"@type\":\"ImageObject\",\"inLanguage\":\"fr-FR\",\"@id\":\"https:\\\/\\\/secure.gravatar.com\\\/avatar\\\/1447a49909b67aa657c488aec6512e1dd6143a480c1ecfee9b5b5cd74eb3b59e?s=96&d=mm&r=g\",\"url\":\"https:\\\/\\\/secure.gravatar.com\\\/avatar\\\/1447a49909b67aa657c488aec6512e1dd6143a480c1ecfee9b5b5cd74eb3b59e?s=96&d=mm&r=g\",\"contentUrl\":\"https:\\\/\\\/secure.gravatar.com\\\/avatar\\\/1447a49909b67aa657c488aec6512e1dd6143a480c1ecfee9b5b5cd74eb3b59e?s=96&d=mm&r=g\",\"caption\":\"CL\"},\"url\":\"https:\\\/\\\/www.webdo.tn\\\/fr\\\/actualite\\\/author\\\/cl\\\/\"}]}<\/script>\n<!-- \/ Yoast SEO Premium plugin. -->","yoast_head_json":{"title":"Tunisie : Des ambassadeurs doivent transmettre ce message \u00e0 leur pays , appelle Kais Saied","description":"Sa\u00efed a r\u00e9affirm\u00e9 que \u00ab la Tunisie appartient aux Tunisiens \u00bb, soulignant que \u00ab quiconque souhaite \u00e9tablir des relations amicales est le bienvenu, mais ceux qui...","canonical":"https:\/\/www.webdo.tn\/fr\/actualite\/national\/tunisie-des-ambassadeurs-doivent-transmettre-ce-message-a-leurs-pays-appelle-kais-saied\/213571\/","og_locale":"fr_FR","og_type":"article","og_title":"Tunisie : \"Des ambassadeurs doivent transmettre ce message \u00e0 leur pays\", appelle Kais Saied","og_description":"Sa\u00efed a r\u00e9affirm\u00e9 que \u00ab la Tunisie appartient aux Tunisiens \u00bb, soulignant que \u00ab quiconque souhaite \u00e9tablir des relations amicales est le bienvenu, mais ceux qui...","og_url":"https:\/\/www.webdo.tn\/fr\/actualite\/national\/tunisie-des-ambassadeurs-doivent-transmettre-ce-message-a-leurs-pays-appelle-kais-saied\/213571\/","og_site_name":"webdo","article_publisher":"https:\/\/www.facebook.com\/webdotn","article_published_time":"2024-04-16T08:35:00+00:00","article_modified_time":"2025-05-20T22:36:51+00:00","og_image":[{"width":750,"height":400,"url":"https:\/\/www.webdo.tn\/fr\/wp-content\/uploads\/2024\/04\/ecd1035ae7e1feeea27e7da632cbc83c.jpg","type":"image\/jpeg"}],"author":"CL","twitter_card":"summary_large_image","twitter_creator":"@webdo_tn","twitter_site":"@webdo_tn","twitter_misc":{"\u00c9crit par":"CL","Dur\u00e9e de lecture estim\u00e9e":"1 minute"},"schema":{"@context":"https:\/\/schema.org","@graph":[{"@type":"NewsArticle","@id":"https:\/\/www.webdo.tn\/fr\/actualite\/national\/tunisie-des-ambassadeurs-doivent-transmettre-ce-message-a-leurs-pays-appelle-kais-saied\/213571\/#article","isPartOf":{"@id":"https:\/\/www.webdo.tn\/fr\/actualite\/national\/tunisie-des-ambassadeurs-doivent-transmettre-ce-message-a-leurs-pays-appelle-kais-saied\/213571\/"},"author":{"name":"CL","@id":"https:\/\/www.webdo.tn\/fr\/#\/schema\/person\/f35b42a42c5e2511bbd282959d6385cc"},"headline":"Tunisie : \u00ab\u00a0Des ambassadeurs doivent transmettre ce message \u00e0 leur pays\u00a0\u00bb, appelle Kais Saied","datePublished":"2024-04-16T08:35:00+00:00","dateModified":"2025-05-20T22:36:51+00:00","mainEntityOfPage":{"@id":"https:\/\/www.webdo.tn\/fr\/actualite\/national\/tunisie-des-ambassadeurs-doivent-transmettre-ce-message-a-leurs-pays-appelle-kais-saied\/213571\/"},"wordCount":200,"commentCount":0,"publisher":{"@id":"https:\/\/www.webdo.tn\/fr\/#organization"},"image":{"@id":"https:\/\/www.webdo.tn\/fr\/actualite\/national\/tunisie-des-ambassadeurs-doivent-transmettre-ce-message-a-leurs-pays-appelle-kais-saied\/213571\/#primaryimage"},"thumbnailUrl":"https:\/\/www.webdo.tn\/fr\/wp-content\/uploads\/2024\/04\/ecd1035ae7e1feeea27e7da632cbc83c.jpg","keywords":["ambassadeurs","Kais Saied","Tunisie"],"articleSection":["National"],"inLanguage":"fr-FR"},{"@type":"WebPage","@id":"https:\/\/www.webdo.tn\/fr\/actualite\/national\/tunisie-des-ambassadeurs-doivent-transmettre-ce-message-a-leurs-pays-appelle-kais-saied\/213571\/","url":"https:\/\/www.webdo.tn\/fr\/actualite\/national\/tunisie-des-ambassadeurs-doivent-transmettre-ce-message-a-leurs-pays-appelle-kais-saied\/213571\/","name":"Tunisie : Des ambassadeurs doivent transmettre ce message \u00e0 leur pays , appelle Kais Saied","isPartOf":{"@id":"https:\/\/www.webdo.tn\/fr\/#website"},"primaryImageOfPage":{"@id":"https:\/\/www.webdo.tn\/fr\/actualite\/national\/tunisie-des-ambassadeurs-doivent-transmettre-ce-message-a-leurs-pays-appelle-kais-saied\/213571\/#primaryimage"},"image":{"@id":"https:\/\/www.webdo.tn\/fr\/actualite\/national\/tunisie-des-ambassadeurs-doivent-transmettre-ce-message-a-leurs-pays-appelle-kais-saied\/213571\/#primaryimage"},"thumbnailUrl":"https:\/\/www.webdo.tn\/fr\/wp-content\/uploads\/2024\/04\/ecd1035ae7e1feeea27e7da632cbc83c.jpg","datePublished":"2024-04-16T08:35:00+00:00","dateModified":"2025-05-20T22:36:51+00:00","description":"Sa\u00efed a r\u00e9affirm\u00e9 que \u00ab la Tunisie appartient aux Tunisiens \u00bb, soulignant que \u00ab quiconque souhaite \u00e9tablir des relations amicales est le bienvenu, mais ceux qui...","breadcrumb":{"@id":"https:\/\/www.webdo.tn\/fr\/actualite\/national\/tunisie-des-ambassadeurs-doivent-transmettre-ce-message-a-leurs-pays-appelle-kais-saied\/213571\/#breadcrumb"},"inLanguage":"fr-FR","potentialAction":[{"@type":"ReadAction","target":["https:\/\/www.webdo.tn\/fr\/actualite\/national\/tunisie-des-ambassadeurs-doivent-transmettre-ce-message-a-leurs-pays-appelle-kais-saied\/213571\/"]}]},{"@type":"ImageObject","inLanguage":"fr-FR","@id":"https:\/\/www.webdo.tn\/fr\/actualite\/national\/tunisie-des-ambassadeurs-doivent-transmettre-ce-message-a-leurs-pays-appelle-kais-saied\/213571\/#primaryimage","url":"https:\/\/www.webdo.tn\/fr\/wp-content\/uploads\/2024\/04\/ecd1035ae7e1feeea27e7da632cbc83c.jpg","contentUrl":"https:\/\/www.webdo.tn\/fr\/wp-content\/uploads\/2024\/04\/ecd1035ae7e1feeea27e7da632cbc83c.jpg","width":750,"height":400,"caption":"Tunisie : \"Des ambassadeurs doivent transmettre ce message \u00e0 leur pays\", appelle Kais Saied"},{"@type":"BreadcrumbList","@id":"https:\/\/www.webdo.tn\/fr\/actualite\/national\/tunisie-des-ambassadeurs-doivent-transmettre-ce-message-a-leurs-pays-appelle-kais-saied\/213571\/#breadcrumb","itemListElement":[{"@type":"ListItem","position":1,"name":"Accueil","item":"https:\/\/www.webdo.tn\/fr\/"},{"@type":"ListItem","position":2,"name":"Tunisie : &#8220;Des ambassadeurs doivent transmettre ce message \u00e0 leur pays&#8221;, appelle Kais Saied"}]},{"@type":"WebSite","@id":"https:\/\/www.webdo.tn\/fr\/#website","url":"https:\/\/www.webdo.tn\/fr\/","name":"webdo","description":"Tunisie - News en Tunisie et \u00e0 l&#039;international sur Webdo.tn","publisher":{"@id":"https:\/\/www.webdo.tn\/fr\/#organization"},"potentialAction":[{"@type":"SearchAction","target":{"@type":"EntryPoint","urlTemplate":"https:\/\/www.webdo.tn\/fr\/?s={search_term_string}"},"query-input":{"@type":"PropertyValueSpecification","valueRequired":true,"valueName":"search_term_string"}}],"inLanguage":"fr-FR"},{"@type":"Organization","@id":"https:\/\/www.webdo.tn\/fr\/#organization","name":"Webdo","alternateName":"Webdo.tn","url":"https:\/\/www.webdo.tn\/fr\/","logo":{"@type":"ImageObject","inLanguage":"fr-FR","@id":"https:\/\/www.webdo.tn\/fr\/#\/schema\/logo\/image\/","url":"https:\/\/www.webdo.tn\/fr\/wp-content\/uploads\/2025\/06\/Webdo-Tunisie_168377.jpg","contentUrl":"https:\/\/www.webdo.tn\/fr\/wp-content\/uploads\/2025\/06\/Webdo-Tunisie_168377.jpg","width":301,"height":301,"caption":"Webdo"},"image":{"@id":"https:\/\/www.webdo.tn\/fr\/#\/schema\/logo\/image\/"},"sameAs":["https:\/\/www.facebook.com\/webdotn","https:\/\/x.com\/webdo_tn"],"description":"Webdo est un m\u00e9dia num\u00e9rique tunisien fond\u00e9 en 2010, sp\u00e9cialis\u00e9 dans l\u2019actualit\u00e9 nationale et internationale, l\u2019\u00e9conomie, la soci\u00e9t\u00e9 et les analyses politiques. Le site s\u2019adresse \u00e0 un large public francophone et couvre l\u2019information tunisienne en temps r\u00e9el.","email":"redac@webdo.tn","legalName":"YNJ SARL","foundingDate":"2010-09-06","numberOfEmployees":{"@type":"QuantitativeValue","minValue":"11","maxValue":"50"}},{"@type":"Person","@id":"https:\/\/www.webdo.tn\/fr\/#\/schema\/person\/f35b42a42c5e2511bbd282959d6385cc","name":"CL","image":{"@type":"ImageObject","inLanguage":"fr-FR","@id":"https:\/\/secure.gravatar.com\/avatar\/1447a49909b67aa657c488aec6512e1dd6143a480c1ecfee9b5b5cd74eb3b59e?s=96&d=mm&r=g","url":"https:\/\/secure.gravatar.com\/avatar\/1447a49909b67aa657c488aec6512e1dd6143a480c1ecfee9b5b5cd74eb3b59e?s=96&d=mm&r=g","contentUrl":"https:\/\/secure.gravatar.com\/avatar\/1447a49909b67aa657c488aec6512e1dd6143a480c1ecfee9b5b5cd74eb3b59e?s=96&d=mm&r=g","caption":"CL"},"url":"https:\/\/www.webdo.tn\/fr\/actualite\/author\/cl\/"}]}},"_links":{"self":[{"href":"https:\/\/www.webdo.tn\/fr\/wp-json\/wp\/v2\/posts\/213571","targetHints":{"allow":["GET"]}}],"collection":[{"href":"https:\/\/www.webdo.tn\/fr\/wp-json\/wp\/v2\/posts"}],"about":[{"href":"https:\/\/www.webdo.tn\/fr\/wp-json\/wp\/v2\/types\/post"}],"author":[{"embeddable":true,"href":"https:\/\/www.webdo.tn\/fr\/wp-json\/wp\/v2\/users\/3175"}],"replies":[{"embeddable":true,"href":"https:\/\/www.webdo.tn\/fr\/wp-json\/wp\/v2\/comments?post=213571"}],"version-history":[{"count":0,"href":"https:\/\/www.webdo.tn\/fr\/wp-json\/wp\/v2\/posts\/213571\/revisions"}],"wp:featuredmedia":[{"embeddable":true,"href":"https:\/\/www.webdo.tn\/fr\/wp-json\/wp\/v2\/media\/247582"}],"wp:attachment":[{"href":"https:\/\/www.webdo.tn\/fr\/wp-json\/wp\/v2\/media?parent=213571"}],"wp:term":[{"taxonomy":"category","embeddable":true,"href":"https:\/\/www.webdo.tn\/fr\/wp-json\/wp\/v2\/categories?post=213571"},{"taxonomy":"post_tag","embeddable":true,"href":"https:\/\/www.webdo.tn\/fr\/wp-json\/wp\/v2\/tags?post=213571"}],"curies":[{"name":"wp","href":"https:\/\/api.w.org\/{rel}","templated":true}]}}