{"id":213535,"date":"2024-04-14T12:28:00","date_gmt":"2024-04-14T12:28:00","guid":{"rendered":"https:\/\/www.webdo.tn\/fr\/blog\/la-tunisie-suit-avec-une-grande-preoccupation-les-developpements-au-moyen-orient\/213535\/"},"modified":"2025-05-20T22:12:48","modified_gmt":"2025-05-20T22:12:48","slug":"la-tunisie-suit-avec-une-grande-preoccupation-les-developpements-au-moyen-orient","status":"publish","type":"post","link":"https:\/\/www.webdo.tn\/fr\/actualite\/national\/la-tunisie-suit-avec-une-grande-preoccupation-les-developpements-au-moyen-orient\/213535\/","title":{"rendered":"La Tunisie suit \u00ab\u00a0avec une grande pr\u00e9occupation les d\u00e9veloppements au Moyen-Orient\u00a0\u00bb"},"content":{"rendered":"<p>Le minist\u00e8re des Affaires \u00e9trang\u00e8res a publi\u00e9 un communiqu\u00e9 en marge  de l&rsquo;attaque lanc\u00e9e par l&rsquo;Iran contre Isra\u00ebl.<\/p>\n<p>\t\t\t\t\t\t\t\t\t\u00ab\u00a0La Tunisie suit avec une grande pr\u00e9occupation les d\u00e9veloppements au Moyen-Orient r\u00e9it\u00e9rant ses pr\u00e9c\u00e9dentes mises en garde contre les graves cons\u00e9quences qu&rsquo;entra\u00eenerait le fait de permettre \u00e0 l&rsquo;entit\u00e9 sioniste d&rsquo;agir en toute impunit\u00e9 et de garder le silence sur sa violation continue de la l\u00e9galit\u00e9 internationale. Ceci menace la s\u00e9curit\u00e9 et la stabilit\u00e9 de la r\u00e9gion et du monde entier\u00a0\u00bb, a indiqu\u00e9 le minist\u00e8re des Affaires \u00e9trang\u00e8res dans un communiqu\u00e9 publi\u00e9, ce dimanche 14 avril 2024.<\/p>\n<p>\u00ab\u00a0La Tunisie r\u00e9affirme la n\u00e9cessit\u00e9 pour la communaut\u00e9 internationale d&rsquo;assumer ses responsabilit\u00e9s pour pr\u00e9server la s\u00e9curit\u00e9 et la stabilit\u00e9 des pays et des peuples de la r\u00e9gion en imposant d&rsquo;urgence l&rsquo;arr\u00eat imm\u00e9diat et permanent de l&rsquo;agression contre la Palestine, en levant totalement le blocus impos\u00e9 au peuple palestinien fr\u00e8re, en lui fournissant les secours n\u00e9cessaires sans restrictions ni conditions et en emp\u00eachant toute tentative d&rsquo;\u00e9largissement du cercle de la guerre dans la r\u00e9gion\u00a0\u00bb.<\/p>\n","protected":false},"excerpt":{"rendered":"<p>La Tunisie suit \u201cavec une grande pr\u00e9occupation\u201d les d\u00e9veloppements au Moyen-Orient<\/p>\n","protected":false},"author":3162,"featured_media":290477,"comment_status":"open","ping_status":"closed","sticky":false,"template":"","format":"standard","meta":{"footnotes":""},"categories":[44],"tags":[3918,2912,2636,5060,2688,2608],"class_list":["post-213535","post","type-post","status-publish","format-standard","has-post-thumbnail","hentry","category-national","tag-attaque","tag-iran","tag-israel","tag-missiles","tag-palestine","tag-tunisie"],"yoast_head":"<!-- This site is optimized with the Yoast SEO Premium plugin v27.5 (Yoast SEO v27.5) - https:\/\/yoast.com\/product\/yoast-seo-premium-wordpress\/ -->\n<title>La Tunisie suit avec une grande pr\u00e9occupation les d\u00e9veloppements au Moyen-Orient<\/title>\n<meta name=\"description\" content=\"La Tunisie suit \u201cavec une grande pr\u00e9occupation\u201d les d\u00e9veloppements au Moyen-Orient\" \/>\n<link rel=\"canonical\" href=\"https:\/\/www.webdo.tn\/fr\/actualite\/national\/la-tunisie-suit-avec-une-grande-preoccupation-les-developpements-au-moyen-orient\/213535\/\" \/>\n<meta property=\"og:locale\" content=\"fr_FR\" \/>\n<meta property=\"og:type\" content=\"article\" \/>\n<meta property=\"og:title\" content=\"La Tunisie suit &quot;avec une grande pr\u00e9occupation les d\u00e9veloppements au Moyen-Orient&quot;\" \/>\n<meta property=\"og:description\" content=\"La Tunisie suit \u201cavec une grande pr\u00e9occupation\u201d les d\u00e9veloppements au Moyen-Orient\" \/>\n<meta property=\"og:url\" content=\"https:\/\/www.webdo.tn\/fr\/actualite\/national\/la-tunisie-suit-avec-une-grande-preoccupation-les-developpements-au-moyen-orient\/213535\/\" \/>\n<meta property=\"og:site_name\" content=\"webdo\" \/>\n<meta property=\"article:publisher\" content=\"https:\/\/www.facebook.com\/webdotn\" \/>\n<meta property=\"article:published_time\" content=\"2024-04-14T12:28:00+00:00\" \/>\n<meta property=\"article:modified_time\" content=\"2025-05-20T22:12:48+00:00\" \/>\n<meta property=\"og:image\" content=\"https:\/\/www.webdo.tn\/fr\/wp-content\/uploads\/2024\/04\/64f1e2b880f4e874bd6504b4f75aeb5d.jpg\" \/>\n\t<meta property=\"og:image:width\" content=\"673\" \/>\n\t<meta property=\"og:image:height\" content=\"359\" \/>\n\t<meta property=\"og:image:type\" content=\"image\/jpeg\" \/>\n<meta name=\"author\" content=\"MC\" \/>\n<meta name=\"twitter:card\" content=\"summary_large_image\" \/>\n<meta name=\"twitter:creator\" content=\"@webdo_tn\" \/>\n<meta name=\"twitter:site\" content=\"@webdo_tn\" \/>\n<meta name=\"twitter:label1\" content=\"\u00c9crit par\" \/>\n\t<meta name=\"twitter:data1\" content=\"MC\" \/>\n\t<meta name=\"twitter:label2\" content=\"Dur\u00e9e de lecture estim\u00e9e\" \/>\n\t<meta name=\"twitter:data2\" content=\"1 minute\" \/>\n<script type=\"application\/ld+json\" class=\"yoast-schema-graph\">{\"@context\":\"https:\\\/\\\/schema.org\",\"@graph\":[{\"@type\":\"NewsArticle\",\"@id\":\"https:\\\/\\\/www.webdo.tn\\\/fr\\\/actualite\\\/national\\\/la-tunisie-suit-avec-une-grande-preoccupation-les-developpements-au-moyen-orient\\\/213535\\\/#article\",\"isPartOf\":{\"@id\":\"https:\\\/\\\/www.webdo.tn\\\/fr\\\/actualite\\\/national\\\/la-tunisie-suit-avec-une-grande-preoccupation-les-developpements-au-moyen-orient\\\/213535\\\/\"},\"author\":{\"name\":\"MC\",\"@id\":\"https:\\\/\\\/www.webdo.tn\\\/fr\\\/#\\\/schema\\\/person\\\/2c4929cbf5a809e3bd38617c6ce150f6\"},\"headline\":\"La Tunisie suit \u00ab\u00a0avec une grande pr\u00e9occupation les d\u00e9veloppements au Moyen-Orient\u00a0\u00bb\",\"datePublished\":\"2024-04-14T12:28:00+00:00\",\"dateModified\":\"2025-05-20T22:12:48+00:00\",\"mainEntityOfPage\":{\"@id\":\"https:\\\/\\\/www.webdo.tn\\\/fr\\\/actualite\\\/national\\\/la-tunisie-suit-avec-une-grande-preoccupation-les-developpements-au-moyen-orient\\\/213535\\\/\"},\"wordCount\":216,\"commentCount\":0,\"publisher\":{\"@id\":\"https:\\\/\\\/www.webdo.tn\\\/fr\\\/#organization\"},\"image\":{\"@id\":\"https:\\\/\\\/www.webdo.tn\\\/fr\\\/actualite\\\/national\\\/la-tunisie-suit-avec-une-grande-preoccupation-les-developpements-au-moyen-orient\\\/213535\\\/#primaryimage\"},\"thumbnailUrl\":\"https:\\\/\\\/www.webdo.tn\\\/fr\\\/wp-content\\\/uploads\\\/2024\\\/04\\\/64f1e2b880f4e874bd6504b4f75aeb5d.jpg\",\"keywords\":[\"attaque\",\"Iran\",\"isra\u00ebl\",\"missiles\",\"Palestine\",\"Tunisie\"],\"articleSection\":[\"National\"],\"inLanguage\":\"fr-FR\"},{\"@type\":\"WebPage\",\"@id\":\"https:\\\/\\\/www.webdo.tn\\\/fr\\\/actualite\\\/national\\\/la-tunisie-suit-avec-une-grande-preoccupation-les-developpements-au-moyen-orient\\\/213535\\\/\",\"url\":\"https:\\\/\\\/www.webdo.tn\\\/fr\\\/actualite\\\/national\\\/la-tunisie-suit-avec-une-grande-preoccupation-les-developpements-au-moyen-orient\\\/213535\\\/\",\"name\":\"La Tunisie suit avec une grande pr\u00e9occupation les d\u00e9veloppements au Moyen-Orient\",\"isPartOf\":{\"@id\":\"https:\\\/\\\/www.webdo.tn\\\/fr\\\/#website\"},\"primaryImageOfPage\":{\"@id\":\"https:\\\/\\\/www.webdo.tn\\\/fr\\\/actualite\\\/national\\\/la-tunisie-suit-avec-une-grande-preoccupation-les-developpements-au-moyen-orient\\\/213535\\\/#primaryimage\"},\"image\":{\"@id\":\"https:\\\/\\\/www.webdo.tn\\\/fr\\\/actualite\\\/national\\\/la-tunisie-suit-avec-une-grande-preoccupation-les-developpements-au-moyen-orient\\\/213535\\\/#primaryimage\"},\"thumbnailUrl\":\"https:\\\/\\\/www.webdo.tn\\\/fr\\\/wp-content\\\/uploads\\\/2024\\\/04\\\/64f1e2b880f4e874bd6504b4f75aeb5d.jpg\",\"datePublished\":\"2024-04-14T12:28:00+00:00\",\"dateModified\":\"2025-05-20T22:12:48+00:00\",\"description\":\"La Tunisie suit \u201cavec une grande pr\u00e9occupation\u201d les d\u00e9veloppements au Moyen-Orient\",\"breadcrumb\":{\"@id\":\"https:\\\/\\\/www.webdo.tn\\\/fr\\\/actualite\\\/national\\\/la-tunisie-suit-avec-une-grande-preoccupation-les-developpements-au-moyen-orient\\\/213535\\\/#breadcrumb\"},\"inLanguage\":\"fr-FR\",\"potentialAction\":[{\"@type\":\"ReadAction\",\"target\":[\"https:\\\/\\\/www.webdo.tn\\\/fr\\\/actualite\\\/national\\\/la-tunisie-suit-avec-une-grande-preoccupation-les-developpements-au-moyen-orient\\\/213535\\\/\"]}]},{\"@type\":\"ImageObject\",\"inLanguage\":\"fr-FR\",\"@id\":\"https:\\\/\\\/www.webdo.tn\\\/fr\\\/actualite\\\/national\\\/la-tunisie-suit-avec-une-grande-preoccupation-les-developpements-au-moyen-orient\\\/213535\\\/#primaryimage\",\"url\":\"https:\\\/\\\/www.webdo.tn\\\/fr\\\/wp-content\\\/uploads\\\/2024\\\/04\\\/64f1e2b880f4e874bd6504b4f75aeb5d.jpg\",\"contentUrl\":\"https:\\\/\\\/www.webdo.tn\\\/fr\\\/wp-content\\\/uploads\\\/2024\\\/04\\\/64f1e2b880f4e874bd6504b4f75aeb5d.jpg\",\"width\":673,\"height\":359,\"caption\":\"La Tunisie suit \\\"avec une grande pr\u00e9occupation les d\u00e9veloppements au Moyen-Orient\\\"\"},{\"@type\":\"BreadcrumbList\",\"@id\":\"https:\\\/\\\/www.webdo.tn\\\/fr\\\/actualite\\\/national\\\/la-tunisie-suit-avec-une-grande-preoccupation-les-developpements-au-moyen-orient\\\/213535\\\/#breadcrumb\",\"itemListElement\":[{\"@type\":\"ListItem\",\"position\":1,\"name\":\"Accueil\",\"item\":\"https:\\\/\\\/www.webdo.tn\\\/fr\\\/\"},{\"@type\":\"ListItem\",\"position\":2,\"name\":\"La Tunisie suit \u00ab\u00a0avec une grande pr\u00e9occupation les d\u00e9veloppements au Moyen-Orient\u00a0\u00bb\"}]},{\"@type\":\"WebSite\",\"@id\":\"https:\\\/\\\/www.webdo.tn\\\/fr\\\/#website\",\"url\":\"https:\\\/\\\/www.webdo.tn\\\/fr\\\/\",\"name\":\"webdo\",\"description\":\"Tunisie - News en Tunisie et \u00e0 l&#039;international sur Webdo.tn\",\"publisher\":{\"@id\":\"https:\\\/\\\/www.webdo.tn\\\/fr\\\/#organization\"},\"potentialAction\":[{\"@type\":\"SearchAction\",\"target\":{\"@type\":\"EntryPoint\",\"urlTemplate\":\"https:\\\/\\\/www.webdo.tn\\\/fr\\\/?s={search_term_string}\"},\"query-input\":{\"@type\":\"PropertyValueSpecification\",\"valueRequired\":true,\"valueName\":\"search_term_string\"}}],\"inLanguage\":\"fr-FR\"},{\"@type\":\"Organization\",\"@id\":\"https:\\\/\\\/www.webdo.tn\\\/fr\\\/#organization\",\"name\":\"Webdo\",\"alternateName\":\"Webdo.tn\",\"url\":\"https:\\\/\\\/www.webdo.tn\\\/fr\\\/\",\"logo\":{\"@type\":\"ImageObject\",\"inLanguage\":\"fr-FR\",\"@id\":\"https:\\\/\\\/www.webdo.tn\\\/fr\\\/#\\\/schema\\\/logo\\\/image\\\/\",\"url\":\"https:\\\/\\\/www.webdo.tn\\\/fr\\\/wp-content\\\/uploads\\\/2025\\\/06\\\/Webdo-Tunisie_168377.jpg\",\"contentUrl\":\"https:\\\/\\\/www.webdo.tn\\\/fr\\\/wp-content\\\/uploads\\\/2025\\\/06\\\/Webdo-Tunisie_168377.jpg\",\"width\":301,\"height\":301,\"caption\":\"Webdo\"},\"image\":{\"@id\":\"https:\\\/\\\/www.webdo.tn\\\/fr\\\/#\\\/schema\\\/logo\\\/image\\\/\"},\"sameAs\":[\"https:\\\/\\\/www.facebook.com\\\/webdotn\",\"https:\\\/\\\/x.com\\\/webdo_tn\"],\"description\":\"Webdo est un m\u00e9dia num\u00e9rique tunisien fond\u00e9 en 2010, sp\u00e9cialis\u00e9 dans l\u2019actualit\u00e9 nationale et internationale, l\u2019\u00e9conomie, la soci\u00e9t\u00e9 et les analyses politiques. Le site s\u2019adresse \u00e0 un large public francophone et couvre l\u2019information tunisienne en temps r\u00e9el.\",\"email\":\"redac@webdo.tn\",\"legalName\":\"YNJ SARL\",\"foundingDate\":\"2010-09-06\",\"numberOfEmployees\":{\"@type\":\"QuantitativeValue\",\"minValue\":\"11\",\"maxValue\":\"50\"}},{\"@type\":\"Person\",\"@id\":\"https:\\\/\\\/www.webdo.tn\\\/fr\\\/#\\\/schema\\\/person\\\/2c4929cbf5a809e3bd38617c6ce150f6\",\"name\":\"MC\",\"image\":{\"@type\":\"ImageObject\",\"inLanguage\":\"fr-FR\",\"@id\":\"https:\\\/\\\/secure.gravatar.com\\\/avatar\\\/a545bbb6f84efdd5553dbbc2895e3ca8f1d12c5215e00a041c9670b54aa9b18a?s=96&d=mm&r=g\",\"url\":\"https:\\\/\\\/secure.gravatar.com\\\/avatar\\\/a545bbb6f84efdd5553dbbc2895e3ca8f1d12c5215e00a041c9670b54aa9b18a?s=96&d=mm&r=g\",\"contentUrl\":\"https:\\\/\\\/secure.gravatar.com\\\/avatar\\\/a545bbb6f84efdd5553dbbc2895e3ca8f1d12c5215e00a041c9670b54aa9b18a?s=96&d=mm&r=g\",\"caption\":\"MC\"},\"url\":\"https:\\\/\\\/www.webdo.tn\\\/fr\\\/actualite\\\/author\\\/mc\\\/\"}]}<\/script>\n<!-- \/ Yoast SEO Premium plugin. -->","yoast_head_json":{"title":"La Tunisie suit avec une grande pr\u00e9occupation les d\u00e9veloppements au Moyen-Orient","description":"La Tunisie suit \u201cavec une grande pr\u00e9occupation\u201d les d\u00e9veloppements au Moyen-Orient","canonical":"https:\/\/www.webdo.tn\/fr\/actualite\/national\/la-tunisie-suit-avec-une-grande-preoccupation-les-developpements-au-moyen-orient\/213535\/","og_locale":"fr_FR","og_type":"article","og_title":"La Tunisie suit \"avec une grande pr\u00e9occupation les d\u00e9veloppements au Moyen-Orient\"","og_description":"La Tunisie suit \u201cavec une grande pr\u00e9occupation\u201d les d\u00e9veloppements au Moyen-Orient","og_url":"https:\/\/www.webdo.tn\/fr\/actualite\/national\/la-tunisie-suit-avec-une-grande-preoccupation-les-developpements-au-moyen-orient\/213535\/","og_site_name":"webdo","article_publisher":"https:\/\/www.facebook.com\/webdotn","article_published_time":"2024-04-14T12:28:00+00:00","article_modified_time":"2025-05-20T22:12:48+00:00","og_image":[{"width":673,"height":359,"url":"https:\/\/www.webdo.tn\/fr\/wp-content\/uploads\/2024\/04\/64f1e2b880f4e874bd6504b4f75aeb5d.jpg","type":"image\/jpeg"}],"author":"MC","twitter_card":"summary_large_image","twitter_creator":"@webdo_tn","twitter_site":"@webdo_tn","twitter_misc":{"\u00c9crit par":"MC","Dur\u00e9e de lecture estim\u00e9e":"1 minute"},"schema":{"@context":"https:\/\/schema.org","@graph":[{"@type":"NewsArticle","@id":"https:\/\/www.webdo.tn\/fr\/actualite\/national\/la-tunisie-suit-avec-une-grande-preoccupation-les-developpements-au-moyen-orient\/213535\/#article","isPartOf":{"@id":"https:\/\/www.webdo.tn\/fr\/actualite\/national\/la-tunisie-suit-avec-une-grande-preoccupation-les-developpements-au-moyen-orient\/213535\/"},"author":{"name":"MC","@id":"https:\/\/www.webdo.tn\/fr\/#\/schema\/person\/2c4929cbf5a809e3bd38617c6ce150f6"},"headline":"La Tunisie suit \u00ab\u00a0avec une grande pr\u00e9occupation les d\u00e9veloppements au Moyen-Orient\u00a0\u00bb","datePublished":"2024-04-14T12:28:00+00:00","dateModified":"2025-05-20T22:12:48+00:00","mainEntityOfPage":{"@id":"https:\/\/www.webdo.tn\/fr\/actualite\/national\/la-tunisie-suit-avec-une-grande-preoccupation-les-developpements-au-moyen-orient\/213535\/"},"wordCount":216,"commentCount":0,"publisher":{"@id":"https:\/\/www.webdo.tn\/fr\/#organization"},"image":{"@id":"https:\/\/www.webdo.tn\/fr\/actualite\/national\/la-tunisie-suit-avec-une-grande-preoccupation-les-developpements-au-moyen-orient\/213535\/#primaryimage"},"thumbnailUrl":"https:\/\/www.webdo.tn\/fr\/wp-content\/uploads\/2024\/04\/64f1e2b880f4e874bd6504b4f75aeb5d.jpg","keywords":["attaque","Iran","isra\u00ebl","missiles","Palestine","Tunisie"],"articleSection":["National"],"inLanguage":"fr-FR"},{"@type":"WebPage","@id":"https:\/\/www.webdo.tn\/fr\/actualite\/national\/la-tunisie-suit-avec-une-grande-preoccupation-les-developpements-au-moyen-orient\/213535\/","url":"https:\/\/www.webdo.tn\/fr\/actualite\/national\/la-tunisie-suit-avec-une-grande-preoccupation-les-developpements-au-moyen-orient\/213535\/","name":"La Tunisie suit avec une grande pr\u00e9occupation les d\u00e9veloppements au Moyen-Orient","isPartOf":{"@id":"https:\/\/www.webdo.tn\/fr\/#website"},"primaryImageOfPage":{"@id":"https:\/\/www.webdo.tn\/fr\/actualite\/national\/la-tunisie-suit-avec-une-grande-preoccupation-les-developpements-au-moyen-orient\/213535\/#primaryimage"},"image":{"@id":"https:\/\/www.webdo.tn\/fr\/actualite\/national\/la-tunisie-suit-avec-une-grande-preoccupation-les-developpements-au-moyen-orient\/213535\/#primaryimage"},"thumbnailUrl":"https:\/\/www.webdo.tn\/fr\/wp-content\/uploads\/2024\/04\/64f1e2b880f4e874bd6504b4f75aeb5d.jpg","datePublished":"2024-04-14T12:28:00+00:00","dateModified":"2025-05-20T22:12:48+00:00","description":"La Tunisie suit \u201cavec une grande pr\u00e9occupation\u201d les d\u00e9veloppements au Moyen-Orient","breadcrumb":{"@id":"https:\/\/www.webdo.tn\/fr\/actualite\/national\/la-tunisie-suit-avec-une-grande-preoccupation-les-developpements-au-moyen-orient\/213535\/#breadcrumb"},"inLanguage":"fr-FR","potentialAction":[{"@type":"ReadAction","target":["https:\/\/www.webdo.tn\/fr\/actualite\/national\/la-tunisie-suit-avec-une-grande-preoccupation-les-developpements-au-moyen-orient\/213535\/"]}]},{"@type":"ImageObject","inLanguage":"fr-FR","@id":"https:\/\/www.webdo.tn\/fr\/actualite\/national\/la-tunisie-suit-avec-une-grande-preoccupation-les-developpements-au-moyen-orient\/213535\/#primaryimage","url":"https:\/\/www.webdo.tn\/fr\/wp-content\/uploads\/2024\/04\/64f1e2b880f4e874bd6504b4f75aeb5d.jpg","contentUrl":"https:\/\/www.webdo.tn\/fr\/wp-content\/uploads\/2024\/04\/64f1e2b880f4e874bd6504b4f75aeb5d.jpg","width":673,"height":359,"caption":"La Tunisie suit \"avec une grande pr\u00e9occupation les d\u00e9veloppements au Moyen-Orient\""},{"@type":"BreadcrumbList","@id":"https:\/\/www.webdo.tn\/fr\/actualite\/national\/la-tunisie-suit-avec-une-grande-preoccupation-les-developpements-au-moyen-orient\/213535\/#breadcrumb","itemListElement":[{"@type":"ListItem","position":1,"name":"Accueil","item":"https:\/\/www.webdo.tn\/fr\/"},{"@type":"ListItem","position":2,"name":"La Tunisie suit \u00ab\u00a0avec une grande pr\u00e9occupation les d\u00e9veloppements au Moyen-Orient\u00a0\u00bb"}]},{"@type":"WebSite","@id":"https:\/\/www.webdo.tn\/fr\/#website","url":"https:\/\/www.webdo.tn\/fr\/","name":"webdo","description":"Tunisie - News en Tunisie et \u00e0 l&#039;international sur Webdo.tn","publisher":{"@id":"https:\/\/www.webdo.tn\/fr\/#organization"},"potentialAction":[{"@type":"SearchAction","target":{"@type":"EntryPoint","urlTemplate":"https:\/\/www.webdo.tn\/fr\/?s={search_term_string}"},"query-input":{"@type":"PropertyValueSpecification","valueRequired":true,"valueName":"search_term_string"}}],"inLanguage":"fr-FR"},{"@type":"Organization","@id":"https:\/\/www.webdo.tn\/fr\/#organization","name":"Webdo","alternateName":"Webdo.tn","url":"https:\/\/www.webdo.tn\/fr\/","logo":{"@type":"ImageObject","inLanguage":"fr-FR","@id":"https:\/\/www.webdo.tn\/fr\/#\/schema\/logo\/image\/","url":"https:\/\/www.webdo.tn\/fr\/wp-content\/uploads\/2025\/06\/Webdo-Tunisie_168377.jpg","contentUrl":"https:\/\/www.webdo.tn\/fr\/wp-content\/uploads\/2025\/06\/Webdo-Tunisie_168377.jpg","width":301,"height":301,"caption":"Webdo"},"image":{"@id":"https:\/\/www.webdo.tn\/fr\/#\/schema\/logo\/image\/"},"sameAs":["https:\/\/www.facebook.com\/webdotn","https:\/\/x.com\/webdo_tn"],"description":"Webdo est un m\u00e9dia num\u00e9rique tunisien fond\u00e9 en 2010, sp\u00e9cialis\u00e9 dans l\u2019actualit\u00e9 nationale et internationale, l\u2019\u00e9conomie, la soci\u00e9t\u00e9 et les analyses politiques. Le site s\u2019adresse \u00e0 un large public francophone et couvre l\u2019information tunisienne en temps r\u00e9el.","email":"redac@webdo.tn","legalName":"YNJ SARL","foundingDate":"2010-09-06","numberOfEmployees":{"@type":"QuantitativeValue","minValue":"11","maxValue":"50"}},{"@type":"Person","@id":"https:\/\/www.webdo.tn\/fr\/#\/schema\/person\/2c4929cbf5a809e3bd38617c6ce150f6","name":"MC","image":{"@type":"ImageObject","inLanguage":"fr-FR","@id":"https:\/\/secure.gravatar.com\/avatar\/a545bbb6f84efdd5553dbbc2895e3ca8f1d12c5215e00a041c9670b54aa9b18a?s=96&d=mm&r=g","url":"https:\/\/secure.gravatar.com\/avatar\/a545bbb6f84efdd5553dbbc2895e3ca8f1d12c5215e00a041c9670b54aa9b18a?s=96&d=mm&r=g","contentUrl":"https:\/\/secure.gravatar.com\/avatar\/a545bbb6f84efdd5553dbbc2895e3ca8f1d12c5215e00a041c9670b54aa9b18a?s=96&d=mm&r=g","caption":"MC"},"url":"https:\/\/www.webdo.tn\/fr\/actualite\/author\/mc\/"}]}},"_links":{"self":[{"href":"https:\/\/www.webdo.tn\/fr\/wp-json\/wp\/v2\/posts\/213535","targetHints":{"allow":["GET"]}}],"collection":[{"href":"https:\/\/www.webdo.tn\/fr\/wp-json\/wp\/v2\/posts"}],"about":[{"href":"https:\/\/www.webdo.tn\/fr\/wp-json\/wp\/v2\/types\/post"}],"author":[{"embeddable":true,"href":"https:\/\/www.webdo.tn\/fr\/wp-json\/wp\/v2\/users\/3162"}],"replies":[{"embeddable":true,"href":"https:\/\/www.webdo.tn\/fr\/wp-json\/wp\/v2\/comments?post=213535"}],"version-history":[{"count":0,"href":"https:\/\/www.webdo.tn\/fr\/wp-json\/wp\/v2\/posts\/213535\/revisions"}],"wp:featuredmedia":[{"embeddable":true,"href":"https:\/\/www.webdo.tn\/fr\/wp-json\/wp\/v2\/media\/290477"}],"wp:attachment":[{"href":"https:\/\/www.webdo.tn\/fr\/wp-json\/wp\/v2\/media?parent=213535"}],"wp:term":[{"taxonomy":"category","embeddable":true,"href":"https:\/\/www.webdo.tn\/fr\/wp-json\/wp\/v2\/categories?post=213535"},{"taxonomy":"post_tag","embeddable":true,"href":"https:\/\/www.webdo.tn\/fr\/wp-json\/wp\/v2\/tags?post=213535"}],"curies":[{"name":"wp","href":"https:\/\/api.w.org\/{rel}","templated":true}]}}