{"id":213534,"date":"2024-04-14T11:21:00","date_gmt":"2024-04-14T11:21:00","guid":{"rendered":"https:\/\/www.webdo.tn\/fr\/blog\/l-iran-met-en-garde-israel-contre-toute-reaction\/213534\/"},"modified":"2025-05-20T22:12:48","modified_gmt":"2025-05-20T22:12:48","slug":"l-iran-met-en-garde-israel-contre-toute-reaction","status":"publish","type":"post","link":"https:\/\/www.webdo.tn\/fr\/actualite\/international\/l-iran-met-en-garde-israel-contre-toute-reaction\/213534\/","title":{"rendered":"L\u2019Iran met en garde Isra\u00ebl contre toute r\u00e9action"},"content":{"rendered":"<p>En lan\u00e7ant environ 200 roquettes et drones suicides contre des cibles isra\u00e9liennes, l\u2019Iran a d\u00e9truit deux importants sites militaires, annonce T\u00e9h\u00e9ran.<\/p>\n<p>\t\t\t\t\t\t\t\t\tEn marge de l\u2019attaque men\u00e9e la nuit derni\u00e8re par les forces a\u00e9rospatiales des gardiens de la r\u00e9volution iraniens, pr\u00e9sident de l&rsquo;\u00e9tat-major interarm\u00e9es iranien, le g\u00e9n\u00e9ral de division Mohammad Bagheri, a estim\u00e9 que celle-ci avait conduit \u00e0 la destruction de deux importants sites militaires isra\u00e9liens dont la base a\u00e9rienne de Nevatim, dans le sud des territoires occup\u00e9s.<\/p>\n<p>\u00ab\u00a0L&rsquo;op\u00e9ration de repr\u00e9sailles a \u00e9t\u00e9 un succ\u00e8s total et l&rsquo;op\u00e9ration est termin\u00e9e du point de vue de l&rsquo;Iran, qui n&rsquo;a pas l&rsquo;intention de la poursuivre\u00a0\u00bb, a d\u00e9clar\u00e9 Mohammad Bagheri ce dimanche 14 avril 2024 dans une interview accord\u00e9e \u00e0 la t\u00e9l\u00e9vision iranienne.<\/p>\n<p>Il a soulign\u00e9 que \u00ab\u00a0les forces arm\u00e9es iraniennes restaient en \u00e9tat d&rsquo;alerte\u00a0\u00bb soulignant que \u00ab\u00a0si le r\u00e9gime sioniste r\u00e9agit, notre prochaine op\u00e9ration sera beaucoup plus importante\u00a0\u00bb.<\/p>\n<p>\u00ab\u00a0Nous avons envoy\u00e9 un message aux \u00c9tats-Unis par l&rsquo;interm\u00e9diaire de l&rsquo;ambassade suisse : s&rsquo;ils coop\u00e8rent avec Isra\u00ebl dans ses \u00e9ventuelles actions futures, leurs bases ne b\u00e9n\u00e9ficieront d&rsquo;aucune s\u00e9curit\u00e9 et nous nous en occuperons \u00e9galement\u00a0\u00bb, a \u00e9galement lanc\u00e9 le g\u00e9n\u00e9ral.<\/p>\n","protected":false},"excerpt":{"rendered":"<p>L&rsquo;op\u00e9ration de repr\u00e9sailles a \u00e9t\u00e9 un succ\u00e8s total et l&rsquo;op\u00e9ration est termin\u00e9e du point de vue de l&rsquo;Iran, qui n&rsquo;a pas l&rsquo;intention de la poursuivre , a d\u00e9clar\u00e9 M&#8230;<\/p>\n","protected":false},"author":3162,"featured_media":290476,"comment_status":"open","ping_status":"closed","sticky":false,"template":"","format":"standard","meta":{"footnotes":""},"categories":[2598],"tags":[3918,7503,2912,2636,5060],"class_list":["post-213534","post","type-post","status-publish","format-standard","has-post-thumbnail","hentry","category-international","tag-attaque","tag-drones","tag-iran","tag-israel","tag-missiles"],"yoast_head":"<!-- This site is optimized with the Yoast SEO Premium plugin v27.5 (Yoast SEO v27.5) - https:\/\/yoast.com\/product\/yoast-seo-premium-wordpress\/ -->\n<title>L\u2019Iran met en garde Isra\u00ebl contre toute r\u00e9action<\/title>\n<meta name=\"description\" content=\"L&#039;op\u00e9ration de repr\u00e9sailles a \u00e9t\u00e9 un succ\u00e8s total et l&#039;op\u00e9ration est termin\u00e9e du point de vue de l&#039;Iran, qui n&#039;a pas l&#039;intention de la poursuivre , a d\u00e9clar\u00e9 M...\" \/>\n<link rel=\"canonical\" href=\"https:\/\/www.webdo.tn\/fr\/actualite\/international\/l-iran-met-en-garde-israel-contre-toute-reaction\/213534\/\" \/>\n<meta property=\"og:locale\" content=\"fr_FR\" \/>\n<meta property=\"og:type\" content=\"article\" \/>\n<meta property=\"og:title\" content=\"L\u2019Iran met en garde Isra\u00ebl contre toute r\u00e9action\" \/>\n<meta property=\"og:description\" content=\"L&#039;op\u00e9ration de repr\u00e9sailles a \u00e9t\u00e9 un succ\u00e8s total et l&#039;op\u00e9ration est termin\u00e9e du point de vue de l&#039;Iran, qui n&#039;a pas l&#039;intention de la poursuivre , a d\u00e9clar\u00e9 M...\" \/>\n<meta property=\"og:url\" content=\"https:\/\/www.webdo.tn\/fr\/actualite\/international\/l-iran-met-en-garde-israel-contre-toute-reaction\/213534\/\" \/>\n<meta property=\"og:site_name\" content=\"webdo\" \/>\n<meta property=\"article:publisher\" content=\"https:\/\/www.facebook.com\/webdotn\" \/>\n<meta property=\"article:published_time\" content=\"2024-04-14T11:21:00+00:00\" \/>\n<meta property=\"article:modified_time\" content=\"2025-05-20T22:12:48+00:00\" \/>\n<meta property=\"og:image\" content=\"https:\/\/www.webdo.tn\/fr\/wp-content\/uploads\/2024\/04\/613ffa671d8536f82163d4b8ebfd8c7c.png\" \/>\n\t<meta property=\"og:image:width\" content=\"750\" \/>\n\t<meta property=\"og:image:height\" content=\"400\" \/>\n\t<meta property=\"og:image:type\" content=\"image\/png\" \/>\n<meta name=\"author\" content=\"MC\" \/>\n<meta name=\"twitter:card\" content=\"summary_large_image\" \/>\n<meta name=\"twitter:creator\" content=\"@webdo_tn\" \/>\n<meta name=\"twitter:site\" content=\"@webdo_tn\" \/>\n<meta name=\"twitter:label1\" content=\"\u00c9crit par\" \/>\n\t<meta name=\"twitter:data1\" content=\"MC\" \/>\n\t<meta name=\"twitter:label2\" content=\"Dur\u00e9e de lecture estim\u00e9e\" \/>\n\t<meta name=\"twitter:data2\" content=\"1 minute\" \/>\n<script type=\"application\/ld+json\" class=\"yoast-schema-graph\">{\"@context\":\"https:\\\/\\\/schema.org\",\"@graph\":[{\"@type\":\"NewsArticle\",\"@id\":\"https:\\\/\\\/www.webdo.tn\\\/fr\\\/actualite\\\/international\\\/l-iran-met-en-garde-israel-contre-toute-reaction\\\/213534\\\/#article\",\"isPartOf\":{\"@id\":\"https:\\\/\\\/www.webdo.tn\\\/fr\\\/actualite\\\/international\\\/l-iran-met-en-garde-israel-contre-toute-reaction\\\/213534\\\/\"},\"author\":{\"name\":\"MC\",\"@id\":\"https:\\\/\\\/www.webdo.tn\\\/fr\\\/#\\\/schema\\\/person\\\/2c4929cbf5a809e3bd38617c6ce150f6\"},\"headline\":\"L\u2019Iran met en garde Isra\u00ebl contre toute r\u00e9action\",\"datePublished\":\"2024-04-14T11:21:00+00:00\",\"dateModified\":\"2025-05-20T22:12:48+00:00\",\"mainEntityOfPage\":{\"@id\":\"https:\\\/\\\/www.webdo.tn\\\/fr\\\/actualite\\\/international\\\/l-iran-met-en-garde-israel-contre-toute-reaction\\\/213534\\\/\"},\"wordCount\":239,\"commentCount\":0,\"publisher\":{\"@id\":\"https:\\\/\\\/www.webdo.tn\\\/fr\\\/#organization\"},\"image\":{\"@id\":\"https:\\\/\\\/www.webdo.tn\\\/fr\\\/actualite\\\/international\\\/l-iran-met-en-garde-israel-contre-toute-reaction\\\/213534\\\/#primaryimage\"},\"thumbnailUrl\":\"https:\\\/\\\/www.webdo.tn\\\/fr\\\/wp-content\\\/uploads\\\/2024\\\/04\\\/613ffa671d8536f82163d4b8ebfd8c7c.png\",\"keywords\":[\"attaque\",\"Drones\",\"Iran\",\"isra\u00ebl\",\"missiles\"],\"articleSection\":[\"International\"],\"inLanguage\":\"fr-FR\"},{\"@type\":\"WebPage\",\"@id\":\"https:\\\/\\\/www.webdo.tn\\\/fr\\\/actualite\\\/international\\\/l-iran-met-en-garde-israel-contre-toute-reaction\\\/213534\\\/\",\"url\":\"https:\\\/\\\/www.webdo.tn\\\/fr\\\/actualite\\\/international\\\/l-iran-met-en-garde-israel-contre-toute-reaction\\\/213534\\\/\",\"name\":\"L\u2019Iran met en garde Isra\u00ebl contre toute r\u00e9action\",\"isPartOf\":{\"@id\":\"https:\\\/\\\/www.webdo.tn\\\/fr\\\/#website\"},\"primaryImageOfPage\":{\"@id\":\"https:\\\/\\\/www.webdo.tn\\\/fr\\\/actualite\\\/international\\\/l-iran-met-en-garde-israel-contre-toute-reaction\\\/213534\\\/#primaryimage\"},\"image\":{\"@id\":\"https:\\\/\\\/www.webdo.tn\\\/fr\\\/actualite\\\/international\\\/l-iran-met-en-garde-israel-contre-toute-reaction\\\/213534\\\/#primaryimage\"},\"thumbnailUrl\":\"https:\\\/\\\/www.webdo.tn\\\/fr\\\/wp-content\\\/uploads\\\/2024\\\/04\\\/613ffa671d8536f82163d4b8ebfd8c7c.png\",\"datePublished\":\"2024-04-14T11:21:00+00:00\",\"dateModified\":\"2025-05-20T22:12:48+00:00\",\"description\":\"L'op\u00e9ration de repr\u00e9sailles a \u00e9t\u00e9 un succ\u00e8s total et l'op\u00e9ration est termin\u00e9e du point de vue de l'Iran, qui n'a pas l'intention de la poursuivre , a d\u00e9clar\u00e9 M...\",\"breadcrumb\":{\"@id\":\"https:\\\/\\\/www.webdo.tn\\\/fr\\\/actualite\\\/international\\\/l-iran-met-en-garde-israel-contre-toute-reaction\\\/213534\\\/#breadcrumb\"},\"inLanguage\":\"fr-FR\",\"potentialAction\":[{\"@type\":\"ReadAction\",\"target\":[\"https:\\\/\\\/www.webdo.tn\\\/fr\\\/actualite\\\/international\\\/l-iran-met-en-garde-israel-contre-toute-reaction\\\/213534\\\/\"]}]},{\"@type\":\"ImageObject\",\"inLanguage\":\"fr-FR\",\"@id\":\"https:\\\/\\\/www.webdo.tn\\\/fr\\\/actualite\\\/international\\\/l-iran-met-en-garde-israel-contre-toute-reaction\\\/213534\\\/#primaryimage\",\"url\":\"https:\\\/\\\/www.webdo.tn\\\/fr\\\/wp-content\\\/uploads\\\/2024\\\/04\\\/613ffa671d8536f82163d4b8ebfd8c7c.png\",\"contentUrl\":\"https:\\\/\\\/www.webdo.tn\\\/fr\\\/wp-content\\\/uploads\\\/2024\\\/04\\\/613ffa671d8536f82163d4b8ebfd8c7c.png\",\"width\":750,\"height\":400,\"caption\":\"L\u2019Iran met en garde Isra\u00ebl contre toute r\u00e9action\"},{\"@type\":\"BreadcrumbList\",\"@id\":\"https:\\\/\\\/www.webdo.tn\\\/fr\\\/actualite\\\/international\\\/l-iran-met-en-garde-israel-contre-toute-reaction\\\/213534\\\/#breadcrumb\",\"itemListElement\":[{\"@type\":\"ListItem\",\"position\":1,\"name\":\"Accueil\",\"item\":\"https:\\\/\\\/www.webdo.tn\\\/fr\\\/\"},{\"@type\":\"ListItem\",\"position\":2,\"name\":\"L\u2019Iran met en garde Isra\u00ebl contre toute r\u00e9action\"}]},{\"@type\":\"WebSite\",\"@id\":\"https:\\\/\\\/www.webdo.tn\\\/fr\\\/#website\",\"url\":\"https:\\\/\\\/www.webdo.tn\\\/fr\\\/\",\"name\":\"webdo\",\"description\":\"Tunisie - News en Tunisie et \u00e0 l&#039;international sur Webdo.tn\",\"publisher\":{\"@id\":\"https:\\\/\\\/www.webdo.tn\\\/fr\\\/#organization\"},\"potentialAction\":[{\"@type\":\"SearchAction\",\"target\":{\"@type\":\"EntryPoint\",\"urlTemplate\":\"https:\\\/\\\/www.webdo.tn\\\/fr\\\/?s={search_term_string}\"},\"query-input\":{\"@type\":\"PropertyValueSpecification\",\"valueRequired\":true,\"valueName\":\"search_term_string\"}}],\"inLanguage\":\"fr-FR\"},{\"@type\":\"Organization\",\"@id\":\"https:\\\/\\\/www.webdo.tn\\\/fr\\\/#organization\",\"name\":\"Webdo\",\"alternateName\":\"Webdo.tn\",\"url\":\"https:\\\/\\\/www.webdo.tn\\\/fr\\\/\",\"logo\":{\"@type\":\"ImageObject\",\"inLanguage\":\"fr-FR\",\"@id\":\"https:\\\/\\\/www.webdo.tn\\\/fr\\\/#\\\/schema\\\/logo\\\/image\\\/\",\"url\":\"https:\\\/\\\/www.webdo.tn\\\/fr\\\/wp-content\\\/uploads\\\/2025\\\/06\\\/Webdo-Tunisie_168377.jpg\",\"contentUrl\":\"https:\\\/\\\/www.webdo.tn\\\/fr\\\/wp-content\\\/uploads\\\/2025\\\/06\\\/Webdo-Tunisie_168377.jpg\",\"width\":301,\"height\":301,\"caption\":\"Webdo\"},\"image\":{\"@id\":\"https:\\\/\\\/www.webdo.tn\\\/fr\\\/#\\\/schema\\\/logo\\\/image\\\/\"},\"sameAs\":[\"https:\\\/\\\/www.facebook.com\\\/webdotn\",\"https:\\\/\\\/x.com\\\/webdo_tn\"],\"description\":\"Webdo est un m\u00e9dia num\u00e9rique tunisien fond\u00e9 en 2010, sp\u00e9cialis\u00e9 dans l\u2019actualit\u00e9 nationale et internationale, l\u2019\u00e9conomie, la soci\u00e9t\u00e9 et les analyses politiques. Le site s\u2019adresse \u00e0 un large public francophone et couvre l\u2019information tunisienne en temps r\u00e9el.\",\"email\":\"redac@webdo.tn\",\"legalName\":\"YNJ SARL\",\"foundingDate\":\"2010-09-06\",\"numberOfEmployees\":{\"@type\":\"QuantitativeValue\",\"minValue\":\"11\",\"maxValue\":\"50\"}},{\"@type\":\"Person\",\"@id\":\"https:\\\/\\\/www.webdo.tn\\\/fr\\\/#\\\/schema\\\/person\\\/2c4929cbf5a809e3bd38617c6ce150f6\",\"name\":\"MC\",\"image\":{\"@type\":\"ImageObject\",\"inLanguage\":\"fr-FR\",\"@id\":\"https:\\\/\\\/secure.gravatar.com\\\/avatar\\\/a545bbb6f84efdd5553dbbc2895e3ca8f1d12c5215e00a041c9670b54aa9b18a?s=96&d=mm&r=g\",\"url\":\"https:\\\/\\\/secure.gravatar.com\\\/avatar\\\/a545bbb6f84efdd5553dbbc2895e3ca8f1d12c5215e00a041c9670b54aa9b18a?s=96&d=mm&r=g\",\"contentUrl\":\"https:\\\/\\\/secure.gravatar.com\\\/avatar\\\/a545bbb6f84efdd5553dbbc2895e3ca8f1d12c5215e00a041c9670b54aa9b18a?s=96&d=mm&r=g\",\"caption\":\"MC\"},\"url\":\"https:\\\/\\\/www.webdo.tn\\\/fr\\\/actualite\\\/author\\\/mc\\\/\"}]}<\/script>\n<!-- \/ Yoast SEO Premium plugin. -->","yoast_head_json":{"title":"L\u2019Iran met en garde Isra\u00ebl contre toute r\u00e9action","description":"L'op\u00e9ration de repr\u00e9sailles a \u00e9t\u00e9 un succ\u00e8s total et l'op\u00e9ration est termin\u00e9e du point de vue de l'Iran, qui n'a pas l'intention de la poursuivre , a d\u00e9clar\u00e9 M...","canonical":"https:\/\/www.webdo.tn\/fr\/actualite\/international\/l-iran-met-en-garde-israel-contre-toute-reaction\/213534\/","og_locale":"fr_FR","og_type":"article","og_title":"L\u2019Iran met en garde Isra\u00ebl contre toute r\u00e9action","og_description":"L'op\u00e9ration de repr\u00e9sailles a \u00e9t\u00e9 un succ\u00e8s total et l'op\u00e9ration est termin\u00e9e du point de vue de l'Iran, qui n'a pas l'intention de la poursuivre , a d\u00e9clar\u00e9 M...","og_url":"https:\/\/www.webdo.tn\/fr\/actualite\/international\/l-iran-met-en-garde-israel-contre-toute-reaction\/213534\/","og_site_name":"webdo","article_publisher":"https:\/\/www.facebook.com\/webdotn","article_published_time":"2024-04-14T11:21:00+00:00","article_modified_time":"2025-05-20T22:12:48+00:00","og_image":[{"width":750,"height":400,"url":"https:\/\/www.webdo.tn\/fr\/wp-content\/uploads\/2024\/04\/613ffa671d8536f82163d4b8ebfd8c7c.png","type":"image\/png"}],"author":"MC","twitter_card":"summary_large_image","twitter_creator":"@webdo_tn","twitter_site":"@webdo_tn","twitter_misc":{"\u00c9crit par":"MC","Dur\u00e9e de lecture estim\u00e9e":"1 minute"},"schema":{"@context":"https:\/\/schema.org","@graph":[{"@type":"NewsArticle","@id":"https:\/\/www.webdo.tn\/fr\/actualite\/international\/l-iran-met-en-garde-israel-contre-toute-reaction\/213534\/#article","isPartOf":{"@id":"https:\/\/www.webdo.tn\/fr\/actualite\/international\/l-iran-met-en-garde-israel-contre-toute-reaction\/213534\/"},"author":{"name":"MC","@id":"https:\/\/www.webdo.tn\/fr\/#\/schema\/person\/2c4929cbf5a809e3bd38617c6ce150f6"},"headline":"L\u2019Iran met en garde Isra\u00ebl contre toute r\u00e9action","datePublished":"2024-04-14T11:21:00+00:00","dateModified":"2025-05-20T22:12:48+00:00","mainEntityOfPage":{"@id":"https:\/\/www.webdo.tn\/fr\/actualite\/international\/l-iran-met-en-garde-israel-contre-toute-reaction\/213534\/"},"wordCount":239,"commentCount":0,"publisher":{"@id":"https:\/\/www.webdo.tn\/fr\/#organization"},"image":{"@id":"https:\/\/www.webdo.tn\/fr\/actualite\/international\/l-iran-met-en-garde-israel-contre-toute-reaction\/213534\/#primaryimage"},"thumbnailUrl":"https:\/\/www.webdo.tn\/fr\/wp-content\/uploads\/2024\/04\/613ffa671d8536f82163d4b8ebfd8c7c.png","keywords":["attaque","Drones","Iran","isra\u00ebl","missiles"],"articleSection":["International"],"inLanguage":"fr-FR"},{"@type":"WebPage","@id":"https:\/\/www.webdo.tn\/fr\/actualite\/international\/l-iran-met-en-garde-israel-contre-toute-reaction\/213534\/","url":"https:\/\/www.webdo.tn\/fr\/actualite\/international\/l-iran-met-en-garde-israel-contre-toute-reaction\/213534\/","name":"L\u2019Iran met en garde Isra\u00ebl contre toute r\u00e9action","isPartOf":{"@id":"https:\/\/www.webdo.tn\/fr\/#website"},"primaryImageOfPage":{"@id":"https:\/\/www.webdo.tn\/fr\/actualite\/international\/l-iran-met-en-garde-israel-contre-toute-reaction\/213534\/#primaryimage"},"image":{"@id":"https:\/\/www.webdo.tn\/fr\/actualite\/international\/l-iran-met-en-garde-israel-contre-toute-reaction\/213534\/#primaryimage"},"thumbnailUrl":"https:\/\/www.webdo.tn\/fr\/wp-content\/uploads\/2024\/04\/613ffa671d8536f82163d4b8ebfd8c7c.png","datePublished":"2024-04-14T11:21:00+00:00","dateModified":"2025-05-20T22:12:48+00:00","description":"L'op\u00e9ration de repr\u00e9sailles a \u00e9t\u00e9 un succ\u00e8s total et l'op\u00e9ration est termin\u00e9e du point de vue de l'Iran, qui n'a pas l'intention de la poursuivre , a d\u00e9clar\u00e9 M...","breadcrumb":{"@id":"https:\/\/www.webdo.tn\/fr\/actualite\/international\/l-iran-met-en-garde-israel-contre-toute-reaction\/213534\/#breadcrumb"},"inLanguage":"fr-FR","potentialAction":[{"@type":"ReadAction","target":["https:\/\/www.webdo.tn\/fr\/actualite\/international\/l-iran-met-en-garde-israel-contre-toute-reaction\/213534\/"]}]},{"@type":"ImageObject","inLanguage":"fr-FR","@id":"https:\/\/www.webdo.tn\/fr\/actualite\/international\/l-iran-met-en-garde-israel-contre-toute-reaction\/213534\/#primaryimage","url":"https:\/\/www.webdo.tn\/fr\/wp-content\/uploads\/2024\/04\/613ffa671d8536f82163d4b8ebfd8c7c.png","contentUrl":"https:\/\/www.webdo.tn\/fr\/wp-content\/uploads\/2024\/04\/613ffa671d8536f82163d4b8ebfd8c7c.png","width":750,"height":400,"caption":"L\u2019Iran met en garde Isra\u00ebl contre toute r\u00e9action"},{"@type":"BreadcrumbList","@id":"https:\/\/www.webdo.tn\/fr\/actualite\/international\/l-iran-met-en-garde-israel-contre-toute-reaction\/213534\/#breadcrumb","itemListElement":[{"@type":"ListItem","position":1,"name":"Accueil","item":"https:\/\/www.webdo.tn\/fr\/"},{"@type":"ListItem","position":2,"name":"L\u2019Iran met en garde Isra\u00ebl contre toute r\u00e9action"}]},{"@type":"WebSite","@id":"https:\/\/www.webdo.tn\/fr\/#website","url":"https:\/\/www.webdo.tn\/fr\/","name":"webdo","description":"Tunisie - News en Tunisie et \u00e0 l&#039;international sur Webdo.tn","publisher":{"@id":"https:\/\/www.webdo.tn\/fr\/#organization"},"potentialAction":[{"@type":"SearchAction","target":{"@type":"EntryPoint","urlTemplate":"https:\/\/www.webdo.tn\/fr\/?s={search_term_string}"},"query-input":{"@type":"PropertyValueSpecification","valueRequired":true,"valueName":"search_term_string"}}],"inLanguage":"fr-FR"},{"@type":"Organization","@id":"https:\/\/www.webdo.tn\/fr\/#organization","name":"Webdo","alternateName":"Webdo.tn","url":"https:\/\/www.webdo.tn\/fr\/","logo":{"@type":"ImageObject","inLanguage":"fr-FR","@id":"https:\/\/www.webdo.tn\/fr\/#\/schema\/logo\/image\/","url":"https:\/\/www.webdo.tn\/fr\/wp-content\/uploads\/2025\/06\/Webdo-Tunisie_168377.jpg","contentUrl":"https:\/\/www.webdo.tn\/fr\/wp-content\/uploads\/2025\/06\/Webdo-Tunisie_168377.jpg","width":301,"height":301,"caption":"Webdo"},"image":{"@id":"https:\/\/www.webdo.tn\/fr\/#\/schema\/logo\/image\/"},"sameAs":["https:\/\/www.facebook.com\/webdotn","https:\/\/x.com\/webdo_tn"],"description":"Webdo est un m\u00e9dia num\u00e9rique tunisien fond\u00e9 en 2010, sp\u00e9cialis\u00e9 dans l\u2019actualit\u00e9 nationale et internationale, l\u2019\u00e9conomie, la soci\u00e9t\u00e9 et les analyses politiques. Le site s\u2019adresse \u00e0 un large public francophone et couvre l\u2019information tunisienne en temps r\u00e9el.","email":"redac@webdo.tn","legalName":"YNJ SARL","foundingDate":"2010-09-06","numberOfEmployees":{"@type":"QuantitativeValue","minValue":"11","maxValue":"50"}},{"@type":"Person","@id":"https:\/\/www.webdo.tn\/fr\/#\/schema\/person\/2c4929cbf5a809e3bd38617c6ce150f6","name":"MC","image":{"@type":"ImageObject","inLanguage":"fr-FR","@id":"https:\/\/secure.gravatar.com\/avatar\/a545bbb6f84efdd5553dbbc2895e3ca8f1d12c5215e00a041c9670b54aa9b18a?s=96&d=mm&r=g","url":"https:\/\/secure.gravatar.com\/avatar\/a545bbb6f84efdd5553dbbc2895e3ca8f1d12c5215e00a041c9670b54aa9b18a?s=96&d=mm&r=g","contentUrl":"https:\/\/secure.gravatar.com\/avatar\/a545bbb6f84efdd5553dbbc2895e3ca8f1d12c5215e00a041c9670b54aa9b18a?s=96&d=mm&r=g","caption":"MC"},"url":"https:\/\/www.webdo.tn\/fr\/actualite\/author\/mc\/"}]}},"_links":{"self":[{"href":"https:\/\/www.webdo.tn\/fr\/wp-json\/wp\/v2\/posts\/213534","targetHints":{"allow":["GET"]}}],"collection":[{"href":"https:\/\/www.webdo.tn\/fr\/wp-json\/wp\/v2\/posts"}],"about":[{"href":"https:\/\/www.webdo.tn\/fr\/wp-json\/wp\/v2\/types\/post"}],"author":[{"embeddable":true,"href":"https:\/\/www.webdo.tn\/fr\/wp-json\/wp\/v2\/users\/3162"}],"replies":[{"embeddable":true,"href":"https:\/\/www.webdo.tn\/fr\/wp-json\/wp\/v2\/comments?post=213534"}],"version-history":[{"count":0,"href":"https:\/\/www.webdo.tn\/fr\/wp-json\/wp\/v2\/posts\/213534\/revisions"}],"wp:featuredmedia":[{"embeddable":true,"href":"https:\/\/www.webdo.tn\/fr\/wp-json\/wp\/v2\/media\/290476"}],"wp:attachment":[{"href":"https:\/\/www.webdo.tn\/fr\/wp-json\/wp\/v2\/media?parent=213534"}],"wp:term":[{"taxonomy":"category","embeddable":true,"href":"https:\/\/www.webdo.tn\/fr\/wp-json\/wp\/v2\/categories?post=213534"},{"taxonomy":"post_tag","embeddable":true,"href":"https:\/\/www.webdo.tn\/fr\/wp-json\/wp\/v2\/tags?post=213534"}],"curies":[{"name":"wp","href":"https:\/\/api.w.org\/{rel}","templated":true}]}}