{"id":213533,"date":"2024-04-14T10:58:00","date_gmt":"2024-04-14T10:58:00","guid":{"rendered":"https:\/\/www.webdo.tn\/fr\/blog\/les-missiles-iraniens-ont-cible-une-base-aerienne-de-l-entite-sioniste\/213533\/"},"modified":"2025-05-20T22:12:47","modified_gmt":"2025-05-20T22:12:47","slug":"les-missiles-iraniens-ont-cible-une-base-aerienne-de-l-entite-sioniste","status":"publish","type":"post","link":"https:\/\/www.webdo.tn\/fr\/actualite\/international\/les-missiles-iraniens-ont-cible-une-base-aerienne-de-l-entite-sioniste\/213533\/","title":{"rendered":"Une importante base militaire isra\u00e9lienne cibl\u00e9e par les missiles iraniens"},"content":{"rendered":"<p>Apr\u00e8s l\u2019attaque de drones lanc\u00e9e par l\u2019Iran contre Isra\u00ebl, la nuit derni\u00e8re, l&rsquo;agence de presse iranienne IRNA donne un premier bilan.<\/p>\n<p>\t\t\t\t\t\t\t\t\tSelon un rapport de l&rsquo;IRNA, les forces a\u00e9rospatiales des gardiens de la r\u00e9volution ont tir\u00e9 des dizaines de missiles et de drones sur des cibles sp\u00e9cifiques dans les territoires occup\u00e9s.<\/p>\n<p>Les missiles balistiques des Gardiens de la r\u00e9volution ont vis\u00e9 la base a\u00e9rienne de Nevatim, dans le sud des territoires occup\u00e9s, pr\u00e8s de la ville de Beersheba. Cette base constitue le principal hangar des avions de chasse sionistes F-35.<\/p>\n<p>Concernant les pertes subies par l\u2019entit\u00e9 sioniste dans cette attaque lanc\u00e9e \u00e0 l\u2019aide de centaines de drones et de missiles de croisi\u00e8re, IRNA rapporte qu\u2019elles sont estim\u00e9es \u00e0 environ 100 millions de dollars.<\/p>\n","protected":false},"excerpt":{"rendered":"<p>Selon un rapport de l&rsquo;IRNA, les forces a\u00e9rospatiales des gardiens de la r\u00e9volution ont tir\u00e9 des dizaines de missiles et de drones sur des cibles sp\u00e9cifiques dan&#8230;<\/p>\n","protected":false},"author":3162,"featured_media":290473,"comment_status":"open","ping_status":"closed","sticky":false,"template":"","format":"standard","meta":{"footnotes":""},"categories":[2598],"tags":[3918,7503,2912,2636,5060],"class_list":["post-213533","post","type-post","status-publish","format-standard","has-post-thumbnail","hentry","category-international","tag-attaque","tag-drones","tag-iran","tag-israel","tag-missiles"],"yoast_head":"<!-- This site is optimized with the Yoast SEO Premium plugin v27.5 (Yoast SEO v27.5) - https:\/\/yoast.com\/product\/yoast-seo-premium-wordpress\/ -->\n<title>Une importante base militaire isra\u00e9lienne cibl\u00e9e par les missiles iraniens<\/title>\n<meta name=\"description\" content=\"Selon un rapport de l&#039;IRNA, les forces a\u00e9rospatiales des gardiens de la r\u00e9volution ont tir\u00e9 des dizaines de missiles et de drones sur des cibles sp\u00e9cifiques dan...\" \/>\n<link rel=\"canonical\" href=\"https:\/\/www.webdo.tn\/fr\/actualite\/international\/les-missiles-iraniens-ont-cible-une-base-aerienne-de-l-entite-sioniste\/213533\/\" \/>\n<meta property=\"og:locale\" content=\"fr_FR\" \/>\n<meta property=\"og:type\" content=\"article\" \/>\n<meta property=\"og:title\" content=\"Une importante base militaire isra\u00e9lienne cibl\u00e9e par les missiles iraniens\" \/>\n<meta property=\"og:description\" content=\"Selon un rapport de l&#039;IRNA, les forces a\u00e9rospatiales des gardiens de la r\u00e9volution ont tir\u00e9 des dizaines de missiles et de drones sur des cibles sp\u00e9cifiques dan...\" \/>\n<meta property=\"og:url\" content=\"https:\/\/www.webdo.tn\/fr\/actualite\/international\/les-missiles-iraniens-ont-cible-une-base-aerienne-de-l-entite-sioniste\/213533\/\" \/>\n<meta property=\"og:site_name\" content=\"webdo\" \/>\n<meta property=\"article:publisher\" content=\"https:\/\/www.facebook.com\/webdotn\" \/>\n<meta property=\"article:published_time\" content=\"2024-04-14T10:58:00+00:00\" \/>\n<meta property=\"article:modified_time\" content=\"2025-05-20T22:12:47+00:00\" \/>\n<meta property=\"og:image\" content=\"https:\/\/www.webdo.tn\/fr\/wp-content\/uploads\/2024\/04\/9474f3f5ec80736fa88aa2aedc39b187.jpg\" \/>\n\t<meta property=\"og:image:width\" content=\"750\" \/>\n\t<meta property=\"og:image:height\" content=\"400\" \/>\n\t<meta property=\"og:image:type\" content=\"image\/jpeg\" \/>\n<meta name=\"author\" content=\"MC\" \/>\n<meta name=\"twitter:card\" content=\"summary_large_image\" \/>\n<meta name=\"twitter:creator\" content=\"@webdo_tn\" \/>\n<meta name=\"twitter:site\" content=\"@webdo_tn\" \/>\n<meta name=\"twitter:label1\" content=\"\u00c9crit par\" \/>\n\t<meta name=\"twitter:data1\" content=\"MC\" \/>\n\t<meta name=\"twitter:label2\" content=\"Dur\u00e9e de lecture estim\u00e9e\" \/>\n\t<meta name=\"twitter:data2\" content=\"1 minute\" \/>\n<script type=\"application\/ld+json\" class=\"yoast-schema-graph\">{\"@context\":\"https:\\\/\\\/schema.org\",\"@graph\":[{\"@type\":\"NewsArticle\",\"@id\":\"https:\\\/\\\/www.webdo.tn\\\/fr\\\/actualite\\\/international\\\/les-missiles-iraniens-ont-cible-une-base-aerienne-de-l-entite-sioniste\\\/213533\\\/#article\",\"isPartOf\":{\"@id\":\"https:\\\/\\\/www.webdo.tn\\\/fr\\\/actualite\\\/international\\\/les-missiles-iraniens-ont-cible-une-base-aerienne-de-l-entite-sioniste\\\/213533\\\/\"},\"author\":{\"name\":\"MC\",\"@id\":\"https:\\\/\\\/www.webdo.tn\\\/fr\\\/#\\\/schema\\\/person\\\/2c4929cbf5a809e3bd38617c6ce150f6\"},\"headline\":\"Une importante base militaire isra\u00e9lienne cibl\u00e9e par les missiles iraniens\",\"datePublished\":\"2024-04-14T10:58:00+00:00\",\"dateModified\":\"2025-05-20T22:12:47+00:00\",\"mainEntityOfPage\":{\"@id\":\"https:\\\/\\\/www.webdo.tn\\\/fr\\\/actualite\\\/international\\\/les-missiles-iraniens-ont-cible-une-base-aerienne-de-l-entite-sioniste\\\/213533\\\/\"},\"wordCount\":154,\"commentCount\":0,\"publisher\":{\"@id\":\"https:\\\/\\\/www.webdo.tn\\\/fr\\\/#organization\"},\"image\":{\"@id\":\"https:\\\/\\\/www.webdo.tn\\\/fr\\\/actualite\\\/international\\\/les-missiles-iraniens-ont-cible-une-base-aerienne-de-l-entite-sioniste\\\/213533\\\/#primaryimage\"},\"thumbnailUrl\":\"https:\\\/\\\/www.webdo.tn\\\/fr\\\/wp-content\\\/uploads\\\/2024\\\/04\\\/9474f3f5ec80736fa88aa2aedc39b187.jpg\",\"keywords\":[\"attaque\",\"Drones\",\"Iran\",\"isra\u00ebl\",\"missiles\"],\"articleSection\":[\"International\"],\"inLanguage\":\"fr-FR\"},{\"@type\":\"WebPage\",\"@id\":\"https:\\\/\\\/www.webdo.tn\\\/fr\\\/actualite\\\/international\\\/les-missiles-iraniens-ont-cible-une-base-aerienne-de-l-entite-sioniste\\\/213533\\\/\",\"url\":\"https:\\\/\\\/www.webdo.tn\\\/fr\\\/actualite\\\/international\\\/les-missiles-iraniens-ont-cible-une-base-aerienne-de-l-entite-sioniste\\\/213533\\\/\",\"name\":\"Une importante base militaire isra\u00e9lienne cibl\u00e9e par les missiles iraniens\",\"isPartOf\":{\"@id\":\"https:\\\/\\\/www.webdo.tn\\\/fr\\\/#website\"},\"primaryImageOfPage\":{\"@id\":\"https:\\\/\\\/www.webdo.tn\\\/fr\\\/actualite\\\/international\\\/les-missiles-iraniens-ont-cible-une-base-aerienne-de-l-entite-sioniste\\\/213533\\\/#primaryimage\"},\"image\":{\"@id\":\"https:\\\/\\\/www.webdo.tn\\\/fr\\\/actualite\\\/international\\\/les-missiles-iraniens-ont-cible-une-base-aerienne-de-l-entite-sioniste\\\/213533\\\/#primaryimage\"},\"thumbnailUrl\":\"https:\\\/\\\/www.webdo.tn\\\/fr\\\/wp-content\\\/uploads\\\/2024\\\/04\\\/9474f3f5ec80736fa88aa2aedc39b187.jpg\",\"datePublished\":\"2024-04-14T10:58:00+00:00\",\"dateModified\":\"2025-05-20T22:12:47+00:00\",\"description\":\"Selon un rapport de l'IRNA, les forces a\u00e9rospatiales des gardiens de la r\u00e9volution ont tir\u00e9 des dizaines de missiles et de drones sur des cibles sp\u00e9cifiques dan...\",\"breadcrumb\":{\"@id\":\"https:\\\/\\\/www.webdo.tn\\\/fr\\\/actualite\\\/international\\\/les-missiles-iraniens-ont-cible-une-base-aerienne-de-l-entite-sioniste\\\/213533\\\/#breadcrumb\"},\"inLanguage\":\"fr-FR\",\"potentialAction\":[{\"@type\":\"ReadAction\",\"target\":[\"https:\\\/\\\/www.webdo.tn\\\/fr\\\/actualite\\\/international\\\/les-missiles-iraniens-ont-cible-une-base-aerienne-de-l-entite-sioniste\\\/213533\\\/\"]}]},{\"@type\":\"ImageObject\",\"inLanguage\":\"fr-FR\",\"@id\":\"https:\\\/\\\/www.webdo.tn\\\/fr\\\/actualite\\\/international\\\/les-missiles-iraniens-ont-cible-une-base-aerienne-de-l-entite-sioniste\\\/213533\\\/#primaryimage\",\"url\":\"https:\\\/\\\/www.webdo.tn\\\/fr\\\/wp-content\\\/uploads\\\/2024\\\/04\\\/9474f3f5ec80736fa88aa2aedc39b187.jpg\",\"contentUrl\":\"https:\\\/\\\/www.webdo.tn\\\/fr\\\/wp-content\\\/uploads\\\/2024\\\/04\\\/9474f3f5ec80736fa88aa2aedc39b187.jpg\",\"width\":750,\"height\":400,\"caption\":\"Une importante base militaire isra\u00e9lienne cibl\u00e9e par les missiles iraniens\"},{\"@type\":\"BreadcrumbList\",\"@id\":\"https:\\\/\\\/www.webdo.tn\\\/fr\\\/actualite\\\/international\\\/les-missiles-iraniens-ont-cible-une-base-aerienne-de-l-entite-sioniste\\\/213533\\\/#breadcrumb\",\"itemListElement\":[{\"@type\":\"ListItem\",\"position\":1,\"name\":\"Accueil\",\"item\":\"https:\\\/\\\/www.webdo.tn\\\/fr\\\/\"},{\"@type\":\"ListItem\",\"position\":2,\"name\":\"Une importante base militaire isra\u00e9lienne cibl\u00e9e par les missiles iraniens\"}]},{\"@type\":\"WebSite\",\"@id\":\"https:\\\/\\\/www.webdo.tn\\\/fr\\\/#website\",\"url\":\"https:\\\/\\\/www.webdo.tn\\\/fr\\\/\",\"name\":\"webdo\",\"description\":\"Tunisie - News en Tunisie et \u00e0 l&#039;international sur Webdo.tn\",\"publisher\":{\"@id\":\"https:\\\/\\\/www.webdo.tn\\\/fr\\\/#organization\"},\"potentialAction\":[{\"@type\":\"SearchAction\",\"target\":{\"@type\":\"EntryPoint\",\"urlTemplate\":\"https:\\\/\\\/www.webdo.tn\\\/fr\\\/?s={search_term_string}\"},\"query-input\":{\"@type\":\"PropertyValueSpecification\",\"valueRequired\":true,\"valueName\":\"search_term_string\"}}],\"inLanguage\":\"fr-FR\"},{\"@type\":\"Organization\",\"@id\":\"https:\\\/\\\/www.webdo.tn\\\/fr\\\/#organization\",\"name\":\"Webdo\",\"alternateName\":\"Webdo.tn\",\"url\":\"https:\\\/\\\/www.webdo.tn\\\/fr\\\/\",\"logo\":{\"@type\":\"ImageObject\",\"inLanguage\":\"fr-FR\",\"@id\":\"https:\\\/\\\/www.webdo.tn\\\/fr\\\/#\\\/schema\\\/logo\\\/image\\\/\",\"url\":\"https:\\\/\\\/www.webdo.tn\\\/fr\\\/wp-content\\\/uploads\\\/2025\\\/06\\\/Webdo-Tunisie_168377.jpg\",\"contentUrl\":\"https:\\\/\\\/www.webdo.tn\\\/fr\\\/wp-content\\\/uploads\\\/2025\\\/06\\\/Webdo-Tunisie_168377.jpg\",\"width\":301,\"height\":301,\"caption\":\"Webdo\"},\"image\":{\"@id\":\"https:\\\/\\\/www.webdo.tn\\\/fr\\\/#\\\/schema\\\/logo\\\/image\\\/\"},\"sameAs\":[\"https:\\\/\\\/www.facebook.com\\\/webdotn\",\"https:\\\/\\\/x.com\\\/webdo_tn\"],\"description\":\"Webdo est un m\u00e9dia num\u00e9rique tunisien fond\u00e9 en 2010, sp\u00e9cialis\u00e9 dans l\u2019actualit\u00e9 nationale et internationale, l\u2019\u00e9conomie, la soci\u00e9t\u00e9 et les analyses politiques. Le site s\u2019adresse \u00e0 un large public francophone et couvre l\u2019information tunisienne en temps r\u00e9el.\",\"email\":\"redac@webdo.tn\",\"legalName\":\"YNJ SARL\",\"foundingDate\":\"2010-09-06\",\"numberOfEmployees\":{\"@type\":\"QuantitativeValue\",\"minValue\":\"11\",\"maxValue\":\"50\"}},{\"@type\":\"Person\",\"@id\":\"https:\\\/\\\/www.webdo.tn\\\/fr\\\/#\\\/schema\\\/person\\\/2c4929cbf5a809e3bd38617c6ce150f6\",\"name\":\"MC\",\"image\":{\"@type\":\"ImageObject\",\"inLanguage\":\"fr-FR\",\"@id\":\"https:\\\/\\\/secure.gravatar.com\\\/avatar\\\/a545bbb6f84efdd5553dbbc2895e3ca8f1d12c5215e00a041c9670b54aa9b18a?s=96&d=mm&r=g\",\"url\":\"https:\\\/\\\/secure.gravatar.com\\\/avatar\\\/a545bbb6f84efdd5553dbbc2895e3ca8f1d12c5215e00a041c9670b54aa9b18a?s=96&d=mm&r=g\",\"contentUrl\":\"https:\\\/\\\/secure.gravatar.com\\\/avatar\\\/a545bbb6f84efdd5553dbbc2895e3ca8f1d12c5215e00a041c9670b54aa9b18a?s=96&d=mm&r=g\",\"caption\":\"MC\"},\"url\":\"https:\\\/\\\/www.webdo.tn\\\/fr\\\/actualite\\\/author\\\/mc\\\/\"}]}<\/script>\n<!-- \/ Yoast SEO Premium plugin. -->","yoast_head_json":{"title":"Une importante base militaire isra\u00e9lienne cibl\u00e9e par les missiles iraniens","description":"Selon un rapport de l'IRNA, les forces a\u00e9rospatiales des gardiens de la r\u00e9volution ont tir\u00e9 des dizaines de missiles et de drones sur des cibles sp\u00e9cifiques dan...","canonical":"https:\/\/www.webdo.tn\/fr\/actualite\/international\/les-missiles-iraniens-ont-cible-une-base-aerienne-de-l-entite-sioniste\/213533\/","og_locale":"fr_FR","og_type":"article","og_title":"Une importante base militaire isra\u00e9lienne cibl\u00e9e par les missiles iraniens","og_description":"Selon un rapport de l'IRNA, les forces a\u00e9rospatiales des gardiens de la r\u00e9volution ont tir\u00e9 des dizaines de missiles et de drones sur des cibles sp\u00e9cifiques dan...","og_url":"https:\/\/www.webdo.tn\/fr\/actualite\/international\/les-missiles-iraniens-ont-cible-une-base-aerienne-de-l-entite-sioniste\/213533\/","og_site_name":"webdo","article_publisher":"https:\/\/www.facebook.com\/webdotn","article_published_time":"2024-04-14T10:58:00+00:00","article_modified_time":"2025-05-20T22:12:47+00:00","og_image":[{"width":750,"height":400,"url":"https:\/\/www.webdo.tn\/fr\/wp-content\/uploads\/2024\/04\/9474f3f5ec80736fa88aa2aedc39b187.jpg","type":"image\/jpeg"}],"author":"MC","twitter_card":"summary_large_image","twitter_creator":"@webdo_tn","twitter_site":"@webdo_tn","twitter_misc":{"\u00c9crit par":"MC","Dur\u00e9e de lecture estim\u00e9e":"1 minute"},"schema":{"@context":"https:\/\/schema.org","@graph":[{"@type":"NewsArticle","@id":"https:\/\/www.webdo.tn\/fr\/actualite\/international\/les-missiles-iraniens-ont-cible-une-base-aerienne-de-l-entite-sioniste\/213533\/#article","isPartOf":{"@id":"https:\/\/www.webdo.tn\/fr\/actualite\/international\/les-missiles-iraniens-ont-cible-une-base-aerienne-de-l-entite-sioniste\/213533\/"},"author":{"name":"MC","@id":"https:\/\/www.webdo.tn\/fr\/#\/schema\/person\/2c4929cbf5a809e3bd38617c6ce150f6"},"headline":"Une importante base militaire isra\u00e9lienne cibl\u00e9e par les missiles iraniens","datePublished":"2024-04-14T10:58:00+00:00","dateModified":"2025-05-20T22:12:47+00:00","mainEntityOfPage":{"@id":"https:\/\/www.webdo.tn\/fr\/actualite\/international\/les-missiles-iraniens-ont-cible-une-base-aerienne-de-l-entite-sioniste\/213533\/"},"wordCount":154,"commentCount":0,"publisher":{"@id":"https:\/\/www.webdo.tn\/fr\/#organization"},"image":{"@id":"https:\/\/www.webdo.tn\/fr\/actualite\/international\/les-missiles-iraniens-ont-cible-une-base-aerienne-de-l-entite-sioniste\/213533\/#primaryimage"},"thumbnailUrl":"https:\/\/www.webdo.tn\/fr\/wp-content\/uploads\/2024\/04\/9474f3f5ec80736fa88aa2aedc39b187.jpg","keywords":["attaque","Drones","Iran","isra\u00ebl","missiles"],"articleSection":["International"],"inLanguage":"fr-FR"},{"@type":"WebPage","@id":"https:\/\/www.webdo.tn\/fr\/actualite\/international\/les-missiles-iraniens-ont-cible-une-base-aerienne-de-l-entite-sioniste\/213533\/","url":"https:\/\/www.webdo.tn\/fr\/actualite\/international\/les-missiles-iraniens-ont-cible-une-base-aerienne-de-l-entite-sioniste\/213533\/","name":"Une importante base militaire isra\u00e9lienne cibl\u00e9e par les missiles iraniens","isPartOf":{"@id":"https:\/\/www.webdo.tn\/fr\/#website"},"primaryImageOfPage":{"@id":"https:\/\/www.webdo.tn\/fr\/actualite\/international\/les-missiles-iraniens-ont-cible-une-base-aerienne-de-l-entite-sioniste\/213533\/#primaryimage"},"image":{"@id":"https:\/\/www.webdo.tn\/fr\/actualite\/international\/les-missiles-iraniens-ont-cible-une-base-aerienne-de-l-entite-sioniste\/213533\/#primaryimage"},"thumbnailUrl":"https:\/\/www.webdo.tn\/fr\/wp-content\/uploads\/2024\/04\/9474f3f5ec80736fa88aa2aedc39b187.jpg","datePublished":"2024-04-14T10:58:00+00:00","dateModified":"2025-05-20T22:12:47+00:00","description":"Selon un rapport de l'IRNA, les forces a\u00e9rospatiales des gardiens de la r\u00e9volution ont tir\u00e9 des dizaines de missiles et de drones sur des cibles sp\u00e9cifiques dan...","breadcrumb":{"@id":"https:\/\/www.webdo.tn\/fr\/actualite\/international\/les-missiles-iraniens-ont-cible-une-base-aerienne-de-l-entite-sioniste\/213533\/#breadcrumb"},"inLanguage":"fr-FR","potentialAction":[{"@type":"ReadAction","target":["https:\/\/www.webdo.tn\/fr\/actualite\/international\/les-missiles-iraniens-ont-cible-une-base-aerienne-de-l-entite-sioniste\/213533\/"]}]},{"@type":"ImageObject","inLanguage":"fr-FR","@id":"https:\/\/www.webdo.tn\/fr\/actualite\/international\/les-missiles-iraniens-ont-cible-une-base-aerienne-de-l-entite-sioniste\/213533\/#primaryimage","url":"https:\/\/www.webdo.tn\/fr\/wp-content\/uploads\/2024\/04\/9474f3f5ec80736fa88aa2aedc39b187.jpg","contentUrl":"https:\/\/www.webdo.tn\/fr\/wp-content\/uploads\/2024\/04\/9474f3f5ec80736fa88aa2aedc39b187.jpg","width":750,"height":400,"caption":"Une importante base militaire isra\u00e9lienne cibl\u00e9e par les missiles iraniens"},{"@type":"BreadcrumbList","@id":"https:\/\/www.webdo.tn\/fr\/actualite\/international\/les-missiles-iraniens-ont-cible-une-base-aerienne-de-l-entite-sioniste\/213533\/#breadcrumb","itemListElement":[{"@type":"ListItem","position":1,"name":"Accueil","item":"https:\/\/www.webdo.tn\/fr\/"},{"@type":"ListItem","position":2,"name":"Une importante base militaire isra\u00e9lienne cibl\u00e9e par les missiles iraniens"}]},{"@type":"WebSite","@id":"https:\/\/www.webdo.tn\/fr\/#website","url":"https:\/\/www.webdo.tn\/fr\/","name":"webdo","description":"Tunisie - News en Tunisie et \u00e0 l&#039;international sur Webdo.tn","publisher":{"@id":"https:\/\/www.webdo.tn\/fr\/#organization"},"potentialAction":[{"@type":"SearchAction","target":{"@type":"EntryPoint","urlTemplate":"https:\/\/www.webdo.tn\/fr\/?s={search_term_string}"},"query-input":{"@type":"PropertyValueSpecification","valueRequired":true,"valueName":"search_term_string"}}],"inLanguage":"fr-FR"},{"@type":"Organization","@id":"https:\/\/www.webdo.tn\/fr\/#organization","name":"Webdo","alternateName":"Webdo.tn","url":"https:\/\/www.webdo.tn\/fr\/","logo":{"@type":"ImageObject","inLanguage":"fr-FR","@id":"https:\/\/www.webdo.tn\/fr\/#\/schema\/logo\/image\/","url":"https:\/\/www.webdo.tn\/fr\/wp-content\/uploads\/2025\/06\/Webdo-Tunisie_168377.jpg","contentUrl":"https:\/\/www.webdo.tn\/fr\/wp-content\/uploads\/2025\/06\/Webdo-Tunisie_168377.jpg","width":301,"height":301,"caption":"Webdo"},"image":{"@id":"https:\/\/www.webdo.tn\/fr\/#\/schema\/logo\/image\/"},"sameAs":["https:\/\/www.facebook.com\/webdotn","https:\/\/x.com\/webdo_tn"],"description":"Webdo est un m\u00e9dia num\u00e9rique tunisien fond\u00e9 en 2010, sp\u00e9cialis\u00e9 dans l\u2019actualit\u00e9 nationale et internationale, l\u2019\u00e9conomie, la soci\u00e9t\u00e9 et les analyses politiques. Le site s\u2019adresse \u00e0 un large public francophone et couvre l\u2019information tunisienne en temps r\u00e9el.","email":"redac@webdo.tn","legalName":"YNJ SARL","foundingDate":"2010-09-06","numberOfEmployees":{"@type":"QuantitativeValue","minValue":"11","maxValue":"50"}},{"@type":"Person","@id":"https:\/\/www.webdo.tn\/fr\/#\/schema\/person\/2c4929cbf5a809e3bd38617c6ce150f6","name":"MC","image":{"@type":"ImageObject","inLanguage":"fr-FR","@id":"https:\/\/secure.gravatar.com\/avatar\/a545bbb6f84efdd5553dbbc2895e3ca8f1d12c5215e00a041c9670b54aa9b18a?s=96&d=mm&r=g","url":"https:\/\/secure.gravatar.com\/avatar\/a545bbb6f84efdd5553dbbc2895e3ca8f1d12c5215e00a041c9670b54aa9b18a?s=96&d=mm&r=g","contentUrl":"https:\/\/secure.gravatar.com\/avatar\/a545bbb6f84efdd5553dbbc2895e3ca8f1d12c5215e00a041c9670b54aa9b18a?s=96&d=mm&r=g","caption":"MC"},"url":"https:\/\/www.webdo.tn\/fr\/actualite\/author\/mc\/"}]}},"_links":{"self":[{"href":"https:\/\/www.webdo.tn\/fr\/wp-json\/wp\/v2\/posts\/213533","targetHints":{"allow":["GET"]}}],"collection":[{"href":"https:\/\/www.webdo.tn\/fr\/wp-json\/wp\/v2\/posts"}],"about":[{"href":"https:\/\/www.webdo.tn\/fr\/wp-json\/wp\/v2\/types\/post"}],"author":[{"embeddable":true,"href":"https:\/\/www.webdo.tn\/fr\/wp-json\/wp\/v2\/users\/3162"}],"replies":[{"embeddable":true,"href":"https:\/\/www.webdo.tn\/fr\/wp-json\/wp\/v2\/comments?post=213533"}],"version-history":[{"count":0,"href":"https:\/\/www.webdo.tn\/fr\/wp-json\/wp\/v2\/posts\/213533\/revisions"}],"wp:featuredmedia":[{"embeddable":true,"href":"https:\/\/www.webdo.tn\/fr\/wp-json\/wp\/v2\/media\/290473"}],"wp:attachment":[{"href":"https:\/\/www.webdo.tn\/fr\/wp-json\/wp\/v2\/media?parent=213533"}],"wp:term":[{"taxonomy":"category","embeddable":true,"href":"https:\/\/www.webdo.tn\/fr\/wp-json\/wp\/v2\/categories?post=213533"},{"taxonomy":"post_tag","embeddable":true,"href":"https:\/\/www.webdo.tn\/fr\/wp-json\/wp\/v2\/tags?post=213533"}],"curies":[{"name":"wp","href":"https:\/\/api.w.org\/{rel}","templated":true}]}}