{"id":213531,"date":"2024-04-14T01:57:00","date_gmt":"2024-04-14T01:57:00","guid":{"rendered":"https:\/\/www.webdo.tn\/fr\/blog\/escalade-des-tensions-au-moyen-orient-l-iran-lance-une-attaque-de-drones-contre-israel\/213531\/"},"modified":"2025-05-20T22:33:40","modified_gmt":"2025-05-20T22:33:40","slug":"escalade-des-tensions-au-moyen-orient-l-iran-lance-une-attaque-de-drones-contre-israel","status":"publish","type":"post","link":"https:\/\/www.webdo.tn\/fr\/actualite\/international\/escalade-des-tensions-au-moyen-orient-l-iran-lance-une-attaque-de-drones-contre-israel\/213531\/","title":{"rendered":"Escalade des tensions au Moyen-Orient : l&rsquo;Iran lance une attaque de drones contre Isra\u00ebl"},"content":{"rendered":"<p>Dans la nuit de samedi \u00e0 dimanche, l&rsquo;Iran a lanc\u00e9 une attaque de drones en direction d&rsquo;Isra\u00ebl, entra\u00eenant la fermeture des espaces a\u00e9riens dans la r\u00e9gion. Les \u00c9tats-Unis ont exprim\u00e9 leur soutien \u00e0 Isra\u00ebl face \u00e0 cette escalade, sur fond de tensions persistantes entre les deux pays.<\/p>\n<p>\t\t\t\t\t\t\t\t\tDans la nuit de samedi \u00e0 dimanche, l&rsquo;Iran a lanc\u00e9 une attaque de drones depuis son territoire en direction d&rsquo;Isra\u00ebl, un acte confirm\u00e9 par plusieurs m\u00e9dias. Cette agression a imm\u00e9diatement suscit\u00e9 une r\u00e9action de la part d&rsquo;Isra\u00ebl, de l&rsquo;Irak et de la Jordanie, qui ont ferm\u00e9 leurs espaces a\u00e9riens pour se prot\u00e9ger de cette menace, selon les informations des Gardiens de la R\u00e9volution iraniens.<\/p>\n<p>Les \u00c9tats-Unis ont \u00e9galement exprim\u00e9 leur soutien \u00e0 Isra\u00ebl, affirmant leur pr\u00e9occupation face \u00e0 cette escalade des tensions r\u00e9gionales. Adrienne Watson, porte-parole du Conseil de s\u00e9curit\u00e9 nationale am\u00e9ricain, a soulign\u00e9 dans un communiqu\u00e9 que les \u00c9tats-Unis resteraient aux c\u00f4t\u00e9s d&rsquo;Isra\u00ebl pour contrer toute menace de l&rsquo;Iran.<\/p>\n<p>Cette situation survient apr\u00e8s des mois de confrontations et d&rsquo;hostilit\u00e9s entre l&rsquo;Iran et Isra\u00ebl, exacerb\u00e9es par une attaque pr\u00e9sum\u00e9e contre un consulat iranien \u00e0 Damas, au cours de laquelle deux g\u00e9n\u00e9raux des Gardiens de la R\u00e9volution ont trouv\u00e9 la mort. Benjamin Netanyahu, Premier ministre isra\u00e9lien, a averti que son pays \u00e9tait pr\u00eat \u00e0 faire face \u00e0 toute \u00e9ventualit\u00e9, tant en termes de d\u00e9fense que de riposte, face \u00e0 une \u00e9ventuelle agression directe de l&rsquo;Iran.<\/p>\n","protected":false},"excerpt":{"rendered":"<p>L&rsquo;Iran lance une attaque de drones sur Isra\u00ebl, d\u00e9clenchant une r\u00e9action imm\u00e9diate et la fermeture des espaces a\u00e9riens dans la r\u00e9gion. Les \u00c9tats-Unis expriment l&#8230;<\/p>\n","protected":false},"author":3169,"featured_media":290474,"comment_status":"open","ping_status":"closed","sticky":false,"template":"","format":"standard","meta":{"footnotes":""},"categories":[2598],"tags":[3918,7503,2912,2636,3061],"class_list":["post-213531","post","type-post","status-publish","format-standard","has-post-thumbnail","hentry","category-international","tag-attaque","tag-drones","tag-iran","tag-israel","tag-usa"],"yoast_head":"<!-- This site is optimized with the Yoast SEO Premium plugin v27.5 (Yoast SEO v27.5) - https:\/\/yoast.com\/product\/yoast-seo-premium-wordpress\/ -->\n<title>Escalade des tensions au Moyen-Orient : l&#039;Iran lance une attaque de drones contre Isra\u00ebl<\/title>\n<meta name=\"description\" content=\"L&#039;Iran lance une attaque de drones sur Isra\u00ebl, d\u00e9clenchant une r\u00e9action imm\u00e9diate et la fermeture des espaces a\u00e9riens dans la r\u00e9gion. Les \u00c9tats-Unis expriment l...\" \/>\n<link rel=\"canonical\" href=\"https:\/\/www.webdo.tn\/fr\/actualite\/international\/escalade-des-tensions-au-moyen-orient-l-iran-lance-une-attaque-de-drones-contre-israel\/213531\/\" \/>\n<meta property=\"og:locale\" content=\"fr_FR\" \/>\n<meta property=\"og:type\" content=\"article\" \/>\n<meta property=\"og:title\" content=\"Escalade des tensions au Moyen-Orient : l&#039;Iran lance une attaque de drones contre Isra\u00ebl\" \/>\n<meta property=\"og:description\" content=\"L&#039;Iran lance une attaque de drones sur Isra\u00ebl, d\u00e9clenchant une r\u00e9action imm\u00e9diate et la fermeture des espaces a\u00e9riens dans la r\u00e9gion. Les \u00c9tats-Unis expriment l...\" \/>\n<meta property=\"og:url\" content=\"https:\/\/www.webdo.tn\/fr\/actualite\/international\/escalade-des-tensions-au-moyen-orient-l-iran-lance-une-attaque-de-drones-contre-israel\/213531\/\" \/>\n<meta property=\"og:site_name\" content=\"webdo\" \/>\n<meta property=\"article:publisher\" content=\"https:\/\/www.facebook.com\/webdotn\" \/>\n<meta property=\"article:published_time\" content=\"2024-04-14T01:57:00+00:00\" \/>\n<meta property=\"article:modified_time\" content=\"2025-05-20T22:33:40+00:00\" \/>\n<meta property=\"og:image\" content=\"https:\/\/www.webdo.tn\/fr\/wp-content\/uploads\/2024\/04\/4752f3987637904490e1916707a5246a.jpg\" \/>\n\t<meta property=\"og:image:width\" content=\"750\" \/>\n\t<meta property=\"og:image:height\" content=\"400\" \/>\n\t<meta property=\"og:image:type\" content=\"image\/jpeg\" \/>\n<meta name=\"author\" content=\"Webdo\" \/>\n<meta name=\"twitter:card\" content=\"summary_large_image\" \/>\n<meta name=\"twitter:creator\" content=\"@webdo_tn\" \/>\n<meta name=\"twitter:site\" content=\"@webdo_tn\" \/>\n<meta name=\"twitter:label1\" content=\"\u00c9crit par\" \/>\n\t<meta name=\"twitter:data1\" content=\"Webdo\" \/>\n\t<meta name=\"twitter:label2\" content=\"Dur\u00e9e de lecture estim\u00e9e\" \/>\n\t<meta name=\"twitter:data2\" content=\"1 minute\" \/>\n<script type=\"application\/ld+json\" class=\"yoast-schema-graph\">{\"@context\":\"https:\\\/\\\/schema.org\",\"@graph\":[{\"@type\":\"NewsArticle\",\"@id\":\"https:\\\/\\\/www.webdo.tn\\\/fr\\\/actualite\\\/international\\\/escalade-des-tensions-au-moyen-orient-l-iran-lance-une-attaque-de-drones-contre-israel\\\/213531\\\/#article\",\"isPartOf\":{\"@id\":\"https:\\\/\\\/www.webdo.tn\\\/fr\\\/actualite\\\/international\\\/escalade-des-tensions-au-moyen-orient-l-iran-lance-une-attaque-de-drones-contre-israel\\\/213531\\\/\"},\"author\":{\"name\":\"Webdo\",\"@id\":\"https:\\\/\\\/www.webdo.tn\\\/fr\\\/#\\\/schema\\\/person\\\/1f4e491e0907b413d61089e8eb573acc\"},\"headline\":\"Escalade des tensions au Moyen-Orient : l&rsquo;Iran lance une attaque de drones contre Isra\u00ebl\",\"datePublished\":\"2024-04-14T01:57:00+00:00\",\"dateModified\":\"2025-05-20T22:33:40+00:00\",\"mainEntityOfPage\":{\"@id\":\"https:\\\/\\\/www.webdo.tn\\\/fr\\\/actualite\\\/international\\\/escalade-des-tensions-au-moyen-orient-l-iran-lance-une-attaque-de-drones-contre-israel\\\/213531\\\/\"},\"wordCount\":280,\"commentCount\":0,\"publisher\":{\"@id\":\"https:\\\/\\\/www.webdo.tn\\\/fr\\\/#organization\"},\"image\":{\"@id\":\"https:\\\/\\\/www.webdo.tn\\\/fr\\\/actualite\\\/international\\\/escalade-des-tensions-au-moyen-orient-l-iran-lance-une-attaque-de-drones-contre-israel\\\/213531\\\/#primaryimage\"},\"thumbnailUrl\":\"https:\\\/\\\/www.webdo.tn\\\/fr\\\/wp-content\\\/uploads\\\/2024\\\/04\\\/4752f3987637904490e1916707a5246a.jpg\",\"keywords\":[\"attaque\",\"Drones\",\"Iran\",\"isra\u00ebl\",\"USA\"],\"articleSection\":[\"International\"],\"inLanguage\":\"fr-FR\"},{\"@type\":\"WebPage\",\"@id\":\"https:\\\/\\\/www.webdo.tn\\\/fr\\\/actualite\\\/international\\\/escalade-des-tensions-au-moyen-orient-l-iran-lance-une-attaque-de-drones-contre-israel\\\/213531\\\/\",\"url\":\"https:\\\/\\\/www.webdo.tn\\\/fr\\\/actualite\\\/international\\\/escalade-des-tensions-au-moyen-orient-l-iran-lance-une-attaque-de-drones-contre-israel\\\/213531\\\/\",\"name\":\"Escalade des tensions au Moyen-Orient : l'Iran lance une attaque de drones contre Isra\u00ebl\",\"isPartOf\":{\"@id\":\"https:\\\/\\\/www.webdo.tn\\\/fr\\\/#website\"},\"primaryImageOfPage\":{\"@id\":\"https:\\\/\\\/www.webdo.tn\\\/fr\\\/actualite\\\/international\\\/escalade-des-tensions-au-moyen-orient-l-iran-lance-une-attaque-de-drones-contre-israel\\\/213531\\\/#primaryimage\"},\"image\":{\"@id\":\"https:\\\/\\\/www.webdo.tn\\\/fr\\\/actualite\\\/international\\\/escalade-des-tensions-au-moyen-orient-l-iran-lance-une-attaque-de-drones-contre-israel\\\/213531\\\/#primaryimage\"},\"thumbnailUrl\":\"https:\\\/\\\/www.webdo.tn\\\/fr\\\/wp-content\\\/uploads\\\/2024\\\/04\\\/4752f3987637904490e1916707a5246a.jpg\",\"datePublished\":\"2024-04-14T01:57:00+00:00\",\"dateModified\":\"2025-05-20T22:33:40+00:00\",\"description\":\"L'Iran lance une attaque de drones sur Isra\u00ebl, d\u00e9clenchant une r\u00e9action imm\u00e9diate et la fermeture des espaces a\u00e9riens dans la r\u00e9gion. Les \u00c9tats-Unis expriment l...\",\"breadcrumb\":{\"@id\":\"https:\\\/\\\/www.webdo.tn\\\/fr\\\/actualite\\\/international\\\/escalade-des-tensions-au-moyen-orient-l-iran-lance-une-attaque-de-drones-contre-israel\\\/213531\\\/#breadcrumb\"},\"inLanguage\":\"fr-FR\",\"potentialAction\":[{\"@type\":\"ReadAction\",\"target\":[\"https:\\\/\\\/www.webdo.tn\\\/fr\\\/actualite\\\/international\\\/escalade-des-tensions-au-moyen-orient-l-iran-lance-une-attaque-de-drones-contre-israel\\\/213531\\\/\"]}]},{\"@type\":\"ImageObject\",\"inLanguage\":\"fr-FR\",\"@id\":\"https:\\\/\\\/www.webdo.tn\\\/fr\\\/actualite\\\/international\\\/escalade-des-tensions-au-moyen-orient-l-iran-lance-une-attaque-de-drones-contre-israel\\\/213531\\\/#primaryimage\",\"url\":\"https:\\\/\\\/www.webdo.tn\\\/fr\\\/wp-content\\\/uploads\\\/2024\\\/04\\\/4752f3987637904490e1916707a5246a.jpg\",\"contentUrl\":\"https:\\\/\\\/www.webdo.tn\\\/fr\\\/wp-content\\\/uploads\\\/2024\\\/04\\\/4752f3987637904490e1916707a5246a.jpg\",\"width\":750,\"height\":400,\"caption\":\"Escalade des tensions au Moyen-Orient : l'Iran lance une attaque de drones contre Isra\u00ebl\"},{\"@type\":\"BreadcrumbList\",\"@id\":\"https:\\\/\\\/www.webdo.tn\\\/fr\\\/actualite\\\/international\\\/escalade-des-tensions-au-moyen-orient-l-iran-lance-une-attaque-de-drones-contre-israel\\\/213531\\\/#breadcrumb\",\"itemListElement\":[{\"@type\":\"ListItem\",\"position\":1,\"name\":\"Accueil\",\"item\":\"https:\\\/\\\/www.webdo.tn\\\/fr\\\/\"},{\"@type\":\"ListItem\",\"position\":2,\"name\":\"Escalade des tensions au Moyen-Orient : l&rsquo;Iran lance une attaque de drones contre Isra\u00ebl\"}]},{\"@type\":\"WebSite\",\"@id\":\"https:\\\/\\\/www.webdo.tn\\\/fr\\\/#website\",\"url\":\"https:\\\/\\\/www.webdo.tn\\\/fr\\\/\",\"name\":\"webdo\",\"description\":\"Tunisie - News en Tunisie et \u00e0 l&#039;international sur Webdo.tn\",\"publisher\":{\"@id\":\"https:\\\/\\\/www.webdo.tn\\\/fr\\\/#organization\"},\"potentialAction\":[{\"@type\":\"SearchAction\",\"target\":{\"@type\":\"EntryPoint\",\"urlTemplate\":\"https:\\\/\\\/www.webdo.tn\\\/fr\\\/?s={search_term_string}\"},\"query-input\":{\"@type\":\"PropertyValueSpecification\",\"valueRequired\":true,\"valueName\":\"search_term_string\"}}],\"inLanguage\":\"fr-FR\"},{\"@type\":\"Organization\",\"@id\":\"https:\\\/\\\/www.webdo.tn\\\/fr\\\/#organization\",\"name\":\"Webdo\",\"alternateName\":\"Webdo.tn\",\"url\":\"https:\\\/\\\/www.webdo.tn\\\/fr\\\/\",\"logo\":{\"@type\":\"ImageObject\",\"inLanguage\":\"fr-FR\",\"@id\":\"https:\\\/\\\/www.webdo.tn\\\/fr\\\/#\\\/schema\\\/logo\\\/image\\\/\",\"url\":\"https:\\\/\\\/www.webdo.tn\\\/fr\\\/wp-content\\\/uploads\\\/2025\\\/06\\\/Webdo-Tunisie_168377.jpg\",\"contentUrl\":\"https:\\\/\\\/www.webdo.tn\\\/fr\\\/wp-content\\\/uploads\\\/2025\\\/06\\\/Webdo-Tunisie_168377.jpg\",\"width\":301,\"height\":301,\"caption\":\"Webdo\"},\"image\":{\"@id\":\"https:\\\/\\\/www.webdo.tn\\\/fr\\\/#\\\/schema\\\/logo\\\/image\\\/\"},\"sameAs\":[\"https:\\\/\\\/www.facebook.com\\\/webdotn\",\"https:\\\/\\\/x.com\\\/webdo_tn\"],\"description\":\"Webdo est un m\u00e9dia num\u00e9rique tunisien fond\u00e9 en 2010, sp\u00e9cialis\u00e9 dans l\u2019actualit\u00e9 nationale et internationale, l\u2019\u00e9conomie, la soci\u00e9t\u00e9 et les analyses politiques. Le site s\u2019adresse \u00e0 un large public francophone et couvre l\u2019information tunisienne en temps r\u00e9el.\",\"email\":\"redac@webdo.tn\",\"legalName\":\"YNJ SARL\",\"foundingDate\":\"2010-09-06\",\"numberOfEmployees\":{\"@type\":\"QuantitativeValue\",\"minValue\":\"11\",\"maxValue\":\"50\"}},{\"@type\":\"Person\",\"@id\":\"https:\\\/\\\/www.webdo.tn\\\/fr\\\/#\\\/schema\\\/person\\\/1f4e491e0907b413d61089e8eb573acc\",\"name\":\"Webdo\",\"image\":{\"@type\":\"ImageObject\",\"inLanguage\":\"fr-FR\",\"@id\":\"https:\\\/\\\/secure.gravatar.com\\\/avatar\\\/de97aeec1bb80978a9dbb127e47dfc88aaacb2f3c29aac907d8d3222e3495d49?s=96&d=mm&r=g\",\"url\":\"https:\\\/\\\/secure.gravatar.com\\\/avatar\\\/de97aeec1bb80978a9dbb127e47dfc88aaacb2f3c29aac907d8d3222e3495d49?s=96&d=mm&r=g\",\"contentUrl\":\"https:\\\/\\\/secure.gravatar.com\\\/avatar\\\/de97aeec1bb80978a9dbb127e47dfc88aaacb2f3c29aac907d8d3222e3495d49?s=96&d=mm&r=g\",\"caption\":\"Webdo\"},\"url\":\"https:\\\/\\\/www.webdo.tn\\\/fr\\\/actualite\\\/author\\\/webdo\\\/\"}]}<\/script>\n<!-- \/ Yoast SEO Premium plugin. -->","yoast_head_json":{"title":"Escalade des tensions au Moyen-Orient : l'Iran lance une attaque de drones contre Isra\u00ebl","description":"L'Iran lance une attaque de drones sur Isra\u00ebl, d\u00e9clenchant une r\u00e9action imm\u00e9diate et la fermeture des espaces a\u00e9riens dans la r\u00e9gion. Les \u00c9tats-Unis expriment l...","canonical":"https:\/\/www.webdo.tn\/fr\/actualite\/international\/escalade-des-tensions-au-moyen-orient-l-iran-lance-une-attaque-de-drones-contre-israel\/213531\/","og_locale":"fr_FR","og_type":"article","og_title":"Escalade des tensions au Moyen-Orient : l'Iran lance une attaque de drones contre Isra\u00ebl","og_description":"L'Iran lance une attaque de drones sur Isra\u00ebl, d\u00e9clenchant une r\u00e9action imm\u00e9diate et la fermeture des espaces a\u00e9riens dans la r\u00e9gion. Les \u00c9tats-Unis expriment l...","og_url":"https:\/\/www.webdo.tn\/fr\/actualite\/international\/escalade-des-tensions-au-moyen-orient-l-iran-lance-une-attaque-de-drones-contre-israel\/213531\/","og_site_name":"webdo","article_publisher":"https:\/\/www.facebook.com\/webdotn","article_published_time":"2024-04-14T01:57:00+00:00","article_modified_time":"2025-05-20T22:33:40+00:00","og_image":[{"width":750,"height":400,"url":"https:\/\/www.webdo.tn\/fr\/wp-content\/uploads\/2024\/04\/4752f3987637904490e1916707a5246a.jpg","type":"image\/jpeg"}],"author":"Webdo","twitter_card":"summary_large_image","twitter_creator":"@webdo_tn","twitter_site":"@webdo_tn","twitter_misc":{"\u00c9crit par":"Webdo","Dur\u00e9e de lecture estim\u00e9e":"1 minute"},"schema":{"@context":"https:\/\/schema.org","@graph":[{"@type":"NewsArticle","@id":"https:\/\/www.webdo.tn\/fr\/actualite\/international\/escalade-des-tensions-au-moyen-orient-l-iran-lance-une-attaque-de-drones-contre-israel\/213531\/#article","isPartOf":{"@id":"https:\/\/www.webdo.tn\/fr\/actualite\/international\/escalade-des-tensions-au-moyen-orient-l-iran-lance-une-attaque-de-drones-contre-israel\/213531\/"},"author":{"name":"Webdo","@id":"https:\/\/www.webdo.tn\/fr\/#\/schema\/person\/1f4e491e0907b413d61089e8eb573acc"},"headline":"Escalade des tensions au Moyen-Orient : l&rsquo;Iran lance une attaque de drones contre Isra\u00ebl","datePublished":"2024-04-14T01:57:00+00:00","dateModified":"2025-05-20T22:33:40+00:00","mainEntityOfPage":{"@id":"https:\/\/www.webdo.tn\/fr\/actualite\/international\/escalade-des-tensions-au-moyen-orient-l-iran-lance-une-attaque-de-drones-contre-israel\/213531\/"},"wordCount":280,"commentCount":0,"publisher":{"@id":"https:\/\/www.webdo.tn\/fr\/#organization"},"image":{"@id":"https:\/\/www.webdo.tn\/fr\/actualite\/international\/escalade-des-tensions-au-moyen-orient-l-iran-lance-une-attaque-de-drones-contre-israel\/213531\/#primaryimage"},"thumbnailUrl":"https:\/\/www.webdo.tn\/fr\/wp-content\/uploads\/2024\/04\/4752f3987637904490e1916707a5246a.jpg","keywords":["attaque","Drones","Iran","isra\u00ebl","USA"],"articleSection":["International"],"inLanguage":"fr-FR"},{"@type":"WebPage","@id":"https:\/\/www.webdo.tn\/fr\/actualite\/international\/escalade-des-tensions-au-moyen-orient-l-iran-lance-une-attaque-de-drones-contre-israel\/213531\/","url":"https:\/\/www.webdo.tn\/fr\/actualite\/international\/escalade-des-tensions-au-moyen-orient-l-iran-lance-une-attaque-de-drones-contre-israel\/213531\/","name":"Escalade des tensions au Moyen-Orient : l'Iran lance une attaque de drones contre Isra\u00ebl","isPartOf":{"@id":"https:\/\/www.webdo.tn\/fr\/#website"},"primaryImageOfPage":{"@id":"https:\/\/www.webdo.tn\/fr\/actualite\/international\/escalade-des-tensions-au-moyen-orient-l-iran-lance-une-attaque-de-drones-contre-israel\/213531\/#primaryimage"},"image":{"@id":"https:\/\/www.webdo.tn\/fr\/actualite\/international\/escalade-des-tensions-au-moyen-orient-l-iran-lance-une-attaque-de-drones-contre-israel\/213531\/#primaryimage"},"thumbnailUrl":"https:\/\/www.webdo.tn\/fr\/wp-content\/uploads\/2024\/04\/4752f3987637904490e1916707a5246a.jpg","datePublished":"2024-04-14T01:57:00+00:00","dateModified":"2025-05-20T22:33:40+00:00","description":"L'Iran lance une attaque de drones sur Isra\u00ebl, d\u00e9clenchant une r\u00e9action imm\u00e9diate et la fermeture des espaces a\u00e9riens dans la r\u00e9gion. Les \u00c9tats-Unis expriment l...","breadcrumb":{"@id":"https:\/\/www.webdo.tn\/fr\/actualite\/international\/escalade-des-tensions-au-moyen-orient-l-iran-lance-une-attaque-de-drones-contre-israel\/213531\/#breadcrumb"},"inLanguage":"fr-FR","potentialAction":[{"@type":"ReadAction","target":["https:\/\/www.webdo.tn\/fr\/actualite\/international\/escalade-des-tensions-au-moyen-orient-l-iran-lance-une-attaque-de-drones-contre-israel\/213531\/"]}]},{"@type":"ImageObject","inLanguage":"fr-FR","@id":"https:\/\/www.webdo.tn\/fr\/actualite\/international\/escalade-des-tensions-au-moyen-orient-l-iran-lance-une-attaque-de-drones-contre-israel\/213531\/#primaryimage","url":"https:\/\/www.webdo.tn\/fr\/wp-content\/uploads\/2024\/04\/4752f3987637904490e1916707a5246a.jpg","contentUrl":"https:\/\/www.webdo.tn\/fr\/wp-content\/uploads\/2024\/04\/4752f3987637904490e1916707a5246a.jpg","width":750,"height":400,"caption":"Escalade des tensions au Moyen-Orient : l'Iran lance une attaque de drones contre Isra\u00ebl"},{"@type":"BreadcrumbList","@id":"https:\/\/www.webdo.tn\/fr\/actualite\/international\/escalade-des-tensions-au-moyen-orient-l-iran-lance-une-attaque-de-drones-contre-israel\/213531\/#breadcrumb","itemListElement":[{"@type":"ListItem","position":1,"name":"Accueil","item":"https:\/\/www.webdo.tn\/fr\/"},{"@type":"ListItem","position":2,"name":"Escalade des tensions au Moyen-Orient : l&rsquo;Iran lance une attaque de drones contre Isra\u00ebl"}]},{"@type":"WebSite","@id":"https:\/\/www.webdo.tn\/fr\/#website","url":"https:\/\/www.webdo.tn\/fr\/","name":"webdo","description":"Tunisie - News en Tunisie et \u00e0 l&#039;international sur Webdo.tn","publisher":{"@id":"https:\/\/www.webdo.tn\/fr\/#organization"},"potentialAction":[{"@type":"SearchAction","target":{"@type":"EntryPoint","urlTemplate":"https:\/\/www.webdo.tn\/fr\/?s={search_term_string}"},"query-input":{"@type":"PropertyValueSpecification","valueRequired":true,"valueName":"search_term_string"}}],"inLanguage":"fr-FR"},{"@type":"Organization","@id":"https:\/\/www.webdo.tn\/fr\/#organization","name":"Webdo","alternateName":"Webdo.tn","url":"https:\/\/www.webdo.tn\/fr\/","logo":{"@type":"ImageObject","inLanguage":"fr-FR","@id":"https:\/\/www.webdo.tn\/fr\/#\/schema\/logo\/image\/","url":"https:\/\/www.webdo.tn\/fr\/wp-content\/uploads\/2025\/06\/Webdo-Tunisie_168377.jpg","contentUrl":"https:\/\/www.webdo.tn\/fr\/wp-content\/uploads\/2025\/06\/Webdo-Tunisie_168377.jpg","width":301,"height":301,"caption":"Webdo"},"image":{"@id":"https:\/\/www.webdo.tn\/fr\/#\/schema\/logo\/image\/"},"sameAs":["https:\/\/www.facebook.com\/webdotn","https:\/\/x.com\/webdo_tn"],"description":"Webdo est un m\u00e9dia num\u00e9rique tunisien fond\u00e9 en 2010, sp\u00e9cialis\u00e9 dans l\u2019actualit\u00e9 nationale et internationale, l\u2019\u00e9conomie, la soci\u00e9t\u00e9 et les analyses politiques. Le site s\u2019adresse \u00e0 un large public francophone et couvre l\u2019information tunisienne en temps r\u00e9el.","email":"redac@webdo.tn","legalName":"YNJ SARL","foundingDate":"2010-09-06","numberOfEmployees":{"@type":"QuantitativeValue","minValue":"11","maxValue":"50"}},{"@type":"Person","@id":"https:\/\/www.webdo.tn\/fr\/#\/schema\/person\/1f4e491e0907b413d61089e8eb573acc","name":"Webdo","image":{"@type":"ImageObject","inLanguage":"fr-FR","@id":"https:\/\/secure.gravatar.com\/avatar\/de97aeec1bb80978a9dbb127e47dfc88aaacb2f3c29aac907d8d3222e3495d49?s=96&d=mm&r=g","url":"https:\/\/secure.gravatar.com\/avatar\/de97aeec1bb80978a9dbb127e47dfc88aaacb2f3c29aac907d8d3222e3495d49?s=96&d=mm&r=g","contentUrl":"https:\/\/secure.gravatar.com\/avatar\/de97aeec1bb80978a9dbb127e47dfc88aaacb2f3c29aac907d8d3222e3495d49?s=96&d=mm&r=g","caption":"Webdo"},"url":"https:\/\/www.webdo.tn\/fr\/actualite\/author\/webdo\/"}]}},"_links":{"self":[{"href":"https:\/\/www.webdo.tn\/fr\/wp-json\/wp\/v2\/posts\/213531","targetHints":{"allow":["GET"]}}],"collection":[{"href":"https:\/\/www.webdo.tn\/fr\/wp-json\/wp\/v2\/posts"}],"about":[{"href":"https:\/\/www.webdo.tn\/fr\/wp-json\/wp\/v2\/types\/post"}],"author":[{"embeddable":true,"href":"https:\/\/www.webdo.tn\/fr\/wp-json\/wp\/v2\/users\/3169"}],"replies":[{"embeddable":true,"href":"https:\/\/www.webdo.tn\/fr\/wp-json\/wp\/v2\/comments?post=213531"}],"version-history":[{"count":0,"href":"https:\/\/www.webdo.tn\/fr\/wp-json\/wp\/v2\/posts\/213531\/revisions"}],"wp:featuredmedia":[{"embeddable":true,"href":"https:\/\/www.webdo.tn\/fr\/wp-json\/wp\/v2\/media\/290474"}],"wp:attachment":[{"href":"https:\/\/www.webdo.tn\/fr\/wp-json\/wp\/v2\/media?parent=213531"}],"wp:term":[{"taxonomy":"category","embeddable":true,"href":"https:\/\/www.webdo.tn\/fr\/wp-json\/wp\/v2\/categories?post=213531"},{"taxonomy":"post_tag","embeddable":true,"href":"https:\/\/www.webdo.tn\/fr\/wp-json\/wp\/v2\/tags?post=213531"}],"curies":[{"name":"wp","href":"https:\/\/api.w.org\/{rel}","templated":true}]}}