{"id":213530,"date":"2024-04-13T12:04:00","date_gmt":"2024-04-13T12:04:00","guid":{"rendered":"https:\/\/www.webdo.tn\/fr\/blog\/tunisie-plusieurs-nouvelles-nominations-au-ministere-des-transports\/213530\/"},"modified":"2025-05-20T22:12:47","modified_gmt":"2025-05-20T22:12:47","slug":"tunisie-plusieurs-nouvelles-nominations-au-ministere-des-transports","status":"publish","type":"post","link":"https:\/\/www.webdo.tn\/fr\/actualite\/national\/tunisie-plusieurs-nouvelles-nominations-au-ministere-des-transports\/213530\/","title":{"rendered":"Tunisie : Plusieurs nouvelles nominations au minist\u00e8re des Transports"},"content":{"rendered":"<p>Le minist\u00e8re des Transports a proc\u00e9d\u00e9 \u00e0 cinq nouvelles nominations au sein de ses services.<\/p>\n<p>\t\t\t\t\t\t\t\t\tLe minist\u00e8re des Transports a annonc\u00e9 ce samedi 13 avril 2024, avoir proc\u00e9d\u00e9 \u00e0 de nouvelles nominations au sein de ses \u00e9tablissements.<\/p>\n<p>Fatiha Naji Yahyaoui, a \u00e9t\u00e9 nomm\u00e9e directrice g\u00e9n\u00e9rale de la strat\u00e9gie, des institutions et des \u00e9tablissements publics alors que Samia Bouktaya Abid, a \u00e9t\u00e9 charg\u00e9e de diriger l&rsquo;Unit\u00e9 de gestion par objectifs au minist\u00e8re des Transports afin de finaliser la r\u00e9alisation du projet de d\u00e9veloppement de la gestion budg\u00e9taire de l&rsquo;\u00c9tat.<\/p>\n<p>Jamel\u00a0 Baghdadi a \u00e9t\u00e9 nomm\u00e9 directeur g\u00e9n\u00e9ral des Affaires administratives, financi\u00e8res et des Moyens G\u00e9n\u00e9raux. Khaled Ben Youssef a \u00e9t\u00e9 nomm\u00e9 directeur r\u00e9gional des Transports de la r\u00e9gion de Nabeul alors qu\u2019Abderrahman Arfaoui a \u00e9t\u00e9 d\u00e9sign\u00e9 directeur g\u00e9n\u00e9ral des Transports maritimes et des Ports commerciaux.<\/p>\n","protected":false},"excerpt":{"rendered":"<p>Le minist\u00e8re des Transports a annonc\u00e9 ce samedi 13 avril 2024, avoir proc\u00e9d\u00e9 \u00e0 de nouvelles nominations au sein de ses \u00e9tablissements.<\/p>\n","protected":false},"author":3162,"featured_media":290475,"comment_status":"open","ping_status":"closed","sticky":false,"template":"","format":"standard","meta":{"footnotes":""},"categories":[44],"tags":[3559,2818,2608],"class_list":["post-213530","post","type-post","status-publish","format-standard","has-post-thumbnail","hentry","category-national","tag-nomination","tag-transport","tag-tunisie"],"yoast_head":"<!-- This site is optimized with the Yoast SEO Premium plugin v27.5 (Yoast SEO v27.5) - https:\/\/yoast.com\/product\/yoast-seo-premium-wordpress\/ -->\n<title>Tunisie : Plusieurs nouvelles nominations au minist\u00e8re des Transports<\/title>\n<meta name=\"description\" content=\"Le minist\u00e8re des Transports a annonc\u00e9 ce samedi 13 avril 2024, avoir proc\u00e9d\u00e9 \u00e0 de nouvelles nominations au sein de ses \u00e9tablissements.\" \/>\n<link rel=\"canonical\" href=\"https:\/\/www.webdo.tn\/fr\/actualite\/national\/tunisie-plusieurs-nouvelles-nominations-au-ministere-des-transports\/213530\/\" \/>\n<meta property=\"og:locale\" content=\"fr_FR\" \/>\n<meta property=\"og:type\" content=\"article\" \/>\n<meta property=\"og:title\" content=\"Tunisie : Plusieurs nouvelles nominations au minist\u00e8re des Transports\" \/>\n<meta property=\"og:description\" content=\"Le minist\u00e8re des Transports a annonc\u00e9 ce samedi 13 avril 2024, avoir proc\u00e9d\u00e9 \u00e0 de nouvelles nominations au sein de ses \u00e9tablissements.\" \/>\n<meta property=\"og:url\" content=\"https:\/\/www.webdo.tn\/fr\/actualite\/national\/tunisie-plusieurs-nouvelles-nominations-au-ministere-des-transports\/213530\/\" \/>\n<meta property=\"og:site_name\" content=\"webdo\" \/>\n<meta property=\"article:publisher\" content=\"https:\/\/www.facebook.com\/webdotn\" \/>\n<meta property=\"article:published_time\" content=\"2024-04-13T12:04:00+00:00\" \/>\n<meta property=\"article:modified_time\" content=\"2025-05-20T22:12:47+00:00\" \/>\n<meta property=\"og:image\" content=\"https:\/\/www.webdo.tn\/fr\/wp-content\/uploads\/2024\/04\/b03b871d4921c39046665c293477e9e9.jpg\" \/>\n\t<meta property=\"og:image:width\" content=\"750\" \/>\n\t<meta property=\"og:image:height\" content=\"400\" \/>\n\t<meta property=\"og:image:type\" content=\"image\/jpeg\" \/>\n<meta name=\"author\" content=\"MC\" \/>\n<meta name=\"twitter:card\" content=\"summary_large_image\" \/>\n<meta name=\"twitter:creator\" content=\"@webdo_tn\" \/>\n<meta name=\"twitter:site\" content=\"@webdo_tn\" \/>\n<meta name=\"twitter:label1\" content=\"\u00c9crit par\" \/>\n\t<meta name=\"twitter:data1\" content=\"MC\" \/>\n\t<meta name=\"twitter:label2\" content=\"Dur\u00e9e de lecture estim\u00e9e\" \/>\n\t<meta name=\"twitter:data2\" content=\"1 minute\" \/>\n<script type=\"application\/ld+json\" class=\"yoast-schema-graph\">{\"@context\":\"https:\\\/\\\/schema.org\",\"@graph\":[{\"@type\":\"NewsArticle\",\"@id\":\"https:\\\/\\\/www.webdo.tn\\\/fr\\\/actualite\\\/national\\\/tunisie-plusieurs-nouvelles-nominations-au-ministere-des-transports\\\/213530\\\/#article\",\"isPartOf\":{\"@id\":\"https:\\\/\\\/www.webdo.tn\\\/fr\\\/actualite\\\/national\\\/tunisie-plusieurs-nouvelles-nominations-au-ministere-des-transports\\\/213530\\\/\"},\"author\":{\"name\":\"MC\",\"@id\":\"https:\\\/\\\/www.webdo.tn\\\/fr\\\/#\\\/schema\\\/person\\\/2c4929cbf5a809e3bd38617c6ce150f6\"},\"headline\":\"Tunisie : Plusieurs nouvelles nominations au minist\u00e8re des Transports\",\"datePublished\":\"2024-04-13T12:04:00+00:00\",\"dateModified\":\"2025-05-20T22:12:47+00:00\",\"mainEntityOfPage\":{\"@id\":\"https:\\\/\\\/www.webdo.tn\\\/fr\\\/actualite\\\/national\\\/tunisie-plusieurs-nouvelles-nominations-au-ministere-des-transports\\\/213530\\\/\"},\"wordCount\":164,\"commentCount\":0,\"publisher\":{\"@id\":\"https:\\\/\\\/www.webdo.tn\\\/fr\\\/#organization\"},\"image\":{\"@id\":\"https:\\\/\\\/www.webdo.tn\\\/fr\\\/actualite\\\/national\\\/tunisie-plusieurs-nouvelles-nominations-au-ministere-des-transports\\\/213530\\\/#primaryimage\"},\"thumbnailUrl\":\"https:\\\/\\\/www.webdo.tn\\\/fr\\\/wp-content\\\/uploads\\\/2024\\\/04\\\/b03b871d4921c39046665c293477e9e9.jpg\",\"keywords\":[\"nomination\",\"Transport\",\"Tunisie\"],\"articleSection\":[\"National\"],\"inLanguage\":\"fr-FR\"},{\"@type\":\"WebPage\",\"@id\":\"https:\\\/\\\/www.webdo.tn\\\/fr\\\/actualite\\\/national\\\/tunisie-plusieurs-nouvelles-nominations-au-ministere-des-transports\\\/213530\\\/\",\"url\":\"https:\\\/\\\/www.webdo.tn\\\/fr\\\/actualite\\\/national\\\/tunisie-plusieurs-nouvelles-nominations-au-ministere-des-transports\\\/213530\\\/\",\"name\":\"Tunisie : Plusieurs nouvelles nominations au minist\u00e8re des Transports\",\"isPartOf\":{\"@id\":\"https:\\\/\\\/www.webdo.tn\\\/fr\\\/#website\"},\"primaryImageOfPage\":{\"@id\":\"https:\\\/\\\/www.webdo.tn\\\/fr\\\/actualite\\\/national\\\/tunisie-plusieurs-nouvelles-nominations-au-ministere-des-transports\\\/213530\\\/#primaryimage\"},\"image\":{\"@id\":\"https:\\\/\\\/www.webdo.tn\\\/fr\\\/actualite\\\/national\\\/tunisie-plusieurs-nouvelles-nominations-au-ministere-des-transports\\\/213530\\\/#primaryimage\"},\"thumbnailUrl\":\"https:\\\/\\\/www.webdo.tn\\\/fr\\\/wp-content\\\/uploads\\\/2024\\\/04\\\/b03b871d4921c39046665c293477e9e9.jpg\",\"datePublished\":\"2024-04-13T12:04:00+00:00\",\"dateModified\":\"2025-05-20T22:12:47+00:00\",\"description\":\"Le minist\u00e8re des Transports a annonc\u00e9 ce samedi 13 avril 2024, avoir proc\u00e9d\u00e9 \u00e0 de nouvelles nominations au sein de ses \u00e9tablissements.\",\"breadcrumb\":{\"@id\":\"https:\\\/\\\/www.webdo.tn\\\/fr\\\/actualite\\\/national\\\/tunisie-plusieurs-nouvelles-nominations-au-ministere-des-transports\\\/213530\\\/#breadcrumb\"},\"inLanguage\":\"fr-FR\",\"potentialAction\":[{\"@type\":\"ReadAction\",\"target\":[\"https:\\\/\\\/www.webdo.tn\\\/fr\\\/actualite\\\/national\\\/tunisie-plusieurs-nouvelles-nominations-au-ministere-des-transports\\\/213530\\\/\"]}]},{\"@type\":\"ImageObject\",\"inLanguage\":\"fr-FR\",\"@id\":\"https:\\\/\\\/www.webdo.tn\\\/fr\\\/actualite\\\/national\\\/tunisie-plusieurs-nouvelles-nominations-au-ministere-des-transports\\\/213530\\\/#primaryimage\",\"url\":\"https:\\\/\\\/www.webdo.tn\\\/fr\\\/wp-content\\\/uploads\\\/2024\\\/04\\\/b03b871d4921c39046665c293477e9e9.jpg\",\"contentUrl\":\"https:\\\/\\\/www.webdo.tn\\\/fr\\\/wp-content\\\/uploads\\\/2024\\\/04\\\/b03b871d4921c39046665c293477e9e9.jpg\",\"width\":750,\"height\":400,\"caption\":\"Tunisie : Plusieurs nouvelles nominations au minist\u00e8re des Transports\"},{\"@type\":\"BreadcrumbList\",\"@id\":\"https:\\\/\\\/www.webdo.tn\\\/fr\\\/actualite\\\/national\\\/tunisie-plusieurs-nouvelles-nominations-au-ministere-des-transports\\\/213530\\\/#breadcrumb\",\"itemListElement\":[{\"@type\":\"ListItem\",\"position\":1,\"name\":\"Accueil\",\"item\":\"https:\\\/\\\/www.webdo.tn\\\/fr\\\/\"},{\"@type\":\"ListItem\",\"position\":2,\"name\":\"Tunisie : Plusieurs nouvelles nominations au minist\u00e8re des Transports\"}]},{\"@type\":\"WebSite\",\"@id\":\"https:\\\/\\\/www.webdo.tn\\\/fr\\\/#website\",\"url\":\"https:\\\/\\\/www.webdo.tn\\\/fr\\\/\",\"name\":\"webdo\",\"description\":\"Tunisie - News en Tunisie et \u00e0 l&#039;international sur Webdo.tn\",\"publisher\":{\"@id\":\"https:\\\/\\\/www.webdo.tn\\\/fr\\\/#organization\"},\"potentialAction\":[{\"@type\":\"SearchAction\",\"target\":{\"@type\":\"EntryPoint\",\"urlTemplate\":\"https:\\\/\\\/www.webdo.tn\\\/fr\\\/?s={search_term_string}\"},\"query-input\":{\"@type\":\"PropertyValueSpecification\",\"valueRequired\":true,\"valueName\":\"search_term_string\"}}],\"inLanguage\":\"fr-FR\"},{\"@type\":\"Organization\",\"@id\":\"https:\\\/\\\/www.webdo.tn\\\/fr\\\/#organization\",\"name\":\"Webdo\",\"alternateName\":\"Webdo.tn\",\"url\":\"https:\\\/\\\/www.webdo.tn\\\/fr\\\/\",\"logo\":{\"@type\":\"ImageObject\",\"inLanguage\":\"fr-FR\",\"@id\":\"https:\\\/\\\/www.webdo.tn\\\/fr\\\/#\\\/schema\\\/logo\\\/image\\\/\",\"url\":\"https:\\\/\\\/www.webdo.tn\\\/fr\\\/wp-content\\\/uploads\\\/2025\\\/06\\\/Webdo-Tunisie_168377.jpg\",\"contentUrl\":\"https:\\\/\\\/www.webdo.tn\\\/fr\\\/wp-content\\\/uploads\\\/2025\\\/06\\\/Webdo-Tunisie_168377.jpg\",\"width\":301,\"height\":301,\"caption\":\"Webdo\"},\"image\":{\"@id\":\"https:\\\/\\\/www.webdo.tn\\\/fr\\\/#\\\/schema\\\/logo\\\/image\\\/\"},\"sameAs\":[\"https:\\\/\\\/www.facebook.com\\\/webdotn\",\"https:\\\/\\\/x.com\\\/webdo_tn\"],\"description\":\"Webdo est un m\u00e9dia num\u00e9rique tunisien fond\u00e9 en 2010, sp\u00e9cialis\u00e9 dans l\u2019actualit\u00e9 nationale et internationale, l\u2019\u00e9conomie, la soci\u00e9t\u00e9 et les analyses politiques. Le site s\u2019adresse \u00e0 un large public francophone et couvre l\u2019information tunisienne en temps r\u00e9el.\",\"email\":\"redac@webdo.tn\",\"legalName\":\"YNJ SARL\",\"foundingDate\":\"2010-09-06\",\"numberOfEmployees\":{\"@type\":\"QuantitativeValue\",\"minValue\":\"11\",\"maxValue\":\"50\"}},{\"@type\":\"Person\",\"@id\":\"https:\\\/\\\/www.webdo.tn\\\/fr\\\/#\\\/schema\\\/person\\\/2c4929cbf5a809e3bd38617c6ce150f6\",\"name\":\"MC\",\"image\":{\"@type\":\"ImageObject\",\"inLanguage\":\"fr-FR\",\"@id\":\"https:\\\/\\\/secure.gravatar.com\\\/avatar\\\/a545bbb6f84efdd5553dbbc2895e3ca8f1d12c5215e00a041c9670b54aa9b18a?s=96&d=mm&r=g\",\"url\":\"https:\\\/\\\/secure.gravatar.com\\\/avatar\\\/a545bbb6f84efdd5553dbbc2895e3ca8f1d12c5215e00a041c9670b54aa9b18a?s=96&d=mm&r=g\",\"contentUrl\":\"https:\\\/\\\/secure.gravatar.com\\\/avatar\\\/a545bbb6f84efdd5553dbbc2895e3ca8f1d12c5215e00a041c9670b54aa9b18a?s=96&d=mm&r=g\",\"caption\":\"MC\"},\"url\":\"https:\\\/\\\/www.webdo.tn\\\/fr\\\/actualite\\\/author\\\/mc\\\/\"}]}<\/script>\n<!-- \/ Yoast SEO Premium plugin. -->","yoast_head_json":{"title":"Tunisie : Plusieurs nouvelles nominations au minist\u00e8re des Transports","description":"Le minist\u00e8re des Transports a annonc\u00e9 ce samedi 13 avril 2024, avoir proc\u00e9d\u00e9 \u00e0 de nouvelles nominations au sein de ses \u00e9tablissements.","canonical":"https:\/\/www.webdo.tn\/fr\/actualite\/national\/tunisie-plusieurs-nouvelles-nominations-au-ministere-des-transports\/213530\/","og_locale":"fr_FR","og_type":"article","og_title":"Tunisie : Plusieurs nouvelles nominations au minist\u00e8re des Transports","og_description":"Le minist\u00e8re des Transports a annonc\u00e9 ce samedi 13 avril 2024, avoir proc\u00e9d\u00e9 \u00e0 de nouvelles nominations au sein de ses \u00e9tablissements.","og_url":"https:\/\/www.webdo.tn\/fr\/actualite\/national\/tunisie-plusieurs-nouvelles-nominations-au-ministere-des-transports\/213530\/","og_site_name":"webdo","article_publisher":"https:\/\/www.facebook.com\/webdotn","article_published_time":"2024-04-13T12:04:00+00:00","article_modified_time":"2025-05-20T22:12:47+00:00","og_image":[{"width":750,"height":400,"url":"https:\/\/www.webdo.tn\/fr\/wp-content\/uploads\/2024\/04\/b03b871d4921c39046665c293477e9e9.jpg","type":"image\/jpeg"}],"author":"MC","twitter_card":"summary_large_image","twitter_creator":"@webdo_tn","twitter_site":"@webdo_tn","twitter_misc":{"\u00c9crit par":"MC","Dur\u00e9e de lecture estim\u00e9e":"1 minute"},"schema":{"@context":"https:\/\/schema.org","@graph":[{"@type":"NewsArticle","@id":"https:\/\/www.webdo.tn\/fr\/actualite\/national\/tunisie-plusieurs-nouvelles-nominations-au-ministere-des-transports\/213530\/#article","isPartOf":{"@id":"https:\/\/www.webdo.tn\/fr\/actualite\/national\/tunisie-plusieurs-nouvelles-nominations-au-ministere-des-transports\/213530\/"},"author":{"name":"MC","@id":"https:\/\/www.webdo.tn\/fr\/#\/schema\/person\/2c4929cbf5a809e3bd38617c6ce150f6"},"headline":"Tunisie : Plusieurs nouvelles nominations au minist\u00e8re des Transports","datePublished":"2024-04-13T12:04:00+00:00","dateModified":"2025-05-20T22:12:47+00:00","mainEntityOfPage":{"@id":"https:\/\/www.webdo.tn\/fr\/actualite\/national\/tunisie-plusieurs-nouvelles-nominations-au-ministere-des-transports\/213530\/"},"wordCount":164,"commentCount":0,"publisher":{"@id":"https:\/\/www.webdo.tn\/fr\/#organization"},"image":{"@id":"https:\/\/www.webdo.tn\/fr\/actualite\/national\/tunisie-plusieurs-nouvelles-nominations-au-ministere-des-transports\/213530\/#primaryimage"},"thumbnailUrl":"https:\/\/www.webdo.tn\/fr\/wp-content\/uploads\/2024\/04\/b03b871d4921c39046665c293477e9e9.jpg","keywords":["nomination","Transport","Tunisie"],"articleSection":["National"],"inLanguage":"fr-FR"},{"@type":"WebPage","@id":"https:\/\/www.webdo.tn\/fr\/actualite\/national\/tunisie-plusieurs-nouvelles-nominations-au-ministere-des-transports\/213530\/","url":"https:\/\/www.webdo.tn\/fr\/actualite\/national\/tunisie-plusieurs-nouvelles-nominations-au-ministere-des-transports\/213530\/","name":"Tunisie : Plusieurs nouvelles nominations au minist\u00e8re des Transports","isPartOf":{"@id":"https:\/\/www.webdo.tn\/fr\/#website"},"primaryImageOfPage":{"@id":"https:\/\/www.webdo.tn\/fr\/actualite\/national\/tunisie-plusieurs-nouvelles-nominations-au-ministere-des-transports\/213530\/#primaryimage"},"image":{"@id":"https:\/\/www.webdo.tn\/fr\/actualite\/national\/tunisie-plusieurs-nouvelles-nominations-au-ministere-des-transports\/213530\/#primaryimage"},"thumbnailUrl":"https:\/\/www.webdo.tn\/fr\/wp-content\/uploads\/2024\/04\/b03b871d4921c39046665c293477e9e9.jpg","datePublished":"2024-04-13T12:04:00+00:00","dateModified":"2025-05-20T22:12:47+00:00","description":"Le minist\u00e8re des Transports a annonc\u00e9 ce samedi 13 avril 2024, avoir proc\u00e9d\u00e9 \u00e0 de nouvelles nominations au sein de ses \u00e9tablissements.","breadcrumb":{"@id":"https:\/\/www.webdo.tn\/fr\/actualite\/national\/tunisie-plusieurs-nouvelles-nominations-au-ministere-des-transports\/213530\/#breadcrumb"},"inLanguage":"fr-FR","potentialAction":[{"@type":"ReadAction","target":["https:\/\/www.webdo.tn\/fr\/actualite\/national\/tunisie-plusieurs-nouvelles-nominations-au-ministere-des-transports\/213530\/"]}]},{"@type":"ImageObject","inLanguage":"fr-FR","@id":"https:\/\/www.webdo.tn\/fr\/actualite\/national\/tunisie-plusieurs-nouvelles-nominations-au-ministere-des-transports\/213530\/#primaryimage","url":"https:\/\/www.webdo.tn\/fr\/wp-content\/uploads\/2024\/04\/b03b871d4921c39046665c293477e9e9.jpg","contentUrl":"https:\/\/www.webdo.tn\/fr\/wp-content\/uploads\/2024\/04\/b03b871d4921c39046665c293477e9e9.jpg","width":750,"height":400,"caption":"Tunisie : Plusieurs nouvelles nominations au minist\u00e8re des Transports"},{"@type":"BreadcrumbList","@id":"https:\/\/www.webdo.tn\/fr\/actualite\/national\/tunisie-plusieurs-nouvelles-nominations-au-ministere-des-transports\/213530\/#breadcrumb","itemListElement":[{"@type":"ListItem","position":1,"name":"Accueil","item":"https:\/\/www.webdo.tn\/fr\/"},{"@type":"ListItem","position":2,"name":"Tunisie : Plusieurs nouvelles nominations au minist\u00e8re des Transports"}]},{"@type":"WebSite","@id":"https:\/\/www.webdo.tn\/fr\/#website","url":"https:\/\/www.webdo.tn\/fr\/","name":"webdo","description":"Tunisie - News en Tunisie et \u00e0 l&#039;international sur Webdo.tn","publisher":{"@id":"https:\/\/www.webdo.tn\/fr\/#organization"},"potentialAction":[{"@type":"SearchAction","target":{"@type":"EntryPoint","urlTemplate":"https:\/\/www.webdo.tn\/fr\/?s={search_term_string}"},"query-input":{"@type":"PropertyValueSpecification","valueRequired":true,"valueName":"search_term_string"}}],"inLanguage":"fr-FR"},{"@type":"Organization","@id":"https:\/\/www.webdo.tn\/fr\/#organization","name":"Webdo","alternateName":"Webdo.tn","url":"https:\/\/www.webdo.tn\/fr\/","logo":{"@type":"ImageObject","inLanguage":"fr-FR","@id":"https:\/\/www.webdo.tn\/fr\/#\/schema\/logo\/image\/","url":"https:\/\/www.webdo.tn\/fr\/wp-content\/uploads\/2025\/06\/Webdo-Tunisie_168377.jpg","contentUrl":"https:\/\/www.webdo.tn\/fr\/wp-content\/uploads\/2025\/06\/Webdo-Tunisie_168377.jpg","width":301,"height":301,"caption":"Webdo"},"image":{"@id":"https:\/\/www.webdo.tn\/fr\/#\/schema\/logo\/image\/"},"sameAs":["https:\/\/www.facebook.com\/webdotn","https:\/\/x.com\/webdo_tn"],"description":"Webdo est un m\u00e9dia num\u00e9rique tunisien fond\u00e9 en 2010, sp\u00e9cialis\u00e9 dans l\u2019actualit\u00e9 nationale et internationale, l\u2019\u00e9conomie, la soci\u00e9t\u00e9 et les analyses politiques. Le site s\u2019adresse \u00e0 un large public francophone et couvre l\u2019information tunisienne en temps r\u00e9el.","email":"redac@webdo.tn","legalName":"YNJ SARL","foundingDate":"2010-09-06","numberOfEmployees":{"@type":"QuantitativeValue","minValue":"11","maxValue":"50"}},{"@type":"Person","@id":"https:\/\/www.webdo.tn\/fr\/#\/schema\/person\/2c4929cbf5a809e3bd38617c6ce150f6","name":"MC","image":{"@type":"ImageObject","inLanguage":"fr-FR","@id":"https:\/\/secure.gravatar.com\/avatar\/a545bbb6f84efdd5553dbbc2895e3ca8f1d12c5215e00a041c9670b54aa9b18a?s=96&d=mm&r=g","url":"https:\/\/secure.gravatar.com\/avatar\/a545bbb6f84efdd5553dbbc2895e3ca8f1d12c5215e00a041c9670b54aa9b18a?s=96&d=mm&r=g","contentUrl":"https:\/\/secure.gravatar.com\/avatar\/a545bbb6f84efdd5553dbbc2895e3ca8f1d12c5215e00a041c9670b54aa9b18a?s=96&d=mm&r=g","caption":"MC"},"url":"https:\/\/www.webdo.tn\/fr\/actualite\/author\/mc\/"}]}},"_links":{"self":[{"href":"https:\/\/www.webdo.tn\/fr\/wp-json\/wp\/v2\/posts\/213530","targetHints":{"allow":["GET"]}}],"collection":[{"href":"https:\/\/www.webdo.tn\/fr\/wp-json\/wp\/v2\/posts"}],"about":[{"href":"https:\/\/www.webdo.tn\/fr\/wp-json\/wp\/v2\/types\/post"}],"author":[{"embeddable":true,"href":"https:\/\/www.webdo.tn\/fr\/wp-json\/wp\/v2\/users\/3162"}],"replies":[{"embeddable":true,"href":"https:\/\/www.webdo.tn\/fr\/wp-json\/wp\/v2\/comments?post=213530"}],"version-history":[{"count":0,"href":"https:\/\/www.webdo.tn\/fr\/wp-json\/wp\/v2\/posts\/213530\/revisions"}],"wp:featuredmedia":[{"embeddable":true,"href":"https:\/\/www.webdo.tn\/fr\/wp-json\/wp\/v2\/media\/290475"}],"wp:attachment":[{"href":"https:\/\/www.webdo.tn\/fr\/wp-json\/wp\/v2\/media?parent=213530"}],"wp:term":[{"taxonomy":"category","embeddable":true,"href":"https:\/\/www.webdo.tn\/fr\/wp-json\/wp\/v2\/categories?post=213530"},{"taxonomy":"post_tag","embeddable":true,"href":"https:\/\/www.webdo.tn\/fr\/wp-json\/wp\/v2\/tags?post=213530"}],"curies":[{"name":"wp","href":"https:\/\/api.w.org\/{rel}","templated":true}]}}