{"id":213528,"date":"2024-04-13T11:07:00","date_gmt":"2024-04-13T11:07:00","guid":{"rendered":"https:\/\/www.webdo.tn\/fr\/blog\/australie-attaque-au-couteau-dans-un-centre-commercial-5-morts-et-8-blesses\/213528\/"},"modified":"2025-05-20T22:12:47","modified_gmt":"2025-05-20T22:12:47","slug":"australie-attaque-au-couteau-dans-un-centre-commercial-5-morts-et-8-blesses","status":"publish","type":"post","link":"https:\/\/www.webdo.tn\/fr\/actualite\/international\/australie-attaque-au-couteau-dans-un-centre-commercial-5-morts-et-8-blesses\/213528\/","title":{"rendered":"Australie : Attaque au couteau dans un centre commercial, 5 morts et 8 bless\u00e9s"},"content":{"rendered":"<p>Cinq personnes sont mortes poignard\u00e9es, ce samedi 13 avril 2024 dans un centre commercial de Sydney par un individu qui a \u00e9t\u00e9 abattu par la police.<\/p>\n<p>\t\t\t\t\t\t\t\t\tUn homme muni d\u2019un couteau a tu\u00e9 cinq personnes et en a bless\u00e9 huit autres dans une attaque au couteau qui a eu lieu dans un centre commercial de Sydney, le Bondi Junction Westfield, ce samedi 13 avril 2024.<\/p>\n<p>L&rsquo;assaillant a \u00e9t\u00e9 abattu par la police, mais cinq personnes sont mortes poignard\u00e9es et huit autres sont hospitalis\u00e9es dont un enfant.<\/p>\n<p>A l\u2019heure actuelle, la piste \u00ab\u00a0terroriste\u00a0\u00bb n&rsquo;est pas \u00e9cart\u00e9e par les autorit\u00e9s alors que la police australienne cherche encore le mobile de cet acte<\/p>\n<p>L&rsquo;assaillant semble avoir agi seul, a d\u00e9clar\u00e9 le Premier ministre australien Antony Albanese lors d&rsquo;une conf\u00e9rence de presse.<\/p>\n<p>Des images de cam\u00e9ras de surveillance diffus\u00e9es par des m\u00e9dias australiens ont montr\u00e9 un homme muni d&rsquo;un grand couteau courant dans le centre commercial, et des personnes bless\u00e9es gisant au sol.<\/p>\n<p>Ce type d&rsquo;attaque reste rare en Australie. Le 9 novembre 2018, un individu arm\u00e9 d&rsquo;un couteau avait tu\u00e9 une personne et en avait bless\u00e9 deux autres dans une rue de Melbourne avant d&rsquo;\u00eatre abattu par la police. Le crime avait \u00e9t\u00e9 revendiqu\u00e9 par le groupe Etat islamique (EI).<\/p>\n","protected":false},"excerpt":{"rendered":"<p>Un homme muni d\u2019un couteau a tu\u00e9 cinq personnes et en a bless\u00e9 huit autres dans une attaque au couteau qui a eu lieu dans un centre commercial de Sydney, le Bon&#8230;<\/p>\n","protected":false},"author":3162,"featured_media":290472,"comment_status":"open","ping_status":"closed","sticky":false,"template":"","format":"standard","meta":{"footnotes":""},"categories":[2598],"tags":[10119,3918,4499,7068,3208],"class_list":["post-213528","post","type-post","status-publish","format-standard","has-post-thumbnail","hentry","category-international","tag-sydney","tag-attaque","tag-australie","tag-couteau","tag-morts"],"yoast_head":"<!-- This site is optimized with the Yoast SEO Premium plugin v27.4 (Yoast SEO v27.5) - https:\/\/yoast.com\/product\/yoast-seo-premium-wordpress\/ -->\n<title>Australie : Attaque au couteau dans un centre commercial, 5 morts et 8 bless\u00e9s<\/title>\n<meta name=\"description\" content=\"Un homme muni d\u2019un couteau a tu\u00e9 cinq personnes et en a bless\u00e9 huit autres dans une attaque au couteau qui a eu lieu dans un centre commercial de Sydney, le Bon...\" \/>\n<link rel=\"canonical\" href=\"https:\/\/www.webdo.tn\/fr\/actualite\/international\/australie-attaque-au-couteau-dans-un-centre-commercial-5-morts-et-8-blesses\/213528\/\" \/>\n<meta property=\"og:locale\" content=\"fr_FR\" \/>\n<meta property=\"og:type\" content=\"article\" \/>\n<meta property=\"og:title\" content=\"Australie : Attaque au couteau dans un centre commercial, 5 morts et 8 bless\u00e9s\" \/>\n<meta property=\"og:description\" content=\"Un homme muni d\u2019un couteau a tu\u00e9 cinq personnes et en a bless\u00e9 huit autres dans une attaque au couteau qui a eu lieu dans un centre commercial de Sydney, le Bon...\" \/>\n<meta property=\"og:url\" content=\"https:\/\/www.webdo.tn\/fr\/actualite\/international\/australie-attaque-au-couteau-dans-un-centre-commercial-5-morts-et-8-blesses\/213528\/\" \/>\n<meta property=\"og:site_name\" content=\"webdo\" \/>\n<meta property=\"article:publisher\" content=\"https:\/\/www.facebook.com\/webdotn\" \/>\n<meta property=\"article:published_time\" content=\"2024-04-13T11:07:00+00:00\" \/>\n<meta property=\"article:modified_time\" content=\"2025-05-20T22:12:47+00:00\" \/>\n<meta property=\"og:image\" content=\"https:\/\/www.webdo.tn\/fr\/wp-content\/uploads\/2024\/04\/394b0dbfbae584f7d91cac205536d8d7.png\" \/>\n\t<meta property=\"og:image:width\" content=\"749\" \/>\n\t<meta property=\"og:image:height\" content=\"399\" \/>\n\t<meta property=\"og:image:type\" content=\"image\/png\" \/>\n<meta name=\"author\" content=\"MC\" \/>\n<meta name=\"twitter:card\" content=\"summary_large_image\" \/>\n<meta name=\"twitter:creator\" content=\"@webdo_tn\" \/>\n<meta name=\"twitter:site\" content=\"@webdo_tn\" \/>\n<meta name=\"twitter:label1\" content=\"\u00c9crit par\" \/>\n\t<meta name=\"twitter:data1\" content=\"MC\" \/>\n\t<meta name=\"twitter:label2\" content=\"Dur\u00e9e de lecture estim\u00e9e\" \/>\n\t<meta name=\"twitter:data2\" content=\"1 minute\" \/>\n<script type=\"application\/ld+json\" class=\"yoast-schema-graph\">{\"@context\":\"https:\\\/\\\/schema.org\",\"@graph\":[{\"@type\":\"NewsArticle\",\"@id\":\"https:\\\/\\\/www.webdo.tn\\\/fr\\\/actualite\\\/international\\\/australie-attaque-au-couteau-dans-un-centre-commercial-5-morts-et-8-blesses\\\/213528\\\/#article\",\"isPartOf\":{\"@id\":\"https:\\\/\\\/www.webdo.tn\\\/fr\\\/actualite\\\/international\\\/australie-attaque-au-couteau-dans-un-centre-commercial-5-morts-et-8-blesses\\\/213528\\\/\"},\"author\":{\"name\":\"MC\",\"@id\":\"https:\\\/\\\/www.webdo.tn\\\/fr\\\/#\\\/schema\\\/person\\\/2c4929cbf5a809e3bd38617c6ce150f6\"},\"headline\":\"Australie : Attaque au couteau dans un centre commercial, 5 morts et 8 bless\u00e9s\",\"datePublished\":\"2024-04-13T11:07:00+00:00\",\"dateModified\":\"2025-05-20T22:12:47+00:00\",\"mainEntityOfPage\":{\"@id\":\"https:\\\/\\\/www.webdo.tn\\\/fr\\\/actualite\\\/international\\\/australie-attaque-au-couteau-dans-un-centre-commercial-5-morts-et-8-blesses\\\/213528\\\/\"},\"wordCount\":234,\"commentCount\":0,\"publisher\":{\"@id\":\"https:\\\/\\\/www.webdo.tn\\\/fr\\\/#organization\"},\"image\":{\"@id\":\"https:\\\/\\\/www.webdo.tn\\\/fr\\\/actualite\\\/international\\\/australie-attaque-au-couteau-dans-un-centre-commercial-5-morts-et-8-blesses\\\/213528\\\/#primaryimage\"},\"thumbnailUrl\":\"https:\\\/\\\/www.webdo.tn\\\/fr\\\/wp-content\\\/uploads\\\/2024\\\/04\\\/394b0dbfbae584f7d91cac205536d8d7.png\",\"keywords\":[\"'sydney']\",\"attaque\",\"Australie\",\"couteau\",\"morts\"],\"articleSection\":[\"International\"],\"inLanguage\":\"fr-FR\"},{\"@type\":\"WebPage\",\"@id\":\"https:\\\/\\\/www.webdo.tn\\\/fr\\\/actualite\\\/international\\\/australie-attaque-au-couteau-dans-un-centre-commercial-5-morts-et-8-blesses\\\/213528\\\/\",\"url\":\"https:\\\/\\\/www.webdo.tn\\\/fr\\\/actualite\\\/international\\\/australie-attaque-au-couteau-dans-un-centre-commercial-5-morts-et-8-blesses\\\/213528\\\/\",\"name\":\"Australie : Attaque au couteau dans un centre commercial, 5 morts et 8 bless\u00e9s\",\"isPartOf\":{\"@id\":\"https:\\\/\\\/www.webdo.tn\\\/fr\\\/#website\"},\"primaryImageOfPage\":{\"@id\":\"https:\\\/\\\/www.webdo.tn\\\/fr\\\/actualite\\\/international\\\/australie-attaque-au-couteau-dans-un-centre-commercial-5-morts-et-8-blesses\\\/213528\\\/#primaryimage\"},\"image\":{\"@id\":\"https:\\\/\\\/www.webdo.tn\\\/fr\\\/actualite\\\/international\\\/australie-attaque-au-couteau-dans-un-centre-commercial-5-morts-et-8-blesses\\\/213528\\\/#primaryimage\"},\"thumbnailUrl\":\"https:\\\/\\\/www.webdo.tn\\\/fr\\\/wp-content\\\/uploads\\\/2024\\\/04\\\/394b0dbfbae584f7d91cac205536d8d7.png\",\"datePublished\":\"2024-04-13T11:07:00+00:00\",\"dateModified\":\"2025-05-20T22:12:47+00:00\",\"description\":\"Un homme muni d\u2019un couteau a tu\u00e9 cinq personnes et en a bless\u00e9 huit autres dans une attaque au couteau qui a eu lieu dans un centre commercial de Sydney, le Bon...\",\"breadcrumb\":{\"@id\":\"https:\\\/\\\/www.webdo.tn\\\/fr\\\/actualite\\\/international\\\/australie-attaque-au-couteau-dans-un-centre-commercial-5-morts-et-8-blesses\\\/213528\\\/#breadcrumb\"},\"inLanguage\":\"fr-FR\",\"potentialAction\":[{\"@type\":\"ReadAction\",\"target\":[\"https:\\\/\\\/www.webdo.tn\\\/fr\\\/actualite\\\/international\\\/australie-attaque-au-couteau-dans-un-centre-commercial-5-morts-et-8-blesses\\\/213528\\\/\"]}]},{\"@type\":\"ImageObject\",\"inLanguage\":\"fr-FR\",\"@id\":\"https:\\\/\\\/www.webdo.tn\\\/fr\\\/actualite\\\/international\\\/australie-attaque-au-couteau-dans-un-centre-commercial-5-morts-et-8-blesses\\\/213528\\\/#primaryimage\",\"url\":\"https:\\\/\\\/www.webdo.tn\\\/fr\\\/wp-content\\\/uploads\\\/2024\\\/04\\\/394b0dbfbae584f7d91cac205536d8d7.png\",\"contentUrl\":\"https:\\\/\\\/www.webdo.tn\\\/fr\\\/wp-content\\\/uploads\\\/2024\\\/04\\\/394b0dbfbae584f7d91cac205536d8d7.png\",\"width\":749,\"height\":399,\"caption\":\"Australie : Attaque au couteau dans un centre commercial, 5 morts et 8 bless\u00e9s\"},{\"@type\":\"BreadcrumbList\",\"@id\":\"https:\\\/\\\/www.webdo.tn\\\/fr\\\/actualite\\\/international\\\/australie-attaque-au-couteau-dans-un-centre-commercial-5-morts-et-8-blesses\\\/213528\\\/#breadcrumb\",\"itemListElement\":[{\"@type\":\"ListItem\",\"position\":1,\"name\":\"Accueil\",\"item\":\"https:\\\/\\\/www.webdo.tn\\\/fr\\\/\"},{\"@type\":\"ListItem\",\"position\":2,\"name\":\"Australie : Attaque au couteau dans un centre commercial, 5 morts et 8 bless\u00e9s\"}]},{\"@type\":\"WebSite\",\"@id\":\"https:\\\/\\\/www.webdo.tn\\\/fr\\\/#website\",\"url\":\"https:\\\/\\\/www.webdo.tn\\\/fr\\\/\",\"name\":\"webdo\",\"description\":\"Tunisie - News en Tunisie et \u00e0 l&#039;international sur Webdo.tn\",\"publisher\":{\"@id\":\"https:\\\/\\\/www.webdo.tn\\\/fr\\\/#organization\"},\"potentialAction\":[{\"@type\":\"SearchAction\",\"target\":{\"@type\":\"EntryPoint\",\"urlTemplate\":\"https:\\\/\\\/www.webdo.tn\\\/fr\\\/?s={search_term_string}\"},\"query-input\":{\"@type\":\"PropertyValueSpecification\",\"valueRequired\":true,\"valueName\":\"search_term_string\"}}],\"inLanguage\":\"fr-FR\"},{\"@type\":\"Organization\",\"@id\":\"https:\\\/\\\/www.webdo.tn\\\/fr\\\/#organization\",\"name\":\"Webdo\",\"alternateName\":\"Webdo.tn\",\"url\":\"https:\\\/\\\/www.webdo.tn\\\/fr\\\/\",\"logo\":{\"@type\":\"ImageObject\",\"inLanguage\":\"fr-FR\",\"@id\":\"https:\\\/\\\/www.webdo.tn\\\/fr\\\/#\\\/schema\\\/logo\\\/image\\\/\",\"url\":\"https:\\\/\\\/www.webdo.tn\\\/fr\\\/wp-content\\\/uploads\\\/2025\\\/06\\\/Webdo-Tunisie_168377.jpg\",\"contentUrl\":\"https:\\\/\\\/www.webdo.tn\\\/fr\\\/wp-content\\\/uploads\\\/2025\\\/06\\\/Webdo-Tunisie_168377.jpg\",\"width\":301,\"height\":301,\"caption\":\"Webdo\"},\"image\":{\"@id\":\"https:\\\/\\\/www.webdo.tn\\\/fr\\\/#\\\/schema\\\/logo\\\/image\\\/\"},\"sameAs\":[\"https:\\\/\\\/www.facebook.com\\\/webdotn\",\"https:\\\/\\\/x.com\\\/webdo_tn\"],\"description\":\"Webdo est un m\u00e9dia num\u00e9rique tunisien fond\u00e9 en 2010, sp\u00e9cialis\u00e9 dans l\u2019actualit\u00e9 nationale et internationale, l\u2019\u00e9conomie, la soci\u00e9t\u00e9 et les analyses politiques. Le site s\u2019adresse \u00e0 un large public francophone et couvre l\u2019information tunisienne en temps r\u00e9el.\",\"email\":\"redac@webdo.tn\",\"legalName\":\"YNJ SARL\",\"foundingDate\":\"2010-09-06\",\"numberOfEmployees\":{\"@type\":\"QuantitativeValue\",\"minValue\":\"11\",\"maxValue\":\"50\"}},{\"@type\":\"Person\",\"@id\":\"https:\\\/\\\/www.webdo.tn\\\/fr\\\/#\\\/schema\\\/person\\\/2c4929cbf5a809e3bd38617c6ce150f6\",\"name\":\"MC\",\"image\":{\"@type\":\"ImageObject\",\"inLanguage\":\"fr-FR\",\"@id\":\"https:\\\/\\\/secure.gravatar.com\\\/avatar\\\/a545bbb6f84efdd5553dbbc2895e3ca8f1d12c5215e00a041c9670b54aa9b18a?s=96&d=mm&r=g\",\"url\":\"https:\\\/\\\/secure.gravatar.com\\\/avatar\\\/a545bbb6f84efdd5553dbbc2895e3ca8f1d12c5215e00a041c9670b54aa9b18a?s=96&d=mm&r=g\",\"contentUrl\":\"https:\\\/\\\/secure.gravatar.com\\\/avatar\\\/a545bbb6f84efdd5553dbbc2895e3ca8f1d12c5215e00a041c9670b54aa9b18a?s=96&d=mm&r=g\",\"caption\":\"MC\"},\"url\":\"https:\\\/\\\/www.webdo.tn\\\/fr\\\/actualite\\\/author\\\/mc\\\/\"}]}<\/script>\n<!-- \/ Yoast SEO Premium plugin. -->","yoast_head_json":{"title":"Australie : Attaque au couteau dans un centre commercial, 5 morts et 8 bless\u00e9s","description":"Un homme muni d\u2019un couteau a tu\u00e9 cinq personnes et en a bless\u00e9 huit autres dans une attaque au couteau qui a eu lieu dans un centre commercial de Sydney, le Bon...","canonical":"https:\/\/www.webdo.tn\/fr\/actualite\/international\/australie-attaque-au-couteau-dans-un-centre-commercial-5-morts-et-8-blesses\/213528\/","og_locale":"fr_FR","og_type":"article","og_title":"Australie : Attaque au couteau dans un centre commercial, 5 morts et 8 bless\u00e9s","og_description":"Un homme muni d\u2019un couteau a tu\u00e9 cinq personnes et en a bless\u00e9 huit autres dans une attaque au couteau qui a eu lieu dans un centre commercial de Sydney, le Bon...","og_url":"https:\/\/www.webdo.tn\/fr\/actualite\/international\/australie-attaque-au-couteau-dans-un-centre-commercial-5-morts-et-8-blesses\/213528\/","og_site_name":"webdo","article_publisher":"https:\/\/www.facebook.com\/webdotn","article_published_time":"2024-04-13T11:07:00+00:00","article_modified_time":"2025-05-20T22:12:47+00:00","og_image":[{"width":749,"height":399,"url":"https:\/\/www.webdo.tn\/fr\/wp-content\/uploads\/2024\/04\/394b0dbfbae584f7d91cac205536d8d7.png","type":"image\/png"}],"author":"MC","twitter_card":"summary_large_image","twitter_creator":"@webdo_tn","twitter_site":"@webdo_tn","twitter_misc":{"\u00c9crit par":"MC","Dur\u00e9e de lecture estim\u00e9e":"1 minute"},"schema":{"@context":"https:\/\/schema.org","@graph":[{"@type":"NewsArticle","@id":"https:\/\/www.webdo.tn\/fr\/actualite\/international\/australie-attaque-au-couteau-dans-un-centre-commercial-5-morts-et-8-blesses\/213528\/#article","isPartOf":{"@id":"https:\/\/www.webdo.tn\/fr\/actualite\/international\/australie-attaque-au-couteau-dans-un-centre-commercial-5-morts-et-8-blesses\/213528\/"},"author":{"name":"MC","@id":"https:\/\/www.webdo.tn\/fr\/#\/schema\/person\/2c4929cbf5a809e3bd38617c6ce150f6"},"headline":"Australie : Attaque au couteau dans un centre commercial, 5 morts et 8 bless\u00e9s","datePublished":"2024-04-13T11:07:00+00:00","dateModified":"2025-05-20T22:12:47+00:00","mainEntityOfPage":{"@id":"https:\/\/www.webdo.tn\/fr\/actualite\/international\/australie-attaque-au-couteau-dans-un-centre-commercial-5-morts-et-8-blesses\/213528\/"},"wordCount":234,"commentCount":0,"publisher":{"@id":"https:\/\/www.webdo.tn\/fr\/#organization"},"image":{"@id":"https:\/\/www.webdo.tn\/fr\/actualite\/international\/australie-attaque-au-couteau-dans-un-centre-commercial-5-morts-et-8-blesses\/213528\/#primaryimage"},"thumbnailUrl":"https:\/\/www.webdo.tn\/fr\/wp-content\/uploads\/2024\/04\/394b0dbfbae584f7d91cac205536d8d7.png","keywords":["'sydney']","attaque","Australie","couteau","morts"],"articleSection":["International"],"inLanguage":"fr-FR"},{"@type":"WebPage","@id":"https:\/\/www.webdo.tn\/fr\/actualite\/international\/australie-attaque-au-couteau-dans-un-centre-commercial-5-morts-et-8-blesses\/213528\/","url":"https:\/\/www.webdo.tn\/fr\/actualite\/international\/australie-attaque-au-couteau-dans-un-centre-commercial-5-morts-et-8-blesses\/213528\/","name":"Australie : Attaque au couteau dans un centre commercial, 5 morts et 8 bless\u00e9s","isPartOf":{"@id":"https:\/\/www.webdo.tn\/fr\/#website"},"primaryImageOfPage":{"@id":"https:\/\/www.webdo.tn\/fr\/actualite\/international\/australie-attaque-au-couteau-dans-un-centre-commercial-5-morts-et-8-blesses\/213528\/#primaryimage"},"image":{"@id":"https:\/\/www.webdo.tn\/fr\/actualite\/international\/australie-attaque-au-couteau-dans-un-centre-commercial-5-morts-et-8-blesses\/213528\/#primaryimage"},"thumbnailUrl":"https:\/\/www.webdo.tn\/fr\/wp-content\/uploads\/2024\/04\/394b0dbfbae584f7d91cac205536d8d7.png","datePublished":"2024-04-13T11:07:00+00:00","dateModified":"2025-05-20T22:12:47+00:00","description":"Un homme muni d\u2019un couteau a tu\u00e9 cinq personnes et en a bless\u00e9 huit autres dans une attaque au couteau qui a eu lieu dans un centre commercial de Sydney, le Bon...","breadcrumb":{"@id":"https:\/\/www.webdo.tn\/fr\/actualite\/international\/australie-attaque-au-couteau-dans-un-centre-commercial-5-morts-et-8-blesses\/213528\/#breadcrumb"},"inLanguage":"fr-FR","potentialAction":[{"@type":"ReadAction","target":["https:\/\/www.webdo.tn\/fr\/actualite\/international\/australie-attaque-au-couteau-dans-un-centre-commercial-5-morts-et-8-blesses\/213528\/"]}]},{"@type":"ImageObject","inLanguage":"fr-FR","@id":"https:\/\/www.webdo.tn\/fr\/actualite\/international\/australie-attaque-au-couteau-dans-un-centre-commercial-5-morts-et-8-blesses\/213528\/#primaryimage","url":"https:\/\/www.webdo.tn\/fr\/wp-content\/uploads\/2024\/04\/394b0dbfbae584f7d91cac205536d8d7.png","contentUrl":"https:\/\/www.webdo.tn\/fr\/wp-content\/uploads\/2024\/04\/394b0dbfbae584f7d91cac205536d8d7.png","width":749,"height":399,"caption":"Australie : Attaque au couteau dans un centre commercial, 5 morts et 8 bless\u00e9s"},{"@type":"BreadcrumbList","@id":"https:\/\/www.webdo.tn\/fr\/actualite\/international\/australie-attaque-au-couteau-dans-un-centre-commercial-5-morts-et-8-blesses\/213528\/#breadcrumb","itemListElement":[{"@type":"ListItem","position":1,"name":"Accueil","item":"https:\/\/www.webdo.tn\/fr\/"},{"@type":"ListItem","position":2,"name":"Australie : Attaque au couteau dans un centre commercial, 5 morts et 8 bless\u00e9s"}]},{"@type":"WebSite","@id":"https:\/\/www.webdo.tn\/fr\/#website","url":"https:\/\/www.webdo.tn\/fr\/","name":"webdo","description":"Tunisie - News en Tunisie et \u00e0 l&#039;international sur Webdo.tn","publisher":{"@id":"https:\/\/www.webdo.tn\/fr\/#organization"},"potentialAction":[{"@type":"SearchAction","target":{"@type":"EntryPoint","urlTemplate":"https:\/\/www.webdo.tn\/fr\/?s={search_term_string}"},"query-input":{"@type":"PropertyValueSpecification","valueRequired":true,"valueName":"search_term_string"}}],"inLanguage":"fr-FR"},{"@type":"Organization","@id":"https:\/\/www.webdo.tn\/fr\/#organization","name":"Webdo","alternateName":"Webdo.tn","url":"https:\/\/www.webdo.tn\/fr\/","logo":{"@type":"ImageObject","inLanguage":"fr-FR","@id":"https:\/\/www.webdo.tn\/fr\/#\/schema\/logo\/image\/","url":"https:\/\/www.webdo.tn\/fr\/wp-content\/uploads\/2025\/06\/Webdo-Tunisie_168377.jpg","contentUrl":"https:\/\/www.webdo.tn\/fr\/wp-content\/uploads\/2025\/06\/Webdo-Tunisie_168377.jpg","width":301,"height":301,"caption":"Webdo"},"image":{"@id":"https:\/\/www.webdo.tn\/fr\/#\/schema\/logo\/image\/"},"sameAs":["https:\/\/www.facebook.com\/webdotn","https:\/\/x.com\/webdo_tn"],"description":"Webdo est un m\u00e9dia num\u00e9rique tunisien fond\u00e9 en 2010, sp\u00e9cialis\u00e9 dans l\u2019actualit\u00e9 nationale et internationale, l\u2019\u00e9conomie, la soci\u00e9t\u00e9 et les analyses politiques. Le site s\u2019adresse \u00e0 un large public francophone et couvre l\u2019information tunisienne en temps r\u00e9el.","email":"redac@webdo.tn","legalName":"YNJ SARL","foundingDate":"2010-09-06","numberOfEmployees":{"@type":"QuantitativeValue","minValue":"11","maxValue":"50"}},{"@type":"Person","@id":"https:\/\/www.webdo.tn\/fr\/#\/schema\/person\/2c4929cbf5a809e3bd38617c6ce150f6","name":"MC","image":{"@type":"ImageObject","inLanguage":"fr-FR","@id":"https:\/\/secure.gravatar.com\/avatar\/a545bbb6f84efdd5553dbbc2895e3ca8f1d12c5215e00a041c9670b54aa9b18a?s=96&d=mm&r=g","url":"https:\/\/secure.gravatar.com\/avatar\/a545bbb6f84efdd5553dbbc2895e3ca8f1d12c5215e00a041c9670b54aa9b18a?s=96&d=mm&r=g","contentUrl":"https:\/\/secure.gravatar.com\/avatar\/a545bbb6f84efdd5553dbbc2895e3ca8f1d12c5215e00a041c9670b54aa9b18a?s=96&d=mm&r=g","caption":"MC"},"url":"https:\/\/www.webdo.tn\/fr\/actualite\/author\/mc\/"}]}},"_links":{"self":[{"href":"https:\/\/www.webdo.tn\/fr\/wp-json\/wp\/v2\/posts\/213528","targetHints":{"allow":["GET"]}}],"collection":[{"href":"https:\/\/www.webdo.tn\/fr\/wp-json\/wp\/v2\/posts"}],"about":[{"href":"https:\/\/www.webdo.tn\/fr\/wp-json\/wp\/v2\/types\/post"}],"author":[{"embeddable":true,"href":"https:\/\/www.webdo.tn\/fr\/wp-json\/wp\/v2\/users\/3162"}],"replies":[{"embeddable":true,"href":"https:\/\/www.webdo.tn\/fr\/wp-json\/wp\/v2\/comments?post=213528"}],"version-history":[{"count":0,"href":"https:\/\/www.webdo.tn\/fr\/wp-json\/wp\/v2\/posts\/213528\/revisions"}],"wp:featuredmedia":[{"embeddable":true,"href":"https:\/\/www.webdo.tn\/fr\/wp-json\/wp\/v2\/media\/290472"}],"wp:attachment":[{"href":"https:\/\/www.webdo.tn\/fr\/wp-json\/wp\/v2\/media?parent=213528"}],"wp:term":[{"taxonomy":"category","embeddable":true,"href":"https:\/\/www.webdo.tn\/fr\/wp-json\/wp\/v2\/categories?post=213528"},{"taxonomy":"post_tag","embeddable":true,"href":"https:\/\/www.webdo.tn\/fr\/wp-json\/wp\/v2\/tags?post=213528"}],"curies":[{"name":"wp","href":"https:\/\/api.w.org\/{rel}","templated":true}]}}