{"id":213497,"date":"2024-04-12T09:05:00","date_gmt":"2024-04-12T09:05:00","guid":{"rendered":"https:\/\/www.webdo.tn\/fr\/blog\/tunisie-les-quantites-de-pluie-enregistrees-durant-les-dernieres-24h\/213497\/"},"modified":"2025-06-04T18:08:45","modified_gmt":"2025-06-04T18:08:45","slug":"tunisie-les-quantites-de-pluie-enregistrees-durant-les-dernieres-24h","status":"publish","type":"post","link":"https:\/\/www.webdo.tn\/fr\/actualite\/national\/tunisie-les-quantites-de-pluie-enregistrees-durant-les-dernieres-24h\/213497\/","title":{"rendered":"Tunisie : Les quantit\u00e9s de pluie enregistr\u00e9es durant les derni\u00e8res 24 heures"},"content":{"rendered":"<p>Des pluies abondantes se sont abattues sur la Tunisie ces derni\u00e8res 24 heures notamment sur les r\u00e9gions du sud-ouest.<\/p>\n<p>C\u2019est dans ce sens que l\u2019Institut national de la m\u00e9t\u00e9orologie (INM) a publi\u00e9 le bilan des quantit\u00e9s de pluies enregistr\u00e9es. Les deux gouvernorats de M\u00e9denine et de Tataouine sont les plus concern\u00e9s avec des quantit\u00e9s atteignant jusqu\u2019\u00e0 60 mm.\u00a0<\/p>\n<p>Aujourd\u2019hui vendredi, les pluies seront \u00e9galement abondantes dans les r\u00e9gions du sud et du centre ouest, puisque les quantit\u00e9s oscilleront entre 40 et 70 mm, toujours selon le bulletin \u00e9mis par l\u2019INM.<\/p>\n","protected":false},"excerpt":{"rendered":"<p>C\u2019est dans ce sens que l\u2019Institut national de la m\u00e9t\u00e9orologie (INM) a publi\u00e9 le bilan des quantit\u00e9s de pluies enregistr\u00e9es. Les deux gouvernorats de M\u00e9denine et&#8230;<\/p>\n","protected":false},"author":3162,"featured_media":247601,"comment_status":"open","ping_status":"closed","sticky":false,"template":"","format":"standard","meta":{"footnotes":""},"categories":[44],"tags":[3163,3739,3149,2608],"class_list":["post-213497","post","type-post","status-publish","format-standard","has-post-thumbnail","hentry","category-national","tag-pluies","tag-pluviometrie","tag-quantites","tag-tunisie"],"yoast_head":"<!-- This site is optimized with the Yoast SEO Premium plugin v27.5 (Yoast SEO v27.5) - https:\/\/yoast.com\/product\/yoast-seo-premium-wordpress\/ -->\n<title>Tunisie : Les quantit\u00e9s de pluie enregistr\u00e9es durant les derni\u00e8res 24 heures<\/title>\n<meta name=\"description\" content=\"C\u2019est dans ce sens que l\u2019Institut national de la m\u00e9t\u00e9orologie (INM) a publi\u00e9 le bilan des quantit\u00e9s de pluies enregistr\u00e9es. Les deux gouvernorats de M\u00e9denine et...\" \/>\n<link rel=\"canonical\" href=\"https:\/\/www.webdo.tn\/fr\/actualite\/national\/tunisie-les-quantites-de-pluie-enregistrees-durant-les-dernieres-24h\/213497\/\" \/>\n<meta property=\"og:locale\" content=\"fr_FR\" \/>\n<meta property=\"og:type\" content=\"article\" \/>\n<meta property=\"og:title\" content=\"Tunisie : Les quantit\u00e9s de pluie enregistr\u00e9es durant les derni\u00e8res 24 heures\" \/>\n<meta property=\"og:description\" content=\"C\u2019est dans ce sens que l\u2019Institut national de la m\u00e9t\u00e9orologie (INM) a publi\u00e9 le bilan des quantit\u00e9s de pluies enregistr\u00e9es. Les deux gouvernorats de M\u00e9denine et...\" \/>\n<meta property=\"og:url\" content=\"https:\/\/www.webdo.tn\/fr\/actualite\/national\/tunisie-les-quantites-de-pluie-enregistrees-durant-les-dernieres-24h\/213497\/\" \/>\n<meta property=\"og:site_name\" content=\"webdo\" \/>\n<meta property=\"article:publisher\" content=\"https:\/\/www.facebook.com\/webdotn\" \/>\n<meta property=\"article:published_time\" content=\"2024-04-12T09:05:00+00:00\" \/>\n<meta property=\"article:modified_time\" content=\"2025-06-04T18:08:45+00:00\" \/>\n<meta property=\"og:image\" content=\"https:\/\/www.webdo.tn\/fr\/wp-content\/uploads\/2024\/04\/f9ed84c3b2dfa821f0070964aded4162.jpg\" \/>\n\t<meta property=\"og:image:width\" content=\"750\" \/>\n\t<meta property=\"og:image:height\" content=\"400\" \/>\n\t<meta property=\"og:image:type\" content=\"image\/jpeg\" \/>\n<meta name=\"author\" content=\"MC\" \/>\n<meta name=\"twitter:card\" content=\"summary_large_image\" \/>\n<meta name=\"twitter:creator\" content=\"@webdo_tn\" \/>\n<meta name=\"twitter:site\" content=\"@webdo_tn\" \/>\n<meta name=\"twitter:label1\" content=\"\u00c9crit par\" \/>\n\t<meta name=\"twitter:data1\" content=\"MC\" \/>\n\t<meta name=\"twitter:label2\" content=\"Dur\u00e9e de lecture estim\u00e9e\" \/>\n\t<meta name=\"twitter:data2\" content=\"1 minute\" \/>\n<script type=\"application\/ld+json\" class=\"yoast-schema-graph\">{\"@context\":\"https:\\\/\\\/schema.org\",\"@graph\":[{\"@type\":\"NewsArticle\",\"@id\":\"https:\\\/\\\/www.webdo.tn\\\/fr\\\/actualite\\\/national\\\/tunisie-les-quantites-de-pluie-enregistrees-durant-les-dernieres-24h\\\/213497\\\/#article\",\"isPartOf\":{\"@id\":\"https:\\\/\\\/www.webdo.tn\\\/fr\\\/actualite\\\/national\\\/tunisie-les-quantites-de-pluie-enregistrees-durant-les-dernieres-24h\\\/213497\\\/\"},\"author\":{\"name\":\"MC\",\"@id\":\"https:\\\/\\\/www.webdo.tn\\\/fr\\\/#\\\/schema\\\/person\\\/2c4929cbf5a809e3bd38617c6ce150f6\"},\"headline\":\"Tunisie : Les quantit\u00e9s de pluie enregistr\u00e9es durant les derni\u00e8res 24 heures\",\"datePublished\":\"2024-04-12T09:05:00+00:00\",\"dateModified\":\"2025-06-04T18:08:45+00:00\",\"mainEntityOfPage\":{\"@id\":\"https:\\\/\\\/www.webdo.tn\\\/fr\\\/actualite\\\/national\\\/tunisie-les-quantites-de-pluie-enregistrees-durant-les-dernieres-24h\\\/213497\\\/\"},\"wordCount\":114,\"commentCount\":0,\"publisher\":{\"@id\":\"https:\\\/\\\/www.webdo.tn\\\/fr\\\/#organization\"},\"image\":{\"@id\":\"https:\\\/\\\/www.webdo.tn\\\/fr\\\/actualite\\\/national\\\/tunisie-les-quantites-de-pluie-enregistrees-durant-les-dernieres-24h\\\/213497\\\/#primaryimage\"},\"thumbnailUrl\":\"https:\\\/\\\/www.webdo.tn\\\/fr\\\/wp-content\\\/uploads\\\/2024\\\/04\\\/f9ed84c3b2dfa821f0070964aded4162.jpg\",\"keywords\":[\"pluies\",\"Pluviom\u00e9trie\",\"Quantit\u00e9s\",\"Tunisie\"],\"articleSection\":[\"National\"],\"inLanguage\":\"fr-FR\"},{\"@type\":\"WebPage\",\"@id\":\"https:\\\/\\\/www.webdo.tn\\\/fr\\\/actualite\\\/national\\\/tunisie-les-quantites-de-pluie-enregistrees-durant-les-dernieres-24h\\\/213497\\\/\",\"url\":\"https:\\\/\\\/www.webdo.tn\\\/fr\\\/actualite\\\/national\\\/tunisie-les-quantites-de-pluie-enregistrees-durant-les-dernieres-24h\\\/213497\\\/\",\"name\":\"Tunisie : Les quantit\u00e9s de pluie enregistr\u00e9es durant les derni\u00e8res 24 heures\",\"isPartOf\":{\"@id\":\"https:\\\/\\\/www.webdo.tn\\\/fr\\\/#website\"},\"primaryImageOfPage\":{\"@id\":\"https:\\\/\\\/www.webdo.tn\\\/fr\\\/actualite\\\/national\\\/tunisie-les-quantites-de-pluie-enregistrees-durant-les-dernieres-24h\\\/213497\\\/#primaryimage\"},\"image\":{\"@id\":\"https:\\\/\\\/www.webdo.tn\\\/fr\\\/actualite\\\/national\\\/tunisie-les-quantites-de-pluie-enregistrees-durant-les-dernieres-24h\\\/213497\\\/#primaryimage\"},\"thumbnailUrl\":\"https:\\\/\\\/www.webdo.tn\\\/fr\\\/wp-content\\\/uploads\\\/2024\\\/04\\\/f9ed84c3b2dfa821f0070964aded4162.jpg\",\"datePublished\":\"2024-04-12T09:05:00+00:00\",\"dateModified\":\"2025-06-04T18:08:45+00:00\",\"description\":\"C\u2019est dans ce sens que l\u2019Institut national de la m\u00e9t\u00e9orologie (INM) a publi\u00e9 le bilan des quantit\u00e9s de pluies enregistr\u00e9es. Les deux gouvernorats de M\u00e9denine et...\",\"breadcrumb\":{\"@id\":\"https:\\\/\\\/www.webdo.tn\\\/fr\\\/actualite\\\/national\\\/tunisie-les-quantites-de-pluie-enregistrees-durant-les-dernieres-24h\\\/213497\\\/#breadcrumb\"},\"inLanguage\":\"fr-FR\",\"potentialAction\":[{\"@type\":\"ReadAction\",\"target\":[\"https:\\\/\\\/www.webdo.tn\\\/fr\\\/actualite\\\/national\\\/tunisie-les-quantites-de-pluie-enregistrees-durant-les-dernieres-24h\\\/213497\\\/\"]}]},{\"@type\":\"ImageObject\",\"inLanguage\":\"fr-FR\",\"@id\":\"https:\\\/\\\/www.webdo.tn\\\/fr\\\/actualite\\\/national\\\/tunisie-les-quantites-de-pluie-enregistrees-durant-les-dernieres-24h\\\/213497\\\/#primaryimage\",\"url\":\"https:\\\/\\\/www.webdo.tn\\\/fr\\\/wp-content\\\/uploads\\\/2024\\\/04\\\/f9ed84c3b2dfa821f0070964aded4162.jpg\",\"contentUrl\":\"https:\\\/\\\/www.webdo.tn\\\/fr\\\/wp-content\\\/uploads\\\/2024\\\/04\\\/f9ed84c3b2dfa821f0070964aded4162.jpg\",\"width\":750,\"height\":400,\"caption\":\"Tunisie : Les quantit\u00e9s de pluie enregistr\u00e9es durant les derni\u00e8res 24 heures\"},{\"@type\":\"BreadcrumbList\",\"@id\":\"https:\\\/\\\/www.webdo.tn\\\/fr\\\/actualite\\\/national\\\/tunisie-les-quantites-de-pluie-enregistrees-durant-les-dernieres-24h\\\/213497\\\/#breadcrumb\",\"itemListElement\":[{\"@type\":\"ListItem\",\"position\":1,\"name\":\"Accueil\",\"item\":\"https:\\\/\\\/www.webdo.tn\\\/fr\\\/\"},{\"@type\":\"ListItem\",\"position\":2,\"name\":\"Tunisie : Les quantit\u00e9s de pluie enregistr\u00e9es durant les derni\u00e8res 24 heures\"}]},{\"@type\":\"WebSite\",\"@id\":\"https:\\\/\\\/www.webdo.tn\\\/fr\\\/#website\",\"url\":\"https:\\\/\\\/www.webdo.tn\\\/fr\\\/\",\"name\":\"webdo\",\"description\":\"Tunisie - News en Tunisie et \u00e0 l&#039;international sur Webdo.tn\",\"publisher\":{\"@id\":\"https:\\\/\\\/www.webdo.tn\\\/fr\\\/#organization\"},\"potentialAction\":[{\"@type\":\"SearchAction\",\"target\":{\"@type\":\"EntryPoint\",\"urlTemplate\":\"https:\\\/\\\/www.webdo.tn\\\/fr\\\/?s={search_term_string}\"},\"query-input\":{\"@type\":\"PropertyValueSpecification\",\"valueRequired\":true,\"valueName\":\"search_term_string\"}}],\"inLanguage\":\"fr-FR\"},{\"@type\":\"Organization\",\"@id\":\"https:\\\/\\\/www.webdo.tn\\\/fr\\\/#organization\",\"name\":\"Webdo\",\"alternateName\":\"Webdo.tn\",\"url\":\"https:\\\/\\\/www.webdo.tn\\\/fr\\\/\",\"logo\":{\"@type\":\"ImageObject\",\"inLanguage\":\"fr-FR\",\"@id\":\"https:\\\/\\\/www.webdo.tn\\\/fr\\\/#\\\/schema\\\/logo\\\/image\\\/\",\"url\":\"https:\\\/\\\/www.webdo.tn\\\/fr\\\/wp-content\\\/uploads\\\/2025\\\/06\\\/Webdo-Tunisie_168377.jpg\",\"contentUrl\":\"https:\\\/\\\/www.webdo.tn\\\/fr\\\/wp-content\\\/uploads\\\/2025\\\/06\\\/Webdo-Tunisie_168377.jpg\",\"width\":301,\"height\":301,\"caption\":\"Webdo\"},\"image\":{\"@id\":\"https:\\\/\\\/www.webdo.tn\\\/fr\\\/#\\\/schema\\\/logo\\\/image\\\/\"},\"sameAs\":[\"https:\\\/\\\/www.facebook.com\\\/webdotn\",\"https:\\\/\\\/x.com\\\/webdo_tn\"],\"description\":\"Webdo est un m\u00e9dia num\u00e9rique tunisien fond\u00e9 en 2010, sp\u00e9cialis\u00e9 dans l\u2019actualit\u00e9 nationale et internationale, l\u2019\u00e9conomie, la soci\u00e9t\u00e9 et les analyses politiques. Le site s\u2019adresse \u00e0 un large public francophone et couvre l\u2019information tunisienne en temps r\u00e9el.\",\"email\":\"redac@webdo.tn\",\"legalName\":\"YNJ SARL\",\"foundingDate\":\"2010-09-06\",\"numberOfEmployees\":{\"@type\":\"QuantitativeValue\",\"minValue\":\"11\",\"maxValue\":\"50\"}},{\"@type\":\"Person\",\"@id\":\"https:\\\/\\\/www.webdo.tn\\\/fr\\\/#\\\/schema\\\/person\\\/2c4929cbf5a809e3bd38617c6ce150f6\",\"name\":\"MC\",\"image\":{\"@type\":\"ImageObject\",\"inLanguage\":\"fr-FR\",\"@id\":\"https:\\\/\\\/secure.gravatar.com\\\/avatar\\\/a545bbb6f84efdd5553dbbc2895e3ca8f1d12c5215e00a041c9670b54aa9b18a?s=96&d=mm&r=g\",\"url\":\"https:\\\/\\\/secure.gravatar.com\\\/avatar\\\/a545bbb6f84efdd5553dbbc2895e3ca8f1d12c5215e00a041c9670b54aa9b18a?s=96&d=mm&r=g\",\"contentUrl\":\"https:\\\/\\\/secure.gravatar.com\\\/avatar\\\/a545bbb6f84efdd5553dbbc2895e3ca8f1d12c5215e00a041c9670b54aa9b18a?s=96&d=mm&r=g\",\"caption\":\"MC\"},\"url\":\"https:\\\/\\\/www.webdo.tn\\\/fr\\\/actualite\\\/author\\\/mc\\\/\"}]}<\/script>\n<!-- \/ Yoast SEO Premium plugin. -->","yoast_head_json":{"title":"Tunisie : Les quantit\u00e9s de pluie enregistr\u00e9es durant les derni\u00e8res 24 heures","description":"C\u2019est dans ce sens que l\u2019Institut national de la m\u00e9t\u00e9orologie (INM) a publi\u00e9 le bilan des quantit\u00e9s de pluies enregistr\u00e9es. Les deux gouvernorats de M\u00e9denine et...","canonical":"https:\/\/www.webdo.tn\/fr\/actualite\/national\/tunisie-les-quantites-de-pluie-enregistrees-durant-les-dernieres-24h\/213497\/","og_locale":"fr_FR","og_type":"article","og_title":"Tunisie : Les quantit\u00e9s de pluie enregistr\u00e9es durant les derni\u00e8res 24 heures","og_description":"C\u2019est dans ce sens que l\u2019Institut national de la m\u00e9t\u00e9orologie (INM) a publi\u00e9 le bilan des quantit\u00e9s de pluies enregistr\u00e9es. Les deux gouvernorats de M\u00e9denine et...","og_url":"https:\/\/www.webdo.tn\/fr\/actualite\/national\/tunisie-les-quantites-de-pluie-enregistrees-durant-les-dernieres-24h\/213497\/","og_site_name":"webdo","article_publisher":"https:\/\/www.facebook.com\/webdotn","article_published_time":"2024-04-12T09:05:00+00:00","article_modified_time":"2025-06-04T18:08:45+00:00","og_image":[{"width":750,"height":400,"url":"https:\/\/www.webdo.tn\/fr\/wp-content\/uploads\/2024\/04\/f9ed84c3b2dfa821f0070964aded4162.jpg","type":"image\/jpeg"}],"author":"MC","twitter_card":"summary_large_image","twitter_creator":"@webdo_tn","twitter_site":"@webdo_tn","twitter_misc":{"\u00c9crit par":"MC","Dur\u00e9e de lecture estim\u00e9e":"1 minute"},"schema":{"@context":"https:\/\/schema.org","@graph":[{"@type":"NewsArticle","@id":"https:\/\/www.webdo.tn\/fr\/actualite\/national\/tunisie-les-quantites-de-pluie-enregistrees-durant-les-dernieres-24h\/213497\/#article","isPartOf":{"@id":"https:\/\/www.webdo.tn\/fr\/actualite\/national\/tunisie-les-quantites-de-pluie-enregistrees-durant-les-dernieres-24h\/213497\/"},"author":{"name":"MC","@id":"https:\/\/www.webdo.tn\/fr\/#\/schema\/person\/2c4929cbf5a809e3bd38617c6ce150f6"},"headline":"Tunisie : Les quantit\u00e9s de pluie enregistr\u00e9es durant les derni\u00e8res 24 heures","datePublished":"2024-04-12T09:05:00+00:00","dateModified":"2025-06-04T18:08:45+00:00","mainEntityOfPage":{"@id":"https:\/\/www.webdo.tn\/fr\/actualite\/national\/tunisie-les-quantites-de-pluie-enregistrees-durant-les-dernieres-24h\/213497\/"},"wordCount":114,"commentCount":0,"publisher":{"@id":"https:\/\/www.webdo.tn\/fr\/#organization"},"image":{"@id":"https:\/\/www.webdo.tn\/fr\/actualite\/national\/tunisie-les-quantites-de-pluie-enregistrees-durant-les-dernieres-24h\/213497\/#primaryimage"},"thumbnailUrl":"https:\/\/www.webdo.tn\/fr\/wp-content\/uploads\/2024\/04\/f9ed84c3b2dfa821f0070964aded4162.jpg","keywords":["pluies","Pluviom\u00e9trie","Quantit\u00e9s","Tunisie"],"articleSection":["National"],"inLanguage":"fr-FR"},{"@type":"WebPage","@id":"https:\/\/www.webdo.tn\/fr\/actualite\/national\/tunisie-les-quantites-de-pluie-enregistrees-durant-les-dernieres-24h\/213497\/","url":"https:\/\/www.webdo.tn\/fr\/actualite\/national\/tunisie-les-quantites-de-pluie-enregistrees-durant-les-dernieres-24h\/213497\/","name":"Tunisie : Les quantit\u00e9s de pluie enregistr\u00e9es durant les derni\u00e8res 24 heures","isPartOf":{"@id":"https:\/\/www.webdo.tn\/fr\/#website"},"primaryImageOfPage":{"@id":"https:\/\/www.webdo.tn\/fr\/actualite\/national\/tunisie-les-quantites-de-pluie-enregistrees-durant-les-dernieres-24h\/213497\/#primaryimage"},"image":{"@id":"https:\/\/www.webdo.tn\/fr\/actualite\/national\/tunisie-les-quantites-de-pluie-enregistrees-durant-les-dernieres-24h\/213497\/#primaryimage"},"thumbnailUrl":"https:\/\/www.webdo.tn\/fr\/wp-content\/uploads\/2024\/04\/f9ed84c3b2dfa821f0070964aded4162.jpg","datePublished":"2024-04-12T09:05:00+00:00","dateModified":"2025-06-04T18:08:45+00:00","description":"C\u2019est dans ce sens que l\u2019Institut national de la m\u00e9t\u00e9orologie (INM) a publi\u00e9 le bilan des quantit\u00e9s de pluies enregistr\u00e9es. Les deux gouvernorats de M\u00e9denine et...","breadcrumb":{"@id":"https:\/\/www.webdo.tn\/fr\/actualite\/national\/tunisie-les-quantites-de-pluie-enregistrees-durant-les-dernieres-24h\/213497\/#breadcrumb"},"inLanguage":"fr-FR","potentialAction":[{"@type":"ReadAction","target":["https:\/\/www.webdo.tn\/fr\/actualite\/national\/tunisie-les-quantites-de-pluie-enregistrees-durant-les-dernieres-24h\/213497\/"]}]},{"@type":"ImageObject","inLanguage":"fr-FR","@id":"https:\/\/www.webdo.tn\/fr\/actualite\/national\/tunisie-les-quantites-de-pluie-enregistrees-durant-les-dernieres-24h\/213497\/#primaryimage","url":"https:\/\/www.webdo.tn\/fr\/wp-content\/uploads\/2024\/04\/f9ed84c3b2dfa821f0070964aded4162.jpg","contentUrl":"https:\/\/www.webdo.tn\/fr\/wp-content\/uploads\/2024\/04\/f9ed84c3b2dfa821f0070964aded4162.jpg","width":750,"height":400,"caption":"Tunisie : Les quantit\u00e9s de pluie enregistr\u00e9es durant les derni\u00e8res 24 heures"},{"@type":"BreadcrumbList","@id":"https:\/\/www.webdo.tn\/fr\/actualite\/national\/tunisie-les-quantites-de-pluie-enregistrees-durant-les-dernieres-24h\/213497\/#breadcrumb","itemListElement":[{"@type":"ListItem","position":1,"name":"Accueil","item":"https:\/\/www.webdo.tn\/fr\/"},{"@type":"ListItem","position":2,"name":"Tunisie : Les quantit\u00e9s de pluie enregistr\u00e9es durant les derni\u00e8res 24 heures"}]},{"@type":"WebSite","@id":"https:\/\/www.webdo.tn\/fr\/#website","url":"https:\/\/www.webdo.tn\/fr\/","name":"webdo","description":"Tunisie - News en Tunisie et \u00e0 l&#039;international sur Webdo.tn","publisher":{"@id":"https:\/\/www.webdo.tn\/fr\/#organization"},"potentialAction":[{"@type":"SearchAction","target":{"@type":"EntryPoint","urlTemplate":"https:\/\/www.webdo.tn\/fr\/?s={search_term_string}"},"query-input":{"@type":"PropertyValueSpecification","valueRequired":true,"valueName":"search_term_string"}}],"inLanguage":"fr-FR"},{"@type":"Organization","@id":"https:\/\/www.webdo.tn\/fr\/#organization","name":"Webdo","alternateName":"Webdo.tn","url":"https:\/\/www.webdo.tn\/fr\/","logo":{"@type":"ImageObject","inLanguage":"fr-FR","@id":"https:\/\/www.webdo.tn\/fr\/#\/schema\/logo\/image\/","url":"https:\/\/www.webdo.tn\/fr\/wp-content\/uploads\/2025\/06\/Webdo-Tunisie_168377.jpg","contentUrl":"https:\/\/www.webdo.tn\/fr\/wp-content\/uploads\/2025\/06\/Webdo-Tunisie_168377.jpg","width":301,"height":301,"caption":"Webdo"},"image":{"@id":"https:\/\/www.webdo.tn\/fr\/#\/schema\/logo\/image\/"},"sameAs":["https:\/\/www.facebook.com\/webdotn","https:\/\/x.com\/webdo_tn"],"description":"Webdo est un m\u00e9dia num\u00e9rique tunisien fond\u00e9 en 2010, sp\u00e9cialis\u00e9 dans l\u2019actualit\u00e9 nationale et internationale, l\u2019\u00e9conomie, la soci\u00e9t\u00e9 et les analyses politiques. Le site s\u2019adresse \u00e0 un large public francophone et couvre l\u2019information tunisienne en temps r\u00e9el.","email":"redac@webdo.tn","legalName":"YNJ SARL","foundingDate":"2010-09-06","numberOfEmployees":{"@type":"QuantitativeValue","minValue":"11","maxValue":"50"}},{"@type":"Person","@id":"https:\/\/www.webdo.tn\/fr\/#\/schema\/person\/2c4929cbf5a809e3bd38617c6ce150f6","name":"MC","image":{"@type":"ImageObject","inLanguage":"fr-FR","@id":"https:\/\/secure.gravatar.com\/avatar\/a545bbb6f84efdd5553dbbc2895e3ca8f1d12c5215e00a041c9670b54aa9b18a?s=96&d=mm&r=g","url":"https:\/\/secure.gravatar.com\/avatar\/a545bbb6f84efdd5553dbbc2895e3ca8f1d12c5215e00a041c9670b54aa9b18a?s=96&d=mm&r=g","contentUrl":"https:\/\/secure.gravatar.com\/avatar\/a545bbb6f84efdd5553dbbc2895e3ca8f1d12c5215e00a041c9670b54aa9b18a?s=96&d=mm&r=g","caption":"MC"},"url":"https:\/\/www.webdo.tn\/fr\/actualite\/author\/mc\/"}]}},"_links":{"self":[{"href":"https:\/\/www.webdo.tn\/fr\/wp-json\/wp\/v2\/posts\/213497","targetHints":{"allow":["GET"]}}],"collection":[{"href":"https:\/\/www.webdo.tn\/fr\/wp-json\/wp\/v2\/posts"}],"about":[{"href":"https:\/\/www.webdo.tn\/fr\/wp-json\/wp\/v2\/types\/post"}],"author":[{"embeddable":true,"href":"https:\/\/www.webdo.tn\/fr\/wp-json\/wp\/v2\/users\/3162"}],"replies":[{"embeddable":true,"href":"https:\/\/www.webdo.tn\/fr\/wp-json\/wp\/v2\/comments?post=213497"}],"version-history":[{"count":0,"href":"https:\/\/www.webdo.tn\/fr\/wp-json\/wp\/v2\/posts\/213497\/revisions"}],"wp:featuredmedia":[{"embeddable":true,"href":"https:\/\/www.webdo.tn\/fr\/wp-json\/wp\/v2\/media\/247601"}],"wp:attachment":[{"href":"https:\/\/www.webdo.tn\/fr\/wp-json\/wp\/v2\/media?parent=213497"}],"wp:term":[{"taxonomy":"category","embeddable":true,"href":"https:\/\/www.webdo.tn\/fr\/wp-json\/wp\/v2\/categories?post=213497"},{"taxonomy":"post_tag","embeddable":true,"href":"https:\/\/www.webdo.tn\/fr\/wp-json\/wp\/v2\/tags?post=213497"}],"curies":[{"name":"wp","href":"https:\/\/api.w.org\/{rel}","templated":true}]}}