{"id":213496,"date":"2024-04-12T08:30:00","date_gmt":"2024-04-12T08:30:00","guid":{"rendered":"https:\/\/www.webdo.tn\/fr\/blog\/quatre-tunisiens-evacues-de-haiti\/213496\/"},"modified":"2025-05-20T22:53:39","modified_gmt":"2025-05-20T22:53:39","slug":"quatre-tunisiens-evacues-de-haiti","status":"publish","type":"post","link":"https:\/\/www.webdo.tn\/fr\/actualite\/international\/quatre-tunisiens-evacues-de-haiti\/213496\/","title":{"rendered":"Quatre Tunisiens \u00e9vacu\u00e9s de Ha\u00efti"},"content":{"rendered":"<p>Suite \u00e0 la d\u00e9t\u00e9rioration continue de la situation s\u00e9curitaire dans la capitale ha\u00eftienne, Port-au-Prince, et en r\u00e9ponse \u00e0 la demande d&rsquo;un citoyen tunisien de quitter le pays, les ambassades tunisiens au Canada, aux \u00c9tats-Unis, en Italie et la mission permanente \u00e0 New York ont intensifi\u00e9 leurs efforts en contactant les autorit\u00e9s de plusieurs pays afin de s\u00e9curiser son transfert vers un lieu s\u00fbr loin de la capitale ha\u00eftienne et son retour au pays, selon un communiqu\u00e9 du minist\u00e8re des Affaires \u00e9trang\u00e8res, de l&rsquo;Immigration et des Tunisiens \u00e0 l&rsquo;\u00e9tranger.\u00a0<\/p>\n<p>\t\t\t\t\t\t\t\t\t\u00ab Gr\u00e2ce aux efforts continus de notre mission diplomatique \u00e0 Ottawa, le 7 avril 2024, dans une premi\u00e8re \u00e9tape, le citoyen tunisien a \u00e9t\u00e9 \u00e9vacu\u00e9 \u00e0 bord d&rsquo;un h\u00e9licopt\u00e8re canadien, accompagn\u00e9 de plusieurs citoyens canado-ha\u00eftiens, vers la ville de Cap Ha\u00eftien, la plus s\u00fbre du nord d&rsquo;Ha\u00efti. Le 10 avril 2024, il a \u00e9galement re\u00e7u un visa d&rsquo;entr\u00e9e en R\u00e9publique dominicaine, lui permettant ainsi d&rsquo;arriver le 11 avril 2024 par voie terrestre en R\u00e9publique dominicaine. Il devrait quitter le pays dans les prochains jours en direction de la Tunisie via Paris \u00bb, a-t-on communiqu\u00e9.\u00a0<\/p>\n<p>Le minist\u00e8re des Affaires \u00e9trang\u00e8res, de l&rsquo;Immigration et des Tunisiens \u00e0 l&rsquo;\u00e9tranger a exprim\u00e9 ses remerciements et sa gratitude pour la r\u00e9ponse rapide des autorit\u00e9s canadiennes et leur coop\u00e9ration dans l&rsquo;\u00e9vacuation du citoyen tunisien, ainsi que pour les autorit\u00e9s ha\u00eftiennes et dominicaines pour avoir facilit\u00e9 le passage s\u00e9curis\u00e9 et les proc\u00e9dures de transit sur leur territoire.\u00a0<\/p>\n<p>Il convient de mentionner \u00e0 cet \u00e9gard que le minist\u00e8re a r\u00e9ussi, lors d&rsquo;une premi\u00e8re occasion, \u00e0 \u00e9vacuer trois citoyens tunisiens le 25 mars 2024 d&rsquo;Ha\u00efti en collaboration avec les autorit\u00e9s fran\u00e7aises.<\/p>\n<p>Ha\u00efti plonge dans l\u2019inconnu. Fin f\u00e9vrier, les puissants chefs de gangs ha\u00eftiens, qui contr\u00f4lent aujourd\u2019hui une grande partie de la capitale Port-au-Prince, se sont associ\u00e9s pour attaquer postes de police, prisons, a\u00e9roport, et port maritime afin de pousser \u00e0 la sortie le Premier ministre Ariel Henry.<\/p>\n","protected":false},"excerpt":{"rendered":"<p>\u00ab Gr\u00e2ce aux efforts continus de notre mission diplomatique \u00e0 Ottawa, le 7 avril 2024, dans une premi\u00e8re \u00e9tape, le citoyen tunisien a \u00e9t\u00e9 \u00e9vacu\u00e9 \u00e0 bord d&rsquo;un h\u00e9li&#8230;<\/p>\n","protected":false},"author":3175,"featured_media":290471,"comment_status":"open","ping_status":"closed","sticky":false,"template":"","format":"standard","meta":{"footnotes":""},"categories":[2598],"tags":[10118,4635,2840,3317],"class_list":["post-213496","post","type-post","status-publish","format-standard","has-post-thumbnail","hentry","category-international","tag-haiti","tag-evacuation","tag-securite","tag-tunisiens"],"yoast_head":"<!-- This site is optimized with the Yoast SEO Premium plugin v27.4 (Yoast SEO v27.5) - https:\/\/yoast.com\/product\/yoast-seo-premium-wordpress\/ -->\n<title>Quatre Tunisiens \u00e9vacu\u00e9s de Ha\u00efti<\/title>\n<meta name=\"description\" content=\"\u00ab Gr\u00e2ce aux efforts continus de notre mission diplomatique \u00e0 Ottawa, le 7 avril 2024, dans une premi\u00e8re \u00e9tape, le citoyen tunisien a \u00e9t\u00e9 \u00e9vacu\u00e9 \u00e0 bord d&#039;un h\u00e9li...\" \/>\n<link rel=\"canonical\" href=\"https:\/\/www.webdo.tn\/fr\/actualite\/international\/quatre-tunisiens-evacues-de-haiti\/213496\/\" \/>\n<meta property=\"og:locale\" content=\"fr_FR\" \/>\n<meta property=\"og:type\" content=\"article\" \/>\n<meta property=\"og:title\" content=\"Quatre Tunisiens \u00e9vacu\u00e9s de Ha\u00efti\" \/>\n<meta property=\"og:description\" content=\"\u00ab Gr\u00e2ce aux efforts continus de notre mission diplomatique \u00e0 Ottawa, le 7 avril 2024, dans une premi\u00e8re \u00e9tape, le citoyen tunisien a \u00e9t\u00e9 \u00e9vacu\u00e9 \u00e0 bord d&#039;un h\u00e9li...\" \/>\n<meta property=\"og:url\" content=\"https:\/\/www.webdo.tn\/fr\/actualite\/international\/quatre-tunisiens-evacues-de-haiti\/213496\/\" \/>\n<meta property=\"og:site_name\" content=\"webdo\" \/>\n<meta property=\"article:publisher\" content=\"https:\/\/www.facebook.com\/webdotn\" \/>\n<meta property=\"article:published_time\" content=\"2024-04-12T08:30:00+00:00\" \/>\n<meta property=\"article:modified_time\" content=\"2025-05-20T22:53:39+00:00\" \/>\n<meta property=\"og:image\" content=\"https:\/\/www.webdo.tn\/fr\/wp-content\/uploads\/2024\/04\/fb453ebb1bf72892c11e64b2ed048469.jpg\" \/>\n\t<meta property=\"og:image:width\" content=\"750\" \/>\n\t<meta property=\"og:image:height\" content=\"400\" \/>\n\t<meta property=\"og:image:type\" content=\"image\/jpeg\" \/>\n<meta name=\"author\" content=\"CL\" \/>\n<meta name=\"twitter:card\" content=\"summary_large_image\" \/>\n<meta name=\"twitter:creator\" content=\"@webdo_tn\" \/>\n<meta name=\"twitter:site\" content=\"@webdo_tn\" \/>\n<meta name=\"twitter:label1\" content=\"\u00c9crit par\" \/>\n\t<meta name=\"twitter:data1\" content=\"CL\" \/>\n\t<meta name=\"twitter:label2\" content=\"Dur\u00e9e de lecture estim\u00e9e\" \/>\n\t<meta name=\"twitter:data2\" content=\"2 minutes\" \/>\n<script type=\"application\/ld+json\" class=\"yoast-schema-graph\">{\"@context\":\"https:\\\/\\\/schema.org\",\"@graph\":[{\"@type\":\"NewsArticle\",\"@id\":\"https:\\\/\\\/www.webdo.tn\\\/fr\\\/actualite\\\/international\\\/quatre-tunisiens-evacues-de-haiti\\\/213496\\\/#article\",\"isPartOf\":{\"@id\":\"https:\\\/\\\/www.webdo.tn\\\/fr\\\/actualite\\\/international\\\/quatre-tunisiens-evacues-de-haiti\\\/213496\\\/\"},\"author\":{\"name\":\"CL\",\"@id\":\"https:\\\/\\\/www.webdo.tn\\\/fr\\\/#\\\/schema\\\/person\\\/f35b42a42c5e2511bbd282959d6385cc\"},\"headline\":\"Quatre Tunisiens \u00e9vacu\u00e9s de Ha\u00efti\",\"datePublished\":\"2024-04-12T08:30:00+00:00\",\"dateModified\":\"2025-05-20T22:53:39+00:00\",\"mainEntityOfPage\":{\"@id\":\"https:\\\/\\\/www.webdo.tn\\\/fr\\\/actualite\\\/international\\\/quatre-tunisiens-evacues-de-haiti\\\/213496\\\/\"},\"wordCount\":361,\"commentCount\":0,\"publisher\":{\"@id\":\"https:\\\/\\\/www.webdo.tn\\\/fr\\\/#organization\"},\"image\":{\"@id\":\"https:\\\/\\\/www.webdo.tn\\\/fr\\\/actualite\\\/international\\\/quatre-tunisiens-evacues-de-haiti\\\/213496\\\/#primaryimage\"},\"thumbnailUrl\":\"https:\\\/\\\/www.webdo.tn\\\/fr\\\/wp-content\\\/uploads\\\/2024\\\/04\\\/fb453ebb1bf72892c11e64b2ed048469.jpg\",\"keywords\":[\"'Ha\u00efti']\",\"\u00e9vacuation\",\"s\u00e9curit\u00e9\",\"Tunisiens\"],\"articleSection\":[\"International\"],\"inLanguage\":\"fr-FR\"},{\"@type\":\"WebPage\",\"@id\":\"https:\\\/\\\/www.webdo.tn\\\/fr\\\/actualite\\\/international\\\/quatre-tunisiens-evacues-de-haiti\\\/213496\\\/\",\"url\":\"https:\\\/\\\/www.webdo.tn\\\/fr\\\/actualite\\\/international\\\/quatre-tunisiens-evacues-de-haiti\\\/213496\\\/\",\"name\":\"Quatre Tunisiens \u00e9vacu\u00e9s de Ha\u00efti\",\"isPartOf\":{\"@id\":\"https:\\\/\\\/www.webdo.tn\\\/fr\\\/#website\"},\"primaryImageOfPage\":{\"@id\":\"https:\\\/\\\/www.webdo.tn\\\/fr\\\/actualite\\\/international\\\/quatre-tunisiens-evacues-de-haiti\\\/213496\\\/#primaryimage\"},\"image\":{\"@id\":\"https:\\\/\\\/www.webdo.tn\\\/fr\\\/actualite\\\/international\\\/quatre-tunisiens-evacues-de-haiti\\\/213496\\\/#primaryimage\"},\"thumbnailUrl\":\"https:\\\/\\\/www.webdo.tn\\\/fr\\\/wp-content\\\/uploads\\\/2024\\\/04\\\/fb453ebb1bf72892c11e64b2ed048469.jpg\",\"datePublished\":\"2024-04-12T08:30:00+00:00\",\"dateModified\":\"2025-05-20T22:53:39+00:00\",\"description\":\"\u00ab Gr\u00e2ce aux efforts continus de notre mission diplomatique \u00e0 Ottawa, le 7 avril 2024, dans une premi\u00e8re \u00e9tape, le citoyen tunisien a \u00e9t\u00e9 \u00e9vacu\u00e9 \u00e0 bord d'un h\u00e9li...\",\"breadcrumb\":{\"@id\":\"https:\\\/\\\/www.webdo.tn\\\/fr\\\/actualite\\\/international\\\/quatre-tunisiens-evacues-de-haiti\\\/213496\\\/#breadcrumb\"},\"inLanguage\":\"fr-FR\",\"potentialAction\":[{\"@type\":\"ReadAction\",\"target\":[\"https:\\\/\\\/www.webdo.tn\\\/fr\\\/actualite\\\/international\\\/quatre-tunisiens-evacues-de-haiti\\\/213496\\\/\"]}]},{\"@type\":\"ImageObject\",\"inLanguage\":\"fr-FR\",\"@id\":\"https:\\\/\\\/www.webdo.tn\\\/fr\\\/actualite\\\/international\\\/quatre-tunisiens-evacues-de-haiti\\\/213496\\\/#primaryimage\",\"url\":\"https:\\\/\\\/www.webdo.tn\\\/fr\\\/wp-content\\\/uploads\\\/2024\\\/04\\\/fb453ebb1bf72892c11e64b2ed048469.jpg\",\"contentUrl\":\"https:\\\/\\\/www.webdo.tn\\\/fr\\\/wp-content\\\/uploads\\\/2024\\\/04\\\/fb453ebb1bf72892c11e64b2ed048469.jpg\",\"width\":750,\"height\":400,\"caption\":\"Quatre Tunisiens \u00e9vacu\u00e9s de Ha\u00efti\"},{\"@type\":\"BreadcrumbList\",\"@id\":\"https:\\\/\\\/www.webdo.tn\\\/fr\\\/actualite\\\/international\\\/quatre-tunisiens-evacues-de-haiti\\\/213496\\\/#breadcrumb\",\"itemListElement\":[{\"@type\":\"ListItem\",\"position\":1,\"name\":\"Accueil\",\"item\":\"https:\\\/\\\/www.webdo.tn\\\/fr\\\/\"},{\"@type\":\"ListItem\",\"position\":2,\"name\":\"Quatre Tunisiens \u00e9vacu\u00e9s de Ha\u00efti\"}]},{\"@type\":\"WebSite\",\"@id\":\"https:\\\/\\\/www.webdo.tn\\\/fr\\\/#website\",\"url\":\"https:\\\/\\\/www.webdo.tn\\\/fr\\\/\",\"name\":\"webdo\",\"description\":\"Tunisie - News en Tunisie et \u00e0 l&#039;international sur Webdo.tn\",\"publisher\":{\"@id\":\"https:\\\/\\\/www.webdo.tn\\\/fr\\\/#organization\"},\"potentialAction\":[{\"@type\":\"SearchAction\",\"target\":{\"@type\":\"EntryPoint\",\"urlTemplate\":\"https:\\\/\\\/www.webdo.tn\\\/fr\\\/?s={search_term_string}\"},\"query-input\":{\"@type\":\"PropertyValueSpecification\",\"valueRequired\":true,\"valueName\":\"search_term_string\"}}],\"inLanguage\":\"fr-FR\"},{\"@type\":\"Organization\",\"@id\":\"https:\\\/\\\/www.webdo.tn\\\/fr\\\/#organization\",\"name\":\"Webdo\",\"alternateName\":\"Webdo.tn\",\"url\":\"https:\\\/\\\/www.webdo.tn\\\/fr\\\/\",\"logo\":{\"@type\":\"ImageObject\",\"inLanguage\":\"fr-FR\",\"@id\":\"https:\\\/\\\/www.webdo.tn\\\/fr\\\/#\\\/schema\\\/logo\\\/image\\\/\",\"url\":\"https:\\\/\\\/www.webdo.tn\\\/fr\\\/wp-content\\\/uploads\\\/2025\\\/06\\\/Webdo-Tunisie_168377.jpg\",\"contentUrl\":\"https:\\\/\\\/www.webdo.tn\\\/fr\\\/wp-content\\\/uploads\\\/2025\\\/06\\\/Webdo-Tunisie_168377.jpg\",\"width\":301,\"height\":301,\"caption\":\"Webdo\"},\"image\":{\"@id\":\"https:\\\/\\\/www.webdo.tn\\\/fr\\\/#\\\/schema\\\/logo\\\/image\\\/\"},\"sameAs\":[\"https:\\\/\\\/www.facebook.com\\\/webdotn\",\"https:\\\/\\\/x.com\\\/webdo_tn\"],\"description\":\"Webdo est un m\u00e9dia num\u00e9rique tunisien fond\u00e9 en 2010, sp\u00e9cialis\u00e9 dans l\u2019actualit\u00e9 nationale et internationale, l\u2019\u00e9conomie, la soci\u00e9t\u00e9 et les analyses politiques. Le site s\u2019adresse \u00e0 un large public francophone et couvre l\u2019information tunisienne en temps r\u00e9el.\",\"email\":\"redac@webdo.tn\",\"legalName\":\"YNJ SARL\",\"foundingDate\":\"2010-09-06\",\"numberOfEmployees\":{\"@type\":\"QuantitativeValue\",\"minValue\":\"11\",\"maxValue\":\"50\"}},{\"@type\":\"Person\",\"@id\":\"https:\\\/\\\/www.webdo.tn\\\/fr\\\/#\\\/schema\\\/person\\\/f35b42a42c5e2511bbd282959d6385cc\",\"name\":\"CL\",\"image\":{\"@type\":\"ImageObject\",\"inLanguage\":\"fr-FR\",\"@id\":\"https:\\\/\\\/secure.gravatar.com\\\/avatar\\\/1447a49909b67aa657c488aec6512e1dd6143a480c1ecfee9b5b5cd74eb3b59e?s=96&d=mm&r=g\",\"url\":\"https:\\\/\\\/secure.gravatar.com\\\/avatar\\\/1447a49909b67aa657c488aec6512e1dd6143a480c1ecfee9b5b5cd74eb3b59e?s=96&d=mm&r=g\",\"contentUrl\":\"https:\\\/\\\/secure.gravatar.com\\\/avatar\\\/1447a49909b67aa657c488aec6512e1dd6143a480c1ecfee9b5b5cd74eb3b59e?s=96&d=mm&r=g\",\"caption\":\"CL\"},\"url\":\"https:\\\/\\\/www.webdo.tn\\\/fr\\\/actualite\\\/author\\\/cl\\\/\"}]}<\/script>\n<!-- \/ Yoast SEO Premium plugin. -->","yoast_head_json":{"title":"Quatre Tunisiens \u00e9vacu\u00e9s de Ha\u00efti","description":"\u00ab Gr\u00e2ce aux efforts continus de notre mission diplomatique \u00e0 Ottawa, le 7 avril 2024, dans une premi\u00e8re \u00e9tape, le citoyen tunisien a \u00e9t\u00e9 \u00e9vacu\u00e9 \u00e0 bord d'un h\u00e9li...","canonical":"https:\/\/www.webdo.tn\/fr\/actualite\/international\/quatre-tunisiens-evacues-de-haiti\/213496\/","og_locale":"fr_FR","og_type":"article","og_title":"Quatre Tunisiens \u00e9vacu\u00e9s de Ha\u00efti","og_description":"\u00ab Gr\u00e2ce aux efforts continus de notre mission diplomatique \u00e0 Ottawa, le 7 avril 2024, dans une premi\u00e8re \u00e9tape, le citoyen tunisien a \u00e9t\u00e9 \u00e9vacu\u00e9 \u00e0 bord d'un h\u00e9li...","og_url":"https:\/\/www.webdo.tn\/fr\/actualite\/international\/quatre-tunisiens-evacues-de-haiti\/213496\/","og_site_name":"webdo","article_publisher":"https:\/\/www.facebook.com\/webdotn","article_published_time":"2024-04-12T08:30:00+00:00","article_modified_time":"2025-05-20T22:53:39+00:00","og_image":[{"width":750,"height":400,"url":"https:\/\/www.webdo.tn\/fr\/wp-content\/uploads\/2024\/04\/fb453ebb1bf72892c11e64b2ed048469.jpg","type":"image\/jpeg"}],"author":"CL","twitter_card":"summary_large_image","twitter_creator":"@webdo_tn","twitter_site":"@webdo_tn","twitter_misc":{"\u00c9crit par":"CL","Dur\u00e9e de lecture estim\u00e9e":"2 minutes"},"schema":{"@context":"https:\/\/schema.org","@graph":[{"@type":"NewsArticle","@id":"https:\/\/www.webdo.tn\/fr\/actualite\/international\/quatre-tunisiens-evacues-de-haiti\/213496\/#article","isPartOf":{"@id":"https:\/\/www.webdo.tn\/fr\/actualite\/international\/quatre-tunisiens-evacues-de-haiti\/213496\/"},"author":{"name":"CL","@id":"https:\/\/www.webdo.tn\/fr\/#\/schema\/person\/f35b42a42c5e2511bbd282959d6385cc"},"headline":"Quatre Tunisiens \u00e9vacu\u00e9s de Ha\u00efti","datePublished":"2024-04-12T08:30:00+00:00","dateModified":"2025-05-20T22:53:39+00:00","mainEntityOfPage":{"@id":"https:\/\/www.webdo.tn\/fr\/actualite\/international\/quatre-tunisiens-evacues-de-haiti\/213496\/"},"wordCount":361,"commentCount":0,"publisher":{"@id":"https:\/\/www.webdo.tn\/fr\/#organization"},"image":{"@id":"https:\/\/www.webdo.tn\/fr\/actualite\/international\/quatre-tunisiens-evacues-de-haiti\/213496\/#primaryimage"},"thumbnailUrl":"https:\/\/www.webdo.tn\/fr\/wp-content\/uploads\/2024\/04\/fb453ebb1bf72892c11e64b2ed048469.jpg","keywords":["'Ha\u00efti']","\u00e9vacuation","s\u00e9curit\u00e9","Tunisiens"],"articleSection":["International"],"inLanguage":"fr-FR"},{"@type":"WebPage","@id":"https:\/\/www.webdo.tn\/fr\/actualite\/international\/quatre-tunisiens-evacues-de-haiti\/213496\/","url":"https:\/\/www.webdo.tn\/fr\/actualite\/international\/quatre-tunisiens-evacues-de-haiti\/213496\/","name":"Quatre Tunisiens \u00e9vacu\u00e9s de Ha\u00efti","isPartOf":{"@id":"https:\/\/www.webdo.tn\/fr\/#website"},"primaryImageOfPage":{"@id":"https:\/\/www.webdo.tn\/fr\/actualite\/international\/quatre-tunisiens-evacues-de-haiti\/213496\/#primaryimage"},"image":{"@id":"https:\/\/www.webdo.tn\/fr\/actualite\/international\/quatre-tunisiens-evacues-de-haiti\/213496\/#primaryimage"},"thumbnailUrl":"https:\/\/www.webdo.tn\/fr\/wp-content\/uploads\/2024\/04\/fb453ebb1bf72892c11e64b2ed048469.jpg","datePublished":"2024-04-12T08:30:00+00:00","dateModified":"2025-05-20T22:53:39+00:00","description":"\u00ab Gr\u00e2ce aux efforts continus de notre mission diplomatique \u00e0 Ottawa, le 7 avril 2024, dans une premi\u00e8re \u00e9tape, le citoyen tunisien a \u00e9t\u00e9 \u00e9vacu\u00e9 \u00e0 bord d'un h\u00e9li...","breadcrumb":{"@id":"https:\/\/www.webdo.tn\/fr\/actualite\/international\/quatre-tunisiens-evacues-de-haiti\/213496\/#breadcrumb"},"inLanguage":"fr-FR","potentialAction":[{"@type":"ReadAction","target":["https:\/\/www.webdo.tn\/fr\/actualite\/international\/quatre-tunisiens-evacues-de-haiti\/213496\/"]}]},{"@type":"ImageObject","inLanguage":"fr-FR","@id":"https:\/\/www.webdo.tn\/fr\/actualite\/international\/quatre-tunisiens-evacues-de-haiti\/213496\/#primaryimage","url":"https:\/\/www.webdo.tn\/fr\/wp-content\/uploads\/2024\/04\/fb453ebb1bf72892c11e64b2ed048469.jpg","contentUrl":"https:\/\/www.webdo.tn\/fr\/wp-content\/uploads\/2024\/04\/fb453ebb1bf72892c11e64b2ed048469.jpg","width":750,"height":400,"caption":"Quatre Tunisiens \u00e9vacu\u00e9s de Ha\u00efti"},{"@type":"BreadcrumbList","@id":"https:\/\/www.webdo.tn\/fr\/actualite\/international\/quatre-tunisiens-evacues-de-haiti\/213496\/#breadcrumb","itemListElement":[{"@type":"ListItem","position":1,"name":"Accueil","item":"https:\/\/www.webdo.tn\/fr\/"},{"@type":"ListItem","position":2,"name":"Quatre Tunisiens \u00e9vacu\u00e9s de Ha\u00efti"}]},{"@type":"WebSite","@id":"https:\/\/www.webdo.tn\/fr\/#website","url":"https:\/\/www.webdo.tn\/fr\/","name":"webdo","description":"Tunisie - News en Tunisie et \u00e0 l&#039;international sur Webdo.tn","publisher":{"@id":"https:\/\/www.webdo.tn\/fr\/#organization"},"potentialAction":[{"@type":"SearchAction","target":{"@type":"EntryPoint","urlTemplate":"https:\/\/www.webdo.tn\/fr\/?s={search_term_string}"},"query-input":{"@type":"PropertyValueSpecification","valueRequired":true,"valueName":"search_term_string"}}],"inLanguage":"fr-FR"},{"@type":"Organization","@id":"https:\/\/www.webdo.tn\/fr\/#organization","name":"Webdo","alternateName":"Webdo.tn","url":"https:\/\/www.webdo.tn\/fr\/","logo":{"@type":"ImageObject","inLanguage":"fr-FR","@id":"https:\/\/www.webdo.tn\/fr\/#\/schema\/logo\/image\/","url":"https:\/\/www.webdo.tn\/fr\/wp-content\/uploads\/2025\/06\/Webdo-Tunisie_168377.jpg","contentUrl":"https:\/\/www.webdo.tn\/fr\/wp-content\/uploads\/2025\/06\/Webdo-Tunisie_168377.jpg","width":301,"height":301,"caption":"Webdo"},"image":{"@id":"https:\/\/www.webdo.tn\/fr\/#\/schema\/logo\/image\/"},"sameAs":["https:\/\/www.facebook.com\/webdotn","https:\/\/x.com\/webdo_tn"],"description":"Webdo est un m\u00e9dia num\u00e9rique tunisien fond\u00e9 en 2010, sp\u00e9cialis\u00e9 dans l\u2019actualit\u00e9 nationale et internationale, l\u2019\u00e9conomie, la soci\u00e9t\u00e9 et les analyses politiques. Le site s\u2019adresse \u00e0 un large public francophone et couvre l\u2019information tunisienne en temps r\u00e9el.","email":"redac@webdo.tn","legalName":"YNJ SARL","foundingDate":"2010-09-06","numberOfEmployees":{"@type":"QuantitativeValue","minValue":"11","maxValue":"50"}},{"@type":"Person","@id":"https:\/\/www.webdo.tn\/fr\/#\/schema\/person\/f35b42a42c5e2511bbd282959d6385cc","name":"CL","image":{"@type":"ImageObject","inLanguage":"fr-FR","@id":"https:\/\/secure.gravatar.com\/avatar\/1447a49909b67aa657c488aec6512e1dd6143a480c1ecfee9b5b5cd74eb3b59e?s=96&d=mm&r=g","url":"https:\/\/secure.gravatar.com\/avatar\/1447a49909b67aa657c488aec6512e1dd6143a480c1ecfee9b5b5cd74eb3b59e?s=96&d=mm&r=g","contentUrl":"https:\/\/secure.gravatar.com\/avatar\/1447a49909b67aa657c488aec6512e1dd6143a480c1ecfee9b5b5cd74eb3b59e?s=96&d=mm&r=g","caption":"CL"},"url":"https:\/\/www.webdo.tn\/fr\/actualite\/author\/cl\/"}]}},"_links":{"self":[{"href":"https:\/\/www.webdo.tn\/fr\/wp-json\/wp\/v2\/posts\/213496","targetHints":{"allow":["GET"]}}],"collection":[{"href":"https:\/\/www.webdo.tn\/fr\/wp-json\/wp\/v2\/posts"}],"about":[{"href":"https:\/\/www.webdo.tn\/fr\/wp-json\/wp\/v2\/types\/post"}],"author":[{"embeddable":true,"href":"https:\/\/www.webdo.tn\/fr\/wp-json\/wp\/v2\/users\/3175"}],"replies":[{"embeddable":true,"href":"https:\/\/www.webdo.tn\/fr\/wp-json\/wp\/v2\/comments?post=213496"}],"version-history":[{"count":0,"href":"https:\/\/www.webdo.tn\/fr\/wp-json\/wp\/v2\/posts\/213496\/revisions"}],"wp:featuredmedia":[{"embeddable":true,"href":"https:\/\/www.webdo.tn\/fr\/wp-json\/wp\/v2\/media\/290471"}],"wp:attachment":[{"href":"https:\/\/www.webdo.tn\/fr\/wp-json\/wp\/v2\/media?parent=213496"}],"wp:term":[{"taxonomy":"category","embeddable":true,"href":"https:\/\/www.webdo.tn\/fr\/wp-json\/wp\/v2\/categories?post=213496"},{"taxonomy":"post_tag","embeddable":true,"href":"https:\/\/www.webdo.tn\/fr\/wp-json\/wp\/v2\/tags?post=213496"}],"curies":[{"name":"wp","href":"https:\/\/api.w.org\/{rel}","templated":true}]}}