{"id":213494,"date":"2024-04-12T07:46:00","date_gmt":"2024-04-12T07:46:00","guid":{"rendered":"https:\/\/www.webdo.tn\/fr\/blog\/libye-tension-et-affrontements-armes-a-tripoli\/213494\/"},"modified":"2025-05-20T22:53:38","modified_gmt":"2025-05-20T22:53:38","slug":"libye-tension-et-affrontements-armes-a-tripoli","status":"publish","type":"post","link":"https:\/\/www.webdo.tn\/fr\/actualite\/international\/libye-tension-et-affrontements-armes-a-tripoli\/213494\/","title":{"rendered":"Libye : Tension et affrontements arm\u00e9s \u00e0 Tripoli"},"content":{"rendered":"<p>La capitale libyenne Tripoli replonge dans le chaos. Des affrontements arm\u00e9s ont eu lieu, hier jeudi deuxi\u00e8me jour de l\u2019a\u00efd.\u00a0<\/p>\n<p>Selon le site \u00ab\u00a0Libyaakhbar\u00a0\u00bb, le parc d&rsquo;attractions sur la rue Omar Mokhtar a \u00e9t\u00e9 \u00e9vacu\u00e9 suite \u00e0 un \u00e9change de tris entre forces rivales.\u00a0<\/p>\n<p>Dans ce contexte tendu, les citoyens ont \u00e9t\u00e9 appel\u00e9s \u00e0 \u00e9viter les zones de tension et \u00e0 ne sortir que pour des raisons n\u00e9cessaires.\u00a0<\/p>\n<p>\u00ab Des vid\u00e9os montrent des citoyens en \u00e9tat de panique dans le parc d&rsquo;attractions au centre de Tripoli, apr\u00e8s le d\u00e9clenchement des affrontements avant son \u00e9vacuation \u00bb, rapporte la m\u00eame source.\u00a0<\/p>\n<p>Les tensions persistent en Libye entre groupes arm\u00e9s. Pourtant, les protagonistes libyens ont tent\u00e9 de reprendre langue pour une possible r\u00e9unification du pays, scind\u00e9 entre deux gouvernements qui se disputent la l\u00e9gitimit\u00e9.<\/p>\n","protected":false},"excerpt":{"rendered":"<p>Selon le site  Libyaakhbar , le parc d&rsquo;attractions sur la rue Omar Mokhtar a \u00e9t\u00e9 \u00e9vacu\u00e9 suite \u00e0 un \u00e9change de tris entre forces rivales.<\/p>\n","protected":false},"author":3175,"featured_media":290468,"comment_status":"open","ping_status":"closed","sticky":false,"template":"","format":"standard","meta":{"footnotes":""},"categories":[2598],"tags":[3496,3279,3860],"class_list":["post-213494","post","type-post","status-publish","format-standard","has-post-thumbnail","hentry","category-international","tag-affrontements","tag-libye","tag-tension"],"yoast_head":"<!-- This site is optimized with the Yoast SEO Premium plugin v27.4 (Yoast SEO v27.4) - https:\/\/yoast.com\/product\/yoast-seo-premium-wordpress\/ -->\n<title>Libye : Tension et affrontements arm\u00e9s \u00e0 Tripoli<\/title>\n<meta name=\"description\" content=\"Selon le site Libyaakhbar , le parc d&#039;attractions sur la rue Omar Mokhtar a \u00e9t\u00e9 \u00e9vacu\u00e9 suite \u00e0 un \u00e9change de tris entre forces rivales.\" \/>\n<link rel=\"canonical\" href=\"https:\/\/www.webdo.tn\/fr\/actualite\/international\/libye-tension-et-affrontements-armes-a-tripoli\/213494\/\" \/>\n<meta property=\"og:locale\" content=\"fr_FR\" \/>\n<meta property=\"og:type\" content=\"article\" \/>\n<meta property=\"og:title\" content=\"Libye : Tension et affrontements arm\u00e9s \u00e0 Tripoli\" \/>\n<meta property=\"og:description\" content=\"Selon le site Libyaakhbar , le parc d&#039;attractions sur la rue Omar Mokhtar a \u00e9t\u00e9 \u00e9vacu\u00e9 suite \u00e0 un \u00e9change de tris entre forces rivales.\" \/>\n<meta property=\"og:url\" content=\"https:\/\/www.webdo.tn\/fr\/actualite\/international\/libye-tension-et-affrontements-armes-a-tripoli\/213494\/\" \/>\n<meta property=\"og:site_name\" content=\"webdo\" \/>\n<meta property=\"article:publisher\" content=\"https:\/\/www.facebook.com\/webdotn\" \/>\n<meta property=\"article:published_time\" content=\"2024-04-12T07:46:00+00:00\" \/>\n<meta property=\"article:modified_time\" content=\"2025-05-20T22:53:38+00:00\" \/>\n<meta property=\"og:image\" content=\"https:\/\/www.webdo.tn\/fr\/wp-content\/uploads\/2024\/04\/71da2202cc54fa2b9fa9ad83fbcebaf8.jpg\" \/>\n\t<meta property=\"og:image:width\" content=\"637\" \/>\n\t<meta property=\"og:image:height\" content=\"340\" \/>\n\t<meta property=\"og:image:type\" content=\"image\/jpeg\" \/>\n<meta name=\"author\" content=\"CL\" \/>\n<meta name=\"twitter:card\" content=\"summary_large_image\" \/>\n<meta name=\"twitter:creator\" content=\"@webdo_tn\" \/>\n<meta name=\"twitter:site\" content=\"@webdo_tn\" \/>\n<meta name=\"twitter:label1\" content=\"\u00c9crit par\" \/>\n\t<meta name=\"twitter:data1\" content=\"CL\" \/>\n\t<meta name=\"twitter:label2\" content=\"Dur\u00e9e de lecture estim\u00e9e\" \/>\n\t<meta name=\"twitter:data2\" content=\"1 minute\" \/>\n<script type=\"application\/ld+json\" class=\"yoast-schema-graph\">{\"@context\":\"https:\\\/\\\/schema.org\",\"@graph\":[{\"@type\":\"NewsArticle\",\"@id\":\"https:\\\/\\\/www.webdo.tn\\\/fr\\\/actualite\\\/international\\\/libye-tension-et-affrontements-armes-a-tripoli\\\/213494\\\/#article\",\"isPartOf\":{\"@id\":\"https:\\\/\\\/www.webdo.tn\\\/fr\\\/actualite\\\/international\\\/libye-tension-et-affrontements-armes-a-tripoli\\\/213494\\\/\"},\"author\":{\"name\":\"CL\",\"@id\":\"https:\\\/\\\/www.webdo.tn\\\/fr\\\/#\\\/schema\\\/person\\\/f35b42a42c5e2511bbd282959d6385cc\"},\"headline\":\"Libye : Tension et affrontements arm\u00e9s \u00e0 Tripoli\",\"datePublished\":\"2024-04-12T07:46:00+00:00\",\"dateModified\":\"2025-05-20T22:53:38+00:00\",\"mainEntityOfPage\":{\"@id\":\"https:\\\/\\\/www.webdo.tn\\\/fr\\\/actualite\\\/international\\\/libye-tension-et-affrontements-armes-a-tripoli\\\/213494\\\/\"},\"wordCount\":148,\"commentCount\":0,\"publisher\":{\"@id\":\"https:\\\/\\\/www.webdo.tn\\\/fr\\\/#organization\"},\"image\":{\"@id\":\"https:\\\/\\\/www.webdo.tn\\\/fr\\\/actualite\\\/international\\\/libye-tension-et-affrontements-armes-a-tripoli\\\/213494\\\/#primaryimage\"},\"thumbnailUrl\":\"https:\\\/\\\/www.webdo.tn\\\/fr\\\/wp-content\\\/uploads\\\/2024\\\/04\\\/71da2202cc54fa2b9fa9ad83fbcebaf8.jpg\",\"keywords\":[\"Affrontements\",\"Libye\",\"tension\"],\"articleSection\":[\"International\"],\"inLanguage\":\"fr-FR\"},{\"@type\":\"WebPage\",\"@id\":\"https:\\\/\\\/www.webdo.tn\\\/fr\\\/actualite\\\/international\\\/libye-tension-et-affrontements-armes-a-tripoli\\\/213494\\\/\",\"url\":\"https:\\\/\\\/www.webdo.tn\\\/fr\\\/actualite\\\/international\\\/libye-tension-et-affrontements-armes-a-tripoli\\\/213494\\\/\",\"name\":\"Libye : Tension et affrontements arm\u00e9s \u00e0 Tripoli\",\"isPartOf\":{\"@id\":\"https:\\\/\\\/www.webdo.tn\\\/fr\\\/#website\"},\"primaryImageOfPage\":{\"@id\":\"https:\\\/\\\/www.webdo.tn\\\/fr\\\/actualite\\\/international\\\/libye-tension-et-affrontements-armes-a-tripoli\\\/213494\\\/#primaryimage\"},\"image\":{\"@id\":\"https:\\\/\\\/www.webdo.tn\\\/fr\\\/actualite\\\/international\\\/libye-tension-et-affrontements-armes-a-tripoli\\\/213494\\\/#primaryimage\"},\"thumbnailUrl\":\"https:\\\/\\\/www.webdo.tn\\\/fr\\\/wp-content\\\/uploads\\\/2024\\\/04\\\/71da2202cc54fa2b9fa9ad83fbcebaf8.jpg\",\"datePublished\":\"2024-04-12T07:46:00+00:00\",\"dateModified\":\"2025-05-20T22:53:38+00:00\",\"description\":\"Selon le site Libyaakhbar , le parc d'attractions sur la rue Omar Mokhtar a \u00e9t\u00e9 \u00e9vacu\u00e9 suite \u00e0 un \u00e9change de tris entre forces rivales.\",\"breadcrumb\":{\"@id\":\"https:\\\/\\\/www.webdo.tn\\\/fr\\\/actualite\\\/international\\\/libye-tension-et-affrontements-armes-a-tripoli\\\/213494\\\/#breadcrumb\"},\"inLanguage\":\"fr-FR\",\"potentialAction\":[{\"@type\":\"ReadAction\",\"target\":[\"https:\\\/\\\/www.webdo.tn\\\/fr\\\/actualite\\\/international\\\/libye-tension-et-affrontements-armes-a-tripoli\\\/213494\\\/\"]}]},{\"@type\":\"ImageObject\",\"inLanguage\":\"fr-FR\",\"@id\":\"https:\\\/\\\/www.webdo.tn\\\/fr\\\/actualite\\\/international\\\/libye-tension-et-affrontements-armes-a-tripoli\\\/213494\\\/#primaryimage\",\"url\":\"https:\\\/\\\/www.webdo.tn\\\/fr\\\/wp-content\\\/uploads\\\/2024\\\/04\\\/71da2202cc54fa2b9fa9ad83fbcebaf8.jpg\",\"contentUrl\":\"https:\\\/\\\/www.webdo.tn\\\/fr\\\/wp-content\\\/uploads\\\/2024\\\/04\\\/71da2202cc54fa2b9fa9ad83fbcebaf8.jpg\",\"width\":637,\"height\":340,\"caption\":\"Libye : Tension et affrontements arm\u00e9s \u00e0 Tripoli\"},{\"@type\":\"BreadcrumbList\",\"@id\":\"https:\\\/\\\/www.webdo.tn\\\/fr\\\/actualite\\\/international\\\/libye-tension-et-affrontements-armes-a-tripoli\\\/213494\\\/#breadcrumb\",\"itemListElement\":[{\"@type\":\"ListItem\",\"position\":1,\"name\":\"Accueil\",\"item\":\"https:\\\/\\\/www.webdo.tn\\\/fr\\\/\"},{\"@type\":\"ListItem\",\"position\":2,\"name\":\"Libye : Tension et affrontements arm\u00e9s \u00e0 Tripoli\"}]},{\"@type\":\"WebSite\",\"@id\":\"https:\\\/\\\/www.webdo.tn\\\/fr\\\/#website\",\"url\":\"https:\\\/\\\/www.webdo.tn\\\/fr\\\/\",\"name\":\"webdo\",\"description\":\"Tunisie - News en Tunisie et \u00e0 l&#039;international sur Webdo.tn\",\"publisher\":{\"@id\":\"https:\\\/\\\/www.webdo.tn\\\/fr\\\/#organization\"},\"potentialAction\":[{\"@type\":\"SearchAction\",\"target\":{\"@type\":\"EntryPoint\",\"urlTemplate\":\"https:\\\/\\\/www.webdo.tn\\\/fr\\\/?s={search_term_string}\"},\"query-input\":{\"@type\":\"PropertyValueSpecification\",\"valueRequired\":true,\"valueName\":\"search_term_string\"}}],\"inLanguage\":\"fr-FR\"},{\"@type\":\"Organization\",\"@id\":\"https:\\\/\\\/www.webdo.tn\\\/fr\\\/#organization\",\"name\":\"Webdo\",\"alternateName\":\"Webdo.tn\",\"url\":\"https:\\\/\\\/www.webdo.tn\\\/fr\\\/\",\"logo\":{\"@type\":\"ImageObject\",\"inLanguage\":\"fr-FR\",\"@id\":\"https:\\\/\\\/www.webdo.tn\\\/fr\\\/#\\\/schema\\\/logo\\\/image\\\/\",\"url\":\"https:\\\/\\\/www.webdo.tn\\\/fr\\\/wp-content\\\/uploads\\\/2025\\\/06\\\/Webdo-Tunisie_168377.jpg\",\"contentUrl\":\"https:\\\/\\\/www.webdo.tn\\\/fr\\\/wp-content\\\/uploads\\\/2025\\\/06\\\/Webdo-Tunisie_168377.jpg\",\"width\":301,\"height\":301,\"caption\":\"Webdo\"},\"image\":{\"@id\":\"https:\\\/\\\/www.webdo.tn\\\/fr\\\/#\\\/schema\\\/logo\\\/image\\\/\"},\"sameAs\":[\"https:\\\/\\\/www.facebook.com\\\/webdotn\",\"https:\\\/\\\/x.com\\\/webdo_tn\"],\"description\":\"Webdo est un m\u00e9dia num\u00e9rique tunisien fond\u00e9 en 2010, sp\u00e9cialis\u00e9 dans l\u2019actualit\u00e9 nationale et internationale, l\u2019\u00e9conomie, la soci\u00e9t\u00e9 et les analyses politiques. Le site s\u2019adresse \u00e0 un large public francophone et couvre l\u2019information tunisienne en temps r\u00e9el.\",\"email\":\"redac@webdo.tn\",\"legalName\":\"YNJ SARL\",\"foundingDate\":\"2010-09-06\",\"numberOfEmployees\":{\"@type\":\"QuantitativeValue\",\"minValue\":\"11\",\"maxValue\":\"50\"}},{\"@type\":\"Person\",\"@id\":\"https:\\\/\\\/www.webdo.tn\\\/fr\\\/#\\\/schema\\\/person\\\/f35b42a42c5e2511bbd282959d6385cc\",\"name\":\"CL\",\"image\":{\"@type\":\"ImageObject\",\"inLanguage\":\"fr-FR\",\"@id\":\"https:\\\/\\\/secure.gravatar.com\\\/avatar\\\/1447a49909b67aa657c488aec6512e1dd6143a480c1ecfee9b5b5cd74eb3b59e?s=96&d=mm&r=g\",\"url\":\"https:\\\/\\\/secure.gravatar.com\\\/avatar\\\/1447a49909b67aa657c488aec6512e1dd6143a480c1ecfee9b5b5cd74eb3b59e?s=96&d=mm&r=g\",\"contentUrl\":\"https:\\\/\\\/secure.gravatar.com\\\/avatar\\\/1447a49909b67aa657c488aec6512e1dd6143a480c1ecfee9b5b5cd74eb3b59e?s=96&d=mm&r=g\",\"caption\":\"CL\"},\"url\":\"https:\\\/\\\/www.webdo.tn\\\/fr\\\/actualite\\\/author\\\/cl\\\/\"}]}<\/script>\n<!-- \/ Yoast SEO Premium plugin. -->","yoast_head_json":{"title":"Libye : Tension et affrontements arm\u00e9s \u00e0 Tripoli","description":"Selon le site Libyaakhbar , le parc d'attractions sur la rue Omar Mokhtar a \u00e9t\u00e9 \u00e9vacu\u00e9 suite \u00e0 un \u00e9change de tris entre forces rivales.","canonical":"https:\/\/www.webdo.tn\/fr\/actualite\/international\/libye-tension-et-affrontements-armes-a-tripoli\/213494\/","og_locale":"fr_FR","og_type":"article","og_title":"Libye : Tension et affrontements arm\u00e9s \u00e0 Tripoli","og_description":"Selon le site Libyaakhbar , le parc d'attractions sur la rue Omar Mokhtar a \u00e9t\u00e9 \u00e9vacu\u00e9 suite \u00e0 un \u00e9change de tris entre forces rivales.","og_url":"https:\/\/www.webdo.tn\/fr\/actualite\/international\/libye-tension-et-affrontements-armes-a-tripoli\/213494\/","og_site_name":"webdo","article_publisher":"https:\/\/www.facebook.com\/webdotn","article_published_time":"2024-04-12T07:46:00+00:00","article_modified_time":"2025-05-20T22:53:38+00:00","og_image":[{"width":637,"height":340,"url":"https:\/\/www.webdo.tn\/fr\/wp-content\/uploads\/2024\/04\/71da2202cc54fa2b9fa9ad83fbcebaf8.jpg","type":"image\/jpeg"}],"author":"CL","twitter_card":"summary_large_image","twitter_creator":"@webdo_tn","twitter_site":"@webdo_tn","twitter_misc":{"\u00c9crit par":"CL","Dur\u00e9e de lecture estim\u00e9e":"1 minute"},"schema":{"@context":"https:\/\/schema.org","@graph":[{"@type":"NewsArticle","@id":"https:\/\/www.webdo.tn\/fr\/actualite\/international\/libye-tension-et-affrontements-armes-a-tripoli\/213494\/#article","isPartOf":{"@id":"https:\/\/www.webdo.tn\/fr\/actualite\/international\/libye-tension-et-affrontements-armes-a-tripoli\/213494\/"},"author":{"name":"CL","@id":"https:\/\/www.webdo.tn\/fr\/#\/schema\/person\/f35b42a42c5e2511bbd282959d6385cc"},"headline":"Libye : Tension et affrontements arm\u00e9s \u00e0 Tripoli","datePublished":"2024-04-12T07:46:00+00:00","dateModified":"2025-05-20T22:53:38+00:00","mainEntityOfPage":{"@id":"https:\/\/www.webdo.tn\/fr\/actualite\/international\/libye-tension-et-affrontements-armes-a-tripoli\/213494\/"},"wordCount":148,"commentCount":0,"publisher":{"@id":"https:\/\/www.webdo.tn\/fr\/#organization"},"image":{"@id":"https:\/\/www.webdo.tn\/fr\/actualite\/international\/libye-tension-et-affrontements-armes-a-tripoli\/213494\/#primaryimage"},"thumbnailUrl":"https:\/\/www.webdo.tn\/fr\/wp-content\/uploads\/2024\/04\/71da2202cc54fa2b9fa9ad83fbcebaf8.jpg","keywords":["Affrontements","Libye","tension"],"articleSection":["International"],"inLanguage":"fr-FR"},{"@type":"WebPage","@id":"https:\/\/www.webdo.tn\/fr\/actualite\/international\/libye-tension-et-affrontements-armes-a-tripoli\/213494\/","url":"https:\/\/www.webdo.tn\/fr\/actualite\/international\/libye-tension-et-affrontements-armes-a-tripoli\/213494\/","name":"Libye : Tension et affrontements arm\u00e9s \u00e0 Tripoli","isPartOf":{"@id":"https:\/\/www.webdo.tn\/fr\/#website"},"primaryImageOfPage":{"@id":"https:\/\/www.webdo.tn\/fr\/actualite\/international\/libye-tension-et-affrontements-armes-a-tripoli\/213494\/#primaryimage"},"image":{"@id":"https:\/\/www.webdo.tn\/fr\/actualite\/international\/libye-tension-et-affrontements-armes-a-tripoli\/213494\/#primaryimage"},"thumbnailUrl":"https:\/\/www.webdo.tn\/fr\/wp-content\/uploads\/2024\/04\/71da2202cc54fa2b9fa9ad83fbcebaf8.jpg","datePublished":"2024-04-12T07:46:00+00:00","dateModified":"2025-05-20T22:53:38+00:00","description":"Selon le site Libyaakhbar , le parc d'attractions sur la rue Omar Mokhtar a \u00e9t\u00e9 \u00e9vacu\u00e9 suite \u00e0 un \u00e9change de tris entre forces rivales.","breadcrumb":{"@id":"https:\/\/www.webdo.tn\/fr\/actualite\/international\/libye-tension-et-affrontements-armes-a-tripoli\/213494\/#breadcrumb"},"inLanguage":"fr-FR","potentialAction":[{"@type":"ReadAction","target":["https:\/\/www.webdo.tn\/fr\/actualite\/international\/libye-tension-et-affrontements-armes-a-tripoli\/213494\/"]}]},{"@type":"ImageObject","inLanguage":"fr-FR","@id":"https:\/\/www.webdo.tn\/fr\/actualite\/international\/libye-tension-et-affrontements-armes-a-tripoli\/213494\/#primaryimage","url":"https:\/\/www.webdo.tn\/fr\/wp-content\/uploads\/2024\/04\/71da2202cc54fa2b9fa9ad83fbcebaf8.jpg","contentUrl":"https:\/\/www.webdo.tn\/fr\/wp-content\/uploads\/2024\/04\/71da2202cc54fa2b9fa9ad83fbcebaf8.jpg","width":637,"height":340,"caption":"Libye : Tension et affrontements arm\u00e9s \u00e0 Tripoli"},{"@type":"BreadcrumbList","@id":"https:\/\/www.webdo.tn\/fr\/actualite\/international\/libye-tension-et-affrontements-armes-a-tripoli\/213494\/#breadcrumb","itemListElement":[{"@type":"ListItem","position":1,"name":"Accueil","item":"https:\/\/www.webdo.tn\/fr\/"},{"@type":"ListItem","position":2,"name":"Libye : Tension et affrontements arm\u00e9s \u00e0 Tripoli"}]},{"@type":"WebSite","@id":"https:\/\/www.webdo.tn\/fr\/#website","url":"https:\/\/www.webdo.tn\/fr\/","name":"webdo","description":"Tunisie - News en Tunisie et \u00e0 l&#039;international sur Webdo.tn","publisher":{"@id":"https:\/\/www.webdo.tn\/fr\/#organization"},"potentialAction":[{"@type":"SearchAction","target":{"@type":"EntryPoint","urlTemplate":"https:\/\/www.webdo.tn\/fr\/?s={search_term_string}"},"query-input":{"@type":"PropertyValueSpecification","valueRequired":true,"valueName":"search_term_string"}}],"inLanguage":"fr-FR"},{"@type":"Organization","@id":"https:\/\/www.webdo.tn\/fr\/#organization","name":"Webdo","alternateName":"Webdo.tn","url":"https:\/\/www.webdo.tn\/fr\/","logo":{"@type":"ImageObject","inLanguage":"fr-FR","@id":"https:\/\/www.webdo.tn\/fr\/#\/schema\/logo\/image\/","url":"https:\/\/www.webdo.tn\/fr\/wp-content\/uploads\/2025\/06\/Webdo-Tunisie_168377.jpg","contentUrl":"https:\/\/www.webdo.tn\/fr\/wp-content\/uploads\/2025\/06\/Webdo-Tunisie_168377.jpg","width":301,"height":301,"caption":"Webdo"},"image":{"@id":"https:\/\/www.webdo.tn\/fr\/#\/schema\/logo\/image\/"},"sameAs":["https:\/\/www.facebook.com\/webdotn","https:\/\/x.com\/webdo_tn"],"description":"Webdo est un m\u00e9dia num\u00e9rique tunisien fond\u00e9 en 2010, sp\u00e9cialis\u00e9 dans l\u2019actualit\u00e9 nationale et internationale, l\u2019\u00e9conomie, la soci\u00e9t\u00e9 et les analyses politiques. Le site s\u2019adresse \u00e0 un large public francophone et couvre l\u2019information tunisienne en temps r\u00e9el.","email":"redac@webdo.tn","legalName":"YNJ SARL","foundingDate":"2010-09-06","numberOfEmployees":{"@type":"QuantitativeValue","minValue":"11","maxValue":"50"}},{"@type":"Person","@id":"https:\/\/www.webdo.tn\/fr\/#\/schema\/person\/f35b42a42c5e2511bbd282959d6385cc","name":"CL","image":{"@type":"ImageObject","inLanguage":"fr-FR","@id":"https:\/\/secure.gravatar.com\/avatar\/1447a49909b67aa657c488aec6512e1dd6143a480c1ecfee9b5b5cd74eb3b59e?s=96&d=mm&r=g","url":"https:\/\/secure.gravatar.com\/avatar\/1447a49909b67aa657c488aec6512e1dd6143a480c1ecfee9b5b5cd74eb3b59e?s=96&d=mm&r=g","contentUrl":"https:\/\/secure.gravatar.com\/avatar\/1447a49909b67aa657c488aec6512e1dd6143a480c1ecfee9b5b5cd74eb3b59e?s=96&d=mm&r=g","caption":"CL"},"url":"https:\/\/www.webdo.tn\/fr\/actualite\/author\/cl\/"}]}},"_links":{"self":[{"href":"https:\/\/www.webdo.tn\/fr\/wp-json\/wp\/v2\/posts\/213494","targetHints":{"allow":["GET"]}}],"collection":[{"href":"https:\/\/www.webdo.tn\/fr\/wp-json\/wp\/v2\/posts"}],"about":[{"href":"https:\/\/www.webdo.tn\/fr\/wp-json\/wp\/v2\/types\/post"}],"author":[{"embeddable":true,"href":"https:\/\/www.webdo.tn\/fr\/wp-json\/wp\/v2\/users\/3175"}],"replies":[{"embeddable":true,"href":"https:\/\/www.webdo.tn\/fr\/wp-json\/wp\/v2\/comments?post=213494"}],"version-history":[{"count":0,"href":"https:\/\/www.webdo.tn\/fr\/wp-json\/wp\/v2\/posts\/213494\/revisions"}],"wp:featuredmedia":[{"embeddable":true,"href":"https:\/\/www.webdo.tn\/fr\/wp-json\/wp\/v2\/media\/290468"}],"wp:attachment":[{"href":"https:\/\/www.webdo.tn\/fr\/wp-json\/wp\/v2\/media?parent=213494"}],"wp:term":[{"taxonomy":"category","embeddable":true,"href":"https:\/\/www.webdo.tn\/fr\/wp-json\/wp\/v2\/categories?post=213494"},{"taxonomy":"post_tag","embeddable":true,"href":"https:\/\/www.webdo.tn\/fr\/wp-json\/wp\/v2\/tags?post=213494"}],"curies":[{"name":"wp","href":"https:\/\/api.w.org\/{rel}","templated":true}]}}